{"id":8222,"date":"2022-03-01T11:06:00","date_gmt":"2022-03-01T10:06:00","guid":{"rendered":"https:\/\/www.hoecker.eu\/blog\/deutscher-unternehmer-geht-mit-hoecker-erfolgreich-gegen-us-amerikanische-und-spanische-medien-vor\/"},"modified":"2025-02-17T14:54:16","modified_gmt":"2025-02-17T13:54:16","slug":"deutscher-unternehmer-geht-mit-hoecker-erfolgreich-gegen-us-amerikanische-und-spanische-medien-vor","status":"publish","type":"post","link":"https:\/\/www.hoecker.eu\/blog\/deutscher-unternehmer-geht-mit-hoecker-erfolgreich-gegen-us-amerikanische-und-spanische-medien-vor\/","title":{"rendered":"Deutscher Unternehmer geht mit H\u00d6CKER erfolgreich gegen US-amerikanische und spanische Medien vor"},"content":{"rendered":"<p>Der Partner, CEO und Co-Founder mehrerer international agierender Unternehmen sah sich zuletzt vermehrt rechtswidriger Berichterstattung ausgesetzt. Anlass daf\u00fcr ist ein im Ausland gegen ihn gef\u00fchrtes Strafverfahren.<\/p>\n<p>Die Medien nannten den Vor- und Zunamen des Unternehmers sowie die Namen der Unternehmen, in denen er etwa als Partner, Vorstandsmitglied oder Investor t\u00e4tig ist, und ver\u00f6ffentlichten Fotos von ihm. Sie unterlie\u00dfen es, den Unternehmer zuvor anzuh\u00f6ren, und gaben ihm somit keine M\u00f6glichkeit, zu den Vorw\u00fcrfen Stellung zu nehmen. Zudem verschwiegen sie, dass das Strafverfahren noch gar nicht abgeschlossen ist. Die Berichterstattungen fielen daher allesamt einseitig zu Lasten des Unternehmers aus. Mit diesen unausgewogenen, identifizierenden Berichterstattungen stellten die Medien den Unternehmer rechtswidrig an den Pranger, was wiederum eine erhebliche Stigmatisierung nach sich zog.<\/p>\n<p>In einigen F\u00e4llen konnten au\u00dfergerichtliche Einigungen mit den berichtenden Medien erzielt werden, die zur L\u00f6schung der rechtswidrigen Berichterstattungen f\u00fchrten. Andere Medien zeigten sich weniger einsichtig, sodass der Gerichtsweg zu beschreiten war. In diesen F\u00e4llen hat das LG K\u00f6ln nun die Verbreitung der Berichterstattungen antragsgem\u00e4\u00df verboten (Beschl. v. 24.11.2021, Az. 28 O 392\/21, n. rkr.; Beschl. v. 16.11.2021, Az. 28 O 374\/21, n. rkr.; Beschl. v. 11.11.2021, Az. 28 O 373\/21, n. rkr.). Auch bez\u00fcglich einer \u00fcberarbeiteten Berichterstattung, in der lediglich die Initialen des Unternehmers genannt worden waren, hat das LG K\u00f6ln nun antragsgem\u00e4\u00df deren Verbreitung verboten, da der Unternehmer weiterhin f\u00fcr eine Vielzahl von Personen erkennbar im Sinne der h\u00f6chstrichterlichen Rechtsprechung war (Beschl. v. 24.11.2021, Az. 28 O 392\/21, n. rkr.).<\/p>\n<p>RA Christoph Jarno Burghoff: \u201e<em>Auch Auslandsmedien haben sich unter bestimmten Voraussetzungen an die Vorgaben des deutschen Presserechts zu halten. Unser Mandant muss daher die ihn belastenden Berichterstattungen US-amerikanischer und spanischer Medien nicht dulden. Wir sind f\u00fcr ihn erfolgreich gegen diese vorgegangen, werden dies auch weiterhin tun und dabei alle M\u00f6glichkeiten des Presserechts aussch\u00f6pfen<\/em>.\u201c<\/p>\n","protected":false},"excerpt":{"rendered":"<p>Der Partner, CEO und Co-Founder mehrerer international agierender Unternehmen sah sich zuletzt vermehrt rechtswidriger Berichterstattung ausgesetzt. Anlass daf\u00fcr ist ein im Ausland gegen ihn gef\u00fchrtes Strafverfahren. Die Medien nannten den Vor- und Zunamen des Unternehmers sowie die Namen der Unternehmen, in denen er etwa als Partner, Vorstandsmitglied oder Investor t\u00e4tig ist, und ver\u00f6ffentlichten Fotos von [&hellip;]<\/p>\n","protected":false},"author":1,"featured_media":0,"comment_status":"closed","ping_status":"closed","sticky":false,"template":"","format":"standard","meta":{"_has_post_settings":[],"footnotes":""},"categories":[15],"tags":[],"hashtags":[],"ppma_author":[84],"class_list":["post-8222","post","type-post","status-publish","format-standard","hentry","category-news","author-hoecker_adm"],"yoast_head":"<!-- This site is optimized with the Yoast SEO Premium plugin v25.9 (Yoast SEO v27.0) - https:\/\/yoast.com\/product\/yoast-seo-premium-wordpress\/ -->\n<title>Deutscher Unternehmer geht mit H\u00d6CKER erfolgreich gegen US-amerikanische und spanische Medien vor - H\u00d6CKER - der Blog<\/title>\n<meta name=\"robots\" content=\"index, follow, max-snippet:-1, max-image-preview:large, max-video-preview:-1\" \/>\n<link rel=\"canonical\" href=\"https:\/\/www.hoecker.eu\/blog\/deutscher-unternehmer-geht-mit-hoecker-erfolgreich-gegen-us-amerikanische-und-spanische-medien-vor\/\" \/>\n<meta property=\"og:locale\" content=\"de_DE\" \/>\n<meta property=\"og:type\" content=\"article\" \/>\n<meta property=\"og:title\" content=\"Deutscher Unternehmer geht mit H\u00d6CKER erfolgreich gegen US-amerikanische und spanische Medien vor\" \/>\n<meta property=\"og:description\" content=\"Der Partner, CEO und Co-Founder mehrerer international agierender Unternehmen sah sich zuletzt vermehrt rechtswidriger Berichterstattung ausgesetzt. Anlass daf\u00fcr ist ein im Ausland gegen ihn gef\u00fchrtes Strafverfahren. Die Medien nannten den Vor- und Zunamen des Unternehmers sowie die Namen der Unternehmen, in denen er etwa als Partner, Vorstandsmitglied oder Investor t\u00e4tig ist, und ver\u00f6ffentlichten Fotos von [&hellip;]\" \/>\n<meta property=\"og:url\" content=\"https:\/\/www.hoecker.eu\/blog\/deutscher-unternehmer-geht-mit-hoecker-erfolgreich-gegen-us-amerikanische-und-spanische-medien-vor\/\" \/>\n<meta property=\"og:site_name\" content=\"H\u00d6CKER - der Blog\" \/>\n<meta property=\"article:publisher\" content=\"https:\/\/www.facebook.com\/HoeckerRAe\/\" \/>\n<meta property=\"article:author\" content=\"https:\/\/www.facebook.com\/ralf.hoecker\" \/>\n<meta property=\"article:published_time\" content=\"2022-03-01T10:06:00+00:00\" \/>\n<meta property=\"article:modified_time\" content=\"2025-02-17T13:54:16+00:00\" \/>\n<meta name=\"author\" content=\"Prof. Dr. Ralf H\u00f6cker\" \/>\n<meta name=\"twitter:card\" content=\"summary_large_image\" \/>\n<meta name=\"twitter:creator\" content=\"@Ralf_Hoecker\" \/>\n<meta name=\"twitter:site\" content=\"@hoecker_rae\" \/>\n<meta name=\"twitter:label1\" content=\"Verfasst von\" \/>\n\t<meta name=\"twitter:data1\" content=\"Prof. Dr. Ralf H\u00f6cker\" \/>\n\t<meta name=\"twitter:label2\" content=\"Gesch\u00e4tzte Lesezeit\" \/>\n\t<meta name=\"twitter:data2\" content=\"2\u00a0Minuten\" \/>\n<script type=\"application\/ld+json\" class=\"yoast-schema-graph\">{\"@context\":\"https:\/\/schema.org\",\"@graph\":[{\"@type\":\"Article\",\"@id\":\"https:\/\/www.hoecker.eu\/blog\/deutscher-unternehmer-geht-mit-hoecker-erfolgreich-gegen-us-amerikanische-und-spanische-medien-vor\/#article\",\"isPartOf\":{\"@id\":\"https:\/\/www.hoecker.eu\/blog\/deutscher-unternehmer-geht-mit-hoecker-erfolgreich-gegen-us-amerikanische-und-spanische-medien-vor\/\"},\"author\":{\"name\":\"Prof. Dr. Ralf H\u00f6cker\",\"@id\":\"https:\/\/www.hoecker.eu\/blog\/#\/schema\/person\/08f95581eed0534eccd0b2438f7a1cab\"},\"headline\":\"Deutscher Unternehmer geht mit H\u00d6CKER erfolgreich gegen US-amerikanische und spanische Medien vor\",\"datePublished\":\"2022-03-01T10:06:00+00:00\",\"dateModified\":\"2025-02-17T13:54:16+00:00\",\"mainEntityOfPage\":{\"@id\":\"https:\/\/www.hoecker.eu\/blog\/deutscher-unternehmer-geht-mit-hoecker-erfolgreich-gegen-us-amerikanische-und-spanische-medien-vor\/\"},\"wordCount\":315,\"publisher\":{\"@id\":\"https:\/\/www.hoecker.eu\/blog\/#organization\"},\"articleSection\":[\"News\"],\"inLanguage\":\"de\"},{\"@type\":\"WebPage\",\"@id\":\"https:\/\/www.hoecker.eu\/blog\/deutscher-unternehmer-geht-mit-hoecker-erfolgreich-gegen-us-amerikanische-und-spanische-medien-vor\/\",\"url\":\"https:\/\/www.hoecker.eu\/blog\/deutscher-unternehmer-geht-mit-hoecker-erfolgreich-gegen-us-amerikanische-und-spanische-medien-vor\/\",\"name\":\"Deutscher Unternehmer geht mit H\u00d6CKER erfolgreich gegen US-amerikanische und spanische Medien vor - H\u00d6CKER - der Blog\",\"isPartOf\":{\"@id\":\"https:\/\/www.hoecker.eu\/blog\/#website\"},\"datePublished\":\"2022-03-01T10:06:00+00:00\",\"dateModified\":\"2025-02-17T13:54:16+00:00\",\"breadcrumb\":{\"@id\":\"https:\/\/www.hoecker.eu\/blog\/deutscher-unternehmer-geht-mit-hoecker-erfolgreich-gegen-us-amerikanische-und-spanische-medien-vor\/#breadcrumb\"},\"inLanguage\":\"de\",\"potentialAction\":[{\"@type\":\"ReadAction\",\"target\":[\"https:\/\/www.hoecker.eu\/blog\/deutscher-unternehmer-geht-mit-hoecker-erfolgreich-gegen-us-amerikanische-und-spanische-medien-vor\/\"]}]},{\"@type\":\"BreadcrumbList\",\"@id\":\"https:\/\/www.hoecker.eu\/blog\/deutscher-unternehmer-geht-mit-hoecker-erfolgreich-gegen-us-amerikanische-und-spanische-medien-vor\/#breadcrumb\",\"itemListElement\":[{\"@type\":\"ListItem\",\"position\":1,\"name\":\"Startseite\",\"item\":\"https:\/\/dev.hoecker.eu\/blog\/\"},{\"@type\":\"ListItem\",\"position\":2,\"name\":\"Deutscher Unternehmer geht mit H\u00d6CKER erfolgreich gegen US-amerikanische und spanische Medien vor\"}]},{\"@type\":\"WebSite\",\"@id\":\"https:\/\/www.hoecker.eu\/blog\/#website\",\"url\":\"https:\/\/www.hoecker.eu\/blog\/\",\"name\":\"H\u00d6CKER - der Blog\",\"description\":\"Expertenblog f\u00fcr \u00c4u\u00dferungs-, Medien-, Marken-, Urheber- und Wettbewerbsrecht.\",\"publisher\":{\"@id\":\"https:\/\/www.hoecker.eu\/blog\/#organization\"},\"potentialAction\":[{\"@type\":\"SearchAction\",\"target\":{\"@type\":\"EntryPoint\",\"urlTemplate\":\"https:\/\/www.hoecker.eu\/blog\/?s={search_term_string}\"},\"query-input\":{\"@type\":\"PropertyValueSpecification\",\"valueRequired\":true,\"valueName\":\"search_term_string\"}}],\"inLanguage\":\"de\"},{\"@type\":\"Organization\",\"@id\":\"https:\/\/www.hoecker.eu\/blog\/#organization\",\"name\":\"H\u00d6CKER Rechtsanw\u00e4lte PartGmbB\",\"alternateName\":\"H\u00d6CKER\",\"url\":\"https:\/\/www.hoecker.eu\/blog\/\",\"logo\":{\"@type\":\"ImageObject\",\"inLanguage\":\"de\",\"@id\":\"https:\/\/www.hoecker.eu\/blog\/#\/schema\/logo\/image\/\",\"url\":\"https:\/\/www.hoecker.eu\/blog\/wp-content\/uploads\/2025\/03\/Blog-Logo.webp\",\"contentUrl\":\"https:\/\/www.hoecker.eu\/blog\/wp-content\/uploads\/2025\/03\/Blog-Logo.webp\",\"width\":500,\"height\":500,\"caption\":\"H\u00d6CKER Rechtsanw\u00e4lte PartGmbB\"},\"image\":{\"@id\":\"https:\/\/www.hoecker.eu\/blog\/#\/schema\/logo\/image\/\"},\"sameAs\":[\"https:\/\/www.facebook.com\/HoeckerRAe\/\",\"https:\/\/x.com\/hoecker_rae\",\"https:\/\/www.linkedin.com\/company\/hcker-rechtsanwlte\/\",\"https:\/\/www.instagram.com\/hoecker_rae\/\"],\"email\":\"contact@hoecker.eu\",\"telephone\":\"+ 49 (0)221-933 19-10\",\"legalName\":\"H\u00d6CKER Rechtsanw\u00e4lte PartGmbB\",\"numberOfEmployees\":{\"@type\":\"QuantitativeValue\",\"minValue\":\"11\",\"maxValue\":\"50\"}},{\"@type\":\"Person\",\"@id\":\"https:\/\/www.hoecker.eu\/blog\/#\/schema\/person\/08f95581eed0534eccd0b2438f7a1cab\",\"name\":\"Prof. Dr. Ralf H\u00f6cker\",\"description\":\"Medienanwalt. Besch\u00fctzer vor mieser Presse\",\"sameAs\":[\"https:\/\/www.hoecker.eu\/wer\/prof-dr-ralf-hoecker\",\"https:\/\/www.facebook.com\/ralf.hoecker\",\"https:\/\/www.linkedin.com\/in\/prof-dr-ralf-hcker-ll-m-london-17987826\/\",\"https:\/\/x.com\/Ralf_Hoecker\"],\"url\":\"https:\/\/www.hoecker.eu\/blog\/author\/hoecker_adm\/\"}]}<\/script>\n<!-- \/ Yoast SEO Premium plugin. -->","yoast_head_json":{"title":"Deutscher Unternehmer geht mit H\u00d6CKER erfolgreich gegen US-amerikanische und spanische Medien vor - H\u00d6CKER - der Blog","robots":{"index":"index","follow":"follow","max-snippet":"max-snippet:-1","max-image-preview":"max-image-preview:large","max-video-preview":"max-video-preview:-1"},"canonical":"https:\/\/www.hoecker.eu\/blog\/deutscher-unternehmer-geht-mit-hoecker-erfolgreich-gegen-us-amerikanische-und-spanische-medien-vor\/","og_locale":"de_DE","og_type":"article","og_title":"Deutscher Unternehmer geht mit H\u00d6CKER erfolgreich gegen US-amerikanische und spanische Medien vor","og_description":"Der Partner, CEO und Co-Founder mehrerer international agierender Unternehmen sah sich zuletzt vermehrt rechtswidriger Berichterstattung ausgesetzt. Anlass daf\u00fcr ist ein im Ausland gegen ihn gef\u00fchrtes Strafverfahren. Die Medien nannten den Vor- und Zunamen des Unternehmers sowie die Namen der Unternehmen, in denen er etwa als Partner, Vorstandsmitglied oder Investor t\u00e4tig ist, und ver\u00f6ffentlichten Fotos von [&hellip;]","og_url":"https:\/\/www.hoecker.eu\/blog\/deutscher-unternehmer-geht-mit-hoecker-erfolgreich-gegen-us-amerikanische-und-spanische-medien-vor\/","og_site_name":"H\u00d6CKER - der Blog","article_publisher":"https:\/\/www.facebook.com\/HoeckerRAe\/","article_author":"https:\/\/www.facebook.com\/ralf.hoecker","article_published_time":"2022-03-01T10:06:00+00:00","article_modified_time":"2025-02-17T13:54:16+00:00","author":"Prof. Dr. Ralf H\u00f6cker","twitter_card":"summary_large_image","twitter_creator":"@Ralf_Hoecker","twitter_site":"@hoecker_rae","twitter_misc":{"Verfasst von":"Prof. Dr. Ralf H\u00f6cker","Gesch\u00e4tzte Lesezeit":"2\u00a0Minuten"},"schema":{"@context":"https:\/\/schema.org","@graph":[{"@type":"Article","@id":"https:\/\/www.hoecker.eu\/blog\/deutscher-unternehmer-geht-mit-hoecker-erfolgreich-gegen-us-amerikanische-und-spanische-medien-vor\/#article","isPartOf":{"@id":"https:\/\/www.hoecker.eu\/blog\/deutscher-unternehmer-geht-mit-hoecker-erfolgreich-gegen-us-amerikanische-und-spanische-medien-vor\/"},"author":{"name":"Prof. Dr. Ralf H\u00f6cker","@id":"https:\/\/www.hoecker.eu\/blog\/#\/schema\/person\/08f95581eed0534eccd0b2438f7a1cab"},"headline":"Deutscher Unternehmer geht mit H\u00d6CKER erfolgreich gegen US-amerikanische und spanische Medien vor","datePublished":"2022-03-01T10:06:00+00:00","dateModified":"2025-02-17T13:54:16+00:00","mainEntityOfPage":{"@id":"https:\/\/www.hoecker.eu\/blog\/deutscher-unternehmer-geht-mit-hoecker-erfolgreich-gegen-us-amerikanische-und-spanische-medien-vor\/"},"wordCount":315,"publisher":{"@id":"https:\/\/www.hoecker.eu\/blog\/#organization"},"articleSection":["News"],"inLanguage":"de"},{"@type":"WebPage","@id":"https:\/\/www.hoecker.eu\/blog\/deutscher-unternehmer-geht-mit-hoecker-erfolgreich-gegen-us-amerikanische-und-spanische-medien-vor\/","url":"https:\/\/www.hoecker.eu\/blog\/deutscher-unternehmer-geht-mit-hoecker-erfolgreich-gegen-us-amerikanische-und-spanische-medien-vor\/","name":"Deutscher Unternehmer geht mit H\u00d6CKER erfolgreich gegen US-amerikanische und spanische Medien vor - H\u00d6CKER - der Blog","isPartOf":{"@id":"https:\/\/www.hoecker.eu\/blog\/#website"},"datePublished":"2022-03-01T10:06:00+00:00","dateModified":"2025-02-17T13:54:16+00:00","breadcrumb":{"@id":"https:\/\/www.hoecker.eu\/blog\/deutscher-unternehmer-geht-mit-hoecker-erfolgreich-gegen-us-amerikanische-und-spanische-medien-vor\/#breadcrumb"},"inLanguage":"de","potentialAction":[{"@type":"ReadAction","target":["https:\/\/www.hoecker.eu\/blog\/deutscher-unternehmer-geht-mit-hoecker-erfolgreich-gegen-us-amerikanische-und-spanische-medien-vor\/"]}]},{"@type":"BreadcrumbList","@id":"https:\/\/www.hoecker.eu\/blog\/deutscher-unternehmer-geht-mit-hoecker-erfolgreich-gegen-us-amerikanische-und-spanische-medien-vor\/#breadcrumb","itemListElement":[{"@type":"ListItem","position":1,"name":"Startseite","item":"https:\/\/dev.hoecker.eu\/blog\/"},{"@type":"ListItem","position":2,"name":"Deutscher Unternehmer geht mit H\u00d6CKER erfolgreich gegen US-amerikanische und spanische Medien vor"}]},{"@type":"WebSite","@id":"https:\/\/www.hoecker.eu\/blog\/#website","url":"https:\/\/www.hoecker.eu\/blog\/","name":"H\u00d6CKER - der Blog","description":"Expertenblog f\u00fcr \u00c4u\u00dferungs-, Medien-, Marken-, Urheber- und Wettbewerbsrecht.","publisher":{"@id":"https:\/\/www.hoecker.eu\/blog\/#organization"},"potentialAction":[{"@type":"SearchAction","target":{"@type":"EntryPoint","urlTemplate":"https:\/\/www.hoecker.eu\/blog\/?s={search_term_string}"},"query-input":{"@type":"PropertyValueSpecification","valueRequired":true,"valueName":"search_term_string"}}],"inLanguage":"de"},{"@type":"Organization","@id":"https:\/\/www.hoecker.eu\/blog\/#organization","name":"H\u00d6CKER Rechtsanw\u00e4lte PartGmbB","alternateName":"H\u00d6CKER","url":"https:\/\/www.hoecker.eu\/blog\/","logo":{"@type":"ImageObject","inLanguage":"de","@id":"https:\/\/www.hoecker.eu\/blog\/#\/schema\/logo\/image\/","url":"https:\/\/www.hoecker.eu\/blog\/wp-content\/uploads\/2025\/03\/Blog-Logo.webp","contentUrl":"https:\/\/www.hoecker.eu\/blog\/wp-content\/uploads\/2025\/03\/Blog-Logo.webp","width":500,"height":500,"caption":"H\u00d6CKER Rechtsanw\u00e4lte PartGmbB"},"image":{"@id":"https:\/\/www.hoecker.eu\/blog\/#\/schema\/logo\/image\/"},"sameAs":["https:\/\/www.facebook.com\/HoeckerRAe\/","https:\/\/x.com\/hoecker_rae","https:\/\/www.linkedin.com\/company\/hcker-rechtsanwlte\/","https:\/\/www.instagram.com\/hoecker_rae\/"],"email":"contact@hoecker.eu","telephone":"+ 49 (0)221-933 19-10","legalName":"H\u00d6CKER Rechtsanw\u00e4lte PartGmbB","numberOfEmployees":{"@type":"QuantitativeValue","minValue":"11","maxValue":"50"}},{"@type":"Person","@id":"https:\/\/www.hoecker.eu\/blog\/#\/schema\/person\/08f95581eed0534eccd0b2438f7a1cab","name":"Prof. Dr. Ralf H\u00f6cker","description":"Medienanwalt. Besch\u00fctzer vor mieser Presse","sameAs":["https:\/\/www.hoecker.eu\/wer\/prof-dr-ralf-hoecker","https:\/\/www.facebook.com\/ralf.hoecker","https:\/\/www.linkedin.com\/in\/prof-dr-ralf-hcker-ll-m-london-17987826\/","https:\/\/x.com\/Ralf_Hoecker"],"url":"https:\/\/www.hoecker.eu\/blog\/author\/hoecker_adm\/"}]}},"authors":[{"term_id":84,"user_id":1,"is_guest":0,"slug":"hoecker_adm","display_name":"Prof. Dr. Ralf H\u00f6cker","avatar_url":{"url":"https:\/\/www.hoecker.eu\/blog\/wp-content\/uploads\/2023\/12\/ProfDrRalfHoecker.jpg","url2x":"https:\/\/www.hoecker.eu\/blog\/wp-content\/uploads\/2023\/12\/ProfDrRalfHoecker.jpg"},"0":null,"1":"","2":"","3":"","4":"","5":"","6":"","7":"","8":"","9":"","10":"","11":""}],"_links":{"self":[{"href":"https:\/\/www.hoecker.eu\/blog\/wp-json\/wp\/v2\/posts\/8222","targetHints":{"allow":["GET"]}}],"collection":[{"href":"https:\/\/www.hoecker.eu\/blog\/wp-json\/wp\/v2\/posts"}],"about":[{"href":"https:\/\/www.hoecker.eu\/blog\/wp-json\/wp\/v2\/types\/post"}],"author":[{"embeddable":true,"href":"https:\/\/www.hoecker.eu\/blog\/wp-json\/wp\/v2\/users\/1"}],"replies":[{"embeddable":true,"href":"https:\/\/www.hoecker.eu\/blog\/wp-json\/wp\/v2\/comments?post=8222"}],"version-history":[{"count":1,"href":"https:\/\/www.hoecker.eu\/blog\/wp-json\/wp\/v2\/posts\/8222\/revisions"}],"predecessor-version":[{"id":9344,"href":"https:\/\/www.hoecker.eu\/blog\/wp-json\/wp\/v2\/posts\/8222\/revisions\/9344"}],"wp:attachment":[{"href":"https:\/\/www.hoecker.eu\/blog\/wp-json\/wp\/v2\/media?parent=8222"}],"wp:term":[{"taxonomy":"category","embeddable":true,"href":"https:\/\/www.hoecker.eu\/blog\/wp-json\/wp\/v2\/categories?post=8222"},{"taxonomy":"post_tag","embeddable":true,"href":"https:\/\/www.hoecker.eu\/blog\/wp-json\/wp\/v2\/tags?post=8222"},{"taxonomy":"hashtags","embeddable":true,"href":"https:\/\/www.hoecker.eu\/blog\/wp-json\/wp\/v2\/hashtags?post=8222"},{"taxonomy":"author","embeddable":true,"href":"https:\/\/www.hoecker.eu\/blog\/wp-json\/wp\/v2\/ppma_author?post=8222"}],"curies":[{"name":"wp","href":"https:\/\/api.w.org\/{rel}","templated":true}]}}