{"id":8219,"date":"2022-03-01T11:09:00","date_gmt":"2022-03-01T10:09:00","guid":{"rendered":"https:\/\/www.hoecker.eu\/blog\/dr-christian-conrad-und-dr-johannes-graebig-neue-hoecker-partner\/"},"modified":"2025-02-17T14:54:13","modified_gmt":"2025-02-17T13:54:13","slug":"dr-christian-conrad-und-dr-johannes-graebig-neue-hoecker-partner","status":"publish","type":"post","link":"https:\/\/www.hoecker.eu\/blog\/dr-christian-conrad-und-dr-johannes-graebig-neue-hoecker-partner\/","title":{"rendered":"Dr. Christian Conrad und Dr. Johannes Gr\u00e4big neue H\u00d6CKER-Partner"},"content":{"rendered":"<p>H\u00d6CKER w\u00e4chst weiter! Zum 1.1.2022 wurden die beiden H\u00d6CKER-Anw\u00e4lte <a href=\"https:\/\/www.hoecker.eu\/wer\/dr-christian-conrad\" target=\"_blank\" rel=\"noreferrer noopener\">Dr. Christian Conrad<\/a> und <a href=\"https:\/\/www.hoecker.eu\/wer\/dr-johannes-gr%C3%A4big\" target=\"_blank\" rel=\"noreferrer noopener\">Dr. Johannes Gr\u00e4big<\/a> zu Equity-Partnern ernannt.<\/p>\n<figure style=\"margin:0px;color:rgb(51,51,51);font-family:Roboto, sans-serif;font-size:14px;font-style:normal;font-weight:400;letter-spacing:normal;text-indent:0px;text-transform:none;white-space:normal;word-spacing:0px;background-color:rgb(255,255,255);\"><img decoding=\"async\" src=\"https:\/\/hoecker.eu\/assets\/img\/Christian.jpg\" alt=\"Dr. Christian Conrad\" \/><\/figure>\n<p>Dr. Christian Conrad ist seit 2013 Anwalt bei H\u00d6CKER. Er begann seine Karriere nicht nur im Presserecht, sondern v.a. im Marken- und Wettbewerbsrecht. Schon fr\u00fch setzte er sich dabei mit prozessualen und verfassungsrechtlichen Fragen auseinander und befasste sich etwa mit den Themen des Rechtsmissbrauchs und der prozessualen Wahrheitspflicht. So erstritt er vor dem OLG M\u00fcnchen eine Entscheidung zur Vorlagepflicht von Abmahnungserwiderungen (Az. 29 U 1210\/17). Auch die bundesweit diskutierte Entscheidung des Bundesverfassungsgerichts zur Waffengleichheit im Presserecht wurde durch ihn veranlasst (Az. 1 BvR 1246\/20; sog. \u201eConrad-Beschluss\u201c). Seit einigen Jahren leitet Dr. Conrad die Praxisgruppe \u201e\u00d6ffentlich-rechtliches \u00c4u\u00dferungsrecht\u201c bei H\u00d6CKER. Hier vertrat er Mandanten nicht nur vor den Verwaltungsgerichten, sondern auch vor mehreren Landesverfassungsgerichten, dem EGMR und dem Bundesverfassungsgericht.<\/p>\n<figure style=\"margin:0px;color:rgb(51,51,51);font-family:Roboto, sans-serif;font-size:14px;font-style:normal;font-weight:400;letter-spacing:normal;text-indent:0px;text-transform:none;white-space:normal;word-spacing:0px;background-color:rgb(255,255,255);\"><img decoding=\"async\" src=\"https:\/\/hoecker.eu\/assets\/img\/Johannes.jpg\" alt=\"Dr. Johannes Gr\u00e4big\" \/><\/figure>\n<p>Dr. Johannes Gr\u00e4big begann seine Anwaltslaufbahn ebenfalls 2013 bei H\u00d6CKER und ist seit 2020 Fachanwalt f\u00fcr Gewerblichen Rechtsschutz. Er ist im Wettbewerbs- und Markenrecht t\u00e4tig und betreut vor allem Mandanten mit internetbasierten Gesch\u00e4ftsmodellen, wie Online-Shops, Online-Dating-Anbieter und Legal-Tech-Unternehmen. So hat er z.B. ein L\u00f6schungsverfahren gegen eine Marke von ElitePartner bis zum EuG und ein Verfahren f\u00fcr den Legal-Tech-Anbieter wenigermiete.de (jetzt: Conny) gegen die Rechtsanwaltskammer Berlin gef\u00fchrt. Auch die Grundsatzentscheidung des BVerfG zum Recht auf rechtliches Geh\u00f6r in wettbewerbsrechtlichen Eilverfahren (Az. 1 BvR 1379\/20) hat er erstritten.<\/p>\n<p>Nach Dr. Marcel Leeser (2019) wurden nun zwei weitere Anw\u00e4lte aus den eigenen Reihen zu Partnern neben den beiden Gr\u00fcndungspartnern Prof. Dr. Ralf H\u00f6cker und Dr. Carsten Brennecke ernannt. Die K\u00f6lner Kanzlei besteht jetzt aus f\u00fcnf Partnern und zehn angestellten Anw\u00e4lten.<\/p>\n<p>Prof. Dr. Ralf H\u00f6cker: &#8220;Mit Dr. Christian Conrad und Dr. Johannes Gr\u00e4big haben wir zwei wirklich herausragende Anw\u00e4lte f\u00fcr unsere Partnerschaft gewinnen k\u00f6nnen. Wir sind stolz und freuen uns sehr auf den Zuwachs!\u201c<\/p>\n","protected":false},"excerpt":{"rendered":"<p>H\u00d6CKER w\u00e4chst weiter! Zum 1.1.2022 wurden die beiden H\u00d6CKER-Anw\u00e4lte Dr. Christian Conrad und Dr. Johannes Gr\u00e4big zu Equity-Partnern ernannt. Dr. Christian Conrad ist seit 2013 Anwalt bei H\u00d6CKER. Er begann seine Karriere nicht nur im Presserecht, sondern v.a. im Marken- und Wettbewerbsrecht. Schon fr\u00fch setzte er sich dabei mit prozessualen und verfassungsrechtlichen Fragen auseinander und [&hellip;]<\/p>\n","protected":false},"author":1,"featured_media":0,"comment_status":"closed","ping_status":"closed","sticky":false,"template":"","format":"standard","meta":{"_has_post_settings":[],"footnotes":""},"categories":[15],"tags":[],"hashtags":[],"ppma_author":[84],"class_list":["post-8219","post","type-post","status-publish","format-standard","hentry","category-news","author-hoecker_adm"],"yoast_head":"<!-- This site is optimized with the Yoast SEO Premium plugin v25.9 (Yoast SEO v27.0) - https:\/\/yoast.com\/product\/yoast-seo-premium-wordpress\/ -->\n<title>Dr. Christian Conrad und Dr. Johannes Gr\u00e4big neue H\u00d6CKER-Partner - H\u00d6CKER - der Blog<\/title>\n<meta name=\"robots\" content=\"index, follow, max-snippet:-1, max-image-preview:large, max-video-preview:-1\" \/>\n<link rel=\"canonical\" href=\"https:\/\/www.hoecker.eu\/blog\/dr-christian-conrad-und-dr-johannes-graebig-neue-hoecker-partner\/\" \/>\n<meta property=\"og:locale\" content=\"de_DE\" \/>\n<meta property=\"og:type\" content=\"article\" \/>\n<meta property=\"og:title\" content=\"Dr. Christian Conrad und Dr. Johannes Gr\u00e4big neue H\u00d6CKER-Partner\" \/>\n<meta property=\"og:description\" content=\"H\u00d6CKER w\u00e4chst weiter! Zum 1.1.2022 wurden die beiden H\u00d6CKER-Anw\u00e4lte Dr. Christian Conrad und Dr. Johannes Gr\u00e4big zu Equity-Partnern ernannt. Dr. Christian Conrad ist seit 2013 Anwalt bei H\u00d6CKER. Er begann seine Karriere nicht nur im Presserecht, sondern v.a. im Marken- und Wettbewerbsrecht. Schon fr\u00fch setzte er sich dabei mit prozessualen und verfassungsrechtlichen Fragen auseinander und [&hellip;]\" \/>\n<meta property=\"og:url\" content=\"https:\/\/www.hoecker.eu\/blog\/dr-christian-conrad-und-dr-johannes-graebig-neue-hoecker-partner\/\" \/>\n<meta property=\"og:site_name\" content=\"H\u00d6CKER - der Blog\" \/>\n<meta property=\"article:publisher\" content=\"https:\/\/www.facebook.com\/HoeckerRAe\/\" \/>\n<meta property=\"article:author\" content=\"https:\/\/www.facebook.com\/ralf.hoecker\" \/>\n<meta property=\"article:published_time\" content=\"2022-03-01T10:09:00+00:00\" \/>\n<meta property=\"article:modified_time\" content=\"2025-02-17T13:54:13+00:00\" \/>\n<meta property=\"og:image\" content=\"https:\/\/hoecker.eu\/assets\/img\/Christian.jpg\" \/>\n<meta name=\"author\" content=\"Prof. Dr. Ralf H\u00f6cker\" \/>\n<meta name=\"twitter:card\" content=\"summary_large_image\" \/>\n<meta name=\"twitter:creator\" content=\"@Ralf_Hoecker\" \/>\n<meta name=\"twitter:site\" content=\"@hoecker_rae\" \/>\n<meta name=\"twitter:label1\" content=\"Verfasst von\" \/>\n\t<meta name=\"twitter:data1\" content=\"Prof. Dr. Ralf H\u00f6cker\" \/>\n\t<meta name=\"twitter:label2\" content=\"Gesch\u00e4tzte Lesezeit\" \/>\n\t<meta name=\"twitter:data2\" content=\"2\u00a0Minuten\" \/>\n<script type=\"application\/ld+json\" class=\"yoast-schema-graph\">{\"@context\":\"https:\/\/schema.org\",\"@graph\":[{\"@type\":\"Article\",\"@id\":\"https:\/\/www.hoecker.eu\/blog\/dr-christian-conrad-und-dr-johannes-graebig-neue-hoecker-partner\/#article\",\"isPartOf\":{\"@id\":\"https:\/\/www.hoecker.eu\/blog\/dr-christian-conrad-und-dr-johannes-graebig-neue-hoecker-partner\/\"},\"author\":{\"name\":\"Prof. Dr. Ralf H\u00f6cker\",\"@id\":\"https:\/\/www.hoecker.eu\/blog\/#\/schema\/person\/08f95581eed0534eccd0b2438f7a1cab\"},\"headline\":\"Dr. Christian Conrad und Dr. Johannes Gr\u00e4big neue H\u00d6CKER-Partner\",\"datePublished\":\"2022-03-01T10:09:00+00:00\",\"dateModified\":\"2025-02-17T13:54:13+00:00\",\"mainEntityOfPage\":{\"@id\":\"https:\/\/www.hoecker.eu\/blog\/dr-christian-conrad-und-dr-johannes-graebig-neue-hoecker-partner\/\"},\"wordCount\":329,\"publisher\":{\"@id\":\"https:\/\/www.hoecker.eu\/blog\/#organization\"},\"image\":{\"@id\":\"https:\/\/www.hoecker.eu\/blog\/dr-christian-conrad-und-dr-johannes-graebig-neue-hoecker-partner\/#primaryimage\"},\"thumbnailUrl\":\"https:\/\/hoecker.eu\/assets\/img\/Christian.jpg\",\"articleSection\":[\"News\"],\"inLanguage\":\"de\"},{\"@type\":\"WebPage\",\"@id\":\"https:\/\/www.hoecker.eu\/blog\/dr-christian-conrad-und-dr-johannes-graebig-neue-hoecker-partner\/\",\"url\":\"https:\/\/www.hoecker.eu\/blog\/dr-christian-conrad-und-dr-johannes-graebig-neue-hoecker-partner\/\",\"name\":\"Dr. Christian Conrad und Dr. Johannes Gr\u00e4big neue H\u00d6CKER-Partner - H\u00d6CKER - der Blog\",\"isPartOf\":{\"@id\":\"https:\/\/www.hoecker.eu\/blog\/#website\"},\"primaryImageOfPage\":{\"@id\":\"https:\/\/www.hoecker.eu\/blog\/dr-christian-conrad-und-dr-johannes-graebig-neue-hoecker-partner\/#primaryimage\"},\"image\":{\"@id\":\"https:\/\/www.hoecker.eu\/blog\/dr-christian-conrad-und-dr-johannes-graebig-neue-hoecker-partner\/#primaryimage\"},\"thumbnailUrl\":\"https:\/\/hoecker.eu\/assets\/img\/Christian.jpg\",\"datePublished\":\"2022-03-01T10:09:00+00:00\",\"dateModified\":\"2025-02-17T13:54:13+00:00\",\"breadcrumb\":{\"@id\":\"https:\/\/www.hoecker.eu\/blog\/dr-christian-conrad-und-dr-johannes-graebig-neue-hoecker-partner\/#breadcrumb\"},\"inLanguage\":\"de\",\"potentialAction\":[{\"@type\":\"ReadAction\",\"target\":[\"https:\/\/www.hoecker.eu\/blog\/dr-christian-conrad-und-dr-johannes-graebig-neue-hoecker-partner\/\"]}]},{\"@type\":\"ImageObject\",\"inLanguage\":\"de\",\"@id\":\"https:\/\/www.hoecker.eu\/blog\/dr-christian-conrad-und-dr-johannes-graebig-neue-hoecker-partner\/#primaryimage\",\"url\":\"https:\/\/hoecker.eu\/assets\/img\/Christian.jpg\",\"contentUrl\":\"https:\/\/hoecker.eu\/assets\/img\/Christian.jpg\"},{\"@type\":\"BreadcrumbList\",\"@id\":\"https:\/\/www.hoecker.eu\/blog\/dr-christian-conrad-und-dr-johannes-graebig-neue-hoecker-partner\/#breadcrumb\",\"itemListElement\":[{\"@type\":\"ListItem\",\"position\":1,\"name\":\"Startseite\",\"item\":\"https:\/\/dev.hoecker.eu\/blog\/\"},{\"@type\":\"ListItem\",\"position\":2,\"name\":\"Dr. Christian Conrad und Dr. Johannes Gr\u00e4big neue H\u00d6CKER-Partner\"}]},{\"@type\":\"WebSite\",\"@id\":\"https:\/\/www.hoecker.eu\/blog\/#website\",\"url\":\"https:\/\/www.hoecker.eu\/blog\/\",\"name\":\"H\u00d6CKER - der Blog\",\"description\":\"Expertenblog f\u00fcr \u00c4u\u00dferungs-, Medien-, Marken-, Urheber- und Wettbewerbsrecht.\",\"publisher\":{\"@id\":\"https:\/\/www.hoecker.eu\/blog\/#organization\"},\"potentialAction\":[{\"@type\":\"SearchAction\",\"target\":{\"@type\":\"EntryPoint\",\"urlTemplate\":\"https:\/\/www.hoecker.eu\/blog\/?s={search_term_string}\"},\"query-input\":{\"@type\":\"PropertyValueSpecification\",\"valueRequired\":true,\"valueName\":\"search_term_string\"}}],\"inLanguage\":\"de\"},{\"@type\":\"Organization\",\"@id\":\"https:\/\/www.hoecker.eu\/blog\/#organization\",\"name\":\"H\u00d6CKER Rechtsanw\u00e4lte PartGmbB\",\"alternateName\":\"H\u00d6CKER\",\"url\":\"https:\/\/www.hoecker.eu\/blog\/\",\"logo\":{\"@type\":\"ImageObject\",\"inLanguage\":\"de\",\"@id\":\"https:\/\/www.hoecker.eu\/blog\/#\/schema\/logo\/image\/\",\"url\":\"https:\/\/www.hoecker.eu\/blog\/wp-content\/uploads\/2025\/03\/Blog-Logo.webp\",\"contentUrl\":\"https:\/\/www.hoecker.eu\/blog\/wp-content\/uploads\/2025\/03\/Blog-Logo.webp\",\"width\":500,\"height\":500,\"caption\":\"H\u00d6CKER Rechtsanw\u00e4lte PartGmbB\"},\"image\":{\"@id\":\"https:\/\/www.hoecker.eu\/blog\/#\/schema\/logo\/image\/\"},\"sameAs\":[\"https:\/\/www.facebook.com\/HoeckerRAe\/\",\"https:\/\/x.com\/hoecker_rae\",\"https:\/\/www.linkedin.com\/company\/hcker-rechtsanwlte\/\",\"https:\/\/www.instagram.com\/hoecker_rae\/\"],\"email\":\"contact@hoecker.eu\",\"telephone\":\"+ 49 (0)221-933 19-10\",\"legalName\":\"H\u00d6CKER Rechtsanw\u00e4lte PartGmbB\",\"numberOfEmployees\":{\"@type\":\"QuantitativeValue\",\"minValue\":\"11\",\"maxValue\":\"50\"}},{\"@type\":\"Person\",\"@id\":\"https:\/\/www.hoecker.eu\/blog\/#\/schema\/person\/08f95581eed0534eccd0b2438f7a1cab\",\"name\":\"Prof. Dr. Ralf H\u00f6cker\",\"description\":\"Medienanwalt. Besch\u00fctzer vor mieser Presse\",\"sameAs\":[\"https:\/\/www.hoecker.eu\/wer\/prof-dr-ralf-hoecker\",\"https:\/\/www.facebook.com\/ralf.hoecker\",\"https:\/\/www.linkedin.com\/in\/prof-dr-ralf-hcker-ll-m-london-17987826\/\",\"https:\/\/x.com\/Ralf_Hoecker\"],\"url\":\"https:\/\/www.hoecker.eu\/blog\/author\/hoecker_adm\/\"}]}<\/script>\n<!-- \/ Yoast SEO Premium plugin. -->","yoast_head_json":{"title":"Dr. Christian Conrad und Dr. Johannes Gr\u00e4big neue H\u00d6CKER-Partner - H\u00d6CKER - der Blog","robots":{"index":"index","follow":"follow","max-snippet":"max-snippet:-1","max-image-preview":"max-image-preview:large","max-video-preview":"max-video-preview:-1"},"canonical":"https:\/\/www.hoecker.eu\/blog\/dr-christian-conrad-und-dr-johannes-graebig-neue-hoecker-partner\/","og_locale":"de_DE","og_type":"article","og_title":"Dr. Christian Conrad und Dr. Johannes Gr\u00e4big neue H\u00d6CKER-Partner","og_description":"H\u00d6CKER w\u00e4chst weiter! Zum 1.1.2022 wurden die beiden H\u00d6CKER-Anw\u00e4lte Dr. Christian Conrad und Dr. Johannes Gr\u00e4big zu Equity-Partnern ernannt. Dr. Christian Conrad ist seit 2013 Anwalt bei H\u00d6CKER. Er begann seine Karriere nicht nur im Presserecht, sondern v.a. im Marken- und Wettbewerbsrecht. Schon fr\u00fch setzte er sich dabei mit prozessualen und verfassungsrechtlichen Fragen auseinander und [&hellip;]","og_url":"https:\/\/www.hoecker.eu\/blog\/dr-christian-conrad-und-dr-johannes-graebig-neue-hoecker-partner\/","og_site_name":"H\u00d6CKER - der Blog","article_publisher":"https:\/\/www.facebook.com\/HoeckerRAe\/","article_author":"https:\/\/www.facebook.com\/ralf.hoecker","article_published_time":"2022-03-01T10:09:00+00:00","article_modified_time":"2025-02-17T13:54:13+00:00","og_image":[{"url":"https:\/\/hoecker.eu\/assets\/img\/Christian.jpg","type":"","width":"","height":""}],"author":"Prof. Dr. Ralf H\u00f6cker","twitter_card":"summary_large_image","twitter_creator":"@Ralf_Hoecker","twitter_site":"@hoecker_rae","twitter_misc":{"Verfasst von":"Prof. Dr. Ralf H\u00f6cker","Gesch\u00e4tzte Lesezeit":"2\u00a0Minuten"},"schema":{"@context":"https:\/\/schema.org","@graph":[{"@type":"Article","@id":"https:\/\/www.hoecker.eu\/blog\/dr-christian-conrad-und-dr-johannes-graebig-neue-hoecker-partner\/#article","isPartOf":{"@id":"https:\/\/www.hoecker.eu\/blog\/dr-christian-conrad-und-dr-johannes-graebig-neue-hoecker-partner\/"},"author":{"name":"Prof. Dr. Ralf H\u00f6cker","@id":"https:\/\/www.hoecker.eu\/blog\/#\/schema\/person\/08f95581eed0534eccd0b2438f7a1cab"},"headline":"Dr. Christian Conrad und Dr. Johannes Gr\u00e4big neue H\u00d6CKER-Partner","datePublished":"2022-03-01T10:09:00+00:00","dateModified":"2025-02-17T13:54:13+00:00","mainEntityOfPage":{"@id":"https:\/\/www.hoecker.eu\/blog\/dr-christian-conrad-und-dr-johannes-graebig-neue-hoecker-partner\/"},"wordCount":329,"publisher":{"@id":"https:\/\/www.hoecker.eu\/blog\/#organization"},"image":{"@id":"https:\/\/www.hoecker.eu\/blog\/dr-christian-conrad-und-dr-johannes-graebig-neue-hoecker-partner\/#primaryimage"},"thumbnailUrl":"https:\/\/hoecker.eu\/assets\/img\/Christian.jpg","articleSection":["News"],"inLanguage":"de"},{"@type":"WebPage","@id":"https:\/\/www.hoecker.eu\/blog\/dr-christian-conrad-und-dr-johannes-graebig-neue-hoecker-partner\/","url":"https:\/\/www.hoecker.eu\/blog\/dr-christian-conrad-und-dr-johannes-graebig-neue-hoecker-partner\/","name":"Dr. Christian Conrad und Dr. Johannes Gr\u00e4big neue H\u00d6CKER-Partner - H\u00d6CKER - der Blog","isPartOf":{"@id":"https:\/\/www.hoecker.eu\/blog\/#website"},"primaryImageOfPage":{"@id":"https:\/\/www.hoecker.eu\/blog\/dr-christian-conrad-und-dr-johannes-graebig-neue-hoecker-partner\/#primaryimage"},"image":{"@id":"https:\/\/www.hoecker.eu\/blog\/dr-christian-conrad-und-dr-johannes-graebig-neue-hoecker-partner\/#primaryimage"},"thumbnailUrl":"https:\/\/hoecker.eu\/assets\/img\/Christian.jpg","datePublished":"2022-03-01T10:09:00+00:00","dateModified":"2025-02-17T13:54:13+00:00","breadcrumb":{"@id":"https:\/\/www.hoecker.eu\/blog\/dr-christian-conrad-und-dr-johannes-graebig-neue-hoecker-partner\/#breadcrumb"},"inLanguage":"de","potentialAction":[{"@type":"ReadAction","target":["https:\/\/www.hoecker.eu\/blog\/dr-christian-conrad-und-dr-johannes-graebig-neue-hoecker-partner\/"]}]},{"@type":"ImageObject","inLanguage":"de","@id":"https:\/\/www.hoecker.eu\/blog\/dr-christian-conrad-und-dr-johannes-graebig-neue-hoecker-partner\/#primaryimage","url":"https:\/\/hoecker.eu\/assets\/img\/Christian.jpg","contentUrl":"https:\/\/hoecker.eu\/assets\/img\/Christian.jpg"},{"@type":"BreadcrumbList","@id":"https:\/\/www.hoecker.eu\/blog\/dr-christian-conrad-und-dr-johannes-graebig-neue-hoecker-partner\/#breadcrumb","itemListElement":[{"@type":"ListItem","position":1,"name":"Startseite","item":"https:\/\/dev.hoecker.eu\/blog\/"},{"@type":"ListItem","position":2,"name":"Dr. Christian Conrad und Dr. Johannes Gr\u00e4big neue H\u00d6CKER-Partner"}]},{"@type":"WebSite","@id":"https:\/\/www.hoecker.eu\/blog\/#website","url":"https:\/\/www.hoecker.eu\/blog\/","name":"H\u00d6CKER - der Blog","description":"Expertenblog f\u00fcr \u00c4u\u00dferungs-, Medien-, Marken-, Urheber- und Wettbewerbsrecht.","publisher":{"@id":"https:\/\/www.hoecker.eu\/blog\/#organization"},"potentialAction":[{"@type":"SearchAction","target":{"@type":"EntryPoint","urlTemplate":"https:\/\/www.hoecker.eu\/blog\/?s={search_term_string}"},"query-input":{"@type":"PropertyValueSpecification","valueRequired":true,"valueName":"search_term_string"}}],"inLanguage":"de"},{"@type":"Organization","@id":"https:\/\/www.hoecker.eu\/blog\/#organization","name":"H\u00d6CKER Rechtsanw\u00e4lte PartGmbB","alternateName":"H\u00d6CKER","url":"https:\/\/www.hoecker.eu\/blog\/","logo":{"@type":"ImageObject","inLanguage":"de","@id":"https:\/\/www.hoecker.eu\/blog\/#\/schema\/logo\/image\/","url":"https:\/\/www.hoecker.eu\/blog\/wp-content\/uploads\/2025\/03\/Blog-Logo.webp","contentUrl":"https:\/\/www.hoecker.eu\/blog\/wp-content\/uploads\/2025\/03\/Blog-Logo.webp","width":500,"height":500,"caption":"H\u00d6CKER Rechtsanw\u00e4lte PartGmbB"},"image":{"@id":"https:\/\/www.hoecker.eu\/blog\/#\/schema\/logo\/image\/"},"sameAs":["https:\/\/www.facebook.com\/HoeckerRAe\/","https:\/\/x.com\/hoecker_rae","https:\/\/www.linkedin.com\/company\/hcker-rechtsanwlte\/","https:\/\/www.instagram.com\/hoecker_rae\/"],"email":"contact@hoecker.eu","telephone":"+ 49 (0)221-933 19-10","legalName":"H\u00d6CKER Rechtsanw\u00e4lte PartGmbB","numberOfEmployees":{"@type":"QuantitativeValue","minValue":"11","maxValue":"50"}},{"@type":"Person","@id":"https:\/\/www.hoecker.eu\/blog\/#\/schema\/person\/08f95581eed0534eccd0b2438f7a1cab","name":"Prof. Dr. Ralf H\u00f6cker","description":"Medienanwalt. Besch\u00fctzer vor mieser Presse","sameAs":["https:\/\/www.hoecker.eu\/wer\/prof-dr-ralf-hoecker","https:\/\/www.facebook.com\/ralf.hoecker","https:\/\/www.linkedin.com\/in\/prof-dr-ralf-hcker-ll-m-london-17987826\/","https:\/\/x.com\/Ralf_Hoecker"],"url":"https:\/\/www.hoecker.eu\/blog\/author\/hoecker_adm\/"}]}},"authors":[{"term_id":84,"user_id":1,"is_guest":0,"slug":"hoecker_adm","display_name":"Prof. Dr. Ralf H\u00f6cker","avatar_url":{"url":"https:\/\/www.hoecker.eu\/blog\/wp-content\/uploads\/2023\/12\/ProfDrRalfHoecker.jpg","url2x":"https:\/\/www.hoecker.eu\/blog\/wp-content\/uploads\/2023\/12\/ProfDrRalfHoecker.jpg"},"0":null,"1":"","2":"","3":"","4":"","5":"","6":"","7":"","8":"","9":"","10":"","11":""}],"_links":{"self":[{"href":"https:\/\/www.hoecker.eu\/blog\/wp-json\/wp\/v2\/posts\/8219","targetHints":{"allow":["GET"]}}],"collection":[{"href":"https:\/\/www.hoecker.eu\/blog\/wp-json\/wp\/v2\/posts"}],"about":[{"href":"https:\/\/www.hoecker.eu\/blog\/wp-json\/wp\/v2\/types\/post"}],"author":[{"embeddable":true,"href":"https:\/\/www.hoecker.eu\/blog\/wp-json\/wp\/v2\/users\/1"}],"replies":[{"embeddable":true,"href":"https:\/\/www.hoecker.eu\/blog\/wp-json\/wp\/v2\/comments?post=8219"}],"version-history":[{"count":1,"href":"https:\/\/www.hoecker.eu\/blog\/wp-json\/wp\/v2\/posts\/8219\/revisions"}],"predecessor-version":[{"id":9340,"href":"https:\/\/www.hoecker.eu\/blog\/wp-json\/wp\/v2\/posts\/8219\/revisions\/9340"}],"wp:attachment":[{"href":"https:\/\/www.hoecker.eu\/blog\/wp-json\/wp\/v2\/media?parent=8219"}],"wp:term":[{"taxonomy":"category","embeddable":true,"href":"https:\/\/www.hoecker.eu\/blog\/wp-json\/wp\/v2\/categories?post=8219"},{"taxonomy":"post_tag","embeddable":true,"href":"https:\/\/www.hoecker.eu\/blog\/wp-json\/wp\/v2\/tags?post=8219"},{"taxonomy":"hashtags","embeddable":true,"href":"https:\/\/www.hoecker.eu\/blog\/wp-json\/wp\/v2\/hashtags?post=8219"},{"taxonomy":"author","embeddable":true,"href":"https:\/\/www.hoecker.eu\/blog\/wp-json\/wp\/v2\/ppma_author?post=8219"}],"curies":[{"name":"wp","href":"https:\/\/api.w.org\/{rel}","templated":true}]}}