{"id":8217,"date":"2022-03-01T11:10:00","date_gmt":"2022-03-01T10:10:00","guid":{"rendered":"https:\/\/www.hoecker.eu\/blog\/polizeigewerkschaft-erneut-mit-hoecker-erfolgreich-neuigkeiten-zum-conrad-beschluss-des-bundesverfassungsgerichts\/"},"modified":"2025-02-17T14:54:13","modified_gmt":"2025-02-17T13:54:13","slug":"polizeigewerkschaft-erneut-mit-hoecker-erfolgreich-neuigkeiten-zum-conrad-beschluss-des-bundesverfassungsgerichts","status":"publish","type":"post","link":"https:\/\/www.hoecker.eu\/blog\/polizeigewerkschaft-erneut-mit-hoecker-erfolgreich-neuigkeiten-zum-conrad-beschluss-des-bundesverfassungsgerichts\/","title":{"rendered":"Polizeigewerkschaft erneut mit H\u00d6CKER erfolgreich \u2013 Neuigkeiten zum \u201eConrad-Beschluss\u201c des Bundesverfassungsgerichts"},"content":{"rendered":"<p>Neuigkeiten in dem seit bald zwei Jahren andauernden Versuch der \u201eGewerkschaft der Polizei \u2013 Bundespolizei\u201c (GdP Bundespolizei), eine Pressemitteilung des H\u00d6CKER-Mandanten \u201eDPolG Bundespolizeigewerkschaft e.V.\u201c (DPolG BPolG) zu untersagen \u2013 ArbG Berlin weist Unterlassungsklage gegen DPolG BPolG ab<\/p>\n<p>Die GdP Bundespolizei hatte bekanntlich Ende April 2020 wegen einer Pressemitteilung der DPolG BPolG zu Personalratswahlen eine einstweilige Verf\u00fcgung gegen die DPolG BPolG erwirkt (LG Berlin, Beschl. v. 30.04.2020, Az.: 27 O 169\/20). In einer f\u00fcr die Praxis der Pressegerichte wegweisenden Eilentscheidung stellte das Bundesverfassungsgericht Anfang Juni 2020 (<a href=\"https:\/\/www.hoecker.eu\/news\/kein-geheimverfahren-streit-zwischen-polizeigewerkschaften-wieder-offen\" target=\"_blank\" rel=\"noreferrer noopener\">https:\/\/www.hoecker.eu\/news\/kein-geheimverfahren-streit-zwischen-polizeigewerkschaften-wieder-offen<\/a>) einen Versto\u00df des Landgerichts Berlin gegen die prozessuale Waffengleichheit fest und setzte die Wirksamkeit der einstweiligen Verf\u00fcgung aus. Anschlie\u00dfende Ablehnungsgesuche gegen die beteiligten Richter des Landgerichts wiesen das Landgericht Berlin und das Kammergericht (Az.: 10 W 1078\/20) zur\u00fcck. Nach R\u00fcge durch H\u00d6CKER hob das Landgericht Berlin sodann Anfang November 2020 die einstweilige Verf\u00fcgung auf, erkl\u00e4rte sich f\u00fcr unzust\u00e4ndig und verwies das Eilverfahren an das Arbeitsgericht Berlin (Az.: 36 Ga 16930\/20). In der dortigen m\u00fcndlichen Verhandlung im M\u00e4rz 2021 erkl\u00e4rten die Gewerkschaften das Eilverfahren \u00fcbereinstimmend f\u00fcr erledigt; in der Folge erkl\u00e4rte die DPolG BPolG auch das Verfassungsbeschwerdeverfahren f\u00fcr erledigt. Die Kosten des Eil- und des Verfassungsbeschwerdeverfahrens hat das Land Berlin zu tragen. Mit Beschluss vom 06.12.2021 setzte das Bundesverfassungsgericht den Gegenstandswert auf EUR 25.000 (Eilverfahren) bzw. EUR 5.000 fest (Az.: 1 BvR 1246\/20).<\/p>\n<p>Bereits im Juni 2020 hatte die GdP Bundespolizei in dieser Sache aber auch Hauptsacheklage erhoben (LG Berlin, Az.: 27 O 250\/20). Nach erneuter Verweisung an das Arbeitsgericht Berlin hatte dieses nun in der Hauptsache zu entscheiden \u2013 und folgte der Argumentation von H\u00d6CKER. Mit Urteil vom 14.12.2021 (Az.: 36 Ca 17019\/20, n. rkr.) wurde die Klage der GdP Bundespolizei abgewiesen. Das Gericht ordnete die Inhalte der Pressemitteilung als wahre Tatsachen und zul\u00e4ssige Meinungs\u00e4u\u00dferungen ein: Dass der damalige Hauptwahlvorstand \u201eGdP-gef\u00fchrt\u201c gewesen sei, sei wahr, da die Mehrzahl der Mitglieder des Hauptwahlvorstands der Gewerkschaft der Polizei angeh\u00f6rten. Die Kritik des DPolG BPolG, dass die damalige Personalratswahl zu Beginn der COVID-19-Pandemie als Briefwahl durchgef\u00fchrt, aber nicht verschoben worden sei, kn\u00fcpfe an wahre Tatsachen an. Hierzu w\u00fcrdigt das Arbeitsgericht Berlin umfassend die von H\u00d6CKER vorgelegten Sachverhaltsinformationen und stellt v.a. auf amtliche Dokumente der damaligen Zeit ab, die ebenfalls die M\u00f6glichkeit der Verschiebung ansprachen. Zuletzt betont das Arbeitsgericht Berlin auch ein widerspr\u00fcchliches Verhalten der GdP Bundespolizei, \u201ewenn sie f\u00fcr sich selbst in Anspruch nimmt, im Vorgriff auf eine \u00c4nderung der Rechtslage f\u00fcr die Durchf\u00fchrung einer Briefwahl zu streiten, es dem Beklagten aber nicht zugestehen will, gleichfalls im Vorgriff auf eine mit R\u00fcckwirkung f\u00fcr den gesamten Wahlzeitraum anstehende Gesetzes\u00e4nderung f\u00fcr eine Verschiebung der Wahl zu werben\u201c.<\/p>\n","protected":false},"excerpt":{"rendered":"<p>Neuigkeiten in dem seit bald zwei Jahren andauernden Versuch der \u201eGewerkschaft der Polizei \u2013 Bundespolizei\u201c (GdP Bundespolizei), eine Pressemitteilung des H\u00d6CKER-Mandanten \u201eDPolG Bundespolizeigewerkschaft e.V.\u201c (DPolG BPolG) zu untersagen \u2013 ArbG Berlin weist Unterlassungsklage gegen DPolG BPolG ab Die GdP Bundespolizei hatte bekanntlich Ende April 2020 wegen einer Pressemitteilung der DPolG BPolG zu Personalratswahlen eine einstweilige [&hellip;]<\/p>\n","protected":false},"author":1,"featured_media":0,"comment_status":"closed","ping_status":"closed","sticky":false,"template":"","format":"standard","meta":{"_has_post_settings":[],"footnotes":""},"categories":[15],"tags":[],"hashtags":[],"ppma_author":[84],"class_list":["post-8217","post","type-post","status-publish","format-standard","hentry","category-news","author-hoecker_adm"],"yoast_head":"<!-- This site is optimized with the Yoast SEO Premium plugin v25.9 (Yoast SEO v27.0) - https:\/\/yoast.com\/product\/yoast-seo-premium-wordpress\/ -->\n<title>Polizeigewerkschaft erneut mit H\u00d6CKER erfolgreich \u2013 Neuigkeiten zum \u201eConrad-Beschluss\u201c des Bundesverfassungsgerichts - H\u00d6CKER - der Blog<\/title>\n<meta name=\"robots\" content=\"index, follow, max-snippet:-1, max-image-preview:large, max-video-preview:-1\" \/>\n<link rel=\"canonical\" href=\"https:\/\/www.hoecker.eu\/blog\/polizeigewerkschaft-erneut-mit-hoecker-erfolgreich-neuigkeiten-zum-conrad-beschluss-des-bundesverfassungsgerichts\/\" \/>\n<meta property=\"og:locale\" content=\"de_DE\" \/>\n<meta property=\"og:type\" content=\"article\" \/>\n<meta property=\"og:title\" content=\"Polizeigewerkschaft erneut mit H\u00d6CKER erfolgreich \u2013 Neuigkeiten zum \u201eConrad-Beschluss\u201c des Bundesverfassungsgerichts\" \/>\n<meta property=\"og:description\" content=\"Neuigkeiten in dem seit bald zwei Jahren andauernden Versuch der \u201eGewerkschaft der Polizei \u2013 Bundespolizei\u201c (GdP Bundespolizei), eine Pressemitteilung des H\u00d6CKER-Mandanten \u201eDPolG Bundespolizeigewerkschaft e.V.\u201c (DPolG BPolG) zu untersagen \u2013 ArbG Berlin weist Unterlassungsklage gegen DPolG BPolG ab Die GdP Bundespolizei hatte bekanntlich Ende April 2020 wegen einer Pressemitteilung der DPolG BPolG zu Personalratswahlen eine einstweilige [&hellip;]\" \/>\n<meta property=\"og:url\" content=\"https:\/\/www.hoecker.eu\/blog\/polizeigewerkschaft-erneut-mit-hoecker-erfolgreich-neuigkeiten-zum-conrad-beschluss-des-bundesverfassungsgerichts\/\" \/>\n<meta property=\"og:site_name\" content=\"H\u00d6CKER - der Blog\" \/>\n<meta property=\"article:publisher\" content=\"https:\/\/www.facebook.com\/HoeckerRAe\/\" \/>\n<meta property=\"article:author\" content=\"https:\/\/www.facebook.com\/ralf.hoecker\" \/>\n<meta property=\"article:published_time\" content=\"2022-03-01T10:10:00+00:00\" \/>\n<meta property=\"article:modified_time\" content=\"2025-02-17T13:54:13+00:00\" \/>\n<meta name=\"author\" content=\"Prof. Dr. Ralf H\u00f6cker\" \/>\n<meta name=\"twitter:card\" content=\"summary_large_image\" \/>\n<meta name=\"twitter:creator\" content=\"@Ralf_Hoecker\" \/>\n<meta name=\"twitter:site\" content=\"@hoecker_rae\" \/>\n<meta name=\"twitter:label1\" content=\"Verfasst von\" \/>\n\t<meta name=\"twitter:data1\" content=\"Prof. Dr. Ralf H\u00f6cker\" \/>\n\t<meta name=\"twitter:label2\" content=\"Gesch\u00e4tzte Lesezeit\" \/>\n\t<meta name=\"twitter:data2\" content=\"2\u00a0Minuten\" \/>\n<script type=\"application\/ld+json\" class=\"yoast-schema-graph\">{\"@context\":\"https:\/\/schema.org\",\"@graph\":[{\"@type\":\"Article\",\"@id\":\"https:\/\/www.hoecker.eu\/blog\/polizeigewerkschaft-erneut-mit-hoecker-erfolgreich-neuigkeiten-zum-conrad-beschluss-des-bundesverfassungsgerichts\/#article\",\"isPartOf\":{\"@id\":\"https:\/\/www.hoecker.eu\/blog\/polizeigewerkschaft-erneut-mit-hoecker-erfolgreich-neuigkeiten-zum-conrad-beschluss-des-bundesverfassungsgerichts\/\"},\"author\":{\"name\":\"Prof. Dr. Ralf H\u00f6cker\",\"@id\":\"https:\/\/www.hoecker.eu\/blog\/#\/schema\/person\/08f95581eed0534eccd0b2438f7a1cab\"},\"headline\":\"Polizeigewerkschaft erneut mit H\u00d6CKER erfolgreich \u2013 Neuigkeiten zum \u201eConrad-Beschluss\u201c des Bundesverfassungsgerichts\",\"datePublished\":\"2022-03-01T10:10:00+00:00\",\"dateModified\":\"2025-02-17T13:54:13+00:00\",\"mainEntityOfPage\":{\"@id\":\"https:\/\/www.hoecker.eu\/blog\/polizeigewerkschaft-erneut-mit-hoecker-erfolgreich-neuigkeiten-zum-conrad-beschluss-des-bundesverfassungsgerichts\/\"},\"wordCount\":459,\"publisher\":{\"@id\":\"https:\/\/www.hoecker.eu\/blog\/#organization\"},\"articleSection\":[\"News\"],\"inLanguage\":\"de\"},{\"@type\":\"WebPage\",\"@id\":\"https:\/\/www.hoecker.eu\/blog\/polizeigewerkschaft-erneut-mit-hoecker-erfolgreich-neuigkeiten-zum-conrad-beschluss-des-bundesverfassungsgerichts\/\",\"url\":\"https:\/\/www.hoecker.eu\/blog\/polizeigewerkschaft-erneut-mit-hoecker-erfolgreich-neuigkeiten-zum-conrad-beschluss-des-bundesverfassungsgerichts\/\",\"name\":\"Polizeigewerkschaft erneut mit H\u00d6CKER erfolgreich \u2013 Neuigkeiten zum \u201eConrad-Beschluss\u201c des Bundesverfassungsgerichts - H\u00d6CKER - der Blog\",\"isPartOf\":{\"@id\":\"https:\/\/www.hoecker.eu\/blog\/#website\"},\"datePublished\":\"2022-03-01T10:10:00+00:00\",\"dateModified\":\"2025-02-17T13:54:13+00:00\",\"breadcrumb\":{\"@id\":\"https:\/\/www.hoecker.eu\/blog\/polizeigewerkschaft-erneut-mit-hoecker-erfolgreich-neuigkeiten-zum-conrad-beschluss-des-bundesverfassungsgerichts\/#breadcrumb\"},\"inLanguage\":\"de\",\"potentialAction\":[{\"@type\":\"ReadAction\",\"target\":[\"https:\/\/www.hoecker.eu\/blog\/polizeigewerkschaft-erneut-mit-hoecker-erfolgreich-neuigkeiten-zum-conrad-beschluss-des-bundesverfassungsgerichts\/\"]}]},{\"@type\":\"BreadcrumbList\",\"@id\":\"https:\/\/www.hoecker.eu\/blog\/polizeigewerkschaft-erneut-mit-hoecker-erfolgreich-neuigkeiten-zum-conrad-beschluss-des-bundesverfassungsgerichts\/#breadcrumb\",\"itemListElement\":[{\"@type\":\"ListItem\",\"position\":1,\"name\":\"Startseite\",\"item\":\"https:\/\/dev.hoecker.eu\/blog\/\"},{\"@type\":\"ListItem\",\"position\":2,\"name\":\"Polizeigewerkschaft erneut mit H\u00d6CKER erfolgreich \u2013 Neuigkeiten zum \u201eConrad-Beschluss\u201c des Bundesverfassungsgerichts\"}]},{\"@type\":\"WebSite\",\"@id\":\"https:\/\/www.hoecker.eu\/blog\/#website\",\"url\":\"https:\/\/www.hoecker.eu\/blog\/\",\"name\":\"H\u00d6CKER - der Blog\",\"description\":\"Expertenblog f\u00fcr \u00c4u\u00dferungs-, Medien-, Marken-, Urheber- und Wettbewerbsrecht.\",\"publisher\":{\"@id\":\"https:\/\/www.hoecker.eu\/blog\/#organization\"},\"potentialAction\":[{\"@type\":\"SearchAction\",\"target\":{\"@type\":\"EntryPoint\",\"urlTemplate\":\"https:\/\/www.hoecker.eu\/blog\/?s={search_term_string}\"},\"query-input\":{\"@type\":\"PropertyValueSpecification\",\"valueRequired\":true,\"valueName\":\"search_term_string\"}}],\"inLanguage\":\"de\"},{\"@type\":\"Organization\",\"@id\":\"https:\/\/www.hoecker.eu\/blog\/#organization\",\"name\":\"H\u00d6CKER Rechtsanw\u00e4lte PartGmbB\",\"alternateName\":\"H\u00d6CKER\",\"url\":\"https:\/\/www.hoecker.eu\/blog\/\",\"logo\":{\"@type\":\"ImageObject\",\"inLanguage\":\"de\",\"@id\":\"https:\/\/www.hoecker.eu\/blog\/#\/schema\/logo\/image\/\",\"url\":\"https:\/\/www.hoecker.eu\/blog\/wp-content\/uploads\/2025\/03\/Blog-Logo.webp\",\"contentUrl\":\"https:\/\/www.hoecker.eu\/blog\/wp-content\/uploads\/2025\/03\/Blog-Logo.webp\",\"width\":500,\"height\":500,\"caption\":\"H\u00d6CKER Rechtsanw\u00e4lte PartGmbB\"},\"image\":{\"@id\":\"https:\/\/www.hoecker.eu\/blog\/#\/schema\/logo\/image\/\"},\"sameAs\":[\"https:\/\/www.facebook.com\/HoeckerRAe\/\",\"https:\/\/x.com\/hoecker_rae\",\"https:\/\/www.linkedin.com\/company\/hcker-rechtsanwlte\/\",\"https:\/\/www.instagram.com\/hoecker_rae\/\"],\"email\":\"contact@hoecker.eu\",\"telephone\":\"+ 49 (0)221-933 19-10\",\"legalName\":\"H\u00d6CKER Rechtsanw\u00e4lte PartGmbB\",\"numberOfEmployees\":{\"@type\":\"QuantitativeValue\",\"minValue\":\"11\",\"maxValue\":\"50\"}},{\"@type\":\"Person\",\"@id\":\"https:\/\/www.hoecker.eu\/blog\/#\/schema\/person\/08f95581eed0534eccd0b2438f7a1cab\",\"name\":\"Prof. Dr. Ralf H\u00f6cker\",\"description\":\"Medienanwalt. Besch\u00fctzer vor mieser Presse\",\"sameAs\":[\"https:\/\/www.hoecker.eu\/wer\/prof-dr-ralf-hoecker\",\"https:\/\/www.facebook.com\/ralf.hoecker\",\"https:\/\/www.linkedin.com\/in\/prof-dr-ralf-hcker-ll-m-london-17987826\/\",\"https:\/\/x.com\/Ralf_Hoecker\"],\"url\":\"https:\/\/www.hoecker.eu\/blog\/author\/hoecker_adm\/\"}]}<\/script>\n<!-- \/ Yoast SEO Premium plugin. -->","yoast_head_json":{"title":"Polizeigewerkschaft erneut mit H\u00d6CKER erfolgreich \u2013 Neuigkeiten zum \u201eConrad-Beschluss\u201c des Bundesverfassungsgerichts - H\u00d6CKER - der Blog","robots":{"index":"index","follow":"follow","max-snippet":"max-snippet:-1","max-image-preview":"max-image-preview:large","max-video-preview":"max-video-preview:-1"},"canonical":"https:\/\/www.hoecker.eu\/blog\/polizeigewerkschaft-erneut-mit-hoecker-erfolgreich-neuigkeiten-zum-conrad-beschluss-des-bundesverfassungsgerichts\/","og_locale":"de_DE","og_type":"article","og_title":"Polizeigewerkschaft erneut mit H\u00d6CKER erfolgreich \u2013 Neuigkeiten zum \u201eConrad-Beschluss\u201c des Bundesverfassungsgerichts","og_description":"Neuigkeiten in dem seit bald zwei Jahren andauernden Versuch der \u201eGewerkschaft der Polizei \u2013 Bundespolizei\u201c (GdP Bundespolizei), eine Pressemitteilung des H\u00d6CKER-Mandanten \u201eDPolG Bundespolizeigewerkschaft e.V.\u201c (DPolG BPolG) zu untersagen \u2013 ArbG Berlin weist Unterlassungsklage gegen DPolG BPolG ab Die GdP Bundespolizei hatte bekanntlich Ende April 2020 wegen einer Pressemitteilung der DPolG BPolG zu Personalratswahlen eine einstweilige [&hellip;]","og_url":"https:\/\/www.hoecker.eu\/blog\/polizeigewerkschaft-erneut-mit-hoecker-erfolgreich-neuigkeiten-zum-conrad-beschluss-des-bundesverfassungsgerichts\/","og_site_name":"H\u00d6CKER - der Blog","article_publisher":"https:\/\/www.facebook.com\/HoeckerRAe\/","article_author":"https:\/\/www.facebook.com\/ralf.hoecker","article_published_time":"2022-03-01T10:10:00+00:00","article_modified_time":"2025-02-17T13:54:13+00:00","author":"Prof. Dr. Ralf H\u00f6cker","twitter_card":"summary_large_image","twitter_creator":"@Ralf_Hoecker","twitter_site":"@hoecker_rae","twitter_misc":{"Verfasst von":"Prof. Dr. Ralf H\u00f6cker","Gesch\u00e4tzte Lesezeit":"2\u00a0Minuten"},"schema":{"@context":"https:\/\/schema.org","@graph":[{"@type":"Article","@id":"https:\/\/www.hoecker.eu\/blog\/polizeigewerkschaft-erneut-mit-hoecker-erfolgreich-neuigkeiten-zum-conrad-beschluss-des-bundesverfassungsgerichts\/#article","isPartOf":{"@id":"https:\/\/www.hoecker.eu\/blog\/polizeigewerkschaft-erneut-mit-hoecker-erfolgreich-neuigkeiten-zum-conrad-beschluss-des-bundesverfassungsgerichts\/"},"author":{"name":"Prof. Dr. Ralf H\u00f6cker","@id":"https:\/\/www.hoecker.eu\/blog\/#\/schema\/person\/08f95581eed0534eccd0b2438f7a1cab"},"headline":"Polizeigewerkschaft erneut mit H\u00d6CKER erfolgreich \u2013 Neuigkeiten zum \u201eConrad-Beschluss\u201c des Bundesverfassungsgerichts","datePublished":"2022-03-01T10:10:00+00:00","dateModified":"2025-02-17T13:54:13+00:00","mainEntityOfPage":{"@id":"https:\/\/www.hoecker.eu\/blog\/polizeigewerkschaft-erneut-mit-hoecker-erfolgreich-neuigkeiten-zum-conrad-beschluss-des-bundesverfassungsgerichts\/"},"wordCount":459,"publisher":{"@id":"https:\/\/www.hoecker.eu\/blog\/#organization"},"articleSection":["News"],"inLanguage":"de"},{"@type":"WebPage","@id":"https:\/\/www.hoecker.eu\/blog\/polizeigewerkschaft-erneut-mit-hoecker-erfolgreich-neuigkeiten-zum-conrad-beschluss-des-bundesverfassungsgerichts\/","url":"https:\/\/www.hoecker.eu\/blog\/polizeigewerkschaft-erneut-mit-hoecker-erfolgreich-neuigkeiten-zum-conrad-beschluss-des-bundesverfassungsgerichts\/","name":"Polizeigewerkschaft erneut mit H\u00d6CKER erfolgreich \u2013 Neuigkeiten zum \u201eConrad-Beschluss\u201c des Bundesverfassungsgerichts - H\u00d6CKER - der Blog","isPartOf":{"@id":"https:\/\/www.hoecker.eu\/blog\/#website"},"datePublished":"2022-03-01T10:10:00+00:00","dateModified":"2025-02-17T13:54:13+00:00","breadcrumb":{"@id":"https:\/\/www.hoecker.eu\/blog\/polizeigewerkschaft-erneut-mit-hoecker-erfolgreich-neuigkeiten-zum-conrad-beschluss-des-bundesverfassungsgerichts\/#breadcrumb"},"inLanguage":"de","potentialAction":[{"@type":"ReadAction","target":["https:\/\/www.hoecker.eu\/blog\/polizeigewerkschaft-erneut-mit-hoecker-erfolgreich-neuigkeiten-zum-conrad-beschluss-des-bundesverfassungsgerichts\/"]}]},{"@type":"BreadcrumbList","@id":"https:\/\/www.hoecker.eu\/blog\/polizeigewerkschaft-erneut-mit-hoecker-erfolgreich-neuigkeiten-zum-conrad-beschluss-des-bundesverfassungsgerichts\/#breadcrumb","itemListElement":[{"@type":"ListItem","position":1,"name":"Startseite","item":"https:\/\/dev.hoecker.eu\/blog\/"},{"@type":"ListItem","position":2,"name":"Polizeigewerkschaft erneut mit H\u00d6CKER erfolgreich \u2013 Neuigkeiten zum \u201eConrad-Beschluss\u201c des Bundesverfassungsgerichts"}]},{"@type":"WebSite","@id":"https:\/\/www.hoecker.eu\/blog\/#website","url":"https:\/\/www.hoecker.eu\/blog\/","name":"H\u00d6CKER - der Blog","description":"Expertenblog f\u00fcr \u00c4u\u00dferungs-, Medien-, Marken-, Urheber- und Wettbewerbsrecht.","publisher":{"@id":"https:\/\/www.hoecker.eu\/blog\/#organization"},"potentialAction":[{"@type":"SearchAction","target":{"@type":"EntryPoint","urlTemplate":"https:\/\/www.hoecker.eu\/blog\/?s={search_term_string}"},"query-input":{"@type":"PropertyValueSpecification","valueRequired":true,"valueName":"search_term_string"}}],"inLanguage":"de"},{"@type":"Organization","@id":"https:\/\/www.hoecker.eu\/blog\/#organization","name":"H\u00d6CKER Rechtsanw\u00e4lte PartGmbB","alternateName":"H\u00d6CKER","url":"https:\/\/www.hoecker.eu\/blog\/","logo":{"@type":"ImageObject","inLanguage":"de","@id":"https:\/\/www.hoecker.eu\/blog\/#\/schema\/logo\/image\/","url":"https:\/\/www.hoecker.eu\/blog\/wp-content\/uploads\/2025\/03\/Blog-Logo.webp","contentUrl":"https:\/\/www.hoecker.eu\/blog\/wp-content\/uploads\/2025\/03\/Blog-Logo.webp","width":500,"height":500,"caption":"H\u00d6CKER Rechtsanw\u00e4lte PartGmbB"},"image":{"@id":"https:\/\/www.hoecker.eu\/blog\/#\/schema\/logo\/image\/"},"sameAs":["https:\/\/www.facebook.com\/HoeckerRAe\/","https:\/\/x.com\/hoecker_rae","https:\/\/www.linkedin.com\/company\/hcker-rechtsanwlte\/","https:\/\/www.instagram.com\/hoecker_rae\/"],"email":"contact@hoecker.eu","telephone":"+ 49 (0)221-933 19-10","legalName":"H\u00d6CKER Rechtsanw\u00e4lte PartGmbB","numberOfEmployees":{"@type":"QuantitativeValue","minValue":"11","maxValue":"50"}},{"@type":"Person","@id":"https:\/\/www.hoecker.eu\/blog\/#\/schema\/person\/08f95581eed0534eccd0b2438f7a1cab","name":"Prof. Dr. Ralf H\u00f6cker","description":"Medienanwalt. Besch\u00fctzer vor mieser Presse","sameAs":["https:\/\/www.hoecker.eu\/wer\/prof-dr-ralf-hoecker","https:\/\/www.facebook.com\/ralf.hoecker","https:\/\/www.linkedin.com\/in\/prof-dr-ralf-hcker-ll-m-london-17987826\/","https:\/\/x.com\/Ralf_Hoecker"],"url":"https:\/\/www.hoecker.eu\/blog\/author\/hoecker_adm\/"}]}},"authors":[{"term_id":84,"user_id":1,"is_guest":0,"slug":"hoecker_adm","display_name":"Prof. Dr. Ralf H\u00f6cker","avatar_url":{"url":"https:\/\/www.hoecker.eu\/blog\/wp-content\/uploads\/2023\/12\/ProfDrRalfHoecker.jpg","url2x":"https:\/\/www.hoecker.eu\/blog\/wp-content\/uploads\/2023\/12\/ProfDrRalfHoecker.jpg"},"0":null,"1":"","2":"","3":"","4":"","5":"","6":"","7":"","8":"","9":"","10":"","11":""}],"_links":{"self":[{"href":"https:\/\/www.hoecker.eu\/blog\/wp-json\/wp\/v2\/posts\/8217","targetHints":{"allow":["GET"]}}],"collection":[{"href":"https:\/\/www.hoecker.eu\/blog\/wp-json\/wp\/v2\/posts"}],"about":[{"href":"https:\/\/www.hoecker.eu\/blog\/wp-json\/wp\/v2\/types\/post"}],"author":[{"embeddable":true,"href":"https:\/\/www.hoecker.eu\/blog\/wp-json\/wp\/v2\/users\/1"}],"replies":[{"embeddable":true,"href":"https:\/\/www.hoecker.eu\/blog\/wp-json\/wp\/v2\/comments?post=8217"}],"version-history":[{"count":1,"href":"https:\/\/www.hoecker.eu\/blog\/wp-json\/wp\/v2\/posts\/8217\/revisions"}],"predecessor-version":[{"id":9339,"href":"https:\/\/www.hoecker.eu\/blog\/wp-json\/wp\/v2\/posts\/8217\/revisions\/9339"}],"wp:attachment":[{"href":"https:\/\/www.hoecker.eu\/blog\/wp-json\/wp\/v2\/media?parent=8217"}],"wp:term":[{"taxonomy":"category","embeddable":true,"href":"https:\/\/www.hoecker.eu\/blog\/wp-json\/wp\/v2\/categories?post=8217"},{"taxonomy":"post_tag","embeddable":true,"href":"https:\/\/www.hoecker.eu\/blog\/wp-json\/wp\/v2\/tags?post=8217"},{"taxonomy":"hashtags","embeddable":true,"href":"https:\/\/www.hoecker.eu\/blog\/wp-json\/wp\/v2\/hashtags?post=8217"},{"taxonomy":"author","embeddable":true,"href":"https:\/\/www.hoecker.eu\/blog\/wp-json\/wp\/v2\/ppma_author?post=8217"}],"curies":[{"name":"wp","href":"https:\/\/api.w.org\/{rel}","templated":true}]}}