{"id":8216,"date":"2022-03-01T11:11:00","date_gmt":"2022-03-01T10:11:00","guid":{"rendered":"https:\/\/www.hoecker.eu\/blog\/the-legal-500-hoecker-erneut-unter-den-fuehrenden-deutschen-kanzleien-im-presserecht\/"},"modified":"2025-02-17T14:54:12","modified_gmt":"2025-02-17T13:54:12","slug":"the-legal-500-hoecker-erneut-unter-den-fuehrenden-deutschen-kanzleien-im-presserecht","status":"publish","type":"post","link":"https:\/\/www.hoecker.eu\/blog\/the-legal-500-hoecker-erneut-unter-den-fuehrenden-deutschen-kanzleien-im-presserecht\/","title":{"rendered":"The LEGAL 500: H\u00d6CKER erneut unter den f\u00fchrenden deutschen Kanzleien im Presserecht"},"content":{"rendered":"<p>Wir freuen uns, dass das f\u00fchrende Anwaltsverzeichnis The LEGAL 500 aufgrund seiner Marktanalyse f\u00fcr 2022 H\u00d6CKER weiterhin unter den f\u00fchrenden deutschen Kanzleien im Presserecht f\u00fchrt. Prof Dr. Ralf H\u00f6cker wird erneut als f\u00fchrender Name im Presserecht empfohlen. Auch die Partner Dr. Carsten Brennecke und Dr. Marcel Leeser werden lobend erw\u00e4hnt.<\/p>\n<p>Die LEGAL 500-Redaktion \u00fcber H\u00d6CKER: \u201eH\u00f6cker gilt als anerkannte Kanzlei f\u00fcr die pr\u00e4ventive Beratung und Vertretung von Betroffenen im Presserecht, \u00f6ffentlichem \u00c4u\u00dferungsrecht sowie an der Schnittstelle zwischen \u00c4u\u00dferungsrecht und Wettbewerbsrecht. Zuletzt begleitete Carsten Brennecke beispielsweise das Erzbistum K\u00f6ln, wobei es unter anderem um den Umgang mit kritischer Berichterstattung infolge der Ver\u00f6ffentlichung eines Missbrauchsgutachtens ging, w\u00e4hrend Ralf H\u00f6cker im Auftrag des niederl\u00e4ndischen K\u00f6nigspaares gegen Axel Springer und die Fotoagentur action press wegen der Ver\u00f6ffentlichung von Urlaubsbildern beim Landgericht K\u00f6ln erfolgreich vorging. Marcel Leeser geh\u00f6rt ebenfalls zu den Hauptfiguren des Teams.\u201c<\/p>\n","protected":false},"excerpt":{"rendered":"<p>Wir freuen uns, dass das f\u00fchrende Anwaltsverzeichnis The LEGAL 500 aufgrund seiner Marktanalyse f\u00fcr 2022 H\u00d6CKER weiterhin unter den f\u00fchrenden deutschen Kanzleien im Presserecht f\u00fchrt. Prof Dr. Ralf H\u00f6cker wird erneut als f\u00fchrender Name im Presserecht empfohlen. Auch die Partner Dr. Carsten Brennecke und Dr. Marcel Leeser werden lobend erw\u00e4hnt. Die LEGAL 500-Redaktion \u00fcber H\u00d6CKER: [&hellip;]<\/p>\n","protected":false},"author":1,"featured_media":0,"comment_status":"closed","ping_status":"closed","sticky":false,"template":"","format":"standard","meta":{"_has_post_settings":[],"footnotes":""},"categories":[15],"tags":[],"hashtags":[],"ppma_author":[84],"class_list":["post-8216","post","type-post","status-publish","format-standard","hentry","category-news","author-hoecker_adm"],"yoast_head":"<!-- This site is optimized with the Yoast SEO Premium plugin v25.9 (Yoast SEO v27.0) - https:\/\/yoast.com\/product\/yoast-seo-premium-wordpress\/ -->\n<title>The LEGAL 500: H\u00d6CKER erneut unter den f\u00fchrenden deutschen Kanzleien im Presserecht - H\u00d6CKER - der Blog<\/title>\n<meta name=\"robots\" content=\"index, follow, max-snippet:-1, max-image-preview:large, max-video-preview:-1\" \/>\n<link rel=\"canonical\" href=\"https:\/\/www.hoecker.eu\/blog\/the-legal-500-hoecker-erneut-unter-den-fuehrenden-deutschen-kanzleien-im-presserecht\/\" \/>\n<meta property=\"og:locale\" content=\"de_DE\" \/>\n<meta property=\"og:type\" content=\"article\" \/>\n<meta property=\"og:title\" content=\"The LEGAL 500: H\u00d6CKER erneut unter den f\u00fchrenden deutschen Kanzleien im Presserecht\" \/>\n<meta property=\"og:description\" content=\"Wir freuen uns, dass das f\u00fchrende Anwaltsverzeichnis The LEGAL 500 aufgrund seiner Marktanalyse f\u00fcr 2022 H\u00d6CKER weiterhin unter den f\u00fchrenden deutschen Kanzleien im Presserecht f\u00fchrt. Prof Dr. Ralf H\u00f6cker wird erneut als f\u00fchrender Name im Presserecht empfohlen. Auch die Partner Dr. Carsten Brennecke und Dr. Marcel Leeser werden lobend erw\u00e4hnt. Die LEGAL 500-Redaktion \u00fcber H\u00d6CKER: [&hellip;]\" \/>\n<meta property=\"og:url\" content=\"https:\/\/www.hoecker.eu\/blog\/the-legal-500-hoecker-erneut-unter-den-fuehrenden-deutschen-kanzleien-im-presserecht\/\" \/>\n<meta property=\"og:site_name\" content=\"H\u00d6CKER - der Blog\" \/>\n<meta property=\"article:publisher\" content=\"https:\/\/www.facebook.com\/HoeckerRAe\/\" \/>\n<meta property=\"article:author\" content=\"https:\/\/www.facebook.com\/ralf.hoecker\" \/>\n<meta property=\"article:published_time\" content=\"2022-03-01T10:11:00+00:00\" \/>\n<meta property=\"article:modified_time\" content=\"2025-02-17T13:54:12+00:00\" \/>\n<meta name=\"author\" content=\"Prof. Dr. Ralf H\u00f6cker\" \/>\n<meta name=\"twitter:card\" content=\"summary_large_image\" \/>\n<meta name=\"twitter:creator\" content=\"@Ralf_Hoecker\" \/>\n<meta name=\"twitter:site\" content=\"@hoecker_rae\" \/>\n<meta name=\"twitter:label1\" content=\"Verfasst von\" \/>\n\t<meta name=\"twitter:data1\" content=\"Prof. Dr. Ralf H\u00f6cker\" \/>\n\t<meta name=\"twitter:label2\" content=\"Gesch\u00e4tzte Lesezeit\" \/>\n\t<meta name=\"twitter:data2\" content=\"1\u00a0Minute\" \/>\n<script type=\"application\/ld+json\" class=\"yoast-schema-graph\">{\"@context\":\"https:\/\/schema.org\",\"@graph\":[{\"@type\":\"Article\",\"@id\":\"https:\/\/www.hoecker.eu\/blog\/the-legal-500-hoecker-erneut-unter-den-fuehrenden-deutschen-kanzleien-im-presserecht\/#article\",\"isPartOf\":{\"@id\":\"https:\/\/www.hoecker.eu\/blog\/the-legal-500-hoecker-erneut-unter-den-fuehrenden-deutschen-kanzleien-im-presserecht\/\"},\"author\":{\"name\":\"Prof. Dr. Ralf H\u00f6cker\",\"@id\":\"https:\/\/www.hoecker.eu\/blog\/#\/schema\/person\/08f95581eed0534eccd0b2438f7a1cab\"},\"headline\":\"The LEGAL 500: H\u00d6CKER erneut unter den f\u00fchrenden deutschen Kanzleien im Presserecht\",\"datePublished\":\"2022-03-01T10:11:00+00:00\",\"dateModified\":\"2025-02-17T13:54:12+00:00\",\"mainEntityOfPage\":{\"@id\":\"https:\/\/www.hoecker.eu\/blog\/the-legal-500-hoecker-erneut-unter-den-fuehrenden-deutschen-kanzleien-im-presserecht\/\"},\"wordCount\":173,\"publisher\":{\"@id\":\"https:\/\/www.hoecker.eu\/blog\/#organization\"},\"articleSection\":[\"News\"],\"inLanguage\":\"de\"},{\"@type\":\"WebPage\",\"@id\":\"https:\/\/www.hoecker.eu\/blog\/the-legal-500-hoecker-erneut-unter-den-fuehrenden-deutschen-kanzleien-im-presserecht\/\",\"url\":\"https:\/\/www.hoecker.eu\/blog\/the-legal-500-hoecker-erneut-unter-den-fuehrenden-deutschen-kanzleien-im-presserecht\/\",\"name\":\"The LEGAL 500: H\u00d6CKER erneut unter den f\u00fchrenden deutschen Kanzleien im Presserecht - H\u00d6CKER - der Blog\",\"isPartOf\":{\"@id\":\"https:\/\/www.hoecker.eu\/blog\/#website\"},\"datePublished\":\"2022-03-01T10:11:00+00:00\",\"dateModified\":\"2025-02-17T13:54:12+00:00\",\"breadcrumb\":{\"@id\":\"https:\/\/www.hoecker.eu\/blog\/the-legal-500-hoecker-erneut-unter-den-fuehrenden-deutschen-kanzleien-im-presserecht\/#breadcrumb\"},\"inLanguage\":\"de\",\"potentialAction\":[{\"@type\":\"ReadAction\",\"target\":[\"https:\/\/www.hoecker.eu\/blog\/the-legal-500-hoecker-erneut-unter-den-fuehrenden-deutschen-kanzleien-im-presserecht\/\"]}]},{\"@type\":\"BreadcrumbList\",\"@id\":\"https:\/\/www.hoecker.eu\/blog\/the-legal-500-hoecker-erneut-unter-den-fuehrenden-deutschen-kanzleien-im-presserecht\/#breadcrumb\",\"itemListElement\":[{\"@type\":\"ListItem\",\"position\":1,\"name\":\"Startseite\",\"item\":\"https:\/\/dev.hoecker.eu\/blog\/\"},{\"@type\":\"ListItem\",\"position\":2,\"name\":\"The LEGAL 500: H\u00d6CKER erneut unter den f\u00fchrenden deutschen Kanzleien im Presserecht\"}]},{\"@type\":\"WebSite\",\"@id\":\"https:\/\/www.hoecker.eu\/blog\/#website\",\"url\":\"https:\/\/www.hoecker.eu\/blog\/\",\"name\":\"H\u00d6CKER - der Blog\",\"description\":\"Expertenblog f\u00fcr \u00c4u\u00dferungs-, Medien-, Marken-, Urheber- und Wettbewerbsrecht.\",\"publisher\":{\"@id\":\"https:\/\/www.hoecker.eu\/blog\/#organization\"},\"potentialAction\":[{\"@type\":\"SearchAction\",\"target\":{\"@type\":\"EntryPoint\",\"urlTemplate\":\"https:\/\/www.hoecker.eu\/blog\/?s={search_term_string}\"},\"query-input\":{\"@type\":\"PropertyValueSpecification\",\"valueRequired\":true,\"valueName\":\"search_term_string\"}}],\"inLanguage\":\"de\"},{\"@type\":\"Organization\",\"@id\":\"https:\/\/www.hoecker.eu\/blog\/#organization\",\"name\":\"H\u00d6CKER Rechtsanw\u00e4lte PartGmbB\",\"alternateName\":\"H\u00d6CKER\",\"url\":\"https:\/\/www.hoecker.eu\/blog\/\",\"logo\":{\"@type\":\"ImageObject\",\"inLanguage\":\"de\",\"@id\":\"https:\/\/www.hoecker.eu\/blog\/#\/schema\/logo\/image\/\",\"url\":\"https:\/\/www.hoecker.eu\/blog\/wp-content\/uploads\/2025\/03\/Blog-Logo.webp\",\"contentUrl\":\"https:\/\/www.hoecker.eu\/blog\/wp-content\/uploads\/2025\/03\/Blog-Logo.webp\",\"width\":500,\"height\":500,\"caption\":\"H\u00d6CKER Rechtsanw\u00e4lte PartGmbB\"},\"image\":{\"@id\":\"https:\/\/www.hoecker.eu\/blog\/#\/schema\/logo\/image\/\"},\"sameAs\":[\"https:\/\/www.facebook.com\/HoeckerRAe\/\",\"https:\/\/x.com\/hoecker_rae\",\"https:\/\/www.linkedin.com\/company\/hcker-rechtsanwlte\/\",\"https:\/\/www.instagram.com\/hoecker_rae\/\"],\"email\":\"contact@hoecker.eu\",\"telephone\":\"+ 49 (0)221-933 19-10\",\"legalName\":\"H\u00d6CKER Rechtsanw\u00e4lte PartGmbB\",\"numberOfEmployees\":{\"@type\":\"QuantitativeValue\",\"minValue\":\"11\",\"maxValue\":\"50\"}},{\"@type\":\"Person\",\"@id\":\"https:\/\/www.hoecker.eu\/blog\/#\/schema\/person\/08f95581eed0534eccd0b2438f7a1cab\",\"name\":\"Prof. Dr. Ralf H\u00f6cker\",\"description\":\"Medienanwalt. Besch\u00fctzer vor mieser Presse\",\"sameAs\":[\"https:\/\/www.hoecker.eu\/wer\/prof-dr-ralf-hoecker\",\"https:\/\/www.facebook.com\/ralf.hoecker\",\"https:\/\/www.linkedin.com\/in\/prof-dr-ralf-hcker-ll-m-london-17987826\/\",\"https:\/\/x.com\/Ralf_Hoecker\"],\"url\":\"https:\/\/www.hoecker.eu\/blog\/author\/hoecker_adm\/\"}]}<\/script>\n<!-- \/ Yoast SEO Premium plugin. -->","yoast_head_json":{"title":"The LEGAL 500: H\u00d6CKER erneut unter den f\u00fchrenden deutschen Kanzleien im Presserecht - H\u00d6CKER - der Blog","robots":{"index":"index","follow":"follow","max-snippet":"max-snippet:-1","max-image-preview":"max-image-preview:large","max-video-preview":"max-video-preview:-1"},"canonical":"https:\/\/www.hoecker.eu\/blog\/the-legal-500-hoecker-erneut-unter-den-fuehrenden-deutschen-kanzleien-im-presserecht\/","og_locale":"de_DE","og_type":"article","og_title":"The LEGAL 500: H\u00d6CKER erneut unter den f\u00fchrenden deutschen Kanzleien im Presserecht","og_description":"Wir freuen uns, dass das f\u00fchrende Anwaltsverzeichnis The LEGAL 500 aufgrund seiner Marktanalyse f\u00fcr 2022 H\u00d6CKER weiterhin unter den f\u00fchrenden deutschen Kanzleien im Presserecht f\u00fchrt. Prof Dr. Ralf H\u00f6cker wird erneut als f\u00fchrender Name im Presserecht empfohlen. Auch die Partner Dr. Carsten Brennecke und Dr. Marcel Leeser werden lobend erw\u00e4hnt. Die LEGAL 500-Redaktion \u00fcber H\u00d6CKER: [&hellip;]","og_url":"https:\/\/www.hoecker.eu\/blog\/the-legal-500-hoecker-erneut-unter-den-fuehrenden-deutschen-kanzleien-im-presserecht\/","og_site_name":"H\u00d6CKER - der Blog","article_publisher":"https:\/\/www.facebook.com\/HoeckerRAe\/","article_author":"https:\/\/www.facebook.com\/ralf.hoecker","article_published_time":"2022-03-01T10:11:00+00:00","article_modified_time":"2025-02-17T13:54:12+00:00","author":"Prof. Dr. Ralf H\u00f6cker","twitter_card":"summary_large_image","twitter_creator":"@Ralf_Hoecker","twitter_site":"@hoecker_rae","twitter_misc":{"Verfasst von":"Prof. Dr. Ralf H\u00f6cker","Gesch\u00e4tzte Lesezeit":"1\u00a0Minute"},"schema":{"@context":"https:\/\/schema.org","@graph":[{"@type":"Article","@id":"https:\/\/www.hoecker.eu\/blog\/the-legal-500-hoecker-erneut-unter-den-fuehrenden-deutschen-kanzleien-im-presserecht\/#article","isPartOf":{"@id":"https:\/\/www.hoecker.eu\/blog\/the-legal-500-hoecker-erneut-unter-den-fuehrenden-deutschen-kanzleien-im-presserecht\/"},"author":{"name":"Prof. Dr. Ralf H\u00f6cker","@id":"https:\/\/www.hoecker.eu\/blog\/#\/schema\/person\/08f95581eed0534eccd0b2438f7a1cab"},"headline":"The LEGAL 500: H\u00d6CKER erneut unter den f\u00fchrenden deutschen Kanzleien im Presserecht","datePublished":"2022-03-01T10:11:00+00:00","dateModified":"2025-02-17T13:54:12+00:00","mainEntityOfPage":{"@id":"https:\/\/www.hoecker.eu\/blog\/the-legal-500-hoecker-erneut-unter-den-fuehrenden-deutschen-kanzleien-im-presserecht\/"},"wordCount":173,"publisher":{"@id":"https:\/\/www.hoecker.eu\/blog\/#organization"},"articleSection":["News"],"inLanguage":"de"},{"@type":"WebPage","@id":"https:\/\/www.hoecker.eu\/blog\/the-legal-500-hoecker-erneut-unter-den-fuehrenden-deutschen-kanzleien-im-presserecht\/","url":"https:\/\/www.hoecker.eu\/blog\/the-legal-500-hoecker-erneut-unter-den-fuehrenden-deutschen-kanzleien-im-presserecht\/","name":"The LEGAL 500: H\u00d6CKER erneut unter den f\u00fchrenden deutschen Kanzleien im Presserecht - H\u00d6CKER - der Blog","isPartOf":{"@id":"https:\/\/www.hoecker.eu\/blog\/#website"},"datePublished":"2022-03-01T10:11:00+00:00","dateModified":"2025-02-17T13:54:12+00:00","breadcrumb":{"@id":"https:\/\/www.hoecker.eu\/blog\/the-legal-500-hoecker-erneut-unter-den-fuehrenden-deutschen-kanzleien-im-presserecht\/#breadcrumb"},"inLanguage":"de","potentialAction":[{"@type":"ReadAction","target":["https:\/\/www.hoecker.eu\/blog\/the-legal-500-hoecker-erneut-unter-den-fuehrenden-deutschen-kanzleien-im-presserecht\/"]}]},{"@type":"BreadcrumbList","@id":"https:\/\/www.hoecker.eu\/blog\/the-legal-500-hoecker-erneut-unter-den-fuehrenden-deutschen-kanzleien-im-presserecht\/#breadcrumb","itemListElement":[{"@type":"ListItem","position":1,"name":"Startseite","item":"https:\/\/dev.hoecker.eu\/blog\/"},{"@type":"ListItem","position":2,"name":"The LEGAL 500: H\u00d6CKER erneut unter den f\u00fchrenden deutschen Kanzleien im Presserecht"}]},{"@type":"WebSite","@id":"https:\/\/www.hoecker.eu\/blog\/#website","url":"https:\/\/www.hoecker.eu\/blog\/","name":"H\u00d6CKER - der Blog","description":"Expertenblog f\u00fcr \u00c4u\u00dferungs-, Medien-, Marken-, Urheber- und Wettbewerbsrecht.","publisher":{"@id":"https:\/\/www.hoecker.eu\/blog\/#organization"},"potentialAction":[{"@type":"SearchAction","target":{"@type":"EntryPoint","urlTemplate":"https:\/\/www.hoecker.eu\/blog\/?s={search_term_string}"},"query-input":{"@type":"PropertyValueSpecification","valueRequired":true,"valueName":"search_term_string"}}],"inLanguage":"de"},{"@type":"Organization","@id":"https:\/\/www.hoecker.eu\/blog\/#organization","name":"H\u00d6CKER Rechtsanw\u00e4lte PartGmbB","alternateName":"H\u00d6CKER","url":"https:\/\/www.hoecker.eu\/blog\/","logo":{"@type":"ImageObject","inLanguage":"de","@id":"https:\/\/www.hoecker.eu\/blog\/#\/schema\/logo\/image\/","url":"https:\/\/www.hoecker.eu\/blog\/wp-content\/uploads\/2025\/03\/Blog-Logo.webp","contentUrl":"https:\/\/www.hoecker.eu\/blog\/wp-content\/uploads\/2025\/03\/Blog-Logo.webp","width":500,"height":500,"caption":"H\u00d6CKER Rechtsanw\u00e4lte PartGmbB"},"image":{"@id":"https:\/\/www.hoecker.eu\/blog\/#\/schema\/logo\/image\/"},"sameAs":["https:\/\/www.facebook.com\/HoeckerRAe\/","https:\/\/x.com\/hoecker_rae","https:\/\/www.linkedin.com\/company\/hcker-rechtsanwlte\/","https:\/\/www.instagram.com\/hoecker_rae\/"],"email":"contact@hoecker.eu","telephone":"+ 49 (0)221-933 19-10","legalName":"H\u00d6CKER Rechtsanw\u00e4lte PartGmbB","numberOfEmployees":{"@type":"QuantitativeValue","minValue":"11","maxValue":"50"}},{"@type":"Person","@id":"https:\/\/www.hoecker.eu\/blog\/#\/schema\/person\/08f95581eed0534eccd0b2438f7a1cab","name":"Prof. Dr. Ralf H\u00f6cker","description":"Medienanwalt. Besch\u00fctzer vor mieser Presse","sameAs":["https:\/\/www.hoecker.eu\/wer\/prof-dr-ralf-hoecker","https:\/\/www.facebook.com\/ralf.hoecker","https:\/\/www.linkedin.com\/in\/prof-dr-ralf-hcker-ll-m-london-17987826\/","https:\/\/x.com\/Ralf_Hoecker"],"url":"https:\/\/www.hoecker.eu\/blog\/author\/hoecker_adm\/"}]}},"authors":[{"term_id":84,"user_id":1,"is_guest":0,"slug":"hoecker_adm","display_name":"Prof. Dr. Ralf H\u00f6cker","avatar_url":{"url":"https:\/\/www.hoecker.eu\/blog\/wp-content\/uploads\/2023\/12\/ProfDrRalfHoecker.jpg","url2x":"https:\/\/www.hoecker.eu\/blog\/wp-content\/uploads\/2023\/12\/ProfDrRalfHoecker.jpg"},"0":null,"1":"","2":"","3":"","4":"","5":"","6":"","7":"","8":"","9":"","10":"","11":""}],"_links":{"self":[{"href":"https:\/\/www.hoecker.eu\/blog\/wp-json\/wp\/v2\/posts\/8216","targetHints":{"allow":["GET"]}}],"collection":[{"href":"https:\/\/www.hoecker.eu\/blog\/wp-json\/wp\/v2\/posts"}],"about":[{"href":"https:\/\/www.hoecker.eu\/blog\/wp-json\/wp\/v2\/types\/post"}],"author":[{"embeddable":true,"href":"https:\/\/www.hoecker.eu\/blog\/wp-json\/wp\/v2\/users\/1"}],"replies":[{"embeddable":true,"href":"https:\/\/www.hoecker.eu\/blog\/wp-json\/wp\/v2\/comments?post=8216"}],"version-history":[{"count":1,"href":"https:\/\/www.hoecker.eu\/blog\/wp-json\/wp\/v2\/posts\/8216\/revisions"}],"predecessor-version":[{"id":9338,"href":"https:\/\/www.hoecker.eu\/blog\/wp-json\/wp\/v2\/posts\/8216\/revisions\/9338"}],"wp:attachment":[{"href":"https:\/\/www.hoecker.eu\/blog\/wp-json\/wp\/v2\/media?parent=8216"}],"wp:term":[{"taxonomy":"category","embeddable":true,"href":"https:\/\/www.hoecker.eu\/blog\/wp-json\/wp\/v2\/categories?post=8216"},{"taxonomy":"post_tag","embeddable":true,"href":"https:\/\/www.hoecker.eu\/blog\/wp-json\/wp\/v2\/tags?post=8216"},{"taxonomy":"hashtags","embeddable":true,"href":"https:\/\/www.hoecker.eu\/blog\/wp-json\/wp\/v2\/hashtags?post=8216"},{"taxonomy":"author","embeddable":true,"href":"https:\/\/www.hoecker.eu\/blog\/wp-json\/wp\/v2\/ppma_author?post=8216"}],"curies":[{"name":"wp","href":"https:\/\/api.w.org\/{rel}","templated":true}]}}