{"id":8214,"date":"2022-03-01T11:12:00","date_gmt":"2022-03-01T10:12:00","guid":{"rendered":"https:\/\/www.hoecker.eu\/blog\/boshafte-spekulationen-so-verteidigt-benedikts-anwalt-den-emeritierten-papst-hoecker-partner-dr-carsten-brennecke-im-spiegel-interview\/"},"modified":"2025-02-17T14:54:11","modified_gmt":"2025-02-17T13:54:11","slug":"boshafte-spekulationen-so-verteidigt-benedikts-anwalt-den-emeritierten-papst-hoecker-partner-dr-carsten-brennecke-im-spiegel-interview","status":"publish","type":"post","link":"https:\/\/www.hoecker.eu\/blog\/boshafte-spekulationen-so-verteidigt-benedikts-anwalt-den-emeritierten-papst-hoecker-partner-dr-carsten-brennecke-im-spiegel-interview\/","title":{"rendered":"&#8220;&#8216;Boshafte Spekulationen&#8217; &#8211; So verteidigt Benedikts Anwalt den emeritierten Papst&#8221;: H\u00d6CKER-Partner Dr. Carsten Brennecke im SPIEGEL-Interview"},"content":{"rendered":"<p>Am 08.02.2022 berichtet u.a. der SPIEGEL, dass Dr. Carsten Brennecke zum Berater-Team des emeritierten Papstes Benedikt XVI. geh\u00f6rt. Brennecke hat Benedikt XVI. bei der Abfassung seiner Stellungnahme zum M\u00fcnchener Missbrauchsgutachten unterst\u00fctzt, das Gutachten anschlie\u00dfend analysiert und zusammen mit den weiteren Beratern falsche Darstellungen in einem Faktencheck klargestellt: <a href=\"https:\/\/www.spiegel.de\/panorama\/papst-benedikt-xvi-bittet-opfer-um-entschuldigung-a-17b8a130-4d33-4b7d-ae6c-d46d5c2b1066\" target=\"_blank\" rel=\"noreferrer noopener\">https:\/\/www.spiegel.de\/panorama\/papst-benedikt-xvi-bittet-opfer-um-entschuldigung-a-17b8a130-4d33-4b7d-ae6c-d46d5c2b1066<\/a><\/p>\n<p>Im SPIEGEL-Interview beantwortet Dr. Carsten Brennecke Fragen zur Beratung Papst Benedikts und bewertet das M\u00fcnchener Missbrauchsgutachten: \u201eAuch das neue M\u00fcnchener Gutachten \u00fcberzeugt mich fachlich nicht. Die Indizienlage ist so d\u00fcnn, dass man daraus keinesfalls eine Verurteilung ableiten kann. Ich bin der Meinung, dass sich die Anwaltskanzlei WSW mit diesem Gutachten endg\u00fcltig selbst disqualifiziert hat. Denn das Gutachten verletzt die tragenden rechtsstaatlichen Grunds\u00e4tze, die wir haben, und dass ist die auch aus dem Grundgesetz abgeleitete Unschuldsvermutung. Diese gilt, wenn einem Mensch ein Vorwurf gemacht wird und wir nur Indizien haben. Sie gilt f\u00fcr jeden Menschen, also auch f\u00fcr den Papst.\u201c<\/p>\n<p>Das Interview ist hier abrufbar: <a href=\"https:\/\/www.spiegel.de\/panorama\/gesellschaft\/benedikt-xvi-so-verteidigt-sein-anwalt-den-emeritierten-papst-a-423c9159-793e-405a-b37f-34f90f9ab9c8\" target=\"_blank\" rel=\"noreferrer noopener\">https:\/\/www.spiegel.de\/panorama\/gesellschaft\/benedikt-xvi-so-verteidigt-sein-anwalt-den-emeritierten-papst-a-423c9159-793e-405a-b37f-34f90f9ab9c8<\/a><\/p>\n","protected":false},"excerpt":{"rendered":"<p>Am 08.02.2022 berichtet u.a. der SPIEGEL, dass Dr. Carsten Brennecke zum Berater-Team des emeritierten Papstes Benedikt XVI. geh\u00f6rt. Brennecke hat Benedikt XVI. bei der Abfassung seiner Stellungnahme zum M\u00fcnchener Missbrauchsgutachten unterst\u00fctzt, das Gutachten anschlie\u00dfend analysiert und zusammen mit den weiteren Beratern falsche Darstellungen in einem Faktencheck klargestellt: https:\/\/www.spiegel.de\/panorama\/papst-benedikt-xvi-bittet-opfer-um-entschuldigung-a-17b8a130-4d33-4b7d-ae6c-d46d5c2b1066 Im SPIEGEL-Interview beantwortet Dr. Carsten Brennecke Fragen [&hellip;]<\/p>\n","protected":false},"author":1,"featured_media":0,"comment_status":"closed","ping_status":"closed","sticky":false,"template":"","format":"standard","meta":{"_has_post_settings":[],"footnotes":""},"categories":[15],"tags":[],"hashtags":[],"ppma_author":[84],"class_list":["post-8214","post","type-post","status-publish","format-standard","hentry","category-news","author-hoecker_adm"],"yoast_head":"<!-- This site is optimized with the Yoast SEO Premium plugin v25.9 (Yoast SEO v27.0) - https:\/\/yoast.com\/product\/yoast-seo-premium-wordpress\/ -->\n<title>&quot;&#039;Boshafte Spekulationen&#039; - So verteidigt Benedikts Anwalt den emeritierten Papst&quot;: H\u00d6CKER-Partner Dr. Carsten Brennecke im SPIEGEL-Interview - H\u00d6CKER - der Blog<\/title>\n<meta name=\"robots\" content=\"index, follow, max-snippet:-1, max-image-preview:large, max-video-preview:-1\" \/>\n<link rel=\"canonical\" href=\"https:\/\/www.hoecker.eu\/blog\/boshafte-spekulationen-so-verteidigt-benedikts-anwalt-den-emeritierten-papst-hoecker-partner-dr-carsten-brennecke-im-spiegel-interview\/\" \/>\n<meta property=\"og:locale\" content=\"de_DE\" \/>\n<meta property=\"og:type\" content=\"article\" \/>\n<meta property=\"og:title\" content=\"&quot;&#039;Boshafte Spekulationen&#039; - So verteidigt Benedikts Anwalt den emeritierten Papst&quot;: H\u00d6CKER-Partner Dr. Carsten Brennecke im SPIEGEL-Interview\" \/>\n<meta property=\"og:description\" content=\"Am 08.02.2022 berichtet u.a. der SPIEGEL, dass Dr. Carsten Brennecke zum Berater-Team des emeritierten Papstes Benedikt XVI. geh\u00f6rt. Brennecke hat Benedikt XVI. bei der Abfassung seiner Stellungnahme zum M\u00fcnchener Missbrauchsgutachten unterst\u00fctzt, das Gutachten anschlie\u00dfend analysiert und zusammen mit den weiteren Beratern falsche Darstellungen in einem Faktencheck klargestellt: https:\/\/www.spiegel.de\/panorama\/papst-benedikt-xvi-bittet-opfer-um-entschuldigung-a-17b8a130-4d33-4b7d-ae6c-d46d5c2b1066 Im SPIEGEL-Interview beantwortet Dr. Carsten Brennecke Fragen [&hellip;]\" \/>\n<meta property=\"og:url\" content=\"https:\/\/www.hoecker.eu\/blog\/boshafte-spekulationen-so-verteidigt-benedikts-anwalt-den-emeritierten-papst-hoecker-partner-dr-carsten-brennecke-im-spiegel-interview\/\" \/>\n<meta property=\"og:site_name\" content=\"H\u00d6CKER - der Blog\" \/>\n<meta property=\"article:publisher\" content=\"https:\/\/www.facebook.com\/HoeckerRAe\/\" \/>\n<meta property=\"article:author\" content=\"https:\/\/www.facebook.com\/ralf.hoecker\" \/>\n<meta property=\"article:published_time\" content=\"2022-03-01T10:12:00+00:00\" \/>\n<meta property=\"article:modified_time\" content=\"2025-02-17T13:54:11+00:00\" \/>\n<meta name=\"author\" content=\"Prof. Dr. Ralf H\u00f6cker\" \/>\n<meta name=\"twitter:card\" content=\"summary_large_image\" \/>\n<meta name=\"twitter:creator\" content=\"@Ralf_Hoecker\" \/>\n<meta name=\"twitter:site\" content=\"@hoecker_rae\" \/>\n<meta name=\"twitter:label1\" content=\"Verfasst von\" \/>\n\t<meta name=\"twitter:data1\" content=\"Prof. Dr. Ralf H\u00f6cker\" \/>\n\t<meta name=\"twitter:label2\" content=\"Gesch\u00e4tzte Lesezeit\" \/>\n\t<meta name=\"twitter:data2\" content=\"1\u00a0Minute\" \/>\n<script type=\"application\/ld+json\" class=\"yoast-schema-graph\">{\"@context\":\"https:\/\/schema.org\",\"@graph\":[{\"@type\":\"Article\",\"@id\":\"https:\/\/www.hoecker.eu\/blog\/boshafte-spekulationen-so-verteidigt-benedikts-anwalt-den-emeritierten-papst-hoecker-partner-dr-carsten-brennecke-im-spiegel-interview\/#article\",\"isPartOf\":{\"@id\":\"https:\/\/www.hoecker.eu\/blog\/boshafte-spekulationen-so-verteidigt-benedikts-anwalt-den-emeritierten-papst-hoecker-partner-dr-carsten-brennecke-im-spiegel-interview\/\"},\"author\":{\"name\":\"Prof. Dr. Ralf H\u00f6cker\",\"@id\":\"https:\/\/www.hoecker.eu\/blog\/#\/schema\/person\/08f95581eed0534eccd0b2438f7a1cab\"},\"headline\":\"&#8220;&#8216;Boshafte Spekulationen&#8217; &#8211; So verteidigt Benedikts Anwalt den emeritierten Papst&#8221;: H\u00d6CKER-Partner Dr. Carsten Brennecke im SPIEGEL-Interview\",\"datePublished\":\"2022-03-01T10:12:00+00:00\",\"dateModified\":\"2025-02-17T13:54:11+00:00\",\"mainEntityOfPage\":{\"@id\":\"https:\/\/www.hoecker.eu\/blog\/boshafte-spekulationen-so-verteidigt-benedikts-anwalt-den-emeritierten-papst-hoecker-partner-dr-carsten-brennecke-im-spiegel-interview\/\"},\"wordCount\":212,\"publisher\":{\"@id\":\"https:\/\/www.hoecker.eu\/blog\/#organization\"},\"articleSection\":[\"News\"],\"inLanguage\":\"de\"},{\"@type\":\"WebPage\",\"@id\":\"https:\/\/www.hoecker.eu\/blog\/boshafte-spekulationen-so-verteidigt-benedikts-anwalt-den-emeritierten-papst-hoecker-partner-dr-carsten-brennecke-im-spiegel-interview\/\",\"url\":\"https:\/\/www.hoecker.eu\/blog\/boshafte-spekulationen-so-verteidigt-benedikts-anwalt-den-emeritierten-papst-hoecker-partner-dr-carsten-brennecke-im-spiegel-interview\/\",\"name\":\"\\\"'Boshafte Spekulationen' - So verteidigt Benedikts Anwalt den emeritierten Papst\\\": H\u00d6CKER-Partner Dr. Carsten Brennecke im SPIEGEL-Interview - H\u00d6CKER - der Blog\",\"isPartOf\":{\"@id\":\"https:\/\/www.hoecker.eu\/blog\/#website\"},\"datePublished\":\"2022-03-01T10:12:00+00:00\",\"dateModified\":\"2025-02-17T13:54:11+00:00\",\"breadcrumb\":{\"@id\":\"https:\/\/www.hoecker.eu\/blog\/boshafte-spekulationen-so-verteidigt-benedikts-anwalt-den-emeritierten-papst-hoecker-partner-dr-carsten-brennecke-im-spiegel-interview\/#breadcrumb\"},\"inLanguage\":\"de\",\"potentialAction\":[{\"@type\":\"ReadAction\",\"target\":[\"https:\/\/www.hoecker.eu\/blog\/boshafte-spekulationen-so-verteidigt-benedikts-anwalt-den-emeritierten-papst-hoecker-partner-dr-carsten-brennecke-im-spiegel-interview\/\"]}]},{\"@type\":\"BreadcrumbList\",\"@id\":\"https:\/\/www.hoecker.eu\/blog\/boshafte-spekulationen-so-verteidigt-benedikts-anwalt-den-emeritierten-papst-hoecker-partner-dr-carsten-brennecke-im-spiegel-interview\/#breadcrumb\",\"itemListElement\":[{\"@type\":\"ListItem\",\"position\":1,\"name\":\"Startseite\",\"item\":\"https:\/\/dev.hoecker.eu\/blog\/\"},{\"@type\":\"ListItem\",\"position\":2,\"name\":\"&#8220;&#8216;Boshafte Spekulationen&#8217; &#8211; So verteidigt Benedikts Anwalt den emeritierten Papst&#8221;: H\u00d6CKER-Partner Dr. Carsten Brennecke im SPIEGEL-Interview\"}]},{\"@type\":\"WebSite\",\"@id\":\"https:\/\/www.hoecker.eu\/blog\/#website\",\"url\":\"https:\/\/www.hoecker.eu\/blog\/\",\"name\":\"H\u00d6CKER - der Blog\",\"description\":\"Expertenblog f\u00fcr \u00c4u\u00dferungs-, Medien-, Marken-, Urheber- und Wettbewerbsrecht.\",\"publisher\":{\"@id\":\"https:\/\/www.hoecker.eu\/blog\/#organization\"},\"potentialAction\":[{\"@type\":\"SearchAction\",\"target\":{\"@type\":\"EntryPoint\",\"urlTemplate\":\"https:\/\/www.hoecker.eu\/blog\/?s={search_term_string}\"},\"query-input\":{\"@type\":\"PropertyValueSpecification\",\"valueRequired\":true,\"valueName\":\"search_term_string\"}}],\"inLanguage\":\"de\"},{\"@type\":\"Organization\",\"@id\":\"https:\/\/www.hoecker.eu\/blog\/#organization\",\"name\":\"H\u00d6CKER Rechtsanw\u00e4lte PartGmbB\",\"alternateName\":\"H\u00d6CKER\",\"url\":\"https:\/\/www.hoecker.eu\/blog\/\",\"logo\":{\"@type\":\"ImageObject\",\"inLanguage\":\"de\",\"@id\":\"https:\/\/www.hoecker.eu\/blog\/#\/schema\/logo\/image\/\",\"url\":\"https:\/\/www.hoecker.eu\/blog\/wp-content\/uploads\/2025\/03\/Blog-Logo.webp\",\"contentUrl\":\"https:\/\/www.hoecker.eu\/blog\/wp-content\/uploads\/2025\/03\/Blog-Logo.webp\",\"width\":500,\"height\":500,\"caption\":\"H\u00d6CKER Rechtsanw\u00e4lte PartGmbB\"},\"image\":{\"@id\":\"https:\/\/www.hoecker.eu\/blog\/#\/schema\/logo\/image\/\"},\"sameAs\":[\"https:\/\/www.facebook.com\/HoeckerRAe\/\",\"https:\/\/x.com\/hoecker_rae\",\"https:\/\/www.linkedin.com\/company\/hcker-rechtsanwlte\/\",\"https:\/\/www.instagram.com\/hoecker_rae\/\"],\"email\":\"contact@hoecker.eu\",\"telephone\":\"+ 49 (0)221-933 19-10\",\"legalName\":\"H\u00d6CKER Rechtsanw\u00e4lte PartGmbB\",\"numberOfEmployees\":{\"@type\":\"QuantitativeValue\",\"minValue\":\"11\",\"maxValue\":\"50\"}},{\"@type\":\"Person\",\"@id\":\"https:\/\/www.hoecker.eu\/blog\/#\/schema\/person\/08f95581eed0534eccd0b2438f7a1cab\",\"name\":\"Prof. Dr. Ralf H\u00f6cker\",\"description\":\"Medienanwalt. Besch\u00fctzer vor mieser Presse\",\"sameAs\":[\"https:\/\/www.hoecker.eu\/wer\/prof-dr-ralf-hoecker\",\"https:\/\/www.facebook.com\/ralf.hoecker\",\"https:\/\/www.linkedin.com\/in\/prof-dr-ralf-hcker-ll-m-london-17987826\/\",\"https:\/\/x.com\/Ralf_Hoecker\"],\"url\":\"https:\/\/www.hoecker.eu\/blog\/author\/hoecker_adm\/\"}]}<\/script>\n<!-- \/ Yoast SEO Premium plugin. -->","yoast_head_json":{"title":"\"'Boshafte Spekulationen' - So verteidigt Benedikts Anwalt den emeritierten Papst\": H\u00d6CKER-Partner Dr. Carsten Brennecke im SPIEGEL-Interview - H\u00d6CKER - der Blog","robots":{"index":"index","follow":"follow","max-snippet":"max-snippet:-1","max-image-preview":"max-image-preview:large","max-video-preview":"max-video-preview:-1"},"canonical":"https:\/\/www.hoecker.eu\/blog\/boshafte-spekulationen-so-verteidigt-benedikts-anwalt-den-emeritierten-papst-hoecker-partner-dr-carsten-brennecke-im-spiegel-interview\/","og_locale":"de_DE","og_type":"article","og_title":"\"'Boshafte Spekulationen' - So verteidigt Benedikts Anwalt den emeritierten Papst\": H\u00d6CKER-Partner Dr. Carsten Brennecke im SPIEGEL-Interview","og_description":"Am 08.02.2022 berichtet u.a. der SPIEGEL, dass Dr. Carsten Brennecke zum Berater-Team des emeritierten Papstes Benedikt XVI. geh\u00f6rt. Brennecke hat Benedikt XVI. bei der Abfassung seiner Stellungnahme zum M\u00fcnchener Missbrauchsgutachten unterst\u00fctzt, das Gutachten anschlie\u00dfend analysiert und zusammen mit den weiteren Beratern falsche Darstellungen in einem Faktencheck klargestellt: https:\/\/www.spiegel.de\/panorama\/papst-benedikt-xvi-bittet-opfer-um-entschuldigung-a-17b8a130-4d33-4b7d-ae6c-d46d5c2b1066 Im SPIEGEL-Interview beantwortet Dr. Carsten Brennecke Fragen [&hellip;]","og_url":"https:\/\/www.hoecker.eu\/blog\/boshafte-spekulationen-so-verteidigt-benedikts-anwalt-den-emeritierten-papst-hoecker-partner-dr-carsten-brennecke-im-spiegel-interview\/","og_site_name":"H\u00d6CKER - der Blog","article_publisher":"https:\/\/www.facebook.com\/HoeckerRAe\/","article_author":"https:\/\/www.facebook.com\/ralf.hoecker","article_published_time":"2022-03-01T10:12:00+00:00","article_modified_time":"2025-02-17T13:54:11+00:00","author":"Prof. Dr. Ralf H\u00f6cker","twitter_card":"summary_large_image","twitter_creator":"@Ralf_Hoecker","twitter_site":"@hoecker_rae","twitter_misc":{"Verfasst von":"Prof. Dr. Ralf H\u00f6cker","Gesch\u00e4tzte Lesezeit":"1\u00a0Minute"},"schema":{"@context":"https:\/\/schema.org","@graph":[{"@type":"Article","@id":"https:\/\/www.hoecker.eu\/blog\/boshafte-spekulationen-so-verteidigt-benedikts-anwalt-den-emeritierten-papst-hoecker-partner-dr-carsten-brennecke-im-spiegel-interview\/#article","isPartOf":{"@id":"https:\/\/www.hoecker.eu\/blog\/boshafte-spekulationen-so-verteidigt-benedikts-anwalt-den-emeritierten-papst-hoecker-partner-dr-carsten-brennecke-im-spiegel-interview\/"},"author":{"name":"Prof. Dr. Ralf H\u00f6cker","@id":"https:\/\/www.hoecker.eu\/blog\/#\/schema\/person\/08f95581eed0534eccd0b2438f7a1cab"},"headline":"&#8220;&#8216;Boshafte Spekulationen&#8217; &#8211; So verteidigt Benedikts Anwalt den emeritierten Papst&#8221;: H\u00d6CKER-Partner Dr. Carsten Brennecke im SPIEGEL-Interview","datePublished":"2022-03-01T10:12:00+00:00","dateModified":"2025-02-17T13:54:11+00:00","mainEntityOfPage":{"@id":"https:\/\/www.hoecker.eu\/blog\/boshafte-spekulationen-so-verteidigt-benedikts-anwalt-den-emeritierten-papst-hoecker-partner-dr-carsten-brennecke-im-spiegel-interview\/"},"wordCount":212,"publisher":{"@id":"https:\/\/www.hoecker.eu\/blog\/#organization"},"articleSection":["News"],"inLanguage":"de"},{"@type":"WebPage","@id":"https:\/\/www.hoecker.eu\/blog\/boshafte-spekulationen-so-verteidigt-benedikts-anwalt-den-emeritierten-papst-hoecker-partner-dr-carsten-brennecke-im-spiegel-interview\/","url":"https:\/\/www.hoecker.eu\/blog\/boshafte-spekulationen-so-verteidigt-benedikts-anwalt-den-emeritierten-papst-hoecker-partner-dr-carsten-brennecke-im-spiegel-interview\/","name":"\"'Boshafte Spekulationen' - So verteidigt Benedikts Anwalt den emeritierten Papst\": H\u00d6CKER-Partner Dr. Carsten Brennecke im SPIEGEL-Interview - H\u00d6CKER - der Blog","isPartOf":{"@id":"https:\/\/www.hoecker.eu\/blog\/#website"},"datePublished":"2022-03-01T10:12:00+00:00","dateModified":"2025-02-17T13:54:11+00:00","breadcrumb":{"@id":"https:\/\/www.hoecker.eu\/blog\/boshafte-spekulationen-so-verteidigt-benedikts-anwalt-den-emeritierten-papst-hoecker-partner-dr-carsten-brennecke-im-spiegel-interview\/#breadcrumb"},"inLanguage":"de","potentialAction":[{"@type":"ReadAction","target":["https:\/\/www.hoecker.eu\/blog\/boshafte-spekulationen-so-verteidigt-benedikts-anwalt-den-emeritierten-papst-hoecker-partner-dr-carsten-brennecke-im-spiegel-interview\/"]}]},{"@type":"BreadcrumbList","@id":"https:\/\/www.hoecker.eu\/blog\/boshafte-spekulationen-so-verteidigt-benedikts-anwalt-den-emeritierten-papst-hoecker-partner-dr-carsten-brennecke-im-spiegel-interview\/#breadcrumb","itemListElement":[{"@type":"ListItem","position":1,"name":"Startseite","item":"https:\/\/dev.hoecker.eu\/blog\/"},{"@type":"ListItem","position":2,"name":"&#8220;&#8216;Boshafte Spekulationen&#8217; &#8211; So verteidigt Benedikts Anwalt den emeritierten Papst&#8221;: H\u00d6CKER-Partner Dr. Carsten Brennecke im SPIEGEL-Interview"}]},{"@type":"WebSite","@id":"https:\/\/www.hoecker.eu\/blog\/#website","url":"https:\/\/www.hoecker.eu\/blog\/","name":"H\u00d6CKER - der Blog","description":"Expertenblog f\u00fcr \u00c4u\u00dferungs-, Medien-, Marken-, Urheber- und Wettbewerbsrecht.","publisher":{"@id":"https:\/\/www.hoecker.eu\/blog\/#organization"},"potentialAction":[{"@type":"SearchAction","target":{"@type":"EntryPoint","urlTemplate":"https:\/\/www.hoecker.eu\/blog\/?s={search_term_string}"},"query-input":{"@type":"PropertyValueSpecification","valueRequired":true,"valueName":"search_term_string"}}],"inLanguage":"de"},{"@type":"Organization","@id":"https:\/\/www.hoecker.eu\/blog\/#organization","name":"H\u00d6CKER Rechtsanw\u00e4lte PartGmbB","alternateName":"H\u00d6CKER","url":"https:\/\/www.hoecker.eu\/blog\/","logo":{"@type":"ImageObject","inLanguage":"de","@id":"https:\/\/www.hoecker.eu\/blog\/#\/schema\/logo\/image\/","url":"https:\/\/www.hoecker.eu\/blog\/wp-content\/uploads\/2025\/03\/Blog-Logo.webp","contentUrl":"https:\/\/www.hoecker.eu\/blog\/wp-content\/uploads\/2025\/03\/Blog-Logo.webp","width":500,"height":500,"caption":"H\u00d6CKER Rechtsanw\u00e4lte PartGmbB"},"image":{"@id":"https:\/\/www.hoecker.eu\/blog\/#\/schema\/logo\/image\/"},"sameAs":["https:\/\/www.facebook.com\/HoeckerRAe\/","https:\/\/x.com\/hoecker_rae","https:\/\/www.linkedin.com\/company\/hcker-rechtsanwlte\/","https:\/\/www.instagram.com\/hoecker_rae\/"],"email":"contact@hoecker.eu","telephone":"+ 49 (0)221-933 19-10","legalName":"H\u00d6CKER Rechtsanw\u00e4lte PartGmbB","numberOfEmployees":{"@type":"QuantitativeValue","minValue":"11","maxValue":"50"}},{"@type":"Person","@id":"https:\/\/www.hoecker.eu\/blog\/#\/schema\/person\/08f95581eed0534eccd0b2438f7a1cab","name":"Prof. Dr. Ralf H\u00f6cker","description":"Medienanwalt. Besch\u00fctzer vor mieser Presse","sameAs":["https:\/\/www.hoecker.eu\/wer\/prof-dr-ralf-hoecker","https:\/\/www.facebook.com\/ralf.hoecker","https:\/\/www.linkedin.com\/in\/prof-dr-ralf-hcker-ll-m-london-17987826\/","https:\/\/x.com\/Ralf_Hoecker"],"url":"https:\/\/www.hoecker.eu\/blog\/author\/hoecker_adm\/"}]}},"authors":[{"term_id":84,"user_id":1,"is_guest":0,"slug":"hoecker_adm","display_name":"Prof. Dr. Ralf H\u00f6cker","avatar_url":{"url":"https:\/\/www.hoecker.eu\/blog\/wp-content\/uploads\/2023\/12\/ProfDrRalfHoecker.jpg","url2x":"https:\/\/www.hoecker.eu\/blog\/wp-content\/uploads\/2023\/12\/ProfDrRalfHoecker.jpg"},"0":null,"1":"","2":"","3":"","4":"","5":"","6":"","7":"","8":"","9":"","10":"","11":""}],"_links":{"self":[{"href":"https:\/\/www.hoecker.eu\/blog\/wp-json\/wp\/v2\/posts\/8214","targetHints":{"allow":["GET"]}}],"collection":[{"href":"https:\/\/www.hoecker.eu\/blog\/wp-json\/wp\/v2\/posts"}],"about":[{"href":"https:\/\/www.hoecker.eu\/blog\/wp-json\/wp\/v2\/types\/post"}],"author":[{"embeddable":true,"href":"https:\/\/www.hoecker.eu\/blog\/wp-json\/wp\/v2\/users\/1"}],"replies":[{"embeddable":true,"href":"https:\/\/www.hoecker.eu\/blog\/wp-json\/wp\/v2\/comments?post=8214"}],"version-history":[{"count":1,"href":"https:\/\/www.hoecker.eu\/blog\/wp-json\/wp\/v2\/posts\/8214\/revisions"}],"predecessor-version":[{"id":9336,"href":"https:\/\/www.hoecker.eu\/blog\/wp-json\/wp\/v2\/posts\/8214\/revisions\/9336"}],"wp:attachment":[{"href":"https:\/\/www.hoecker.eu\/blog\/wp-json\/wp\/v2\/media?parent=8214"}],"wp:term":[{"taxonomy":"category","embeddable":true,"href":"https:\/\/www.hoecker.eu\/blog\/wp-json\/wp\/v2\/categories?post=8214"},{"taxonomy":"post_tag","embeddable":true,"href":"https:\/\/www.hoecker.eu\/blog\/wp-json\/wp\/v2\/tags?post=8214"},{"taxonomy":"hashtags","embeddable":true,"href":"https:\/\/www.hoecker.eu\/blog\/wp-json\/wp\/v2\/hashtags?post=8214"},{"taxonomy":"author","embeddable":true,"href":"https:\/\/www.hoecker.eu\/blog\/wp-json\/wp\/v2\/ppma_author?post=8214"}],"curies":[{"name":"wp","href":"https:\/\/api.w.org\/{rel}","templated":true}]}}