{"id":8213,"date":"2022-03-25T09:03:00","date_gmt":"2022-03-25T08:03:00","guid":{"rendered":"https:\/\/www.hoecker.eu\/blog\/hoecker-verteidigt-intimsphaere-du-machst-die-beine-breit-fuer-bringt-schmerzensgeld\/"},"modified":"2025-02-17T14:54:10","modified_gmt":"2025-02-17T13:54:10","slug":"hoecker-verteidigt-intimsphaere-du-machst-die-beine-breit-fuer-bringt-schmerzensgeld","status":"publish","type":"post","link":"https:\/\/www.hoecker.eu\/blog\/hoecker-verteidigt-intimsphaere-du-machst-die-beine-breit-fuer-bringt-schmerzensgeld\/","title":{"rendered":"H\u00d6CKER verteidigt Intimsph\u00e4re: \u201eDu machst die Beine breit f\u00fcr (\u2026)\u201c bringt Schmerzensgeld"},"content":{"rendered":"<p>Die Intimsph\u00e4re genie\u00dft als Teil des allgemeinen Pers\u00f6nlichkeitsrechts verfassungsrechtlichen Schutz. Umso schlimmer, wenn Themen, die eigentlich privat bleiben sollten, mit Gewalt in die \u00d6ffentlichkeit gezerrt werden. Ein solcher Fall wurde k\u00fcrzlich vor dem Landgericht K\u00f6ln verhandelt. Was war geschehen? <\/p>\n<p>Unsere Mandantin, eine junge Frau, wirft einem Dritten sexuelle \u00dcbergriffe vor. Davon hatte sie ihrer ehemaligen Freundin, der Beklagten, berichtet. Als die Freundschaft zerbrach, brach bei der Beklagten auch jegliche Zur\u00fcckhaltung: Im Rahmen von Chat-Nachrichten bezeichnete sie die Vergewaltigungsvorw\u00fcrfe u.a. als \u201everlogene Geschichte\u201c. Doch damit nicht genug: Auf ihrem reichweitenstarken Twitter-Kanal warf die Beklagte unserer Mandantin vor, mit dem Beschuldigten gekuschelt und ihm Geschenke vorbeigebracht zu haben. Au\u00dferdem behauptete sie, unsere Mandantin \u201emache die Beine breit f\u00fcr (\u2026)\u201c. <\/p>\n<p>Wie hat das Landgericht K\u00f6ln entschieden?<\/p>\n<p>Das Landgericht K\u00f6ln hat der Beklagten die betreffenden \u00c4u\u00dferungen nun durch Anerkenntnisurteil vom 26.01.2022, Az. 28 O 159\/21 (rechtskr\u00e4ftig), untersagt. Zudem verurteilte es die Beklagte zur Zahlung einer Geldentsch\u00e4digung in H\u00f6he von 2.500,00 \u20ac f\u00fcr das von unserer Mandantin erlittene Leid. <\/p>\n<p>Die von der Beklagten aufgestellten Behauptungen, unsere Mandantin habe mit dem Beschuldigten eine intime Beziehung gef\u00fchrt und ihn zu Unrecht einer Vergewaltigung bezichtigt, stellen aus Sicht des Landgerichts K\u00f6ln eine schwerwiegende Pers\u00f6nlichkeitsrechtsverletzung dar. Aus diesem Grund sei eine Geldentsch\u00e4digung auch erforderlich, weil die von unserer Mandantin erlittene, nicht-verm\u00f6gensm\u00e4\u00dfige Einbu\u00dfe, also das ihr von der Beklagten zugef\u00fcgte Leid, nicht auf andere Weise kompensiert werden k\u00f6nne. Erschwerend komme hinzu, dass die \u00c4u\u00dferungen erkennbar nicht aus Anlass und zum Zwecke einer sachlichen Auseinandersetzung, sondern ausschlie\u00dflich mit dem Ziel der Herabw\u00fcrdigung vorgenommen worden seien. Dies gelte in besonderem Ma\u00dfe f\u00fcr die drei Twitter-Posts der Beklagten, bei denen es dieser ersichtlich nur darum gegangen sei, die unserer Mandantin unterstellten sexuellen Beziehungen zu offenbaren, um sie dadurch auf pers\u00f6nlicher Ebene zu diskreditieren.<\/p>\n<p>Rechtsanwalt Dr. Ren\u00e9 Rosenau: \u201eWer derartige \u00c4u\u00dferungen \u00fcber eine andere Person \u00f6ffentlich t\u00e4tigt, muss sich nicht wundern, wenn er daf\u00fcr die Quittung bekommt.\u201c<\/p>\n","protected":false},"excerpt":{"rendered":"<p>Die Intimsph\u00e4re genie\u00dft als Teil des allgemeinen Pers\u00f6nlichkeitsrechts verfassungsrechtlichen Schutz. Umso schlimmer, wenn Themen, die eigentlich privat bleiben sollten, mit Gewalt in die \u00d6ffentlichkeit gezerrt werden. Ein solcher Fall wurde k\u00fcrzlich vor dem Landgericht K\u00f6ln verhandelt. Was war geschehen? Unsere Mandantin, eine junge Frau, wirft einem Dritten sexuelle \u00dcbergriffe vor. Davon hatte sie ihrer ehemaligen [&hellip;]<\/p>\n","protected":false},"author":1,"featured_media":0,"comment_status":"closed","ping_status":"closed","sticky":false,"template":"","format":"standard","meta":{"_has_post_settings":[],"footnotes":""},"categories":[15],"tags":[],"hashtags":[],"ppma_author":[84],"class_list":["post-8213","post","type-post","status-publish","format-standard","hentry","category-news","author-hoecker_adm"],"yoast_head":"<!-- This site is optimized with the Yoast SEO Premium plugin v25.9 (Yoast SEO v27.0) - https:\/\/yoast.com\/product\/yoast-seo-premium-wordpress\/ -->\n<title>H\u00d6CKER verteidigt Intimsph\u00e4re: \u201eDu machst die Beine breit f\u00fcr (\u2026)\u201c bringt Schmerzensgeld - H\u00d6CKER - der Blog<\/title>\n<meta name=\"robots\" content=\"index, follow, max-snippet:-1, max-image-preview:large, max-video-preview:-1\" \/>\n<link rel=\"canonical\" href=\"https:\/\/www.hoecker.eu\/blog\/hoecker-verteidigt-intimsphaere-du-machst-die-beine-breit-fuer-bringt-schmerzensgeld\/\" \/>\n<meta property=\"og:locale\" content=\"de_DE\" \/>\n<meta property=\"og:type\" content=\"article\" \/>\n<meta property=\"og:title\" content=\"H\u00d6CKER verteidigt Intimsph\u00e4re: \u201eDu machst die Beine breit f\u00fcr (\u2026)\u201c bringt Schmerzensgeld\" \/>\n<meta property=\"og:description\" content=\"Die Intimsph\u00e4re genie\u00dft als Teil des allgemeinen Pers\u00f6nlichkeitsrechts verfassungsrechtlichen Schutz. Umso schlimmer, wenn Themen, die eigentlich privat bleiben sollten, mit Gewalt in die \u00d6ffentlichkeit gezerrt werden. Ein solcher Fall wurde k\u00fcrzlich vor dem Landgericht K\u00f6ln verhandelt. Was war geschehen? Unsere Mandantin, eine junge Frau, wirft einem Dritten sexuelle \u00dcbergriffe vor. Davon hatte sie ihrer ehemaligen [&hellip;]\" \/>\n<meta property=\"og:url\" content=\"https:\/\/www.hoecker.eu\/blog\/hoecker-verteidigt-intimsphaere-du-machst-die-beine-breit-fuer-bringt-schmerzensgeld\/\" \/>\n<meta property=\"og:site_name\" content=\"H\u00d6CKER - der Blog\" \/>\n<meta property=\"article:publisher\" content=\"https:\/\/www.facebook.com\/HoeckerRAe\/\" \/>\n<meta property=\"article:author\" content=\"https:\/\/www.facebook.com\/ralf.hoecker\" \/>\n<meta property=\"article:published_time\" content=\"2022-03-25T08:03:00+00:00\" \/>\n<meta property=\"article:modified_time\" content=\"2025-02-17T13:54:10+00:00\" \/>\n<meta name=\"author\" content=\"Prof. Dr. Ralf H\u00f6cker\" \/>\n<meta name=\"twitter:card\" content=\"summary_large_image\" \/>\n<meta name=\"twitter:creator\" content=\"@Ralf_Hoecker\" \/>\n<meta name=\"twitter:site\" content=\"@hoecker_rae\" \/>\n<meta name=\"twitter:label1\" content=\"Verfasst von\" \/>\n\t<meta name=\"twitter:data1\" content=\"Prof. Dr. Ralf H\u00f6cker\" \/>\n\t<meta name=\"twitter:label2\" content=\"Gesch\u00e4tzte Lesezeit\" \/>\n\t<meta name=\"twitter:data2\" content=\"2\u00a0Minuten\" \/>\n<script type=\"application\/ld+json\" class=\"yoast-schema-graph\">{\"@context\":\"https:\/\/schema.org\",\"@graph\":[{\"@type\":\"Article\",\"@id\":\"https:\/\/www.hoecker.eu\/blog\/hoecker-verteidigt-intimsphaere-du-machst-die-beine-breit-fuer-bringt-schmerzensgeld\/#article\",\"isPartOf\":{\"@id\":\"https:\/\/www.hoecker.eu\/blog\/hoecker-verteidigt-intimsphaere-du-machst-die-beine-breit-fuer-bringt-schmerzensgeld\/\"},\"author\":{\"name\":\"Prof. Dr. Ralf H\u00f6cker\",\"@id\":\"https:\/\/www.hoecker.eu\/blog\/#\/schema\/person\/08f95581eed0534eccd0b2438f7a1cab\"},\"headline\":\"H\u00d6CKER verteidigt Intimsph\u00e4re: \u201eDu machst die Beine breit f\u00fcr (\u2026)\u201c bringt Schmerzensgeld\",\"datePublished\":\"2022-03-25T08:03:00+00:00\",\"dateModified\":\"2025-02-17T13:54:10+00:00\",\"mainEntityOfPage\":{\"@id\":\"https:\/\/www.hoecker.eu\/blog\/hoecker-verteidigt-intimsphaere-du-machst-die-beine-breit-fuer-bringt-schmerzensgeld\/\"},\"wordCount\":356,\"publisher\":{\"@id\":\"https:\/\/www.hoecker.eu\/blog\/#organization\"},\"articleSection\":[\"News\"],\"inLanguage\":\"de\"},{\"@type\":\"WebPage\",\"@id\":\"https:\/\/www.hoecker.eu\/blog\/hoecker-verteidigt-intimsphaere-du-machst-die-beine-breit-fuer-bringt-schmerzensgeld\/\",\"url\":\"https:\/\/www.hoecker.eu\/blog\/hoecker-verteidigt-intimsphaere-du-machst-die-beine-breit-fuer-bringt-schmerzensgeld\/\",\"name\":\"H\u00d6CKER verteidigt Intimsph\u00e4re: \u201eDu machst die Beine breit f\u00fcr (\u2026)\u201c bringt Schmerzensgeld - H\u00d6CKER - der Blog\",\"isPartOf\":{\"@id\":\"https:\/\/www.hoecker.eu\/blog\/#website\"},\"datePublished\":\"2022-03-25T08:03:00+00:00\",\"dateModified\":\"2025-02-17T13:54:10+00:00\",\"breadcrumb\":{\"@id\":\"https:\/\/www.hoecker.eu\/blog\/hoecker-verteidigt-intimsphaere-du-machst-die-beine-breit-fuer-bringt-schmerzensgeld\/#breadcrumb\"},\"inLanguage\":\"de\",\"potentialAction\":[{\"@type\":\"ReadAction\",\"target\":[\"https:\/\/www.hoecker.eu\/blog\/hoecker-verteidigt-intimsphaere-du-machst-die-beine-breit-fuer-bringt-schmerzensgeld\/\"]}]},{\"@type\":\"BreadcrumbList\",\"@id\":\"https:\/\/www.hoecker.eu\/blog\/hoecker-verteidigt-intimsphaere-du-machst-die-beine-breit-fuer-bringt-schmerzensgeld\/#breadcrumb\",\"itemListElement\":[{\"@type\":\"ListItem\",\"position\":1,\"name\":\"Startseite\",\"item\":\"https:\/\/dev.hoecker.eu\/blog\/\"},{\"@type\":\"ListItem\",\"position\":2,\"name\":\"H\u00d6CKER verteidigt Intimsph\u00e4re: \u201eDu machst die Beine breit f\u00fcr (\u2026)\u201c bringt Schmerzensgeld\"}]},{\"@type\":\"WebSite\",\"@id\":\"https:\/\/www.hoecker.eu\/blog\/#website\",\"url\":\"https:\/\/www.hoecker.eu\/blog\/\",\"name\":\"H\u00d6CKER - der Blog\",\"description\":\"Expertenblog f\u00fcr \u00c4u\u00dferungs-, Medien-, Marken-, Urheber- und Wettbewerbsrecht.\",\"publisher\":{\"@id\":\"https:\/\/www.hoecker.eu\/blog\/#organization\"},\"potentialAction\":[{\"@type\":\"SearchAction\",\"target\":{\"@type\":\"EntryPoint\",\"urlTemplate\":\"https:\/\/www.hoecker.eu\/blog\/?s={search_term_string}\"},\"query-input\":{\"@type\":\"PropertyValueSpecification\",\"valueRequired\":true,\"valueName\":\"search_term_string\"}}],\"inLanguage\":\"de\"},{\"@type\":\"Organization\",\"@id\":\"https:\/\/www.hoecker.eu\/blog\/#organization\",\"name\":\"H\u00d6CKER Rechtsanw\u00e4lte PartGmbB\",\"alternateName\":\"H\u00d6CKER\",\"url\":\"https:\/\/www.hoecker.eu\/blog\/\",\"logo\":{\"@type\":\"ImageObject\",\"inLanguage\":\"de\",\"@id\":\"https:\/\/www.hoecker.eu\/blog\/#\/schema\/logo\/image\/\",\"url\":\"https:\/\/www.hoecker.eu\/blog\/wp-content\/uploads\/2025\/03\/Blog-Logo.webp\",\"contentUrl\":\"https:\/\/www.hoecker.eu\/blog\/wp-content\/uploads\/2025\/03\/Blog-Logo.webp\",\"width\":500,\"height\":500,\"caption\":\"H\u00d6CKER Rechtsanw\u00e4lte PartGmbB\"},\"image\":{\"@id\":\"https:\/\/www.hoecker.eu\/blog\/#\/schema\/logo\/image\/\"},\"sameAs\":[\"https:\/\/www.facebook.com\/HoeckerRAe\/\",\"https:\/\/x.com\/hoecker_rae\",\"https:\/\/www.linkedin.com\/company\/hcker-rechtsanwlte\/\",\"https:\/\/www.instagram.com\/hoecker_rae\/\"],\"email\":\"contact@hoecker.eu\",\"telephone\":\"+ 49 (0)221-933 19-10\",\"legalName\":\"H\u00d6CKER Rechtsanw\u00e4lte PartGmbB\",\"numberOfEmployees\":{\"@type\":\"QuantitativeValue\",\"minValue\":\"11\",\"maxValue\":\"50\"}},{\"@type\":\"Person\",\"@id\":\"https:\/\/www.hoecker.eu\/blog\/#\/schema\/person\/08f95581eed0534eccd0b2438f7a1cab\",\"name\":\"Prof. Dr. Ralf H\u00f6cker\",\"description\":\"Medienanwalt. Besch\u00fctzer vor mieser Presse\",\"sameAs\":[\"https:\/\/www.hoecker.eu\/wer\/prof-dr-ralf-hoecker\",\"https:\/\/www.facebook.com\/ralf.hoecker\",\"https:\/\/www.linkedin.com\/in\/prof-dr-ralf-hcker-ll-m-london-17987826\/\",\"https:\/\/x.com\/Ralf_Hoecker\"],\"url\":\"https:\/\/www.hoecker.eu\/blog\/author\/hoecker_adm\/\"}]}<\/script>\n<!-- \/ Yoast SEO Premium plugin. -->","yoast_head_json":{"title":"H\u00d6CKER verteidigt Intimsph\u00e4re: \u201eDu machst die Beine breit f\u00fcr (\u2026)\u201c bringt Schmerzensgeld - H\u00d6CKER - der Blog","robots":{"index":"index","follow":"follow","max-snippet":"max-snippet:-1","max-image-preview":"max-image-preview:large","max-video-preview":"max-video-preview:-1"},"canonical":"https:\/\/www.hoecker.eu\/blog\/hoecker-verteidigt-intimsphaere-du-machst-die-beine-breit-fuer-bringt-schmerzensgeld\/","og_locale":"de_DE","og_type":"article","og_title":"H\u00d6CKER verteidigt Intimsph\u00e4re: \u201eDu machst die Beine breit f\u00fcr (\u2026)\u201c bringt Schmerzensgeld","og_description":"Die Intimsph\u00e4re genie\u00dft als Teil des allgemeinen Pers\u00f6nlichkeitsrechts verfassungsrechtlichen Schutz. Umso schlimmer, wenn Themen, die eigentlich privat bleiben sollten, mit Gewalt in die \u00d6ffentlichkeit gezerrt werden. Ein solcher Fall wurde k\u00fcrzlich vor dem Landgericht K\u00f6ln verhandelt. Was war geschehen? Unsere Mandantin, eine junge Frau, wirft einem Dritten sexuelle \u00dcbergriffe vor. Davon hatte sie ihrer ehemaligen [&hellip;]","og_url":"https:\/\/www.hoecker.eu\/blog\/hoecker-verteidigt-intimsphaere-du-machst-die-beine-breit-fuer-bringt-schmerzensgeld\/","og_site_name":"H\u00d6CKER - der Blog","article_publisher":"https:\/\/www.facebook.com\/HoeckerRAe\/","article_author":"https:\/\/www.facebook.com\/ralf.hoecker","article_published_time":"2022-03-25T08:03:00+00:00","article_modified_time":"2025-02-17T13:54:10+00:00","author":"Prof. Dr. Ralf H\u00f6cker","twitter_card":"summary_large_image","twitter_creator":"@Ralf_Hoecker","twitter_site":"@hoecker_rae","twitter_misc":{"Verfasst von":"Prof. Dr. Ralf H\u00f6cker","Gesch\u00e4tzte Lesezeit":"2\u00a0Minuten"},"schema":{"@context":"https:\/\/schema.org","@graph":[{"@type":"Article","@id":"https:\/\/www.hoecker.eu\/blog\/hoecker-verteidigt-intimsphaere-du-machst-die-beine-breit-fuer-bringt-schmerzensgeld\/#article","isPartOf":{"@id":"https:\/\/www.hoecker.eu\/blog\/hoecker-verteidigt-intimsphaere-du-machst-die-beine-breit-fuer-bringt-schmerzensgeld\/"},"author":{"name":"Prof. Dr. Ralf H\u00f6cker","@id":"https:\/\/www.hoecker.eu\/blog\/#\/schema\/person\/08f95581eed0534eccd0b2438f7a1cab"},"headline":"H\u00d6CKER verteidigt Intimsph\u00e4re: \u201eDu machst die Beine breit f\u00fcr (\u2026)\u201c bringt Schmerzensgeld","datePublished":"2022-03-25T08:03:00+00:00","dateModified":"2025-02-17T13:54:10+00:00","mainEntityOfPage":{"@id":"https:\/\/www.hoecker.eu\/blog\/hoecker-verteidigt-intimsphaere-du-machst-die-beine-breit-fuer-bringt-schmerzensgeld\/"},"wordCount":356,"publisher":{"@id":"https:\/\/www.hoecker.eu\/blog\/#organization"},"articleSection":["News"],"inLanguage":"de"},{"@type":"WebPage","@id":"https:\/\/www.hoecker.eu\/blog\/hoecker-verteidigt-intimsphaere-du-machst-die-beine-breit-fuer-bringt-schmerzensgeld\/","url":"https:\/\/www.hoecker.eu\/blog\/hoecker-verteidigt-intimsphaere-du-machst-die-beine-breit-fuer-bringt-schmerzensgeld\/","name":"H\u00d6CKER verteidigt Intimsph\u00e4re: \u201eDu machst die Beine breit f\u00fcr (\u2026)\u201c bringt Schmerzensgeld - H\u00d6CKER - der Blog","isPartOf":{"@id":"https:\/\/www.hoecker.eu\/blog\/#website"},"datePublished":"2022-03-25T08:03:00+00:00","dateModified":"2025-02-17T13:54:10+00:00","breadcrumb":{"@id":"https:\/\/www.hoecker.eu\/blog\/hoecker-verteidigt-intimsphaere-du-machst-die-beine-breit-fuer-bringt-schmerzensgeld\/#breadcrumb"},"inLanguage":"de","potentialAction":[{"@type":"ReadAction","target":["https:\/\/www.hoecker.eu\/blog\/hoecker-verteidigt-intimsphaere-du-machst-die-beine-breit-fuer-bringt-schmerzensgeld\/"]}]},{"@type":"BreadcrumbList","@id":"https:\/\/www.hoecker.eu\/blog\/hoecker-verteidigt-intimsphaere-du-machst-die-beine-breit-fuer-bringt-schmerzensgeld\/#breadcrumb","itemListElement":[{"@type":"ListItem","position":1,"name":"Startseite","item":"https:\/\/dev.hoecker.eu\/blog\/"},{"@type":"ListItem","position":2,"name":"H\u00d6CKER verteidigt Intimsph\u00e4re: \u201eDu machst die Beine breit f\u00fcr (\u2026)\u201c bringt Schmerzensgeld"}]},{"@type":"WebSite","@id":"https:\/\/www.hoecker.eu\/blog\/#website","url":"https:\/\/www.hoecker.eu\/blog\/","name":"H\u00d6CKER - der Blog","description":"Expertenblog f\u00fcr \u00c4u\u00dferungs-, Medien-, Marken-, Urheber- und Wettbewerbsrecht.","publisher":{"@id":"https:\/\/www.hoecker.eu\/blog\/#organization"},"potentialAction":[{"@type":"SearchAction","target":{"@type":"EntryPoint","urlTemplate":"https:\/\/www.hoecker.eu\/blog\/?s={search_term_string}"},"query-input":{"@type":"PropertyValueSpecification","valueRequired":true,"valueName":"search_term_string"}}],"inLanguage":"de"},{"@type":"Organization","@id":"https:\/\/www.hoecker.eu\/blog\/#organization","name":"H\u00d6CKER Rechtsanw\u00e4lte PartGmbB","alternateName":"H\u00d6CKER","url":"https:\/\/www.hoecker.eu\/blog\/","logo":{"@type":"ImageObject","inLanguage":"de","@id":"https:\/\/www.hoecker.eu\/blog\/#\/schema\/logo\/image\/","url":"https:\/\/www.hoecker.eu\/blog\/wp-content\/uploads\/2025\/03\/Blog-Logo.webp","contentUrl":"https:\/\/www.hoecker.eu\/blog\/wp-content\/uploads\/2025\/03\/Blog-Logo.webp","width":500,"height":500,"caption":"H\u00d6CKER Rechtsanw\u00e4lte PartGmbB"},"image":{"@id":"https:\/\/www.hoecker.eu\/blog\/#\/schema\/logo\/image\/"},"sameAs":["https:\/\/www.facebook.com\/HoeckerRAe\/","https:\/\/x.com\/hoecker_rae","https:\/\/www.linkedin.com\/company\/hcker-rechtsanwlte\/","https:\/\/www.instagram.com\/hoecker_rae\/"],"email":"contact@hoecker.eu","telephone":"+ 49 (0)221-933 19-10","legalName":"H\u00d6CKER Rechtsanw\u00e4lte PartGmbB","numberOfEmployees":{"@type":"QuantitativeValue","minValue":"11","maxValue":"50"}},{"@type":"Person","@id":"https:\/\/www.hoecker.eu\/blog\/#\/schema\/person\/08f95581eed0534eccd0b2438f7a1cab","name":"Prof. Dr. Ralf H\u00f6cker","description":"Medienanwalt. Besch\u00fctzer vor mieser Presse","sameAs":["https:\/\/www.hoecker.eu\/wer\/prof-dr-ralf-hoecker","https:\/\/www.facebook.com\/ralf.hoecker","https:\/\/www.linkedin.com\/in\/prof-dr-ralf-hcker-ll-m-london-17987826\/","https:\/\/x.com\/Ralf_Hoecker"],"url":"https:\/\/www.hoecker.eu\/blog\/author\/hoecker_adm\/"}]}},"authors":[{"term_id":84,"user_id":1,"is_guest":0,"slug":"hoecker_adm","display_name":"Prof. Dr. Ralf H\u00f6cker","avatar_url":{"url":"https:\/\/www.hoecker.eu\/blog\/wp-content\/uploads\/2023\/12\/ProfDrRalfHoecker.jpg","url2x":"https:\/\/www.hoecker.eu\/blog\/wp-content\/uploads\/2023\/12\/ProfDrRalfHoecker.jpg"},"0":null,"1":"","2":"","3":"","4":"","5":"","6":"","7":"","8":"","9":"","10":"","11":""}],"_links":{"self":[{"href":"https:\/\/www.hoecker.eu\/blog\/wp-json\/wp\/v2\/posts\/8213","targetHints":{"allow":["GET"]}}],"collection":[{"href":"https:\/\/www.hoecker.eu\/blog\/wp-json\/wp\/v2\/posts"}],"about":[{"href":"https:\/\/www.hoecker.eu\/blog\/wp-json\/wp\/v2\/types\/post"}],"author":[{"embeddable":true,"href":"https:\/\/www.hoecker.eu\/blog\/wp-json\/wp\/v2\/users\/1"}],"replies":[{"embeddable":true,"href":"https:\/\/www.hoecker.eu\/blog\/wp-json\/wp\/v2\/comments?post=8213"}],"version-history":[{"count":1,"href":"https:\/\/www.hoecker.eu\/blog\/wp-json\/wp\/v2\/posts\/8213\/revisions"}],"predecessor-version":[{"id":9335,"href":"https:\/\/www.hoecker.eu\/blog\/wp-json\/wp\/v2\/posts\/8213\/revisions\/9335"}],"wp:attachment":[{"href":"https:\/\/www.hoecker.eu\/blog\/wp-json\/wp\/v2\/media?parent=8213"}],"wp:term":[{"taxonomy":"category","embeddable":true,"href":"https:\/\/www.hoecker.eu\/blog\/wp-json\/wp\/v2\/categories?post=8213"},{"taxonomy":"post_tag","embeddable":true,"href":"https:\/\/www.hoecker.eu\/blog\/wp-json\/wp\/v2\/tags?post=8213"},{"taxonomy":"hashtags","embeddable":true,"href":"https:\/\/www.hoecker.eu\/blog\/wp-json\/wp\/v2\/hashtags?post=8213"},{"taxonomy":"author","embeddable":true,"href":"https:\/\/www.hoecker.eu\/blog\/wp-json\/wp\/v2\/ppma_author?post=8213"}],"curies":[{"name":"wp","href":"https:\/\/api.w.org\/{rel}","templated":true}]}}