{"id":8211,"date":"2022-04-20T12:14:00","date_gmt":"2022-04-20T10:14:00","guid":{"rendered":"https:\/\/www.hoecker.eu\/blog\/dr-med-murat-dagdelen-erfolgreich-am-lg-duesseldorf-verfuegungsantrag-von-michael-wendler-mit-urteil-zurueckgewiesen\/"},"modified":"2025-02-17T14:54:09","modified_gmt":"2025-02-17T13:54:09","slug":"dr-med-murat-dagdelen-erfolgreich-am-lg-duesseldorf-verfuegungsantrag-von-michael-wendler-mit-urteil-zurueckgewiesen","status":"publish","type":"post","link":"https:\/\/www.hoecker.eu\/blog\/dr-med-murat-dagdelen-erfolgreich-am-lg-duesseldorf-verfuegungsantrag-von-michael-wendler-mit-urteil-zurueckgewiesen\/","title":{"rendered":"Dr. med. Murat Da\u011fdelen erfolgreich am LG D\u00fcsseldorf: Verf\u00fcgungsantrag von Michael Wendler mit Urteil zur\u00fcckgewiesen"},"content":{"rendered":"<p>In den Medien wurde viel berichtet \u00fcber das Eilverfahren von Herrn Wendler gegen unseren Mandanten Dr. Da\u011fdelen am Landgericht D\u00fcsseldorf. Weil der Sachverhalt in diesem Eilverfahren nicht aufgekl\u00e4rt werden konnte und unser Mandant ohnehin kein Interesse an der Wiederholung bestimmter \u00c4u\u00dferungen \u00fcber Herrn Wendler hat, haben wir im Termin zur m\u00fcndlichen Verhandlung am 30.03.2022 freiwillig eine Unterlassungserkl\u00e4rung f\u00fcr unseren Mandanten abgegeben und damit einen Teil des Rechtsstreits erledigt.<\/p>\n<p>Nicht anerkannt hat unser Mandant hingegen den Vorwurf, er habe seine \u00e4rztliche Schweigepflicht verletzt. Es war ihm wichtig, sich in diesem Punkt durchzusetzen. Daher stellten wir bez\u00fcglich dieses Teils den Antrag auf Zur\u00fcckweisung des Verf\u00fcgungsantrages. <\/p>\n<p>Mit Urteil vom 20.04.2022 hat das Landgericht den Antrag auf Erlass einer einstweiligen Verf\u00fcgung zur\u00fcckgewiesen. Das Landgericht hat erkannt, dass unser Mandant seine \u00e4rztliche Schweigepflicht nicht verletzt hatte. Die Kosten des Verfahrens werden gegeneinander aufgehoben. Die Entscheidung ist nicht rechtskr\u00e4ftig. <\/p>\n<p>Rechtsanwalt Dr. Marcel Leeser: \u201e<em>Unser Mandant Dr. med. Da\u011fdelen hat seine \u00e4rztliche Schweigepflicht nicht verletzt. Dies hat das Landgericht D\u00fcsseldorf mit heutigem Urteil festgestellt. Mit dem Ausgang dieses Verf\u00fcgungsverfahrens sind wir daher insgesamt sehr zufrieden<\/em>.\u201c<\/p>\n","protected":false},"excerpt":{"rendered":"<p>In den Medien wurde viel berichtet \u00fcber das Eilverfahren von Herrn Wendler gegen unseren Mandanten Dr. Da\u011fdelen am Landgericht D\u00fcsseldorf. Weil der Sachverhalt in diesem Eilverfahren nicht aufgekl\u00e4rt werden konnte und unser Mandant ohnehin kein Interesse an der Wiederholung bestimmter \u00c4u\u00dferungen \u00fcber Herrn Wendler hat, haben wir im Termin zur m\u00fcndlichen Verhandlung am 30.03.2022 freiwillig [&hellip;]<\/p>\n","protected":false},"author":1,"featured_media":0,"comment_status":"closed","ping_status":"closed","sticky":false,"template":"","format":"standard","meta":{"_has_post_settings":[],"footnotes":""},"categories":[15],"tags":[],"hashtags":[],"ppma_author":[84],"class_list":["post-8211","post","type-post","status-publish","format-standard","hentry","category-news","author-hoecker_adm"],"yoast_head":"<!-- This site is optimized with the Yoast SEO Premium plugin v25.9 (Yoast SEO v27.0) - https:\/\/yoast.com\/product\/yoast-seo-premium-wordpress\/ -->\n<title>Dr. med. Murat Da\u011fdelen erfolgreich am LG D\u00fcsseldorf: Verf\u00fcgungsantrag von Michael Wendler mit Urteil zur\u00fcckgewiesen - H\u00d6CKER - der Blog<\/title>\n<meta name=\"robots\" content=\"index, follow, max-snippet:-1, max-image-preview:large, max-video-preview:-1\" \/>\n<link rel=\"canonical\" href=\"https:\/\/www.hoecker.eu\/blog\/dr-med-murat-dagdelen-erfolgreich-am-lg-duesseldorf-verfuegungsantrag-von-michael-wendler-mit-urteil-zurueckgewiesen\/\" \/>\n<meta property=\"og:locale\" content=\"de_DE\" \/>\n<meta property=\"og:type\" content=\"article\" \/>\n<meta property=\"og:title\" content=\"Dr. med. Murat Da\u011fdelen erfolgreich am LG D\u00fcsseldorf: Verf\u00fcgungsantrag von Michael Wendler mit Urteil zur\u00fcckgewiesen\" \/>\n<meta property=\"og:description\" content=\"In den Medien wurde viel berichtet \u00fcber das Eilverfahren von Herrn Wendler gegen unseren Mandanten Dr. Da\u011fdelen am Landgericht D\u00fcsseldorf. Weil der Sachverhalt in diesem Eilverfahren nicht aufgekl\u00e4rt werden konnte und unser Mandant ohnehin kein Interesse an der Wiederholung bestimmter \u00c4u\u00dferungen \u00fcber Herrn Wendler hat, haben wir im Termin zur m\u00fcndlichen Verhandlung am 30.03.2022 freiwillig [&hellip;]\" \/>\n<meta property=\"og:url\" content=\"https:\/\/www.hoecker.eu\/blog\/dr-med-murat-dagdelen-erfolgreich-am-lg-duesseldorf-verfuegungsantrag-von-michael-wendler-mit-urteil-zurueckgewiesen\/\" \/>\n<meta property=\"og:site_name\" content=\"H\u00d6CKER - der Blog\" \/>\n<meta property=\"article:publisher\" content=\"https:\/\/www.facebook.com\/HoeckerRAe\/\" \/>\n<meta property=\"article:author\" content=\"https:\/\/www.facebook.com\/ralf.hoecker\" \/>\n<meta property=\"article:published_time\" content=\"2022-04-20T10:14:00+00:00\" \/>\n<meta property=\"article:modified_time\" content=\"2025-02-17T13:54:09+00:00\" \/>\n<meta name=\"author\" content=\"Prof. Dr. Ralf H\u00f6cker\" \/>\n<meta name=\"twitter:card\" content=\"summary_large_image\" \/>\n<meta name=\"twitter:creator\" content=\"@Ralf_Hoecker\" \/>\n<meta name=\"twitter:site\" content=\"@hoecker_rae\" \/>\n<meta name=\"twitter:label1\" content=\"Verfasst von\" \/>\n\t<meta name=\"twitter:data1\" content=\"Prof. Dr. Ralf H\u00f6cker\" \/>\n\t<meta name=\"twitter:label2\" content=\"Gesch\u00e4tzte Lesezeit\" \/>\n\t<meta name=\"twitter:data2\" content=\"1\u00a0Minute\" \/>\n<script type=\"application\/ld+json\" class=\"yoast-schema-graph\">{\"@context\":\"https:\/\/schema.org\",\"@graph\":[{\"@type\":\"Article\",\"@id\":\"https:\/\/www.hoecker.eu\/blog\/dr-med-murat-dagdelen-erfolgreich-am-lg-duesseldorf-verfuegungsantrag-von-michael-wendler-mit-urteil-zurueckgewiesen\/#article\",\"isPartOf\":{\"@id\":\"https:\/\/www.hoecker.eu\/blog\/dr-med-murat-dagdelen-erfolgreich-am-lg-duesseldorf-verfuegungsantrag-von-michael-wendler-mit-urteil-zurueckgewiesen\/\"},\"author\":{\"name\":\"Prof. Dr. Ralf H\u00f6cker\",\"@id\":\"https:\/\/www.hoecker.eu\/blog\/#\/schema\/person\/08f95581eed0534eccd0b2438f7a1cab\"},\"headline\":\"Dr. med. Murat Da\u011fdelen erfolgreich am LG D\u00fcsseldorf: Verf\u00fcgungsantrag von Michael Wendler mit Urteil zur\u00fcckgewiesen\",\"datePublished\":\"2022-04-20T10:14:00+00:00\",\"dateModified\":\"2025-02-17T13:54:09+00:00\",\"mainEntityOfPage\":{\"@id\":\"https:\/\/www.hoecker.eu\/blog\/dr-med-murat-dagdelen-erfolgreich-am-lg-duesseldorf-verfuegungsantrag-von-michael-wendler-mit-urteil-zurueckgewiesen\/\"},\"wordCount\":211,\"publisher\":{\"@id\":\"https:\/\/www.hoecker.eu\/blog\/#organization\"},\"articleSection\":[\"News\"],\"inLanguage\":\"de\"},{\"@type\":\"WebPage\",\"@id\":\"https:\/\/www.hoecker.eu\/blog\/dr-med-murat-dagdelen-erfolgreich-am-lg-duesseldorf-verfuegungsantrag-von-michael-wendler-mit-urteil-zurueckgewiesen\/\",\"url\":\"https:\/\/www.hoecker.eu\/blog\/dr-med-murat-dagdelen-erfolgreich-am-lg-duesseldorf-verfuegungsantrag-von-michael-wendler-mit-urteil-zurueckgewiesen\/\",\"name\":\"Dr. med. Murat Da\u011fdelen erfolgreich am LG D\u00fcsseldorf: Verf\u00fcgungsantrag von Michael Wendler mit Urteil zur\u00fcckgewiesen - H\u00d6CKER - der Blog\",\"isPartOf\":{\"@id\":\"https:\/\/www.hoecker.eu\/blog\/#website\"},\"datePublished\":\"2022-04-20T10:14:00+00:00\",\"dateModified\":\"2025-02-17T13:54:09+00:00\",\"breadcrumb\":{\"@id\":\"https:\/\/www.hoecker.eu\/blog\/dr-med-murat-dagdelen-erfolgreich-am-lg-duesseldorf-verfuegungsantrag-von-michael-wendler-mit-urteil-zurueckgewiesen\/#breadcrumb\"},\"inLanguage\":\"de\",\"potentialAction\":[{\"@type\":\"ReadAction\",\"target\":[\"https:\/\/www.hoecker.eu\/blog\/dr-med-murat-dagdelen-erfolgreich-am-lg-duesseldorf-verfuegungsantrag-von-michael-wendler-mit-urteil-zurueckgewiesen\/\"]}]},{\"@type\":\"BreadcrumbList\",\"@id\":\"https:\/\/www.hoecker.eu\/blog\/dr-med-murat-dagdelen-erfolgreich-am-lg-duesseldorf-verfuegungsantrag-von-michael-wendler-mit-urteil-zurueckgewiesen\/#breadcrumb\",\"itemListElement\":[{\"@type\":\"ListItem\",\"position\":1,\"name\":\"Startseite\",\"item\":\"https:\/\/dev.hoecker.eu\/blog\/\"},{\"@type\":\"ListItem\",\"position\":2,\"name\":\"Dr. med. Murat Da\u011fdelen erfolgreich am LG D\u00fcsseldorf: Verf\u00fcgungsantrag von Michael Wendler mit Urteil zur\u00fcckgewiesen\"}]},{\"@type\":\"WebSite\",\"@id\":\"https:\/\/www.hoecker.eu\/blog\/#website\",\"url\":\"https:\/\/www.hoecker.eu\/blog\/\",\"name\":\"H\u00d6CKER - der Blog\",\"description\":\"Expertenblog f\u00fcr \u00c4u\u00dferungs-, Medien-, Marken-, Urheber- und Wettbewerbsrecht.\",\"publisher\":{\"@id\":\"https:\/\/www.hoecker.eu\/blog\/#organization\"},\"potentialAction\":[{\"@type\":\"SearchAction\",\"target\":{\"@type\":\"EntryPoint\",\"urlTemplate\":\"https:\/\/www.hoecker.eu\/blog\/?s={search_term_string}\"},\"query-input\":{\"@type\":\"PropertyValueSpecification\",\"valueRequired\":true,\"valueName\":\"search_term_string\"}}],\"inLanguage\":\"de\"},{\"@type\":\"Organization\",\"@id\":\"https:\/\/www.hoecker.eu\/blog\/#organization\",\"name\":\"H\u00d6CKER Rechtsanw\u00e4lte PartGmbB\",\"alternateName\":\"H\u00d6CKER\",\"url\":\"https:\/\/www.hoecker.eu\/blog\/\",\"logo\":{\"@type\":\"ImageObject\",\"inLanguage\":\"de\",\"@id\":\"https:\/\/www.hoecker.eu\/blog\/#\/schema\/logo\/image\/\",\"url\":\"https:\/\/www.hoecker.eu\/blog\/wp-content\/uploads\/2025\/03\/Blog-Logo.webp\",\"contentUrl\":\"https:\/\/www.hoecker.eu\/blog\/wp-content\/uploads\/2025\/03\/Blog-Logo.webp\",\"width\":500,\"height\":500,\"caption\":\"H\u00d6CKER Rechtsanw\u00e4lte PartGmbB\"},\"image\":{\"@id\":\"https:\/\/www.hoecker.eu\/blog\/#\/schema\/logo\/image\/\"},\"sameAs\":[\"https:\/\/www.facebook.com\/HoeckerRAe\/\",\"https:\/\/x.com\/hoecker_rae\",\"https:\/\/www.linkedin.com\/company\/hcker-rechtsanwlte\/\",\"https:\/\/www.instagram.com\/hoecker_rae\/\"],\"email\":\"contact@hoecker.eu\",\"telephone\":\"+ 49 (0)221-933 19-10\",\"legalName\":\"H\u00d6CKER Rechtsanw\u00e4lte PartGmbB\",\"numberOfEmployees\":{\"@type\":\"QuantitativeValue\",\"minValue\":\"11\",\"maxValue\":\"50\"}},{\"@type\":\"Person\",\"@id\":\"https:\/\/www.hoecker.eu\/blog\/#\/schema\/person\/08f95581eed0534eccd0b2438f7a1cab\",\"name\":\"Prof. Dr. Ralf H\u00f6cker\",\"description\":\"Medienanwalt. Besch\u00fctzer vor mieser Presse\",\"sameAs\":[\"https:\/\/www.hoecker.eu\/wer\/prof-dr-ralf-hoecker\",\"https:\/\/www.facebook.com\/ralf.hoecker\",\"https:\/\/www.linkedin.com\/in\/prof-dr-ralf-hcker-ll-m-london-17987826\/\",\"https:\/\/x.com\/Ralf_Hoecker\"],\"url\":\"https:\/\/www.hoecker.eu\/blog\/author\/hoecker_adm\/\"}]}<\/script>\n<!-- \/ Yoast SEO Premium plugin. -->","yoast_head_json":{"title":"Dr. med. Murat Da\u011fdelen erfolgreich am LG D\u00fcsseldorf: Verf\u00fcgungsantrag von Michael Wendler mit Urteil zur\u00fcckgewiesen - H\u00d6CKER - der Blog","robots":{"index":"index","follow":"follow","max-snippet":"max-snippet:-1","max-image-preview":"max-image-preview:large","max-video-preview":"max-video-preview:-1"},"canonical":"https:\/\/www.hoecker.eu\/blog\/dr-med-murat-dagdelen-erfolgreich-am-lg-duesseldorf-verfuegungsantrag-von-michael-wendler-mit-urteil-zurueckgewiesen\/","og_locale":"de_DE","og_type":"article","og_title":"Dr. med. Murat Da\u011fdelen erfolgreich am LG D\u00fcsseldorf: Verf\u00fcgungsantrag von Michael Wendler mit Urteil zur\u00fcckgewiesen","og_description":"In den Medien wurde viel berichtet \u00fcber das Eilverfahren von Herrn Wendler gegen unseren Mandanten Dr. Da\u011fdelen am Landgericht D\u00fcsseldorf. Weil der Sachverhalt in diesem Eilverfahren nicht aufgekl\u00e4rt werden konnte und unser Mandant ohnehin kein Interesse an der Wiederholung bestimmter \u00c4u\u00dferungen \u00fcber Herrn Wendler hat, haben wir im Termin zur m\u00fcndlichen Verhandlung am 30.03.2022 freiwillig [&hellip;]","og_url":"https:\/\/www.hoecker.eu\/blog\/dr-med-murat-dagdelen-erfolgreich-am-lg-duesseldorf-verfuegungsantrag-von-michael-wendler-mit-urteil-zurueckgewiesen\/","og_site_name":"H\u00d6CKER - der Blog","article_publisher":"https:\/\/www.facebook.com\/HoeckerRAe\/","article_author":"https:\/\/www.facebook.com\/ralf.hoecker","article_published_time":"2022-04-20T10:14:00+00:00","article_modified_time":"2025-02-17T13:54:09+00:00","author":"Prof. Dr. Ralf H\u00f6cker","twitter_card":"summary_large_image","twitter_creator":"@Ralf_Hoecker","twitter_site":"@hoecker_rae","twitter_misc":{"Verfasst von":"Prof. Dr. Ralf H\u00f6cker","Gesch\u00e4tzte Lesezeit":"1\u00a0Minute"},"schema":{"@context":"https:\/\/schema.org","@graph":[{"@type":"Article","@id":"https:\/\/www.hoecker.eu\/blog\/dr-med-murat-dagdelen-erfolgreich-am-lg-duesseldorf-verfuegungsantrag-von-michael-wendler-mit-urteil-zurueckgewiesen\/#article","isPartOf":{"@id":"https:\/\/www.hoecker.eu\/blog\/dr-med-murat-dagdelen-erfolgreich-am-lg-duesseldorf-verfuegungsantrag-von-michael-wendler-mit-urteil-zurueckgewiesen\/"},"author":{"name":"Prof. Dr. Ralf H\u00f6cker","@id":"https:\/\/www.hoecker.eu\/blog\/#\/schema\/person\/08f95581eed0534eccd0b2438f7a1cab"},"headline":"Dr. med. Murat Da\u011fdelen erfolgreich am LG D\u00fcsseldorf: Verf\u00fcgungsantrag von Michael Wendler mit Urteil zur\u00fcckgewiesen","datePublished":"2022-04-20T10:14:00+00:00","dateModified":"2025-02-17T13:54:09+00:00","mainEntityOfPage":{"@id":"https:\/\/www.hoecker.eu\/blog\/dr-med-murat-dagdelen-erfolgreich-am-lg-duesseldorf-verfuegungsantrag-von-michael-wendler-mit-urteil-zurueckgewiesen\/"},"wordCount":211,"publisher":{"@id":"https:\/\/www.hoecker.eu\/blog\/#organization"},"articleSection":["News"],"inLanguage":"de"},{"@type":"WebPage","@id":"https:\/\/www.hoecker.eu\/blog\/dr-med-murat-dagdelen-erfolgreich-am-lg-duesseldorf-verfuegungsantrag-von-michael-wendler-mit-urteil-zurueckgewiesen\/","url":"https:\/\/www.hoecker.eu\/blog\/dr-med-murat-dagdelen-erfolgreich-am-lg-duesseldorf-verfuegungsantrag-von-michael-wendler-mit-urteil-zurueckgewiesen\/","name":"Dr. med. Murat Da\u011fdelen erfolgreich am LG D\u00fcsseldorf: Verf\u00fcgungsantrag von Michael Wendler mit Urteil zur\u00fcckgewiesen - H\u00d6CKER - der Blog","isPartOf":{"@id":"https:\/\/www.hoecker.eu\/blog\/#website"},"datePublished":"2022-04-20T10:14:00+00:00","dateModified":"2025-02-17T13:54:09+00:00","breadcrumb":{"@id":"https:\/\/www.hoecker.eu\/blog\/dr-med-murat-dagdelen-erfolgreich-am-lg-duesseldorf-verfuegungsantrag-von-michael-wendler-mit-urteil-zurueckgewiesen\/#breadcrumb"},"inLanguage":"de","potentialAction":[{"@type":"ReadAction","target":["https:\/\/www.hoecker.eu\/blog\/dr-med-murat-dagdelen-erfolgreich-am-lg-duesseldorf-verfuegungsantrag-von-michael-wendler-mit-urteil-zurueckgewiesen\/"]}]},{"@type":"BreadcrumbList","@id":"https:\/\/www.hoecker.eu\/blog\/dr-med-murat-dagdelen-erfolgreich-am-lg-duesseldorf-verfuegungsantrag-von-michael-wendler-mit-urteil-zurueckgewiesen\/#breadcrumb","itemListElement":[{"@type":"ListItem","position":1,"name":"Startseite","item":"https:\/\/dev.hoecker.eu\/blog\/"},{"@type":"ListItem","position":2,"name":"Dr. med. Murat Da\u011fdelen erfolgreich am LG D\u00fcsseldorf: Verf\u00fcgungsantrag von Michael Wendler mit Urteil zur\u00fcckgewiesen"}]},{"@type":"WebSite","@id":"https:\/\/www.hoecker.eu\/blog\/#website","url":"https:\/\/www.hoecker.eu\/blog\/","name":"H\u00d6CKER - der Blog","description":"Expertenblog f\u00fcr \u00c4u\u00dferungs-, Medien-, Marken-, Urheber- und Wettbewerbsrecht.","publisher":{"@id":"https:\/\/www.hoecker.eu\/blog\/#organization"},"potentialAction":[{"@type":"SearchAction","target":{"@type":"EntryPoint","urlTemplate":"https:\/\/www.hoecker.eu\/blog\/?s={search_term_string}"},"query-input":{"@type":"PropertyValueSpecification","valueRequired":true,"valueName":"search_term_string"}}],"inLanguage":"de"},{"@type":"Organization","@id":"https:\/\/www.hoecker.eu\/blog\/#organization","name":"H\u00d6CKER Rechtsanw\u00e4lte PartGmbB","alternateName":"H\u00d6CKER","url":"https:\/\/www.hoecker.eu\/blog\/","logo":{"@type":"ImageObject","inLanguage":"de","@id":"https:\/\/www.hoecker.eu\/blog\/#\/schema\/logo\/image\/","url":"https:\/\/www.hoecker.eu\/blog\/wp-content\/uploads\/2025\/03\/Blog-Logo.webp","contentUrl":"https:\/\/www.hoecker.eu\/blog\/wp-content\/uploads\/2025\/03\/Blog-Logo.webp","width":500,"height":500,"caption":"H\u00d6CKER Rechtsanw\u00e4lte PartGmbB"},"image":{"@id":"https:\/\/www.hoecker.eu\/blog\/#\/schema\/logo\/image\/"},"sameAs":["https:\/\/www.facebook.com\/HoeckerRAe\/","https:\/\/x.com\/hoecker_rae","https:\/\/www.linkedin.com\/company\/hcker-rechtsanwlte\/","https:\/\/www.instagram.com\/hoecker_rae\/"],"email":"contact@hoecker.eu","telephone":"+ 49 (0)221-933 19-10","legalName":"H\u00d6CKER Rechtsanw\u00e4lte PartGmbB","numberOfEmployees":{"@type":"QuantitativeValue","minValue":"11","maxValue":"50"}},{"@type":"Person","@id":"https:\/\/www.hoecker.eu\/blog\/#\/schema\/person\/08f95581eed0534eccd0b2438f7a1cab","name":"Prof. Dr. Ralf H\u00f6cker","description":"Medienanwalt. Besch\u00fctzer vor mieser Presse","sameAs":["https:\/\/www.hoecker.eu\/wer\/prof-dr-ralf-hoecker","https:\/\/www.facebook.com\/ralf.hoecker","https:\/\/www.linkedin.com\/in\/prof-dr-ralf-hcker-ll-m-london-17987826\/","https:\/\/x.com\/Ralf_Hoecker"],"url":"https:\/\/www.hoecker.eu\/blog\/author\/hoecker_adm\/"}]}},"authors":[{"term_id":84,"user_id":1,"is_guest":0,"slug":"hoecker_adm","display_name":"Prof. Dr. Ralf H\u00f6cker","avatar_url":{"url":"https:\/\/www.hoecker.eu\/blog\/wp-content\/uploads\/2023\/12\/ProfDrRalfHoecker.jpg","url2x":"https:\/\/www.hoecker.eu\/blog\/wp-content\/uploads\/2023\/12\/ProfDrRalfHoecker.jpg"},"0":null,"1":"","2":"","3":"","4":"","5":"","6":"","7":"","8":"","9":"","10":"","11":""}],"_links":{"self":[{"href":"https:\/\/www.hoecker.eu\/blog\/wp-json\/wp\/v2\/posts\/8211","targetHints":{"allow":["GET"]}}],"collection":[{"href":"https:\/\/www.hoecker.eu\/blog\/wp-json\/wp\/v2\/posts"}],"about":[{"href":"https:\/\/www.hoecker.eu\/blog\/wp-json\/wp\/v2\/types\/post"}],"author":[{"embeddable":true,"href":"https:\/\/www.hoecker.eu\/blog\/wp-json\/wp\/v2\/users\/1"}],"replies":[{"embeddable":true,"href":"https:\/\/www.hoecker.eu\/blog\/wp-json\/wp\/v2\/comments?post=8211"}],"version-history":[{"count":1,"href":"https:\/\/www.hoecker.eu\/blog\/wp-json\/wp\/v2\/posts\/8211\/revisions"}],"predecessor-version":[{"id":9333,"href":"https:\/\/www.hoecker.eu\/blog\/wp-json\/wp\/v2\/posts\/8211\/revisions\/9333"}],"wp:attachment":[{"href":"https:\/\/www.hoecker.eu\/blog\/wp-json\/wp\/v2\/media?parent=8211"}],"wp:term":[{"taxonomy":"category","embeddable":true,"href":"https:\/\/www.hoecker.eu\/blog\/wp-json\/wp\/v2\/categories?post=8211"},{"taxonomy":"post_tag","embeddable":true,"href":"https:\/\/www.hoecker.eu\/blog\/wp-json\/wp\/v2\/tags?post=8211"},{"taxonomy":"hashtags","embeddable":true,"href":"https:\/\/www.hoecker.eu\/blog\/wp-json\/wp\/v2\/hashtags?post=8211"},{"taxonomy":"author","embeddable":true,"href":"https:\/\/www.hoecker.eu\/blog\/wp-json\/wp\/v2\/ppma_author?post=8211"}],"curies":[{"name":"wp","href":"https:\/\/api.w.org\/{rel}","templated":true}]}}