{"id":8210,"date":"2022-05-02T07:16:00","date_gmt":"2022-05-02T05:16:00","guid":{"rendered":"https:\/\/www.hoecker.eu\/blog\/schwul-ist-eine-beleidigung-jedenfalls-manchmal-youtuber-kuchentv-vor-gericht-erfolgreich-gegen-youtuber-a-b-k\/"},"modified":"2025-02-17T14:54:09","modified_gmt":"2025-02-17T13:54:09","slug":"schwul-ist-eine-beleidigung-jedenfalls-manchmal-youtuber-kuchentv-vor-gericht-erfolgreich-gegen-youtuber-a-b-k","status":"publish","type":"post","link":"https:\/\/www.hoecker.eu\/blog\/schwul-ist-eine-beleidigung-jedenfalls-manchmal-youtuber-kuchentv-vor-gericht-erfolgreich-gegen-youtuber-a-b-k\/","title":{"rendered":"\u201eSchwul\u201c ist eine Beleidigung \u2013 jedenfalls manchmal. YouTuber KuchenTV vor Gericht erfolgreich gegen YouTuber A.B.K"},"content":{"rendered":"<p>Nachdem das Landgericht K\u00f6ln dem bekannten YouTuber A.B.K bereits untersagt hatte, die Beleidigung \u201eBastard\u201c in Bezug auf den YouTuber Tim Heldt, alias KuchenTV, zu verbreiten (Beschl. v. 04.03.2022, Az. 28 O 65\/22, rk.), konnte H\u00d6CKER in zweiter Instanz erreichen, dass \u00fcber ihn auch nicht mehr die \u00c4u\u00dferung \u201eKuchenTV, du bist schwul\u201c ver\u00f6ffentlicht werden darf (Beschl. v. 26.04.2022, Az. 15 W 15\/22, n.rk.). <\/p>\n<p><strong>Was war geschehen?<\/strong><\/p>\n<p>Auf Instagram hatte der YouTuber A.B.K eine Story ver\u00f6ffentlicht, in der u.a. gezeigt wurde, wie der YouTuber KuchenTV, dessen Kanal \u00fcber 1 Mio. Follower hat, von einem unbekannten Dritten als \u201eBastard\u201c und \u201eschwul\u201c bep\u00f6belt wird. Hiergegen wandte sich KuchenTV mit einem beim Landgericht K\u00f6ln von H\u00d6CKER f\u00fcr ihn eingereichten Verf\u00fcgungsantrag. Allerdings hielt das Landgericht K\u00f6ln nur \u201eBastard\u201c f\u00fcr ehrenr\u00fchrig, nicht jedoch die Bezeichnung von KuchenTV als \u201eschwul\u201c. <\/p>\n<p>Obwohl die Bezeichnung eines anderen als \u201eschwul\u201c f\u00fcr sich genommen nat\u00fcrlich keinen beleidigenden Charakter haben muss, \u00e4ndert dies nichts daran, dass es leider immer noch breite Bev\u00f6lkerungskreise mit homophober Tendenz gibt, in denen Schwulsein als Makel betrachtet und das Wort \u201eschwul\u201c unzweifelhaft als Beleidigung verwendet wird. Weil das Landgericht K\u00f6ln diese Realit\u00e4t \u2013 frei nach dem Motto: \u201eEs kann nicht sein, was nicht sein darf\u201c \u2013 auszublenden schien, legte H\u00d6CKER f\u00fcr KuchenTV gegen die Entscheidung sofortige Beschwerde ein.<\/p>\n<p><strong>OLG K\u00f6ln gibt sofortiger Beschwerde statt <\/strong><\/p>\n<p>Mit Erfolg: Aus Sicht des Oberlandesgerichts K\u00f6ln liegt es auf der Hand, dass der durchschnittliche und unbefangene Nutzer von Instagram die \u00c4u\u00dferung in dem hier zu beurteilenden Kontext als Beleidigung auffassen wird. In diesem Verst\u00e4ndnis werde der Betrachter dadurch best\u00e4rkt, dass der Betroffene wenige Sekunden sp\u00e4ter zudem als \u201eBastard\u201c bezeichnet werde, was unzweifelhaft eine grobe Beleidigung darstelle. Aus diesem Grund fiel die vom Oberlandesgericht K\u00f6ln vorgenommene Interessenabw\u00e4gung eindeutig zugunsten von KuchenTV aus. Insbesondere stelle die \u00c4u\u00dferung auch keinen Beitrag zur \u00f6ffentlichen Meinungsbildung dar, da in dem Ausschnitt vornehmlich gezeigt werde, wie der Betroffene auf offener Stra\u00dfe ohne erkennbaren Anlass bep\u00f6belt und grob beleidigt werde. <\/p>\n<p>Rechtsanwalt Dr. Ren\u00e9 Rosenau: \u201eEs gibt leider immer noch genug Vorgestrige, die Worte wie \u201aschwul\u2018, \u201abehindert\u2018 oder \u201aJude\u2018 als Beleidigung verwenden. Solche Personen darf man mit ihrer menschenfeindlichen Einstellung aber nicht davonkommen lassen, indem man ihr Verhalten sanktionslos stellt.\u201c<\/p>\n","protected":false},"excerpt":{"rendered":"<p>Nachdem das Landgericht K\u00f6ln dem bekannten YouTuber A.B.K bereits untersagt hatte, die Beleidigung \u201eBastard\u201c in Bezug auf den YouTuber Tim Heldt, alias KuchenTV, zu verbreiten (Beschl. v. 04.03.2022, Az. 28 O 65\/22, rk.), konnte H\u00d6CKER in zweiter Instanz erreichen, dass \u00fcber ihn auch nicht mehr die \u00c4u\u00dferung \u201eKuchenTV, du bist schwul\u201c ver\u00f6ffentlicht werden darf (Beschl. [&hellip;]<\/p>\n","protected":false},"author":1,"featured_media":0,"comment_status":"closed","ping_status":"closed","sticky":false,"template":"","format":"standard","meta":{"_has_post_settings":[],"footnotes":""},"categories":[15],"tags":[],"hashtags":[],"ppma_author":[84],"class_list":["post-8210","post","type-post","status-publish","format-standard","hentry","category-news","author-hoecker_adm"],"yoast_head":"<!-- This site is optimized with the Yoast SEO Premium plugin v25.9 (Yoast SEO v27.0) - https:\/\/yoast.com\/product\/yoast-seo-premium-wordpress\/ -->\n<title>\u201eSchwul\u201c ist eine Beleidigung \u2013 jedenfalls manchmal. YouTuber KuchenTV vor Gericht erfolgreich gegen YouTuber A.B.K - H\u00d6CKER - der Blog<\/title>\n<meta name=\"robots\" content=\"index, follow, max-snippet:-1, max-image-preview:large, max-video-preview:-1\" \/>\n<link rel=\"canonical\" href=\"https:\/\/www.hoecker.eu\/blog\/schwul-ist-eine-beleidigung-jedenfalls-manchmal-youtuber-kuchentv-vor-gericht-erfolgreich-gegen-youtuber-a-b-k\/\" \/>\n<meta property=\"og:locale\" content=\"de_DE\" \/>\n<meta property=\"og:type\" content=\"article\" \/>\n<meta property=\"og:title\" content=\"\u201eSchwul\u201c ist eine Beleidigung \u2013 jedenfalls manchmal. YouTuber KuchenTV vor Gericht erfolgreich gegen YouTuber A.B.K\" \/>\n<meta property=\"og:description\" content=\"Nachdem das Landgericht K\u00f6ln dem bekannten YouTuber A.B.K bereits untersagt hatte, die Beleidigung \u201eBastard\u201c in Bezug auf den YouTuber Tim Heldt, alias KuchenTV, zu verbreiten (Beschl. v. 04.03.2022, Az. 28 O 65\/22, rk.), konnte H\u00d6CKER in zweiter Instanz erreichen, dass \u00fcber ihn auch nicht mehr die \u00c4u\u00dferung \u201eKuchenTV, du bist schwul\u201c ver\u00f6ffentlicht werden darf (Beschl. [&hellip;]\" \/>\n<meta property=\"og:url\" content=\"https:\/\/www.hoecker.eu\/blog\/schwul-ist-eine-beleidigung-jedenfalls-manchmal-youtuber-kuchentv-vor-gericht-erfolgreich-gegen-youtuber-a-b-k\/\" \/>\n<meta property=\"og:site_name\" content=\"H\u00d6CKER - der Blog\" \/>\n<meta property=\"article:publisher\" content=\"https:\/\/www.facebook.com\/HoeckerRAe\/\" \/>\n<meta property=\"article:author\" content=\"https:\/\/www.facebook.com\/ralf.hoecker\" \/>\n<meta property=\"article:published_time\" content=\"2022-05-02T05:16:00+00:00\" \/>\n<meta property=\"article:modified_time\" content=\"2025-02-17T13:54:09+00:00\" \/>\n<meta name=\"author\" content=\"Prof. Dr. Ralf H\u00f6cker\" \/>\n<meta name=\"twitter:card\" content=\"summary_large_image\" \/>\n<meta name=\"twitter:creator\" content=\"@Ralf_Hoecker\" \/>\n<meta name=\"twitter:site\" content=\"@hoecker_rae\" \/>\n<meta name=\"twitter:label1\" content=\"Verfasst von\" \/>\n\t<meta name=\"twitter:data1\" content=\"Prof. Dr. Ralf H\u00f6cker\" \/>\n\t<meta name=\"twitter:label2\" content=\"Gesch\u00e4tzte Lesezeit\" \/>\n\t<meta name=\"twitter:data2\" content=\"2\u00a0Minuten\" \/>\n<script type=\"application\/ld+json\" class=\"yoast-schema-graph\">{\"@context\":\"https:\/\/schema.org\",\"@graph\":[{\"@type\":\"Article\",\"@id\":\"https:\/\/www.hoecker.eu\/blog\/schwul-ist-eine-beleidigung-jedenfalls-manchmal-youtuber-kuchentv-vor-gericht-erfolgreich-gegen-youtuber-a-b-k\/#article\",\"isPartOf\":{\"@id\":\"https:\/\/www.hoecker.eu\/blog\/schwul-ist-eine-beleidigung-jedenfalls-manchmal-youtuber-kuchentv-vor-gericht-erfolgreich-gegen-youtuber-a-b-k\/\"},\"author\":{\"name\":\"Prof. Dr. Ralf H\u00f6cker\",\"@id\":\"https:\/\/www.hoecker.eu\/blog\/#\/schema\/person\/08f95581eed0534eccd0b2438f7a1cab\"},\"headline\":\"\u201eSchwul\u201c ist eine Beleidigung \u2013 jedenfalls manchmal. YouTuber KuchenTV vor Gericht erfolgreich gegen YouTuber A.B.K\",\"datePublished\":\"2022-05-02T05:16:00+00:00\",\"dateModified\":\"2025-02-17T13:54:09+00:00\",\"mainEntityOfPage\":{\"@id\":\"https:\/\/www.hoecker.eu\/blog\/schwul-ist-eine-beleidigung-jedenfalls-manchmal-youtuber-kuchentv-vor-gericht-erfolgreich-gegen-youtuber-a-b-k\/\"},\"wordCount\":403,\"publisher\":{\"@id\":\"https:\/\/www.hoecker.eu\/blog\/#organization\"},\"articleSection\":[\"News\"],\"inLanguage\":\"de\"},{\"@type\":\"WebPage\",\"@id\":\"https:\/\/www.hoecker.eu\/blog\/schwul-ist-eine-beleidigung-jedenfalls-manchmal-youtuber-kuchentv-vor-gericht-erfolgreich-gegen-youtuber-a-b-k\/\",\"url\":\"https:\/\/www.hoecker.eu\/blog\/schwul-ist-eine-beleidigung-jedenfalls-manchmal-youtuber-kuchentv-vor-gericht-erfolgreich-gegen-youtuber-a-b-k\/\",\"name\":\"\u201eSchwul\u201c ist eine Beleidigung \u2013 jedenfalls manchmal. YouTuber KuchenTV vor Gericht erfolgreich gegen YouTuber A.B.K - H\u00d6CKER - der Blog\",\"isPartOf\":{\"@id\":\"https:\/\/www.hoecker.eu\/blog\/#website\"},\"datePublished\":\"2022-05-02T05:16:00+00:00\",\"dateModified\":\"2025-02-17T13:54:09+00:00\",\"breadcrumb\":{\"@id\":\"https:\/\/www.hoecker.eu\/blog\/schwul-ist-eine-beleidigung-jedenfalls-manchmal-youtuber-kuchentv-vor-gericht-erfolgreich-gegen-youtuber-a-b-k\/#breadcrumb\"},\"inLanguage\":\"de\",\"potentialAction\":[{\"@type\":\"ReadAction\",\"target\":[\"https:\/\/www.hoecker.eu\/blog\/schwul-ist-eine-beleidigung-jedenfalls-manchmal-youtuber-kuchentv-vor-gericht-erfolgreich-gegen-youtuber-a-b-k\/\"]}]},{\"@type\":\"BreadcrumbList\",\"@id\":\"https:\/\/www.hoecker.eu\/blog\/schwul-ist-eine-beleidigung-jedenfalls-manchmal-youtuber-kuchentv-vor-gericht-erfolgreich-gegen-youtuber-a-b-k\/#breadcrumb\",\"itemListElement\":[{\"@type\":\"ListItem\",\"position\":1,\"name\":\"Startseite\",\"item\":\"https:\/\/dev.hoecker.eu\/blog\/\"},{\"@type\":\"ListItem\",\"position\":2,\"name\":\"\u201eSchwul\u201c ist eine Beleidigung \u2013 jedenfalls manchmal. YouTuber KuchenTV vor Gericht erfolgreich gegen YouTuber A.B.K\"}]},{\"@type\":\"WebSite\",\"@id\":\"https:\/\/www.hoecker.eu\/blog\/#website\",\"url\":\"https:\/\/www.hoecker.eu\/blog\/\",\"name\":\"H\u00d6CKER - der Blog\",\"description\":\"Expertenblog f\u00fcr \u00c4u\u00dferungs-, Medien-, Marken-, Urheber- und Wettbewerbsrecht.\",\"publisher\":{\"@id\":\"https:\/\/www.hoecker.eu\/blog\/#organization\"},\"potentialAction\":[{\"@type\":\"SearchAction\",\"target\":{\"@type\":\"EntryPoint\",\"urlTemplate\":\"https:\/\/www.hoecker.eu\/blog\/?s={search_term_string}\"},\"query-input\":{\"@type\":\"PropertyValueSpecification\",\"valueRequired\":true,\"valueName\":\"search_term_string\"}}],\"inLanguage\":\"de\"},{\"@type\":\"Organization\",\"@id\":\"https:\/\/www.hoecker.eu\/blog\/#organization\",\"name\":\"H\u00d6CKER Rechtsanw\u00e4lte PartGmbB\",\"alternateName\":\"H\u00d6CKER\",\"url\":\"https:\/\/www.hoecker.eu\/blog\/\",\"logo\":{\"@type\":\"ImageObject\",\"inLanguage\":\"de\",\"@id\":\"https:\/\/www.hoecker.eu\/blog\/#\/schema\/logo\/image\/\",\"url\":\"https:\/\/www.hoecker.eu\/blog\/wp-content\/uploads\/2025\/03\/Blog-Logo.webp\",\"contentUrl\":\"https:\/\/www.hoecker.eu\/blog\/wp-content\/uploads\/2025\/03\/Blog-Logo.webp\",\"width\":500,\"height\":500,\"caption\":\"H\u00d6CKER Rechtsanw\u00e4lte PartGmbB\"},\"image\":{\"@id\":\"https:\/\/www.hoecker.eu\/blog\/#\/schema\/logo\/image\/\"},\"sameAs\":[\"https:\/\/www.facebook.com\/HoeckerRAe\/\",\"https:\/\/x.com\/hoecker_rae\",\"https:\/\/www.linkedin.com\/company\/hcker-rechtsanwlte\/\",\"https:\/\/www.instagram.com\/hoecker_rae\/\"],\"email\":\"contact@hoecker.eu\",\"telephone\":\"+ 49 (0)221-933 19-10\",\"legalName\":\"H\u00d6CKER Rechtsanw\u00e4lte PartGmbB\",\"numberOfEmployees\":{\"@type\":\"QuantitativeValue\",\"minValue\":\"11\",\"maxValue\":\"50\"}},{\"@type\":\"Person\",\"@id\":\"https:\/\/www.hoecker.eu\/blog\/#\/schema\/person\/08f95581eed0534eccd0b2438f7a1cab\",\"name\":\"Prof. Dr. Ralf H\u00f6cker\",\"description\":\"Medienanwalt. Besch\u00fctzer vor mieser Presse\",\"sameAs\":[\"https:\/\/www.hoecker.eu\/wer\/prof-dr-ralf-hoecker\",\"https:\/\/www.facebook.com\/ralf.hoecker\",\"https:\/\/www.linkedin.com\/in\/prof-dr-ralf-hcker-ll-m-london-17987826\/\",\"https:\/\/x.com\/Ralf_Hoecker\"],\"url\":\"https:\/\/www.hoecker.eu\/blog\/author\/hoecker_adm\/\"}]}<\/script>\n<!-- \/ Yoast SEO Premium plugin. -->","yoast_head_json":{"title":"\u201eSchwul\u201c ist eine Beleidigung \u2013 jedenfalls manchmal. YouTuber KuchenTV vor Gericht erfolgreich gegen YouTuber A.B.K - H\u00d6CKER - der Blog","robots":{"index":"index","follow":"follow","max-snippet":"max-snippet:-1","max-image-preview":"max-image-preview:large","max-video-preview":"max-video-preview:-1"},"canonical":"https:\/\/www.hoecker.eu\/blog\/schwul-ist-eine-beleidigung-jedenfalls-manchmal-youtuber-kuchentv-vor-gericht-erfolgreich-gegen-youtuber-a-b-k\/","og_locale":"de_DE","og_type":"article","og_title":"\u201eSchwul\u201c ist eine Beleidigung \u2013 jedenfalls manchmal. YouTuber KuchenTV vor Gericht erfolgreich gegen YouTuber A.B.K","og_description":"Nachdem das Landgericht K\u00f6ln dem bekannten YouTuber A.B.K bereits untersagt hatte, die Beleidigung \u201eBastard\u201c in Bezug auf den YouTuber Tim Heldt, alias KuchenTV, zu verbreiten (Beschl. v. 04.03.2022, Az. 28 O 65\/22, rk.), konnte H\u00d6CKER in zweiter Instanz erreichen, dass \u00fcber ihn auch nicht mehr die \u00c4u\u00dferung \u201eKuchenTV, du bist schwul\u201c ver\u00f6ffentlicht werden darf (Beschl. [&hellip;]","og_url":"https:\/\/www.hoecker.eu\/blog\/schwul-ist-eine-beleidigung-jedenfalls-manchmal-youtuber-kuchentv-vor-gericht-erfolgreich-gegen-youtuber-a-b-k\/","og_site_name":"H\u00d6CKER - der Blog","article_publisher":"https:\/\/www.facebook.com\/HoeckerRAe\/","article_author":"https:\/\/www.facebook.com\/ralf.hoecker","article_published_time":"2022-05-02T05:16:00+00:00","article_modified_time":"2025-02-17T13:54:09+00:00","author":"Prof. Dr. Ralf H\u00f6cker","twitter_card":"summary_large_image","twitter_creator":"@Ralf_Hoecker","twitter_site":"@hoecker_rae","twitter_misc":{"Verfasst von":"Prof. Dr. Ralf H\u00f6cker","Gesch\u00e4tzte Lesezeit":"2\u00a0Minuten"},"schema":{"@context":"https:\/\/schema.org","@graph":[{"@type":"Article","@id":"https:\/\/www.hoecker.eu\/blog\/schwul-ist-eine-beleidigung-jedenfalls-manchmal-youtuber-kuchentv-vor-gericht-erfolgreich-gegen-youtuber-a-b-k\/#article","isPartOf":{"@id":"https:\/\/www.hoecker.eu\/blog\/schwul-ist-eine-beleidigung-jedenfalls-manchmal-youtuber-kuchentv-vor-gericht-erfolgreich-gegen-youtuber-a-b-k\/"},"author":{"name":"Prof. Dr. Ralf H\u00f6cker","@id":"https:\/\/www.hoecker.eu\/blog\/#\/schema\/person\/08f95581eed0534eccd0b2438f7a1cab"},"headline":"\u201eSchwul\u201c ist eine Beleidigung \u2013 jedenfalls manchmal. YouTuber KuchenTV vor Gericht erfolgreich gegen YouTuber A.B.K","datePublished":"2022-05-02T05:16:00+00:00","dateModified":"2025-02-17T13:54:09+00:00","mainEntityOfPage":{"@id":"https:\/\/www.hoecker.eu\/blog\/schwul-ist-eine-beleidigung-jedenfalls-manchmal-youtuber-kuchentv-vor-gericht-erfolgreich-gegen-youtuber-a-b-k\/"},"wordCount":403,"publisher":{"@id":"https:\/\/www.hoecker.eu\/blog\/#organization"},"articleSection":["News"],"inLanguage":"de"},{"@type":"WebPage","@id":"https:\/\/www.hoecker.eu\/blog\/schwul-ist-eine-beleidigung-jedenfalls-manchmal-youtuber-kuchentv-vor-gericht-erfolgreich-gegen-youtuber-a-b-k\/","url":"https:\/\/www.hoecker.eu\/blog\/schwul-ist-eine-beleidigung-jedenfalls-manchmal-youtuber-kuchentv-vor-gericht-erfolgreich-gegen-youtuber-a-b-k\/","name":"\u201eSchwul\u201c ist eine Beleidigung \u2013 jedenfalls manchmal. YouTuber KuchenTV vor Gericht erfolgreich gegen YouTuber A.B.K - H\u00d6CKER - der Blog","isPartOf":{"@id":"https:\/\/www.hoecker.eu\/blog\/#website"},"datePublished":"2022-05-02T05:16:00+00:00","dateModified":"2025-02-17T13:54:09+00:00","breadcrumb":{"@id":"https:\/\/www.hoecker.eu\/blog\/schwul-ist-eine-beleidigung-jedenfalls-manchmal-youtuber-kuchentv-vor-gericht-erfolgreich-gegen-youtuber-a-b-k\/#breadcrumb"},"inLanguage":"de","potentialAction":[{"@type":"ReadAction","target":["https:\/\/www.hoecker.eu\/blog\/schwul-ist-eine-beleidigung-jedenfalls-manchmal-youtuber-kuchentv-vor-gericht-erfolgreich-gegen-youtuber-a-b-k\/"]}]},{"@type":"BreadcrumbList","@id":"https:\/\/www.hoecker.eu\/blog\/schwul-ist-eine-beleidigung-jedenfalls-manchmal-youtuber-kuchentv-vor-gericht-erfolgreich-gegen-youtuber-a-b-k\/#breadcrumb","itemListElement":[{"@type":"ListItem","position":1,"name":"Startseite","item":"https:\/\/dev.hoecker.eu\/blog\/"},{"@type":"ListItem","position":2,"name":"\u201eSchwul\u201c ist eine Beleidigung \u2013 jedenfalls manchmal. YouTuber KuchenTV vor Gericht erfolgreich gegen YouTuber A.B.K"}]},{"@type":"WebSite","@id":"https:\/\/www.hoecker.eu\/blog\/#website","url":"https:\/\/www.hoecker.eu\/blog\/","name":"H\u00d6CKER - der Blog","description":"Expertenblog f\u00fcr \u00c4u\u00dferungs-, Medien-, Marken-, Urheber- und Wettbewerbsrecht.","publisher":{"@id":"https:\/\/www.hoecker.eu\/blog\/#organization"},"potentialAction":[{"@type":"SearchAction","target":{"@type":"EntryPoint","urlTemplate":"https:\/\/www.hoecker.eu\/blog\/?s={search_term_string}"},"query-input":{"@type":"PropertyValueSpecification","valueRequired":true,"valueName":"search_term_string"}}],"inLanguage":"de"},{"@type":"Organization","@id":"https:\/\/www.hoecker.eu\/blog\/#organization","name":"H\u00d6CKER Rechtsanw\u00e4lte PartGmbB","alternateName":"H\u00d6CKER","url":"https:\/\/www.hoecker.eu\/blog\/","logo":{"@type":"ImageObject","inLanguage":"de","@id":"https:\/\/www.hoecker.eu\/blog\/#\/schema\/logo\/image\/","url":"https:\/\/www.hoecker.eu\/blog\/wp-content\/uploads\/2025\/03\/Blog-Logo.webp","contentUrl":"https:\/\/www.hoecker.eu\/blog\/wp-content\/uploads\/2025\/03\/Blog-Logo.webp","width":500,"height":500,"caption":"H\u00d6CKER Rechtsanw\u00e4lte PartGmbB"},"image":{"@id":"https:\/\/www.hoecker.eu\/blog\/#\/schema\/logo\/image\/"},"sameAs":["https:\/\/www.facebook.com\/HoeckerRAe\/","https:\/\/x.com\/hoecker_rae","https:\/\/www.linkedin.com\/company\/hcker-rechtsanwlte\/","https:\/\/www.instagram.com\/hoecker_rae\/"],"email":"contact@hoecker.eu","telephone":"+ 49 (0)221-933 19-10","legalName":"H\u00d6CKER Rechtsanw\u00e4lte PartGmbB","numberOfEmployees":{"@type":"QuantitativeValue","minValue":"11","maxValue":"50"}},{"@type":"Person","@id":"https:\/\/www.hoecker.eu\/blog\/#\/schema\/person\/08f95581eed0534eccd0b2438f7a1cab","name":"Prof. Dr. Ralf H\u00f6cker","description":"Medienanwalt. Besch\u00fctzer vor mieser Presse","sameAs":["https:\/\/www.hoecker.eu\/wer\/prof-dr-ralf-hoecker","https:\/\/www.facebook.com\/ralf.hoecker","https:\/\/www.linkedin.com\/in\/prof-dr-ralf-hcker-ll-m-london-17987826\/","https:\/\/x.com\/Ralf_Hoecker"],"url":"https:\/\/www.hoecker.eu\/blog\/author\/hoecker_adm\/"}]}},"authors":[{"term_id":84,"user_id":1,"is_guest":0,"slug":"hoecker_adm","display_name":"Prof. Dr. Ralf H\u00f6cker","avatar_url":{"url":"https:\/\/www.hoecker.eu\/blog\/wp-content\/uploads\/2023\/12\/ProfDrRalfHoecker.jpg","url2x":"https:\/\/www.hoecker.eu\/blog\/wp-content\/uploads\/2023\/12\/ProfDrRalfHoecker.jpg"},"0":null,"1":"","2":"","3":"","4":"","5":"","6":"","7":"","8":"","9":"","10":"","11":""}],"_links":{"self":[{"href":"https:\/\/www.hoecker.eu\/blog\/wp-json\/wp\/v2\/posts\/8210","targetHints":{"allow":["GET"]}}],"collection":[{"href":"https:\/\/www.hoecker.eu\/blog\/wp-json\/wp\/v2\/posts"}],"about":[{"href":"https:\/\/www.hoecker.eu\/blog\/wp-json\/wp\/v2\/types\/post"}],"author":[{"embeddable":true,"href":"https:\/\/www.hoecker.eu\/blog\/wp-json\/wp\/v2\/users\/1"}],"replies":[{"embeddable":true,"href":"https:\/\/www.hoecker.eu\/blog\/wp-json\/wp\/v2\/comments?post=8210"}],"version-history":[{"count":1,"href":"https:\/\/www.hoecker.eu\/blog\/wp-json\/wp\/v2\/posts\/8210\/revisions"}],"predecessor-version":[{"id":9332,"href":"https:\/\/www.hoecker.eu\/blog\/wp-json\/wp\/v2\/posts\/8210\/revisions\/9332"}],"wp:attachment":[{"href":"https:\/\/www.hoecker.eu\/blog\/wp-json\/wp\/v2\/media?parent=8210"}],"wp:term":[{"taxonomy":"category","embeddable":true,"href":"https:\/\/www.hoecker.eu\/blog\/wp-json\/wp\/v2\/categories?post=8210"},{"taxonomy":"post_tag","embeddable":true,"href":"https:\/\/www.hoecker.eu\/blog\/wp-json\/wp\/v2\/tags?post=8210"},{"taxonomy":"hashtags","embeddable":true,"href":"https:\/\/www.hoecker.eu\/blog\/wp-json\/wp\/v2\/hashtags?post=8210"},{"taxonomy":"author","embeddable":true,"href":"https:\/\/www.hoecker.eu\/blog\/wp-json\/wp\/v2\/ppma_author?post=8210"}],"curies":[{"name":"wp","href":"https:\/\/api.w.org\/{rel}","templated":true}]}}