{"id":8204,"date":"2022-05-18T10:54:00","date_gmt":"2022-05-18T08:54:00","guid":{"rendered":"https:\/\/www.hoecker.eu\/blog\/erfolg-fuer-kardinal-woelki-vor-dem-lg-koeln-lg-koeln-verbietet-bild-und-nikolaus-harbusch-kernaussagen-zweier-artikel-u-a-die-rechtswidrige-ueberschrift-obwohl-er-von-d\/"},"modified":"2025-02-17T14:54:05","modified_gmt":"2025-02-17T13:54:05","slug":"erfolg-fuer-kardinal-woelki-vor-dem-lg-koeln-lg-koeln-verbietet-bild-und-nikolaus-harbusch-kernaussagen-zweier-artikel-u-a-die-rechtswidrige-ueberschrift-obwohl-er-von-d","status":"publish","type":"post","link":"https:\/\/www.hoecker.eu\/blog\/erfolg-fuer-kardinal-woelki-vor-dem-lg-koeln-lg-koeln-verbietet-bild-und-nikolaus-harbusch-kernaussagen-zweier-artikel-u-a-die-rechtswidrige-ueberschrift-obwohl-er-von-d\/","title":{"rendered":"Erfolg f\u00fcr Kardinal Woelki vor dem LG K\u00f6ln: LG K\u00f6ln verbietet \u201eBILD\u201c und Nikolaus Harbusch Kernaussagen zweier Artikel, u.a. die rechtswidrige \u00dcberschrift: \u201eObwohl er von den Vorw\u00fcrfen wusste &#8211; Kardinal Woelki bef\u00f6rdert Missbrauchs-Priester&#8221;"},"content":{"rendered":"<p>Kardinal Woelki hat sich mit H\u00d6CKER auch in der Hauptsacheklage gegen gleich zwei rechtswidrige Berichte der \u201eBILD\u201c-Zeitung vom 27.04.2021 erfolgreich zur Wehr gesetzt. Beide Artikel wurden durch den BILD-Redakteur Nikolaus Harbusch verfasst.<\/p>\n<p>Die \u201eBILD\u201c hatte unter bild.de gemeldet, Kardinal Woelki habe einen \u201eMissbrauchs-Priester\u201c bef\u00f6rdert, obwohl Kardinal Woelki von den Vorw\u00fcrfen gewusst habe. Der bef\u00f6rderte Priester wurde im BILD-Bericht als \u201eSexualstraft\u00e4ter\u201c gebrandmarkt, der angeblich \u201eKindesmissbrauch und sexuelle Handlungen mit einem Minderj\u00e4hrigen gestanden\u201c habe, und dies, obwohl der zugrundeliegende Kontakt mit einem jungen Mann best\u00e4tigt durch das Landgericht K\u00f6ln tats\u00e4chlich gar nicht strafbar war!<\/p>\n<p>Das Landgericht K\u00f6ln hat die Kernaussagen beider Berichte nun mit Urteil vom 25.04.2022 gegen\u00fcber der Axel Springer SE und Autor Nikolaus Harbusch verboten (Az. 28 O 276\/21, noch nicht rechtskr\u00e4ftig). <\/p>\n<p>Dabei hat das Landgericht K\u00f6ln Aussagen einerseits deshalb verboten, weil es sich um falsche Angaben handle. Das betrifft die BILD-Behauptung, der Pfarrer habe d<em>er Polizei 2001 sexuelle Handlungen <u>mit einem Minderj\u00e4hrigen<\/u> gestanden<\/em> oder die Angabe, der Priester habe <em>\u201e<u>Sex&#8221;<\/u> gestanden<\/em>\u201c.<\/p>\n<p>Dar\u00fcber hinaus hat das Landgericht K\u00f6ln der BILD verboten, den bef\u00f6rderten Priester im Bericht als \u201e<em>Missbrauchs-Priester<\/em>\u201c oder \u201e<em>Sexualstraft\u00e4ter<\/em>\u201c zu brandmarken. Denn der in Rede stehende Kontakt des Priesters mit einem jungen Mann sei, so das Landgericht K\u00f6ln, unstreitig gar keine Straftat gewesen.<\/p>\n<p>Untersagt wurden alle relevanten Aussagen des Berichts vom 27.04.2021 einschlie\u00dflich der \u00dcberschrift (Unterstreichungen wurden verboten):<\/p>\n<p><em><u>\u201eObwohl er von den Vorw\u00fcrfen wusste &#8211; Kardinal Woelki bef\u00f6rderte Missbrauchs-Priester<\/u> <\/em><\/p>\n<p><em>\u2026 Kardinal Rainer Maria Woelki \u2026hat einen Priester bef\u00f6rdert \u2013 <u>obwohl dieser zuvor Kindesmissbrauch gestanden hat! <\/u><\/em><\/p>\n<p><em>\u2026 Pfarrer Michael D. \u2026. <u>Er hatte der Polizei 2001 sexuelle Handlungen mit einem Minderj\u00e4hrigen gestanden. <\/u><\/em><\/p>\n<p><em><u>Bei polizeilicher Vernehmung hatte der Pfarrer Sex mit dem obdachlosen und minderj\u00e4hrigen Prostituierten gestanden. <\/u><\/em><\/p>\n<p><em><u>Ungeachtet dessen bef\u00f6rdert Woelki diesen Sexualstraft\u00e4ter nur zwei Jahre sp\u00e4ter zum Vize-Stadtdechanten von D\u00fcsseldorf.\u201c<\/u><\/em><\/p>\n<p>Untersagt wurde zudem die Kernaussage eines zweiten Berichts vom 27.04.2021:<\/p>\n<p><u>\u201eKardinal Rainer Maria Woelki, der Erzbischof von K\u00f6ln, hat einen Missbrauchspriester bef\u00f6rdert,<\/u> &#8230;\u201c<\/p>\n<p>Das Gericht hat seine Verbotsentscheidung im Urteil wie folgt begr\u00fcndet:<\/p>\n<p><em>\u201eBei der Bezeichnung von Herrn D. als <u>\u201eSexualstraft\u00e4ter\u201c<\/u> handelt es sich um eine unzutreffende Tatsachenbehauptung bzw. um eine Meinungs\u00e4u\u00dferung mit unzutreffendem Tatsachenkern. Der durchschnittliche Rezipient versteht die \u00c4u\u00dferung dahingehend, dass Herr D. eine im Strafgesetzbuch enthaltene Tat begangen hat. Dies ist unstreitig nicht der Fall.<\/em><\/p>\n<p><em>\u2026 Die \u00c4u\u00dferung \u201eBei polizeilicher Vernehmung hatte der Pfarrer <u>Sex<\/u> \u2026 gestanden.\u201c ist unzul\u00e4ssig, da sich der durchschnittliche Rezipient hier einen anderen als den tats\u00e4chlich stattgefundenen Sachverhalt vorstellt\u2026.<\/em><\/p>\n<p><em>Die \u00c4u\u00dferung \u201e\u2026 Kardinal Rainer Maria Woelki \u2026 hat einen Priester bef\u00f6rdert \u2013 <u>obwohl dieser zuvor Kindesmissbrauch gestanden hat!<\/u>\u201c ist ebenfalls unzul\u00e4ssig. Der \u2026 war unstreitig zum Zeitpunkt des geschilderten Geschehens kein Kind mehr.<\/em><\/p>\n<p><em>Auch die \u00c4u\u00dferung <u>\u201eEr hatte der Polizei 2001 sexuelle Handlungen mit einem Minderj\u00e4hrigen gestanden.\u201c<\/u> hat der Kl\u00e4ger nicht hinzunehmen, da Herr D. gegen\u00fcber der Polizei nicht einger\u00e4umt hat, Kenntnis von der Minderj\u00e4hrigkeit des \u2026 gehabt zu haben.<\/em><\/p>\n<p><em>Hinsichtlich der \u00c4u\u00dferung \u201eObwohl er von den Vorw\u00fcrfen wusste &#8211; Kardinal Woelki bef\u00f6rderte Missbrauchs-Priester\u201c gilt das Folgende:\u2026 Der Vorfall vom 2001 stellt \u2026, so wie er im Artikel konkret geschildert wird, keine geeignete Tatsachengrundlage dar. Aufgrund der unzutreffenden Bezeichnung des Herrn D. als \u201eSexualstraft\u00e4ter\u201c und der Angabe, dass dieser Sex \u2026 gestanden habe, stellt sich der Rezipient unter der Bezeichnung \u201eMissbrauchspriester\u201c einen nicht von dem tats\u00e4chlich stattgefundenen Geschehen getragenen Sachverhalt vor.&#8221;<\/em><\/p>\n<p>Zu diesem Hauptsacheklageverfahren ist es gekommen, weil die Axel Springer SE und Herr Nikolaus Harbusch das vorangehende Verbot im einstweiligen Verf\u00fcgungsverfahren nicht akzeptieren wollten. N\u00e4heres zum einstweiligen Verf\u00fcgungsverfahren hier:<\/p>\n<p><a href=\"https:\/\/www.hoecker.eu\/news\/weitere-einstweilige-verf%C3%BCgung-gegen-axel-springer-se-wegen-bericht-von-nikolaus-harbusch-landgericht-k%C3%B6ln-verbietet-bild-u-a-die-rechtswidrige-meldung-obwohl-er-von-den-vorw%C3%BCrfen-wusste-kardinal-woelki-bef%C3%B6rdert-missbrauchs-priester\" target=\"_blank\" rel=\"noreferrer noopener\">https:\/\/www.hoecker.eu\/news\/weitere-einstweilige-verf\u00fcgung-gegen-axel-springer-se-wegen-bericht-von-nikolaus-harbusch-landgericht-k\u00f6ln-verbietet-bild-u-a-die-rechtswidrige-meldung-obwohl-er-von-den-vorw\u00fcrfen-wusste-kardinal-woelki-bef\u00f6rdert-missbrauchs-priester<\/a><\/p>\n<p>In einem weiteren Verfahren mit dem Aktenzeichen 28 O 279\/21 hat das Landgericht K\u00f6ln die Klage von Herrn Kardinal Woelki gegen einen BILD-Artikel vom 28.06.2021 zun\u00e4chst zur\u00fcckgewiesen. Kardinal Woelki wehrt sich in diesem Verfahren gegen die seiner Ansicht nach falsche Behauptung, dass gem\u00e4\u00df der BILD-Berichterstattung alle deutschen Bisch\u00f6fe diskutiert h\u00e4tten, wegen des \u201eWoelki-Skandals\u201c zur\u00fcckzutreten. Das Landgericht K\u00f6ln hat die Klage hier in erster Instanz abgewiesen, weil es in der Aussage eine Meinungs\u00e4u\u00dferung sieht.<\/p>\n<p>Die Kanzlei H\u00d6CKER wertet die \u00c4u\u00dferung abweichend davon unver\u00e4ndert als unzul\u00e4ssige Tatsachenbehauptung. Kardinal Woelki wird seine Unterlassungsanspr\u00fcche im Berufungsverfahren weiter verfolgen.<\/p>\n<p><strong>Update: <\/strong><br \/>Mittlerweile hat das OLG K\u00f6ln in dieser Sache entschieden und die Verbotsentscheidungen erster Instanz in weiten Teilen best\u00e4tigt. Siehe dazu und zum Umfang des reduzierten Verbots des OLG K\u00f6ln die Pressemitteilung hier: <a href=\"https:\/\/www.hoecker.eu\/news\/bild-zieht-endg%C3%BCltig-den-k%C3%BCrzeren-gegen-kardinal-woelki-das-oberlandesgericht-k%C3%B6ln-verbietet-zwei-berichte-einen-wegen-falschberichterstattung\" target=\"_blank\" rel=\"noreferrer noopener\">https:\/\/www.hoecker.eu\/news\/bild-zieht-endg%C3%BCltig-den-k%C3%BCrzeren-gegen-kardinal-woelki-das-oberlandesgericht-k%C3%B6ln-verbietet-zwei-berichte-einen-wegen-falschberichterstattung<\/a><\/p>\n","protected":false},"excerpt":{"rendered":"<p>Kardinal Woelki hat sich mit H\u00d6CKER auch in der Hauptsacheklage gegen gleich zwei rechtswidrige Berichte der \u201eBILD\u201c-Zeitung vom 27.04.2021 erfolgreich zur Wehr gesetzt. Beide Artikel wurden durch den BILD-Redakteur Nikolaus Harbusch verfasst. Die \u201eBILD\u201c hatte unter bild.de gemeldet, Kardinal Woelki habe einen \u201eMissbrauchs-Priester\u201c bef\u00f6rdert, obwohl Kardinal Woelki von den Vorw\u00fcrfen gewusst habe. Der bef\u00f6rderte Priester [&hellip;]<\/p>\n","protected":false},"author":1,"featured_media":0,"comment_status":"closed","ping_status":"closed","sticky":false,"template":"","format":"standard","meta":{"_has_post_settings":[],"footnotes":""},"categories":[15],"tags":[],"hashtags":[],"ppma_author":[84],"class_list":["post-8204","post","type-post","status-publish","format-standard","hentry","category-news","author-hoecker_adm"],"yoast_head":"<!-- This site is optimized with the Yoast SEO Premium plugin v25.9 (Yoast SEO v27.0) - https:\/\/yoast.com\/product\/yoast-seo-premium-wordpress\/ -->\n<title>Erfolg f\u00fcr Kardinal Woelki vor dem LG K\u00f6ln: LG K\u00f6ln verbietet \u201eBILD\u201c und Nikolaus Harbusch Kernaussagen zweier Artikel, u.a. die rechtswidrige \u00dcberschrift: \u201eObwohl er von den Vorw\u00fcrfen wusste - Kardinal Woelki bef\u00f6rdert Missbrauchs-Priester&quot; - H\u00d6CKER - der Blog<\/title>\n<meta name=\"robots\" content=\"index, follow, max-snippet:-1, max-image-preview:large, max-video-preview:-1\" \/>\n<link rel=\"canonical\" href=\"https:\/\/www.hoecker.eu\/blog\/erfolg-fuer-kardinal-woelki-vor-dem-lg-koeln-lg-koeln-verbietet-bild-und-nikolaus-harbusch-kernaussagen-zweier-artikel-u-a-die-rechtswidrige-ueberschrift-obwohl-er-von-d\/\" \/>\n<meta property=\"og:locale\" content=\"de_DE\" \/>\n<meta property=\"og:type\" content=\"article\" \/>\n<meta property=\"og:title\" content=\"Erfolg f\u00fcr Kardinal Woelki vor dem LG K\u00f6ln: LG K\u00f6ln verbietet \u201eBILD\u201c und Nikolaus Harbusch Kernaussagen zweier Artikel, u.a. die rechtswidrige \u00dcberschrift: \u201eObwohl er von den Vorw\u00fcrfen wusste - Kardinal Woelki bef\u00f6rdert Missbrauchs-Priester&quot;\" \/>\n<meta property=\"og:description\" content=\"Kardinal Woelki hat sich mit H\u00d6CKER auch in der Hauptsacheklage gegen gleich zwei rechtswidrige Berichte der \u201eBILD\u201c-Zeitung vom 27.04.2021 erfolgreich zur Wehr gesetzt. Beide Artikel wurden durch den BILD-Redakteur Nikolaus Harbusch verfasst. Die \u201eBILD\u201c hatte unter bild.de gemeldet, Kardinal Woelki habe einen \u201eMissbrauchs-Priester\u201c bef\u00f6rdert, obwohl Kardinal Woelki von den Vorw\u00fcrfen gewusst habe. Der bef\u00f6rderte Priester [&hellip;]\" \/>\n<meta property=\"og:url\" content=\"https:\/\/www.hoecker.eu\/blog\/erfolg-fuer-kardinal-woelki-vor-dem-lg-koeln-lg-koeln-verbietet-bild-und-nikolaus-harbusch-kernaussagen-zweier-artikel-u-a-die-rechtswidrige-ueberschrift-obwohl-er-von-d\/\" \/>\n<meta property=\"og:site_name\" content=\"H\u00d6CKER - der Blog\" \/>\n<meta property=\"article:publisher\" content=\"https:\/\/www.facebook.com\/HoeckerRAe\/\" \/>\n<meta property=\"article:author\" content=\"https:\/\/www.facebook.com\/ralf.hoecker\" \/>\n<meta property=\"article:published_time\" content=\"2022-05-18T08:54:00+00:00\" \/>\n<meta property=\"article:modified_time\" content=\"2025-02-17T13:54:05+00:00\" \/>\n<meta name=\"author\" content=\"Prof. Dr. Ralf H\u00f6cker\" \/>\n<meta name=\"twitter:card\" content=\"summary_large_image\" \/>\n<meta name=\"twitter:creator\" content=\"@Ralf_Hoecker\" \/>\n<meta name=\"twitter:site\" content=\"@hoecker_rae\" \/>\n<meta name=\"twitter:label1\" content=\"Verfasst von\" \/>\n\t<meta name=\"twitter:data1\" content=\"Prof. Dr. Ralf H\u00f6cker\" \/>\n\t<meta name=\"twitter:label2\" content=\"Gesch\u00e4tzte Lesezeit\" \/>\n\t<meta name=\"twitter:data2\" content=\"4\u00a0Minuten\" \/>\n<script type=\"application\/ld+json\" class=\"yoast-schema-graph\">{\"@context\":\"https:\/\/schema.org\",\"@graph\":[{\"@type\":\"Article\",\"@id\":\"https:\/\/www.hoecker.eu\/blog\/erfolg-fuer-kardinal-woelki-vor-dem-lg-koeln-lg-koeln-verbietet-bild-und-nikolaus-harbusch-kernaussagen-zweier-artikel-u-a-die-rechtswidrige-ueberschrift-obwohl-er-von-d\/#article\",\"isPartOf\":{\"@id\":\"https:\/\/www.hoecker.eu\/blog\/erfolg-fuer-kardinal-woelki-vor-dem-lg-koeln-lg-koeln-verbietet-bild-und-nikolaus-harbusch-kernaussagen-zweier-artikel-u-a-die-rechtswidrige-ueberschrift-obwohl-er-von-d\/\"},\"author\":{\"name\":\"Prof. Dr. Ralf H\u00f6cker\",\"@id\":\"https:\/\/www.hoecker.eu\/blog\/#\/schema\/person\/08f95581eed0534eccd0b2438f7a1cab\"},\"headline\":\"Erfolg f\u00fcr Kardinal Woelki vor dem LG K\u00f6ln: LG K\u00f6ln verbietet \u201eBILD\u201c und Nikolaus Harbusch Kernaussagen zweier Artikel, u.a. die rechtswidrige \u00dcberschrift: \u201eObwohl er von den Vorw\u00fcrfen wusste &#8211; Kardinal Woelki bef\u00f6rdert Missbrauchs-Priester&#8221;\",\"datePublished\":\"2022-05-18T08:54:00+00:00\",\"dateModified\":\"2025-02-17T13:54:05+00:00\",\"mainEntityOfPage\":{\"@id\":\"https:\/\/www.hoecker.eu\/blog\/erfolg-fuer-kardinal-woelki-vor-dem-lg-koeln-lg-koeln-verbietet-bild-und-nikolaus-harbusch-kernaussagen-zweier-artikel-u-a-die-rechtswidrige-ueberschrift-obwohl-er-von-d\/\"},\"wordCount\":804,\"publisher\":{\"@id\":\"https:\/\/www.hoecker.eu\/blog\/#organization\"},\"articleSection\":[\"News\"],\"inLanguage\":\"de\"},{\"@type\":\"WebPage\",\"@id\":\"https:\/\/www.hoecker.eu\/blog\/erfolg-fuer-kardinal-woelki-vor-dem-lg-koeln-lg-koeln-verbietet-bild-und-nikolaus-harbusch-kernaussagen-zweier-artikel-u-a-die-rechtswidrige-ueberschrift-obwohl-er-von-d\/\",\"url\":\"https:\/\/www.hoecker.eu\/blog\/erfolg-fuer-kardinal-woelki-vor-dem-lg-koeln-lg-koeln-verbietet-bild-und-nikolaus-harbusch-kernaussagen-zweier-artikel-u-a-die-rechtswidrige-ueberschrift-obwohl-er-von-d\/\",\"name\":\"Erfolg f\u00fcr Kardinal Woelki vor dem LG K\u00f6ln: LG K\u00f6ln verbietet \u201eBILD\u201c und Nikolaus Harbusch Kernaussagen zweier Artikel, u.a. die rechtswidrige \u00dcberschrift: \u201eObwohl er von den Vorw\u00fcrfen wusste - Kardinal Woelki bef\u00f6rdert Missbrauchs-Priester\\\" - H\u00d6CKER - der Blog\",\"isPartOf\":{\"@id\":\"https:\/\/www.hoecker.eu\/blog\/#website\"},\"datePublished\":\"2022-05-18T08:54:00+00:00\",\"dateModified\":\"2025-02-17T13:54:05+00:00\",\"breadcrumb\":{\"@id\":\"https:\/\/www.hoecker.eu\/blog\/erfolg-fuer-kardinal-woelki-vor-dem-lg-koeln-lg-koeln-verbietet-bild-und-nikolaus-harbusch-kernaussagen-zweier-artikel-u-a-die-rechtswidrige-ueberschrift-obwohl-er-von-d\/#breadcrumb\"},\"inLanguage\":\"de\",\"potentialAction\":[{\"@type\":\"ReadAction\",\"target\":[\"https:\/\/www.hoecker.eu\/blog\/erfolg-fuer-kardinal-woelki-vor-dem-lg-koeln-lg-koeln-verbietet-bild-und-nikolaus-harbusch-kernaussagen-zweier-artikel-u-a-die-rechtswidrige-ueberschrift-obwohl-er-von-d\/\"]}]},{\"@type\":\"BreadcrumbList\",\"@id\":\"https:\/\/www.hoecker.eu\/blog\/erfolg-fuer-kardinal-woelki-vor-dem-lg-koeln-lg-koeln-verbietet-bild-und-nikolaus-harbusch-kernaussagen-zweier-artikel-u-a-die-rechtswidrige-ueberschrift-obwohl-er-von-d\/#breadcrumb\",\"itemListElement\":[{\"@type\":\"ListItem\",\"position\":1,\"name\":\"Startseite\",\"item\":\"https:\/\/dev.hoecker.eu\/blog\/\"},{\"@type\":\"ListItem\",\"position\":2,\"name\":\"Erfolg f\u00fcr Kardinal Woelki vor dem LG K\u00f6ln: LG K\u00f6ln verbietet \u201eBILD\u201c und Nikolaus Harbusch Kernaussagen zweier Artikel, u.a. die rechtswidrige \u00dcberschrift: \u201eObwohl er von den Vorw\u00fcrfen wusste &#8211; Kardinal Woelki bef\u00f6rdert Missbrauchs-Priester&#8221;\"}]},{\"@type\":\"WebSite\",\"@id\":\"https:\/\/www.hoecker.eu\/blog\/#website\",\"url\":\"https:\/\/www.hoecker.eu\/blog\/\",\"name\":\"H\u00d6CKER - der Blog\",\"description\":\"Expertenblog f\u00fcr \u00c4u\u00dferungs-, Medien-, Marken-, Urheber- und Wettbewerbsrecht.\",\"publisher\":{\"@id\":\"https:\/\/www.hoecker.eu\/blog\/#organization\"},\"potentialAction\":[{\"@type\":\"SearchAction\",\"target\":{\"@type\":\"EntryPoint\",\"urlTemplate\":\"https:\/\/www.hoecker.eu\/blog\/?s={search_term_string}\"},\"query-input\":{\"@type\":\"PropertyValueSpecification\",\"valueRequired\":true,\"valueName\":\"search_term_string\"}}],\"inLanguage\":\"de\"},{\"@type\":\"Organization\",\"@id\":\"https:\/\/www.hoecker.eu\/blog\/#organization\",\"name\":\"H\u00d6CKER Rechtsanw\u00e4lte PartGmbB\",\"alternateName\":\"H\u00d6CKER\",\"url\":\"https:\/\/www.hoecker.eu\/blog\/\",\"logo\":{\"@type\":\"ImageObject\",\"inLanguage\":\"de\",\"@id\":\"https:\/\/www.hoecker.eu\/blog\/#\/schema\/logo\/image\/\",\"url\":\"https:\/\/www.hoecker.eu\/blog\/wp-content\/uploads\/2025\/03\/Blog-Logo.webp\",\"contentUrl\":\"https:\/\/www.hoecker.eu\/blog\/wp-content\/uploads\/2025\/03\/Blog-Logo.webp\",\"width\":500,\"height\":500,\"caption\":\"H\u00d6CKER Rechtsanw\u00e4lte PartGmbB\"},\"image\":{\"@id\":\"https:\/\/www.hoecker.eu\/blog\/#\/schema\/logo\/image\/\"},\"sameAs\":[\"https:\/\/www.facebook.com\/HoeckerRAe\/\",\"https:\/\/x.com\/hoecker_rae\",\"https:\/\/www.linkedin.com\/company\/hcker-rechtsanwlte\/\",\"https:\/\/www.instagram.com\/hoecker_rae\/\"],\"email\":\"contact@hoecker.eu\",\"telephone\":\"+ 49 (0)221-933 19-10\",\"legalName\":\"H\u00d6CKER Rechtsanw\u00e4lte PartGmbB\",\"numberOfEmployees\":{\"@type\":\"QuantitativeValue\",\"minValue\":\"11\",\"maxValue\":\"50\"}},{\"@type\":\"Person\",\"@id\":\"https:\/\/www.hoecker.eu\/blog\/#\/schema\/person\/08f95581eed0534eccd0b2438f7a1cab\",\"name\":\"Prof. Dr. Ralf H\u00f6cker\",\"description\":\"Medienanwalt. Besch\u00fctzer vor mieser Presse\",\"sameAs\":[\"https:\/\/www.hoecker.eu\/wer\/prof-dr-ralf-hoecker\",\"https:\/\/www.facebook.com\/ralf.hoecker\",\"https:\/\/www.linkedin.com\/in\/prof-dr-ralf-hcker-ll-m-london-17987826\/\",\"https:\/\/x.com\/Ralf_Hoecker\"],\"url\":\"https:\/\/www.hoecker.eu\/blog\/author\/hoecker_adm\/\"}]}<\/script>\n<!-- \/ Yoast SEO Premium plugin. -->","yoast_head_json":{"title":"Erfolg f\u00fcr Kardinal Woelki vor dem LG K\u00f6ln: LG K\u00f6ln verbietet \u201eBILD\u201c und Nikolaus Harbusch Kernaussagen zweier Artikel, u.a. die rechtswidrige \u00dcberschrift: \u201eObwohl er von den Vorw\u00fcrfen wusste - Kardinal Woelki bef\u00f6rdert Missbrauchs-Priester\" - H\u00d6CKER - der Blog","robots":{"index":"index","follow":"follow","max-snippet":"max-snippet:-1","max-image-preview":"max-image-preview:large","max-video-preview":"max-video-preview:-1"},"canonical":"https:\/\/www.hoecker.eu\/blog\/erfolg-fuer-kardinal-woelki-vor-dem-lg-koeln-lg-koeln-verbietet-bild-und-nikolaus-harbusch-kernaussagen-zweier-artikel-u-a-die-rechtswidrige-ueberschrift-obwohl-er-von-d\/","og_locale":"de_DE","og_type":"article","og_title":"Erfolg f\u00fcr Kardinal Woelki vor dem LG K\u00f6ln: LG K\u00f6ln verbietet \u201eBILD\u201c und Nikolaus Harbusch Kernaussagen zweier Artikel, u.a. die rechtswidrige \u00dcberschrift: \u201eObwohl er von den Vorw\u00fcrfen wusste - Kardinal Woelki bef\u00f6rdert Missbrauchs-Priester\"","og_description":"Kardinal Woelki hat sich mit H\u00d6CKER auch in der Hauptsacheklage gegen gleich zwei rechtswidrige Berichte der \u201eBILD\u201c-Zeitung vom 27.04.2021 erfolgreich zur Wehr gesetzt. Beide Artikel wurden durch den BILD-Redakteur Nikolaus Harbusch verfasst. Die \u201eBILD\u201c hatte unter bild.de gemeldet, Kardinal Woelki habe einen \u201eMissbrauchs-Priester\u201c bef\u00f6rdert, obwohl Kardinal Woelki von den Vorw\u00fcrfen gewusst habe. Der bef\u00f6rderte Priester [&hellip;]","og_url":"https:\/\/www.hoecker.eu\/blog\/erfolg-fuer-kardinal-woelki-vor-dem-lg-koeln-lg-koeln-verbietet-bild-und-nikolaus-harbusch-kernaussagen-zweier-artikel-u-a-die-rechtswidrige-ueberschrift-obwohl-er-von-d\/","og_site_name":"H\u00d6CKER - der Blog","article_publisher":"https:\/\/www.facebook.com\/HoeckerRAe\/","article_author":"https:\/\/www.facebook.com\/ralf.hoecker","article_published_time":"2022-05-18T08:54:00+00:00","article_modified_time":"2025-02-17T13:54:05+00:00","author":"Prof. Dr. Ralf H\u00f6cker","twitter_card":"summary_large_image","twitter_creator":"@Ralf_Hoecker","twitter_site":"@hoecker_rae","twitter_misc":{"Verfasst von":"Prof. Dr. Ralf H\u00f6cker","Gesch\u00e4tzte Lesezeit":"4\u00a0Minuten"},"schema":{"@context":"https:\/\/schema.org","@graph":[{"@type":"Article","@id":"https:\/\/www.hoecker.eu\/blog\/erfolg-fuer-kardinal-woelki-vor-dem-lg-koeln-lg-koeln-verbietet-bild-und-nikolaus-harbusch-kernaussagen-zweier-artikel-u-a-die-rechtswidrige-ueberschrift-obwohl-er-von-d\/#article","isPartOf":{"@id":"https:\/\/www.hoecker.eu\/blog\/erfolg-fuer-kardinal-woelki-vor-dem-lg-koeln-lg-koeln-verbietet-bild-und-nikolaus-harbusch-kernaussagen-zweier-artikel-u-a-die-rechtswidrige-ueberschrift-obwohl-er-von-d\/"},"author":{"name":"Prof. Dr. Ralf H\u00f6cker","@id":"https:\/\/www.hoecker.eu\/blog\/#\/schema\/person\/08f95581eed0534eccd0b2438f7a1cab"},"headline":"Erfolg f\u00fcr Kardinal Woelki vor dem LG K\u00f6ln: LG K\u00f6ln verbietet \u201eBILD\u201c und Nikolaus Harbusch Kernaussagen zweier Artikel, u.a. die rechtswidrige \u00dcberschrift: \u201eObwohl er von den Vorw\u00fcrfen wusste &#8211; Kardinal Woelki bef\u00f6rdert Missbrauchs-Priester&#8221;","datePublished":"2022-05-18T08:54:00+00:00","dateModified":"2025-02-17T13:54:05+00:00","mainEntityOfPage":{"@id":"https:\/\/www.hoecker.eu\/blog\/erfolg-fuer-kardinal-woelki-vor-dem-lg-koeln-lg-koeln-verbietet-bild-und-nikolaus-harbusch-kernaussagen-zweier-artikel-u-a-die-rechtswidrige-ueberschrift-obwohl-er-von-d\/"},"wordCount":804,"publisher":{"@id":"https:\/\/www.hoecker.eu\/blog\/#organization"},"articleSection":["News"],"inLanguage":"de"},{"@type":"WebPage","@id":"https:\/\/www.hoecker.eu\/blog\/erfolg-fuer-kardinal-woelki-vor-dem-lg-koeln-lg-koeln-verbietet-bild-und-nikolaus-harbusch-kernaussagen-zweier-artikel-u-a-die-rechtswidrige-ueberschrift-obwohl-er-von-d\/","url":"https:\/\/www.hoecker.eu\/blog\/erfolg-fuer-kardinal-woelki-vor-dem-lg-koeln-lg-koeln-verbietet-bild-und-nikolaus-harbusch-kernaussagen-zweier-artikel-u-a-die-rechtswidrige-ueberschrift-obwohl-er-von-d\/","name":"Erfolg f\u00fcr Kardinal Woelki vor dem LG K\u00f6ln: LG K\u00f6ln verbietet \u201eBILD\u201c und Nikolaus Harbusch Kernaussagen zweier Artikel, u.a. die rechtswidrige \u00dcberschrift: \u201eObwohl er von den Vorw\u00fcrfen wusste - Kardinal Woelki bef\u00f6rdert Missbrauchs-Priester\" - H\u00d6CKER - der Blog","isPartOf":{"@id":"https:\/\/www.hoecker.eu\/blog\/#website"},"datePublished":"2022-05-18T08:54:00+00:00","dateModified":"2025-02-17T13:54:05+00:00","breadcrumb":{"@id":"https:\/\/www.hoecker.eu\/blog\/erfolg-fuer-kardinal-woelki-vor-dem-lg-koeln-lg-koeln-verbietet-bild-und-nikolaus-harbusch-kernaussagen-zweier-artikel-u-a-die-rechtswidrige-ueberschrift-obwohl-er-von-d\/#breadcrumb"},"inLanguage":"de","potentialAction":[{"@type":"ReadAction","target":["https:\/\/www.hoecker.eu\/blog\/erfolg-fuer-kardinal-woelki-vor-dem-lg-koeln-lg-koeln-verbietet-bild-und-nikolaus-harbusch-kernaussagen-zweier-artikel-u-a-die-rechtswidrige-ueberschrift-obwohl-er-von-d\/"]}]},{"@type":"BreadcrumbList","@id":"https:\/\/www.hoecker.eu\/blog\/erfolg-fuer-kardinal-woelki-vor-dem-lg-koeln-lg-koeln-verbietet-bild-und-nikolaus-harbusch-kernaussagen-zweier-artikel-u-a-die-rechtswidrige-ueberschrift-obwohl-er-von-d\/#breadcrumb","itemListElement":[{"@type":"ListItem","position":1,"name":"Startseite","item":"https:\/\/dev.hoecker.eu\/blog\/"},{"@type":"ListItem","position":2,"name":"Erfolg f\u00fcr Kardinal Woelki vor dem LG K\u00f6ln: LG K\u00f6ln verbietet \u201eBILD\u201c und Nikolaus Harbusch Kernaussagen zweier Artikel, u.a. die rechtswidrige \u00dcberschrift: \u201eObwohl er von den Vorw\u00fcrfen wusste &#8211; Kardinal Woelki bef\u00f6rdert Missbrauchs-Priester&#8221;"}]},{"@type":"WebSite","@id":"https:\/\/www.hoecker.eu\/blog\/#website","url":"https:\/\/www.hoecker.eu\/blog\/","name":"H\u00d6CKER - der Blog","description":"Expertenblog f\u00fcr \u00c4u\u00dferungs-, Medien-, Marken-, Urheber- und Wettbewerbsrecht.","publisher":{"@id":"https:\/\/www.hoecker.eu\/blog\/#organization"},"potentialAction":[{"@type":"SearchAction","target":{"@type":"EntryPoint","urlTemplate":"https:\/\/www.hoecker.eu\/blog\/?s={search_term_string}"},"query-input":{"@type":"PropertyValueSpecification","valueRequired":true,"valueName":"search_term_string"}}],"inLanguage":"de"},{"@type":"Organization","@id":"https:\/\/www.hoecker.eu\/blog\/#organization","name":"H\u00d6CKER Rechtsanw\u00e4lte PartGmbB","alternateName":"H\u00d6CKER","url":"https:\/\/www.hoecker.eu\/blog\/","logo":{"@type":"ImageObject","inLanguage":"de","@id":"https:\/\/www.hoecker.eu\/blog\/#\/schema\/logo\/image\/","url":"https:\/\/www.hoecker.eu\/blog\/wp-content\/uploads\/2025\/03\/Blog-Logo.webp","contentUrl":"https:\/\/www.hoecker.eu\/blog\/wp-content\/uploads\/2025\/03\/Blog-Logo.webp","width":500,"height":500,"caption":"H\u00d6CKER Rechtsanw\u00e4lte PartGmbB"},"image":{"@id":"https:\/\/www.hoecker.eu\/blog\/#\/schema\/logo\/image\/"},"sameAs":["https:\/\/www.facebook.com\/HoeckerRAe\/","https:\/\/x.com\/hoecker_rae","https:\/\/www.linkedin.com\/company\/hcker-rechtsanwlte\/","https:\/\/www.instagram.com\/hoecker_rae\/"],"email":"contact@hoecker.eu","telephone":"+ 49 (0)221-933 19-10","legalName":"H\u00d6CKER Rechtsanw\u00e4lte PartGmbB","numberOfEmployees":{"@type":"QuantitativeValue","minValue":"11","maxValue":"50"}},{"@type":"Person","@id":"https:\/\/www.hoecker.eu\/blog\/#\/schema\/person\/08f95581eed0534eccd0b2438f7a1cab","name":"Prof. Dr. Ralf H\u00f6cker","description":"Medienanwalt. Besch\u00fctzer vor mieser Presse","sameAs":["https:\/\/www.hoecker.eu\/wer\/prof-dr-ralf-hoecker","https:\/\/www.facebook.com\/ralf.hoecker","https:\/\/www.linkedin.com\/in\/prof-dr-ralf-hcker-ll-m-london-17987826\/","https:\/\/x.com\/Ralf_Hoecker"],"url":"https:\/\/www.hoecker.eu\/blog\/author\/hoecker_adm\/"}]}},"authors":[{"term_id":84,"user_id":1,"is_guest":0,"slug":"hoecker_adm","display_name":"Prof. Dr. Ralf H\u00f6cker","avatar_url":{"url":"https:\/\/www.hoecker.eu\/blog\/wp-content\/uploads\/2023\/12\/ProfDrRalfHoecker.jpg","url2x":"https:\/\/www.hoecker.eu\/blog\/wp-content\/uploads\/2023\/12\/ProfDrRalfHoecker.jpg"},"0":null,"1":"","2":"","3":"","4":"","5":"","6":"","7":"","8":"","9":"","10":"","11":""}],"_links":{"self":[{"href":"https:\/\/www.hoecker.eu\/blog\/wp-json\/wp\/v2\/posts\/8204","targetHints":{"allow":["GET"]}}],"collection":[{"href":"https:\/\/www.hoecker.eu\/blog\/wp-json\/wp\/v2\/posts"}],"about":[{"href":"https:\/\/www.hoecker.eu\/blog\/wp-json\/wp\/v2\/types\/post"}],"author":[{"embeddable":true,"href":"https:\/\/www.hoecker.eu\/blog\/wp-json\/wp\/v2\/users\/1"}],"replies":[{"embeddable":true,"href":"https:\/\/www.hoecker.eu\/blog\/wp-json\/wp\/v2\/comments?post=8204"}],"version-history":[{"count":1,"href":"https:\/\/www.hoecker.eu\/blog\/wp-json\/wp\/v2\/posts\/8204\/revisions"}],"predecessor-version":[{"id":9326,"href":"https:\/\/www.hoecker.eu\/blog\/wp-json\/wp\/v2\/posts\/8204\/revisions\/9326"}],"wp:attachment":[{"href":"https:\/\/www.hoecker.eu\/blog\/wp-json\/wp\/v2\/media?parent=8204"}],"wp:term":[{"taxonomy":"category","embeddable":true,"href":"https:\/\/www.hoecker.eu\/blog\/wp-json\/wp\/v2\/categories?post=8204"},{"taxonomy":"post_tag","embeddable":true,"href":"https:\/\/www.hoecker.eu\/blog\/wp-json\/wp\/v2\/tags?post=8204"},{"taxonomy":"hashtags","embeddable":true,"href":"https:\/\/www.hoecker.eu\/blog\/wp-json\/wp\/v2\/hashtags?post=8204"},{"taxonomy":"author","embeddable":true,"href":"https:\/\/www.hoecker.eu\/blog\/wp-json\/wp\/v2\/ppma_author?post=8204"}],"curies":[{"name":"wp","href":"https:\/\/api.w.org\/{rel}","templated":true}]}}