{"id":8203,"date":"2022-06-08T09:39:00","date_gmt":"2022-06-08T07:39:00","guid":{"rendered":"https:\/\/www.hoecker.eu\/blog\/falsche-behauptungen-und-unzulaessige-verdaechtigungen-landgericht-koeln-verbietet-auch-in-der-hauptsache-dritten-bild-bericht-von-nikolaus-harbusch-aus-der-rechtswidrigen-bild-kampagne-gegen-kardin\/"},"modified":"2025-02-17T14:54:04","modified_gmt":"2025-02-17T13:54:04","slug":"falsche-behauptungen-und-unzulaessige-verdaechtigungen-landgericht-koeln-verbietet-auch-in-der-hauptsache-dritten-bild-bericht-von-nikolaus-harbusch-aus-der-rechtswidrigen-bild-kampagne-gegen-kardin","status":"publish","type":"post","link":"https:\/\/www.hoecker.eu\/blog\/falsche-behauptungen-und-unzulaessige-verdaechtigungen-landgericht-koeln-verbietet-auch-in-der-hauptsache-dritten-bild-bericht-von-nikolaus-harbusch-aus-der-rechtswidrigen-bild-kampagne-gegen-kardin\/","title":{"rendered":"Falsche Behauptungen und unzul\u00e4ssige Verd\u00e4chtigungen &#8211; Landgericht K\u00f6ln verbietet auch in der Hauptsache dritten BILD-Bericht von Nikolaus Harbusch aus der rechtswidrigen BILD-Kampagne gegen Kardinal Woelki"},"content":{"rendered":"<p>In dem heute verk\u00fcndeten Urteil (Az. 28 O 295\/21, noch nicht rechtskr\u00e4ftig) hat das Landgericht K\u00f6ln der Verlegerin der BILD (Axel Springer SE) und dem Autor des Artikels Nikolaus Harbusch untersagt, wie am 22.05.2021 in einem BILD-Artikel zu berichten, Kardinal Woelki \u201ebringt ein bislang geheim gehaltener Bericht aus dem Giftschrank des Erzbistums in Erkl\u00e4rungsnot.\u201c Zudem wurde BILD und Harbusch die Berichterstattung zu einem Vertuschungsverdacht im Umgang mit Missbrauchsverdachtsf\u00e4llen verboten.<\/p>\n<p>Nikolaus Harbusch hatte f\u00fcr die BILD am 22.05.2021 unter dem Titel \u201eGewalt-Bericht Woelki seit 2015 bekannt \u2013 Die Vertuschungs-\u201eMafia\u201c im Erzbistum K\u00f6ln\u201c rechtswidrig berichtet. Darin verbreitete Nikolaus Harbusch Falschbehauptungen und unzul\u00e4ssige Verd\u00e4chtigungen:<\/p>\n<p>BILD berichtete von einem angeblich \u201egeheim gehaltenen Bericht\u201c eines \u201eanonymen Insiders\u201c des Erzbistums K\u00f6ln, der im \u201eGiftschrank\u201c des Erzbistums K\u00f6ln versteckt worden sei, \u201ewo er bis heute liegt\u201c, also angeblich bis zum Erscheinen des BILD-Artikels. BILD habe das Papier einsehen k\u00f6nnen und der Inhalt sei \u201ehoch brisant\u201c. Dort sei die Rede von einer \u201eVertuschungs-Mafia\u201c an der Spitze des Erzbistums K\u00f6ln. Kardinal Woelki bringe das durch BILD ans Tageslicht gebrachte Dokument \u201ein Erkl\u00e4rungsnot\u201c.<\/p>\n<p>Tats\u00e4chlich kann von einem \u201egeheim gehaltenen Bericht aus dem Giftschrank des Erzbistums\u201c und von einer \u201eErkl\u00e4rungsnot\u201c Woelkis keine Rede sein:<\/p>\n<p>Die Harbusch-Meldung, dass der von ihm angesprochene anonyme Bericht im Erzbistum \u201egeheim gehalten\u201c und im \u201eGiftschrank\u201c versteckt wurde, versteht der Leser \u2013 so das Landgericht K\u00f6ln \u2013 als Tatsachenbehauptung, wonach der Bericht niemandem zug\u00e4nglich gemacht worden sei. Dass der Bericht niemandem zug\u00e4nglich gemacht wurde, geheim gehalten und im Giftschrank versteckt wurde, sei \u2013 so das Landgericht &#8211; falsch:<\/p>\n<p>BILD-Redakteur Harbusch wurde schon vor seiner Falschberichterstattung in der Beantwortung seiner Anfrage ausdr\u00fccklich mitgeteilt, dass der anonyme Bericht weder geheim sei, noch geheim gehalten oder im Giftschrank versteckt wurde. Harbusch wurde mitgeteilt, dass das anonyme Schreiben zum Anlass daf\u00fcr genommen wurde, den darin beschuldigten Priester auch durch einen fachkundigen Psychologen zu befragen und dessen Glaubw\u00fcrdigkeit zu untersuchen. Harbusch wurde dar\u00fcber hinaus mitgeteilt, dass der anonyme Bericht auch von gleich zwei verschiedenen externen Rechtsanwaltskanzleien mit strafrechtlicher Expertise im Auftrag des Erzbistums K\u00f6ln \u00fcberpr\u00fcft wurde und dass beide externe Rechtsanwaltskanzleien insbesondere sicherstellen sollten, dass mit diesem Bericht auch in strafrechtlicher Hinsicht, erforderlichenfalls auch durch Informationen der Staatsanwaltschaft, ordnungsgem\u00e4\u00df umgegangen wird.<\/p>\n<p>Kurz und gut: Das Erzbistum K\u00f6ln hatte all das getan, was man nach Eingang eines anonymen Schreibens mit Verd\u00e4chtigungen macht: Der verd\u00e4chtigte Priester wurde befragt, psychologisch untersucht und das Ganze wurde durch externe strafrechtlich spezialisierte Kanzleien ordnungsgem\u00e4\u00df aufgearbeitet. Auch das Gercke-Gutachten kam daher wenig \u00fcberraschend zu keiner Beanstandung im Umgang mit dem \u201eanonymen Bericht\u201c.<\/p>\n<p>Und was machte Harbusch, nachdem ihm all diese Informationen bereits vor der Berichterstattung mitgeteilt wurden? Harbusch behauptete im Artikel dennoch dreist, dass der Bericht geheim gehalten worden sei, obwohl ihm bereits vor seiner Berichterstattung das Gegenteil mitgeteilt wurde. Er l\u00e4sst in seinem Bericht einfach die ihm mitgeteilten entlastenden Informationen weg, die die rei\u00dferische Wirkung seines Berichts zerhagelt h\u00e4tten.<\/p>\n<p>Jeder Leser, dem mitgeteilt worden w\u00e4re, dass das Erzbistum K\u00f6ln sowohl durch interne, wie auch durch externe fachkundige \u00dcberpr\u00fcfungen ordnungsgem\u00e4\u00df den substanzarmen Verd\u00e4chtigungen des Berichts nachgegangen ist, h\u00e4tte sofort gemerkt, dass Harbusch in der BILD nichts Neues und nichts Sensationelles zu erz\u00e4hlen hat.<\/p>\n<p>Das Landgericht K\u00f6ln hat den Bericht auch noch aus weiteren Gr\u00fcnden verboten: Die Berichterstattung \u00fcber die \u201eVertuschungs-\u201eMafia\u201c\u201c im Erzbistum K\u00f6ln stelle zudem eine unzul\u00e4ssige Verdachtsberichterstattung dar. Der Leser verstehe den Begriff der \u201eVertuschungs-\u201eMafia\u201c\u201c als ein systematisches Zusammenwirken einer Clique an der Spitze des K\u00f6lner Erzbistums zur Vertuschung sexueller Gewalt von Priestern gegen Minderj\u00e4hrige, zu der auch der Erzbischof zu rechnen sei. Die BILD und deren Redakteur Harbusch haben dabei \u2013 so das Landgericht &#8211; die Grunds\u00e4tze, die die Rechtsprechung an eine sog. Verdachtsberichterstattung stellt, nicht eingehalten. Es fehle bereits das erforderliche Mindestma\u00df an durch Harbusch recherchierten belastbaren Tatsachen f\u00fcr eine solche Verdachtsberichterstattung. Schlie\u00dflich sei der Artikel auch nicht ausgewogen. Denn es w\u00fcrden wesentliche entlastende Umst\u00e4nde, die Kardinal Woelki zuvor der BILD in einer Stellungnahme mitgeteilt hatte, nicht in dem notwendigen Ma\u00df genannt.<\/p>\n<p>Nachdem das Landgericht K\u00f6ln schon am 18.05.22 zwei BILD \u2013 Berichte vom 27.04.21 auch in der Hauptsache verboten hat, weil diese \u2013 so das Landgericht &#8211; eine Falschbehauptung und unzul\u00e4ssige Wertungen enthielten (<a href=\"https:\/\/www.hoecker.eu\/news\/erfolg-f%C3%BCr-kardinal-woelki-vor-dem-lg-k%C3%B6ln-lg-k%C3%B6ln-verbietet-bild-und-nikolaus-harbusch-kernaussagen-zweier-artikel-u-a-die-rechtswidrige-%C3%BCberschrift-obwohl-er-von-den-vorw%C3%BCrfen-wusste-kardinal-woelki-bef%C3%B6rdert-missbrauchs-priester\" target=\"_blank\" rel=\"noreferrer noopener\">https:\/\/www.hoecker.eu\/news\/erfolg-f\u00fcr-kardinal-woelki-vor-dem-lg-k\u00f6ln-lg-k\u00f6ln-verbietet-bild-und-nikolaus-harbusch-kernaussagen-zweier-artikel-u-a-die-rechtswidrige-\u00dcberschrift-obwohl-er-von-den-vorw\u00fcrfen-wusste-kardinal-woelki-bef\u00f6rdert-missbrauchs-priester<\/a>) best\u00e4tigt das Gericht nun auch zu dem BILD \u2013 Bericht vom 22.05.2021 mit dem rei\u00dferischen Titel \u201eDie Vertuschungs-\u201eMafia\u201c im Erzbistum K\u00f6ln\u201c, dass dieser die Pers\u00f6nlichkeitsrechte Woelkis verletzt, diesmal wegen unzul\u00e4ssiger Verdachtsberichterstattung und erneut wegen einer Falschbehauptung.<\/p>\n<p>Dr. Carsten Brennecke: \u201e<em>Die nun ergangenen Urteile des Landgerichts K\u00f6ln in der Hauptsache r\u00fccken die BILD-Kampagne gegen Kardinal Woelki in das richtige Licht: Nun wurde bereits das Verbot eines dritten Artikels in der Hauptsache best\u00e4tigt. Das Landgericht K\u00f6ln testiert der BILD und Harbusch damit eine weitere Falschberichterstattung (Artikel vom 27.04. und 22.05.21), die durch eine unzul\u00e4ssige Verdachtsberichterstattung (22.05.21) und unzul\u00e4ssige Wertungen (beide Artikel vom 27.04.21) abgerundet werden. Es w\u00e4re nun f\u00fcr Nikolaus Harbusch und die BILD an der Zeit, sich bei Kardinal Woelki f\u00fcr die vielfachen Rechtsverletzungen zu entschuldigen.<\/em>\u201c<\/p>\n<p>Die Pressemitteilung des Landgerichts ist hier abrufbar: <a href=\"https:\/\/mam.erzbistum-koeln.de\/m\/30789a6f5d5c9df7\/original\/Pressemitteilung-des-Landgerichts-Koln-zum-Urteil-uber-die-Berichterstattung-der-Bildzeitung-im-Zusammenhang-mit-Kardinal-Woelki.pdf\" target=\"_blank\" rel=\"noreferrer noopener\">https:\/\/mam.erzbistum-koeln.de\/m\/30789a6f5d5c9df7\/original\/Pressemitteilung-des-Landgerichts-Koln-zum-Urteil-uber-die-Berichterstattung-der-Bildzeitung-im-Zusammenhang-mit-Kardinal-Woelki.pdf<\/a><\/p>\n<p>Update: Mittlerweile hat das OLG K\u00f6ln in dieser Sache entschieden und die Verbotsentscheidungen erster Instanz in weiten Teilen best\u00e4tigt. Siehe dazu und zum Umfang des reduzierten Verbots des OLG K\u00f6ln die Pressemitteilung hier: <a href=\"https:\/\/www.hoecker.eu\/news\/bild-zieht-endg%C3%BCltig-den-k%C3%BCrzeren-gegen-kardinal-woelki-das-oberlandesgericht-k%C3%B6ln-verbietet-zwei-berichte-einen-wegen-falschberichterstattung\" target=\"_blank\" rel=\"noreferrer noopener\">https:\/\/www.hoecker.eu\/news\/bild-zieht-endg\u00fcltig-den-k\u00fcrzeren-gegen-kardinal-woelki-das-oberlandesgericht-k\u00f6ln-verbietet-zwei-berichte-einen-wegen-falschberichterstattung<\/a><\/p>\n","protected":false},"excerpt":{"rendered":"<p>In dem heute verk\u00fcndeten Urteil (Az. 28 O 295\/21, noch nicht rechtskr\u00e4ftig) hat das Landgericht K\u00f6ln der Verlegerin der BILD (Axel Springer SE) und dem Autor des Artikels Nikolaus Harbusch untersagt, wie am 22.05.2021 in einem BILD-Artikel zu berichten, Kardinal Woelki \u201ebringt ein bislang geheim gehaltener Bericht aus dem Giftschrank des Erzbistums in Erkl\u00e4rungsnot.\u201c Zudem [&hellip;]<\/p>\n","protected":false},"author":1,"featured_media":0,"comment_status":"closed","ping_status":"closed","sticky":false,"template":"","format":"standard","meta":{"_has_post_settings":[],"footnotes":""},"categories":[15],"tags":[],"hashtags":[],"ppma_author":[84],"class_list":["post-8203","post","type-post","status-publish","format-standard","hentry","category-news","author-hoecker_adm"],"yoast_head":"<!-- This site is optimized with the Yoast SEO Premium plugin v25.9 (Yoast SEO v27.0) - https:\/\/yoast.com\/product\/yoast-seo-premium-wordpress\/ -->\n<title>Falsche Behauptungen und unzul\u00e4ssige Verd\u00e4chtigungen - Landgericht K\u00f6ln verbietet auch in der Hauptsache dritten BILD-Bericht von Nikolaus Harbusch aus der rechtswidrigen BILD-Kampagne gegen Kardinal Woelki - H\u00d6CKER - der Blog<\/title>\n<meta name=\"robots\" content=\"index, follow, max-snippet:-1, max-image-preview:large, max-video-preview:-1\" \/>\n<link rel=\"canonical\" href=\"https:\/\/www.hoecker.eu\/blog\/falsche-behauptungen-und-unzulaessige-verdaechtigungen-landgericht-koeln-verbietet-auch-in-der-hauptsache-dritten-bild-bericht-von-nikolaus-harbusch-aus-der-rechtswidrigen-bild-kampagne-gegen-kardin\/\" \/>\n<meta property=\"og:locale\" content=\"de_DE\" \/>\n<meta property=\"og:type\" content=\"article\" \/>\n<meta property=\"og:title\" content=\"Falsche Behauptungen und unzul\u00e4ssige Verd\u00e4chtigungen - Landgericht K\u00f6ln verbietet auch in der Hauptsache dritten BILD-Bericht von Nikolaus Harbusch aus der rechtswidrigen BILD-Kampagne gegen Kardinal Woelki\" \/>\n<meta property=\"og:description\" content=\"In dem heute verk\u00fcndeten Urteil (Az. 28 O 295\/21, noch nicht rechtskr\u00e4ftig) hat das Landgericht K\u00f6ln der Verlegerin der BILD (Axel Springer SE) und dem Autor des Artikels Nikolaus Harbusch untersagt, wie am 22.05.2021 in einem BILD-Artikel zu berichten, Kardinal Woelki \u201ebringt ein bislang geheim gehaltener Bericht aus dem Giftschrank des Erzbistums in Erkl\u00e4rungsnot.\u201c Zudem [&hellip;]\" \/>\n<meta property=\"og:url\" content=\"https:\/\/www.hoecker.eu\/blog\/falsche-behauptungen-und-unzulaessige-verdaechtigungen-landgericht-koeln-verbietet-auch-in-der-hauptsache-dritten-bild-bericht-von-nikolaus-harbusch-aus-der-rechtswidrigen-bild-kampagne-gegen-kardin\/\" \/>\n<meta property=\"og:site_name\" content=\"H\u00d6CKER - der Blog\" \/>\n<meta property=\"article:publisher\" content=\"https:\/\/www.facebook.com\/HoeckerRAe\/\" \/>\n<meta property=\"article:author\" content=\"https:\/\/www.facebook.com\/ralf.hoecker\" \/>\n<meta property=\"article:published_time\" content=\"2022-06-08T07:39:00+00:00\" \/>\n<meta property=\"article:modified_time\" content=\"2025-02-17T13:54:04+00:00\" \/>\n<meta name=\"author\" content=\"Prof. Dr. Ralf H\u00f6cker\" \/>\n<meta name=\"twitter:card\" content=\"summary_large_image\" \/>\n<meta name=\"twitter:creator\" content=\"@Ralf_Hoecker\" \/>\n<meta name=\"twitter:site\" content=\"@hoecker_rae\" \/>\n<meta name=\"twitter:label1\" content=\"Verfasst von\" \/>\n\t<meta name=\"twitter:data1\" content=\"Prof. Dr. Ralf H\u00f6cker\" \/>\n\t<meta name=\"twitter:label2\" content=\"Gesch\u00e4tzte Lesezeit\" \/>\n\t<meta name=\"twitter:data2\" content=\"5\u00a0Minuten\" \/>\n<script type=\"application\/ld+json\" class=\"yoast-schema-graph\">{\"@context\":\"https:\/\/schema.org\",\"@graph\":[{\"@type\":\"Article\",\"@id\":\"https:\/\/www.hoecker.eu\/blog\/falsche-behauptungen-und-unzulaessige-verdaechtigungen-landgericht-koeln-verbietet-auch-in-der-hauptsache-dritten-bild-bericht-von-nikolaus-harbusch-aus-der-rechtswidrigen-bild-kampagne-gegen-kardin\/#article\",\"isPartOf\":{\"@id\":\"https:\/\/www.hoecker.eu\/blog\/falsche-behauptungen-und-unzulaessige-verdaechtigungen-landgericht-koeln-verbietet-auch-in-der-hauptsache-dritten-bild-bericht-von-nikolaus-harbusch-aus-der-rechtswidrigen-bild-kampagne-gegen-kardin\/\"},\"author\":{\"name\":\"Prof. Dr. Ralf H\u00f6cker\",\"@id\":\"https:\/\/www.hoecker.eu\/blog\/#\/schema\/person\/08f95581eed0534eccd0b2438f7a1cab\"},\"headline\":\"Falsche Behauptungen und unzul\u00e4ssige Verd\u00e4chtigungen &#8211; Landgericht K\u00f6ln verbietet auch in der Hauptsache dritten BILD-Bericht von Nikolaus Harbusch aus der rechtswidrigen BILD-Kampagne gegen Kardinal Woelki\",\"datePublished\":\"2022-06-08T07:39:00+00:00\",\"dateModified\":\"2025-02-17T13:54:04+00:00\",\"mainEntityOfPage\":{\"@id\":\"https:\/\/www.hoecker.eu\/blog\/falsche-behauptungen-und-unzulaessige-verdaechtigungen-landgericht-koeln-verbietet-auch-in-der-hauptsache-dritten-bild-bericht-von-nikolaus-harbusch-aus-der-rechtswidrigen-bild-kampagne-gegen-kardin\/\"},\"wordCount\":956,\"publisher\":{\"@id\":\"https:\/\/www.hoecker.eu\/blog\/#organization\"},\"articleSection\":[\"News\"],\"inLanguage\":\"de\"},{\"@type\":\"WebPage\",\"@id\":\"https:\/\/www.hoecker.eu\/blog\/falsche-behauptungen-und-unzulaessige-verdaechtigungen-landgericht-koeln-verbietet-auch-in-der-hauptsache-dritten-bild-bericht-von-nikolaus-harbusch-aus-der-rechtswidrigen-bild-kampagne-gegen-kardin\/\",\"url\":\"https:\/\/www.hoecker.eu\/blog\/falsche-behauptungen-und-unzulaessige-verdaechtigungen-landgericht-koeln-verbietet-auch-in-der-hauptsache-dritten-bild-bericht-von-nikolaus-harbusch-aus-der-rechtswidrigen-bild-kampagne-gegen-kardin\/\",\"name\":\"Falsche Behauptungen und unzul\u00e4ssige Verd\u00e4chtigungen - Landgericht K\u00f6ln verbietet auch in der Hauptsache dritten BILD-Bericht von Nikolaus Harbusch aus der rechtswidrigen BILD-Kampagne gegen Kardinal Woelki - H\u00d6CKER - der Blog\",\"isPartOf\":{\"@id\":\"https:\/\/www.hoecker.eu\/blog\/#website\"},\"datePublished\":\"2022-06-08T07:39:00+00:00\",\"dateModified\":\"2025-02-17T13:54:04+00:00\",\"breadcrumb\":{\"@id\":\"https:\/\/www.hoecker.eu\/blog\/falsche-behauptungen-und-unzulaessige-verdaechtigungen-landgericht-koeln-verbietet-auch-in-der-hauptsache-dritten-bild-bericht-von-nikolaus-harbusch-aus-der-rechtswidrigen-bild-kampagne-gegen-kardin\/#breadcrumb\"},\"inLanguage\":\"de\",\"potentialAction\":[{\"@type\":\"ReadAction\",\"target\":[\"https:\/\/www.hoecker.eu\/blog\/falsche-behauptungen-und-unzulaessige-verdaechtigungen-landgericht-koeln-verbietet-auch-in-der-hauptsache-dritten-bild-bericht-von-nikolaus-harbusch-aus-der-rechtswidrigen-bild-kampagne-gegen-kardin\/\"]}]},{\"@type\":\"BreadcrumbList\",\"@id\":\"https:\/\/www.hoecker.eu\/blog\/falsche-behauptungen-und-unzulaessige-verdaechtigungen-landgericht-koeln-verbietet-auch-in-der-hauptsache-dritten-bild-bericht-von-nikolaus-harbusch-aus-der-rechtswidrigen-bild-kampagne-gegen-kardin\/#breadcrumb\",\"itemListElement\":[{\"@type\":\"ListItem\",\"position\":1,\"name\":\"Startseite\",\"item\":\"https:\/\/dev.hoecker.eu\/blog\/\"},{\"@type\":\"ListItem\",\"position\":2,\"name\":\"Falsche Behauptungen und unzul\u00e4ssige Verd\u00e4chtigungen &#8211; Landgericht K\u00f6ln verbietet auch in der Hauptsache dritten BILD-Bericht von Nikolaus Harbusch aus der rechtswidrigen BILD-Kampagne gegen Kardinal Woelki\"}]},{\"@type\":\"WebSite\",\"@id\":\"https:\/\/www.hoecker.eu\/blog\/#website\",\"url\":\"https:\/\/www.hoecker.eu\/blog\/\",\"name\":\"H\u00d6CKER - der Blog\",\"description\":\"Expertenblog f\u00fcr \u00c4u\u00dferungs-, Medien-, Marken-, Urheber- und Wettbewerbsrecht.\",\"publisher\":{\"@id\":\"https:\/\/www.hoecker.eu\/blog\/#organization\"},\"potentialAction\":[{\"@type\":\"SearchAction\",\"target\":{\"@type\":\"EntryPoint\",\"urlTemplate\":\"https:\/\/www.hoecker.eu\/blog\/?s={search_term_string}\"},\"query-input\":{\"@type\":\"PropertyValueSpecification\",\"valueRequired\":true,\"valueName\":\"search_term_string\"}}],\"inLanguage\":\"de\"},{\"@type\":\"Organization\",\"@id\":\"https:\/\/www.hoecker.eu\/blog\/#organization\",\"name\":\"H\u00d6CKER Rechtsanw\u00e4lte PartGmbB\",\"alternateName\":\"H\u00d6CKER\",\"url\":\"https:\/\/www.hoecker.eu\/blog\/\",\"logo\":{\"@type\":\"ImageObject\",\"inLanguage\":\"de\",\"@id\":\"https:\/\/www.hoecker.eu\/blog\/#\/schema\/logo\/image\/\",\"url\":\"https:\/\/www.hoecker.eu\/blog\/wp-content\/uploads\/2025\/03\/Blog-Logo.webp\",\"contentUrl\":\"https:\/\/www.hoecker.eu\/blog\/wp-content\/uploads\/2025\/03\/Blog-Logo.webp\",\"width\":500,\"height\":500,\"caption\":\"H\u00d6CKER Rechtsanw\u00e4lte PartGmbB\"},\"image\":{\"@id\":\"https:\/\/www.hoecker.eu\/blog\/#\/schema\/logo\/image\/\"},\"sameAs\":[\"https:\/\/www.facebook.com\/HoeckerRAe\/\",\"https:\/\/x.com\/hoecker_rae\",\"https:\/\/www.linkedin.com\/company\/hcker-rechtsanwlte\/\",\"https:\/\/www.instagram.com\/hoecker_rae\/\"],\"email\":\"contact@hoecker.eu\",\"telephone\":\"+ 49 (0)221-933 19-10\",\"legalName\":\"H\u00d6CKER Rechtsanw\u00e4lte PartGmbB\",\"numberOfEmployees\":{\"@type\":\"QuantitativeValue\",\"minValue\":\"11\",\"maxValue\":\"50\"}},{\"@type\":\"Person\",\"@id\":\"https:\/\/www.hoecker.eu\/blog\/#\/schema\/person\/08f95581eed0534eccd0b2438f7a1cab\",\"name\":\"Prof. Dr. Ralf H\u00f6cker\",\"description\":\"Medienanwalt. Besch\u00fctzer vor mieser Presse\",\"sameAs\":[\"https:\/\/www.hoecker.eu\/wer\/prof-dr-ralf-hoecker\",\"https:\/\/www.facebook.com\/ralf.hoecker\",\"https:\/\/www.linkedin.com\/in\/prof-dr-ralf-hcker-ll-m-london-17987826\/\",\"https:\/\/x.com\/Ralf_Hoecker\"],\"url\":\"https:\/\/www.hoecker.eu\/blog\/author\/hoecker_adm\/\"}]}<\/script>\n<!-- \/ Yoast SEO Premium plugin. -->","yoast_head_json":{"title":"Falsche Behauptungen und unzul\u00e4ssige Verd\u00e4chtigungen - Landgericht K\u00f6ln verbietet auch in der Hauptsache dritten BILD-Bericht von Nikolaus Harbusch aus der rechtswidrigen BILD-Kampagne gegen Kardinal Woelki - H\u00d6CKER - der Blog","robots":{"index":"index","follow":"follow","max-snippet":"max-snippet:-1","max-image-preview":"max-image-preview:large","max-video-preview":"max-video-preview:-1"},"canonical":"https:\/\/www.hoecker.eu\/blog\/falsche-behauptungen-und-unzulaessige-verdaechtigungen-landgericht-koeln-verbietet-auch-in-der-hauptsache-dritten-bild-bericht-von-nikolaus-harbusch-aus-der-rechtswidrigen-bild-kampagne-gegen-kardin\/","og_locale":"de_DE","og_type":"article","og_title":"Falsche Behauptungen und unzul\u00e4ssige Verd\u00e4chtigungen - Landgericht K\u00f6ln verbietet auch in der Hauptsache dritten BILD-Bericht von Nikolaus Harbusch aus der rechtswidrigen BILD-Kampagne gegen Kardinal Woelki","og_description":"In dem heute verk\u00fcndeten Urteil (Az. 28 O 295\/21, noch nicht rechtskr\u00e4ftig) hat das Landgericht K\u00f6ln der Verlegerin der BILD (Axel Springer SE) und dem Autor des Artikels Nikolaus Harbusch untersagt, wie am 22.05.2021 in einem BILD-Artikel zu berichten, Kardinal Woelki \u201ebringt ein bislang geheim gehaltener Bericht aus dem Giftschrank des Erzbistums in Erkl\u00e4rungsnot.\u201c Zudem [&hellip;]","og_url":"https:\/\/www.hoecker.eu\/blog\/falsche-behauptungen-und-unzulaessige-verdaechtigungen-landgericht-koeln-verbietet-auch-in-der-hauptsache-dritten-bild-bericht-von-nikolaus-harbusch-aus-der-rechtswidrigen-bild-kampagne-gegen-kardin\/","og_site_name":"H\u00d6CKER - der Blog","article_publisher":"https:\/\/www.facebook.com\/HoeckerRAe\/","article_author":"https:\/\/www.facebook.com\/ralf.hoecker","article_published_time":"2022-06-08T07:39:00+00:00","article_modified_time":"2025-02-17T13:54:04+00:00","author":"Prof. Dr. Ralf H\u00f6cker","twitter_card":"summary_large_image","twitter_creator":"@Ralf_Hoecker","twitter_site":"@hoecker_rae","twitter_misc":{"Verfasst von":"Prof. Dr. Ralf H\u00f6cker","Gesch\u00e4tzte Lesezeit":"5\u00a0Minuten"},"schema":{"@context":"https:\/\/schema.org","@graph":[{"@type":"Article","@id":"https:\/\/www.hoecker.eu\/blog\/falsche-behauptungen-und-unzulaessige-verdaechtigungen-landgericht-koeln-verbietet-auch-in-der-hauptsache-dritten-bild-bericht-von-nikolaus-harbusch-aus-der-rechtswidrigen-bild-kampagne-gegen-kardin\/#article","isPartOf":{"@id":"https:\/\/www.hoecker.eu\/blog\/falsche-behauptungen-und-unzulaessige-verdaechtigungen-landgericht-koeln-verbietet-auch-in-der-hauptsache-dritten-bild-bericht-von-nikolaus-harbusch-aus-der-rechtswidrigen-bild-kampagne-gegen-kardin\/"},"author":{"name":"Prof. Dr. Ralf H\u00f6cker","@id":"https:\/\/www.hoecker.eu\/blog\/#\/schema\/person\/08f95581eed0534eccd0b2438f7a1cab"},"headline":"Falsche Behauptungen und unzul\u00e4ssige Verd\u00e4chtigungen &#8211; Landgericht K\u00f6ln verbietet auch in der Hauptsache dritten BILD-Bericht von Nikolaus Harbusch aus der rechtswidrigen BILD-Kampagne gegen Kardinal Woelki","datePublished":"2022-06-08T07:39:00+00:00","dateModified":"2025-02-17T13:54:04+00:00","mainEntityOfPage":{"@id":"https:\/\/www.hoecker.eu\/blog\/falsche-behauptungen-und-unzulaessige-verdaechtigungen-landgericht-koeln-verbietet-auch-in-der-hauptsache-dritten-bild-bericht-von-nikolaus-harbusch-aus-der-rechtswidrigen-bild-kampagne-gegen-kardin\/"},"wordCount":956,"publisher":{"@id":"https:\/\/www.hoecker.eu\/blog\/#organization"},"articleSection":["News"],"inLanguage":"de"},{"@type":"WebPage","@id":"https:\/\/www.hoecker.eu\/blog\/falsche-behauptungen-und-unzulaessige-verdaechtigungen-landgericht-koeln-verbietet-auch-in-der-hauptsache-dritten-bild-bericht-von-nikolaus-harbusch-aus-der-rechtswidrigen-bild-kampagne-gegen-kardin\/","url":"https:\/\/www.hoecker.eu\/blog\/falsche-behauptungen-und-unzulaessige-verdaechtigungen-landgericht-koeln-verbietet-auch-in-der-hauptsache-dritten-bild-bericht-von-nikolaus-harbusch-aus-der-rechtswidrigen-bild-kampagne-gegen-kardin\/","name":"Falsche Behauptungen und unzul\u00e4ssige Verd\u00e4chtigungen - Landgericht K\u00f6ln verbietet auch in der Hauptsache dritten BILD-Bericht von Nikolaus Harbusch aus der rechtswidrigen BILD-Kampagne gegen Kardinal Woelki - H\u00d6CKER - der Blog","isPartOf":{"@id":"https:\/\/www.hoecker.eu\/blog\/#website"},"datePublished":"2022-06-08T07:39:00+00:00","dateModified":"2025-02-17T13:54:04+00:00","breadcrumb":{"@id":"https:\/\/www.hoecker.eu\/blog\/falsche-behauptungen-und-unzulaessige-verdaechtigungen-landgericht-koeln-verbietet-auch-in-der-hauptsache-dritten-bild-bericht-von-nikolaus-harbusch-aus-der-rechtswidrigen-bild-kampagne-gegen-kardin\/#breadcrumb"},"inLanguage":"de","potentialAction":[{"@type":"ReadAction","target":["https:\/\/www.hoecker.eu\/blog\/falsche-behauptungen-und-unzulaessige-verdaechtigungen-landgericht-koeln-verbietet-auch-in-der-hauptsache-dritten-bild-bericht-von-nikolaus-harbusch-aus-der-rechtswidrigen-bild-kampagne-gegen-kardin\/"]}]},{"@type":"BreadcrumbList","@id":"https:\/\/www.hoecker.eu\/blog\/falsche-behauptungen-und-unzulaessige-verdaechtigungen-landgericht-koeln-verbietet-auch-in-der-hauptsache-dritten-bild-bericht-von-nikolaus-harbusch-aus-der-rechtswidrigen-bild-kampagne-gegen-kardin\/#breadcrumb","itemListElement":[{"@type":"ListItem","position":1,"name":"Startseite","item":"https:\/\/dev.hoecker.eu\/blog\/"},{"@type":"ListItem","position":2,"name":"Falsche Behauptungen und unzul\u00e4ssige Verd\u00e4chtigungen &#8211; Landgericht K\u00f6ln verbietet auch in der Hauptsache dritten BILD-Bericht von Nikolaus Harbusch aus der rechtswidrigen BILD-Kampagne gegen Kardinal Woelki"}]},{"@type":"WebSite","@id":"https:\/\/www.hoecker.eu\/blog\/#website","url":"https:\/\/www.hoecker.eu\/blog\/","name":"H\u00d6CKER - der Blog","description":"Expertenblog f\u00fcr \u00c4u\u00dferungs-, Medien-, Marken-, Urheber- und Wettbewerbsrecht.","publisher":{"@id":"https:\/\/www.hoecker.eu\/blog\/#organization"},"potentialAction":[{"@type":"SearchAction","target":{"@type":"EntryPoint","urlTemplate":"https:\/\/www.hoecker.eu\/blog\/?s={search_term_string}"},"query-input":{"@type":"PropertyValueSpecification","valueRequired":true,"valueName":"search_term_string"}}],"inLanguage":"de"},{"@type":"Organization","@id":"https:\/\/www.hoecker.eu\/blog\/#organization","name":"H\u00d6CKER Rechtsanw\u00e4lte PartGmbB","alternateName":"H\u00d6CKER","url":"https:\/\/www.hoecker.eu\/blog\/","logo":{"@type":"ImageObject","inLanguage":"de","@id":"https:\/\/www.hoecker.eu\/blog\/#\/schema\/logo\/image\/","url":"https:\/\/www.hoecker.eu\/blog\/wp-content\/uploads\/2025\/03\/Blog-Logo.webp","contentUrl":"https:\/\/www.hoecker.eu\/blog\/wp-content\/uploads\/2025\/03\/Blog-Logo.webp","width":500,"height":500,"caption":"H\u00d6CKER Rechtsanw\u00e4lte PartGmbB"},"image":{"@id":"https:\/\/www.hoecker.eu\/blog\/#\/schema\/logo\/image\/"},"sameAs":["https:\/\/www.facebook.com\/HoeckerRAe\/","https:\/\/x.com\/hoecker_rae","https:\/\/www.linkedin.com\/company\/hcker-rechtsanwlte\/","https:\/\/www.instagram.com\/hoecker_rae\/"],"email":"contact@hoecker.eu","telephone":"+ 49 (0)221-933 19-10","legalName":"H\u00d6CKER Rechtsanw\u00e4lte PartGmbB","numberOfEmployees":{"@type":"QuantitativeValue","minValue":"11","maxValue":"50"}},{"@type":"Person","@id":"https:\/\/www.hoecker.eu\/blog\/#\/schema\/person\/08f95581eed0534eccd0b2438f7a1cab","name":"Prof. Dr. Ralf H\u00f6cker","description":"Medienanwalt. Besch\u00fctzer vor mieser Presse","sameAs":["https:\/\/www.hoecker.eu\/wer\/prof-dr-ralf-hoecker","https:\/\/www.facebook.com\/ralf.hoecker","https:\/\/www.linkedin.com\/in\/prof-dr-ralf-hcker-ll-m-london-17987826\/","https:\/\/x.com\/Ralf_Hoecker"],"url":"https:\/\/www.hoecker.eu\/blog\/author\/hoecker_adm\/"}]}},"authors":[{"term_id":84,"user_id":1,"is_guest":0,"slug":"hoecker_adm","display_name":"Prof. Dr. Ralf H\u00f6cker","avatar_url":{"url":"https:\/\/www.hoecker.eu\/blog\/wp-content\/uploads\/2023\/12\/ProfDrRalfHoecker.jpg","url2x":"https:\/\/www.hoecker.eu\/blog\/wp-content\/uploads\/2023\/12\/ProfDrRalfHoecker.jpg"},"0":null,"1":"","2":"","3":"","4":"","5":"","6":"","7":"","8":"","9":"","10":"","11":""}],"_links":{"self":[{"href":"https:\/\/www.hoecker.eu\/blog\/wp-json\/wp\/v2\/posts\/8203","targetHints":{"allow":["GET"]}}],"collection":[{"href":"https:\/\/www.hoecker.eu\/blog\/wp-json\/wp\/v2\/posts"}],"about":[{"href":"https:\/\/www.hoecker.eu\/blog\/wp-json\/wp\/v2\/types\/post"}],"author":[{"embeddable":true,"href":"https:\/\/www.hoecker.eu\/blog\/wp-json\/wp\/v2\/users\/1"}],"replies":[{"embeddable":true,"href":"https:\/\/www.hoecker.eu\/blog\/wp-json\/wp\/v2\/comments?post=8203"}],"version-history":[{"count":1,"href":"https:\/\/www.hoecker.eu\/blog\/wp-json\/wp\/v2\/posts\/8203\/revisions"}],"predecessor-version":[{"id":9325,"href":"https:\/\/www.hoecker.eu\/blog\/wp-json\/wp\/v2\/posts\/8203\/revisions\/9325"}],"wp:attachment":[{"href":"https:\/\/www.hoecker.eu\/blog\/wp-json\/wp\/v2\/media?parent=8203"}],"wp:term":[{"taxonomy":"category","embeddable":true,"href":"https:\/\/www.hoecker.eu\/blog\/wp-json\/wp\/v2\/categories?post=8203"},{"taxonomy":"post_tag","embeddable":true,"href":"https:\/\/www.hoecker.eu\/blog\/wp-json\/wp\/v2\/tags?post=8203"},{"taxonomy":"hashtags","embeddable":true,"href":"https:\/\/www.hoecker.eu\/blog\/wp-json\/wp\/v2\/hashtags?post=8203"},{"taxonomy":"author","embeddable":true,"href":"https:\/\/www.hoecker.eu\/blog\/wp-json\/wp\/v2\/ppma_author?post=8203"}],"curies":[{"name":"wp","href":"https:\/\/api.w.org\/{rel}","templated":true}]}}