{"id":8202,"date":"2022-06-15T08:13:00","date_gmt":"2022-06-15T06:13:00","guid":{"rendered":"https:\/\/www.hoecker.eu\/blog\/altkanzlerin-merkel-verstiess-gegen-die-verfassung-hoecker-erwirkt-grundsatzentscheidung-vor-dem-bundesverfassungsgericht\/"},"modified":"2025-02-17T14:54:04","modified_gmt":"2025-02-17T13:54:04","slug":"altkanzlerin-merkel-verstiess-gegen-die-verfassung-hoecker-erwirkt-grundsatzentscheidung-vor-dem-bundesverfassungsgericht","status":"publish","type":"post","link":"https:\/\/www.hoecker.eu\/blog\/altkanzlerin-merkel-verstiess-gegen-die-verfassung-hoecker-erwirkt-grundsatzentscheidung-vor-dem-bundesverfassungsgericht\/","title":{"rendered":"Altkanzlerin Merkel verstie\u00df gegen die Verfassung \u2013 H\u00d6CKER erwirkt Grundsatzentscheidung vor dem Bundesverfassungsgericht"},"content":{"rendered":"<p>H\u00d6CKER hat am heutigen Mittwoch eine wichtige demokratische Grundsatzentscheidung vor dem Bundesverfassungsgericht erwirkt. Das Gericht hat festgestellt, dass \u00c4u\u00dferungen der Altkanzlerin und entsprechende Ver\u00f6ffentlichungen gegen die Verfassung verstie\u00dfen \u2013 und rechtswidrig in den demokratischen Willensbildungsprozess eingriffen.<\/p>\n<\/p>\n<p>Zum Hintergrund f\u00fchrte das Gericht in einer <a href=\"https:\/\/www.bundesverfassungsgericht.de\/SharedDocs\/Pressemitteilungen\/DE\/2021\/bvg21-049.html\" target=\"_blank\" rel=\"noreferrer noopener\">Pressemitteilung <\/a>(Nr. 49\/2021 vom 17. Juni 2021) aus:<\/p>\n<\/p>\n<p><em>Am 5. Februar 2020 fand im Th\u00fcringer Landtag die Wahl zum Ministerpr\u00e4sidenten des Freistaats Th\u00fcringen statt. Nachdem weder der gemeinsame Kandidat der Fraktionen von SPD, DIE LINKE und B\u00dcNDNIS 90\/DIE GR\u00dcNEN, Bodo Ramelow, noch der Kandidat der Fraktion der AfD, Christoph Kindervater, in den ersten zwei Wahlg\u00e4ngen die notwendige absolute Stimmenmehrheit erhalten hatte, nominierte die Fraktion der FDP Thomas Kemmerich als weiteren Kandidaten f\u00fcr den dritten Wahlgang, in dem gew\u00e4hlt ist, wer die meisten Stimmen erh\u00e4lt. Dieser wurde mit 45 von 90 Stimmen bei einer Enthaltung, 44 Stimmen f\u00fcr den Kandidaten Ramelow und keiner Stimme f\u00fcr den Kandidaten Kindervater gew\u00e4hlt.<\/em><\/p>\n<\/p>\n<p><em>Die Bundeskanzlerin, die sich seit Anfang Februar 2020 auf einer Dienstreise nach S\u00fcdafrika und Angola befand, \u00e4u\u00dferte sich am 6. Februar 2020 im Rahmen eines Staatsempfangs mit dem Pr\u00e4sidenten der Republik S\u00fcdafrika, Cyril Ramaphosa, zu der Ministerpr\u00e4sidentenwahl in Th\u00fcringen unter anderem wie folgt:<\/em><\/p>\n<\/p>\n<p><em>\u201eMeine Damen und Herren, ich hatte dem Pr\u00e4sidenten schon gesagt, dass ich aus innenpolitischen Gr\u00fcnden eine Vorbemerkung machen m\u00f6chte, und zwar bezogen auf den gestrigen Tag, an dem ein Ministerpr\u00e4sident in Th\u00fcringen gew\u00e4hlt wurde. Die Wahl dieses Ministerpr\u00e4sidenten war ein einzigartiger Vorgang, der mit einer Grund\u00fcberzeugung f\u00fcr die CDU und auch f\u00fcr mich gebrochen hat, dass n\u00e4mlich keine Mehrheiten mit Hilfe der AfD gewonnen werden sollen. Da dies in der Konstellation, in der im dritten Wahlgang gew\u00e4hlt wurde, absehbar war, muss man sagen, dass dieser Vorgang unverzeihlich ist und deshalb das Ergebnis r\u00fcckg\u00e4ngig gemacht werden muss. Zumindest gilt f\u00fcr die CDU, dass sich die CDU nicht an einer Regierung unter dem gew\u00e4hlten Ministerpr\u00e4sidenten beteiligen darf. Es war ein schlechter Tag f\u00fcr die Demokratie.\u201c<\/em><\/p>\n<\/p>\n<p><em>Die \u00c4u\u00dferung wurde unter der \u00dcberschrift \u201ePressekonferenz von Bundeskanzlerin Merkel und dem Pr\u00e4sidenten der Republik S\u00fcdafrika, Cyril Ramaphosa\u201c sowohl auf der Internetseite der Bundeskanzlerin (www.bundeskanzlerin.de) als auch auf der Internetseite der Bundesregierung (www.bundesregierung.de) ver\u00f6ffentlicht.<\/em><\/p>\n<\/p>\n<p>Mit heute verk\u00fcndeten Urteilen hat das Bundesverfassungsgericht festgestellt, dass sowohl die \u00c4u\u00dferung der Altkanzlerin als auch die beiden Ver\u00f6ffentlichungen auf den genannten Websites rechtswidrig waren und die AfD in ihren Rechten verletzten. Dabei folgte das Gericht der Argumentation von H\u00d6CKER, wonach die Erkl\u00e4rung in S\u00fcdafrika aufgrund der Umst\u00e4nde als amtliche Erkl\u00e4rung einzuordnen sei und dass der Aufruf einen unzul\u00e4ssigen Eingriff in den demokratischen Wettbewerb und Willensbildungsprozess darstelle.<\/p>\n<\/p>\n<p>Dr. Christian Conrad: \u201eDiese im wahrsten Sinne des Wortes h\u00f6chstrichterliche Entscheidung bedeutet einen wegweisenden Meilenstein f\u00fcr unseren Rechtsstaat und den zuk\u00fcnftigen politischen Diskurs in Deutschland. Nach diesem Urteil darf keine Bundeskanzlerin und kein Bundeskanzler in die politische Meinungsbildung parteiergreifend eingreifen und daf\u00fcr amtliche Mittel missbrauchen. Ein solches Verhalten ist f\u00fcr das Amt unangebracht und durch das heute gesprochene Urteil endg\u00fcltig verfassungswidrig \u2013 und einer Demokratie unw\u00fcrdig.\u201c<\/p>\n","protected":false},"excerpt":{"rendered":"<p>H\u00d6CKER hat am heutigen Mittwoch eine wichtige demokratische Grundsatzentscheidung vor dem Bundesverfassungsgericht erwirkt. Das Gericht hat festgestellt, dass \u00c4u\u00dferungen der Altkanzlerin und entsprechende Ver\u00f6ffentlichungen gegen die Verfassung verstie\u00dfen \u2013 und rechtswidrig in den demokratischen Willensbildungsprozess eingriffen. Zum Hintergrund f\u00fchrte das Gericht in einer Pressemitteilung (Nr. 49\/2021 vom 17. Juni 2021) aus: Am 5. Februar 2020 [&hellip;]<\/p>\n","protected":false},"author":1,"featured_media":0,"comment_status":"closed","ping_status":"closed","sticky":false,"template":"","format":"standard","meta":{"_has_post_settings":[],"footnotes":""},"categories":[15],"tags":[],"hashtags":[],"ppma_author":[84],"class_list":["post-8202","post","type-post","status-publish","format-standard","hentry","category-news","author-hoecker_adm"],"yoast_head":"<!-- This site is optimized with the Yoast SEO Premium plugin v25.9 (Yoast SEO v27.0) - https:\/\/yoast.com\/product\/yoast-seo-premium-wordpress\/ -->\n<title>Altkanzlerin Merkel verstie\u00df gegen die Verfassung \u2013 H\u00d6CKER erwirkt Grundsatzentscheidung vor dem Bundesverfassungsgericht - H\u00d6CKER - der Blog<\/title>\n<meta name=\"robots\" content=\"index, follow, max-snippet:-1, max-image-preview:large, max-video-preview:-1\" \/>\n<link rel=\"canonical\" href=\"https:\/\/www.hoecker.eu\/blog\/altkanzlerin-merkel-verstiess-gegen-die-verfassung-hoecker-erwirkt-grundsatzentscheidung-vor-dem-bundesverfassungsgericht\/\" \/>\n<meta property=\"og:locale\" content=\"de_DE\" \/>\n<meta property=\"og:type\" content=\"article\" \/>\n<meta property=\"og:title\" content=\"Altkanzlerin Merkel verstie\u00df gegen die Verfassung \u2013 H\u00d6CKER erwirkt Grundsatzentscheidung vor dem Bundesverfassungsgericht\" \/>\n<meta property=\"og:description\" content=\"H\u00d6CKER hat am heutigen Mittwoch eine wichtige demokratische Grundsatzentscheidung vor dem Bundesverfassungsgericht erwirkt. Das Gericht hat festgestellt, dass \u00c4u\u00dferungen der Altkanzlerin und entsprechende Ver\u00f6ffentlichungen gegen die Verfassung verstie\u00dfen \u2013 und rechtswidrig in den demokratischen Willensbildungsprozess eingriffen. Zum Hintergrund f\u00fchrte das Gericht in einer Pressemitteilung (Nr. 49\/2021 vom 17. Juni 2021) aus: Am 5. Februar 2020 [&hellip;]\" \/>\n<meta property=\"og:url\" content=\"https:\/\/www.hoecker.eu\/blog\/altkanzlerin-merkel-verstiess-gegen-die-verfassung-hoecker-erwirkt-grundsatzentscheidung-vor-dem-bundesverfassungsgericht\/\" \/>\n<meta property=\"og:site_name\" content=\"H\u00d6CKER - der Blog\" \/>\n<meta property=\"article:publisher\" content=\"https:\/\/www.facebook.com\/HoeckerRAe\/\" \/>\n<meta property=\"article:author\" content=\"https:\/\/www.facebook.com\/ralf.hoecker\" \/>\n<meta property=\"article:published_time\" content=\"2022-06-15T06:13:00+00:00\" \/>\n<meta property=\"article:modified_time\" content=\"2025-02-17T13:54:04+00:00\" \/>\n<meta name=\"author\" content=\"Prof. Dr. Ralf H\u00f6cker\" \/>\n<meta name=\"twitter:card\" content=\"summary_large_image\" \/>\n<meta name=\"twitter:creator\" content=\"@Ralf_Hoecker\" \/>\n<meta name=\"twitter:site\" content=\"@hoecker_rae\" \/>\n<meta name=\"twitter:label1\" content=\"Verfasst von\" \/>\n\t<meta name=\"twitter:data1\" content=\"Prof. Dr. Ralf H\u00f6cker\" \/>\n\t<meta name=\"twitter:label2\" content=\"Gesch\u00e4tzte Lesezeit\" \/>\n\t<meta name=\"twitter:data2\" content=\"3\u00a0Minuten\" \/>\n<script type=\"application\/ld+json\" class=\"yoast-schema-graph\">{\"@context\":\"https:\/\/schema.org\",\"@graph\":[{\"@type\":\"Article\",\"@id\":\"https:\/\/www.hoecker.eu\/blog\/altkanzlerin-merkel-verstiess-gegen-die-verfassung-hoecker-erwirkt-grundsatzentscheidung-vor-dem-bundesverfassungsgericht\/#article\",\"isPartOf\":{\"@id\":\"https:\/\/www.hoecker.eu\/blog\/altkanzlerin-merkel-verstiess-gegen-die-verfassung-hoecker-erwirkt-grundsatzentscheidung-vor-dem-bundesverfassungsgericht\/\"},\"author\":{\"name\":\"Prof. Dr. Ralf H\u00f6cker\",\"@id\":\"https:\/\/www.hoecker.eu\/blog\/#\/schema\/person\/08f95581eed0534eccd0b2438f7a1cab\"},\"headline\":\"Altkanzlerin Merkel verstie\u00df gegen die Verfassung \u2013 H\u00d6CKER erwirkt Grundsatzentscheidung vor dem Bundesverfassungsgericht\",\"datePublished\":\"2022-06-15T06:13:00+00:00\",\"dateModified\":\"2025-02-17T13:54:04+00:00\",\"mainEntityOfPage\":{\"@id\":\"https:\/\/www.hoecker.eu\/blog\/altkanzlerin-merkel-verstiess-gegen-die-verfassung-hoecker-erwirkt-grundsatzentscheidung-vor-dem-bundesverfassungsgericht\/\"},\"wordCount\":549,\"publisher\":{\"@id\":\"https:\/\/www.hoecker.eu\/blog\/#organization\"},\"articleSection\":[\"News\"],\"inLanguage\":\"de\"},{\"@type\":\"WebPage\",\"@id\":\"https:\/\/www.hoecker.eu\/blog\/altkanzlerin-merkel-verstiess-gegen-die-verfassung-hoecker-erwirkt-grundsatzentscheidung-vor-dem-bundesverfassungsgericht\/\",\"url\":\"https:\/\/www.hoecker.eu\/blog\/altkanzlerin-merkel-verstiess-gegen-die-verfassung-hoecker-erwirkt-grundsatzentscheidung-vor-dem-bundesverfassungsgericht\/\",\"name\":\"Altkanzlerin Merkel verstie\u00df gegen die Verfassung \u2013 H\u00d6CKER erwirkt Grundsatzentscheidung vor dem Bundesverfassungsgericht - H\u00d6CKER - der Blog\",\"isPartOf\":{\"@id\":\"https:\/\/www.hoecker.eu\/blog\/#website\"},\"datePublished\":\"2022-06-15T06:13:00+00:00\",\"dateModified\":\"2025-02-17T13:54:04+00:00\",\"breadcrumb\":{\"@id\":\"https:\/\/www.hoecker.eu\/blog\/altkanzlerin-merkel-verstiess-gegen-die-verfassung-hoecker-erwirkt-grundsatzentscheidung-vor-dem-bundesverfassungsgericht\/#breadcrumb\"},\"inLanguage\":\"de\",\"potentialAction\":[{\"@type\":\"ReadAction\",\"target\":[\"https:\/\/www.hoecker.eu\/blog\/altkanzlerin-merkel-verstiess-gegen-die-verfassung-hoecker-erwirkt-grundsatzentscheidung-vor-dem-bundesverfassungsgericht\/\"]}]},{\"@type\":\"BreadcrumbList\",\"@id\":\"https:\/\/www.hoecker.eu\/blog\/altkanzlerin-merkel-verstiess-gegen-die-verfassung-hoecker-erwirkt-grundsatzentscheidung-vor-dem-bundesverfassungsgericht\/#breadcrumb\",\"itemListElement\":[{\"@type\":\"ListItem\",\"position\":1,\"name\":\"Startseite\",\"item\":\"https:\/\/dev.hoecker.eu\/blog\/\"},{\"@type\":\"ListItem\",\"position\":2,\"name\":\"Altkanzlerin Merkel verstie\u00df gegen die Verfassung \u2013 H\u00d6CKER erwirkt Grundsatzentscheidung vor dem Bundesverfassungsgericht\"}]},{\"@type\":\"WebSite\",\"@id\":\"https:\/\/www.hoecker.eu\/blog\/#website\",\"url\":\"https:\/\/www.hoecker.eu\/blog\/\",\"name\":\"H\u00d6CKER - der Blog\",\"description\":\"Expertenblog f\u00fcr \u00c4u\u00dferungs-, Medien-, Marken-, Urheber- und Wettbewerbsrecht.\",\"publisher\":{\"@id\":\"https:\/\/www.hoecker.eu\/blog\/#organization\"},\"potentialAction\":[{\"@type\":\"SearchAction\",\"target\":{\"@type\":\"EntryPoint\",\"urlTemplate\":\"https:\/\/www.hoecker.eu\/blog\/?s={search_term_string}\"},\"query-input\":{\"@type\":\"PropertyValueSpecification\",\"valueRequired\":true,\"valueName\":\"search_term_string\"}}],\"inLanguage\":\"de\"},{\"@type\":\"Organization\",\"@id\":\"https:\/\/www.hoecker.eu\/blog\/#organization\",\"name\":\"H\u00d6CKER Rechtsanw\u00e4lte PartGmbB\",\"alternateName\":\"H\u00d6CKER\",\"url\":\"https:\/\/www.hoecker.eu\/blog\/\",\"logo\":{\"@type\":\"ImageObject\",\"inLanguage\":\"de\",\"@id\":\"https:\/\/www.hoecker.eu\/blog\/#\/schema\/logo\/image\/\",\"url\":\"https:\/\/www.hoecker.eu\/blog\/wp-content\/uploads\/2025\/03\/Blog-Logo.webp\",\"contentUrl\":\"https:\/\/www.hoecker.eu\/blog\/wp-content\/uploads\/2025\/03\/Blog-Logo.webp\",\"width\":500,\"height\":500,\"caption\":\"H\u00d6CKER Rechtsanw\u00e4lte PartGmbB\"},\"image\":{\"@id\":\"https:\/\/www.hoecker.eu\/blog\/#\/schema\/logo\/image\/\"},\"sameAs\":[\"https:\/\/www.facebook.com\/HoeckerRAe\/\",\"https:\/\/x.com\/hoecker_rae\",\"https:\/\/www.linkedin.com\/company\/hcker-rechtsanwlte\/\",\"https:\/\/www.instagram.com\/hoecker_rae\/\"],\"email\":\"contact@hoecker.eu\",\"telephone\":\"+ 49 (0)221-933 19-10\",\"legalName\":\"H\u00d6CKER Rechtsanw\u00e4lte PartGmbB\",\"numberOfEmployees\":{\"@type\":\"QuantitativeValue\",\"minValue\":\"11\",\"maxValue\":\"50\"}},{\"@type\":\"Person\",\"@id\":\"https:\/\/www.hoecker.eu\/blog\/#\/schema\/person\/08f95581eed0534eccd0b2438f7a1cab\",\"name\":\"Prof. Dr. Ralf H\u00f6cker\",\"description\":\"Medienanwalt. Besch\u00fctzer vor mieser Presse\",\"sameAs\":[\"https:\/\/www.hoecker.eu\/wer\/prof-dr-ralf-hoecker\",\"https:\/\/www.facebook.com\/ralf.hoecker\",\"https:\/\/www.linkedin.com\/in\/prof-dr-ralf-hcker-ll-m-london-17987826\/\",\"https:\/\/x.com\/Ralf_Hoecker\"],\"url\":\"https:\/\/www.hoecker.eu\/blog\/author\/hoecker_adm\/\"}]}<\/script>\n<!-- \/ Yoast SEO Premium plugin. -->","yoast_head_json":{"title":"Altkanzlerin Merkel verstie\u00df gegen die Verfassung \u2013 H\u00d6CKER erwirkt Grundsatzentscheidung vor dem Bundesverfassungsgericht - H\u00d6CKER - der Blog","robots":{"index":"index","follow":"follow","max-snippet":"max-snippet:-1","max-image-preview":"max-image-preview:large","max-video-preview":"max-video-preview:-1"},"canonical":"https:\/\/www.hoecker.eu\/blog\/altkanzlerin-merkel-verstiess-gegen-die-verfassung-hoecker-erwirkt-grundsatzentscheidung-vor-dem-bundesverfassungsgericht\/","og_locale":"de_DE","og_type":"article","og_title":"Altkanzlerin Merkel verstie\u00df gegen die Verfassung \u2013 H\u00d6CKER erwirkt Grundsatzentscheidung vor dem Bundesverfassungsgericht","og_description":"H\u00d6CKER hat am heutigen Mittwoch eine wichtige demokratische Grundsatzentscheidung vor dem Bundesverfassungsgericht erwirkt. Das Gericht hat festgestellt, dass \u00c4u\u00dferungen der Altkanzlerin und entsprechende Ver\u00f6ffentlichungen gegen die Verfassung verstie\u00dfen \u2013 und rechtswidrig in den demokratischen Willensbildungsprozess eingriffen. Zum Hintergrund f\u00fchrte das Gericht in einer Pressemitteilung (Nr. 49\/2021 vom 17. Juni 2021) aus: Am 5. Februar 2020 [&hellip;]","og_url":"https:\/\/www.hoecker.eu\/blog\/altkanzlerin-merkel-verstiess-gegen-die-verfassung-hoecker-erwirkt-grundsatzentscheidung-vor-dem-bundesverfassungsgericht\/","og_site_name":"H\u00d6CKER - der Blog","article_publisher":"https:\/\/www.facebook.com\/HoeckerRAe\/","article_author":"https:\/\/www.facebook.com\/ralf.hoecker","article_published_time":"2022-06-15T06:13:00+00:00","article_modified_time":"2025-02-17T13:54:04+00:00","author":"Prof. Dr. Ralf H\u00f6cker","twitter_card":"summary_large_image","twitter_creator":"@Ralf_Hoecker","twitter_site":"@hoecker_rae","twitter_misc":{"Verfasst von":"Prof. Dr. Ralf H\u00f6cker","Gesch\u00e4tzte Lesezeit":"3\u00a0Minuten"},"schema":{"@context":"https:\/\/schema.org","@graph":[{"@type":"Article","@id":"https:\/\/www.hoecker.eu\/blog\/altkanzlerin-merkel-verstiess-gegen-die-verfassung-hoecker-erwirkt-grundsatzentscheidung-vor-dem-bundesverfassungsgericht\/#article","isPartOf":{"@id":"https:\/\/www.hoecker.eu\/blog\/altkanzlerin-merkel-verstiess-gegen-die-verfassung-hoecker-erwirkt-grundsatzentscheidung-vor-dem-bundesverfassungsgericht\/"},"author":{"name":"Prof. Dr. Ralf H\u00f6cker","@id":"https:\/\/www.hoecker.eu\/blog\/#\/schema\/person\/08f95581eed0534eccd0b2438f7a1cab"},"headline":"Altkanzlerin Merkel verstie\u00df gegen die Verfassung \u2013 H\u00d6CKER erwirkt Grundsatzentscheidung vor dem Bundesverfassungsgericht","datePublished":"2022-06-15T06:13:00+00:00","dateModified":"2025-02-17T13:54:04+00:00","mainEntityOfPage":{"@id":"https:\/\/www.hoecker.eu\/blog\/altkanzlerin-merkel-verstiess-gegen-die-verfassung-hoecker-erwirkt-grundsatzentscheidung-vor-dem-bundesverfassungsgericht\/"},"wordCount":549,"publisher":{"@id":"https:\/\/www.hoecker.eu\/blog\/#organization"},"articleSection":["News"],"inLanguage":"de"},{"@type":"WebPage","@id":"https:\/\/www.hoecker.eu\/blog\/altkanzlerin-merkel-verstiess-gegen-die-verfassung-hoecker-erwirkt-grundsatzentscheidung-vor-dem-bundesverfassungsgericht\/","url":"https:\/\/www.hoecker.eu\/blog\/altkanzlerin-merkel-verstiess-gegen-die-verfassung-hoecker-erwirkt-grundsatzentscheidung-vor-dem-bundesverfassungsgericht\/","name":"Altkanzlerin Merkel verstie\u00df gegen die Verfassung \u2013 H\u00d6CKER erwirkt Grundsatzentscheidung vor dem Bundesverfassungsgericht - H\u00d6CKER - der Blog","isPartOf":{"@id":"https:\/\/www.hoecker.eu\/blog\/#website"},"datePublished":"2022-06-15T06:13:00+00:00","dateModified":"2025-02-17T13:54:04+00:00","breadcrumb":{"@id":"https:\/\/www.hoecker.eu\/blog\/altkanzlerin-merkel-verstiess-gegen-die-verfassung-hoecker-erwirkt-grundsatzentscheidung-vor-dem-bundesverfassungsgericht\/#breadcrumb"},"inLanguage":"de","potentialAction":[{"@type":"ReadAction","target":["https:\/\/www.hoecker.eu\/blog\/altkanzlerin-merkel-verstiess-gegen-die-verfassung-hoecker-erwirkt-grundsatzentscheidung-vor-dem-bundesverfassungsgericht\/"]}]},{"@type":"BreadcrumbList","@id":"https:\/\/www.hoecker.eu\/blog\/altkanzlerin-merkel-verstiess-gegen-die-verfassung-hoecker-erwirkt-grundsatzentscheidung-vor-dem-bundesverfassungsgericht\/#breadcrumb","itemListElement":[{"@type":"ListItem","position":1,"name":"Startseite","item":"https:\/\/dev.hoecker.eu\/blog\/"},{"@type":"ListItem","position":2,"name":"Altkanzlerin Merkel verstie\u00df gegen die Verfassung \u2013 H\u00d6CKER erwirkt Grundsatzentscheidung vor dem Bundesverfassungsgericht"}]},{"@type":"WebSite","@id":"https:\/\/www.hoecker.eu\/blog\/#website","url":"https:\/\/www.hoecker.eu\/blog\/","name":"H\u00d6CKER - der Blog","description":"Expertenblog f\u00fcr \u00c4u\u00dferungs-, Medien-, Marken-, Urheber- und Wettbewerbsrecht.","publisher":{"@id":"https:\/\/www.hoecker.eu\/blog\/#organization"},"potentialAction":[{"@type":"SearchAction","target":{"@type":"EntryPoint","urlTemplate":"https:\/\/www.hoecker.eu\/blog\/?s={search_term_string}"},"query-input":{"@type":"PropertyValueSpecification","valueRequired":true,"valueName":"search_term_string"}}],"inLanguage":"de"},{"@type":"Organization","@id":"https:\/\/www.hoecker.eu\/blog\/#organization","name":"H\u00d6CKER Rechtsanw\u00e4lte PartGmbB","alternateName":"H\u00d6CKER","url":"https:\/\/www.hoecker.eu\/blog\/","logo":{"@type":"ImageObject","inLanguage":"de","@id":"https:\/\/www.hoecker.eu\/blog\/#\/schema\/logo\/image\/","url":"https:\/\/www.hoecker.eu\/blog\/wp-content\/uploads\/2025\/03\/Blog-Logo.webp","contentUrl":"https:\/\/www.hoecker.eu\/blog\/wp-content\/uploads\/2025\/03\/Blog-Logo.webp","width":500,"height":500,"caption":"H\u00d6CKER Rechtsanw\u00e4lte PartGmbB"},"image":{"@id":"https:\/\/www.hoecker.eu\/blog\/#\/schema\/logo\/image\/"},"sameAs":["https:\/\/www.facebook.com\/HoeckerRAe\/","https:\/\/x.com\/hoecker_rae","https:\/\/www.linkedin.com\/company\/hcker-rechtsanwlte\/","https:\/\/www.instagram.com\/hoecker_rae\/"],"email":"contact@hoecker.eu","telephone":"+ 49 (0)221-933 19-10","legalName":"H\u00d6CKER Rechtsanw\u00e4lte PartGmbB","numberOfEmployees":{"@type":"QuantitativeValue","minValue":"11","maxValue":"50"}},{"@type":"Person","@id":"https:\/\/www.hoecker.eu\/blog\/#\/schema\/person\/08f95581eed0534eccd0b2438f7a1cab","name":"Prof. Dr. Ralf H\u00f6cker","description":"Medienanwalt. Besch\u00fctzer vor mieser Presse","sameAs":["https:\/\/www.hoecker.eu\/wer\/prof-dr-ralf-hoecker","https:\/\/www.facebook.com\/ralf.hoecker","https:\/\/www.linkedin.com\/in\/prof-dr-ralf-hcker-ll-m-london-17987826\/","https:\/\/x.com\/Ralf_Hoecker"],"url":"https:\/\/www.hoecker.eu\/blog\/author\/hoecker_adm\/"}]}},"authors":[{"term_id":84,"user_id":1,"is_guest":0,"slug":"hoecker_adm","display_name":"Prof. Dr. Ralf H\u00f6cker","avatar_url":{"url":"https:\/\/www.hoecker.eu\/blog\/wp-content\/uploads\/2023\/12\/ProfDrRalfHoecker.jpg","url2x":"https:\/\/www.hoecker.eu\/blog\/wp-content\/uploads\/2023\/12\/ProfDrRalfHoecker.jpg"},"0":null,"1":"","2":"","3":"","4":"","5":"","6":"","7":"","8":"","9":"","10":"","11":""}],"_links":{"self":[{"href":"https:\/\/www.hoecker.eu\/blog\/wp-json\/wp\/v2\/posts\/8202","targetHints":{"allow":["GET"]}}],"collection":[{"href":"https:\/\/www.hoecker.eu\/blog\/wp-json\/wp\/v2\/posts"}],"about":[{"href":"https:\/\/www.hoecker.eu\/blog\/wp-json\/wp\/v2\/types\/post"}],"author":[{"embeddable":true,"href":"https:\/\/www.hoecker.eu\/blog\/wp-json\/wp\/v2\/users\/1"}],"replies":[{"embeddable":true,"href":"https:\/\/www.hoecker.eu\/blog\/wp-json\/wp\/v2\/comments?post=8202"}],"version-history":[{"count":1,"href":"https:\/\/www.hoecker.eu\/blog\/wp-json\/wp\/v2\/posts\/8202\/revisions"}],"predecessor-version":[{"id":9324,"href":"https:\/\/www.hoecker.eu\/blog\/wp-json\/wp\/v2\/posts\/8202\/revisions\/9324"}],"wp:attachment":[{"href":"https:\/\/www.hoecker.eu\/blog\/wp-json\/wp\/v2\/media?parent=8202"}],"wp:term":[{"taxonomy":"category","embeddable":true,"href":"https:\/\/www.hoecker.eu\/blog\/wp-json\/wp\/v2\/categories?post=8202"},{"taxonomy":"post_tag","embeddable":true,"href":"https:\/\/www.hoecker.eu\/blog\/wp-json\/wp\/v2\/tags?post=8202"},{"taxonomy":"hashtags","embeddable":true,"href":"https:\/\/www.hoecker.eu\/blog\/wp-json\/wp\/v2\/hashtags?post=8202"},{"taxonomy":"author","embeddable":true,"href":"https:\/\/www.hoecker.eu\/blog\/wp-json\/wp\/v2\/ppma_author?post=8202"}],"curies":[{"name":"wp","href":"https:\/\/api.w.org\/{rel}","templated":true}]}}