{"id":8199,"date":"2022-08-16T08:59:00","date_gmt":"2022-08-16T06:59:00","guid":{"rendered":"https:\/\/www.hoecker.eu\/blog\/interview-mit-ralf-hoecker-zum-thema-cancel-culture-in-der-nzz\/"},"modified":"2025-02-17T14:54:02","modified_gmt":"2025-02-17T13:54:02","slug":"interview-mit-ralf-hoecker-zum-thema-cancel-culture-in-der-nzz","status":"publish","type":"post","link":"https:\/\/www.hoecker.eu\/blog\/interview-mit-ralf-hoecker-zum-thema-cancel-culture-in-der-nzz\/","title":{"rendered":"Interview mit Ralf H\u00f6cker zum Thema &#8220;Cancel Culture&#8221; in der NZZ"},"content":{"rendered":"<p>Ralf H\u00f6cker im Interview mit der Neuen Z\u00fcrcher Zeitung zu aktuellen Themen, wie<\/p>\n<\/p>\n<ul>\n<li>Cancel Aktivismus<\/li>\n<li>Verteidigungsstrategien f\u00fcr Betroffene<\/li>\n<li>den Schweizer Konzertabbruch wegen einer Rasta-Frisur<\/li>\n<li>den Fall Prof. Paul Cullen &amp; die Abtreibungs-Diskussion<\/li>\n<li>den Fall Marie-Luise Vollrecht &amp; und die Gender-Diskussion<\/li>\n<li>Scheinriesen aus der Puppenkiste<\/li>\n<li>den Unterschied zwischen Canceln und juristischem Vorgehen<\/li>\n<li>die Integration von Menschen mit extremen Gesinnungen in der Gesellschaft<\/li>\n<li>Sagbares \/ Unsagbares &amp; Satirefreiheit.<\/li>\n<\/ul>\n<p>Danke an Frau Birgit Schmid und die NZZ-Redaktion f\u00fcr ihr Interesse.<\/p>\n<\/p>\n<p>Viel Spa\u00df beim Lesen! Zum Interview: <a href=\"https:\/\/www.nzz.ch\/feuilleton\/cancel-culture-medienanwalt-ralf-hoeckers-verteidigungsstrategien-ld.1697620\" target=\"_blank\" rel=\"noreferrer noopener\">https:\/\/www.nzz.ch\/feuilleton\/cancel-culture-medienanwalt-ralf-hoeckers-verteidigungsstrategien-ld.1697620<\/a><\/p>\n","protected":false},"excerpt":{"rendered":"<p>Ralf H\u00f6cker im Interview mit der Neuen Z\u00fcrcher Zeitung zu aktuellen Themen, wie Cancel Aktivismus Verteidigungsstrategien f\u00fcr Betroffene den Schweizer Konzertabbruch wegen einer Rasta-Frisur den Fall Prof. Paul Cullen &amp; die Abtreibungs-Diskussion den Fall Marie-Luise Vollrecht &amp; und die Gender-Diskussion Scheinriesen aus der Puppenkiste den Unterschied zwischen Canceln und juristischem Vorgehen die Integration von Menschen [&hellip;]<\/p>\n","protected":false},"author":1,"featured_media":0,"comment_status":"closed","ping_status":"closed","sticky":false,"template":"","format":"standard","meta":{"_has_post_settings":[],"footnotes":""},"categories":[15],"tags":[],"hashtags":[],"ppma_author":[84],"class_list":["post-8199","post","type-post","status-publish","format-standard","hentry","category-news","author-hoecker_adm"],"yoast_head":"<!-- This site is optimized with the Yoast SEO Premium plugin v25.9 (Yoast SEO v27.0) - https:\/\/yoast.com\/product\/yoast-seo-premium-wordpress\/ -->\n<title>Interview mit Ralf H\u00f6cker zum Thema &quot;Cancel Culture&quot; in der NZZ - H\u00d6CKER - der Blog<\/title>\n<meta name=\"robots\" content=\"index, follow, max-snippet:-1, max-image-preview:large, max-video-preview:-1\" \/>\n<link rel=\"canonical\" href=\"https:\/\/www.hoecker.eu\/blog\/interview-mit-ralf-hoecker-zum-thema-cancel-culture-in-der-nzz\/\" \/>\n<meta property=\"og:locale\" content=\"de_DE\" \/>\n<meta property=\"og:type\" content=\"article\" \/>\n<meta property=\"og:title\" content=\"Interview mit Ralf H\u00f6cker zum Thema &quot;Cancel Culture&quot; in der NZZ\" \/>\n<meta property=\"og:description\" content=\"Ralf H\u00f6cker im Interview mit der Neuen Z\u00fcrcher Zeitung zu aktuellen Themen, wie Cancel Aktivismus Verteidigungsstrategien f\u00fcr Betroffene den Schweizer Konzertabbruch wegen einer Rasta-Frisur den Fall Prof. Paul Cullen &amp; die Abtreibungs-Diskussion den Fall Marie-Luise Vollrecht &amp; und die Gender-Diskussion Scheinriesen aus der Puppenkiste den Unterschied zwischen Canceln und juristischem Vorgehen die Integration von Menschen [&hellip;]\" \/>\n<meta property=\"og:url\" content=\"https:\/\/www.hoecker.eu\/blog\/interview-mit-ralf-hoecker-zum-thema-cancel-culture-in-der-nzz\/\" \/>\n<meta property=\"og:site_name\" content=\"H\u00d6CKER - der Blog\" \/>\n<meta property=\"article:publisher\" content=\"https:\/\/www.facebook.com\/HoeckerRAe\/\" \/>\n<meta property=\"article:author\" content=\"https:\/\/www.facebook.com\/ralf.hoecker\" \/>\n<meta property=\"article:published_time\" content=\"2022-08-16T06:59:00+00:00\" \/>\n<meta property=\"article:modified_time\" content=\"2025-02-17T13:54:02+00:00\" \/>\n<meta name=\"author\" content=\"Prof. Dr. Ralf H\u00f6cker\" \/>\n<meta name=\"twitter:card\" content=\"summary_large_image\" \/>\n<meta name=\"twitter:creator\" content=\"@Ralf_Hoecker\" \/>\n<meta name=\"twitter:site\" content=\"@hoecker_rae\" \/>\n<meta name=\"twitter:label1\" content=\"Verfasst von\" \/>\n\t<meta name=\"twitter:data1\" content=\"Prof. Dr. Ralf H\u00f6cker\" \/>\n<script type=\"application\/ld+json\" class=\"yoast-schema-graph\">{\"@context\":\"https:\/\/schema.org\",\"@graph\":[{\"@type\":\"Article\",\"@id\":\"https:\/\/www.hoecker.eu\/blog\/interview-mit-ralf-hoecker-zum-thema-cancel-culture-in-der-nzz\/#article\",\"isPartOf\":{\"@id\":\"https:\/\/www.hoecker.eu\/blog\/interview-mit-ralf-hoecker-zum-thema-cancel-culture-in-der-nzz\/\"},\"author\":{\"name\":\"Prof. Dr. Ralf H\u00f6cker\",\"@id\":\"https:\/\/www.hoecker.eu\/blog\/#\/schema\/person\/08f95581eed0534eccd0b2438f7a1cab\"},\"headline\":\"Interview mit Ralf H\u00f6cker zum Thema &#8220;Cancel Culture&#8221; in der NZZ\",\"datePublished\":\"2022-08-16T06:59:00+00:00\",\"dateModified\":\"2025-02-17T13:54:02+00:00\",\"mainEntityOfPage\":{\"@id\":\"https:\/\/www.hoecker.eu\/blog\/interview-mit-ralf-hoecker-zum-thema-cancel-culture-in-der-nzz\/\"},\"wordCount\":104,\"publisher\":{\"@id\":\"https:\/\/www.hoecker.eu\/blog\/#organization\"},\"articleSection\":[\"News\"],\"inLanguage\":\"de\"},{\"@type\":\"WebPage\",\"@id\":\"https:\/\/www.hoecker.eu\/blog\/interview-mit-ralf-hoecker-zum-thema-cancel-culture-in-der-nzz\/\",\"url\":\"https:\/\/www.hoecker.eu\/blog\/interview-mit-ralf-hoecker-zum-thema-cancel-culture-in-der-nzz\/\",\"name\":\"Interview mit Ralf H\u00f6cker zum Thema \\\"Cancel Culture\\\" in der NZZ - H\u00d6CKER - der Blog\",\"isPartOf\":{\"@id\":\"https:\/\/www.hoecker.eu\/blog\/#website\"},\"datePublished\":\"2022-08-16T06:59:00+00:00\",\"dateModified\":\"2025-02-17T13:54:02+00:00\",\"breadcrumb\":{\"@id\":\"https:\/\/www.hoecker.eu\/blog\/interview-mit-ralf-hoecker-zum-thema-cancel-culture-in-der-nzz\/#breadcrumb\"},\"inLanguage\":\"de\",\"potentialAction\":[{\"@type\":\"ReadAction\",\"target\":[\"https:\/\/www.hoecker.eu\/blog\/interview-mit-ralf-hoecker-zum-thema-cancel-culture-in-der-nzz\/\"]}]},{\"@type\":\"BreadcrumbList\",\"@id\":\"https:\/\/www.hoecker.eu\/blog\/interview-mit-ralf-hoecker-zum-thema-cancel-culture-in-der-nzz\/#breadcrumb\",\"itemListElement\":[{\"@type\":\"ListItem\",\"position\":1,\"name\":\"Startseite\",\"item\":\"https:\/\/dev.hoecker.eu\/blog\/\"},{\"@type\":\"ListItem\",\"position\":2,\"name\":\"Interview mit Ralf H\u00f6cker zum Thema &#8220;Cancel Culture&#8221; in der NZZ\"}]},{\"@type\":\"WebSite\",\"@id\":\"https:\/\/www.hoecker.eu\/blog\/#website\",\"url\":\"https:\/\/www.hoecker.eu\/blog\/\",\"name\":\"H\u00d6CKER - der Blog\",\"description\":\"Expertenblog f\u00fcr \u00c4u\u00dferungs-, Medien-, Marken-, Urheber- und Wettbewerbsrecht.\",\"publisher\":{\"@id\":\"https:\/\/www.hoecker.eu\/blog\/#organization\"},\"potentialAction\":[{\"@type\":\"SearchAction\",\"target\":{\"@type\":\"EntryPoint\",\"urlTemplate\":\"https:\/\/www.hoecker.eu\/blog\/?s={search_term_string}\"},\"query-input\":{\"@type\":\"PropertyValueSpecification\",\"valueRequired\":true,\"valueName\":\"search_term_string\"}}],\"inLanguage\":\"de\"},{\"@type\":\"Organization\",\"@id\":\"https:\/\/www.hoecker.eu\/blog\/#organization\",\"name\":\"H\u00d6CKER Rechtsanw\u00e4lte PartGmbB\",\"alternateName\":\"H\u00d6CKER\",\"url\":\"https:\/\/www.hoecker.eu\/blog\/\",\"logo\":{\"@type\":\"ImageObject\",\"inLanguage\":\"de\",\"@id\":\"https:\/\/www.hoecker.eu\/blog\/#\/schema\/logo\/image\/\",\"url\":\"https:\/\/www.hoecker.eu\/blog\/wp-content\/uploads\/2025\/03\/Blog-Logo.webp\",\"contentUrl\":\"https:\/\/www.hoecker.eu\/blog\/wp-content\/uploads\/2025\/03\/Blog-Logo.webp\",\"width\":500,\"height\":500,\"caption\":\"H\u00d6CKER Rechtsanw\u00e4lte PartGmbB\"},\"image\":{\"@id\":\"https:\/\/www.hoecker.eu\/blog\/#\/schema\/logo\/image\/\"},\"sameAs\":[\"https:\/\/www.facebook.com\/HoeckerRAe\/\",\"https:\/\/x.com\/hoecker_rae\",\"https:\/\/www.linkedin.com\/company\/hcker-rechtsanwlte\/\",\"https:\/\/www.instagram.com\/hoecker_rae\/\"],\"email\":\"contact@hoecker.eu\",\"telephone\":\"+ 49 (0)221-933 19-10\",\"legalName\":\"H\u00d6CKER Rechtsanw\u00e4lte PartGmbB\",\"numberOfEmployees\":{\"@type\":\"QuantitativeValue\",\"minValue\":\"11\",\"maxValue\":\"50\"}},{\"@type\":\"Person\",\"@id\":\"https:\/\/www.hoecker.eu\/blog\/#\/schema\/person\/08f95581eed0534eccd0b2438f7a1cab\",\"name\":\"Prof. Dr. Ralf H\u00f6cker\",\"description\":\"Medienanwalt. Besch\u00fctzer vor mieser Presse\",\"sameAs\":[\"https:\/\/www.hoecker.eu\/wer\/prof-dr-ralf-hoecker\",\"https:\/\/www.facebook.com\/ralf.hoecker\",\"https:\/\/www.linkedin.com\/in\/prof-dr-ralf-hcker-ll-m-london-17987826\/\",\"https:\/\/x.com\/Ralf_Hoecker\"],\"url\":\"https:\/\/www.hoecker.eu\/blog\/author\/hoecker_adm\/\"}]}<\/script>\n<!-- \/ Yoast SEO Premium plugin. -->","yoast_head_json":{"title":"Interview mit Ralf H\u00f6cker zum Thema \"Cancel Culture\" in der NZZ - H\u00d6CKER - der Blog","robots":{"index":"index","follow":"follow","max-snippet":"max-snippet:-1","max-image-preview":"max-image-preview:large","max-video-preview":"max-video-preview:-1"},"canonical":"https:\/\/www.hoecker.eu\/blog\/interview-mit-ralf-hoecker-zum-thema-cancel-culture-in-der-nzz\/","og_locale":"de_DE","og_type":"article","og_title":"Interview mit Ralf H\u00f6cker zum Thema \"Cancel Culture\" in der NZZ","og_description":"Ralf H\u00f6cker im Interview mit der Neuen Z\u00fcrcher Zeitung zu aktuellen Themen, wie Cancel Aktivismus Verteidigungsstrategien f\u00fcr Betroffene den Schweizer Konzertabbruch wegen einer Rasta-Frisur den Fall Prof. Paul Cullen &amp; die Abtreibungs-Diskussion den Fall Marie-Luise Vollrecht &amp; und die Gender-Diskussion Scheinriesen aus der Puppenkiste den Unterschied zwischen Canceln und juristischem Vorgehen die Integration von Menschen [&hellip;]","og_url":"https:\/\/www.hoecker.eu\/blog\/interview-mit-ralf-hoecker-zum-thema-cancel-culture-in-der-nzz\/","og_site_name":"H\u00d6CKER - der Blog","article_publisher":"https:\/\/www.facebook.com\/HoeckerRAe\/","article_author":"https:\/\/www.facebook.com\/ralf.hoecker","article_published_time":"2022-08-16T06:59:00+00:00","article_modified_time":"2025-02-17T13:54:02+00:00","author":"Prof. Dr. Ralf H\u00f6cker","twitter_card":"summary_large_image","twitter_creator":"@Ralf_Hoecker","twitter_site":"@hoecker_rae","twitter_misc":{"Verfasst von":"Prof. Dr. Ralf H\u00f6cker"},"schema":{"@context":"https:\/\/schema.org","@graph":[{"@type":"Article","@id":"https:\/\/www.hoecker.eu\/blog\/interview-mit-ralf-hoecker-zum-thema-cancel-culture-in-der-nzz\/#article","isPartOf":{"@id":"https:\/\/www.hoecker.eu\/blog\/interview-mit-ralf-hoecker-zum-thema-cancel-culture-in-der-nzz\/"},"author":{"name":"Prof. Dr. Ralf H\u00f6cker","@id":"https:\/\/www.hoecker.eu\/blog\/#\/schema\/person\/08f95581eed0534eccd0b2438f7a1cab"},"headline":"Interview mit Ralf H\u00f6cker zum Thema &#8220;Cancel Culture&#8221; in der NZZ","datePublished":"2022-08-16T06:59:00+00:00","dateModified":"2025-02-17T13:54:02+00:00","mainEntityOfPage":{"@id":"https:\/\/www.hoecker.eu\/blog\/interview-mit-ralf-hoecker-zum-thema-cancel-culture-in-der-nzz\/"},"wordCount":104,"publisher":{"@id":"https:\/\/www.hoecker.eu\/blog\/#organization"},"articleSection":["News"],"inLanguage":"de"},{"@type":"WebPage","@id":"https:\/\/www.hoecker.eu\/blog\/interview-mit-ralf-hoecker-zum-thema-cancel-culture-in-der-nzz\/","url":"https:\/\/www.hoecker.eu\/blog\/interview-mit-ralf-hoecker-zum-thema-cancel-culture-in-der-nzz\/","name":"Interview mit Ralf H\u00f6cker zum Thema \"Cancel Culture\" in der NZZ - H\u00d6CKER - der Blog","isPartOf":{"@id":"https:\/\/www.hoecker.eu\/blog\/#website"},"datePublished":"2022-08-16T06:59:00+00:00","dateModified":"2025-02-17T13:54:02+00:00","breadcrumb":{"@id":"https:\/\/www.hoecker.eu\/blog\/interview-mit-ralf-hoecker-zum-thema-cancel-culture-in-der-nzz\/#breadcrumb"},"inLanguage":"de","potentialAction":[{"@type":"ReadAction","target":["https:\/\/www.hoecker.eu\/blog\/interview-mit-ralf-hoecker-zum-thema-cancel-culture-in-der-nzz\/"]}]},{"@type":"BreadcrumbList","@id":"https:\/\/www.hoecker.eu\/blog\/interview-mit-ralf-hoecker-zum-thema-cancel-culture-in-der-nzz\/#breadcrumb","itemListElement":[{"@type":"ListItem","position":1,"name":"Startseite","item":"https:\/\/dev.hoecker.eu\/blog\/"},{"@type":"ListItem","position":2,"name":"Interview mit Ralf H\u00f6cker zum Thema &#8220;Cancel Culture&#8221; in der NZZ"}]},{"@type":"WebSite","@id":"https:\/\/www.hoecker.eu\/blog\/#website","url":"https:\/\/www.hoecker.eu\/blog\/","name":"H\u00d6CKER - der Blog","description":"Expertenblog f\u00fcr \u00c4u\u00dferungs-, Medien-, Marken-, Urheber- und Wettbewerbsrecht.","publisher":{"@id":"https:\/\/www.hoecker.eu\/blog\/#organization"},"potentialAction":[{"@type":"SearchAction","target":{"@type":"EntryPoint","urlTemplate":"https:\/\/www.hoecker.eu\/blog\/?s={search_term_string}"},"query-input":{"@type":"PropertyValueSpecification","valueRequired":true,"valueName":"search_term_string"}}],"inLanguage":"de"},{"@type":"Organization","@id":"https:\/\/www.hoecker.eu\/blog\/#organization","name":"H\u00d6CKER Rechtsanw\u00e4lte PartGmbB","alternateName":"H\u00d6CKER","url":"https:\/\/www.hoecker.eu\/blog\/","logo":{"@type":"ImageObject","inLanguage":"de","@id":"https:\/\/www.hoecker.eu\/blog\/#\/schema\/logo\/image\/","url":"https:\/\/www.hoecker.eu\/blog\/wp-content\/uploads\/2025\/03\/Blog-Logo.webp","contentUrl":"https:\/\/www.hoecker.eu\/blog\/wp-content\/uploads\/2025\/03\/Blog-Logo.webp","width":500,"height":500,"caption":"H\u00d6CKER Rechtsanw\u00e4lte PartGmbB"},"image":{"@id":"https:\/\/www.hoecker.eu\/blog\/#\/schema\/logo\/image\/"},"sameAs":["https:\/\/www.facebook.com\/HoeckerRAe\/","https:\/\/x.com\/hoecker_rae","https:\/\/www.linkedin.com\/company\/hcker-rechtsanwlte\/","https:\/\/www.instagram.com\/hoecker_rae\/"],"email":"contact@hoecker.eu","telephone":"+ 49 (0)221-933 19-10","legalName":"H\u00d6CKER Rechtsanw\u00e4lte PartGmbB","numberOfEmployees":{"@type":"QuantitativeValue","minValue":"11","maxValue":"50"}},{"@type":"Person","@id":"https:\/\/www.hoecker.eu\/blog\/#\/schema\/person\/08f95581eed0534eccd0b2438f7a1cab","name":"Prof. Dr. Ralf H\u00f6cker","description":"Medienanwalt. Besch\u00fctzer vor mieser Presse","sameAs":["https:\/\/www.hoecker.eu\/wer\/prof-dr-ralf-hoecker","https:\/\/www.facebook.com\/ralf.hoecker","https:\/\/www.linkedin.com\/in\/prof-dr-ralf-hcker-ll-m-london-17987826\/","https:\/\/x.com\/Ralf_Hoecker"],"url":"https:\/\/www.hoecker.eu\/blog\/author\/hoecker_adm\/"}]}},"authors":[{"term_id":84,"user_id":1,"is_guest":0,"slug":"hoecker_adm","display_name":"Prof. Dr. Ralf H\u00f6cker","avatar_url":{"url":"https:\/\/www.hoecker.eu\/blog\/wp-content\/uploads\/2023\/12\/ProfDrRalfHoecker.jpg","url2x":"https:\/\/www.hoecker.eu\/blog\/wp-content\/uploads\/2023\/12\/ProfDrRalfHoecker.jpg"},"0":null,"1":"","2":"","3":"","4":"","5":"","6":"","7":"","8":"","9":"","10":"","11":""}],"_links":{"self":[{"href":"https:\/\/www.hoecker.eu\/blog\/wp-json\/wp\/v2\/posts\/8199","targetHints":{"allow":["GET"]}}],"collection":[{"href":"https:\/\/www.hoecker.eu\/blog\/wp-json\/wp\/v2\/posts"}],"about":[{"href":"https:\/\/www.hoecker.eu\/blog\/wp-json\/wp\/v2\/types\/post"}],"author":[{"embeddable":true,"href":"https:\/\/www.hoecker.eu\/blog\/wp-json\/wp\/v2\/users\/1"}],"replies":[{"embeddable":true,"href":"https:\/\/www.hoecker.eu\/blog\/wp-json\/wp\/v2\/comments?post=8199"}],"version-history":[{"count":1,"href":"https:\/\/www.hoecker.eu\/blog\/wp-json\/wp\/v2\/posts\/8199\/revisions"}],"predecessor-version":[{"id":9321,"href":"https:\/\/www.hoecker.eu\/blog\/wp-json\/wp\/v2\/posts\/8199\/revisions\/9321"}],"wp:attachment":[{"href":"https:\/\/www.hoecker.eu\/blog\/wp-json\/wp\/v2\/media?parent=8199"}],"wp:term":[{"taxonomy":"category","embeddable":true,"href":"https:\/\/www.hoecker.eu\/blog\/wp-json\/wp\/v2\/categories?post=8199"},{"taxonomy":"post_tag","embeddable":true,"href":"https:\/\/www.hoecker.eu\/blog\/wp-json\/wp\/v2\/tags?post=8199"},{"taxonomy":"hashtags","embeddable":true,"href":"https:\/\/www.hoecker.eu\/blog\/wp-json\/wp\/v2\/hashtags?post=8199"},{"taxonomy":"author","embeddable":true,"href":"https:\/\/www.hoecker.eu\/blog\/wp-json\/wp\/v2\/ppma_author?post=8199"}],"curies":[{"name":"wp","href":"https:\/\/api.w.org\/{rel}","templated":true}]}}