{"id":8197,"date":"2022-08-24T15:54:00","date_gmt":"2022-08-24T13:54:00","guid":{"rendered":"https:\/\/www.hoecker.eu\/blog\/kirchenrechtler-distanziert-sich-in-eidesstattlicher-versicherung-von-bild-berichterstattung-vom-05-07-2022-verfahren-des-herrn-kardinal-woelki-gegen-prof-schueller-daher-beendet\/"},"modified":"2025-02-17T14:54:01","modified_gmt":"2025-02-17T13:54:01","slug":"kirchenrechtler-distanziert-sich-in-eidesstattlicher-versicherung-von-bild-berichterstattung-vom-05-07-2022-verfahren-des-herrn-kardinal-woelki-gegen-prof-schueller-daher-beendet","status":"publish","type":"post","link":"https:\/\/www.hoecker.eu\/blog\/kirchenrechtler-distanziert-sich-in-eidesstattlicher-versicherung-von-bild-berichterstattung-vom-05-07-2022-verfahren-des-herrn-kardinal-woelki-gegen-prof-schueller-daher-beendet\/","title":{"rendered":"Kirchenrechtler distanziert sich in eidesstattlicher Versicherung von BILD-Berichterstattung vom 05.07.2022 &#8211; Verfahren des Herrn Kardinal Woelki gegen Prof. Sch\u00fcller daher beendet"},"content":{"rendered":"<p>Kardinal Rainer Maria Woelki hat den Kirchenrechtler Prof. Sch\u00fcller aus M\u00fcnster vor dem Landgericht K\u00f6ln wegen der BILD-Berichterstattung vom 05.07.2022 in einem einstweiligen Verf\u00fcgungsverfahren auf Unterlassung in Anspruch genommen. BILD hatte am 05.07.2022 berichtet, dass Prof. Sch\u00fcller Herrn Kardinal Woelki unterstellt habe, dass dieser ein Motiv bei einer unterlassenen Meldung im Fall des Priesters Pilz gehabt habe. Die BILD-Mitteilung war best\u00e4tigt durch gerichtlichen Hinweis als Behauptung zu verstehen, dass Kardinal Woelki sich damit pers\u00f6nlich befasst habe, ob eine unter Kardinal Meisner unterlassene Meldung im Fall Pilz an das Bistum Dresden-Mei\u00dfen h\u00e4tte nachgeholt werden m\u00fcssen und er sich pers\u00f6nlich dagegen entschieden habe.<\/p>\n<p>Da zun\u00e4chst an der Richtigkeit der BILD-Berichterstattung, Prof. Sch\u00fcller habe sich wie berichtet zu Kardinal Woelki ge\u00e4u\u00dfert, kein Zweifel bestand, wurde ein gerichtliches Verfahren gegen Prof. Sch\u00fcller eingeleitet. Kardinal Woelki wehrte sich dagegen, dass Prof. Sch\u00fcller ausweislich der BILD-Berichterstattung eine eigene Befassung des Herrn Kardinal Woelki mit der unter Meisner vers\u00e4umten Nachmeldung und eine eigene Entscheidung gegen eine solche Befassung behauptet hatte. Herr Kardinal Woelki hat eidesstattlich versichert, dass er sich mit der Frage, ob eine Nachmeldung erfolgt, gar nicht befasst hat und sich erst Recht nicht gegen eine Nachmeldung entschieden hat. Kardinal Woelki legt Wert auf die Feststellung, dass ihm gar nicht bekannt war, dass unter Kardinal Meisner eine Meldung vers\u00e4umt wurde, so dass er gar keinen Anlass hatte, dazu Entscheidungen zu treffen. <\/p>\n<p>Prof. Sch\u00fcller hat nun im gerichtlichen Verfahren vor dem Landgericht K\u00f6ln eine eidesstattliche Versicherung abgegeben und erkl\u00e4rt, dass er sich entgegen der Darstellung der BILD-Zeitung gar nicht zu einem angeblichen Motiv von Kardinal Woelki ge\u00e4u\u00dfert hat. Herr Prof. Sch\u00fcller hat damit best\u00e4tigt, dass er entgegen der BILD-Berichterstattung gar nicht behauptet hat, Kardinal Woelki habe sich pers\u00f6nlich mit der Frage der Nachholung der Information befasst und sich dagegen entschieden. <\/p>\n<p>Da sich Herr Prof. Sch\u00fcller ausweislich seiner eidesstattlichen Versicherung nicht so ge\u00e4u\u00dfert hat, wie die BILD dies verbreitet hat, hat sich der Anlass f\u00fcr das Vorgehen gegen Prof. Sch\u00fcller erledigt. Kardinal Woelki hat den Antrag auf Erlass einer einstweiligen Verf\u00fcgung daher zur\u00fccknehmen lassen. <\/p>\n<p>Seine Unterlassungsanspr\u00fcche gegen\u00fcber der Verlegerin der BILD-Zeitung (Axel Springer SE) und gegen deren Autor Nikolaus Harbusch verfolgt Herr Kardinal Woelki dagegen weiter. Er h\u00e4lt Unterlassungsanspr\u00fcche gegen die BILD-Berichterstattung auch deshalb aufrecht, weil Prof. Sch\u00fcller nun eidesstattlich best\u00e4tigt, dass die BILD seine Aussagen in einen Kontext gestellt hat, in dem er sich niemals ge\u00e4u\u00dfert habe. Daher macht Herr Kardinal Woelki Unterlassungsanspr\u00fcche gegen BILD auch wegen der Falschbehauptung geltend, Prof. Sch\u00fcller habe sich zu einem eigenen Motiv Woelkis und damit einer eigenen Befassung mit einer Nachmeldung im Fall Pilz besch\u00e4ftigt. <\/p>\n<p>Dr. Carsten Brennecke: \u201eUnterstellt man die eidesstattliche Versicherung von Prof. Sch\u00fcller als richtig, dann hat die BILD falsch berichtet. Es steht der Verdacht im Raum, dass der BILD-Autor Nikolaus Harbusch Prof. Sch\u00fcller einfach die von ihm niemals gemachte Aussage untergeschoben hat, er habe ein Motiv Woelkis behauptet. Nikolaus Harbusch hat von uns Gelegenheit bekommen, zu erkl\u00e4ren, wie es dazu kommen konnte. So gro\u00df Harbusch darin ist, in Presseanfragen von Dritten Aufkl\u00e4rung einzufordern, so klein ist er, wenn ihn eine Anfrage nach Transparenz in eigener Sache erreicht: Er l\u00e4sst durch einen Unternehmenssprecher schmallippig ausrichten, die Berichterstattung sei rechtm\u00e4\u00dfig \u2026\u201c<\/p>\n","protected":false},"excerpt":{"rendered":"<p>Kardinal Rainer Maria Woelki hat den Kirchenrechtler Prof. Sch\u00fcller aus M\u00fcnster vor dem Landgericht K\u00f6ln wegen der BILD-Berichterstattung vom 05.07.2022 in einem einstweiligen Verf\u00fcgungsverfahren auf Unterlassung in Anspruch genommen. BILD hatte am 05.07.2022 berichtet, dass Prof. Sch\u00fcller Herrn Kardinal Woelki unterstellt habe, dass dieser ein Motiv bei einer unterlassenen Meldung im Fall des Priesters Pilz [&hellip;]<\/p>\n","protected":false},"author":1,"featured_media":0,"comment_status":"closed","ping_status":"closed","sticky":false,"template":"","format":"standard","meta":{"_has_post_settings":[],"footnotes":""},"categories":[15],"tags":[],"hashtags":[],"ppma_author":[84],"class_list":["post-8197","post","type-post","status-publish","format-standard","hentry","category-news","author-hoecker_adm"],"yoast_head":"<!-- This site is optimized with the Yoast SEO Premium plugin v25.9 (Yoast SEO v27.0) - https:\/\/yoast.com\/product\/yoast-seo-premium-wordpress\/ -->\n<title>Kirchenrechtler distanziert sich in eidesstattlicher Versicherung von BILD-Berichterstattung vom 05.07.2022 - Verfahren des Herrn Kardinal Woelki gegen Prof. Sch\u00fcller daher beendet - H\u00d6CKER - der Blog<\/title>\n<meta name=\"robots\" content=\"index, follow, max-snippet:-1, max-image-preview:large, max-video-preview:-1\" \/>\n<link rel=\"canonical\" href=\"https:\/\/www.hoecker.eu\/blog\/kirchenrechtler-distanziert-sich-in-eidesstattlicher-versicherung-von-bild-berichterstattung-vom-05-07-2022-verfahren-des-herrn-kardinal-woelki-gegen-prof-schueller-daher-beendet\/\" \/>\n<meta property=\"og:locale\" content=\"de_DE\" \/>\n<meta property=\"og:type\" content=\"article\" \/>\n<meta property=\"og:title\" content=\"Kirchenrechtler distanziert sich in eidesstattlicher Versicherung von BILD-Berichterstattung vom 05.07.2022 - Verfahren des Herrn Kardinal Woelki gegen Prof. Sch\u00fcller daher beendet\" \/>\n<meta property=\"og:description\" content=\"Kardinal Rainer Maria Woelki hat den Kirchenrechtler Prof. Sch\u00fcller aus M\u00fcnster vor dem Landgericht K\u00f6ln wegen der BILD-Berichterstattung vom 05.07.2022 in einem einstweiligen Verf\u00fcgungsverfahren auf Unterlassung in Anspruch genommen. BILD hatte am 05.07.2022 berichtet, dass Prof. Sch\u00fcller Herrn Kardinal Woelki unterstellt habe, dass dieser ein Motiv bei einer unterlassenen Meldung im Fall des Priesters Pilz [&hellip;]\" \/>\n<meta property=\"og:url\" content=\"https:\/\/www.hoecker.eu\/blog\/kirchenrechtler-distanziert-sich-in-eidesstattlicher-versicherung-von-bild-berichterstattung-vom-05-07-2022-verfahren-des-herrn-kardinal-woelki-gegen-prof-schueller-daher-beendet\/\" \/>\n<meta property=\"og:site_name\" content=\"H\u00d6CKER - der Blog\" \/>\n<meta property=\"article:publisher\" content=\"https:\/\/www.facebook.com\/HoeckerRAe\/\" \/>\n<meta property=\"article:author\" content=\"https:\/\/www.facebook.com\/ralf.hoecker\" \/>\n<meta property=\"article:published_time\" content=\"2022-08-24T13:54:00+00:00\" \/>\n<meta property=\"article:modified_time\" content=\"2025-02-17T13:54:01+00:00\" \/>\n<meta name=\"author\" content=\"Prof. Dr. Ralf H\u00f6cker\" \/>\n<meta name=\"twitter:card\" content=\"summary_large_image\" \/>\n<meta name=\"twitter:creator\" content=\"@Ralf_Hoecker\" \/>\n<meta name=\"twitter:site\" content=\"@hoecker_rae\" \/>\n<meta name=\"twitter:label1\" content=\"Verfasst von\" \/>\n\t<meta name=\"twitter:data1\" content=\"Prof. Dr. Ralf H\u00f6cker\" \/>\n\t<meta name=\"twitter:label2\" content=\"Gesch\u00e4tzte Lesezeit\" \/>\n\t<meta name=\"twitter:data2\" content=\"3\u00a0Minuten\" \/>\n<script type=\"application\/ld+json\" class=\"yoast-schema-graph\">{\"@context\":\"https:\/\/schema.org\",\"@graph\":[{\"@type\":\"Article\",\"@id\":\"https:\/\/www.hoecker.eu\/blog\/kirchenrechtler-distanziert-sich-in-eidesstattlicher-versicherung-von-bild-berichterstattung-vom-05-07-2022-verfahren-des-herrn-kardinal-woelki-gegen-prof-schueller-daher-beendet\/#article\",\"isPartOf\":{\"@id\":\"https:\/\/www.hoecker.eu\/blog\/kirchenrechtler-distanziert-sich-in-eidesstattlicher-versicherung-von-bild-berichterstattung-vom-05-07-2022-verfahren-des-herrn-kardinal-woelki-gegen-prof-schueller-daher-beendet\/\"},\"author\":{\"name\":\"Prof. Dr. Ralf H\u00f6cker\",\"@id\":\"https:\/\/www.hoecker.eu\/blog\/#\/schema\/person\/08f95581eed0534eccd0b2438f7a1cab\"},\"headline\":\"Kirchenrechtler distanziert sich in eidesstattlicher Versicherung von BILD-Berichterstattung vom 05.07.2022 &#8211; Verfahren des Herrn Kardinal Woelki gegen Prof. Sch\u00fcller daher beendet\",\"datePublished\":\"2022-08-24T13:54:00+00:00\",\"dateModified\":\"2025-02-17T13:54:01+00:00\",\"mainEntityOfPage\":{\"@id\":\"https:\/\/www.hoecker.eu\/blog\/kirchenrechtler-distanziert-sich-in-eidesstattlicher-versicherung-von-bild-berichterstattung-vom-05-07-2022-verfahren-des-herrn-kardinal-woelki-gegen-prof-schueller-daher-beendet\/\"},\"wordCount\":591,\"publisher\":{\"@id\":\"https:\/\/www.hoecker.eu\/blog\/#organization\"},\"articleSection\":[\"News\"],\"inLanguage\":\"de\"},{\"@type\":\"WebPage\",\"@id\":\"https:\/\/www.hoecker.eu\/blog\/kirchenrechtler-distanziert-sich-in-eidesstattlicher-versicherung-von-bild-berichterstattung-vom-05-07-2022-verfahren-des-herrn-kardinal-woelki-gegen-prof-schueller-daher-beendet\/\",\"url\":\"https:\/\/www.hoecker.eu\/blog\/kirchenrechtler-distanziert-sich-in-eidesstattlicher-versicherung-von-bild-berichterstattung-vom-05-07-2022-verfahren-des-herrn-kardinal-woelki-gegen-prof-schueller-daher-beendet\/\",\"name\":\"Kirchenrechtler distanziert sich in eidesstattlicher Versicherung von BILD-Berichterstattung vom 05.07.2022 - Verfahren des Herrn Kardinal Woelki gegen Prof. Sch\u00fcller daher beendet - H\u00d6CKER - der Blog\",\"isPartOf\":{\"@id\":\"https:\/\/www.hoecker.eu\/blog\/#website\"},\"datePublished\":\"2022-08-24T13:54:00+00:00\",\"dateModified\":\"2025-02-17T13:54:01+00:00\",\"breadcrumb\":{\"@id\":\"https:\/\/www.hoecker.eu\/blog\/kirchenrechtler-distanziert-sich-in-eidesstattlicher-versicherung-von-bild-berichterstattung-vom-05-07-2022-verfahren-des-herrn-kardinal-woelki-gegen-prof-schueller-daher-beendet\/#breadcrumb\"},\"inLanguage\":\"de\",\"potentialAction\":[{\"@type\":\"ReadAction\",\"target\":[\"https:\/\/www.hoecker.eu\/blog\/kirchenrechtler-distanziert-sich-in-eidesstattlicher-versicherung-von-bild-berichterstattung-vom-05-07-2022-verfahren-des-herrn-kardinal-woelki-gegen-prof-schueller-daher-beendet\/\"]}]},{\"@type\":\"BreadcrumbList\",\"@id\":\"https:\/\/www.hoecker.eu\/blog\/kirchenrechtler-distanziert-sich-in-eidesstattlicher-versicherung-von-bild-berichterstattung-vom-05-07-2022-verfahren-des-herrn-kardinal-woelki-gegen-prof-schueller-daher-beendet\/#breadcrumb\",\"itemListElement\":[{\"@type\":\"ListItem\",\"position\":1,\"name\":\"Startseite\",\"item\":\"https:\/\/dev.hoecker.eu\/blog\/\"},{\"@type\":\"ListItem\",\"position\":2,\"name\":\"Kirchenrechtler distanziert sich in eidesstattlicher Versicherung von BILD-Berichterstattung vom 05.07.2022 &#8211; Verfahren des Herrn Kardinal Woelki gegen Prof. Sch\u00fcller daher beendet\"}]},{\"@type\":\"WebSite\",\"@id\":\"https:\/\/www.hoecker.eu\/blog\/#website\",\"url\":\"https:\/\/www.hoecker.eu\/blog\/\",\"name\":\"H\u00d6CKER - der Blog\",\"description\":\"Expertenblog f\u00fcr \u00c4u\u00dferungs-, Medien-, Marken-, Urheber- und Wettbewerbsrecht.\",\"publisher\":{\"@id\":\"https:\/\/www.hoecker.eu\/blog\/#organization\"},\"potentialAction\":[{\"@type\":\"SearchAction\",\"target\":{\"@type\":\"EntryPoint\",\"urlTemplate\":\"https:\/\/www.hoecker.eu\/blog\/?s={search_term_string}\"},\"query-input\":{\"@type\":\"PropertyValueSpecification\",\"valueRequired\":true,\"valueName\":\"search_term_string\"}}],\"inLanguage\":\"de\"},{\"@type\":\"Organization\",\"@id\":\"https:\/\/www.hoecker.eu\/blog\/#organization\",\"name\":\"H\u00d6CKER Rechtsanw\u00e4lte PartGmbB\",\"alternateName\":\"H\u00d6CKER\",\"url\":\"https:\/\/www.hoecker.eu\/blog\/\",\"logo\":{\"@type\":\"ImageObject\",\"inLanguage\":\"de\",\"@id\":\"https:\/\/www.hoecker.eu\/blog\/#\/schema\/logo\/image\/\",\"url\":\"https:\/\/www.hoecker.eu\/blog\/wp-content\/uploads\/2025\/03\/Blog-Logo.webp\",\"contentUrl\":\"https:\/\/www.hoecker.eu\/blog\/wp-content\/uploads\/2025\/03\/Blog-Logo.webp\",\"width\":500,\"height\":500,\"caption\":\"H\u00d6CKER Rechtsanw\u00e4lte PartGmbB\"},\"image\":{\"@id\":\"https:\/\/www.hoecker.eu\/blog\/#\/schema\/logo\/image\/\"},\"sameAs\":[\"https:\/\/www.facebook.com\/HoeckerRAe\/\",\"https:\/\/x.com\/hoecker_rae\",\"https:\/\/www.linkedin.com\/company\/hcker-rechtsanwlte\/\",\"https:\/\/www.instagram.com\/hoecker_rae\/\"],\"email\":\"contact@hoecker.eu\",\"telephone\":\"+ 49 (0)221-933 19-10\",\"legalName\":\"H\u00d6CKER Rechtsanw\u00e4lte PartGmbB\",\"numberOfEmployees\":{\"@type\":\"QuantitativeValue\",\"minValue\":\"11\",\"maxValue\":\"50\"}},{\"@type\":\"Person\",\"@id\":\"https:\/\/www.hoecker.eu\/blog\/#\/schema\/person\/08f95581eed0534eccd0b2438f7a1cab\",\"name\":\"Prof. Dr. Ralf H\u00f6cker\",\"description\":\"Medienanwalt. Besch\u00fctzer vor mieser Presse\",\"sameAs\":[\"https:\/\/www.hoecker.eu\/wer\/prof-dr-ralf-hoecker\",\"https:\/\/www.facebook.com\/ralf.hoecker\",\"https:\/\/www.linkedin.com\/in\/prof-dr-ralf-hcker-ll-m-london-17987826\/\",\"https:\/\/x.com\/Ralf_Hoecker\"],\"url\":\"https:\/\/www.hoecker.eu\/blog\/author\/hoecker_adm\/\"}]}<\/script>\n<!-- \/ Yoast SEO Premium plugin. -->","yoast_head_json":{"title":"Kirchenrechtler distanziert sich in eidesstattlicher Versicherung von BILD-Berichterstattung vom 05.07.2022 - Verfahren des Herrn Kardinal Woelki gegen Prof. Sch\u00fcller daher beendet - H\u00d6CKER - der Blog","robots":{"index":"index","follow":"follow","max-snippet":"max-snippet:-1","max-image-preview":"max-image-preview:large","max-video-preview":"max-video-preview:-1"},"canonical":"https:\/\/www.hoecker.eu\/blog\/kirchenrechtler-distanziert-sich-in-eidesstattlicher-versicherung-von-bild-berichterstattung-vom-05-07-2022-verfahren-des-herrn-kardinal-woelki-gegen-prof-schueller-daher-beendet\/","og_locale":"de_DE","og_type":"article","og_title":"Kirchenrechtler distanziert sich in eidesstattlicher Versicherung von BILD-Berichterstattung vom 05.07.2022 - Verfahren des Herrn Kardinal Woelki gegen Prof. Sch\u00fcller daher beendet","og_description":"Kardinal Rainer Maria Woelki hat den Kirchenrechtler Prof. Sch\u00fcller aus M\u00fcnster vor dem Landgericht K\u00f6ln wegen der BILD-Berichterstattung vom 05.07.2022 in einem einstweiligen Verf\u00fcgungsverfahren auf Unterlassung in Anspruch genommen. BILD hatte am 05.07.2022 berichtet, dass Prof. Sch\u00fcller Herrn Kardinal Woelki unterstellt habe, dass dieser ein Motiv bei einer unterlassenen Meldung im Fall des Priesters Pilz [&hellip;]","og_url":"https:\/\/www.hoecker.eu\/blog\/kirchenrechtler-distanziert-sich-in-eidesstattlicher-versicherung-von-bild-berichterstattung-vom-05-07-2022-verfahren-des-herrn-kardinal-woelki-gegen-prof-schueller-daher-beendet\/","og_site_name":"H\u00d6CKER - der Blog","article_publisher":"https:\/\/www.facebook.com\/HoeckerRAe\/","article_author":"https:\/\/www.facebook.com\/ralf.hoecker","article_published_time":"2022-08-24T13:54:00+00:00","article_modified_time":"2025-02-17T13:54:01+00:00","author":"Prof. Dr. Ralf H\u00f6cker","twitter_card":"summary_large_image","twitter_creator":"@Ralf_Hoecker","twitter_site":"@hoecker_rae","twitter_misc":{"Verfasst von":"Prof. Dr. Ralf H\u00f6cker","Gesch\u00e4tzte Lesezeit":"3\u00a0Minuten"},"schema":{"@context":"https:\/\/schema.org","@graph":[{"@type":"Article","@id":"https:\/\/www.hoecker.eu\/blog\/kirchenrechtler-distanziert-sich-in-eidesstattlicher-versicherung-von-bild-berichterstattung-vom-05-07-2022-verfahren-des-herrn-kardinal-woelki-gegen-prof-schueller-daher-beendet\/#article","isPartOf":{"@id":"https:\/\/www.hoecker.eu\/blog\/kirchenrechtler-distanziert-sich-in-eidesstattlicher-versicherung-von-bild-berichterstattung-vom-05-07-2022-verfahren-des-herrn-kardinal-woelki-gegen-prof-schueller-daher-beendet\/"},"author":{"name":"Prof. Dr. Ralf H\u00f6cker","@id":"https:\/\/www.hoecker.eu\/blog\/#\/schema\/person\/08f95581eed0534eccd0b2438f7a1cab"},"headline":"Kirchenrechtler distanziert sich in eidesstattlicher Versicherung von BILD-Berichterstattung vom 05.07.2022 &#8211; Verfahren des Herrn Kardinal Woelki gegen Prof. Sch\u00fcller daher beendet","datePublished":"2022-08-24T13:54:00+00:00","dateModified":"2025-02-17T13:54:01+00:00","mainEntityOfPage":{"@id":"https:\/\/www.hoecker.eu\/blog\/kirchenrechtler-distanziert-sich-in-eidesstattlicher-versicherung-von-bild-berichterstattung-vom-05-07-2022-verfahren-des-herrn-kardinal-woelki-gegen-prof-schueller-daher-beendet\/"},"wordCount":591,"publisher":{"@id":"https:\/\/www.hoecker.eu\/blog\/#organization"},"articleSection":["News"],"inLanguage":"de"},{"@type":"WebPage","@id":"https:\/\/www.hoecker.eu\/blog\/kirchenrechtler-distanziert-sich-in-eidesstattlicher-versicherung-von-bild-berichterstattung-vom-05-07-2022-verfahren-des-herrn-kardinal-woelki-gegen-prof-schueller-daher-beendet\/","url":"https:\/\/www.hoecker.eu\/blog\/kirchenrechtler-distanziert-sich-in-eidesstattlicher-versicherung-von-bild-berichterstattung-vom-05-07-2022-verfahren-des-herrn-kardinal-woelki-gegen-prof-schueller-daher-beendet\/","name":"Kirchenrechtler distanziert sich in eidesstattlicher Versicherung von BILD-Berichterstattung vom 05.07.2022 - Verfahren des Herrn Kardinal Woelki gegen Prof. Sch\u00fcller daher beendet - H\u00d6CKER - der Blog","isPartOf":{"@id":"https:\/\/www.hoecker.eu\/blog\/#website"},"datePublished":"2022-08-24T13:54:00+00:00","dateModified":"2025-02-17T13:54:01+00:00","breadcrumb":{"@id":"https:\/\/www.hoecker.eu\/blog\/kirchenrechtler-distanziert-sich-in-eidesstattlicher-versicherung-von-bild-berichterstattung-vom-05-07-2022-verfahren-des-herrn-kardinal-woelki-gegen-prof-schueller-daher-beendet\/#breadcrumb"},"inLanguage":"de","potentialAction":[{"@type":"ReadAction","target":["https:\/\/www.hoecker.eu\/blog\/kirchenrechtler-distanziert-sich-in-eidesstattlicher-versicherung-von-bild-berichterstattung-vom-05-07-2022-verfahren-des-herrn-kardinal-woelki-gegen-prof-schueller-daher-beendet\/"]}]},{"@type":"BreadcrumbList","@id":"https:\/\/www.hoecker.eu\/blog\/kirchenrechtler-distanziert-sich-in-eidesstattlicher-versicherung-von-bild-berichterstattung-vom-05-07-2022-verfahren-des-herrn-kardinal-woelki-gegen-prof-schueller-daher-beendet\/#breadcrumb","itemListElement":[{"@type":"ListItem","position":1,"name":"Startseite","item":"https:\/\/dev.hoecker.eu\/blog\/"},{"@type":"ListItem","position":2,"name":"Kirchenrechtler distanziert sich in eidesstattlicher Versicherung von BILD-Berichterstattung vom 05.07.2022 &#8211; Verfahren des Herrn Kardinal Woelki gegen Prof. Sch\u00fcller daher beendet"}]},{"@type":"WebSite","@id":"https:\/\/www.hoecker.eu\/blog\/#website","url":"https:\/\/www.hoecker.eu\/blog\/","name":"H\u00d6CKER - der Blog","description":"Expertenblog f\u00fcr \u00c4u\u00dferungs-, Medien-, Marken-, Urheber- und Wettbewerbsrecht.","publisher":{"@id":"https:\/\/www.hoecker.eu\/blog\/#organization"},"potentialAction":[{"@type":"SearchAction","target":{"@type":"EntryPoint","urlTemplate":"https:\/\/www.hoecker.eu\/blog\/?s={search_term_string}"},"query-input":{"@type":"PropertyValueSpecification","valueRequired":true,"valueName":"search_term_string"}}],"inLanguage":"de"},{"@type":"Organization","@id":"https:\/\/www.hoecker.eu\/blog\/#organization","name":"H\u00d6CKER Rechtsanw\u00e4lte PartGmbB","alternateName":"H\u00d6CKER","url":"https:\/\/www.hoecker.eu\/blog\/","logo":{"@type":"ImageObject","inLanguage":"de","@id":"https:\/\/www.hoecker.eu\/blog\/#\/schema\/logo\/image\/","url":"https:\/\/www.hoecker.eu\/blog\/wp-content\/uploads\/2025\/03\/Blog-Logo.webp","contentUrl":"https:\/\/www.hoecker.eu\/blog\/wp-content\/uploads\/2025\/03\/Blog-Logo.webp","width":500,"height":500,"caption":"H\u00d6CKER Rechtsanw\u00e4lte PartGmbB"},"image":{"@id":"https:\/\/www.hoecker.eu\/blog\/#\/schema\/logo\/image\/"},"sameAs":["https:\/\/www.facebook.com\/HoeckerRAe\/","https:\/\/x.com\/hoecker_rae","https:\/\/www.linkedin.com\/company\/hcker-rechtsanwlte\/","https:\/\/www.instagram.com\/hoecker_rae\/"],"email":"contact@hoecker.eu","telephone":"+ 49 (0)221-933 19-10","legalName":"H\u00d6CKER Rechtsanw\u00e4lte PartGmbB","numberOfEmployees":{"@type":"QuantitativeValue","minValue":"11","maxValue":"50"}},{"@type":"Person","@id":"https:\/\/www.hoecker.eu\/blog\/#\/schema\/person\/08f95581eed0534eccd0b2438f7a1cab","name":"Prof. Dr. Ralf H\u00f6cker","description":"Medienanwalt. Besch\u00fctzer vor mieser Presse","sameAs":["https:\/\/www.hoecker.eu\/wer\/prof-dr-ralf-hoecker","https:\/\/www.facebook.com\/ralf.hoecker","https:\/\/www.linkedin.com\/in\/prof-dr-ralf-hcker-ll-m-london-17987826\/","https:\/\/x.com\/Ralf_Hoecker"],"url":"https:\/\/www.hoecker.eu\/blog\/author\/hoecker_adm\/"}]}},"authors":[{"term_id":84,"user_id":1,"is_guest":0,"slug":"hoecker_adm","display_name":"Prof. Dr. Ralf H\u00f6cker","avatar_url":{"url":"https:\/\/www.hoecker.eu\/blog\/wp-content\/uploads\/2023\/12\/ProfDrRalfHoecker.jpg","url2x":"https:\/\/www.hoecker.eu\/blog\/wp-content\/uploads\/2023\/12\/ProfDrRalfHoecker.jpg"},"0":null,"1":"","2":"","3":"","4":"","5":"","6":"","7":"","8":"","9":"","10":"","11":""}],"_links":{"self":[{"href":"https:\/\/www.hoecker.eu\/blog\/wp-json\/wp\/v2\/posts\/8197","targetHints":{"allow":["GET"]}}],"collection":[{"href":"https:\/\/www.hoecker.eu\/blog\/wp-json\/wp\/v2\/posts"}],"about":[{"href":"https:\/\/www.hoecker.eu\/blog\/wp-json\/wp\/v2\/types\/post"}],"author":[{"embeddable":true,"href":"https:\/\/www.hoecker.eu\/blog\/wp-json\/wp\/v2\/users\/1"}],"replies":[{"embeddable":true,"href":"https:\/\/www.hoecker.eu\/blog\/wp-json\/wp\/v2\/comments?post=8197"}],"version-history":[{"count":1,"href":"https:\/\/www.hoecker.eu\/blog\/wp-json\/wp\/v2\/posts\/8197\/revisions"}],"predecessor-version":[{"id":9319,"href":"https:\/\/www.hoecker.eu\/blog\/wp-json\/wp\/v2\/posts\/8197\/revisions\/9319"}],"wp:attachment":[{"href":"https:\/\/www.hoecker.eu\/blog\/wp-json\/wp\/v2\/media?parent=8197"}],"wp:term":[{"taxonomy":"category","embeddable":true,"href":"https:\/\/www.hoecker.eu\/blog\/wp-json\/wp\/v2\/categories?post=8197"},{"taxonomy":"post_tag","embeddable":true,"href":"https:\/\/www.hoecker.eu\/blog\/wp-json\/wp\/v2\/tags?post=8197"},{"taxonomy":"hashtags","embeddable":true,"href":"https:\/\/www.hoecker.eu\/blog\/wp-json\/wp\/v2\/hashtags?post=8197"},{"taxonomy":"author","embeddable":true,"href":"https:\/\/www.hoecker.eu\/blog\/wp-json\/wp\/v2\/ppma_author?post=8197"}],"curies":[{"name":"wp","href":"https:\/\/api.w.org\/{rel}","templated":true}]}}