{"id":8196,"date":"2022-08-26T07:13:00","date_gmt":"2022-08-26T05:13:00","guid":{"rendered":"https:\/\/www.hoecker.eu\/blog\/bild-und-harbusch-verlieren-schon-wieder-landgericht-koeln-erlaesst-verbot-zu-6-bild-bericht-behauptungen-der-bild-zur-befassung-von-kardinal-woelki-mit-meldung-im-fall-pilz-verboten\/"},"modified":"2025-02-17T14:54:00","modified_gmt":"2025-02-17T13:54:00","slug":"bild-und-harbusch-verlieren-schon-wieder-landgericht-koeln-erlaesst-verbot-zu-6-bild-bericht-behauptungen-der-bild-zur-befassung-von-kardinal-woelki-mit-meldung-im-fall-pilz-verboten","status":"publish","type":"post","link":"https:\/\/www.hoecker.eu\/blog\/bild-und-harbusch-verlieren-schon-wieder-landgericht-koeln-erlaesst-verbot-zu-6-bild-bericht-behauptungen-der-bild-zur-befassung-von-kardinal-woelki-mit-meldung-im-fall-pilz-verboten\/","title":{"rendered":"BILD und Harbusch verlieren schon wieder &#8211; Landgericht K\u00f6ln erl\u00e4sst Verbot zu 6. BILD-Bericht: Behauptungen der BILD zur Befassung von Kardinal Woelki mit Meldung im Fall Pilz verboten"},"content":{"rendered":"<p>Kardinal Rainer Maria Woelki hat durch H\u00d6CKER auch in einem sechsten BILD-Bericht eine rechtswidrige Kernbehauptung des Chefredakteurs Nikolaus Harbusch verbieten lassen: Das Landgericht K\u00f6ln hat Harbusch pers\u00f6nlich und der Verlegerin der BILD, Axel Springer SE, mit einer weiteren einstweiligen Verf\u00fcgung Behauptungen zu Lasten von Kardinal Woelki untersagt (einstweilige Verf\u00fcgung vom 25.08.2022, Az. 28 O 227\/22, n.rkr.).<\/p>\n<p>Im BILD-Artikel vom 05.07.2022 verbreitete Nikolaus Harbusch die Aussage \u201eAuch beim Motiv f\u00fcr Woelkis Dienstpflichtverletzung legt sich der Kirchenrechtler fest\u201c.<\/p>\n<p>Das Landgericht K\u00f6ln hat diese Aussage nun verboten und stellt in der Begr\u00fcndung des Verbots fest, Zitat: <\/p>\n<p>\u201eDanach hat der Antragsteller einen Anspruch auf Unterlassung der Verbreitung der \u2026 \u00c4u\u00dferung, die sich als unwahre Tatsachenbehauptung \u00fcber den Antragsteller darstellt.\u201c<\/p>\n<p>Das Gericht best\u00e4tigt, dass der Leser die \u00c4u\u00dferung als Tatsachenbehauptung versteht, <br \/>&#8211;\tdass sich Herr Kardinal Woelki pers\u00f6nlich damit befasst habe, ob zu Priester Pilz eine unter Kardinal Meisner vers\u00e4umte Information des Bistums Dresden \u2013 Mei\u00dfen nachgeholt wird, <br \/>&#8211;\tsowie als Tatsachenbehauptung versteht, dass sich Herr Kardinal Woelki bewusst dagegen entschieden habe, die Information nachzuholen. <\/p>\n<p>Das Gericht best\u00e4tigt, dass Herr Kardinal Woelki die Unwahrheit dieser Behauptungen durch eidesstattliche Versicherungen glaubhaft gemacht.<\/p>\n<p>Kardinal Woelki hat in dem Verfahren klargestellt, dass er gar keinen Anlass daf\u00fcr hatte, sich mit der Nachholung der unter Kardinal Meisner vers\u00e4umten Meldung zu befassen. Denn ihm war gar nicht bekannt, dass die Meldung noch vor seiner Amts\u00fcbernahme unter Kardinal Meisner vers\u00e4umt wurde.<\/p>\n<p>Nat\u00fcrlich hatten die Verlegerin Axel Springer SE und Herr Harbusch Gelegenheit, dem Gericht ihre Sicht der Dinge darzulegen. Das Gericht hat den Vortrag von Verlag und Autor ber\u00fccksichtigt und das Verbot dennoch erlassen.<\/p>\n<p>Dr. Carsten Brennecke: \u201eEs ist mir unbegreiflich, warum die Axel Springer SE die immer wieder rechtswidrige Berichterstattung ihres Autors Nikolaus Harbusch immer noch nicht in den Griff bekommt. Harbusch braucht endlich Hilfestellungen. Es ist an der Zeit, dass die BILD-Redaktion und die Axel Springer SE gegen ihren Autor Nikolaus Harbusch wirksame \u00dcberwachungsma\u00dfnahmen einleiten, die dazu f\u00fchren, dass seine Berichte vor Ver\u00f6ffentlichung effektiv auf Fehler \u00fcberpr\u00fcft werden. Harbusch verspielt mit seinen Berichten das Vertrauen der BILD-Leser in eine seri\u00f6se und fundierte Berichterstattung!\u201c<\/p>\n","protected":false},"excerpt":{"rendered":"<p>Kardinal Rainer Maria Woelki hat durch H\u00d6CKER auch in einem sechsten BILD-Bericht eine rechtswidrige Kernbehauptung des Chefredakteurs Nikolaus Harbusch verbieten lassen: Das Landgericht K\u00f6ln hat Harbusch pers\u00f6nlich und der Verlegerin der BILD, Axel Springer SE, mit einer weiteren einstweiligen Verf\u00fcgung Behauptungen zu Lasten von Kardinal Woelki untersagt (einstweilige Verf\u00fcgung vom 25.08.2022, Az. 28 O 227\/22, [&hellip;]<\/p>\n","protected":false},"author":1,"featured_media":0,"comment_status":"closed","ping_status":"closed","sticky":false,"template":"","format":"standard","meta":{"_has_post_settings":[],"footnotes":""},"categories":[15],"tags":[],"hashtags":[],"ppma_author":[84],"class_list":["post-8196","post","type-post","status-publish","format-standard","hentry","category-news","author-hoecker_adm"],"yoast_head":"<!-- This site is optimized with the Yoast SEO Premium plugin v25.9 (Yoast SEO v27.0) - https:\/\/yoast.com\/product\/yoast-seo-premium-wordpress\/ -->\n<title>BILD und Harbusch verlieren schon wieder - Landgericht K\u00f6ln erl\u00e4sst Verbot zu 6. BILD-Bericht: Behauptungen der BILD zur Befassung von Kardinal Woelki mit Meldung im Fall Pilz verboten - H\u00d6CKER - der Blog<\/title>\n<meta name=\"robots\" content=\"index, follow, max-snippet:-1, max-image-preview:large, max-video-preview:-1\" \/>\n<link rel=\"canonical\" href=\"https:\/\/www.hoecker.eu\/blog\/bild-und-harbusch-verlieren-schon-wieder-landgericht-koeln-erlaesst-verbot-zu-6-bild-bericht-behauptungen-der-bild-zur-befassung-von-kardinal-woelki-mit-meldung-im-fall-pilz-verboten\/\" \/>\n<meta property=\"og:locale\" content=\"de_DE\" \/>\n<meta property=\"og:type\" content=\"article\" \/>\n<meta property=\"og:title\" content=\"BILD und Harbusch verlieren schon wieder - Landgericht K\u00f6ln erl\u00e4sst Verbot zu 6. BILD-Bericht: Behauptungen der BILD zur Befassung von Kardinal Woelki mit Meldung im Fall Pilz verboten\" \/>\n<meta property=\"og:description\" content=\"Kardinal Rainer Maria Woelki hat durch H\u00d6CKER auch in einem sechsten BILD-Bericht eine rechtswidrige Kernbehauptung des Chefredakteurs Nikolaus Harbusch verbieten lassen: Das Landgericht K\u00f6ln hat Harbusch pers\u00f6nlich und der Verlegerin der BILD, Axel Springer SE, mit einer weiteren einstweiligen Verf\u00fcgung Behauptungen zu Lasten von Kardinal Woelki untersagt (einstweilige Verf\u00fcgung vom 25.08.2022, Az. 28 O 227\/22, [&hellip;]\" \/>\n<meta property=\"og:url\" content=\"https:\/\/www.hoecker.eu\/blog\/bild-und-harbusch-verlieren-schon-wieder-landgericht-koeln-erlaesst-verbot-zu-6-bild-bericht-behauptungen-der-bild-zur-befassung-von-kardinal-woelki-mit-meldung-im-fall-pilz-verboten\/\" \/>\n<meta property=\"og:site_name\" content=\"H\u00d6CKER - der Blog\" \/>\n<meta property=\"article:publisher\" content=\"https:\/\/www.facebook.com\/HoeckerRAe\/\" \/>\n<meta property=\"article:author\" content=\"https:\/\/www.facebook.com\/ralf.hoecker\" \/>\n<meta property=\"article:published_time\" content=\"2022-08-26T05:13:00+00:00\" \/>\n<meta property=\"article:modified_time\" content=\"2025-02-17T13:54:00+00:00\" \/>\n<meta name=\"author\" content=\"Prof. Dr. Ralf H\u00f6cker\" \/>\n<meta name=\"twitter:card\" content=\"summary_large_image\" \/>\n<meta name=\"twitter:creator\" content=\"@Ralf_Hoecker\" \/>\n<meta name=\"twitter:site\" content=\"@hoecker_rae\" \/>\n<meta name=\"twitter:label1\" content=\"Verfasst von\" \/>\n\t<meta name=\"twitter:data1\" content=\"Prof. Dr. Ralf H\u00f6cker\" \/>\n\t<meta name=\"twitter:label2\" content=\"Gesch\u00e4tzte Lesezeit\" \/>\n\t<meta name=\"twitter:data2\" content=\"2\u00a0Minuten\" \/>\n<script type=\"application\/ld+json\" class=\"yoast-schema-graph\">{\"@context\":\"https:\/\/schema.org\",\"@graph\":[{\"@type\":\"Article\",\"@id\":\"https:\/\/www.hoecker.eu\/blog\/bild-und-harbusch-verlieren-schon-wieder-landgericht-koeln-erlaesst-verbot-zu-6-bild-bericht-behauptungen-der-bild-zur-befassung-von-kardinal-woelki-mit-meldung-im-fall-pilz-verboten\/#article\",\"isPartOf\":{\"@id\":\"https:\/\/www.hoecker.eu\/blog\/bild-und-harbusch-verlieren-schon-wieder-landgericht-koeln-erlaesst-verbot-zu-6-bild-bericht-behauptungen-der-bild-zur-befassung-von-kardinal-woelki-mit-meldung-im-fall-pilz-verboten\/\"},\"author\":{\"name\":\"Prof. Dr. Ralf H\u00f6cker\",\"@id\":\"https:\/\/www.hoecker.eu\/blog\/#\/schema\/person\/08f95581eed0534eccd0b2438f7a1cab\"},\"headline\":\"BILD und Harbusch verlieren schon wieder &#8211; Landgericht K\u00f6ln erl\u00e4sst Verbot zu 6. BILD-Bericht: Behauptungen der BILD zur Befassung von Kardinal Woelki mit Meldung im Fall Pilz verboten\",\"datePublished\":\"2022-08-26T05:13:00+00:00\",\"dateModified\":\"2025-02-17T13:54:00+00:00\",\"mainEntityOfPage\":{\"@id\":\"https:\/\/www.hoecker.eu\/blog\/bild-und-harbusch-verlieren-schon-wieder-landgericht-koeln-erlaesst-verbot-zu-6-bild-bericht-behauptungen-der-bild-zur-befassung-von-kardinal-woelki-mit-meldung-im-fall-pilz-verboten\/\"},\"wordCount\":394,\"publisher\":{\"@id\":\"https:\/\/www.hoecker.eu\/blog\/#organization\"},\"articleSection\":[\"News\"],\"inLanguage\":\"de\"},{\"@type\":\"WebPage\",\"@id\":\"https:\/\/www.hoecker.eu\/blog\/bild-und-harbusch-verlieren-schon-wieder-landgericht-koeln-erlaesst-verbot-zu-6-bild-bericht-behauptungen-der-bild-zur-befassung-von-kardinal-woelki-mit-meldung-im-fall-pilz-verboten\/\",\"url\":\"https:\/\/www.hoecker.eu\/blog\/bild-und-harbusch-verlieren-schon-wieder-landgericht-koeln-erlaesst-verbot-zu-6-bild-bericht-behauptungen-der-bild-zur-befassung-von-kardinal-woelki-mit-meldung-im-fall-pilz-verboten\/\",\"name\":\"BILD und Harbusch verlieren schon wieder - Landgericht K\u00f6ln erl\u00e4sst Verbot zu 6. BILD-Bericht: Behauptungen der BILD zur Befassung von Kardinal Woelki mit Meldung im Fall Pilz verboten - H\u00d6CKER - der Blog\",\"isPartOf\":{\"@id\":\"https:\/\/www.hoecker.eu\/blog\/#website\"},\"datePublished\":\"2022-08-26T05:13:00+00:00\",\"dateModified\":\"2025-02-17T13:54:00+00:00\",\"breadcrumb\":{\"@id\":\"https:\/\/www.hoecker.eu\/blog\/bild-und-harbusch-verlieren-schon-wieder-landgericht-koeln-erlaesst-verbot-zu-6-bild-bericht-behauptungen-der-bild-zur-befassung-von-kardinal-woelki-mit-meldung-im-fall-pilz-verboten\/#breadcrumb\"},\"inLanguage\":\"de\",\"potentialAction\":[{\"@type\":\"ReadAction\",\"target\":[\"https:\/\/www.hoecker.eu\/blog\/bild-und-harbusch-verlieren-schon-wieder-landgericht-koeln-erlaesst-verbot-zu-6-bild-bericht-behauptungen-der-bild-zur-befassung-von-kardinal-woelki-mit-meldung-im-fall-pilz-verboten\/\"]}]},{\"@type\":\"BreadcrumbList\",\"@id\":\"https:\/\/www.hoecker.eu\/blog\/bild-und-harbusch-verlieren-schon-wieder-landgericht-koeln-erlaesst-verbot-zu-6-bild-bericht-behauptungen-der-bild-zur-befassung-von-kardinal-woelki-mit-meldung-im-fall-pilz-verboten\/#breadcrumb\",\"itemListElement\":[{\"@type\":\"ListItem\",\"position\":1,\"name\":\"Startseite\",\"item\":\"https:\/\/dev.hoecker.eu\/blog\/\"},{\"@type\":\"ListItem\",\"position\":2,\"name\":\"BILD und Harbusch verlieren schon wieder &#8211; Landgericht K\u00f6ln erl\u00e4sst Verbot zu 6. BILD-Bericht: Behauptungen der BILD zur Befassung von Kardinal Woelki mit Meldung im Fall Pilz verboten\"}]},{\"@type\":\"WebSite\",\"@id\":\"https:\/\/www.hoecker.eu\/blog\/#website\",\"url\":\"https:\/\/www.hoecker.eu\/blog\/\",\"name\":\"H\u00d6CKER - der Blog\",\"description\":\"Expertenblog f\u00fcr \u00c4u\u00dferungs-, Medien-, Marken-, Urheber- und Wettbewerbsrecht.\",\"publisher\":{\"@id\":\"https:\/\/www.hoecker.eu\/blog\/#organization\"},\"potentialAction\":[{\"@type\":\"SearchAction\",\"target\":{\"@type\":\"EntryPoint\",\"urlTemplate\":\"https:\/\/www.hoecker.eu\/blog\/?s={search_term_string}\"},\"query-input\":{\"@type\":\"PropertyValueSpecification\",\"valueRequired\":true,\"valueName\":\"search_term_string\"}}],\"inLanguage\":\"de\"},{\"@type\":\"Organization\",\"@id\":\"https:\/\/www.hoecker.eu\/blog\/#organization\",\"name\":\"H\u00d6CKER Rechtsanw\u00e4lte PartGmbB\",\"alternateName\":\"H\u00d6CKER\",\"url\":\"https:\/\/www.hoecker.eu\/blog\/\",\"logo\":{\"@type\":\"ImageObject\",\"inLanguage\":\"de\",\"@id\":\"https:\/\/www.hoecker.eu\/blog\/#\/schema\/logo\/image\/\",\"url\":\"https:\/\/www.hoecker.eu\/blog\/wp-content\/uploads\/2025\/03\/Blog-Logo.webp\",\"contentUrl\":\"https:\/\/www.hoecker.eu\/blog\/wp-content\/uploads\/2025\/03\/Blog-Logo.webp\",\"width\":500,\"height\":500,\"caption\":\"H\u00d6CKER Rechtsanw\u00e4lte PartGmbB\"},\"image\":{\"@id\":\"https:\/\/www.hoecker.eu\/blog\/#\/schema\/logo\/image\/\"},\"sameAs\":[\"https:\/\/www.facebook.com\/HoeckerRAe\/\",\"https:\/\/x.com\/hoecker_rae\",\"https:\/\/www.linkedin.com\/company\/hcker-rechtsanwlte\/\",\"https:\/\/www.instagram.com\/hoecker_rae\/\"],\"email\":\"contact@hoecker.eu\",\"telephone\":\"+ 49 (0)221-933 19-10\",\"legalName\":\"H\u00d6CKER Rechtsanw\u00e4lte PartGmbB\",\"numberOfEmployees\":{\"@type\":\"QuantitativeValue\",\"minValue\":\"11\",\"maxValue\":\"50\"}},{\"@type\":\"Person\",\"@id\":\"https:\/\/www.hoecker.eu\/blog\/#\/schema\/person\/08f95581eed0534eccd0b2438f7a1cab\",\"name\":\"Prof. Dr. Ralf H\u00f6cker\",\"description\":\"Medienanwalt. Besch\u00fctzer vor mieser Presse\",\"sameAs\":[\"https:\/\/www.hoecker.eu\/wer\/prof-dr-ralf-hoecker\",\"https:\/\/www.facebook.com\/ralf.hoecker\",\"https:\/\/www.linkedin.com\/in\/prof-dr-ralf-hcker-ll-m-london-17987826\/\",\"https:\/\/x.com\/Ralf_Hoecker\"],\"url\":\"https:\/\/www.hoecker.eu\/blog\/author\/hoecker_adm\/\"}]}<\/script>\n<!-- \/ Yoast SEO Premium plugin. -->","yoast_head_json":{"title":"BILD und Harbusch verlieren schon wieder - Landgericht K\u00f6ln erl\u00e4sst Verbot zu 6. BILD-Bericht: Behauptungen der BILD zur Befassung von Kardinal Woelki mit Meldung im Fall Pilz verboten - H\u00d6CKER - der Blog","robots":{"index":"index","follow":"follow","max-snippet":"max-snippet:-1","max-image-preview":"max-image-preview:large","max-video-preview":"max-video-preview:-1"},"canonical":"https:\/\/www.hoecker.eu\/blog\/bild-und-harbusch-verlieren-schon-wieder-landgericht-koeln-erlaesst-verbot-zu-6-bild-bericht-behauptungen-der-bild-zur-befassung-von-kardinal-woelki-mit-meldung-im-fall-pilz-verboten\/","og_locale":"de_DE","og_type":"article","og_title":"BILD und Harbusch verlieren schon wieder - Landgericht K\u00f6ln erl\u00e4sst Verbot zu 6. BILD-Bericht: Behauptungen der BILD zur Befassung von Kardinal Woelki mit Meldung im Fall Pilz verboten","og_description":"Kardinal Rainer Maria Woelki hat durch H\u00d6CKER auch in einem sechsten BILD-Bericht eine rechtswidrige Kernbehauptung des Chefredakteurs Nikolaus Harbusch verbieten lassen: Das Landgericht K\u00f6ln hat Harbusch pers\u00f6nlich und der Verlegerin der BILD, Axel Springer SE, mit einer weiteren einstweiligen Verf\u00fcgung Behauptungen zu Lasten von Kardinal Woelki untersagt (einstweilige Verf\u00fcgung vom 25.08.2022, Az. 28 O 227\/22, [&hellip;]","og_url":"https:\/\/www.hoecker.eu\/blog\/bild-und-harbusch-verlieren-schon-wieder-landgericht-koeln-erlaesst-verbot-zu-6-bild-bericht-behauptungen-der-bild-zur-befassung-von-kardinal-woelki-mit-meldung-im-fall-pilz-verboten\/","og_site_name":"H\u00d6CKER - der Blog","article_publisher":"https:\/\/www.facebook.com\/HoeckerRAe\/","article_author":"https:\/\/www.facebook.com\/ralf.hoecker","article_published_time":"2022-08-26T05:13:00+00:00","article_modified_time":"2025-02-17T13:54:00+00:00","author":"Prof. Dr. Ralf H\u00f6cker","twitter_card":"summary_large_image","twitter_creator":"@Ralf_Hoecker","twitter_site":"@hoecker_rae","twitter_misc":{"Verfasst von":"Prof. Dr. Ralf H\u00f6cker","Gesch\u00e4tzte Lesezeit":"2\u00a0Minuten"},"schema":{"@context":"https:\/\/schema.org","@graph":[{"@type":"Article","@id":"https:\/\/www.hoecker.eu\/blog\/bild-und-harbusch-verlieren-schon-wieder-landgericht-koeln-erlaesst-verbot-zu-6-bild-bericht-behauptungen-der-bild-zur-befassung-von-kardinal-woelki-mit-meldung-im-fall-pilz-verboten\/#article","isPartOf":{"@id":"https:\/\/www.hoecker.eu\/blog\/bild-und-harbusch-verlieren-schon-wieder-landgericht-koeln-erlaesst-verbot-zu-6-bild-bericht-behauptungen-der-bild-zur-befassung-von-kardinal-woelki-mit-meldung-im-fall-pilz-verboten\/"},"author":{"name":"Prof. Dr. Ralf H\u00f6cker","@id":"https:\/\/www.hoecker.eu\/blog\/#\/schema\/person\/08f95581eed0534eccd0b2438f7a1cab"},"headline":"BILD und Harbusch verlieren schon wieder &#8211; Landgericht K\u00f6ln erl\u00e4sst Verbot zu 6. BILD-Bericht: Behauptungen der BILD zur Befassung von Kardinal Woelki mit Meldung im Fall Pilz verboten","datePublished":"2022-08-26T05:13:00+00:00","dateModified":"2025-02-17T13:54:00+00:00","mainEntityOfPage":{"@id":"https:\/\/www.hoecker.eu\/blog\/bild-und-harbusch-verlieren-schon-wieder-landgericht-koeln-erlaesst-verbot-zu-6-bild-bericht-behauptungen-der-bild-zur-befassung-von-kardinal-woelki-mit-meldung-im-fall-pilz-verboten\/"},"wordCount":394,"publisher":{"@id":"https:\/\/www.hoecker.eu\/blog\/#organization"},"articleSection":["News"],"inLanguage":"de"},{"@type":"WebPage","@id":"https:\/\/www.hoecker.eu\/blog\/bild-und-harbusch-verlieren-schon-wieder-landgericht-koeln-erlaesst-verbot-zu-6-bild-bericht-behauptungen-der-bild-zur-befassung-von-kardinal-woelki-mit-meldung-im-fall-pilz-verboten\/","url":"https:\/\/www.hoecker.eu\/blog\/bild-und-harbusch-verlieren-schon-wieder-landgericht-koeln-erlaesst-verbot-zu-6-bild-bericht-behauptungen-der-bild-zur-befassung-von-kardinal-woelki-mit-meldung-im-fall-pilz-verboten\/","name":"BILD und Harbusch verlieren schon wieder - Landgericht K\u00f6ln erl\u00e4sst Verbot zu 6. BILD-Bericht: Behauptungen der BILD zur Befassung von Kardinal Woelki mit Meldung im Fall Pilz verboten - H\u00d6CKER - der Blog","isPartOf":{"@id":"https:\/\/www.hoecker.eu\/blog\/#website"},"datePublished":"2022-08-26T05:13:00+00:00","dateModified":"2025-02-17T13:54:00+00:00","breadcrumb":{"@id":"https:\/\/www.hoecker.eu\/blog\/bild-und-harbusch-verlieren-schon-wieder-landgericht-koeln-erlaesst-verbot-zu-6-bild-bericht-behauptungen-der-bild-zur-befassung-von-kardinal-woelki-mit-meldung-im-fall-pilz-verboten\/#breadcrumb"},"inLanguage":"de","potentialAction":[{"@type":"ReadAction","target":["https:\/\/www.hoecker.eu\/blog\/bild-und-harbusch-verlieren-schon-wieder-landgericht-koeln-erlaesst-verbot-zu-6-bild-bericht-behauptungen-der-bild-zur-befassung-von-kardinal-woelki-mit-meldung-im-fall-pilz-verboten\/"]}]},{"@type":"BreadcrumbList","@id":"https:\/\/www.hoecker.eu\/blog\/bild-und-harbusch-verlieren-schon-wieder-landgericht-koeln-erlaesst-verbot-zu-6-bild-bericht-behauptungen-der-bild-zur-befassung-von-kardinal-woelki-mit-meldung-im-fall-pilz-verboten\/#breadcrumb","itemListElement":[{"@type":"ListItem","position":1,"name":"Startseite","item":"https:\/\/dev.hoecker.eu\/blog\/"},{"@type":"ListItem","position":2,"name":"BILD und Harbusch verlieren schon wieder &#8211; Landgericht K\u00f6ln erl\u00e4sst Verbot zu 6. BILD-Bericht: Behauptungen der BILD zur Befassung von Kardinal Woelki mit Meldung im Fall Pilz verboten"}]},{"@type":"WebSite","@id":"https:\/\/www.hoecker.eu\/blog\/#website","url":"https:\/\/www.hoecker.eu\/blog\/","name":"H\u00d6CKER - der Blog","description":"Expertenblog f\u00fcr \u00c4u\u00dferungs-, Medien-, Marken-, Urheber- und Wettbewerbsrecht.","publisher":{"@id":"https:\/\/www.hoecker.eu\/blog\/#organization"},"potentialAction":[{"@type":"SearchAction","target":{"@type":"EntryPoint","urlTemplate":"https:\/\/www.hoecker.eu\/blog\/?s={search_term_string}"},"query-input":{"@type":"PropertyValueSpecification","valueRequired":true,"valueName":"search_term_string"}}],"inLanguage":"de"},{"@type":"Organization","@id":"https:\/\/www.hoecker.eu\/blog\/#organization","name":"H\u00d6CKER Rechtsanw\u00e4lte PartGmbB","alternateName":"H\u00d6CKER","url":"https:\/\/www.hoecker.eu\/blog\/","logo":{"@type":"ImageObject","inLanguage":"de","@id":"https:\/\/www.hoecker.eu\/blog\/#\/schema\/logo\/image\/","url":"https:\/\/www.hoecker.eu\/blog\/wp-content\/uploads\/2025\/03\/Blog-Logo.webp","contentUrl":"https:\/\/www.hoecker.eu\/blog\/wp-content\/uploads\/2025\/03\/Blog-Logo.webp","width":500,"height":500,"caption":"H\u00d6CKER Rechtsanw\u00e4lte PartGmbB"},"image":{"@id":"https:\/\/www.hoecker.eu\/blog\/#\/schema\/logo\/image\/"},"sameAs":["https:\/\/www.facebook.com\/HoeckerRAe\/","https:\/\/x.com\/hoecker_rae","https:\/\/www.linkedin.com\/company\/hcker-rechtsanwlte\/","https:\/\/www.instagram.com\/hoecker_rae\/"],"email":"contact@hoecker.eu","telephone":"+ 49 (0)221-933 19-10","legalName":"H\u00d6CKER Rechtsanw\u00e4lte PartGmbB","numberOfEmployees":{"@type":"QuantitativeValue","minValue":"11","maxValue":"50"}},{"@type":"Person","@id":"https:\/\/www.hoecker.eu\/blog\/#\/schema\/person\/08f95581eed0534eccd0b2438f7a1cab","name":"Prof. Dr. Ralf H\u00f6cker","description":"Medienanwalt. Besch\u00fctzer vor mieser Presse","sameAs":["https:\/\/www.hoecker.eu\/wer\/prof-dr-ralf-hoecker","https:\/\/www.facebook.com\/ralf.hoecker","https:\/\/www.linkedin.com\/in\/prof-dr-ralf-hcker-ll-m-london-17987826\/","https:\/\/x.com\/Ralf_Hoecker"],"url":"https:\/\/www.hoecker.eu\/blog\/author\/hoecker_adm\/"}]}},"authors":[{"term_id":84,"user_id":1,"is_guest":0,"slug":"hoecker_adm","display_name":"Prof. Dr. Ralf H\u00f6cker","avatar_url":{"url":"https:\/\/www.hoecker.eu\/blog\/wp-content\/uploads\/2023\/12\/ProfDrRalfHoecker.jpg","url2x":"https:\/\/www.hoecker.eu\/blog\/wp-content\/uploads\/2023\/12\/ProfDrRalfHoecker.jpg"},"0":null,"1":"","2":"","3":"","4":"","5":"","6":"","7":"","8":"","9":"","10":"","11":""}],"_links":{"self":[{"href":"https:\/\/www.hoecker.eu\/blog\/wp-json\/wp\/v2\/posts\/8196","targetHints":{"allow":["GET"]}}],"collection":[{"href":"https:\/\/www.hoecker.eu\/blog\/wp-json\/wp\/v2\/posts"}],"about":[{"href":"https:\/\/www.hoecker.eu\/blog\/wp-json\/wp\/v2\/types\/post"}],"author":[{"embeddable":true,"href":"https:\/\/www.hoecker.eu\/blog\/wp-json\/wp\/v2\/users\/1"}],"replies":[{"embeddable":true,"href":"https:\/\/www.hoecker.eu\/blog\/wp-json\/wp\/v2\/comments?post=8196"}],"version-history":[{"count":1,"href":"https:\/\/www.hoecker.eu\/blog\/wp-json\/wp\/v2\/posts\/8196\/revisions"}],"predecessor-version":[{"id":9318,"href":"https:\/\/www.hoecker.eu\/blog\/wp-json\/wp\/v2\/posts\/8196\/revisions\/9318"}],"wp:attachment":[{"href":"https:\/\/www.hoecker.eu\/blog\/wp-json\/wp\/v2\/media?parent=8196"}],"wp:term":[{"taxonomy":"category","embeddable":true,"href":"https:\/\/www.hoecker.eu\/blog\/wp-json\/wp\/v2\/categories?post=8196"},{"taxonomy":"post_tag","embeddable":true,"href":"https:\/\/www.hoecker.eu\/blog\/wp-json\/wp\/v2\/tags?post=8196"},{"taxonomy":"hashtags","embeddable":true,"href":"https:\/\/www.hoecker.eu\/blog\/wp-json\/wp\/v2\/hashtags?post=8196"},{"taxonomy":"author","embeddable":true,"href":"https:\/\/www.hoecker.eu\/blog\/wp-json\/wp\/v2\/ppma_author?post=8196"}],"curies":[{"name":"wp","href":"https:\/\/api.w.org\/{rel}","templated":true}]}}