{"id":8195,"date":"2022-10-27T07:59:00","date_gmt":"2022-10-27T05:59:00","guid":{"rendered":"https:\/\/www.hoecker.eu\/blog\/ralf-hoecker-spricht-im-podcast-follow-the-rechtsstaat-ueber-kritische-mandate-und-cancel-culture\/"},"modified":"2025-02-17T14:54:00","modified_gmt":"2025-02-17T13:54:00","slug":"ralf-hoecker-spricht-im-podcast-follow-the-rechtsstaat-ueber-kritische-mandate-und-cancel-culture","status":"publish","type":"post","link":"https:\/\/www.hoecker.eu\/blog\/ralf-hoecker-spricht-im-podcast-follow-the-rechtsstaat-ueber-kritische-mandate-und-cancel-culture\/","title":{"rendered":"Ralf H\u00f6cker spricht im Podcast &#8220;Follow the Rechtsstaat&#8221; \u00fcber kritische Mandate und Cancel Culture"},"content":{"rendered":"<p>Ralf H\u00f6cker kritisiert in dem Interview den Vernichtungswillen, mit dem Aktivisten der Cancel Culture vorgehen, und erkl\u00e4rt, warum das mit Toleranz nichts mehr zu tun hat. Der Idee, dass es moralisch geboten sein k\u00f6nnte, die Gef\u00fchle der Rezipienten von \u201eoffensive speech\u201c durch eine Zensur kontroverser Aussagen zu sch\u00fctzen, kann H\u00f6cker nichts abgewinnen.<\/p>\n<p>H\u00f6cker berichtet zudem von seiner Vertretung des t\u00fcrkischen Pr\u00e4sidenten in Angelegenheiten, die auf das ber\u00fchmte \u201eSchm\u00e4h-Gedicht\u201c von Jan B\u00f6hmermann folgten. H\u00f6cker erl\u00e4utert, dass es f\u00fcr ihn unverst\u00e4ndlich ist, warum so viele Rechtsanw\u00e4lte dem t\u00fcrkischen Pr\u00e4sidenten anwaltliche Vertretung verwehren m\u00f6chten: Es k\u00f6nne nicht sein, dass gerade der Mann, der in seinem eigenen Land die Rechtsstaatlichkeit abschafft, in Deutschland mangels Anwalts gar nicht erst Zugang zum Rechtsstaat erh\u00e4lt.<\/p>\n<p>Hier der Link zum Podcast: <a href=\"https:\/\/ping.podigee.io\/109-neue-episode\" target=\"_blank\" rel=\"noreferrer noopener\">https:\/\/ping.podigee.io\/109-neue-episode<\/a> <\/p>\n","protected":false},"excerpt":{"rendered":"<p>Ralf H\u00f6cker kritisiert in dem Interview den Vernichtungswillen, mit dem Aktivisten der Cancel Culture vorgehen, und erkl\u00e4rt, warum das mit Toleranz nichts mehr zu tun hat. Der Idee, dass es moralisch geboten sein k\u00f6nnte, die Gef\u00fchle der Rezipienten von \u201eoffensive speech\u201c durch eine Zensur kontroverser Aussagen zu sch\u00fctzen, kann H\u00f6cker nichts abgewinnen. H\u00f6cker berichtet zudem [&hellip;]<\/p>\n","protected":false},"author":1,"featured_media":0,"comment_status":"closed","ping_status":"closed","sticky":false,"template":"","format":"standard","meta":{"_has_post_settings":[],"footnotes":""},"categories":[15],"tags":[],"hashtags":[],"ppma_author":[84],"class_list":["post-8195","post","type-post","status-publish","format-standard","hentry","category-news","author-hoecker_adm"],"yoast_head":"<!-- This site is optimized with the Yoast SEO Premium plugin v25.9 (Yoast SEO v27.0) - https:\/\/yoast.com\/product\/yoast-seo-premium-wordpress\/ -->\n<title>Ralf H\u00f6cker spricht im Podcast &quot;Follow the Rechtsstaat&quot; \u00fcber kritische Mandate und Cancel Culture - H\u00d6CKER - der Blog<\/title>\n<meta name=\"robots\" content=\"index, follow, max-snippet:-1, max-image-preview:large, max-video-preview:-1\" \/>\n<link rel=\"canonical\" href=\"https:\/\/www.hoecker.eu\/blog\/ralf-hoecker-spricht-im-podcast-follow-the-rechtsstaat-ueber-kritische-mandate-und-cancel-culture\/\" \/>\n<meta property=\"og:locale\" content=\"de_DE\" \/>\n<meta property=\"og:type\" content=\"article\" \/>\n<meta property=\"og:title\" content=\"Ralf H\u00f6cker spricht im Podcast &quot;Follow the Rechtsstaat&quot; \u00fcber kritische Mandate und Cancel Culture\" \/>\n<meta property=\"og:description\" content=\"Ralf H\u00f6cker kritisiert in dem Interview den Vernichtungswillen, mit dem Aktivisten der Cancel Culture vorgehen, und erkl\u00e4rt, warum das mit Toleranz nichts mehr zu tun hat. Der Idee, dass es moralisch geboten sein k\u00f6nnte, die Gef\u00fchle der Rezipienten von \u201eoffensive speech\u201c durch eine Zensur kontroverser Aussagen zu sch\u00fctzen, kann H\u00f6cker nichts abgewinnen. H\u00f6cker berichtet zudem [&hellip;]\" \/>\n<meta property=\"og:url\" content=\"https:\/\/www.hoecker.eu\/blog\/ralf-hoecker-spricht-im-podcast-follow-the-rechtsstaat-ueber-kritische-mandate-und-cancel-culture\/\" \/>\n<meta property=\"og:site_name\" content=\"H\u00d6CKER - der Blog\" \/>\n<meta property=\"article:publisher\" content=\"https:\/\/www.facebook.com\/HoeckerRAe\/\" \/>\n<meta property=\"article:author\" content=\"https:\/\/www.facebook.com\/ralf.hoecker\" \/>\n<meta property=\"article:published_time\" content=\"2022-10-27T05:59:00+00:00\" \/>\n<meta property=\"article:modified_time\" content=\"2025-02-17T13:54:00+00:00\" \/>\n<meta name=\"author\" content=\"Prof. Dr. Ralf H\u00f6cker\" \/>\n<meta name=\"twitter:card\" content=\"summary_large_image\" \/>\n<meta name=\"twitter:creator\" content=\"@Ralf_Hoecker\" \/>\n<meta name=\"twitter:site\" content=\"@hoecker_rae\" \/>\n<meta name=\"twitter:label1\" content=\"Verfasst von\" \/>\n\t<meta name=\"twitter:data1\" content=\"Prof. Dr. Ralf H\u00f6cker\" \/>\n\t<meta name=\"twitter:label2\" content=\"Gesch\u00e4tzte Lesezeit\" \/>\n\t<meta name=\"twitter:data2\" content=\"1\u00a0Minute\" \/>\n<script type=\"application\/ld+json\" class=\"yoast-schema-graph\">{\"@context\":\"https:\/\/schema.org\",\"@graph\":[{\"@type\":\"Article\",\"@id\":\"https:\/\/www.hoecker.eu\/blog\/ralf-hoecker-spricht-im-podcast-follow-the-rechtsstaat-ueber-kritische-mandate-und-cancel-culture\/#article\",\"isPartOf\":{\"@id\":\"https:\/\/www.hoecker.eu\/blog\/ralf-hoecker-spricht-im-podcast-follow-the-rechtsstaat-ueber-kritische-mandate-und-cancel-culture\/\"},\"author\":{\"name\":\"Prof. Dr. Ralf H\u00f6cker\",\"@id\":\"https:\/\/www.hoecker.eu\/blog\/#\/schema\/person\/08f95581eed0534eccd0b2438f7a1cab\"},\"headline\":\"Ralf H\u00f6cker spricht im Podcast &#8220;Follow the Rechtsstaat&#8221; \u00fcber kritische Mandate und Cancel Culture\",\"datePublished\":\"2022-10-27T05:59:00+00:00\",\"dateModified\":\"2025-02-17T13:54:00+00:00\",\"mainEntityOfPage\":{\"@id\":\"https:\/\/www.hoecker.eu\/blog\/ralf-hoecker-spricht-im-podcast-follow-the-rechtsstaat-ueber-kritische-mandate-und-cancel-culture\/\"},\"wordCount\":165,\"publisher\":{\"@id\":\"https:\/\/www.hoecker.eu\/blog\/#organization\"},\"articleSection\":[\"News\"],\"inLanguage\":\"de\"},{\"@type\":\"WebPage\",\"@id\":\"https:\/\/www.hoecker.eu\/blog\/ralf-hoecker-spricht-im-podcast-follow-the-rechtsstaat-ueber-kritische-mandate-und-cancel-culture\/\",\"url\":\"https:\/\/www.hoecker.eu\/blog\/ralf-hoecker-spricht-im-podcast-follow-the-rechtsstaat-ueber-kritische-mandate-und-cancel-culture\/\",\"name\":\"Ralf H\u00f6cker spricht im Podcast \\\"Follow the Rechtsstaat\\\" \u00fcber kritische Mandate und Cancel Culture - H\u00d6CKER - der Blog\",\"isPartOf\":{\"@id\":\"https:\/\/www.hoecker.eu\/blog\/#website\"},\"datePublished\":\"2022-10-27T05:59:00+00:00\",\"dateModified\":\"2025-02-17T13:54:00+00:00\",\"breadcrumb\":{\"@id\":\"https:\/\/www.hoecker.eu\/blog\/ralf-hoecker-spricht-im-podcast-follow-the-rechtsstaat-ueber-kritische-mandate-und-cancel-culture\/#breadcrumb\"},\"inLanguage\":\"de\",\"potentialAction\":[{\"@type\":\"ReadAction\",\"target\":[\"https:\/\/www.hoecker.eu\/blog\/ralf-hoecker-spricht-im-podcast-follow-the-rechtsstaat-ueber-kritische-mandate-und-cancel-culture\/\"]}]},{\"@type\":\"BreadcrumbList\",\"@id\":\"https:\/\/www.hoecker.eu\/blog\/ralf-hoecker-spricht-im-podcast-follow-the-rechtsstaat-ueber-kritische-mandate-und-cancel-culture\/#breadcrumb\",\"itemListElement\":[{\"@type\":\"ListItem\",\"position\":1,\"name\":\"Startseite\",\"item\":\"https:\/\/dev.hoecker.eu\/blog\/\"},{\"@type\":\"ListItem\",\"position\":2,\"name\":\"Ralf H\u00f6cker spricht im Podcast &#8220;Follow the Rechtsstaat&#8221; \u00fcber kritische Mandate und Cancel Culture\"}]},{\"@type\":\"WebSite\",\"@id\":\"https:\/\/www.hoecker.eu\/blog\/#website\",\"url\":\"https:\/\/www.hoecker.eu\/blog\/\",\"name\":\"H\u00d6CKER - der Blog\",\"description\":\"Expertenblog f\u00fcr \u00c4u\u00dferungs-, Medien-, Marken-, Urheber- und Wettbewerbsrecht.\",\"publisher\":{\"@id\":\"https:\/\/www.hoecker.eu\/blog\/#organization\"},\"potentialAction\":[{\"@type\":\"SearchAction\",\"target\":{\"@type\":\"EntryPoint\",\"urlTemplate\":\"https:\/\/www.hoecker.eu\/blog\/?s={search_term_string}\"},\"query-input\":{\"@type\":\"PropertyValueSpecification\",\"valueRequired\":true,\"valueName\":\"search_term_string\"}}],\"inLanguage\":\"de\"},{\"@type\":\"Organization\",\"@id\":\"https:\/\/www.hoecker.eu\/blog\/#organization\",\"name\":\"H\u00d6CKER Rechtsanw\u00e4lte PartGmbB\",\"alternateName\":\"H\u00d6CKER\",\"url\":\"https:\/\/www.hoecker.eu\/blog\/\",\"logo\":{\"@type\":\"ImageObject\",\"inLanguage\":\"de\",\"@id\":\"https:\/\/www.hoecker.eu\/blog\/#\/schema\/logo\/image\/\",\"url\":\"https:\/\/www.hoecker.eu\/blog\/wp-content\/uploads\/2025\/03\/Blog-Logo.webp\",\"contentUrl\":\"https:\/\/www.hoecker.eu\/blog\/wp-content\/uploads\/2025\/03\/Blog-Logo.webp\",\"width\":500,\"height\":500,\"caption\":\"H\u00d6CKER Rechtsanw\u00e4lte PartGmbB\"},\"image\":{\"@id\":\"https:\/\/www.hoecker.eu\/blog\/#\/schema\/logo\/image\/\"},\"sameAs\":[\"https:\/\/www.facebook.com\/HoeckerRAe\/\",\"https:\/\/x.com\/hoecker_rae\",\"https:\/\/www.linkedin.com\/company\/hcker-rechtsanwlte\/\",\"https:\/\/www.instagram.com\/hoecker_rae\/\"],\"email\":\"contact@hoecker.eu\",\"telephone\":\"+ 49 (0)221-933 19-10\",\"legalName\":\"H\u00d6CKER Rechtsanw\u00e4lte PartGmbB\",\"numberOfEmployees\":{\"@type\":\"QuantitativeValue\",\"minValue\":\"11\",\"maxValue\":\"50\"}},{\"@type\":\"Person\",\"@id\":\"https:\/\/www.hoecker.eu\/blog\/#\/schema\/person\/08f95581eed0534eccd0b2438f7a1cab\",\"name\":\"Prof. Dr. Ralf H\u00f6cker\",\"description\":\"Medienanwalt. Besch\u00fctzer vor mieser Presse\",\"sameAs\":[\"https:\/\/www.hoecker.eu\/wer\/prof-dr-ralf-hoecker\",\"https:\/\/www.facebook.com\/ralf.hoecker\",\"https:\/\/www.linkedin.com\/in\/prof-dr-ralf-hcker-ll-m-london-17987826\/\",\"https:\/\/x.com\/Ralf_Hoecker\"],\"url\":\"https:\/\/www.hoecker.eu\/blog\/author\/hoecker_adm\/\"}]}<\/script>\n<!-- \/ Yoast SEO Premium plugin. -->","yoast_head_json":{"title":"Ralf H\u00f6cker spricht im Podcast \"Follow the Rechtsstaat\" \u00fcber kritische Mandate und Cancel Culture - H\u00d6CKER - der Blog","robots":{"index":"index","follow":"follow","max-snippet":"max-snippet:-1","max-image-preview":"max-image-preview:large","max-video-preview":"max-video-preview:-1"},"canonical":"https:\/\/www.hoecker.eu\/blog\/ralf-hoecker-spricht-im-podcast-follow-the-rechtsstaat-ueber-kritische-mandate-und-cancel-culture\/","og_locale":"de_DE","og_type":"article","og_title":"Ralf H\u00f6cker spricht im Podcast \"Follow the Rechtsstaat\" \u00fcber kritische Mandate und Cancel Culture","og_description":"Ralf H\u00f6cker kritisiert in dem Interview den Vernichtungswillen, mit dem Aktivisten der Cancel Culture vorgehen, und erkl\u00e4rt, warum das mit Toleranz nichts mehr zu tun hat. Der Idee, dass es moralisch geboten sein k\u00f6nnte, die Gef\u00fchle der Rezipienten von \u201eoffensive speech\u201c durch eine Zensur kontroverser Aussagen zu sch\u00fctzen, kann H\u00f6cker nichts abgewinnen. H\u00f6cker berichtet zudem [&hellip;]","og_url":"https:\/\/www.hoecker.eu\/blog\/ralf-hoecker-spricht-im-podcast-follow-the-rechtsstaat-ueber-kritische-mandate-und-cancel-culture\/","og_site_name":"H\u00d6CKER - der Blog","article_publisher":"https:\/\/www.facebook.com\/HoeckerRAe\/","article_author":"https:\/\/www.facebook.com\/ralf.hoecker","article_published_time":"2022-10-27T05:59:00+00:00","article_modified_time":"2025-02-17T13:54:00+00:00","author":"Prof. Dr. Ralf H\u00f6cker","twitter_card":"summary_large_image","twitter_creator":"@Ralf_Hoecker","twitter_site":"@hoecker_rae","twitter_misc":{"Verfasst von":"Prof. Dr. Ralf H\u00f6cker","Gesch\u00e4tzte Lesezeit":"1\u00a0Minute"},"schema":{"@context":"https:\/\/schema.org","@graph":[{"@type":"Article","@id":"https:\/\/www.hoecker.eu\/blog\/ralf-hoecker-spricht-im-podcast-follow-the-rechtsstaat-ueber-kritische-mandate-und-cancel-culture\/#article","isPartOf":{"@id":"https:\/\/www.hoecker.eu\/blog\/ralf-hoecker-spricht-im-podcast-follow-the-rechtsstaat-ueber-kritische-mandate-und-cancel-culture\/"},"author":{"name":"Prof. Dr. Ralf H\u00f6cker","@id":"https:\/\/www.hoecker.eu\/blog\/#\/schema\/person\/08f95581eed0534eccd0b2438f7a1cab"},"headline":"Ralf H\u00f6cker spricht im Podcast &#8220;Follow the Rechtsstaat&#8221; \u00fcber kritische Mandate und Cancel Culture","datePublished":"2022-10-27T05:59:00+00:00","dateModified":"2025-02-17T13:54:00+00:00","mainEntityOfPage":{"@id":"https:\/\/www.hoecker.eu\/blog\/ralf-hoecker-spricht-im-podcast-follow-the-rechtsstaat-ueber-kritische-mandate-und-cancel-culture\/"},"wordCount":165,"publisher":{"@id":"https:\/\/www.hoecker.eu\/blog\/#organization"},"articleSection":["News"],"inLanguage":"de"},{"@type":"WebPage","@id":"https:\/\/www.hoecker.eu\/blog\/ralf-hoecker-spricht-im-podcast-follow-the-rechtsstaat-ueber-kritische-mandate-und-cancel-culture\/","url":"https:\/\/www.hoecker.eu\/blog\/ralf-hoecker-spricht-im-podcast-follow-the-rechtsstaat-ueber-kritische-mandate-und-cancel-culture\/","name":"Ralf H\u00f6cker spricht im Podcast \"Follow the Rechtsstaat\" \u00fcber kritische Mandate und Cancel Culture - H\u00d6CKER - der Blog","isPartOf":{"@id":"https:\/\/www.hoecker.eu\/blog\/#website"},"datePublished":"2022-10-27T05:59:00+00:00","dateModified":"2025-02-17T13:54:00+00:00","breadcrumb":{"@id":"https:\/\/www.hoecker.eu\/blog\/ralf-hoecker-spricht-im-podcast-follow-the-rechtsstaat-ueber-kritische-mandate-und-cancel-culture\/#breadcrumb"},"inLanguage":"de","potentialAction":[{"@type":"ReadAction","target":["https:\/\/www.hoecker.eu\/blog\/ralf-hoecker-spricht-im-podcast-follow-the-rechtsstaat-ueber-kritische-mandate-und-cancel-culture\/"]}]},{"@type":"BreadcrumbList","@id":"https:\/\/www.hoecker.eu\/blog\/ralf-hoecker-spricht-im-podcast-follow-the-rechtsstaat-ueber-kritische-mandate-und-cancel-culture\/#breadcrumb","itemListElement":[{"@type":"ListItem","position":1,"name":"Startseite","item":"https:\/\/dev.hoecker.eu\/blog\/"},{"@type":"ListItem","position":2,"name":"Ralf H\u00f6cker spricht im Podcast &#8220;Follow the Rechtsstaat&#8221; \u00fcber kritische Mandate und Cancel Culture"}]},{"@type":"WebSite","@id":"https:\/\/www.hoecker.eu\/blog\/#website","url":"https:\/\/www.hoecker.eu\/blog\/","name":"H\u00d6CKER - der Blog","description":"Expertenblog f\u00fcr \u00c4u\u00dferungs-, Medien-, Marken-, Urheber- und Wettbewerbsrecht.","publisher":{"@id":"https:\/\/www.hoecker.eu\/blog\/#organization"},"potentialAction":[{"@type":"SearchAction","target":{"@type":"EntryPoint","urlTemplate":"https:\/\/www.hoecker.eu\/blog\/?s={search_term_string}"},"query-input":{"@type":"PropertyValueSpecification","valueRequired":true,"valueName":"search_term_string"}}],"inLanguage":"de"},{"@type":"Organization","@id":"https:\/\/www.hoecker.eu\/blog\/#organization","name":"H\u00d6CKER Rechtsanw\u00e4lte PartGmbB","alternateName":"H\u00d6CKER","url":"https:\/\/www.hoecker.eu\/blog\/","logo":{"@type":"ImageObject","inLanguage":"de","@id":"https:\/\/www.hoecker.eu\/blog\/#\/schema\/logo\/image\/","url":"https:\/\/www.hoecker.eu\/blog\/wp-content\/uploads\/2025\/03\/Blog-Logo.webp","contentUrl":"https:\/\/www.hoecker.eu\/blog\/wp-content\/uploads\/2025\/03\/Blog-Logo.webp","width":500,"height":500,"caption":"H\u00d6CKER Rechtsanw\u00e4lte PartGmbB"},"image":{"@id":"https:\/\/www.hoecker.eu\/blog\/#\/schema\/logo\/image\/"},"sameAs":["https:\/\/www.facebook.com\/HoeckerRAe\/","https:\/\/x.com\/hoecker_rae","https:\/\/www.linkedin.com\/company\/hcker-rechtsanwlte\/","https:\/\/www.instagram.com\/hoecker_rae\/"],"email":"contact@hoecker.eu","telephone":"+ 49 (0)221-933 19-10","legalName":"H\u00d6CKER Rechtsanw\u00e4lte PartGmbB","numberOfEmployees":{"@type":"QuantitativeValue","minValue":"11","maxValue":"50"}},{"@type":"Person","@id":"https:\/\/www.hoecker.eu\/blog\/#\/schema\/person\/08f95581eed0534eccd0b2438f7a1cab","name":"Prof. Dr. Ralf H\u00f6cker","description":"Medienanwalt. Besch\u00fctzer vor mieser Presse","sameAs":["https:\/\/www.hoecker.eu\/wer\/prof-dr-ralf-hoecker","https:\/\/www.facebook.com\/ralf.hoecker","https:\/\/www.linkedin.com\/in\/prof-dr-ralf-hcker-ll-m-london-17987826\/","https:\/\/x.com\/Ralf_Hoecker"],"url":"https:\/\/www.hoecker.eu\/blog\/author\/hoecker_adm\/"}]}},"authors":[{"term_id":84,"user_id":1,"is_guest":0,"slug":"hoecker_adm","display_name":"Prof. Dr. Ralf H\u00f6cker","avatar_url":{"url":"https:\/\/www.hoecker.eu\/blog\/wp-content\/uploads\/2023\/12\/ProfDrRalfHoecker.jpg","url2x":"https:\/\/www.hoecker.eu\/blog\/wp-content\/uploads\/2023\/12\/ProfDrRalfHoecker.jpg"},"0":null,"1":"","2":"","3":"","4":"","5":"","6":"","7":"","8":"","9":"","10":"","11":""}],"_links":{"self":[{"href":"https:\/\/www.hoecker.eu\/blog\/wp-json\/wp\/v2\/posts\/8195","targetHints":{"allow":["GET"]}}],"collection":[{"href":"https:\/\/www.hoecker.eu\/blog\/wp-json\/wp\/v2\/posts"}],"about":[{"href":"https:\/\/www.hoecker.eu\/blog\/wp-json\/wp\/v2\/types\/post"}],"author":[{"embeddable":true,"href":"https:\/\/www.hoecker.eu\/blog\/wp-json\/wp\/v2\/users\/1"}],"replies":[{"embeddable":true,"href":"https:\/\/www.hoecker.eu\/blog\/wp-json\/wp\/v2\/comments?post=8195"}],"version-history":[{"count":1,"href":"https:\/\/www.hoecker.eu\/blog\/wp-json\/wp\/v2\/posts\/8195\/revisions"}],"predecessor-version":[{"id":9317,"href":"https:\/\/www.hoecker.eu\/blog\/wp-json\/wp\/v2\/posts\/8195\/revisions\/9317"}],"wp:attachment":[{"href":"https:\/\/www.hoecker.eu\/blog\/wp-json\/wp\/v2\/media?parent=8195"}],"wp:term":[{"taxonomy":"category","embeddable":true,"href":"https:\/\/www.hoecker.eu\/blog\/wp-json\/wp\/v2\/categories?post=8195"},{"taxonomy":"post_tag","embeddable":true,"href":"https:\/\/www.hoecker.eu\/blog\/wp-json\/wp\/v2\/tags?post=8195"},{"taxonomy":"hashtags","embeddable":true,"href":"https:\/\/www.hoecker.eu\/blog\/wp-json\/wp\/v2\/hashtags?post=8195"},{"taxonomy":"author","embeddable":true,"href":"https:\/\/www.hoecker.eu\/blog\/wp-json\/wp\/v2\/ppma_author?post=8195"}],"curies":[{"name":"wp","href":"https:\/\/api.w.org\/{rel}","templated":true}]}}