{"id":8193,"date":"2022-11-03T16:17:00","date_gmt":"2022-11-03T15:17:00","guid":{"rendered":"https:\/\/www.hoecker.eu\/blog\/erfolg-fuer-don-alphonso-am-olg-muenchen\/"},"modified":"2025-02-17T14:53:59","modified_gmt":"2025-02-17T13:53:59","slug":"erfolg-fuer-don-alphonso-am-olg-muenchen","status":"publish","type":"post","link":"https:\/\/www.hoecker.eu\/blog\/erfolg-fuer-don-alphonso-am-olg-muenchen\/","title":{"rendered":"Erfolg f\u00fcr Don Alphonso am OLG M\u00fcnchen"},"content":{"rendered":"<p>F\u00fcr den WELT-Kolumnisten Don Alphonso hat H\u00d6CKER ein gerichtliches Verbot erwirkt. Der Fall: Unser Mandant postete auf Twitter versehentlich den Buchstaben \u201eN\u201c. Unbekannte kommentierten darunter die Buchstaben I, G, G, E und R. Ein Berliner Blogger warf unserem Mandanten daraufhin vor, er habe mit den Trollen gemeinsame Sache gemacht. Unser Mandant stellte daraufhin auf Twitter klar, dass er damit nichts zu tun hat und erstattete Strafanzeige gegen die Nutzer. Trotzdem beharrte der Blogger noch im Gerichtsverfahren auf seinem Vorwurf. Das OLG M\u00fcnchen hat diese Darstellung nun in letzter Instanz verboten (Urt. v. 6.9.2022, Az. 18 W 1126\/22, rechtskr\u00e4ftig).<\/p>\n<p>Rechtsanwalt Dr. Christoph Schmischke: \u201eDer Vorwurf an unseren Mandanten wog nicht nur schwer, er war auch besonders perfide: Obwohl es sich bei dem gebastelten Wort nachweislich nicht um das Werk von Don Alphonso handelte und er sich sogar aktiv gegen die verantwortlichen Idioten stellte, wurde er an den Twitter-Pranger gestellt \u2013 inklusive Aufforderungen von anderen Twitter-Nutzern an den Arbeitgeber, ihn rauszuschmei\u00dfen und aus dem \u00f6ffentlichen Diskurs zu canceln. Deshalb ist dieser Erfolg f\u00fcr unseren Mandanten besonders wertvoll. Die Entscheidung ist wegweisend und macht deutlich, dass auch bei der Unterstellung von Absichten und Gesinnungen die Beweislast beim \u00c4u\u00dfernden liegt.\u201c<\/p>\n","protected":false},"excerpt":{"rendered":"<p>F\u00fcr den WELT-Kolumnisten Don Alphonso hat H\u00d6CKER ein gerichtliches Verbot erwirkt. Der Fall: Unser Mandant postete auf Twitter versehentlich den Buchstaben \u201eN\u201c. Unbekannte kommentierten darunter die Buchstaben I, G, G, E und R. Ein Berliner Blogger warf unserem Mandanten daraufhin vor, er habe mit den Trollen gemeinsame Sache gemacht. Unser Mandant stellte daraufhin auf Twitter [&hellip;]<\/p>\n","protected":false},"author":1,"featured_media":0,"comment_status":"closed","ping_status":"closed","sticky":false,"template":"","format":"standard","meta":{"_has_post_settings":[],"footnotes":""},"categories":[15],"tags":[],"hashtags":[],"ppma_author":[84],"class_list":["post-8193","post","type-post","status-publish","format-standard","hentry","category-news","author-hoecker_adm"],"yoast_head":"<!-- This site is optimized with the Yoast SEO Premium plugin v25.9 (Yoast SEO v27.0) - https:\/\/yoast.com\/product\/yoast-seo-premium-wordpress\/ -->\n<title>Erfolg f\u00fcr Don Alphonso am OLG M\u00fcnchen - H\u00d6CKER - der Blog<\/title>\n<meta name=\"robots\" content=\"index, follow, max-snippet:-1, max-image-preview:large, max-video-preview:-1\" \/>\n<link rel=\"canonical\" href=\"https:\/\/www.hoecker.eu\/blog\/erfolg-fuer-don-alphonso-am-olg-muenchen\/\" \/>\n<meta property=\"og:locale\" content=\"de_DE\" \/>\n<meta property=\"og:type\" content=\"article\" \/>\n<meta property=\"og:title\" content=\"Erfolg f\u00fcr Don Alphonso am OLG M\u00fcnchen\" \/>\n<meta property=\"og:description\" content=\"F\u00fcr den WELT-Kolumnisten Don Alphonso hat H\u00d6CKER ein gerichtliches Verbot erwirkt. Der Fall: Unser Mandant postete auf Twitter versehentlich den Buchstaben \u201eN\u201c. Unbekannte kommentierten darunter die Buchstaben I, G, G, E und R. Ein Berliner Blogger warf unserem Mandanten daraufhin vor, er habe mit den Trollen gemeinsame Sache gemacht. Unser Mandant stellte daraufhin auf Twitter [&hellip;]\" \/>\n<meta property=\"og:url\" content=\"https:\/\/www.hoecker.eu\/blog\/erfolg-fuer-don-alphonso-am-olg-muenchen\/\" \/>\n<meta property=\"og:site_name\" content=\"H\u00d6CKER - der Blog\" \/>\n<meta property=\"article:publisher\" content=\"https:\/\/www.facebook.com\/HoeckerRAe\/\" \/>\n<meta property=\"article:author\" content=\"https:\/\/www.facebook.com\/ralf.hoecker\" \/>\n<meta property=\"article:published_time\" content=\"2022-11-03T15:17:00+00:00\" \/>\n<meta property=\"article:modified_time\" content=\"2025-02-17T13:53:59+00:00\" \/>\n<meta name=\"author\" content=\"Prof. Dr. Ralf H\u00f6cker\" \/>\n<meta name=\"twitter:card\" content=\"summary_large_image\" \/>\n<meta name=\"twitter:creator\" content=\"@Ralf_Hoecker\" \/>\n<meta name=\"twitter:site\" content=\"@hoecker_rae\" \/>\n<meta name=\"twitter:label1\" content=\"Verfasst von\" \/>\n\t<meta name=\"twitter:data1\" content=\"Prof. Dr. Ralf H\u00f6cker\" \/>\n\t<meta name=\"twitter:label2\" content=\"Gesch\u00e4tzte Lesezeit\" \/>\n\t<meta name=\"twitter:data2\" content=\"1\u00a0Minute\" \/>\n<script type=\"application\/ld+json\" class=\"yoast-schema-graph\">{\"@context\":\"https:\/\/schema.org\",\"@graph\":[{\"@type\":\"Article\",\"@id\":\"https:\/\/www.hoecker.eu\/blog\/erfolg-fuer-don-alphonso-am-olg-muenchen\/#article\",\"isPartOf\":{\"@id\":\"https:\/\/www.hoecker.eu\/blog\/erfolg-fuer-don-alphonso-am-olg-muenchen\/\"},\"author\":{\"name\":\"Prof. Dr. Ralf H\u00f6cker\",\"@id\":\"https:\/\/www.hoecker.eu\/blog\/#\/schema\/person\/08f95581eed0534eccd0b2438f7a1cab\"},\"headline\":\"Erfolg f\u00fcr Don Alphonso am OLG M\u00fcnchen\",\"datePublished\":\"2022-11-03T15:17:00+00:00\",\"dateModified\":\"2025-02-17T13:53:59+00:00\",\"mainEntityOfPage\":{\"@id\":\"https:\/\/www.hoecker.eu\/blog\/erfolg-fuer-don-alphonso-am-olg-muenchen\/\"},\"wordCount\":208,\"publisher\":{\"@id\":\"https:\/\/www.hoecker.eu\/blog\/#organization\"},\"articleSection\":[\"News\"],\"inLanguage\":\"de\"},{\"@type\":\"WebPage\",\"@id\":\"https:\/\/www.hoecker.eu\/blog\/erfolg-fuer-don-alphonso-am-olg-muenchen\/\",\"url\":\"https:\/\/www.hoecker.eu\/blog\/erfolg-fuer-don-alphonso-am-olg-muenchen\/\",\"name\":\"Erfolg f\u00fcr Don Alphonso am OLG M\u00fcnchen - H\u00d6CKER - der Blog\",\"isPartOf\":{\"@id\":\"https:\/\/www.hoecker.eu\/blog\/#website\"},\"datePublished\":\"2022-11-03T15:17:00+00:00\",\"dateModified\":\"2025-02-17T13:53:59+00:00\",\"breadcrumb\":{\"@id\":\"https:\/\/www.hoecker.eu\/blog\/erfolg-fuer-don-alphonso-am-olg-muenchen\/#breadcrumb\"},\"inLanguage\":\"de\",\"potentialAction\":[{\"@type\":\"ReadAction\",\"target\":[\"https:\/\/www.hoecker.eu\/blog\/erfolg-fuer-don-alphonso-am-olg-muenchen\/\"]}]},{\"@type\":\"BreadcrumbList\",\"@id\":\"https:\/\/www.hoecker.eu\/blog\/erfolg-fuer-don-alphonso-am-olg-muenchen\/#breadcrumb\",\"itemListElement\":[{\"@type\":\"ListItem\",\"position\":1,\"name\":\"Startseite\",\"item\":\"https:\/\/dev.hoecker.eu\/blog\/\"},{\"@type\":\"ListItem\",\"position\":2,\"name\":\"Erfolg f\u00fcr Don Alphonso am OLG M\u00fcnchen\"}]},{\"@type\":\"WebSite\",\"@id\":\"https:\/\/www.hoecker.eu\/blog\/#website\",\"url\":\"https:\/\/www.hoecker.eu\/blog\/\",\"name\":\"H\u00d6CKER - der Blog\",\"description\":\"Expertenblog f\u00fcr \u00c4u\u00dferungs-, Medien-, Marken-, Urheber- und Wettbewerbsrecht.\",\"publisher\":{\"@id\":\"https:\/\/www.hoecker.eu\/blog\/#organization\"},\"potentialAction\":[{\"@type\":\"SearchAction\",\"target\":{\"@type\":\"EntryPoint\",\"urlTemplate\":\"https:\/\/www.hoecker.eu\/blog\/?s={search_term_string}\"},\"query-input\":{\"@type\":\"PropertyValueSpecification\",\"valueRequired\":true,\"valueName\":\"search_term_string\"}}],\"inLanguage\":\"de\"},{\"@type\":\"Organization\",\"@id\":\"https:\/\/www.hoecker.eu\/blog\/#organization\",\"name\":\"H\u00d6CKER Rechtsanw\u00e4lte PartGmbB\",\"alternateName\":\"H\u00d6CKER\",\"url\":\"https:\/\/www.hoecker.eu\/blog\/\",\"logo\":{\"@type\":\"ImageObject\",\"inLanguage\":\"de\",\"@id\":\"https:\/\/www.hoecker.eu\/blog\/#\/schema\/logo\/image\/\",\"url\":\"https:\/\/www.hoecker.eu\/blog\/wp-content\/uploads\/2025\/03\/Blog-Logo.webp\",\"contentUrl\":\"https:\/\/www.hoecker.eu\/blog\/wp-content\/uploads\/2025\/03\/Blog-Logo.webp\",\"width\":500,\"height\":500,\"caption\":\"H\u00d6CKER Rechtsanw\u00e4lte PartGmbB\"},\"image\":{\"@id\":\"https:\/\/www.hoecker.eu\/blog\/#\/schema\/logo\/image\/\"},\"sameAs\":[\"https:\/\/www.facebook.com\/HoeckerRAe\/\",\"https:\/\/x.com\/hoecker_rae\",\"https:\/\/www.linkedin.com\/company\/hcker-rechtsanwlte\/\",\"https:\/\/www.instagram.com\/hoecker_rae\/\"],\"email\":\"contact@hoecker.eu\",\"telephone\":\"+ 49 (0)221-933 19-10\",\"legalName\":\"H\u00d6CKER Rechtsanw\u00e4lte PartGmbB\",\"numberOfEmployees\":{\"@type\":\"QuantitativeValue\",\"minValue\":\"11\",\"maxValue\":\"50\"}},{\"@type\":\"Person\",\"@id\":\"https:\/\/www.hoecker.eu\/blog\/#\/schema\/person\/08f95581eed0534eccd0b2438f7a1cab\",\"name\":\"Prof. Dr. Ralf H\u00f6cker\",\"description\":\"Medienanwalt. Besch\u00fctzer vor mieser Presse\",\"sameAs\":[\"https:\/\/www.hoecker.eu\/wer\/prof-dr-ralf-hoecker\",\"https:\/\/www.facebook.com\/ralf.hoecker\",\"https:\/\/www.linkedin.com\/in\/prof-dr-ralf-hcker-ll-m-london-17987826\/\",\"https:\/\/x.com\/Ralf_Hoecker\"],\"url\":\"https:\/\/www.hoecker.eu\/blog\/author\/hoecker_adm\/\"}]}<\/script>\n<!-- \/ Yoast SEO Premium plugin. -->","yoast_head_json":{"title":"Erfolg f\u00fcr Don Alphonso am OLG M\u00fcnchen - H\u00d6CKER - der Blog","robots":{"index":"index","follow":"follow","max-snippet":"max-snippet:-1","max-image-preview":"max-image-preview:large","max-video-preview":"max-video-preview:-1"},"canonical":"https:\/\/www.hoecker.eu\/blog\/erfolg-fuer-don-alphonso-am-olg-muenchen\/","og_locale":"de_DE","og_type":"article","og_title":"Erfolg f\u00fcr Don Alphonso am OLG M\u00fcnchen","og_description":"F\u00fcr den WELT-Kolumnisten Don Alphonso hat H\u00d6CKER ein gerichtliches Verbot erwirkt. Der Fall: Unser Mandant postete auf Twitter versehentlich den Buchstaben \u201eN\u201c. Unbekannte kommentierten darunter die Buchstaben I, G, G, E und R. Ein Berliner Blogger warf unserem Mandanten daraufhin vor, er habe mit den Trollen gemeinsame Sache gemacht. Unser Mandant stellte daraufhin auf Twitter [&hellip;]","og_url":"https:\/\/www.hoecker.eu\/blog\/erfolg-fuer-don-alphonso-am-olg-muenchen\/","og_site_name":"H\u00d6CKER - der Blog","article_publisher":"https:\/\/www.facebook.com\/HoeckerRAe\/","article_author":"https:\/\/www.facebook.com\/ralf.hoecker","article_published_time":"2022-11-03T15:17:00+00:00","article_modified_time":"2025-02-17T13:53:59+00:00","author":"Prof. Dr. Ralf H\u00f6cker","twitter_card":"summary_large_image","twitter_creator":"@Ralf_Hoecker","twitter_site":"@hoecker_rae","twitter_misc":{"Verfasst von":"Prof. Dr. Ralf H\u00f6cker","Gesch\u00e4tzte Lesezeit":"1\u00a0Minute"},"schema":{"@context":"https:\/\/schema.org","@graph":[{"@type":"Article","@id":"https:\/\/www.hoecker.eu\/blog\/erfolg-fuer-don-alphonso-am-olg-muenchen\/#article","isPartOf":{"@id":"https:\/\/www.hoecker.eu\/blog\/erfolg-fuer-don-alphonso-am-olg-muenchen\/"},"author":{"name":"Prof. Dr. Ralf H\u00f6cker","@id":"https:\/\/www.hoecker.eu\/blog\/#\/schema\/person\/08f95581eed0534eccd0b2438f7a1cab"},"headline":"Erfolg f\u00fcr Don Alphonso am OLG M\u00fcnchen","datePublished":"2022-11-03T15:17:00+00:00","dateModified":"2025-02-17T13:53:59+00:00","mainEntityOfPage":{"@id":"https:\/\/www.hoecker.eu\/blog\/erfolg-fuer-don-alphonso-am-olg-muenchen\/"},"wordCount":208,"publisher":{"@id":"https:\/\/www.hoecker.eu\/blog\/#organization"},"articleSection":["News"],"inLanguage":"de"},{"@type":"WebPage","@id":"https:\/\/www.hoecker.eu\/blog\/erfolg-fuer-don-alphonso-am-olg-muenchen\/","url":"https:\/\/www.hoecker.eu\/blog\/erfolg-fuer-don-alphonso-am-olg-muenchen\/","name":"Erfolg f\u00fcr Don Alphonso am OLG M\u00fcnchen - H\u00d6CKER - der Blog","isPartOf":{"@id":"https:\/\/www.hoecker.eu\/blog\/#website"},"datePublished":"2022-11-03T15:17:00+00:00","dateModified":"2025-02-17T13:53:59+00:00","breadcrumb":{"@id":"https:\/\/www.hoecker.eu\/blog\/erfolg-fuer-don-alphonso-am-olg-muenchen\/#breadcrumb"},"inLanguage":"de","potentialAction":[{"@type":"ReadAction","target":["https:\/\/www.hoecker.eu\/blog\/erfolg-fuer-don-alphonso-am-olg-muenchen\/"]}]},{"@type":"BreadcrumbList","@id":"https:\/\/www.hoecker.eu\/blog\/erfolg-fuer-don-alphonso-am-olg-muenchen\/#breadcrumb","itemListElement":[{"@type":"ListItem","position":1,"name":"Startseite","item":"https:\/\/dev.hoecker.eu\/blog\/"},{"@type":"ListItem","position":2,"name":"Erfolg f\u00fcr Don Alphonso am OLG M\u00fcnchen"}]},{"@type":"WebSite","@id":"https:\/\/www.hoecker.eu\/blog\/#website","url":"https:\/\/www.hoecker.eu\/blog\/","name":"H\u00d6CKER - der Blog","description":"Expertenblog f\u00fcr \u00c4u\u00dferungs-, Medien-, Marken-, Urheber- und Wettbewerbsrecht.","publisher":{"@id":"https:\/\/www.hoecker.eu\/blog\/#organization"},"potentialAction":[{"@type":"SearchAction","target":{"@type":"EntryPoint","urlTemplate":"https:\/\/www.hoecker.eu\/blog\/?s={search_term_string}"},"query-input":{"@type":"PropertyValueSpecification","valueRequired":true,"valueName":"search_term_string"}}],"inLanguage":"de"},{"@type":"Organization","@id":"https:\/\/www.hoecker.eu\/blog\/#organization","name":"H\u00d6CKER Rechtsanw\u00e4lte PartGmbB","alternateName":"H\u00d6CKER","url":"https:\/\/www.hoecker.eu\/blog\/","logo":{"@type":"ImageObject","inLanguage":"de","@id":"https:\/\/www.hoecker.eu\/blog\/#\/schema\/logo\/image\/","url":"https:\/\/www.hoecker.eu\/blog\/wp-content\/uploads\/2025\/03\/Blog-Logo.webp","contentUrl":"https:\/\/www.hoecker.eu\/blog\/wp-content\/uploads\/2025\/03\/Blog-Logo.webp","width":500,"height":500,"caption":"H\u00d6CKER Rechtsanw\u00e4lte PartGmbB"},"image":{"@id":"https:\/\/www.hoecker.eu\/blog\/#\/schema\/logo\/image\/"},"sameAs":["https:\/\/www.facebook.com\/HoeckerRAe\/","https:\/\/x.com\/hoecker_rae","https:\/\/www.linkedin.com\/company\/hcker-rechtsanwlte\/","https:\/\/www.instagram.com\/hoecker_rae\/"],"email":"contact@hoecker.eu","telephone":"+ 49 (0)221-933 19-10","legalName":"H\u00d6CKER Rechtsanw\u00e4lte PartGmbB","numberOfEmployees":{"@type":"QuantitativeValue","minValue":"11","maxValue":"50"}},{"@type":"Person","@id":"https:\/\/www.hoecker.eu\/blog\/#\/schema\/person\/08f95581eed0534eccd0b2438f7a1cab","name":"Prof. Dr. Ralf H\u00f6cker","description":"Medienanwalt. Besch\u00fctzer vor mieser Presse","sameAs":["https:\/\/www.hoecker.eu\/wer\/prof-dr-ralf-hoecker","https:\/\/www.facebook.com\/ralf.hoecker","https:\/\/www.linkedin.com\/in\/prof-dr-ralf-hcker-ll-m-london-17987826\/","https:\/\/x.com\/Ralf_Hoecker"],"url":"https:\/\/www.hoecker.eu\/blog\/author\/hoecker_adm\/"}]}},"authors":[{"term_id":84,"user_id":1,"is_guest":0,"slug":"hoecker_adm","display_name":"Prof. Dr. Ralf H\u00f6cker","avatar_url":{"url":"https:\/\/www.hoecker.eu\/blog\/wp-content\/uploads\/2023\/12\/ProfDrRalfHoecker.jpg","url2x":"https:\/\/www.hoecker.eu\/blog\/wp-content\/uploads\/2023\/12\/ProfDrRalfHoecker.jpg"},"0":null,"1":"","2":"","3":"","4":"","5":"","6":"","7":"","8":"","9":"","10":"","11":""}],"_links":{"self":[{"href":"https:\/\/www.hoecker.eu\/blog\/wp-json\/wp\/v2\/posts\/8193","targetHints":{"allow":["GET"]}}],"collection":[{"href":"https:\/\/www.hoecker.eu\/blog\/wp-json\/wp\/v2\/posts"}],"about":[{"href":"https:\/\/www.hoecker.eu\/blog\/wp-json\/wp\/v2\/types\/post"}],"author":[{"embeddable":true,"href":"https:\/\/www.hoecker.eu\/blog\/wp-json\/wp\/v2\/users\/1"}],"replies":[{"embeddable":true,"href":"https:\/\/www.hoecker.eu\/blog\/wp-json\/wp\/v2\/comments?post=8193"}],"version-history":[{"count":1,"href":"https:\/\/www.hoecker.eu\/blog\/wp-json\/wp\/v2\/posts\/8193\/revisions"}],"predecessor-version":[{"id":9315,"href":"https:\/\/www.hoecker.eu\/blog\/wp-json\/wp\/v2\/posts\/8193\/revisions\/9315"}],"wp:attachment":[{"href":"https:\/\/www.hoecker.eu\/blog\/wp-json\/wp\/v2\/media?parent=8193"}],"wp:term":[{"taxonomy":"category","embeddable":true,"href":"https:\/\/www.hoecker.eu\/blog\/wp-json\/wp\/v2\/categories?post=8193"},{"taxonomy":"post_tag","embeddable":true,"href":"https:\/\/www.hoecker.eu\/blog\/wp-json\/wp\/v2\/tags?post=8193"},{"taxonomy":"hashtags","embeddable":true,"href":"https:\/\/www.hoecker.eu\/blog\/wp-json\/wp\/v2\/hashtags?post=8193"},{"taxonomy":"author","embeddable":true,"href":"https:\/\/www.hoecker.eu\/blog\/wp-json\/wp\/v2\/ppma_author?post=8193"}],"curies":[{"name":"wp","href":"https:\/\/api.w.org\/{rel}","templated":true}]}}