{"id":8191,"date":"2023-01-04T16:25:00","date_gmt":"2023-01-04T15:25:00","guid":{"rendered":"https:\/\/www.hoecker.eu\/blog\/zusatz-partner-in-firmenbezeichnung-unzulaessig\/"},"modified":"2025-02-17T14:53:57","modified_gmt":"2025-02-17T13:53:57","slug":"zusatz-partner-in-firmenbezeichnung-unzulaessig","status":"publish","type":"post","link":"https:\/\/www.hoecker.eu\/blog\/zusatz-partner-in-firmenbezeichnung-unzulaessig\/","title":{"rendered":"Zusatz \u201ePartner\u201c in Firmenbezeichnung unzul\u00e4ssig"},"content":{"rendered":"<p>Der Zusatz \u201ePartner\u201c in einer Firmenbezeichnung wird oft verwendet, um Verbindungen oder partnerschaftliche Beziehungen zu beschreiben und dabei positive Konnotationen der Zuverl\u00e4ssigkeit und der Dauer zu vermitteln (EuG Urt. v. 23.09.2020 \u2013 T-36\/19). Allerdings darf dieser Zusatz nur von Partnerschaftsgesellschaften (PartG) gef\u00fchrt werden, also Zusammenschl\u00fcssen nat\u00fcrlicher Personen, die einen freien Beruf aus\u00fcben, wie z.B. Rechtsanw\u00e4lten und \u00c4rzten.<\/p>\n<p>Im Auftrag einer Mandantin sind wir gegen eine Firma vorgegangen, die den Zusatz \u201e&amp; Partner\u201c f\u00fchrte, obwohl es sich nicht um eine Partnerschaftsgesellschaft handelte. Auf unsere Beanstandung hat das zust\u00e4ndige Registergericht ein Verfahren eingeleitet, das dazu f\u00fchrte, dass sich die Firma umbenannt hat. <\/p>\n<p>Bereits seit 1995 ist es Rechtstr\u00e4gern anderer Rechtsformen als der Partnerschaftsgesellschaft verboten, in ihrem Namen bzw. ihrer Firma den Zusatz \u201ePartnerschaft\u201c oder \u201eund Partner\u201c zu f\u00fchren. Das gilt nicht nur f\u00fcr GbRs, sondern auch f\u00fcr Personenhandelsgesellschaften und Kapitalgesellschaften sowie Genossenschaften. Damit soll jegliche Verwechselungsgefahr ausgeschlossen. GmbHs oder Einzelkaufleute d\u00fcrfen den Zusatz daher nicht verwenden.<\/p>\n<p>Dr. Johannes Gr\u00e4big: \u201eOhne Partner, kein Partner! Bei der gegnerischen Firma ist das zwar lange gut gegangen. Doch jetzt musste sie in der gesamten Au\u00dfenkommunikation den Partner-Zusatz entfernen. Neben diesen firmenrechtlichen Vorgaben sollte man bei der Wahl eines Unternehmensnamens auch pr\u00fcfen, ob es eine Kollision mit \u00e4lteren Firmen- oder Markenrechten gibt.\u201c<\/p>\n","protected":false},"excerpt":{"rendered":"<p>Der Zusatz \u201ePartner\u201c in einer Firmenbezeichnung wird oft verwendet, um Verbindungen oder partnerschaftliche Beziehungen zu beschreiben und dabei positive Konnotationen der Zuverl\u00e4ssigkeit und der Dauer zu vermitteln (EuG Urt. v. 23.09.2020 \u2013 T-36\/19). Allerdings darf dieser Zusatz nur von Partnerschaftsgesellschaften (PartG) gef\u00fchrt werden, also Zusammenschl\u00fcssen nat\u00fcrlicher Personen, die einen freien Beruf aus\u00fcben, wie z.B. Rechtsanw\u00e4lten [&hellip;]<\/p>\n","protected":false},"author":1,"featured_media":0,"comment_status":"closed","ping_status":"closed","sticky":false,"template":"","format":"standard","meta":{"_has_post_settings":[],"footnotes":""},"categories":[15],"tags":[],"hashtags":[],"ppma_author":[84],"class_list":["post-8191","post","type-post","status-publish","format-standard","hentry","category-news","author-hoecker_adm"],"yoast_head":"<!-- This site is optimized with the Yoast SEO Premium plugin v25.9 (Yoast SEO v27.0) - https:\/\/yoast.com\/product\/yoast-seo-premium-wordpress\/ -->\n<title>Zusatz \u201ePartner\u201c in Firmenbezeichnung unzul\u00e4ssig - H\u00d6CKER - der Blog<\/title>\n<meta name=\"robots\" content=\"index, follow, max-snippet:-1, max-image-preview:large, max-video-preview:-1\" \/>\n<link rel=\"canonical\" href=\"https:\/\/www.hoecker.eu\/blog\/zusatz-partner-in-firmenbezeichnung-unzulaessig\/\" \/>\n<meta property=\"og:locale\" content=\"de_DE\" \/>\n<meta property=\"og:type\" content=\"article\" \/>\n<meta property=\"og:title\" content=\"Zusatz \u201ePartner\u201c in Firmenbezeichnung unzul\u00e4ssig\" \/>\n<meta property=\"og:description\" content=\"Der Zusatz \u201ePartner\u201c in einer Firmenbezeichnung wird oft verwendet, um Verbindungen oder partnerschaftliche Beziehungen zu beschreiben und dabei positive Konnotationen der Zuverl\u00e4ssigkeit und der Dauer zu vermitteln (EuG Urt. v. 23.09.2020 \u2013 T-36\/19). Allerdings darf dieser Zusatz nur von Partnerschaftsgesellschaften (PartG) gef\u00fchrt werden, also Zusammenschl\u00fcssen nat\u00fcrlicher Personen, die einen freien Beruf aus\u00fcben, wie z.B. Rechtsanw\u00e4lten [&hellip;]\" \/>\n<meta property=\"og:url\" content=\"https:\/\/www.hoecker.eu\/blog\/zusatz-partner-in-firmenbezeichnung-unzulaessig\/\" \/>\n<meta property=\"og:site_name\" content=\"H\u00d6CKER - der Blog\" \/>\n<meta property=\"article:publisher\" content=\"https:\/\/www.facebook.com\/HoeckerRAe\/\" \/>\n<meta property=\"article:author\" content=\"https:\/\/www.facebook.com\/ralf.hoecker\" \/>\n<meta property=\"article:published_time\" content=\"2023-01-04T15:25:00+00:00\" \/>\n<meta property=\"article:modified_time\" content=\"2025-02-17T13:53:57+00:00\" \/>\n<meta name=\"author\" content=\"Prof. Dr. Ralf H\u00f6cker\" \/>\n<meta name=\"twitter:card\" content=\"summary_large_image\" \/>\n<meta name=\"twitter:creator\" content=\"@Ralf_Hoecker\" \/>\n<meta name=\"twitter:site\" content=\"@hoecker_rae\" \/>\n<meta name=\"twitter:label1\" content=\"Verfasst von\" \/>\n\t<meta name=\"twitter:data1\" content=\"Prof. Dr. Ralf H\u00f6cker\" \/>\n\t<meta name=\"twitter:label2\" content=\"Gesch\u00e4tzte Lesezeit\" \/>\n\t<meta name=\"twitter:data2\" content=\"1\u00a0Minute\" \/>\n<script type=\"application\/ld+json\" class=\"yoast-schema-graph\">{\"@context\":\"https:\/\/schema.org\",\"@graph\":[{\"@type\":\"Article\",\"@id\":\"https:\/\/www.hoecker.eu\/blog\/zusatz-partner-in-firmenbezeichnung-unzulaessig\/#article\",\"isPartOf\":{\"@id\":\"https:\/\/www.hoecker.eu\/blog\/zusatz-partner-in-firmenbezeichnung-unzulaessig\/\"},\"author\":{\"name\":\"Prof. Dr. Ralf H\u00f6cker\",\"@id\":\"https:\/\/www.hoecker.eu\/blog\/#\/schema\/person\/08f95581eed0534eccd0b2438f7a1cab\"},\"headline\":\"Zusatz \u201ePartner\u201c in Firmenbezeichnung unzul\u00e4ssig\",\"datePublished\":\"2023-01-04T15:25:00+00:00\",\"dateModified\":\"2025-02-17T13:53:57+00:00\",\"mainEntityOfPage\":{\"@id\":\"https:\/\/www.hoecker.eu\/blog\/zusatz-partner-in-firmenbezeichnung-unzulaessig\/\"},\"wordCount\":226,\"publisher\":{\"@id\":\"https:\/\/www.hoecker.eu\/blog\/#organization\"},\"articleSection\":[\"News\"],\"inLanguage\":\"de\"},{\"@type\":\"WebPage\",\"@id\":\"https:\/\/www.hoecker.eu\/blog\/zusatz-partner-in-firmenbezeichnung-unzulaessig\/\",\"url\":\"https:\/\/www.hoecker.eu\/blog\/zusatz-partner-in-firmenbezeichnung-unzulaessig\/\",\"name\":\"Zusatz \u201ePartner\u201c in Firmenbezeichnung unzul\u00e4ssig - H\u00d6CKER - der Blog\",\"isPartOf\":{\"@id\":\"https:\/\/www.hoecker.eu\/blog\/#website\"},\"datePublished\":\"2023-01-04T15:25:00+00:00\",\"dateModified\":\"2025-02-17T13:53:57+00:00\",\"breadcrumb\":{\"@id\":\"https:\/\/www.hoecker.eu\/blog\/zusatz-partner-in-firmenbezeichnung-unzulaessig\/#breadcrumb\"},\"inLanguage\":\"de\",\"potentialAction\":[{\"@type\":\"ReadAction\",\"target\":[\"https:\/\/www.hoecker.eu\/blog\/zusatz-partner-in-firmenbezeichnung-unzulaessig\/\"]}]},{\"@type\":\"BreadcrumbList\",\"@id\":\"https:\/\/www.hoecker.eu\/blog\/zusatz-partner-in-firmenbezeichnung-unzulaessig\/#breadcrumb\",\"itemListElement\":[{\"@type\":\"ListItem\",\"position\":1,\"name\":\"Startseite\",\"item\":\"https:\/\/dev.hoecker.eu\/blog\/\"},{\"@type\":\"ListItem\",\"position\":2,\"name\":\"Zusatz \u201ePartner\u201c in Firmenbezeichnung unzul\u00e4ssig\"}]},{\"@type\":\"WebSite\",\"@id\":\"https:\/\/www.hoecker.eu\/blog\/#website\",\"url\":\"https:\/\/www.hoecker.eu\/blog\/\",\"name\":\"H\u00d6CKER - der Blog\",\"description\":\"Expertenblog f\u00fcr \u00c4u\u00dferungs-, Medien-, Marken-, Urheber- und Wettbewerbsrecht.\",\"publisher\":{\"@id\":\"https:\/\/www.hoecker.eu\/blog\/#organization\"},\"potentialAction\":[{\"@type\":\"SearchAction\",\"target\":{\"@type\":\"EntryPoint\",\"urlTemplate\":\"https:\/\/www.hoecker.eu\/blog\/?s={search_term_string}\"},\"query-input\":{\"@type\":\"PropertyValueSpecification\",\"valueRequired\":true,\"valueName\":\"search_term_string\"}}],\"inLanguage\":\"de\"},{\"@type\":\"Organization\",\"@id\":\"https:\/\/www.hoecker.eu\/blog\/#organization\",\"name\":\"H\u00d6CKER Rechtsanw\u00e4lte PartGmbB\",\"alternateName\":\"H\u00d6CKER\",\"url\":\"https:\/\/www.hoecker.eu\/blog\/\",\"logo\":{\"@type\":\"ImageObject\",\"inLanguage\":\"de\",\"@id\":\"https:\/\/www.hoecker.eu\/blog\/#\/schema\/logo\/image\/\",\"url\":\"https:\/\/www.hoecker.eu\/blog\/wp-content\/uploads\/2025\/03\/Blog-Logo.webp\",\"contentUrl\":\"https:\/\/www.hoecker.eu\/blog\/wp-content\/uploads\/2025\/03\/Blog-Logo.webp\",\"width\":500,\"height\":500,\"caption\":\"H\u00d6CKER Rechtsanw\u00e4lte PartGmbB\"},\"image\":{\"@id\":\"https:\/\/www.hoecker.eu\/blog\/#\/schema\/logo\/image\/\"},\"sameAs\":[\"https:\/\/www.facebook.com\/HoeckerRAe\/\",\"https:\/\/x.com\/hoecker_rae\",\"https:\/\/www.linkedin.com\/company\/hcker-rechtsanwlte\/\",\"https:\/\/www.instagram.com\/hoecker_rae\/\"],\"email\":\"contact@hoecker.eu\",\"telephone\":\"+ 49 (0)221-933 19-10\",\"legalName\":\"H\u00d6CKER Rechtsanw\u00e4lte PartGmbB\",\"numberOfEmployees\":{\"@type\":\"QuantitativeValue\",\"minValue\":\"11\",\"maxValue\":\"50\"}},{\"@type\":\"Person\",\"@id\":\"https:\/\/www.hoecker.eu\/blog\/#\/schema\/person\/08f95581eed0534eccd0b2438f7a1cab\",\"name\":\"Prof. Dr. Ralf H\u00f6cker\",\"description\":\"Medienanwalt. Besch\u00fctzer vor mieser Presse\",\"sameAs\":[\"https:\/\/www.hoecker.eu\/wer\/prof-dr-ralf-hoecker\",\"https:\/\/www.facebook.com\/ralf.hoecker\",\"https:\/\/www.linkedin.com\/in\/prof-dr-ralf-hcker-ll-m-london-17987826\/\",\"https:\/\/x.com\/Ralf_Hoecker\"],\"url\":\"https:\/\/www.hoecker.eu\/blog\/author\/hoecker_adm\/\"}]}<\/script>\n<!-- \/ Yoast SEO Premium plugin. -->","yoast_head_json":{"title":"Zusatz \u201ePartner\u201c in Firmenbezeichnung unzul\u00e4ssig - H\u00d6CKER - der Blog","robots":{"index":"index","follow":"follow","max-snippet":"max-snippet:-1","max-image-preview":"max-image-preview:large","max-video-preview":"max-video-preview:-1"},"canonical":"https:\/\/www.hoecker.eu\/blog\/zusatz-partner-in-firmenbezeichnung-unzulaessig\/","og_locale":"de_DE","og_type":"article","og_title":"Zusatz \u201ePartner\u201c in Firmenbezeichnung unzul\u00e4ssig","og_description":"Der Zusatz \u201ePartner\u201c in einer Firmenbezeichnung wird oft verwendet, um Verbindungen oder partnerschaftliche Beziehungen zu beschreiben und dabei positive Konnotationen der Zuverl\u00e4ssigkeit und der Dauer zu vermitteln (EuG Urt. v. 23.09.2020 \u2013 T-36\/19). Allerdings darf dieser Zusatz nur von Partnerschaftsgesellschaften (PartG) gef\u00fchrt werden, also Zusammenschl\u00fcssen nat\u00fcrlicher Personen, die einen freien Beruf aus\u00fcben, wie z.B. Rechtsanw\u00e4lten [&hellip;]","og_url":"https:\/\/www.hoecker.eu\/blog\/zusatz-partner-in-firmenbezeichnung-unzulaessig\/","og_site_name":"H\u00d6CKER - der Blog","article_publisher":"https:\/\/www.facebook.com\/HoeckerRAe\/","article_author":"https:\/\/www.facebook.com\/ralf.hoecker","article_published_time":"2023-01-04T15:25:00+00:00","article_modified_time":"2025-02-17T13:53:57+00:00","author":"Prof. Dr. Ralf H\u00f6cker","twitter_card":"summary_large_image","twitter_creator":"@Ralf_Hoecker","twitter_site":"@hoecker_rae","twitter_misc":{"Verfasst von":"Prof. Dr. Ralf H\u00f6cker","Gesch\u00e4tzte Lesezeit":"1\u00a0Minute"},"schema":{"@context":"https:\/\/schema.org","@graph":[{"@type":"Article","@id":"https:\/\/www.hoecker.eu\/blog\/zusatz-partner-in-firmenbezeichnung-unzulaessig\/#article","isPartOf":{"@id":"https:\/\/www.hoecker.eu\/blog\/zusatz-partner-in-firmenbezeichnung-unzulaessig\/"},"author":{"name":"Prof. Dr. Ralf H\u00f6cker","@id":"https:\/\/www.hoecker.eu\/blog\/#\/schema\/person\/08f95581eed0534eccd0b2438f7a1cab"},"headline":"Zusatz \u201ePartner\u201c in Firmenbezeichnung unzul\u00e4ssig","datePublished":"2023-01-04T15:25:00+00:00","dateModified":"2025-02-17T13:53:57+00:00","mainEntityOfPage":{"@id":"https:\/\/www.hoecker.eu\/blog\/zusatz-partner-in-firmenbezeichnung-unzulaessig\/"},"wordCount":226,"publisher":{"@id":"https:\/\/www.hoecker.eu\/blog\/#organization"},"articleSection":["News"],"inLanguage":"de"},{"@type":"WebPage","@id":"https:\/\/www.hoecker.eu\/blog\/zusatz-partner-in-firmenbezeichnung-unzulaessig\/","url":"https:\/\/www.hoecker.eu\/blog\/zusatz-partner-in-firmenbezeichnung-unzulaessig\/","name":"Zusatz \u201ePartner\u201c in Firmenbezeichnung unzul\u00e4ssig - H\u00d6CKER - der Blog","isPartOf":{"@id":"https:\/\/www.hoecker.eu\/blog\/#website"},"datePublished":"2023-01-04T15:25:00+00:00","dateModified":"2025-02-17T13:53:57+00:00","breadcrumb":{"@id":"https:\/\/www.hoecker.eu\/blog\/zusatz-partner-in-firmenbezeichnung-unzulaessig\/#breadcrumb"},"inLanguage":"de","potentialAction":[{"@type":"ReadAction","target":["https:\/\/www.hoecker.eu\/blog\/zusatz-partner-in-firmenbezeichnung-unzulaessig\/"]}]},{"@type":"BreadcrumbList","@id":"https:\/\/www.hoecker.eu\/blog\/zusatz-partner-in-firmenbezeichnung-unzulaessig\/#breadcrumb","itemListElement":[{"@type":"ListItem","position":1,"name":"Startseite","item":"https:\/\/dev.hoecker.eu\/blog\/"},{"@type":"ListItem","position":2,"name":"Zusatz \u201ePartner\u201c in Firmenbezeichnung unzul\u00e4ssig"}]},{"@type":"WebSite","@id":"https:\/\/www.hoecker.eu\/blog\/#website","url":"https:\/\/www.hoecker.eu\/blog\/","name":"H\u00d6CKER - der Blog","description":"Expertenblog f\u00fcr \u00c4u\u00dferungs-, Medien-, Marken-, Urheber- und Wettbewerbsrecht.","publisher":{"@id":"https:\/\/www.hoecker.eu\/blog\/#organization"},"potentialAction":[{"@type":"SearchAction","target":{"@type":"EntryPoint","urlTemplate":"https:\/\/www.hoecker.eu\/blog\/?s={search_term_string}"},"query-input":{"@type":"PropertyValueSpecification","valueRequired":true,"valueName":"search_term_string"}}],"inLanguage":"de"},{"@type":"Organization","@id":"https:\/\/www.hoecker.eu\/blog\/#organization","name":"H\u00d6CKER Rechtsanw\u00e4lte PartGmbB","alternateName":"H\u00d6CKER","url":"https:\/\/www.hoecker.eu\/blog\/","logo":{"@type":"ImageObject","inLanguage":"de","@id":"https:\/\/www.hoecker.eu\/blog\/#\/schema\/logo\/image\/","url":"https:\/\/www.hoecker.eu\/blog\/wp-content\/uploads\/2025\/03\/Blog-Logo.webp","contentUrl":"https:\/\/www.hoecker.eu\/blog\/wp-content\/uploads\/2025\/03\/Blog-Logo.webp","width":500,"height":500,"caption":"H\u00d6CKER Rechtsanw\u00e4lte PartGmbB"},"image":{"@id":"https:\/\/www.hoecker.eu\/blog\/#\/schema\/logo\/image\/"},"sameAs":["https:\/\/www.facebook.com\/HoeckerRAe\/","https:\/\/x.com\/hoecker_rae","https:\/\/www.linkedin.com\/company\/hcker-rechtsanwlte\/","https:\/\/www.instagram.com\/hoecker_rae\/"],"email":"contact@hoecker.eu","telephone":"+ 49 (0)221-933 19-10","legalName":"H\u00d6CKER Rechtsanw\u00e4lte PartGmbB","numberOfEmployees":{"@type":"QuantitativeValue","minValue":"11","maxValue":"50"}},{"@type":"Person","@id":"https:\/\/www.hoecker.eu\/blog\/#\/schema\/person\/08f95581eed0534eccd0b2438f7a1cab","name":"Prof. Dr. Ralf H\u00f6cker","description":"Medienanwalt. Besch\u00fctzer vor mieser Presse","sameAs":["https:\/\/www.hoecker.eu\/wer\/prof-dr-ralf-hoecker","https:\/\/www.facebook.com\/ralf.hoecker","https:\/\/www.linkedin.com\/in\/prof-dr-ralf-hcker-ll-m-london-17987826\/","https:\/\/x.com\/Ralf_Hoecker"],"url":"https:\/\/www.hoecker.eu\/blog\/author\/hoecker_adm\/"}]}},"authors":[{"term_id":84,"user_id":1,"is_guest":0,"slug":"hoecker_adm","display_name":"Prof. Dr. Ralf H\u00f6cker","avatar_url":{"url":"https:\/\/www.hoecker.eu\/blog\/wp-content\/uploads\/2023\/12\/ProfDrRalfHoecker.jpg","url2x":"https:\/\/www.hoecker.eu\/blog\/wp-content\/uploads\/2023\/12\/ProfDrRalfHoecker.jpg"},"0":null,"1":"","2":"","3":"","4":"","5":"","6":"","7":"","8":"","9":"","10":"","11":""}],"_links":{"self":[{"href":"https:\/\/www.hoecker.eu\/blog\/wp-json\/wp\/v2\/posts\/8191","targetHints":{"allow":["GET"]}}],"collection":[{"href":"https:\/\/www.hoecker.eu\/blog\/wp-json\/wp\/v2\/posts"}],"about":[{"href":"https:\/\/www.hoecker.eu\/blog\/wp-json\/wp\/v2\/types\/post"}],"author":[{"embeddable":true,"href":"https:\/\/www.hoecker.eu\/blog\/wp-json\/wp\/v2\/users\/1"}],"replies":[{"embeddable":true,"href":"https:\/\/www.hoecker.eu\/blog\/wp-json\/wp\/v2\/comments?post=8191"}],"version-history":[{"count":1,"href":"https:\/\/www.hoecker.eu\/blog\/wp-json\/wp\/v2\/posts\/8191\/revisions"}],"predecessor-version":[{"id":9313,"href":"https:\/\/www.hoecker.eu\/blog\/wp-json\/wp\/v2\/posts\/8191\/revisions\/9313"}],"wp:attachment":[{"href":"https:\/\/www.hoecker.eu\/blog\/wp-json\/wp\/v2\/media?parent=8191"}],"wp:term":[{"taxonomy":"category","embeddable":true,"href":"https:\/\/www.hoecker.eu\/blog\/wp-json\/wp\/v2\/categories?post=8191"},{"taxonomy":"post_tag","embeddable":true,"href":"https:\/\/www.hoecker.eu\/blog\/wp-json\/wp\/v2\/tags?post=8191"},{"taxonomy":"hashtags","embeddable":true,"href":"https:\/\/www.hoecker.eu\/blog\/wp-json\/wp\/v2\/hashtags?post=8191"},{"taxonomy":"author","embeddable":true,"href":"https:\/\/www.hoecker.eu\/blog\/wp-json\/wp\/v2\/ppma_author?post=8191"}],"curies":[{"name":"wp","href":"https:\/\/api.w.org\/{rel}","templated":true}]}}