{"id":8190,"date":"2023-01-16T08:53:00","date_gmt":"2023-01-16T07:53:00","guid":{"rendered":"https:\/\/www.hoecker.eu\/blog\/falsche-behauptung-und-unzulaessige-verdaechtigungen-landgericht-koeln-verbietet-5-bericht-des-bild-redakteurs-nikolaus-harbusch-aus-der-rechtswidrigen-bild-kampagne-gegen-kardinal-woelki\/"},"modified":"2025-02-17T14:53:57","modified_gmt":"2025-02-17T13:53:57","slug":"falsche-behauptung-und-unzulaessige-verdaechtigungen-landgericht-koeln-verbietet-5-bericht-des-bild-redakteurs-nikolaus-harbusch-aus-der-rechtswidrigen-bild-kampagne-gegen-kardinal-woelki","status":"publish","type":"post","link":"https:\/\/www.hoecker.eu\/blog\/falsche-behauptung-und-unzulaessige-verdaechtigungen-landgericht-koeln-verbietet-5-bericht-des-bild-redakteurs-nikolaus-harbusch-aus-der-rechtswidrigen-bild-kampagne-gegen-kardinal-woelki\/","title":{"rendered":"Falsche Behauptung und unzul\u00e4ssige Verd\u00e4chtigungen &#8211; Landgericht K\u00f6ln verbietet 5. Bericht des BILD-Redakteurs Nikolaus Harbusch aus der rechtswidrigen BILD-Kampagne gegen Kardinal Woelki"},"content":{"rendered":"<p>Kardinal Woelki hat durch H\u00d6CKER auch einen f\u00fcnften rechtswidrigen Bericht des BILD-Redakteurs Nikolaus Harbusch aus der rechtswidrigen BILD-Kampagne gegen Kardinal Woelki gerichtlich verbieten lassen. Das Landgericht K\u00f6ln hat BILD-Redakteur Nikolaus Harbusch pers\u00f6nlich und der Verlegerin der BILD, der Axel Springer SE, mit einer weiteren einstweiligen Verf\u00fcgung eine Falschbehauptung und rechtswidrige haltlose Verd\u00e4chtigungen zu Lasten von Kardinal Woelki untersagt (einstweilige Verf\u00fcgung vom 18.06.2021, Az. 28 O 197\/21, n.rkr.).<\/p>\n<p>Nikolaus Harbusch hatte f\u00fcr die BILD am 22.05.2021 unter dem rei\u00dferischen Titel \u201eGewalt-Bericht Woelki seit 2015 bekannt \u2013 Die Vertuschungs-\u201eMafia\u201c im Erzbistum K\u00f6ln\u201c rechtswidrig berichtet. In diesem Artikel verbreitete Nikolaus Harbusch Falschbehauptungen und unzul\u00e4ssige Verd\u00e4chtigungen.<\/p>\n<p>Harbusch berichtete von einem angeblich \u201egeheim gehaltenen Bericht\u201c eines \u201eanonymen Insiders\u201c des Erzbistums K\u00f6ln, der im \u201eGiftschrank\u201c des Erzbistums K\u00f6ln versteckt worden sei, \u201ewo er bis heute liegt\u201c, also angeblich bis zum Erscheinen des BILD-Artikels. BILD habe das Papier jetzt einsehen k\u00f6nnen und der Inhalt sei \u201ehoch brisant\u201c. Dort sei die Rede von einer \u201eVertuschungs-Mafia\u201c an der Spitze des Erzbistums K\u00f6ln. Kardinal Woelki bringe das durch BILD ans Tageslicht gebrachte Dokument in Erkl\u00e4rungsnot.<\/p>\n<p>Auch dieser Bericht passt in die Serie rechtswidriger Artikel des Redakteurs Nikolaus Harbusch aus der fragw\u00fcrdigen BILD-Kampagne gegen Kardinal Woelki. Mehrere Harbusch-Berichte wurden schon durch einstweilige Verf\u00fcgungen von Landgericht bzw. Oberlandesgericht K\u00f6ln verboten (n.rkr).<\/p>\n<p>Tats\u00e4chlich kann von einer \u201eErkl\u00e4rungsnot\u201c Woelkis, sowie einem \u201ehoch brisanten geheimen Bericht\u201c keine Rede sein:<\/p>\n<p>Die Harbusch-Meldung, dass der von ihm angesprochene anonyme Bericht im Erzbistum \u201egeheim gehalten\u201c und im \u201eGiftschrank\u201c versteckt wurde, versteht der Leser \u2013 so das Landgericht K\u00f6ln \u2013 als Tatsachenbehauptung, wonach der Bericht niemandem zug\u00e4nglich gemacht worden sei. Dass der Bericht niemandem zug\u00e4nglich gemacht wurde, geheim gehalten und im Giftschrank versteckt wurde, ist falsch und wurde deshalb durch das Landgericht verboten.<\/p>\n<p>Dem BILD-Redakteur Harbusch wurde <strong>schon vor<\/strong> seiner Falschberichterstattung in der Beantwortung seiner Anfrage ausdr\u00fccklich mitgeteilt, dass der anonyme Bericht weder geheim, noch geheim gehalten, noch im Giftschrank versteckt wurde. Harbusch wurde mitgeteilt, dass das anonyme Schreiben zum Anlass daf\u00fcr genommen wurde, den darin beschuldigten Priester auch durch einen fachkundigen Psychologen zu befragen und dessen Glaubw\u00fcrdigkeit zu untersuchen. Harbusch wurde dar\u00fcber hinaus mitgeteilt, dass der anonyme Bericht auch von gleich zwei verschiedenen externen Rechtsanwaltskanzleien mit strafrechtlicher Expertise im Auftrag des Erzbistums K\u00f6ln \u00fcberpr\u00fcft wurde und dass beide externe Rechtsanwaltskanzleien insbesondere sicherstellen sollten, dass mit diesem Bericht auch in strafrechtlicher Hinsicht, erforderlichenfalls auch durch Informationen der Staatsanwaltschaft, ordnungsgem\u00e4\u00df umgegangen wird.<\/p>\n<p>Kurz und gut: Das Erzbistum K\u00f6ln hatte all das getan, was man nach Eingang eines anonymen Schreibens mit Verd\u00e4chtigungen macht: Der verd\u00e4chtigte Priester wurde befragt, psychologisch untersucht und das Ganze wurde durch externe strafrechtlich spezialisierte Kanzleien ordnungsgem\u00e4\u00df aufgearbeitet. Auch das Gercke-Gutachten kam daher wenig \u00fcberraschend zu keiner Beanstandung im Umgang mit dem \u201eanonymen Bericht\u201c.<\/p>\n<p>Harbusch wurde auch mitgeteilt, dass es sich nicht um eine authentische Information eines \u201eInsiders\u201c handeln kann, da der \u201eanonyme Bericht\u201c vor offensichtlichen Fehlern nur so strotzt.<\/p>\n<p>Und was machte Harbusch, nachdem ihm all diese Informationen bereits <strong>vor<\/strong> der Berichterstattung mitgeteilt wurden? Harbusch behauptete dennoch dreist, dass der Bericht geheim gehalten wurde, obwohl ihm bereits vor seiner Berichterstattung das Gegenteil mitgeteilt wurde. Er l\u00e4sst in seinem Bericht einfach die entlastenden Informationen weg, die die rei\u00dferische Wirkung seines Berichts zerhagelt h\u00e4tten.<\/p>\n<p>Jeder Leser, dem mitgeteilt worden w\u00e4re, dass das Erzbistum K\u00f6ln sowohl durch interne, wie auch durch externe fachkundige \u00dcberpr\u00fcfungen ordnungsgem\u00e4\u00df den substanzarmen Verd\u00e4chtigungen in dem Bericht nachgegangen ist, h\u00e4tte sofort gemerkt, dass Harbusch in der BILD nichts Neues und nichts Sensationelles zu erz\u00e4hlen hat.<\/p>\n<p>Verboten wurde zudem die vorverurteilende Verd\u00e4chtigung, dass Kardinal Woelki Teil einer Vertuschungs-Mafia sein k\u00f6nne und dass dieser Bericht Kardinal Woelki in Erkl\u00e4rungsnot bringe.<\/p>\n<p>Die Verd\u00e4chtigung wurde verboten, weil BILD und Harbusch die ihnen mitgeteilte entlastende Tatsache, dass die Kanzlei Gercke Wollschl\u00e4ger in der \u00dcberpr\u00fcfung des Falles zu dem Ergebnis kam, dass im Umgang mit dem anonymen Schreiben keine Pflichtverletzung des Erzbistums feststellbar war, einfach nicht mitgeteilt hatten.<\/p>\n<p>Warum Harbusch die ihm mitgeteilten entlastenden Informationen verschwiegen hat, ist v\u00f6llig unverst\u00e4ndlich. So eine Berichterstattung nennt man nicht Journalismus. Das ist \u201eL\u00fcckenpresse\u201c.<\/p>\n<p>Rechtsanwalt Dr. Carsten Brennecke:<br \/><em>\u201eDieser Bericht ist eine neue Spitze der rechtswidrigen BILD-Kampagne gegen Kardinal Woelki durch deren Autor Nikolaus Harbusch. Die BILD hat nun eine ganze Reihe gerichtlicher Verbote aus verschiedenen Gr\u00fcnden kassiert: Z.B. weil Harbusch Falschbehauptungen oder unzul\u00e4ssige Verd\u00e4chtigungen, zum Teil ohne vorherige ausreichende Anh\u00f6rung des Herrn Kardinal Woelki, in die Welt setzte oder bei einer entlastenden Antwort Informationen weglie\u00df, die ihm seinen rei\u00dferischen Bericht kaputt gemacht h\u00e4tten. Nikolaus Harbusch ist mit diesem weiteren rechtswidrigen Bericht der hei\u00dfeste Anw\u00e4rter auf den Pokal f\u00fcr die unseri\u00f6seste Presse-Kampagne des Jahres 2021. Dazu sage ich: Herzlichen Gl\u00fcckwunsch!\u201c<\/em><\/p>\n<p>Die Axel Springer SE und Harbusch haben gegen das Verbot und die anderen thematisierten Verbote zwischenzeitlich Rechtsmittel eingelegt. Herr Kardinal Woelki wird Hauptsacheklagen erheben.<\/p>\n<p><strong>Update: <\/strong><br \/>Mittlerweile hat das OLG K\u00f6ln in dieser Sache entschieden und die Verbotsentscheidungen erster Instanz in weiten Teilen best\u00e4tigt. Siehe dazu und zum Umfang des reduzierten Verbots des OLG K\u00f6ln die Pressemitteilung hier: <a href=\"https:\/\/www.hoecker.eu\/news\/bild-zieht-endg%C3%BCltig-den-k%C3%BCrzeren-gegen-kardinal-woelki-das-oberlandesgericht-k%C3%B6ln-verbietet-zwei-berichte-einen-wegen-falschberichterstattung\" target=\"_blank\" rel=\"noreferrer noopener\">https:\/\/www.hoecker.eu\/news\/bild-zieht-endg%C3%BCltig-den-k%C3%BCrzeren-gegen-kardinal-woelki-das-oberlandesgericht-k%C3%B6ln-verbietet-zwei-berichte-einen-wegen-falschberichterstattung<\/a><\/p>\n","protected":false},"excerpt":{"rendered":"<p>Kardinal Woelki hat durch H\u00d6CKER auch einen f\u00fcnften rechtswidrigen Bericht des BILD-Redakteurs Nikolaus Harbusch aus der rechtswidrigen BILD-Kampagne gegen Kardinal Woelki gerichtlich verbieten lassen. Das Landgericht K\u00f6ln hat BILD-Redakteur Nikolaus Harbusch pers\u00f6nlich und der Verlegerin der BILD, der Axel Springer SE, mit einer weiteren einstweiligen Verf\u00fcgung eine Falschbehauptung und rechtswidrige haltlose Verd\u00e4chtigungen zu Lasten von [&hellip;]<\/p>\n","protected":false},"author":1,"featured_media":0,"comment_status":"closed","ping_status":"closed","sticky":false,"template":"","format":"standard","meta":{"_has_post_settings":[],"footnotes":""},"categories":[15],"tags":[],"hashtags":[],"ppma_author":[84],"class_list":["post-8190","post","type-post","status-publish","format-standard","hentry","category-news","author-hoecker_adm"],"yoast_head":"<!-- This site is optimized with the Yoast SEO Premium plugin v25.9 (Yoast SEO v27.0) - https:\/\/yoast.com\/product\/yoast-seo-premium-wordpress\/ -->\n<title>Falsche Behauptung und unzul\u00e4ssige Verd\u00e4chtigungen - Landgericht K\u00f6ln verbietet 5. Bericht des BILD-Redakteurs Nikolaus Harbusch aus der rechtswidrigen BILD-Kampagne gegen Kardinal Woelki - H\u00d6CKER - der Blog<\/title>\n<meta name=\"robots\" content=\"index, follow, max-snippet:-1, max-image-preview:large, max-video-preview:-1\" \/>\n<link rel=\"canonical\" href=\"https:\/\/www.hoecker.eu\/blog\/falsche-behauptung-und-unzulaessige-verdaechtigungen-landgericht-koeln-verbietet-5-bericht-des-bild-redakteurs-nikolaus-harbusch-aus-der-rechtswidrigen-bild-kampagne-gegen-kardinal-woelki\/\" \/>\n<meta property=\"og:locale\" content=\"de_DE\" \/>\n<meta property=\"og:type\" content=\"article\" \/>\n<meta property=\"og:title\" content=\"Falsche Behauptung und unzul\u00e4ssige Verd\u00e4chtigungen - Landgericht K\u00f6ln verbietet 5. Bericht des BILD-Redakteurs Nikolaus Harbusch aus der rechtswidrigen BILD-Kampagne gegen Kardinal Woelki\" \/>\n<meta property=\"og:description\" content=\"Kardinal Woelki hat durch H\u00d6CKER auch einen f\u00fcnften rechtswidrigen Bericht des BILD-Redakteurs Nikolaus Harbusch aus der rechtswidrigen BILD-Kampagne gegen Kardinal Woelki gerichtlich verbieten lassen. Das Landgericht K\u00f6ln hat BILD-Redakteur Nikolaus Harbusch pers\u00f6nlich und der Verlegerin der BILD, der Axel Springer SE, mit einer weiteren einstweiligen Verf\u00fcgung eine Falschbehauptung und rechtswidrige haltlose Verd\u00e4chtigungen zu Lasten von [&hellip;]\" \/>\n<meta property=\"og:url\" content=\"https:\/\/www.hoecker.eu\/blog\/falsche-behauptung-und-unzulaessige-verdaechtigungen-landgericht-koeln-verbietet-5-bericht-des-bild-redakteurs-nikolaus-harbusch-aus-der-rechtswidrigen-bild-kampagne-gegen-kardinal-woelki\/\" \/>\n<meta property=\"og:site_name\" content=\"H\u00d6CKER - der Blog\" \/>\n<meta property=\"article:publisher\" content=\"https:\/\/www.facebook.com\/HoeckerRAe\/\" \/>\n<meta property=\"article:author\" content=\"https:\/\/www.facebook.com\/ralf.hoecker\" \/>\n<meta property=\"article:published_time\" content=\"2023-01-16T07:53:00+00:00\" \/>\n<meta property=\"article:modified_time\" content=\"2025-02-17T13:53:57+00:00\" \/>\n<meta name=\"author\" content=\"Prof. Dr. Ralf H\u00f6cker\" \/>\n<meta name=\"twitter:card\" content=\"summary_large_image\" \/>\n<meta name=\"twitter:creator\" content=\"@Ralf_Hoecker\" \/>\n<meta name=\"twitter:site\" content=\"@hoecker_rae\" \/>\n<meta name=\"twitter:label1\" content=\"Verfasst von\" \/>\n\t<meta name=\"twitter:data1\" content=\"Prof. Dr. Ralf H\u00f6cker\" \/>\n\t<meta name=\"twitter:label2\" content=\"Gesch\u00e4tzte Lesezeit\" \/>\n\t<meta name=\"twitter:data2\" content=\"4\u00a0Minuten\" \/>\n<script type=\"application\/ld+json\" class=\"yoast-schema-graph\">{\"@context\":\"https:\/\/schema.org\",\"@graph\":[{\"@type\":\"Article\",\"@id\":\"https:\/\/www.hoecker.eu\/blog\/falsche-behauptung-und-unzulaessige-verdaechtigungen-landgericht-koeln-verbietet-5-bericht-des-bild-redakteurs-nikolaus-harbusch-aus-der-rechtswidrigen-bild-kampagne-gegen-kardinal-woelki\/#article\",\"isPartOf\":{\"@id\":\"https:\/\/www.hoecker.eu\/blog\/falsche-behauptung-und-unzulaessige-verdaechtigungen-landgericht-koeln-verbietet-5-bericht-des-bild-redakteurs-nikolaus-harbusch-aus-der-rechtswidrigen-bild-kampagne-gegen-kardinal-woelki\/\"},\"author\":{\"name\":\"Prof. Dr. Ralf H\u00f6cker\",\"@id\":\"https:\/\/www.hoecker.eu\/blog\/#\/schema\/person\/08f95581eed0534eccd0b2438f7a1cab\"},\"headline\":\"Falsche Behauptung und unzul\u00e4ssige Verd\u00e4chtigungen &#8211; Landgericht K\u00f6ln verbietet 5. Bericht des BILD-Redakteurs Nikolaus Harbusch aus der rechtswidrigen BILD-Kampagne gegen Kardinal Woelki\",\"datePublished\":\"2023-01-16T07:53:00+00:00\",\"dateModified\":\"2025-02-17T13:53:57+00:00\",\"mainEntityOfPage\":{\"@id\":\"https:\/\/www.hoecker.eu\/blog\/falsche-behauptung-und-unzulaessige-verdaechtigungen-landgericht-koeln-verbietet-5-bericht-des-bild-redakteurs-nikolaus-harbusch-aus-der-rechtswidrigen-bild-kampagne-gegen-kardinal-woelki\/\"},\"wordCount\":909,\"publisher\":{\"@id\":\"https:\/\/www.hoecker.eu\/blog\/#organization\"},\"articleSection\":[\"News\"],\"inLanguage\":\"de\"},{\"@type\":\"WebPage\",\"@id\":\"https:\/\/www.hoecker.eu\/blog\/falsche-behauptung-und-unzulaessige-verdaechtigungen-landgericht-koeln-verbietet-5-bericht-des-bild-redakteurs-nikolaus-harbusch-aus-der-rechtswidrigen-bild-kampagne-gegen-kardinal-woelki\/\",\"url\":\"https:\/\/www.hoecker.eu\/blog\/falsche-behauptung-und-unzulaessige-verdaechtigungen-landgericht-koeln-verbietet-5-bericht-des-bild-redakteurs-nikolaus-harbusch-aus-der-rechtswidrigen-bild-kampagne-gegen-kardinal-woelki\/\",\"name\":\"Falsche Behauptung und unzul\u00e4ssige Verd\u00e4chtigungen - Landgericht K\u00f6ln verbietet 5. Bericht des BILD-Redakteurs Nikolaus Harbusch aus der rechtswidrigen BILD-Kampagne gegen Kardinal Woelki - H\u00d6CKER - der Blog\",\"isPartOf\":{\"@id\":\"https:\/\/www.hoecker.eu\/blog\/#website\"},\"datePublished\":\"2023-01-16T07:53:00+00:00\",\"dateModified\":\"2025-02-17T13:53:57+00:00\",\"breadcrumb\":{\"@id\":\"https:\/\/www.hoecker.eu\/blog\/falsche-behauptung-und-unzulaessige-verdaechtigungen-landgericht-koeln-verbietet-5-bericht-des-bild-redakteurs-nikolaus-harbusch-aus-der-rechtswidrigen-bild-kampagne-gegen-kardinal-woelki\/#breadcrumb\"},\"inLanguage\":\"de\",\"potentialAction\":[{\"@type\":\"ReadAction\",\"target\":[\"https:\/\/www.hoecker.eu\/blog\/falsche-behauptung-und-unzulaessige-verdaechtigungen-landgericht-koeln-verbietet-5-bericht-des-bild-redakteurs-nikolaus-harbusch-aus-der-rechtswidrigen-bild-kampagne-gegen-kardinal-woelki\/\"]}]},{\"@type\":\"BreadcrumbList\",\"@id\":\"https:\/\/www.hoecker.eu\/blog\/falsche-behauptung-und-unzulaessige-verdaechtigungen-landgericht-koeln-verbietet-5-bericht-des-bild-redakteurs-nikolaus-harbusch-aus-der-rechtswidrigen-bild-kampagne-gegen-kardinal-woelki\/#breadcrumb\",\"itemListElement\":[{\"@type\":\"ListItem\",\"position\":1,\"name\":\"Startseite\",\"item\":\"https:\/\/dev.hoecker.eu\/blog\/\"},{\"@type\":\"ListItem\",\"position\":2,\"name\":\"Falsche Behauptung und unzul\u00e4ssige Verd\u00e4chtigungen &#8211; Landgericht K\u00f6ln verbietet 5. Bericht des BILD-Redakteurs Nikolaus Harbusch aus der rechtswidrigen BILD-Kampagne gegen Kardinal Woelki\"}]},{\"@type\":\"WebSite\",\"@id\":\"https:\/\/www.hoecker.eu\/blog\/#website\",\"url\":\"https:\/\/www.hoecker.eu\/blog\/\",\"name\":\"H\u00d6CKER - der Blog\",\"description\":\"Expertenblog f\u00fcr \u00c4u\u00dferungs-, Medien-, Marken-, Urheber- und Wettbewerbsrecht.\",\"publisher\":{\"@id\":\"https:\/\/www.hoecker.eu\/blog\/#organization\"},\"potentialAction\":[{\"@type\":\"SearchAction\",\"target\":{\"@type\":\"EntryPoint\",\"urlTemplate\":\"https:\/\/www.hoecker.eu\/blog\/?s={search_term_string}\"},\"query-input\":{\"@type\":\"PropertyValueSpecification\",\"valueRequired\":true,\"valueName\":\"search_term_string\"}}],\"inLanguage\":\"de\"},{\"@type\":\"Organization\",\"@id\":\"https:\/\/www.hoecker.eu\/blog\/#organization\",\"name\":\"H\u00d6CKER Rechtsanw\u00e4lte PartGmbB\",\"alternateName\":\"H\u00d6CKER\",\"url\":\"https:\/\/www.hoecker.eu\/blog\/\",\"logo\":{\"@type\":\"ImageObject\",\"inLanguage\":\"de\",\"@id\":\"https:\/\/www.hoecker.eu\/blog\/#\/schema\/logo\/image\/\",\"url\":\"https:\/\/www.hoecker.eu\/blog\/wp-content\/uploads\/2025\/03\/Blog-Logo.webp\",\"contentUrl\":\"https:\/\/www.hoecker.eu\/blog\/wp-content\/uploads\/2025\/03\/Blog-Logo.webp\",\"width\":500,\"height\":500,\"caption\":\"H\u00d6CKER Rechtsanw\u00e4lte PartGmbB\"},\"image\":{\"@id\":\"https:\/\/www.hoecker.eu\/blog\/#\/schema\/logo\/image\/\"},\"sameAs\":[\"https:\/\/www.facebook.com\/HoeckerRAe\/\",\"https:\/\/x.com\/hoecker_rae\",\"https:\/\/www.linkedin.com\/company\/hcker-rechtsanwlte\/\",\"https:\/\/www.instagram.com\/hoecker_rae\/\"],\"email\":\"contact@hoecker.eu\",\"telephone\":\"+ 49 (0)221-933 19-10\",\"legalName\":\"H\u00d6CKER Rechtsanw\u00e4lte PartGmbB\",\"numberOfEmployees\":{\"@type\":\"QuantitativeValue\",\"minValue\":\"11\",\"maxValue\":\"50\"}},{\"@type\":\"Person\",\"@id\":\"https:\/\/www.hoecker.eu\/blog\/#\/schema\/person\/08f95581eed0534eccd0b2438f7a1cab\",\"name\":\"Prof. Dr. Ralf H\u00f6cker\",\"description\":\"Medienanwalt. Besch\u00fctzer vor mieser Presse\",\"sameAs\":[\"https:\/\/www.hoecker.eu\/wer\/prof-dr-ralf-hoecker\",\"https:\/\/www.facebook.com\/ralf.hoecker\",\"https:\/\/www.linkedin.com\/in\/prof-dr-ralf-hcker-ll-m-london-17987826\/\",\"https:\/\/x.com\/Ralf_Hoecker\"],\"url\":\"https:\/\/www.hoecker.eu\/blog\/author\/hoecker_adm\/\"}]}<\/script>\n<!-- \/ Yoast SEO Premium plugin. -->","yoast_head_json":{"title":"Falsche Behauptung und unzul\u00e4ssige Verd\u00e4chtigungen - Landgericht K\u00f6ln verbietet 5. Bericht des BILD-Redakteurs Nikolaus Harbusch aus der rechtswidrigen BILD-Kampagne gegen Kardinal Woelki - H\u00d6CKER - der Blog","robots":{"index":"index","follow":"follow","max-snippet":"max-snippet:-1","max-image-preview":"max-image-preview:large","max-video-preview":"max-video-preview:-1"},"canonical":"https:\/\/www.hoecker.eu\/blog\/falsche-behauptung-und-unzulaessige-verdaechtigungen-landgericht-koeln-verbietet-5-bericht-des-bild-redakteurs-nikolaus-harbusch-aus-der-rechtswidrigen-bild-kampagne-gegen-kardinal-woelki\/","og_locale":"de_DE","og_type":"article","og_title":"Falsche Behauptung und unzul\u00e4ssige Verd\u00e4chtigungen - Landgericht K\u00f6ln verbietet 5. Bericht des BILD-Redakteurs Nikolaus Harbusch aus der rechtswidrigen BILD-Kampagne gegen Kardinal Woelki","og_description":"Kardinal Woelki hat durch H\u00d6CKER auch einen f\u00fcnften rechtswidrigen Bericht des BILD-Redakteurs Nikolaus Harbusch aus der rechtswidrigen BILD-Kampagne gegen Kardinal Woelki gerichtlich verbieten lassen. Das Landgericht K\u00f6ln hat BILD-Redakteur Nikolaus Harbusch pers\u00f6nlich und der Verlegerin der BILD, der Axel Springer SE, mit einer weiteren einstweiligen Verf\u00fcgung eine Falschbehauptung und rechtswidrige haltlose Verd\u00e4chtigungen zu Lasten von [&hellip;]","og_url":"https:\/\/www.hoecker.eu\/blog\/falsche-behauptung-und-unzulaessige-verdaechtigungen-landgericht-koeln-verbietet-5-bericht-des-bild-redakteurs-nikolaus-harbusch-aus-der-rechtswidrigen-bild-kampagne-gegen-kardinal-woelki\/","og_site_name":"H\u00d6CKER - der Blog","article_publisher":"https:\/\/www.facebook.com\/HoeckerRAe\/","article_author":"https:\/\/www.facebook.com\/ralf.hoecker","article_published_time":"2023-01-16T07:53:00+00:00","article_modified_time":"2025-02-17T13:53:57+00:00","author":"Prof. Dr. Ralf H\u00f6cker","twitter_card":"summary_large_image","twitter_creator":"@Ralf_Hoecker","twitter_site":"@hoecker_rae","twitter_misc":{"Verfasst von":"Prof. Dr. Ralf H\u00f6cker","Gesch\u00e4tzte Lesezeit":"4\u00a0Minuten"},"schema":{"@context":"https:\/\/schema.org","@graph":[{"@type":"Article","@id":"https:\/\/www.hoecker.eu\/blog\/falsche-behauptung-und-unzulaessige-verdaechtigungen-landgericht-koeln-verbietet-5-bericht-des-bild-redakteurs-nikolaus-harbusch-aus-der-rechtswidrigen-bild-kampagne-gegen-kardinal-woelki\/#article","isPartOf":{"@id":"https:\/\/www.hoecker.eu\/blog\/falsche-behauptung-und-unzulaessige-verdaechtigungen-landgericht-koeln-verbietet-5-bericht-des-bild-redakteurs-nikolaus-harbusch-aus-der-rechtswidrigen-bild-kampagne-gegen-kardinal-woelki\/"},"author":{"name":"Prof. Dr. Ralf H\u00f6cker","@id":"https:\/\/www.hoecker.eu\/blog\/#\/schema\/person\/08f95581eed0534eccd0b2438f7a1cab"},"headline":"Falsche Behauptung und unzul\u00e4ssige Verd\u00e4chtigungen &#8211; Landgericht K\u00f6ln verbietet 5. Bericht des BILD-Redakteurs Nikolaus Harbusch aus der rechtswidrigen BILD-Kampagne gegen Kardinal Woelki","datePublished":"2023-01-16T07:53:00+00:00","dateModified":"2025-02-17T13:53:57+00:00","mainEntityOfPage":{"@id":"https:\/\/www.hoecker.eu\/blog\/falsche-behauptung-und-unzulaessige-verdaechtigungen-landgericht-koeln-verbietet-5-bericht-des-bild-redakteurs-nikolaus-harbusch-aus-der-rechtswidrigen-bild-kampagne-gegen-kardinal-woelki\/"},"wordCount":909,"publisher":{"@id":"https:\/\/www.hoecker.eu\/blog\/#organization"},"articleSection":["News"],"inLanguage":"de"},{"@type":"WebPage","@id":"https:\/\/www.hoecker.eu\/blog\/falsche-behauptung-und-unzulaessige-verdaechtigungen-landgericht-koeln-verbietet-5-bericht-des-bild-redakteurs-nikolaus-harbusch-aus-der-rechtswidrigen-bild-kampagne-gegen-kardinal-woelki\/","url":"https:\/\/www.hoecker.eu\/blog\/falsche-behauptung-und-unzulaessige-verdaechtigungen-landgericht-koeln-verbietet-5-bericht-des-bild-redakteurs-nikolaus-harbusch-aus-der-rechtswidrigen-bild-kampagne-gegen-kardinal-woelki\/","name":"Falsche Behauptung und unzul\u00e4ssige Verd\u00e4chtigungen - Landgericht K\u00f6ln verbietet 5. Bericht des BILD-Redakteurs Nikolaus Harbusch aus der rechtswidrigen BILD-Kampagne gegen Kardinal Woelki - H\u00d6CKER - der Blog","isPartOf":{"@id":"https:\/\/www.hoecker.eu\/blog\/#website"},"datePublished":"2023-01-16T07:53:00+00:00","dateModified":"2025-02-17T13:53:57+00:00","breadcrumb":{"@id":"https:\/\/www.hoecker.eu\/blog\/falsche-behauptung-und-unzulaessige-verdaechtigungen-landgericht-koeln-verbietet-5-bericht-des-bild-redakteurs-nikolaus-harbusch-aus-der-rechtswidrigen-bild-kampagne-gegen-kardinal-woelki\/#breadcrumb"},"inLanguage":"de","potentialAction":[{"@type":"ReadAction","target":["https:\/\/www.hoecker.eu\/blog\/falsche-behauptung-und-unzulaessige-verdaechtigungen-landgericht-koeln-verbietet-5-bericht-des-bild-redakteurs-nikolaus-harbusch-aus-der-rechtswidrigen-bild-kampagne-gegen-kardinal-woelki\/"]}]},{"@type":"BreadcrumbList","@id":"https:\/\/www.hoecker.eu\/blog\/falsche-behauptung-und-unzulaessige-verdaechtigungen-landgericht-koeln-verbietet-5-bericht-des-bild-redakteurs-nikolaus-harbusch-aus-der-rechtswidrigen-bild-kampagne-gegen-kardinal-woelki\/#breadcrumb","itemListElement":[{"@type":"ListItem","position":1,"name":"Startseite","item":"https:\/\/dev.hoecker.eu\/blog\/"},{"@type":"ListItem","position":2,"name":"Falsche Behauptung und unzul\u00e4ssige Verd\u00e4chtigungen &#8211; Landgericht K\u00f6ln verbietet 5. Bericht des BILD-Redakteurs Nikolaus Harbusch aus der rechtswidrigen BILD-Kampagne gegen Kardinal Woelki"}]},{"@type":"WebSite","@id":"https:\/\/www.hoecker.eu\/blog\/#website","url":"https:\/\/www.hoecker.eu\/blog\/","name":"H\u00d6CKER - der Blog","description":"Expertenblog f\u00fcr \u00c4u\u00dferungs-, Medien-, Marken-, Urheber- und Wettbewerbsrecht.","publisher":{"@id":"https:\/\/www.hoecker.eu\/blog\/#organization"},"potentialAction":[{"@type":"SearchAction","target":{"@type":"EntryPoint","urlTemplate":"https:\/\/www.hoecker.eu\/blog\/?s={search_term_string}"},"query-input":{"@type":"PropertyValueSpecification","valueRequired":true,"valueName":"search_term_string"}}],"inLanguage":"de"},{"@type":"Organization","@id":"https:\/\/www.hoecker.eu\/blog\/#organization","name":"H\u00d6CKER Rechtsanw\u00e4lte PartGmbB","alternateName":"H\u00d6CKER","url":"https:\/\/www.hoecker.eu\/blog\/","logo":{"@type":"ImageObject","inLanguage":"de","@id":"https:\/\/www.hoecker.eu\/blog\/#\/schema\/logo\/image\/","url":"https:\/\/www.hoecker.eu\/blog\/wp-content\/uploads\/2025\/03\/Blog-Logo.webp","contentUrl":"https:\/\/www.hoecker.eu\/blog\/wp-content\/uploads\/2025\/03\/Blog-Logo.webp","width":500,"height":500,"caption":"H\u00d6CKER Rechtsanw\u00e4lte PartGmbB"},"image":{"@id":"https:\/\/www.hoecker.eu\/blog\/#\/schema\/logo\/image\/"},"sameAs":["https:\/\/www.facebook.com\/HoeckerRAe\/","https:\/\/x.com\/hoecker_rae","https:\/\/www.linkedin.com\/company\/hcker-rechtsanwlte\/","https:\/\/www.instagram.com\/hoecker_rae\/"],"email":"contact@hoecker.eu","telephone":"+ 49 (0)221-933 19-10","legalName":"H\u00d6CKER Rechtsanw\u00e4lte PartGmbB","numberOfEmployees":{"@type":"QuantitativeValue","minValue":"11","maxValue":"50"}},{"@type":"Person","@id":"https:\/\/www.hoecker.eu\/blog\/#\/schema\/person\/08f95581eed0534eccd0b2438f7a1cab","name":"Prof. Dr. Ralf H\u00f6cker","description":"Medienanwalt. Besch\u00fctzer vor mieser Presse","sameAs":["https:\/\/www.hoecker.eu\/wer\/prof-dr-ralf-hoecker","https:\/\/www.facebook.com\/ralf.hoecker","https:\/\/www.linkedin.com\/in\/prof-dr-ralf-hcker-ll-m-london-17987826\/","https:\/\/x.com\/Ralf_Hoecker"],"url":"https:\/\/www.hoecker.eu\/blog\/author\/hoecker_adm\/"}]}},"authors":[{"term_id":84,"user_id":1,"is_guest":0,"slug":"hoecker_adm","display_name":"Prof. Dr. Ralf H\u00f6cker","avatar_url":{"url":"https:\/\/www.hoecker.eu\/blog\/wp-content\/uploads\/2023\/12\/ProfDrRalfHoecker.jpg","url2x":"https:\/\/www.hoecker.eu\/blog\/wp-content\/uploads\/2023\/12\/ProfDrRalfHoecker.jpg"},"0":null,"1":"","2":"","3":"","4":"","5":"","6":"","7":"","8":"","9":"","10":"","11":""}],"_links":{"self":[{"href":"https:\/\/www.hoecker.eu\/blog\/wp-json\/wp\/v2\/posts\/8190","targetHints":{"allow":["GET"]}}],"collection":[{"href":"https:\/\/www.hoecker.eu\/blog\/wp-json\/wp\/v2\/posts"}],"about":[{"href":"https:\/\/www.hoecker.eu\/blog\/wp-json\/wp\/v2\/types\/post"}],"author":[{"embeddable":true,"href":"https:\/\/www.hoecker.eu\/blog\/wp-json\/wp\/v2\/users\/1"}],"replies":[{"embeddable":true,"href":"https:\/\/www.hoecker.eu\/blog\/wp-json\/wp\/v2\/comments?post=8190"}],"version-history":[{"count":1,"href":"https:\/\/www.hoecker.eu\/blog\/wp-json\/wp\/v2\/posts\/8190\/revisions"}],"predecessor-version":[{"id":9312,"href":"https:\/\/www.hoecker.eu\/blog\/wp-json\/wp\/v2\/posts\/8190\/revisions\/9312"}],"wp:attachment":[{"href":"https:\/\/www.hoecker.eu\/blog\/wp-json\/wp\/v2\/media?parent=8190"}],"wp:term":[{"taxonomy":"category","embeddable":true,"href":"https:\/\/www.hoecker.eu\/blog\/wp-json\/wp\/v2\/categories?post=8190"},{"taxonomy":"post_tag","embeddable":true,"href":"https:\/\/www.hoecker.eu\/blog\/wp-json\/wp\/v2\/tags?post=8190"},{"taxonomy":"hashtags","embeddable":true,"href":"https:\/\/www.hoecker.eu\/blog\/wp-json\/wp\/v2\/hashtags?post=8190"},{"taxonomy":"author","embeddable":true,"href":"https:\/\/www.hoecker.eu\/blog\/wp-json\/wp\/v2\/ppma_author?post=8190"}],"curies":[{"name":"wp","href":"https:\/\/api.w.org\/{rel}","templated":true}]}}