{"id":8189,"date":"2023-01-25T17:40:00","date_gmt":"2023-01-25T16:40:00","guid":{"rendered":"https:\/\/www.hoecker.eu\/blog\/schon-wieder-eine-niederlage-fuer-bild-und-harbusch-landgericht-koeln-bestaetigt-verbot-zu-6-bild-bericht-meldung-zu-angeblicher-befassung-von-kardinal-woelki-im-fall-pilz-erneut-verboten\/"},"modified":"2025-02-17T14:53:56","modified_gmt":"2025-02-17T13:53:56","slug":"schon-wieder-eine-niederlage-fuer-bild-und-harbusch-landgericht-koeln-bestaetigt-verbot-zu-6-bild-bericht-meldung-zu-angeblicher-befassung-von-kardinal-woelki-im-fall-pilz-erneut-verboten","status":"publish","type":"post","link":"https:\/\/www.hoecker.eu\/blog\/schon-wieder-eine-niederlage-fuer-bild-und-harbusch-landgericht-koeln-bestaetigt-verbot-zu-6-bild-bericht-meldung-zu-angeblicher-befassung-von-kardinal-woelki-im-fall-pilz-erneut-verboten\/","title":{"rendered":"Schon wieder eine Niederlage f\u00fcr BILD und Harbusch: Landgericht K\u00f6ln best\u00e4tigt Verbot zu 6. BILD-Bericht &#8211; Meldung zu angeblicher Befassung von Kardinal Woelki im Fall Pilz erneut verboten"},"content":{"rendered":"<p>Kardinal Woelki hat durch H\u00d6CKER erneut die rechtswidrige Kernbehauptung in einem sechsten BILD-Bericht des Chefreporters Nikolaus Harbusch verbieten lassen: <\/p>\n<p>Worum ging es:<\/p>\n<p>BILD berichtete am 05.07.2022 \u00fcber den Pfarrer Pilz, gegen den erst nach seiner T\u00e4tigkeitszeit in K\u00f6ln Vorw\u00fcrfe erhoben wurden. BILD meldete, dass vor dem Beginn der Amtszeit von Kardinal Woelki bereits unter seinem Amtsvorg\u00e4nger eine Information \u00fcber die Vorw\u00fcrfe an das Bistum Dresden-Mei\u00dfen unterblieb, wo der Pfarrer Pilz nach seiner T\u00e4tigkeit in K\u00f6ln als Ruhestands-Geistlicher t\u00e4tig war.<\/p>\n<p>In diesem Zusammenhang sprach der Artikel davon, dass es auch ein Motiv f\u00fcr eine angebliche Dienstpflichtverletzung Woelkis gebe:<\/p>\n<p><em>\u201eAuch beim Motiv f\u00fcr Woelkis Dienstpflichtverletzung legt sich der Kirchenrechtler fest\u201c.<\/em><\/p>\n<p>Das Landgericht K\u00f6ln hatte mit einstweiliger Verf\u00fcgung vom 25.08.2022 entschieden, dass der Leser die \u00c4u\u00dferung als Tatsachenbehauptung versteht, <\/p>\n<p>&#8211; dass sich Herr Kardinal Woelki pers\u00f6nlich damit befasst habe, ob zu Priester Pilz eine unter Kardinal Meisner vers\u00e4umte Information des Bistums Dresden-Mei\u00dfen nachgeholt wird, <br \/>\n&#8211; sowie als Tatsachenbehauptung versteht, dass sich Herr Kardinal Woelki bewusst dagegen entschieden habe, die Information nachzuholen. <\/p>\n<p>Das Landgericht K\u00f6ln hatte diese Aussage <strong>verboten<\/strong> und das Verbot wie folgt begr\u00fcndet:<\/p>\n<p><em>\u201eDanach hat der Antragsteller einen Anspruch auf Unterlassung der Verbreitung der \u2026 \u00c4u\u00dferung, die sich als <strong>unwahre Tatsachenbehauptung<\/strong> \u00fcber den Antragsteller darstellt.\u201c<\/em><\/p>\n<p>Denn Kardinal Woelki hat in dem Verfahren klargestellt und versichert, dass er sich nicht mit der Nachholung der unterbliebenen Information befasst hat, zumal er gar keinen Anlass daf\u00fcr hatte, sich mit der Nachholung der unter Kardinal Meisner vers\u00e4umten Meldung zu befassen. Denn ihm war gar nicht bekannt, dass eine Meldung vor seiner Amts\u00fcbernahme vers\u00e4umt wurde.<\/p>\n<p>Die Axel Springer SE und Nikolaus Harbusch haben gegen die Verbotsentscheidung einen Widerspruch eingelegt. Der Widerspruch wurde damit begr\u00fcndet, dass eine Mitarbeiterin des Erzbistums K\u00f6ln in einem Interview mit dem K\u00f6lner Stadt-Anzeiger behauptet hatte, sie habe eine Liste mit dem Namen Pilz erstellt und diese Liste sei Kardinal Woelki \u00fcbergeben worden. Daraus wollten BILD und Harbusch ableiten, dass sich Herr Kardinal Woelki doch mit der Nachholung der vers\u00e4umten Information befasst habe. BILD und Harbusch versuchten sich auch mit dem Einwand zu retten, sie h\u00e4tten gar nicht die Behauptung aufstellen wollen, dass Kardinal Woelki ein Motiv gehabt habe. Sie h\u00e4tten nur in einer wertenden Meinungs\u00e4u\u00dferung Stellung zu einer Aussage des Kirchenrechtlers Prof. Sch\u00fcller nehmen wollen.<\/p>\n<p>Das Landgericht K\u00f6ln hielt die Einw\u00e4nde der BILD f\u00fcr unbegr\u00fcndet. Es hat das Verbot der Aussage mit Urteil vom 25.01.2022 im einstweiligen Verf\u00fcgungsverfahren best\u00e4tigt (Az. 28 O 227\/22, n.rkr.): <\/p>\n<p>Die \u00c4u\u00dferung greife in rechtswidriger Weise in das allgemeine Pers\u00f6nlichkeitsrecht des Herrn Kardinal Woelki ein, und zwar egal, ob man sie als Tatsachenbehauptung verstehe oder aber als Meinungs\u00e4u\u00dferung: <\/p>\n<p>Kardinal Woelki hat \u2013 so das Landgericht K\u00f6ln in seiner Begr\u00fcndung \u2013 die Unwahrheit der Behauptung, er habe ein Motiv f\u00fcr eine Dienstpflichtverletzung gehabt, glaubhaft gemacht. Anhaltspunkte daf\u00fcr, dass Kardinal Woelki den Umstand gekannt habe, dass es unter seinem Vorg\u00e4nger zu einer gegebenenfalls nachzuholenden unterbliebenen Information kam, bestehen laut Landgericht K\u00f6ln nicht. Auch die Behauptung der Mitarbeiterin des Erzbistums K\u00f6ln, Kardinal Woelki sei eine Liste mit den Namen Pilz \u00fcbergeben worden, ist \u2013 best\u00e4tigt durch das Landgericht K\u00f6ln \u2013 unerheblich: Denn selbst wenn Kardinal Woelki eine Liste mit dem Namen Pilz \u00fcberhaupt gelesen h\u00e4tte, dann h\u00e4tte ihm &#8211; so das Landgericht K\u00f6ln &#8211; nicht der Gedanke kommen k\u00f6nnen, dass noch eine Unterrichtung des Bistums Dresden-Mei\u00dfen ausstand, da sich dies selbst nach dem Vortrag von BILD und Harbusch nicht aus der Liste ergeben hat. <\/p>\n<p>Auch den Einwand von BILD und Harbusch, man habe gar keine Tatsache behaupten, sondern nur eine Meinung \u00e4u\u00dfern wollen, bewertet das Landgericht K\u00f6ln als unerheblich: <\/p>\n<p>Denn die vermeintliche Wertung der BILD-Zeitung habe sich auf eine angebliche Aussage des Kirchenrechtlers Prof. Dr. Sch\u00fcller bezogen. Prof. Sch\u00fcller habe aber eidesstattlich versichert, dass er Herrn Kardinal Woelki gerade kein Motiv unterstellen wollte und sich hierzu gar nicht ge\u00e4u\u00dfert habe, f\u00fchrt das Landgericht K\u00f6ln aus. Die Aussage von Prof. Sch\u00fcller, die BILD und Harbusch angeblich bewerten wollten, habe sich \u2013 so das Landgericht K\u00f6ln \u2013 \u00fcberhaupt nicht auf Kardinal Woelki bezogen. <\/p>\n<p>Die durch die BILD bewertete Aussage Sch\u00fcllers, sei \u2013 so das Landgericht K\u00f6ln ausdr\u00fccklich \u2013 seitens der BILD \u2013 \u201e<strong><em>vielmehr unter Versto\u00df gegen die journalistische Sorgfaltspflicht aus seinem urspr\u00fcnglichen Zusammenhang gerissen worden, um die gegen den Verf\u00fcgungskl\u00e4ger <\/em><\/strong><em>(<\/em>Anmerkung: Kardinal Woelki<em>)<strong><br \/>\nerhobenen Vorw\u00fcrfe weiter zu dramatisieren<\/strong><\/em>.\u201c <\/p>\n<p>Selbst wenn man somit gem\u00e4\u00df der Verteidigung von BILD und Harbusch meinen wollte, dass lediglich eine Meinung ge\u00e4u\u00dfert worden sei, sei diese dennoch rechtswidrig. Dies begr\u00fcndet das Landgericht K\u00f6ln wie folgt: \u201e<em>Es fehlt f\u00fcr diese Meinungs\u00e4u\u00dferung an einem Tatsachenkern, da sich Prof. Dr. Sch\u00fcller nicht \u00fcber ein Motiv des Verf\u00fcgungskl\u00e4gers bei der Begehung seiner Dienstpflichtverletzung ge\u00e4u\u00dfert hat.\u201c<\/em><\/p>\n<p>Dr. Carsten Brennecke: \u201e<em>Das Landgericht K\u00f6ln sagt, dass Nikolaus Harbusch eine Aussage unter Versto\u00df gegen die journalistische Sorgfaltspflicht aus dem Zusammenhang gerissen hat, um die gegen Kardinal Woelki erhobenen Vorw\u00fcrfe zu dramatisieren. Das Gerichtsverfahren legt damit ein weiteres Mal offen, mit welchen unseri\u00f6sen und journalistisch unsauberen Mitteln Nikolaus Harbusch in der BILD-Zeitung gegen Herrn Kardinal Woelki arbeitet.<\/em><\/p>\n<p><em>Bemerkenswert ist auch die Best\u00e4tigung des Landgerichts K\u00f6ln, dass die in der Presse mehrfach voreilig als relevant f\u00fcr dieses Verfahren aufgebauschte Interview-Aussage der Mitarbeiterin im K\u00f6lner Stadt-Anzeiger tats\u00e4chlich v\u00f6llig bedeutungslos ist. Bis heute gibt es laut Landgericht K\u00f6ln keine Anhaltspunkte, die gegen\u00fcber Kardinal Woelki den Vorwurf einer Pflichtverletzung rechtfertigen.\u201c <\/em><\/p>\n","protected":false},"excerpt":{"rendered":"<p>Kardinal Woelki hat durch H\u00d6CKER erneut die rechtswidrige Kernbehauptung in einem sechsten BILD-Bericht des Chefreporters Nikolaus Harbusch verbieten lassen: Worum ging es: BILD berichtete am 05.07.2022 \u00fcber den Pfarrer Pilz, gegen den erst nach seiner T\u00e4tigkeitszeit in K\u00f6ln Vorw\u00fcrfe erhoben wurden. BILD meldete, dass vor dem Beginn der Amtszeit von Kardinal Woelki bereits unter seinem [&hellip;]<\/p>\n","protected":false},"author":1,"featured_media":0,"comment_status":"closed","ping_status":"closed","sticky":false,"template":"","format":"standard","meta":{"_has_post_settings":[],"footnotes":""},"categories":[15],"tags":[],"hashtags":[],"ppma_author":[84],"class_list":["post-8189","post","type-post","status-publish","format-standard","hentry","category-news","author-hoecker_adm"],"yoast_head":"<!-- This site is optimized with the Yoast SEO Premium plugin v25.9 (Yoast SEO v27.0) - https:\/\/yoast.com\/product\/yoast-seo-premium-wordpress\/ -->\n<title>Schon wieder eine Niederlage f\u00fcr BILD und Harbusch: Landgericht K\u00f6ln best\u00e4tigt Verbot zu 6. BILD-Bericht - Meldung zu angeblicher Befassung von Kardinal Woelki im Fall Pilz erneut verboten - H\u00d6CKER - der Blog<\/title>\n<meta name=\"robots\" content=\"index, follow, max-snippet:-1, max-image-preview:large, max-video-preview:-1\" \/>\n<link rel=\"canonical\" href=\"https:\/\/www.hoecker.eu\/blog\/schon-wieder-eine-niederlage-fuer-bild-und-harbusch-landgericht-koeln-bestaetigt-verbot-zu-6-bild-bericht-meldung-zu-angeblicher-befassung-von-kardinal-woelki-im-fall-pilz-erneut-verboten\/\" \/>\n<meta property=\"og:locale\" content=\"de_DE\" \/>\n<meta property=\"og:type\" content=\"article\" \/>\n<meta property=\"og:title\" content=\"Schon wieder eine Niederlage f\u00fcr BILD und Harbusch: Landgericht K\u00f6ln best\u00e4tigt Verbot zu 6. BILD-Bericht - Meldung zu angeblicher Befassung von Kardinal Woelki im Fall Pilz erneut verboten\" \/>\n<meta property=\"og:description\" content=\"Kardinal Woelki hat durch H\u00d6CKER erneut die rechtswidrige Kernbehauptung in einem sechsten BILD-Bericht des Chefreporters Nikolaus Harbusch verbieten lassen: Worum ging es: BILD berichtete am 05.07.2022 \u00fcber den Pfarrer Pilz, gegen den erst nach seiner T\u00e4tigkeitszeit in K\u00f6ln Vorw\u00fcrfe erhoben wurden. BILD meldete, dass vor dem Beginn der Amtszeit von Kardinal Woelki bereits unter seinem [&hellip;]\" \/>\n<meta property=\"og:url\" content=\"https:\/\/www.hoecker.eu\/blog\/schon-wieder-eine-niederlage-fuer-bild-und-harbusch-landgericht-koeln-bestaetigt-verbot-zu-6-bild-bericht-meldung-zu-angeblicher-befassung-von-kardinal-woelki-im-fall-pilz-erneut-verboten\/\" \/>\n<meta property=\"og:site_name\" content=\"H\u00d6CKER - der Blog\" \/>\n<meta property=\"article:publisher\" content=\"https:\/\/www.facebook.com\/HoeckerRAe\/\" \/>\n<meta property=\"article:author\" content=\"https:\/\/www.facebook.com\/ralf.hoecker\" \/>\n<meta property=\"article:published_time\" content=\"2023-01-25T16:40:00+00:00\" \/>\n<meta property=\"article:modified_time\" content=\"2025-02-17T13:53:56+00:00\" \/>\n<meta name=\"author\" content=\"Prof. Dr. Ralf H\u00f6cker\" \/>\n<meta name=\"twitter:card\" content=\"summary_large_image\" \/>\n<meta name=\"twitter:creator\" content=\"@Ralf_Hoecker\" \/>\n<meta name=\"twitter:site\" content=\"@hoecker_rae\" \/>\n<meta name=\"twitter:label1\" content=\"Verfasst von\" \/>\n\t<meta name=\"twitter:data1\" content=\"Prof. Dr. Ralf H\u00f6cker\" \/>\n\t<meta name=\"twitter:label2\" content=\"Gesch\u00e4tzte Lesezeit\" \/>\n\t<meta name=\"twitter:data2\" content=\"5\u00a0Minuten\" \/>\n<script type=\"application\/ld+json\" class=\"yoast-schema-graph\">{\"@context\":\"https:\/\/schema.org\",\"@graph\":[{\"@type\":\"Article\",\"@id\":\"https:\/\/www.hoecker.eu\/blog\/schon-wieder-eine-niederlage-fuer-bild-und-harbusch-landgericht-koeln-bestaetigt-verbot-zu-6-bild-bericht-meldung-zu-angeblicher-befassung-von-kardinal-woelki-im-fall-pilz-erneut-verboten\/#article\",\"isPartOf\":{\"@id\":\"https:\/\/www.hoecker.eu\/blog\/schon-wieder-eine-niederlage-fuer-bild-und-harbusch-landgericht-koeln-bestaetigt-verbot-zu-6-bild-bericht-meldung-zu-angeblicher-befassung-von-kardinal-woelki-im-fall-pilz-erneut-verboten\/\"},\"author\":{\"name\":\"Prof. Dr. Ralf H\u00f6cker\",\"@id\":\"https:\/\/www.hoecker.eu\/blog\/#\/schema\/person\/08f95581eed0534eccd0b2438f7a1cab\"},\"headline\":\"Schon wieder eine Niederlage f\u00fcr BILD und Harbusch: Landgericht K\u00f6ln best\u00e4tigt Verbot zu 6. BILD-Bericht &#8211; Meldung zu angeblicher Befassung von Kardinal Woelki im Fall Pilz erneut verboten\",\"datePublished\":\"2023-01-25T16:40:00+00:00\",\"dateModified\":\"2025-02-17T13:53:56+00:00\",\"mainEntityOfPage\":{\"@id\":\"https:\/\/www.hoecker.eu\/blog\/schon-wieder-eine-niederlage-fuer-bild-und-harbusch-landgericht-koeln-bestaetigt-verbot-zu-6-bild-bericht-meldung-zu-angeblicher-befassung-von-kardinal-woelki-im-fall-pilz-erneut-verboten\/\"},\"wordCount\":981,\"publisher\":{\"@id\":\"https:\/\/www.hoecker.eu\/blog\/#organization\"},\"articleSection\":[\"News\"],\"inLanguage\":\"de\"},{\"@type\":\"WebPage\",\"@id\":\"https:\/\/www.hoecker.eu\/blog\/schon-wieder-eine-niederlage-fuer-bild-und-harbusch-landgericht-koeln-bestaetigt-verbot-zu-6-bild-bericht-meldung-zu-angeblicher-befassung-von-kardinal-woelki-im-fall-pilz-erneut-verboten\/\",\"url\":\"https:\/\/www.hoecker.eu\/blog\/schon-wieder-eine-niederlage-fuer-bild-und-harbusch-landgericht-koeln-bestaetigt-verbot-zu-6-bild-bericht-meldung-zu-angeblicher-befassung-von-kardinal-woelki-im-fall-pilz-erneut-verboten\/\",\"name\":\"Schon wieder eine Niederlage f\u00fcr BILD und Harbusch: Landgericht K\u00f6ln best\u00e4tigt Verbot zu 6. BILD-Bericht - Meldung zu angeblicher Befassung von Kardinal Woelki im Fall Pilz erneut verboten - H\u00d6CKER - der Blog\",\"isPartOf\":{\"@id\":\"https:\/\/www.hoecker.eu\/blog\/#website\"},\"datePublished\":\"2023-01-25T16:40:00+00:00\",\"dateModified\":\"2025-02-17T13:53:56+00:00\",\"breadcrumb\":{\"@id\":\"https:\/\/www.hoecker.eu\/blog\/schon-wieder-eine-niederlage-fuer-bild-und-harbusch-landgericht-koeln-bestaetigt-verbot-zu-6-bild-bericht-meldung-zu-angeblicher-befassung-von-kardinal-woelki-im-fall-pilz-erneut-verboten\/#breadcrumb\"},\"inLanguage\":\"de\",\"potentialAction\":[{\"@type\":\"ReadAction\",\"target\":[\"https:\/\/www.hoecker.eu\/blog\/schon-wieder-eine-niederlage-fuer-bild-und-harbusch-landgericht-koeln-bestaetigt-verbot-zu-6-bild-bericht-meldung-zu-angeblicher-befassung-von-kardinal-woelki-im-fall-pilz-erneut-verboten\/\"]}]},{\"@type\":\"BreadcrumbList\",\"@id\":\"https:\/\/www.hoecker.eu\/blog\/schon-wieder-eine-niederlage-fuer-bild-und-harbusch-landgericht-koeln-bestaetigt-verbot-zu-6-bild-bericht-meldung-zu-angeblicher-befassung-von-kardinal-woelki-im-fall-pilz-erneut-verboten\/#breadcrumb\",\"itemListElement\":[{\"@type\":\"ListItem\",\"position\":1,\"name\":\"Startseite\",\"item\":\"https:\/\/dev.hoecker.eu\/blog\/\"},{\"@type\":\"ListItem\",\"position\":2,\"name\":\"Schon wieder eine Niederlage f\u00fcr BILD und Harbusch: Landgericht K\u00f6ln best\u00e4tigt Verbot zu 6. BILD-Bericht &#8211; Meldung zu angeblicher Befassung von Kardinal Woelki im Fall Pilz erneut verboten\"}]},{\"@type\":\"WebSite\",\"@id\":\"https:\/\/www.hoecker.eu\/blog\/#website\",\"url\":\"https:\/\/www.hoecker.eu\/blog\/\",\"name\":\"H\u00d6CKER - der Blog\",\"description\":\"Expertenblog f\u00fcr \u00c4u\u00dferungs-, Medien-, Marken-, Urheber- und Wettbewerbsrecht.\",\"publisher\":{\"@id\":\"https:\/\/www.hoecker.eu\/blog\/#organization\"},\"potentialAction\":[{\"@type\":\"SearchAction\",\"target\":{\"@type\":\"EntryPoint\",\"urlTemplate\":\"https:\/\/www.hoecker.eu\/blog\/?s={search_term_string}\"},\"query-input\":{\"@type\":\"PropertyValueSpecification\",\"valueRequired\":true,\"valueName\":\"search_term_string\"}}],\"inLanguage\":\"de\"},{\"@type\":\"Organization\",\"@id\":\"https:\/\/www.hoecker.eu\/blog\/#organization\",\"name\":\"H\u00d6CKER Rechtsanw\u00e4lte PartGmbB\",\"alternateName\":\"H\u00d6CKER\",\"url\":\"https:\/\/www.hoecker.eu\/blog\/\",\"logo\":{\"@type\":\"ImageObject\",\"inLanguage\":\"de\",\"@id\":\"https:\/\/www.hoecker.eu\/blog\/#\/schema\/logo\/image\/\",\"url\":\"https:\/\/www.hoecker.eu\/blog\/wp-content\/uploads\/2025\/03\/Blog-Logo.webp\",\"contentUrl\":\"https:\/\/www.hoecker.eu\/blog\/wp-content\/uploads\/2025\/03\/Blog-Logo.webp\",\"width\":500,\"height\":500,\"caption\":\"H\u00d6CKER Rechtsanw\u00e4lte PartGmbB\"},\"image\":{\"@id\":\"https:\/\/www.hoecker.eu\/blog\/#\/schema\/logo\/image\/\"},\"sameAs\":[\"https:\/\/www.facebook.com\/HoeckerRAe\/\",\"https:\/\/x.com\/hoecker_rae\",\"https:\/\/www.linkedin.com\/company\/hcker-rechtsanwlte\/\",\"https:\/\/www.instagram.com\/hoecker_rae\/\"],\"email\":\"contact@hoecker.eu\",\"telephone\":\"+ 49 (0)221-933 19-10\",\"legalName\":\"H\u00d6CKER Rechtsanw\u00e4lte PartGmbB\",\"numberOfEmployees\":{\"@type\":\"QuantitativeValue\",\"minValue\":\"11\",\"maxValue\":\"50\"}},{\"@type\":\"Person\",\"@id\":\"https:\/\/www.hoecker.eu\/blog\/#\/schema\/person\/08f95581eed0534eccd0b2438f7a1cab\",\"name\":\"Prof. Dr. Ralf H\u00f6cker\",\"description\":\"Medienanwalt. Besch\u00fctzer vor mieser Presse\",\"sameAs\":[\"https:\/\/www.hoecker.eu\/wer\/prof-dr-ralf-hoecker\",\"https:\/\/www.facebook.com\/ralf.hoecker\",\"https:\/\/www.linkedin.com\/in\/prof-dr-ralf-hcker-ll-m-london-17987826\/\",\"https:\/\/x.com\/Ralf_Hoecker\"],\"url\":\"https:\/\/www.hoecker.eu\/blog\/author\/hoecker_adm\/\"}]}<\/script>\n<!-- \/ Yoast SEO Premium plugin. -->","yoast_head_json":{"title":"Schon wieder eine Niederlage f\u00fcr BILD und Harbusch: Landgericht K\u00f6ln best\u00e4tigt Verbot zu 6. BILD-Bericht - Meldung zu angeblicher Befassung von Kardinal Woelki im Fall Pilz erneut verboten - H\u00d6CKER - der Blog","robots":{"index":"index","follow":"follow","max-snippet":"max-snippet:-1","max-image-preview":"max-image-preview:large","max-video-preview":"max-video-preview:-1"},"canonical":"https:\/\/www.hoecker.eu\/blog\/schon-wieder-eine-niederlage-fuer-bild-und-harbusch-landgericht-koeln-bestaetigt-verbot-zu-6-bild-bericht-meldung-zu-angeblicher-befassung-von-kardinal-woelki-im-fall-pilz-erneut-verboten\/","og_locale":"de_DE","og_type":"article","og_title":"Schon wieder eine Niederlage f\u00fcr BILD und Harbusch: Landgericht K\u00f6ln best\u00e4tigt Verbot zu 6. BILD-Bericht - Meldung zu angeblicher Befassung von Kardinal Woelki im Fall Pilz erneut verboten","og_description":"Kardinal Woelki hat durch H\u00d6CKER erneut die rechtswidrige Kernbehauptung in einem sechsten BILD-Bericht des Chefreporters Nikolaus Harbusch verbieten lassen: Worum ging es: BILD berichtete am 05.07.2022 \u00fcber den Pfarrer Pilz, gegen den erst nach seiner T\u00e4tigkeitszeit in K\u00f6ln Vorw\u00fcrfe erhoben wurden. BILD meldete, dass vor dem Beginn der Amtszeit von Kardinal Woelki bereits unter seinem [&hellip;]","og_url":"https:\/\/www.hoecker.eu\/blog\/schon-wieder-eine-niederlage-fuer-bild-und-harbusch-landgericht-koeln-bestaetigt-verbot-zu-6-bild-bericht-meldung-zu-angeblicher-befassung-von-kardinal-woelki-im-fall-pilz-erneut-verboten\/","og_site_name":"H\u00d6CKER - der Blog","article_publisher":"https:\/\/www.facebook.com\/HoeckerRAe\/","article_author":"https:\/\/www.facebook.com\/ralf.hoecker","article_published_time":"2023-01-25T16:40:00+00:00","article_modified_time":"2025-02-17T13:53:56+00:00","author":"Prof. Dr. Ralf H\u00f6cker","twitter_card":"summary_large_image","twitter_creator":"@Ralf_Hoecker","twitter_site":"@hoecker_rae","twitter_misc":{"Verfasst von":"Prof. Dr. Ralf H\u00f6cker","Gesch\u00e4tzte Lesezeit":"5\u00a0Minuten"},"schema":{"@context":"https:\/\/schema.org","@graph":[{"@type":"Article","@id":"https:\/\/www.hoecker.eu\/blog\/schon-wieder-eine-niederlage-fuer-bild-und-harbusch-landgericht-koeln-bestaetigt-verbot-zu-6-bild-bericht-meldung-zu-angeblicher-befassung-von-kardinal-woelki-im-fall-pilz-erneut-verboten\/#article","isPartOf":{"@id":"https:\/\/www.hoecker.eu\/blog\/schon-wieder-eine-niederlage-fuer-bild-und-harbusch-landgericht-koeln-bestaetigt-verbot-zu-6-bild-bericht-meldung-zu-angeblicher-befassung-von-kardinal-woelki-im-fall-pilz-erneut-verboten\/"},"author":{"name":"Prof. Dr. Ralf H\u00f6cker","@id":"https:\/\/www.hoecker.eu\/blog\/#\/schema\/person\/08f95581eed0534eccd0b2438f7a1cab"},"headline":"Schon wieder eine Niederlage f\u00fcr BILD und Harbusch: Landgericht K\u00f6ln best\u00e4tigt Verbot zu 6. BILD-Bericht &#8211; Meldung zu angeblicher Befassung von Kardinal Woelki im Fall Pilz erneut verboten","datePublished":"2023-01-25T16:40:00+00:00","dateModified":"2025-02-17T13:53:56+00:00","mainEntityOfPage":{"@id":"https:\/\/www.hoecker.eu\/blog\/schon-wieder-eine-niederlage-fuer-bild-und-harbusch-landgericht-koeln-bestaetigt-verbot-zu-6-bild-bericht-meldung-zu-angeblicher-befassung-von-kardinal-woelki-im-fall-pilz-erneut-verboten\/"},"wordCount":981,"publisher":{"@id":"https:\/\/www.hoecker.eu\/blog\/#organization"},"articleSection":["News"],"inLanguage":"de"},{"@type":"WebPage","@id":"https:\/\/www.hoecker.eu\/blog\/schon-wieder-eine-niederlage-fuer-bild-und-harbusch-landgericht-koeln-bestaetigt-verbot-zu-6-bild-bericht-meldung-zu-angeblicher-befassung-von-kardinal-woelki-im-fall-pilz-erneut-verboten\/","url":"https:\/\/www.hoecker.eu\/blog\/schon-wieder-eine-niederlage-fuer-bild-und-harbusch-landgericht-koeln-bestaetigt-verbot-zu-6-bild-bericht-meldung-zu-angeblicher-befassung-von-kardinal-woelki-im-fall-pilz-erneut-verboten\/","name":"Schon wieder eine Niederlage f\u00fcr BILD und Harbusch: Landgericht K\u00f6ln best\u00e4tigt Verbot zu 6. BILD-Bericht - Meldung zu angeblicher Befassung von Kardinal Woelki im Fall Pilz erneut verboten - H\u00d6CKER - der Blog","isPartOf":{"@id":"https:\/\/www.hoecker.eu\/blog\/#website"},"datePublished":"2023-01-25T16:40:00+00:00","dateModified":"2025-02-17T13:53:56+00:00","breadcrumb":{"@id":"https:\/\/www.hoecker.eu\/blog\/schon-wieder-eine-niederlage-fuer-bild-und-harbusch-landgericht-koeln-bestaetigt-verbot-zu-6-bild-bericht-meldung-zu-angeblicher-befassung-von-kardinal-woelki-im-fall-pilz-erneut-verboten\/#breadcrumb"},"inLanguage":"de","potentialAction":[{"@type":"ReadAction","target":["https:\/\/www.hoecker.eu\/blog\/schon-wieder-eine-niederlage-fuer-bild-und-harbusch-landgericht-koeln-bestaetigt-verbot-zu-6-bild-bericht-meldung-zu-angeblicher-befassung-von-kardinal-woelki-im-fall-pilz-erneut-verboten\/"]}]},{"@type":"BreadcrumbList","@id":"https:\/\/www.hoecker.eu\/blog\/schon-wieder-eine-niederlage-fuer-bild-und-harbusch-landgericht-koeln-bestaetigt-verbot-zu-6-bild-bericht-meldung-zu-angeblicher-befassung-von-kardinal-woelki-im-fall-pilz-erneut-verboten\/#breadcrumb","itemListElement":[{"@type":"ListItem","position":1,"name":"Startseite","item":"https:\/\/dev.hoecker.eu\/blog\/"},{"@type":"ListItem","position":2,"name":"Schon wieder eine Niederlage f\u00fcr BILD und Harbusch: Landgericht K\u00f6ln best\u00e4tigt Verbot zu 6. BILD-Bericht &#8211; Meldung zu angeblicher Befassung von Kardinal Woelki im Fall Pilz erneut verboten"}]},{"@type":"WebSite","@id":"https:\/\/www.hoecker.eu\/blog\/#website","url":"https:\/\/www.hoecker.eu\/blog\/","name":"H\u00d6CKER - der Blog","description":"Expertenblog f\u00fcr \u00c4u\u00dferungs-, Medien-, Marken-, Urheber- und Wettbewerbsrecht.","publisher":{"@id":"https:\/\/www.hoecker.eu\/blog\/#organization"},"potentialAction":[{"@type":"SearchAction","target":{"@type":"EntryPoint","urlTemplate":"https:\/\/www.hoecker.eu\/blog\/?s={search_term_string}"},"query-input":{"@type":"PropertyValueSpecification","valueRequired":true,"valueName":"search_term_string"}}],"inLanguage":"de"},{"@type":"Organization","@id":"https:\/\/www.hoecker.eu\/blog\/#organization","name":"H\u00d6CKER Rechtsanw\u00e4lte PartGmbB","alternateName":"H\u00d6CKER","url":"https:\/\/www.hoecker.eu\/blog\/","logo":{"@type":"ImageObject","inLanguage":"de","@id":"https:\/\/www.hoecker.eu\/blog\/#\/schema\/logo\/image\/","url":"https:\/\/www.hoecker.eu\/blog\/wp-content\/uploads\/2025\/03\/Blog-Logo.webp","contentUrl":"https:\/\/www.hoecker.eu\/blog\/wp-content\/uploads\/2025\/03\/Blog-Logo.webp","width":500,"height":500,"caption":"H\u00d6CKER Rechtsanw\u00e4lte PartGmbB"},"image":{"@id":"https:\/\/www.hoecker.eu\/blog\/#\/schema\/logo\/image\/"},"sameAs":["https:\/\/www.facebook.com\/HoeckerRAe\/","https:\/\/x.com\/hoecker_rae","https:\/\/www.linkedin.com\/company\/hcker-rechtsanwlte\/","https:\/\/www.instagram.com\/hoecker_rae\/"],"email":"contact@hoecker.eu","telephone":"+ 49 (0)221-933 19-10","legalName":"H\u00d6CKER Rechtsanw\u00e4lte PartGmbB","numberOfEmployees":{"@type":"QuantitativeValue","minValue":"11","maxValue":"50"}},{"@type":"Person","@id":"https:\/\/www.hoecker.eu\/blog\/#\/schema\/person\/08f95581eed0534eccd0b2438f7a1cab","name":"Prof. Dr. Ralf H\u00f6cker","description":"Medienanwalt. Besch\u00fctzer vor mieser Presse","sameAs":["https:\/\/www.hoecker.eu\/wer\/prof-dr-ralf-hoecker","https:\/\/www.facebook.com\/ralf.hoecker","https:\/\/www.linkedin.com\/in\/prof-dr-ralf-hcker-ll-m-london-17987826\/","https:\/\/x.com\/Ralf_Hoecker"],"url":"https:\/\/www.hoecker.eu\/blog\/author\/hoecker_adm\/"}]}},"authors":[{"term_id":84,"user_id":1,"is_guest":0,"slug":"hoecker_adm","display_name":"Prof. Dr. Ralf H\u00f6cker","avatar_url":{"url":"https:\/\/www.hoecker.eu\/blog\/wp-content\/uploads\/2023\/12\/ProfDrRalfHoecker.jpg","url2x":"https:\/\/www.hoecker.eu\/blog\/wp-content\/uploads\/2023\/12\/ProfDrRalfHoecker.jpg"},"0":null,"1":"","2":"","3":"","4":"","5":"","6":"","7":"","8":"","9":"","10":"","11":""}],"_links":{"self":[{"href":"https:\/\/www.hoecker.eu\/blog\/wp-json\/wp\/v2\/posts\/8189","targetHints":{"allow":["GET"]}}],"collection":[{"href":"https:\/\/www.hoecker.eu\/blog\/wp-json\/wp\/v2\/posts"}],"about":[{"href":"https:\/\/www.hoecker.eu\/blog\/wp-json\/wp\/v2\/types\/post"}],"author":[{"embeddable":true,"href":"https:\/\/www.hoecker.eu\/blog\/wp-json\/wp\/v2\/users\/1"}],"replies":[{"embeddable":true,"href":"https:\/\/www.hoecker.eu\/blog\/wp-json\/wp\/v2\/comments?post=8189"}],"version-history":[{"count":1,"href":"https:\/\/www.hoecker.eu\/blog\/wp-json\/wp\/v2\/posts\/8189\/revisions"}],"predecessor-version":[{"id":9311,"href":"https:\/\/www.hoecker.eu\/blog\/wp-json\/wp\/v2\/posts\/8189\/revisions\/9311"}],"wp:attachment":[{"href":"https:\/\/www.hoecker.eu\/blog\/wp-json\/wp\/v2\/media?parent=8189"}],"wp:term":[{"taxonomy":"category","embeddable":true,"href":"https:\/\/www.hoecker.eu\/blog\/wp-json\/wp\/v2\/categories?post=8189"},{"taxonomy":"post_tag","embeddable":true,"href":"https:\/\/www.hoecker.eu\/blog\/wp-json\/wp\/v2\/tags?post=8189"},{"taxonomy":"hashtags","embeddable":true,"href":"https:\/\/www.hoecker.eu\/blog\/wp-json\/wp\/v2\/hashtags?post=8189"},{"taxonomy":"author","embeddable":true,"href":"https:\/\/www.hoecker.eu\/blog\/wp-json\/wp\/v2\/ppma_author?post=8189"}],"curies":[{"name":"wp","href":"https:\/\/api.w.org\/{rel}","templated":true}]}}