{"id":8188,"date":"2023-02-15T09:07:00","date_gmt":"2023-02-15T08:07:00","guid":{"rendered":"https:\/\/www.hoecker.eu\/blog\/marie-luise-vollbrecht-inhaltlich-rehabilitiert-aeusserung-des-dgti-e-v-darf-ausserhalb-des-spezifischen-trans-themen-kontextes-nicht-wiederholt-werden\/"},"modified":"2025-02-17T14:53:56","modified_gmt":"2025-02-17T13:53:56","slug":"marie-luise-vollbrecht-inhaltlich-rehabilitiert-aeusserung-des-dgti-e-v-darf-ausserhalb-des-spezifischen-trans-themen-kontextes-nicht-wiederholt-werden","status":"publish","type":"post","link":"https:\/\/www.hoecker.eu\/blog\/marie-luise-vollbrecht-inhaltlich-rehabilitiert-aeusserung-des-dgti-e-v-darf-ausserhalb-des-spezifischen-trans-themen-kontextes-nicht-wiederholt-werden\/","title":{"rendered":"Marie-Luise Vollbrecht inhaltlich rehabilitiert &#8211; \u00c4u\u00dferung des dgti e.V. darf au\u00dferhalb des spezifischen \u201eTrans-Themen\u201c-Kontextes nicht wiederholt werden"},"content":{"rendered":"<p>Das OLG K\u00f6ln hat in einem Hinweisbeschluss Stellung zu einer \u00c4u\u00dferung des dgti e.V. (Deutsche Gesellschaft f\u00fcr Transidentit\u00e4t und Intersexualit\u00e4t) bezogen (Beschl. v. 20.01.2023 \u2013 15 U 208\/22). Dieser hatte behauptet, unsere Mandantin, die Biologin Marie-Luise Vollbrecht, leugne NS-Verbrechen. F\u00fcr die Mandantin hatten wir uns gegen diese evidente Falschbehauptung gewehrt. Vor Gericht hatten wir vom dgti e.V. verlangt, den Hashtag \u201e#MarieLeugnetNS-Verbrechen\u201c nicht weiter zu verwenden.<\/p>\n<p>Das Gericht bewertet die \u00c4u\u00dferung nun sehr differenziert. Im Kern sagt es, dass der Vorwurf der Verbrechensleugnung au\u00dferhalb der Filterblase von Trans-Aktivisten nicht aufgestellt werden d\u00fcrfte. Das ist sehr erfreulich, denn diese Filterblase ist sehr klein. Innerhalb der Blase sei die Verwendung des Hashtags aber wohl zul\u00e4ssig. Das Gericht meint n\u00e4mlich, dass der durchschnittliche Rezipient wisse, dass die \u00c4u\u00dferung \u201e#MarieLeugnetNS-Verbrechen\u201c \u201edurch die Brille der twitternden Transaktivisten zu sehen und zu deuten\u201c sei. Innerhalb dieser Community sei deshalb klar, dass sich die \u00c4u\u00dferung nur auf eine \u201eweitere Trans-Themensetzung\u201c beziehe. Der Rezipient wisse daher auch, dass es nicht um den Vorwurf eines \u201egenerellen Holocaust-Leugnens\u201c im klassischen Sinne gehe, sondern um ein \u201eLeugnen\u201c der von den Transaktivisten selbst definierten weiten Opfergruppen.<\/p>\n<p><strong>Au\u00dferhalb dieser Filterblase der Transaktivsten sei eine solche \u00c4u\u00dferung aber in der Regel unzul\u00e4ssig.<\/strong><\/p>\n<p>Das OLG K\u00f6ln sagt dazu Folgendes: <\/p>\n<p><em>\u201eIn einer isolierten, kontextlosen und pauschalen Aussage w\u00e4re es &#8211; ausgehend von diesem allgemeinen Sprachgebrauch &#8211; im Zweifel wohl in der Tat unzul\u00e4ssig, sich dahingehend zu \u00e4u\u00dfern, die Verf\u00fcgungskl\u00e4gerin habe \u201eNS-Verbrechen\u201c (gemeint: im \u201eklassischen Sinne\u201c) geleugnet [\u2026]\u201c<\/em><\/p>\n<p>Das Gericht ordnet die \u00c4u\u00dferung zutreffend als Teil der Versuche bestimmter Gruppierungen ein, die Deutungshoheit \u00fcber den Begriff der \u201eNS-Verbrechen\u201c zu erlangen. Im Rahmen dieses \u201eKampfes\u201c um Begrifflichkeiten, Kategorisierungen und vermeintliche historische Wahrheiten kommt es nach Auffassung des Gerichts nicht darauf an, dass das weit gefasste Opferverst\u00e4ndnis der einschl\u00e4gigen Aktivisten \u201ehistorisch m\u00f6glicherweise so nicht belegbar\u201c sei, sondern nur darauf, dass die Bezeichnung als \u201eLeugner\u201c gewisserma\u00dfen denklogisch aus der aktivistischen einseitigen Begriffsumbildung folge. <\/p>\n<p>Begr\u00fc\u00dfenswert ist au\u00dferdem die inhaltlich umf\u00e4ngliche Rehabilitierung von Marie-Luise Vollbrecht. Das Gericht sagt ausdr\u00fccklich,<\/p>\n<p><em>\u201edass die Verf\u00fcgungskl\u00e4gerin im Verfahren und auch sonst deutlich gemacht hat, nicht (einzelne) \u201eNS-Verbrechen\u201c (auch) an Transsexuellen als ohnehin klar belegbare historische Fakten in Abrede stellen zu wollen, sondern prim\u00e4r die Singularit\u00e4t der Shoah als historische Tatsache und herrschende Meinung in der Geschichtswissenschaft verteidigt zu haben. [\u2026] [N]ationalsozialistische Willk\u00fcrakte auch gegen Transsexuelle jedenfalls in den historisch beschriebenen F\u00e4llen hat die Verf\u00fcgungskl\u00e4gerin niemals in Abrede gestellt.\u201c<\/em><\/p>\n<p>In seinem Hinweisbeschluss hat das OLG K\u00f6ln damit auch \u2013 als unseres Wissens erstes deutsches Gericht \u2013 festgestellt, dass im Bereich der Opfergruppen des Nationalsozialismus nicht mehr nur Geschichtswissenschaft, sondern verst\u00e4rkt auch aktivistische Begriffsbildung betrieben wird, gegen die unsere Mandantin, Marie-Luise Vollbrecht, durch ihre Betonung der Singularit\u00e4t der Shoah, des V\u00f6lkermords an den europ\u00e4ischen Juden durch die Nationalsozialisten, Position bezogen hat. <\/p>\n<p>Mit diesen Feststellungen und der damit verbundenen inhaltlichen Rehabilitierung unserer Mandantin sind wir sehr zufrieden. Es ging unserer Mandantin vor allem darum, sich von dem Vorwurf der Leugnung von NS-Verbrechen im \u201eklassischen Sinne\u201c zu befreien. Dieses Ziel haben wir erreicht. Dass dieser falsche Vorwurf innerhalb der Filterblase von Transaktivisten weiterhin vertreten werden darf, weil sie den Begriff der NS-Verbrechen in historisch verf\u00e4lschender Weise schlicht umdeutet, halten wir zwar f\u00fcr falsch. Da diese Blase aber sehr klein ist, gibt sich die Mandantin mit dem Erreichten zufrieden und hat sich entschieden, das Verfahren nicht weiter zu verfolgen und den Verf\u00fcgungsantrag zur\u00fcckgenommen.<\/p>\n<p>Wer \u2013 au\u00dferhalb der transaktivistischen \u2013 Filterblase k\u00fcnftig die Falschbehauptung aufstellt, unsere Mandantin leugne NS-Verbrechen, muss dagegen weiterhin damit rechnen, dass sie mit allen rechtlichen Mitteln dagegen vorgeht. Hierbei hilft ihr nun der Hinweisbeschluss des OLG K\u00f6ln.<\/p>\n","protected":false},"excerpt":{"rendered":"<p>Das OLG K\u00f6ln hat in einem Hinweisbeschluss Stellung zu einer \u00c4u\u00dferung des dgti e.V. (Deutsche Gesellschaft f\u00fcr Transidentit\u00e4t und Intersexualit\u00e4t) bezogen (Beschl. v. 20.01.2023 \u2013 15 U 208\/22). Dieser hatte behauptet, unsere Mandantin, die Biologin Marie-Luise Vollbrecht, leugne NS-Verbrechen. F\u00fcr die Mandantin hatten wir uns gegen diese evidente Falschbehauptung gewehrt. Vor Gericht hatten wir vom [&hellip;]<\/p>\n","protected":false},"author":1,"featured_media":0,"comment_status":"closed","ping_status":"closed","sticky":false,"template":"","format":"standard","meta":{"_has_post_settings":[],"footnotes":""},"categories":[15],"tags":[],"hashtags":[],"ppma_author":[84],"class_list":["post-8188","post","type-post","status-publish","format-standard","hentry","category-news","author-hoecker_adm"],"yoast_head":"<!-- This site is optimized with the Yoast SEO Premium plugin v25.9 (Yoast SEO v27.0) - https:\/\/yoast.com\/product\/yoast-seo-premium-wordpress\/ -->\n<title>Marie-Luise Vollbrecht inhaltlich rehabilitiert - \u00c4u\u00dferung des dgti e.V. darf au\u00dferhalb des spezifischen \u201eTrans-Themen\u201c-Kontextes nicht wiederholt werden - H\u00d6CKER - der Blog<\/title>\n<meta name=\"robots\" content=\"index, follow, max-snippet:-1, max-image-preview:large, max-video-preview:-1\" \/>\n<link rel=\"canonical\" href=\"https:\/\/www.hoecker.eu\/blog\/marie-luise-vollbrecht-inhaltlich-rehabilitiert-aeusserung-des-dgti-e-v-darf-ausserhalb-des-spezifischen-trans-themen-kontextes-nicht-wiederholt-werden\/\" \/>\n<meta property=\"og:locale\" content=\"de_DE\" \/>\n<meta property=\"og:type\" content=\"article\" \/>\n<meta property=\"og:title\" content=\"Marie-Luise Vollbrecht inhaltlich rehabilitiert - \u00c4u\u00dferung des dgti e.V. darf au\u00dferhalb des spezifischen \u201eTrans-Themen\u201c-Kontextes nicht wiederholt werden\" \/>\n<meta property=\"og:description\" content=\"Das OLG K\u00f6ln hat in einem Hinweisbeschluss Stellung zu einer \u00c4u\u00dferung des dgti e.V. (Deutsche Gesellschaft f\u00fcr Transidentit\u00e4t und Intersexualit\u00e4t) bezogen (Beschl. v. 20.01.2023 \u2013 15 U 208\/22). Dieser hatte behauptet, unsere Mandantin, die Biologin Marie-Luise Vollbrecht, leugne NS-Verbrechen. F\u00fcr die Mandantin hatten wir uns gegen diese evidente Falschbehauptung gewehrt. Vor Gericht hatten wir vom [&hellip;]\" \/>\n<meta property=\"og:url\" content=\"https:\/\/www.hoecker.eu\/blog\/marie-luise-vollbrecht-inhaltlich-rehabilitiert-aeusserung-des-dgti-e-v-darf-ausserhalb-des-spezifischen-trans-themen-kontextes-nicht-wiederholt-werden\/\" \/>\n<meta property=\"og:site_name\" content=\"H\u00d6CKER - der Blog\" \/>\n<meta property=\"article:publisher\" content=\"https:\/\/www.facebook.com\/HoeckerRAe\/\" \/>\n<meta property=\"article:author\" content=\"https:\/\/www.facebook.com\/ralf.hoecker\" \/>\n<meta property=\"article:published_time\" content=\"2023-02-15T08:07:00+00:00\" \/>\n<meta property=\"article:modified_time\" content=\"2025-02-17T13:53:56+00:00\" \/>\n<meta name=\"author\" content=\"Prof. Dr. Ralf H\u00f6cker\" \/>\n<meta name=\"twitter:card\" content=\"summary_large_image\" \/>\n<meta name=\"twitter:creator\" content=\"@Ralf_Hoecker\" \/>\n<meta name=\"twitter:site\" content=\"@hoecker_rae\" \/>\n<meta name=\"twitter:label1\" content=\"Verfasst von\" \/>\n\t<meta name=\"twitter:data1\" content=\"Prof. Dr. Ralf H\u00f6cker\" \/>\n\t<meta name=\"twitter:label2\" content=\"Gesch\u00e4tzte Lesezeit\" \/>\n\t<meta name=\"twitter:data2\" content=\"3\u00a0Minuten\" \/>\n<script type=\"application\/ld+json\" class=\"yoast-schema-graph\">{\"@context\":\"https:\/\/schema.org\",\"@graph\":[{\"@type\":\"Article\",\"@id\":\"https:\/\/www.hoecker.eu\/blog\/marie-luise-vollbrecht-inhaltlich-rehabilitiert-aeusserung-des-dgti-e-v-darf-ausserhalb-des-spezifischen-trans-themen-kontextes-nicht-wiederholt-werden\/#article\",\"isPartOf\":{\"@id\":\"https:\/\/www.hoecker.eu\/blog\/marie-luise-vollbrecht-inhaltlich-rehabilitiert-aeusserung-des-dgti-e-v-darf-ausserhalb-des-spezifischen-trans-themen-kontextes-nicht-wiederholt-werden\/\"},\"author\":{\"name\":\"Prof. Dr. Ralf H\u00f6cker\",\"@id\":\"https:\/\/www.hoecker.eu\/blog\/#\/schema\/person\/08f95581eed0534eccd0b2438f7a1cab\"},\"headline\":\"Marie-Luise Vollbrecht inhaltlich rehabilitiert &#8211; \u00c4u\u00dferung des dgti e.V. darf au\u00dferhalb des spezifischen \u201eTrans-Themen\u201c-Kontextes nicht wiederholt werden\",\"datePublished\":\"2023-02-15T08:07:00+00:00\",\"dateModified\":\"2025-02-17T13:53:56+00:00\",\"mainEntityOfPage\":{\"@id\":\"https:\/\/www.hoecker.eu\/blog\/marie-luise-vollbrecht-inhaltlich-rehabilitiert-aeusserung-des-dgti-e-v-darf-ausserhalb-des-spezifischen-trans-themen-kontextes-nicht-wiederholt-werden\/\"},\"wordCount\":653,\"publisher\":{\"@id\":\"https:\/\/www.hoecker.eu\/blog\/#organization\"},\"articleSection\":[\"News\"],\"inLanguage\":\"de\"},{\"@type\":\"WebPage\",\"@id\":\"https:\/\/www.hoecker.eu\/blog\/marie-luise-vollbrecht-inhaltlich-rehabilitiert-aeusserung-des-dgti-e-v-darf-ausserhalb-des-spezifischen-trans-themen-kontextes-nicht-wiederholt-werden\/\",\"url\":\"https:\/\/www.hoecker.eu\/blog\/marie-luise-vollbrecht-inhaltlich-rehabilitiert-aeusserung-des-dgti-e-v-darf-ausserhalb-des-spezifischen-trans-themen-kontextes-nicht-wiederholt-werden\/\",\"name\":\"Marie-Luise Vollbrecht inhaltlich rehabilitiert - \u00c4u\u00dferung des dgti e.V. darf au\u00dferhalb des spezifischen \u201eTrans-Themen\u201c-Kontextes nicht wiederholt werden - H\u00d6CKER - der Blog\",\"isPartOf\":{\"@id\":\"https:\/\/www.hoecker.eu\/blog\/#website\"},\"datePublished\":\"2023-02-15T08:07:00+00:00\",\"dateModified\":\"2025-02-17T13:53:56+00:00\",\"breadcrumb\":{\"@id\":\"https:\/\/www.hoecker.eu\/blog\/marie-luise-vollbrecht-inhaltlich-rehabilitiert-aeusserung-des-dgti-e-v-darf-ausserhalb-des-spezifischen-trans-themen-kontextes-nicht-wiederholt-werden\/#breadcrumb\"},\"inLanguage\":\"de\",\"potentialAction\":[{\"@type\":\"ReadAction\",\"target\":[\"https:\/\/www.hoecker.eu\/blog\/marie-luise-vollbrecht-inhaltlich-rehabilitiert-aeusserung-des-dgti-e-v-darf-ausserhalb-des-spezifischen-trans-themen-kontextes-nicht-wiederholt-werden\/\"]}]},{\"@type\":\"BreadcrumbList\",\"@id\":\"https:\/\/www.hoecker.eu\/blog\/marie-luise-vollbrecht-inhaltlich-rehabilitiert-aeusserung-des-dgti-e-v-darf-ausserhalb-des-spezifischen-trans-themen-kontextes-nicht-wiederholt-werden\/#breadcrumb\",\"itemListElement\":[{\"@type\":\"ListItem\",\"position\":1,\"name\":\"Startseite\",\"item\":\"https:\/\/dev.hoecker.eu\/blog\/\"},{\"@type\":\"ListItem\",\"position\":2,\"name\":\"Marie-Luise Vollbrecht inhaltlich rehabilitiert &#8211; \u00c4u\u00dferung des dgti e.V. darf au\u00dferhalb des spezifischen \u201eTrans-Themen\u201c-Kontextes nicht wiederholt werden\"}]},{\"@type\":\"WebSite\",\"@id\":\"https:\/\/www.hoecker.eu\/blog\/#website\",\"url\":\"https:\/\/www.hoecker.eu\/blog\/\",\"name\":\"H\u00d6CKER - der Blog\",\"description\":\"Expertenblog f\u00fcr \u00c4u\u00dferungs-, Medien-, Marken-, Urheber- und Wettbewerbsrecht.\",\"publisher\":{\"@id\":\"https:\/\/www.hoecker.eu\/blog\/#organization\"},\"potentialAction\":[{\"@type\":\"SearchAction\",\"target\":{\"@type\":\"EntryPoint\",\"urlTemplate\":\"https:\/\/www.hoecker.eu\/blog\/?s={search_term_string}\"},\"query-input\":{\"@type\":\"PropertyValueSpecification\",\"valueRequired\":true,\"valueName\":\"search_term_string\"}}],\"inLanguage\":\"de\"},{\"@type\":\"Organization\",\"@id\":\"https:\/\/www.hoecker.eu\/blog\/#organization\",\"name\":\"H\u00d6CKER Rechtsanw\u00e4lte PartGmbB\",\"alternateName\":\"H\u00d6CKER\",\"url\":\"https:\/\/www.hoecker.eu\/blog\/\",\"logo\":{\"@type\":\"ImageObject\",\"inLanguage\":\"de\",\"@id\":\"https:\/\/www.hoecker.eu\/blog\/#\/schema\/logo\/image\/\",\"url\":\"https:\/\/www.hoecker.eu\/blog\/wp-content\/uploads\/2025\/03\/Blog-Logo.webp\",\"contentUrl\":\"https:\/\/www.hoecker.eu\/blog\/wp-content\/uploads\/2025\/03\/Blog-Logo.webp\",\"width\":500,\"height\":500,\"caption\":\"H\u00d6CKER Rechtsanw\u00e4lte PartGmbB\"},\"image\":{\"@id\":\"https:\/\/www.hoecker.eu\/blog\/#\/schema\/logo\/image\/\"},\"sameAs\":[\"https:\/\/www.facebook.com\/HoeckerRAe\/\",\"https:\/\/x.com\/hoecker_rae\",\"https:\/\/www.linkedin.com\/company\/hcker-rechtsanwlte\/\",\"https:\/\/www.instagram.com\/hoecker_rae\/\"],\"email\":\"contact@hoecker.eu\",\"telephone\":\"+ 49 (0)221-933 19-10\",\"legalName\":\"H\u00d6CKER Rechtsanw\u00e4lte PartGmbB\",\"numberOfEmployees\":{\"@type\":\"QuantitativeValue\",\"minValue\":\"11\",\"maxValue\":\"50\"}},{\"@type\":\"Person\",\"@id\":\"https:\/\/www.hoecker.eu\/blog\/#\/schema\/person\/08f95581eed0534eccd0b2438f7a1cab\",\"name\":\"Prof. Dr. Ralf H\u00f6cker\",\"description\":\"Medienanwalt. Besch\u00fctzer vor mieser Presse\",\"sameAs\":[\"https:\/\/www.hoecker.eu\/wer\/prof-dr-ralf-hoecker\",\"https:\/\/www.facebook.com\/ralf.hoecker\",\"https:\/\/www.linkedin.com\/in\/prof-dr-ralf-hcker-ll-m-london-17987826\/\",\"https:\/\/x.com\/Ralf_Hoecker\"],\"url\":\"https:\/\/www.hoecker.eu\/blog\/author\/hoecker_adm\/\"}]}<\/script>\n<!-- \/ Yoast SEO Premium plugin. -->","yoast_head_json":{"title":"Marie-Luise Vollbrecht inhaltlich rehabilitiert - \u00c4u\u00dferung des dgti e.V. darf au\u00dferhalb des spezifischen \u201eTrans-Themen\u201c-Kontextes nicht wiederholt werden - H\u00d6CKER - der Blog","robots":{"index":"index","follow":"follow","max-snippet":"max-snippet:-1","max-image-preview":"max-image-preview:large","max-video-preview":"max-video-preview:-1"},"canonical":"https:\/\/www.hoecker.eu\/blog\/marie-luise-vollbrecht-inhaltlich-rehabilitiert-aeusserung-des-dgti-e-v-darf-ausserhalb-des-spezifischen-trans-themen-kontextes-nicht-wiederholt-werden\/","og_locale":"de_DE","og_type":"article","og_title":"Marie-Luise Vollbrecht inhaltlich rehabilitiert - \u00c4u\u00dferung des dgti e.V. darf au\u00dferhalb des spezifischen \u201eTrans-Themen\u201c-Kontextes nicht wiederholt werden","og_description":"Das OLG K\u00f6ln hat in einem Hinweisbeschluss Stellung zu einer \u00c4u\u00dferung des dgti e.V. (Deutsche Gesellschaft f\u00fcr Transidentit\u00e4t und Intersexualit\u00e4t) bezogen (Beschl. v. 20.01.2023 \u2013 15 U 208\/22). Dieser hatte behauptet, unsere Mandantin, die Biologin Marie-Luise Vollbrecht, leugne NS-Verbrechen. F\u00fcr die Mandantin hatten wir uns gegen diese evidente Falschbehauptung gewehrt. Vor Gericht hatten wir vom [&hellip;]","og_url":"https:\/\/www.hoecker.eu\/blog\/marie-luise-vollbrecht-inhaltlich-rehabilitiert-aeusserung-des-dgti-e-v-darf-ausserhalb-des-spezifischen-trans-themen-kontextes-nicht-wiederholt-werden\/","og_site_name":"H\u00d6CKER - der Blog","article_publisher":"https:\/\/www.facebook.com\/HoeckerRAe\/","article_author":"https:\/\/www.facebook.com\/ralf.hoecker","article_published_time":"2023-02-15T08:07:00+00:00","article_modified_time":"2025-02-17T13:53:56+00:00","author":"Prof. Dr. Ralf H\u00f6cker","twitter_card":"summary_large_image","twitter_creator":"@Ralf_Hoecker","twitter_site":"@hoecker_rae","twitter_misc":{"Verfasst von":"Prof. Dr. Ralf H\u00f6cker","Gesch\u00e4tzte Lesezeit":"3\u00a0Minuten"},"schema":{"@context":"https:\/\/schema.org","@graph":[{"@type":"Article","@id":"https:\/\/www.hoecker.eu\/blog\/marie-luise-vollbrecht-inhaltlich-rehabilitiert-aeusserung-des-dgti-e-v-darf-ausserhalb-des-spezifischen-trans-themen-kontextes-nicht-wiederholt-werden\/#article","isPartOf":{"@id":"https:\/\/www.hoecker.eu\/blog\/marie-luise-vollbrecht-inhaltlich-rehabilitiert-aeusserung-des-dgti-e-v-darf-ausserhalb-des-spezifischen-trans-themen-kontextes-nicht-wiederholt-werden\/"},"author":{"name":"Prof. Dr. Ralf H\u00f6cker","@id":"https:\/\/www.hoecker.eu\/blog\/#\/schema\/person\/08f95581eed0534eccd0b2438f7a1cab"},"headline":"Marie-Luise Vollbrecht inhaltlich rehabilitiert &#8211; \u00c4u\u00dferung des dgti e.V. darf au\u00dferhalb des spezifischen \u201eTrans-Themen\u201c-Kontextes nicht wiederholt werden","datePublished":"2023-02-15T08:07:00+00:00","dateModified":"2025-02-17T13:53:56+00:00","mainEntityOfPage":{"@id":"https:\/\/www.hoecker.eu\/blog\/marie-luise-vollbrecht-inhaltlich-rehabilitiert-aeusserung-des-dgti-e-v-darf-ausserhalb-des-spezifischen-trans-themen-kontextes-nicht-wiederholt-werden\/"},"wordCount":653,"publisher":{"@id":"https:\/\/www.hoecker.eu\/blog\/#organization"},"articleSection":["News"],"inLanguage":"de"},{"@type":"WebPage","@id":"https:\/\/www.hoecker.eu\/blog\/marie-luise-vollbrecht-inhaltlich-rehabilitiert-aeusserung-des-dgti-e-v-darf-ausserhalb-des-spezifischen-trans-themen-kontextes-nicht-wiederholt-werden\/","url":"https:\/\/www.hoecker.eu\/blog\/marie-luise-vollbrecht-inhaltlich-rehabilitiert-aeusserung-des-dgti-e-v-darf-ausserhalb-des-spezifischen-trans-themen-kontextes-nicht-wiederholt-werden\/","name":"Marie-Luise Vollbrecht inhaltlich rehabilitiert - \u00c4u\u00dferung des dgti e.V. darf au\u00dferhalb des spezifischen \u201eTrans-Themen\u201c-Kontextes nicht wiederholt werden - H\u00d6CKER - der Blog","isPartOf":{"@id":"https:\/\/www.hoecker.eu\/blog\/#website"},"datePublished":"2023-02-15T08:07:00+00:00","dateModified":"2025-02-17T13:53:56+00:00","breadcrumb":{"@id":"https:\/\/www.hoecker.eu\/blog\/marie-luise-vollbrecht-inhaltlich-rehabilitiert-aeusserung-des-dgti-e-v-darf-ausserhalb-des-spezifischen-trans-themen-kontextes-nicht-wiederholt-werden\/#breadcrumb"},"inLanguage":"de","potentialAction":[{"@type":"ReadAction","target":["https:\/\/www.hoecker.eu\/blog\/marie-luise-vollbrecht-inhaltlich-rehabilitiert-aeusserung-des-dgti-e-v-darf-ausserhalb-des-spezifischen-trans-themen-kontextes-nicht-wiederholt-werden\/"]}]},{"@type":"BreadcrumbList","@id":"https:\/\/www.hoecker.eu\/blog\/marie-luise-vollbrecht-inhaltlich-rehabilitiert-aeusserung-des-dgti-e-v-darf-ausserhalb-des-spezifischen-trans-themen-kontextes-nicht-wiederholt-werden\/#breadcrumb","itemListElement":[{"@type":"ListItem","position":1,"name":"Startseite","item":"https:\/\/dev.hoecker.eu\/blog\/"},{"@type":"ListItem","position":2,"name":"Marie-Luise Vollbrecht inhaltlich rehabilitiert &#8211; \u00c4u\u00dferung des dgti e.V. darf au\u00dferhalb des spezifischen \u201eTrans-Themen\u201c-Kontextes nicht wiederholt werden"}]},{"@type":"WebSite","@id":"https:\/\/www.hoecker.eu\/blog\/#website","url":"https:\/\/www.hoecker.eu\/blog\/","name":"H\u00d6CKER - der Blog","description":"Expertenblog f\u00fcr \u00c4u\u00dferungs-, Medien-, Marken-, Urheber- und Wettbewerbsrecht.","publisher":{"@id":"https:\/\/www.hoecker.eu\/blog\/#organization"},"potentialAction":[{"@type":"SearchAction","target":{"@type":"EntryPoint","urlTemplate":"https:\/\/www.hoecker.eu\/blog\/?s={search_term_string}"},"query-input":{"@type":"PropertyValueSpecification","valueRequired":true,"valueName":"search_term_string"}}],"inLanguage":"de"},{"@type":"Organization","@id":"https:\/\/www.hoecker.eu\/blog\/#organization","name":"H\u00d6CKER Rechtsanw\u00e4lte PartGmbB","alternateName":"H\u00d6CKER","url":"https:\/\/www.hoecker.eu\/blog\/","logo":{"@type":"ImageObject","inLanguage":"de","@id":"https:\/\/www.hoecker.eu\/blog\/#\/schema\/logo\/image\/","url":"https:\/\/www.hoecker.eu\/blog\/wp-content\/uploads\/2025\/03\/Blog-Logo.webp","contentUrl":"https:\/\/www.hoecker.eu\/blog\/wp-content\/uploads\/2025\/03\/Blog-Logo.webp","width":500,"height":500,"caption":"H\u00d6CKER Rechtsanw\u00e4lte PartGmbB"},"image":{"@id":"https:\/\/www.hoecker.eu\/blog\/#\/schema\/logo\/image\/"},"sameAs":["https:\/\/www.facebook.com\/HoeckerRAe\/","https:\/\/x.com\/hoecker_rae","https:\/\/www.linkedin.com\/company\/hcker-rechtsanwlte\/","https:\/\/www.instagram.com\/hoecker_rae\/"],"email":"contact@hoecker.eu","telephone":"+ 49 (0)221-933 19-10","legalName":"H\u00d6CKER Rechtsanw\u00e4lte PartGmbB","numberOfEmployees":{"@type":"QuantitativeValue","minValue":"11","maxValue":"50"}},{"@type":"Person","@id":"https:\/\/www.hoecker.eu\/blog\/#\/schema\/person\/08f95581eed0534eccd0b2438f7a1cab","name":"Prof. Dr. Ralf H\u00f6cker","description":"Medienanwalt. Besch\u00fctzer vor mieser Presse","sameAs":["https:\/\/www.hoecker.eu\/wer\/prof-dr-ralf-hoecker","https:\/\/www.facebook.com\/ralf.hoecker","https:\/\/www.linkedin.com\/in\/prof-dr-ralf-hcker-ll-m-london-17987826\/","https:\/\/x.com\/Ralf_Hoecker"],"url":"https:\/\/www.hoecker.eu\/blog\/author\/hoecker_adm\/"}]}},"authors":[{"term_id":84,"user_id":1,"is_guest":0,"slug":"hoecker_adm","display_name":"Prof. Dr. Ralf H\u00f6cker","avatar_url":{"url":"https:\/\/www.hoecker.eu\/blog\/wp-content\/uploads\/2023\/12\/ProfDrRalfHoecker.jpg","url2x":"https:\/\/www.hoecker.eu\/blog\/wp-content\/uploads\/2023\/12\/ProfDrRalfHoecker.jpg"},"0":null,"1":"","2":"","3":"","4":"","5":"","6":"","7":"","8":"","9":"","10":"","11":""}],"_links":{"self":[{"href":"https:\/\/www.hoecker.eu\/blog\/wp-json\/wp\/v2\/posts\/8188","targetHints":{"allow":["GET"]}}],"collection":[{"href":"https:\/\/www.hoecker.eu\/blog\/wp-json\/wp\/v2\/posts"}],"about":[{"href":"https:\/\/www.hoecker.eu\/blog\/wp-json\/wp\/v2\/types\/post"}],"author":[{"embeddable":true,"href":"https:\/\/www.hoecker.eu\/blog\/wp-json\/wp\/v2\/users\/1"}],"replies":[{"embeddable":true,"href":"https:\/\/www.hoecker.eu\/blog\/wp-json\/wp\/v2\/comments?post=8188"}],"version-history":[{"count":1,"href":"https:\/\/www.hoecker.eu\/blog\/wp-json\/wp\/v2\/posts\/8188\/revisions"}],"predecessor-version":[{"id":9310,"href":"https:\/\/www.hoecker.eu\/blog\/wp-json\/wp\/v2\/posts\/8188\/revisions\/9310"}],"wp:attachment":[{"href":"https:\/\/www.hoecker.eu\/blog\/wp-json\/wp\/v2\/media?parent=8188"}],"wp:term":[{"taxonomy":"category","embeddable":true,"href":"https:\/\/www.hoecker.eu\/blog\/wp-json\/wp\/v2\/categories?post=8188"},{"taxonomy":"post_tag","embeddable":true,"href":"https:\/\/www.hoecker.eu\/blog\/wp-json\/wp\/v2\/tags?post=8188"},{"taxonomy":"hashtags","embeddable":true,"href":"https:\/\/www.hoecker.eu\/blog\/wp-json\/wp\/v2\/hashtags?post=8188"},{"taxonomy":"author","embeddable":true,"href":"https:\/\/www.hoecker.eu\/blog\/wp-json\/wp\/v2\/ppma_author?post=8188"}],"curies":[{"name":"wp","href":"https:\/\/api.w.org\/{rel}","templated":true}]}}