{"id":8186,"date":"2023-03-06T13:12:00","date_gmt":"2023-03-06T12:12:00","guid":{"rendered":"https:\/\/www.hoecker.eu\/blog\/schluss-mit-lustig-rebellcomedy-star-salim-samatou-verliert-vor-gericht-gegen-den-journalisten-tobias-huch\/"},"modified":"2025-02-17T14:53:54","modified_gmt":"2025-02-17T13:53:54","slug":"schluss-mit-lustig-rebellcomedy-star-salim-samatou-verliert-vor-gericht-gegen-den-journalisten-tobias-huch","status":"publish","type":"post","link":"https:\/\/www.hoecker.eu\/blog\/schluss-mit-lustig-rebellcomedy-star-salim-samatou-verliert-vor-gericht-gegen-den-journalisten-tobias-huch\/","title":{"rendered":"Schluss mit lustig: RebellComedy-Star Salim Samatou verliert vor Gericht gegen den Journalisten Tobias Huch"},"content":{"rendered":"<p>Der bekannte Comedian Salim Samatou ist Teil des RebellComedy-Ensembles, Gewinner des RTL Comedy Grand Prix 2016 und betreibt mit anderen Komikern den Podcast Vitamin X. Auch bei YouTube ist der Stand-Up-Comedian aktiv und bezieht immer wieder Stellung zu umstrittenen Themen (USA, NATO, Irakkrieg, WM in Katar, Russlandsanktionen, Kurdistan).<\/p>\n<p>Tobias Huch ist als YouTuber, Journalist, Politiker und Fl\u00fcchtlingshelfer bekannt. Zuletzt machte er von sich reden, als er in k\u00fcrzester Zeit 450.000 EUR f\u00fcr die Erdbebenopfer in der T\u00fcrkei und Nord-Syrien sammelte (<a href=\"https:\/\/www.bild.de\/regional\/bremen\/bremen-aktuell\/tobias-huch-war-im-irak-als-die-erde-bebte-fdp-mann-sammelt-450000-euro-fuer-erd-82965846.bild.html\" target=\"_blank\" rel=\"noreferrer noopener\">https:\/\/www.bild.de\/regional\/bremen\/bremen-aktuell\/tobias-huch-war-im-irak-als-die-erde-bebte-fdp-mann-sammelt-450000-euro-fuer-erd-82965846.bild.html<\/a>). Als ausgewiesenem Nahostexperten ist es Tobias Huch ein Anliegen, \u00fcber Fakenews zu den Konflikten im Nahen Osten, aber auch bezogen auf sonstige gesellschaftlich relevante Themen aufzukl\u00e4ren. Aus diesem Grund hatte er sich ebenfalls mit den teils kruden Thesen von Salim Samatou befasst \u2013 sein Fazit: Salim Samatou sei \u201egef\u00e4hrlich dumm\u201c und ein \u201eFakenews-YouTuber\u201c. F\u00fcr den Comedian Salim Samatou h\u00f6rte da der Spa\u00df auf. Vom Landgericht Hamburg wollte er Tobias Huch daher diese \u00c4u\u00dferungen verbieten lassen. <\/p>\n<p>Tobias Huch mandatierte H\u00d6CKER mit seiner Verteidigung und hat nun vor dem Landgericht Hamburg gewonnen (Beschluss vom 01.03.2023 \u2013 324 O 65\/23, nicht rechtskr\u00e4ftig): Aus Sicht der Richter stellt die Verwendung des Begriffs \u201eFakenews\u201c in Bezug auf Salim Samatou eine zul\u00e4ssige Meinungs\u00e4u\u00dferung dar. Im relevanten Kontext verstehe der Zuschauer diesen Begriff dahingehend, dass Tobias Huch verschiedene \u00c4u\u00dferungen von Salim Samatou in scharfer Weise als unsinnig oder inhaltlich falsch kritisiere. Auch die Bezeichnung von Salim Samatou als \u201egef\u00e4hrlich dumm\u201c sei eine zwar scharfe, aber zul\u00e4ssige Meinungs\u00e4u\u00dferung, die im Zusammenhang mit einer inhaltlichen Auseinandersetzung der Parteien zu verschiedenen politischen Fragen erfolge. <\/p>\n<p>Rechtsanwalt Dr. Ren\u00e9 Rosenau: \u201eWer sich mit streitbaren Thesen in die \u00d6ffentlichkeit wagt, muss auch pointierte Kritik hinnehmen. Das Landgericht Hamburg hat zutreffend entschieden, dass das allgemeine Pers\u00f6nlichkeitsrecht von Salim Samatou hinter der Meinungsfreiheit unseres Mandanten Tobias Huch zur\u00fcckzustehen hat.\u201c<\/p>\n","protected":false},"excerpt":{"rendered":"<p>Der bekannte Comedian Salim Samatou ist Teil des RebellComedy-Ensembles, Gewinner des RTL Comedy Grand Prix 2016 und betreibt mit anderen Komikern den Podcast Vitamin X. Auch bei YouTube ist der Stand-Up-Comedian aktiv und bezieht immer wieder Stellung zu umstrittenen Themen (USA, NATO, Irakkrieg, WM in Katar, Russlandsanktionen, Kurdistan). Tobias Huch ist als YouTuber, Journalist, Politiker [&hellip;]<\/p>\n","protected":false},"author":1,"featured_media":0,"comment_status":"closed","ping_status":"closed","sticky":false,"template":"","format":"standard","meta":{"_has_post_settings":[],"footnotes":""},"categories":[15],"tags":[],"hashtags":[],"ppma_author":[84],"class_list":["post-8186","post","type-post","status-publish","format-standard","hentry","category-news","author-hoecker_adm"],"yoast_head":"<!-- This site is optimized with the Yoast SEO Premium plugin v25.9 (Yoast SEO v27.0) - https:\/\/yoast.com\/product\/yoast-seo-premium-wordpress\/ -->\n<title>Schluss mit lustig: RebellComedy-Star Salim Samatou verliert vor Gericht gegen den Journalisten Tobias Huch - H\u00d6CKER - der Blog<\/title>\n<meta name=\"robots\" content=\"index, follow, max-snippet:-1, max-image-preview:large, max-video-preview:-1\" \/>\n<link rel=\"canonical\" href=\"https:\/\/www.hoecker.eu\/blog\/schluss-mit-lustig-rebellcomedy-star-salim-samatou-verliert-vor-gericht-gegen-den-journalisten-tobias-huch\/\" \/>\n<meta property=\"og:locale\" content=\"de_DE\" \/>\n<meta property=\"og:type\" content=\"article\" \/>\n<meta property=\"og:title\" content=\"Schluss mit lustig: RebellComedy-Star Salim Samatou verliert vor Gericht gegen den Journalisten Tobias Huch\" \/>\n<meta property=\"og:description\" content=\"Der bekannte Comedian Salim Samatou ist Teil des RebellComedy-Ensembles, Gewinner des RTL Comedy Grand Prix 2016 und betreibt mit anderen Komikern den Podcast Vitamin X. Auch bei YouTube ist der Stand-Up-Comedian aktiv und bezieht immer wieder Stellung zu umstrittenen Themen (USA, NATO, Irakkrieg, WM in Katar, Russlandsanktionen, Kurdistan). Tobias Huch ist als YouTuber, Journalist, Politiker [&hellip;]\" \/>\n<meta property=\"og:url\" content=\"https:\/\/www.hoecker.eu\/blog\/schluss-mit-lustig-rebellcomedy-star-salim-samatou-verliert-vor-gericht-gegen-den-journalisten-tobias-huch\/\" \/>\n<meta property=\"og:site_name\" content=\"H\u00d6CKER - der Blog\" \/>\n<meta property=\"article:publisher\" content=\"https:\/\/www.facebook.com\/HoeckerRAe\/\" \/>\n<meta property=\"article:author\" content=\"https:\/\/www.facebook.com\/ralf.hoecker\" \/>\n<meta property=\"article:published_time\" content=\"2023-03-06T12:12:00+00:00\" \/>\n<meta property=\"article:modified_time\" content=\"2025-02-17T13:53:54+00:00\" \/>\n<meta name=\"author\" content=\"Prof. Dr. Ralf H\u00f6cker\" \/>\n<meta name=\"twitter:card\" content=\"summary_large_image\" \/>\n<meta name=\"twitter:creator\" content=\"@Ralf_Hoecker\" \/>\n<meta name=\"twitter:site\" content=\"@hoecker_rae\" \/>\n<meta name=\"twitter:label1\" content=\"Verfasst von\" \/>\n\t<meta name=\"twitter:data1\" content=\"Prof. Dr. Ralf H\u00f6cker\" \/>\n\t<meta name=\"twitter:label2\" content=\"Gesch\u00e4tzte Lesezeit\" \/>\n\t<meta name=\"twitter:data2\" content=\"2\u00a0Minuten\" \/>\n<script type=\"application\/ld+json\" class=\"yoast-schema-graph\">{\"@context\":\"https:\/\/schema.org\",\"@graph\":[{\"@type\":\"Article\",\"@id\":\"https:\/\/www.hoecker.eu\/blog\/schluss-mit-lustig-rebellcomedy-star-salim-samatou-verliert-vor-gericht-gegen-den-journalisten-tobias-huch\/#article\",\"isPartOf\":{\"@id\":\"https:\/\/www.hoecker.eu\/blog\/schluss-mit-lustig-rebellcomedy-star-salim-samatou-verliert-vor-gericht-gegen-den-journalisten-tobias-huch\/\"},\"author\":{\"name\":\"Prof. Dr. Ralf H\u00f6cker\",\"@id\":\"https:\/\/www.hoecker.eu\/blog\/#\/schema\/person\/08f95581eed0534eccd0b2438f7a1cab\"},\"headline\":\"Schluss mit lustig: RebellComedy-Star Salim Samatou verliert vor Gericht gegen den Journalisten Tobias Huch\",\"datePublished\":\"2023-03-06T12:12:00+00:00\",\"dateModified\":\"2025-02-17T13:53:54+00:00\",\"mainEntityOfPage\":{\"@id\":\"https:\/\/www.hoecker.eu\/blog\/schluss-mit-lustig-rebellcomedy-star-salim-samatou-verliert-vor-gericht-gegen-den-journalisten-tobias-huch\/\"},\"wordCount\":333,\"publisher\":{\"@id\":\"https:\/\/www.hoecker.eu\/blog\/#organization\"},\"articleSection\":[\"News\"],\"inLanguage\":\"de\"},{\"@type\":\"WebPage\",\"@id\":\"https:\/\/www.hoecker.eu\/blog\/schluss-mit-lustig-rebellcomedy-star-salim-samatou-verliert-vor-gericht-gegen-den-journalisten-tobias-huch\/\",\"url\":\"https:\/\/www.hoecker.eu\/blog\/schluss-mit-lustig-rebellcomedy-star-salim-samatou-verliert-vor-gericht-gegen-den-journalisten-tobias-huch\/\",\"name\":\"Schluss mit lustig: RebellComedy-Star Salim Samatou verliert vor Gericht gegen den Journalisten Tobias Huch - H\u00d6CKER - der Blog\",\"isPartOf\":{\"@id\":\"https:\/\/www.hoecker.eu\/blog\/#website\"},\"datePublished\":\"2023-03-06T12:12:00+00:00\",\"dateModified\":\"2025-02-17T13:53:54+00:00\",\"breadcrumb\":{\"@id\":\"https:\/\/www.hoecker.eu\/blog\/schluss-mit-lustig-rebellcomedy-star-salim-samatou-verliert-vor-gericht-gegen-den-journalisten-tobias-huch\/#breadcrumb\"},\"inLanguage\":\"de\",\"potentialAction\":[{\"@type\":\"ReadAction\",\"target\":[\"https:\/\/www.hoecker.eu\/blog\/schluss-mit-lustig-rebellcomedy-star-salim-samatou-verliert-vor-gericht-gegen-den-journalisten-tobias-huch\/\"]}]},{\"@type\":\"BreadcrumbList\",\"@id\":\"https:\/\/www.hoecker.eu\/blog\/schluss-mit-lustig-rebellcomedy-star-salim-samatou-verliert-vor-gericht-gegen-den-journalisten-tobias-huch\/#breadcrumb\",\"itemListElement\":[{\"@type\":\"ListItem\",\"position\":1,\"name\":\"Startseite\",\"item\":\"https:\/\/dev.hoecker.eu\/blog\/\"},{\"@type\":\"ListItem\",\"position\":2,\"name\":\"Schluss mit lustig: RebellComedy-Star Salim Samatou verliert vor Gericht gegen den Journalisten Tobias Huch\"}]},{\"@type\":\"WebSite\",\"@id\":\"https:\/\/www.hoecker.eu\/blog\/#website\",\"url\":\"https:\/\/www.hoecker.eu\/blog\/\",\"name\":\"H\u00d6CKER - der Blog\",\"description\":\"Expertenblog f\u00fcr \u00c4u\u00dferungs-, Medien-, Marken-, Urheber- und Wettbewerbsrecht.\",\"publisher\":{\"@id\":\"https:\/\/www.hoecker.eu\/blog\/#organization\"},\"potentialAction\":[{\"@type\":\"SearchAction\",\"target\":{\"@type\":\"EntryPoint\",\"urlTemplate\":\"https:\/\/www.hoecker.eu\/blog\/?s={search_term_string}\"},\"query-input\":{\"@type\":\"PropertyValueSpecification\",\"valueRequired\":true,\"valueName\":\"search_term_string\"}}],\"inLanguage\":\"de\"},{\"@type\":\"Organization\",\"@id\":\"https:\/\/www.hoecker.eu\/blog\/#organization\",\"name\":\"H\u00d6CKER Rechtsanw\u00e4lte PartGmbB\",\"alternateName\":\"H\u00d6CKER\",\"url\":\"https:\/\/www.hoecker.eu\/blog\/\",\"logo\":{\"@type\":\"ImageObject\",\"inLanguage\":\"de\",\"@id\":\"https:\/\/www.hoecker.eu\/blog\/#\/schema\/logo\/image\/\",\"url\":\"https:\/\/www.hoecker.eu\/blog\/wp-content\/uploads\/2025\/03\/Blog-Logo.webp\",\"contentUrl\":\"https:\/\/www.hoecker.eu\/blog\/wp-content\/uploads\/2025\/03\/Blog-Logo.webp\",\"width\":500,\"height\":500,\"caption\":\"H\u00d6CKER Rechtsanw\u00e4lte PartGmbB\"},\"image\":{\"@id\":\"https:\/\/www.hoecker.eu\/blog\/#\/schema\/logo\/image\/\"},\"sameAs\":[\"https:\/\/www.facebook.com\/HoeckerRAe\/\",\"https:\/\/x.com\/hoecker_rae\",\"https:\/\/www.linkedin.com\/company\/hcker-rechtsanwlte\/\",\"https:\/\/www.instagram.com\/hoecker_rae\/\"],\"email\":\"contact@hoecker.eu\",\"telephone\":\"+ 49 (0)221-933 19-10\",\"legalName\":\"H\u00d6CKER Rechtsanw\u00e4lte PartGmbB\",\"numberOfEmployees\":{\"@type\":\"QuantitativeValue\",\"minValue\":\"11\",\"maxValue\":\"50\"}},{\"@type\":\"Person\",\"@id\":\"https:\/\/www.hoecker.eu\/blog\/#\/schema\/person\/08f95581eed0534eccd0b2438f7a1cab\",\"name\":\"Prof. Dr. Ralf H\u00f6cker\",\"description\":\"Medienanwalt. Besch\u00fctzer vor mieser Presse\",\"sameAs\":[\"https:\/\/www.hoecker.eu\/wer\/prof-dr-ralf-hoecker\",\"https:\/\/www.facebook.com\/ralf.hoecker\",\"https:\/\/www.linkedin.com\/in\/prof-dr-ralf-hcker-ll-m-london-17987826\/\",\"https:\/\/x.com\/Ralf_Hoecker\"],\"url\":\"https:\/\/www.hoecker.eu\/blog\/author\/hoecker_adm\/\"}]}<\/script>\n<!-- \/ Yoast SEO Premium plugin. -->","yoast_head_json":{"title":"Schluss mit lustig: RebellComedy-Star Salim Samatou verliert vor Gericht gegen den Journalisten Tobias Huch - H\u00d6CKER - der Blog","robots":{"index":"index","follow":"follow","max-snippet":"max-snippet:-1","max-image-preview":"max-image-preview:large","max-video-preview":"max-video-preview:-1"},"canonical":"https:\/\/www.hoecker.eu\/blog\/schluss-mit-lustig-rebellcomedy-star-salim-samatou-verliert-vor-gericht-gegen-den-journalisten-tobias-huch\/","og_locale":"de_DE","og_type":"article","og_title":"Schluss mit lustig: RebellComedy-Star Salim Samatou verliert vor Gericht gegen den Journalisten Tobias Huch","og_description":"Der bekannte Comedian Salim Samatou ist Teil des RebellComedy-Ensembles, Gewinner des RTL Comedy Grand Prix 2016 und betreibt mit anderen Komikern den Podcast Vitamin X. Auch bei YouTube ist der Stand-Up-Comedian aktiv und bezieht immer wieder Stellung zu umstrittenen Themen (USA, NATO, Irakkrieg, WM in Katar, Russlandsanktionen, Kurdistan). Tobias Huch ist als YouTuber, Journalist, Politiker [&hellip;]","og_url":"https:\/\/www.hoecker.eu\/blog\/schluss-mit-lustig-rebellcomedy-star-salim-samatou-verliert-vor-gericht-gegen-den-journalisten-tobias-huch\/","og_site_name":"H\u00d6CKER - der Blog","article_publisher":"https:\/\/www.facebook.com\/HoeckerRAe\/","article_author":"https:\/\/www.facebook.com\/ralf.hoecker","article_published_time":"2023-03-06T12:12:00+00:00","article_modified_time":"2025-02-17T13:53:54+00:00","author":"Prof. Dr. Ralf H\u00f6cker","twitter_card":"summary_large_image","twitter_creator":"@Ralf_Hoecker","twitter_site":"@hoecker_rae","twitter_misc":{"Verfasst von":"Prof. Dr. Ralf H\u00f6cker","Gesch\u00e4tzte Lesezeit":"2\u00a0Minuten"},"schema":{"@context":"https:\/\/schema.org","@graph":[{"@type":"Article","@id":"https:\/\/www.hoecker.eu\/blog\/schluss-mit-lustig-rebellcomedy-star-salim-samatou-verliert-vor-gericht-gegen-den-journalisten-tobias-huch\/#article","isPartOf":{"@id":"https:\/\/www.hoecker.eu\/blog\/schluss-mit-lustig-rebellcomedy-star-salim-samatou-verliert-vor-gericht-gegen-den-journalisten-tobias-huch\/"},"author":{"name":"Prof. Dr. Ralf H\u00f6cker","@id":"https:\/\/www.hoecker.eu\/blog\/#\/schema\/person\/08f95581eed0534eccd0b2438f7a1cab"},"headline":"Schluss mit lustig: RebellComedy-Star Salim Samatou verliert vor Gericht gegen den Journalisten Tobias Huch","datePublished":"2023-03-06T12:12:00+00:00","dateModified":"2025-02-17T13:53:54+00:00","mainEntityOfPage":{"@id":"https:\/\/www.hoecker.eu\/blog\/schluss-mit-lustig-rebellcomedy-star-salim-samatou-verliert-vor-gericht-gegen-den-journalisten-tobias-huch\/"},"wordCount":333,"publisher":{"@id":"https:\/\/www.hoecker.eu\/blog\/#organization"},"articleSection":["News"],"inLanguage":"de"},{"@type":"WebPage","@id":"https:\/\/www.hoecker.eu\/blog\/schluss-mit-lustig-rebellcomedy-star-salim-samatou-verliert-vor-gericht-gegen-den-journalisten-tobias-huch\/","url":"https:\/\/www.hoecker.eu\/blog\/schluss-mit-lustig-rebellcomedy-star-salim-samatou-verliert-vor-gericht-gegen-den-journalisten-tobias-huch\/","name":"Schluss mit lustig: RebellComedy-Star Salim Samatou verliert vor Gericht gegen den Journalisten Tobias Huch - H\u00d6CKER - der Blog","isPartOf":{"@id":"https:\/\/www.hoecker.eu\/blog\/#website"},"datePublished":"2023-03-06T12:12:00+00:00","dateModified":"2025-02-17T13:53:54+00:00","breadcrumb":{"@id":"https:\/\/www.hoecker.eu\/blog\/schluss-mit-lustig-rebellcomedy-star-salim-samatou-verliert-vor-gericht-gegen-den-journalisten-tobias-huch\/#breadcrumb"},"inLanguage":"de","potentialAction":[{"@type":"ReadAction","target":["https:\/\/www.hoecker.eu\/blog\/schluss-mit-lustig-rebellcomedy-star-salim-samatou-verliert-vor-gericht-gegen-den-journalisten-tobias-huch\/"]}]},{"@type":"BreadcrumbList","@id":"https:\/\/www.hoecker.eu\/blog\/schluss-mit-lustig-rebellcomedy-star-salim-samatou-verliert-vor-gericht-gegen-den-journalisten-tobias-huch\/#breadcrumb","itemListElement":[{"@type":"ListItem","position":1,"name":"Startseite","item":"https:\/\/dev.hoecker.eu\/blog\/"},{"@type":"ListItem","position":2,"name":"Schluss mit lustig: RebellComedy-Star Salim Samatou verliert vor Gericht gegen den Journalisten Tobias Huch"}]},{"@type":"WebSite","@id":"https:\/\/www.hoecker.eu\/blog\/#website","url":"https:\/\/www.hoecker.eu\/blog\/","name":"H\u00d6CKER - der Blog","description":"Expertenblog f\u00fcr \u00c4u\u00dferungs-, Medien-, Marken-, Urheber- und Wettbewerbsrecht.","publisher":{"@id":"https:\/\/www.hoecker.eu\/blog\/#organization"},"potentialAction":[{"@type":"SearchAction","target":{"@type":"EntryPoint","urlTemplate":"https:\/\/www.hoecker.eu\/blog\/?s={search_term_string}"},"query-input":{"@type":"PropertyValueSpecification","valueRequired":true,"valueName":"search_term_string"}}],"inLanguage":"de"},{"@type":"Organization","@id":"https:\/\/www.hoecker.eu\/blog\/#organization","name":"H\u00d6CKER Rechtsanw\u00e4lte PartGmbB","alternateName":"H\u00d6CKER","url":"https:\/\/www.hoecker.eu\/blog\/","logo":{"@type":"ImageObject","inLanguage":"de","@id":"https:\/\/www.hoecker.eu\/blog\/#\/schema\/logo\/image\/","url":"https:\/\/www.hoecker.eu\/blog\/wp-content\/uploads\/2025\/03\/Blog-Logo.webp","contentUrl":"https:\/\/www.hoecker.eu\/blog\/wp-content\/uploads\/2025\/03\/Blog-Logo.webp","width":500,"height":500,"caption":"H\u00d6CKER Rechtsanw\u00e4lte PartGmbB"},"image":{"@id":"https:\/\/www.hoecker.eu\/blog\/#\/schema\/logo\/image\/"},"sameAs":["https:\/\/www.facebook.com\/HoeckerRAe\/","https:\/\/x.com\/hoecker_rae","https:\/\/www.linkedin.com\/company\/hcker-rechtsanwlte\/","https:\/\/www.instagram.com\/hoecker_rae\/"],"email":"contact@hoecker.eu","telephone":"+ 49 (0)221-933 19-10","legalName":"H\u00d6CKER Rechtsanw\u00e4lte PartGmbB","numberOfEmployees":{"@type":"QuantitativeValue","minValue":"11","maxValue":"50"}},{"@type":"Person","@id":"https:\/\/www.hoecker.eu\/blog\/#\/schema\/person\/08f95581eed0534eccd0b2438f7a1cab","name":"Prof. Dr. Ralf H\u00f6cker","description":"Medienanwalt. Besch\u00fctzer vor mieser Presse","sameAs":["https:\/\/www.hoecker.eu\/wer\/prof-dr-ralf-hoecker","https:\/\/www.facebook.com\/ralf.hoecker","https:\/\/www.linkedin.com\/in\/prof-dr-ralf-hcker-ll-m-london-17987826\/","https:\/\/x.com\/Ralf_Hoecker"],"url":"https:\/\/www.hoecker.eu\/blog\/author\/hoecker_adm\/"}]}},"authors":[{"term_id":84,"user_id":1,"is_guest":0,"slug":"hoecker_adm","display_name":"Prof. Dr. Ralf H\u00f6cker","avatar_url":{"url":"https:\/\/www.hoecker.eu\/blog\/wp-content\/uploads\/2023\/12\/ProfDrRalfHoecker.jpg","url2x":"https:\/\/www.hoecker.eu\/blog\/wp-content\/uploads\/2023\/12\/ProfDrRalfHoecker.jpg"},"0":null,"1":"","2":"","3":"","4":"","5":"","6":"","7":"","8":"","9":"","10":"","11":""}],"_links":{"self":[{"href":"https:\/\/www.hoecker.eu\/blog\/wp-json\/wp\/v2\/posts\/8186","targetHints":{"allow":["GET"]}}],"collection":[{"href":"https:\/\/www.hoecker.eu\/blog\/wp-json\/wp\/v2\/posts"}],"about":[{"href":"https:\/\/www.hoecker.eu\/blog\/wp-json\/wp\/v2\/types\/post"}],"author":[{"embeddable":true,"href":"https:\/\/www.hoecker.eu\/blog\/wp-json\/wp\/v2\/users\/1"}],"replies":[{"embeddable":true,"href":"https:\/\/www.hoecker.eu\/blog\/wp-json\/wp\/v2\/comments?post=8186"}],"version-history":[{"count":1,"href":"https:\/\/www.hoecker.eu\/blog\/wp-json\/wp\/v2\/posts\/8186\/revisions"}],"predecessor-version":[{"id":9308,"href":"https:\/\/www.hoecker.eu\/blog\/wp-json\/wp\/v2\/posts\/8186\/revisions\/9308"}],"wp:attachment":[{"href":"https:\/\/www.hoecker.eu\/blog\/wp-json\/wp\/v2\/media?parent=8186"}],"wp:term":[{"taxonomy":"category","embeddable":true,"href":"https:\/\/www.hoecker.eu\/blog\/wp-json\/wp\/v2\/categories?post=8186"},{"taxonomy":"post_tag","embeddable":true,"href":"https:\/\/www.hoecker.eu\/blog\/wp-json\/wp\/v2\/tags?post=8186"},{"taxonomy":"hashtags","embeddable":true,"href":"https:\/\/www.hoecker.eu\/blog\/wp-json\/wp\/v2\/hashtags?post=8186"},{"taxonomy":"author","embeddable":true,"href":"https:\/\/www.hoecker.eu\/blog\/wp-json\/wp\/v2\/ppma_author?post=8186"}],"curies":[{"name":"wp","href":"https:\/\/api.w.org\/{rel}","templated":true}]}}