{"id":8185,"date":"2023-03-14T18:38:00","date_gmt":"2023-03-14T17:38:00","guid":{"rendered":"https:\/\/www.hoecker.eu\/blog\/roger-waters-wehrt-sich\/"},"modified":"2025-02-17T14:53:54","modified_gmt":"2025-02-17T13:53:54","slug":"roger-waters-wehrt-sich","status":"publish","type":"post","link":"https:\/\/www.hoecker.eu\/blog\/roger-waters-wehrt-sich\/","title":{"rendered":"Roger Waters wehrt sich"},"content":{"rendered":"<p><strong>English version below<\/strong><\/p>\n<p>Die nachstehende Pressemitteilung ver\u00f6ffentlichen wir im Auftrag und Namen unseres Mandanten, Herrn George Roger Waters:<\/p>\n<p><strong>Roger Waters wehrt sich<\/strong><\/p>\n<p><em>Roger Waters verteidigt die Meinungsfreiheit und geht gerichtlich gegen geplante Konzertabsagen in Frankfurt und M\u00fcnchen vor<\/em><\/p>\n<p>London. Im Februar 2023 k\u00fcndigten die Hessische Landesregierung und der Magistrat der Stadt Frankfurt ihre au\u00dferordentliche und nachteilige Absicht an, ein f\u00fcr den 28. Mai in der Frankfurter Festhalle geplantes Konzert von Roger Waters abzusagen. Am 28. Februar 2023 wurde im M\u00fcnchner Stadtrat ein Antrag eingebracht, das f\u00fcr den 21. Mai 2023 geplante Konzert in der M\u00fcnchner Olympiahalle abzusagen. Diese Ma\u00dfnahmen sind verfassungswidrig, ungerechtfertigt und beruhen auf der falschen Anschuldigung, Roger Waters sei antisemitisch, was er nicht ist.<\/p>\n<p>Als Ergebnis dieser einseitigen, politisch motivierten Aktion hat Herr Waters seine Anw\u00e4lte angewiesen, sofort alle notwendigen Schritte zu unternehmen, um diese ungerechtfertigte Entscheidung aufzuheben und sicherzustellen, dass sein grundlegendes Menschenrecht auf Meinungsfreiheit gesch\u00fctzt wird und dass alle, die ihn sehen wollen, dies in Frankfurt, M\u00fcnchen und in jeder anderen Stadt in jedem anderen Land tun k\u00f6nnen.<\/p>\n<p>Herr Waters ist der Ansicht, dass dieser eklatante Versuch, ihn zum Schweigen zu bringen, ernsthafte und weitreichende Folgen f\u00fcr K\u00fcnstler und Aktivisten in der ganzen Welt haben k\u00f6nnte, wenn er nicht angefochten wird.<\/p>\n<p><u>Herausgeber:<\/u><br \/>Mark Fenwick Management \u2013 London<br \/>im Namen von Herrn George Roger Waters<\/p>\n<p><u>Pressekontakt:<\/u><br \/>H\u00d6CKER Rechtsanw\u00e4lte PartGmbB<br \/>Rechtsanwalt Prof. Dr. Ralf H\u00f6cker<br \/>Rechtsanwalt Michael Fengler<br \/>Friesenplatz 1<br \/>50672 K\u00f6ln<br \/>Deutschland<br \/>E-Mail: <a href=\"mailto:contact@hoecker.eu\" target=\"_blank\" rel=\"noreferrer noopener\">contact@hoecker.eu<\/a><br \/>Tel: +49(0)221-93319-10<br \/>Fax: +49(0)221-93319-110<\/p>\n<p>Die vorstehende Pressemitteilung haben wir im Auftrag und Namen unseres Mandanten, Herrn George Roger Waters, ver\u00f6ffentlicht. H\u00d6CKER Rechtsanw\u00e4lte PartGmbB ist f\u00fcr den Inhalt der Pressemitteilung nicht verantwortlich.<\/p>\n<p>&#8212;&#8212;&#8212;&#8212;&#8212;&#8212;&#8212;&#8212;&#8212;&#8212;&#8212;&#8212;&#8212;&#8212;&#8212;&#8212;&#8212;&#8212;&#8212;&#8212;&#8212;&#8212;&#8212;&#8212;&#8212;&#8212;&#8212;&#8212;&#8212;&#8212;&#8212;&#8212;&#8212;&#8212;&#8212;&#8212;&#8212;&#8212;&#8212;&#8212;&#8212;&#8212;&#8212;&#8212;&#8212;&#8212;&#8212;&#8212;&#8211;<\/p>\n<p>We are issuing the following press release on behalf of and in the name of our client, Mr George Roger Waters:<\/p>\n<p><strong>Roger Waters fights back<\/strong><em><br \/><\/em><\/p>\n<p><em>Roger Waters defends freedom of speech and takes legal action against proposed concert cancellations in Frankfurt and Munich<\/em><\/p>\n<p>London. In February 2023, the Hessian State Government and then the Magistrate of the City of Frankfurt announced their extraordinary and prejudicial intention to cancel a concert scheduled to be performed by Roger Waters at the Festhalle in Frankfurt on 28 May. On 28 February 2023, a motion was introduced in the Munich City Council to cancel the concert scheduled for 21 May 2023, in the Munich Olympiahalle. These actions are unconstitutional, without justification, and based upon the false accusation that Roger Waters is antisemitic, which he is not.<\/p>\n<p>As a result of this unilateral, politically motivated action, Mr Waters has instructed his lawyers to immediately take all necessary steps to overturn this unjustifiable decision to ensure that his fundamental human right of freedom of speech is protected and that all of those who wish to see him perform, are free to do so in Frankfurt, Munich and in any other city in any other country.<\/p>\n<p>Mr Waters believes that if this blatant attempt to silence him is left unchallenged it could have serious, far-reaching consequences for artists and activists all over the world.<\/p>\n<p><u>Publisher:<\/u><br \/>Mark Fenwick Management \u2013 London<br \/>on behalf of Mr George Roger Waters<\/p>\n<p><u>Press Contact:<\/u><br \/>H\u00d6CKER Rechtsanw\u00e4lte PartGmbB<br \/>Rechtsanwalt Prof. Dr. Ralf H\u00f6cker<br \/>Rechtsanwalt Michael Fengler<br \/>Friesenplatz 1<br \/>50672 K\u00f6ln<br \/>Germany<br \/>E-Mail:\t<a href=\"mailto:contact@hoecker.eu\" target=\"_blank\" rel=\"noreferrer noopener\">contact@hoecker.eu<\/a><br \/>Tel: \t\t+49(0)221-93319-10<br \/>Fax: \t\t+49(0)221-93319-110<\/p>\n<p>We have issued the above press release on behalf and in the name of our client, Mr George Roger Waters. H\u00d6CKER Rechtsanw\u00e4lte PartGmbB is not responsible for the content of the press release.<\/p>\n","protected":false},"excerpt":{"rendered":"<p>English version below Die nachstehende Pressemitteilung ver\u00f6ffentlichen wir im Auftrag und Namen unseres Mandanten, Herrn George Roger Waters: Roger Waters wehrt sich Roger Waters verteidigt die Meinungsfreiheit und geht gerichtlich gegen geplante Konzertabsagen in Frankfurt und M\u00fcnchen vor London. Im Februar 2023 k\u00fcndigten die Hessische Landesregierung und der Magistrat der Stadt Frankfurt ihre au\u00dferordentliche und [&hellip;]<\/p>\n","protected":false},"author":1,"featured_media":0,"comment_status":"closed","ping_status":"closed","sticky":false,"template":"","format":"standard","meta":{"_has_post_settings":[],"footnotes":""},"categories":[15],"tags":[],"hashtags":[],"ppma_author":[84],"class_list":["post-8185","post","type-post","status-publish","format-standard","hentry","category-news","author-hoecker_adm"],"yoast_head":"<!-- This site is optimized with the Yoast SEO Premium plugin v25.9 (Yoast SEO v27.0) - https:\/\/yoast.com\/product\/yoast-seo-premium-wordpress\/ -->\n<title>Roger Waters wehrt sich - H\u00d6CKER - der Blog<\/title>\n<meta name=\"robots\" content=\"index, follow, max-snippet:-1, max-image-preview:large, max-video-preview:-1\" \/>\n<link rel=\"canonical\" href=\"https:\/\/www.hoecker.eu\/blog\/roger-waters-wehrt-sich\/\" \/>\n<meta property=\"og:locale\" content=\"de_DE\" \/>\n<meta property=\"og:type\" content=\"article\" \/>\n<meta property=\"og:title\" content=\"Roger Waters wehrt sich\" \/>\n<meta property=\"og:description\" content=\"English version below Die nachstehende Pressemitteilung ver\u00f6ffentlichen wir im Auftrag und Namen unseres Mandanten, Herrn George Roger Waters: Roger Waters wehrt sich Roger Waters verteidigt die Meinungsfreiheit und geht gerichtlich gegen geplante Konzertabsagen in Frankfurt und M\u00fcnchen vor London. Im Februar 2023 k\u00fcndigten die Hessische Landesregierung und der Magistrat der Stadt Frankfurt ihre au\u00dferordentliche und [&hellip;]\" \/>\n<meta property=\"og:url\" content=\"https:\/\/www.hoecker.eu\/blog\/roger-waters-wehrt-sich\/\" \/>\n<meta property=\"og:site_name\" content=\"H\u00d6CKER - der Blog\" \/>\n<meta property=\"article:publisher\" content=\"https:\/\/www.facebook.com\/HoeckerRAe\/\" \/>\n<meta property=\"article:author\" content=\"https:\/\/www.facebook.com\/ralf.hoecker\" \/>\n<meta property=\"article:published_time\" content=\"2023-03-14T17:38:00+00:00\" \/>\n<meta property=\"article:modified_time\" content=\"2025-02-17T13:53:54+00:00\" \/>\n<meta name=\"author\" content=\"Prof. Dr. Ralf H\u00f6cker\" \/>\n<meta name=\"twitter:card\" content=\"summary_large_image\" \/>\n<meta name=\"twitter:creator\" content=\"@Ralf_Hoecker\" \/>\n<meta name=\"twitter:site\" content=\"@hoecker_rae\" \/>\n<meta name=\"twitter:label1\" content=\"Verfasst von\" \/>\n\t<meta name=\"twitter:data1\" content=\"Prof. Dr. Ralf H\u00f6cker\" \/>\n\t<meta name=\"twitter:label2\" content=\"Gesch\u00e4tzte Lesezeit\" \/>\n\t<meta name=\"twitter:data2\" content=\"3\u00a0Minuten\" \/>\n<script type=\"application\/ld+json\" class=\"yoast-schema-graph\">{\"@context\":\"https:\/\/schema.org\",\"@graph\":[{\"@type\":\"Article\",\"@id\":\"https:\/\/www.hoecker.eu\/blog\/roger-waters-wehrt-sich\/#article\",\"isPartOf\":{\"@id\":\"https:\/\/www.hoecker.eu\/blog\/roger-waters-wehrt-sich\/\"},\"author\":{\"name\":\"Prof. Dr. Ralf H\u00f6cker\",\"@id\":\"https:\/\/www.hoecker.eu\/blog\/#\/schema\/person\/08f95581eed0534eccd0b2438f7a1cab\"},\"headline\":\"Roger Waters wehrt sich\",\"datePublished\":\"2023-03-14T17:38:00+00:00\",\"dateModified\":\"2025-02-17T13:53:54+00:00\",\"mainEntityOfPage\":{\"@id\":\"https:\/\/www.hoecker.eu\/blog\/roger-waters-wehrt-sich\/\"},\"wordCount\":578,\"publisher\":{\"@id\":\"https:\/\/www.hoecker.eu\/blog\/#organization\"},\"articleSection\":[\"News\"],\"inLanguage\":\"de\"},{\"@type\":\"WebPage\",\"@id\":\"https:\/\/www.hoecker.eu\/blog\/roger-waters-wehrt-sich\/\",\"url\":\"https:\/\/www.hoecker.eu\/blog\/roger-waters-wehrt-sich\/\",\"name\":\"Roger Waters wehrt sich - H\u00d6CKER - der Blog\",\"isPartOf\":{\"@id\":\"https:\/\/www.hoecker.eu\/blog\/#website\"},\"datePublished\":\"2023-03-14T17:38:00+00:00\",\"dateModified\":\"2025-02-17T13:53:54+00:00\",\"breadcrumb\":{\"@id\":\"https:\/\/www.hoecker.eu\/blog\/roger-waters-wehrt-sich\/#breadcrumb\"},\"inLanguage\":\"de\",\"potentialAction\":[{\"@type\":\"ReadAction\",\"target\":[\"https:\/\/www.hoecker.eu\/blog\/roger-waters-wehrt-sich\/\"]}]},{\"@type\":\"BreadcrumbList\",\"@id\":\"https:\/\/www.hoecker.eu\/blog\/roger-waters-wehrt-sich\/#breadcrumb\",\"itemListElement\":[{\"@type\":\"ListItem\",\"position\":1,\"name\":\"Startseite\",\"item\":\"https:\/\/dev.hoecker.eu\/blog\/\"},{\"@type\":\"ListItem\",\"position\":2,\"name\":\"Roger Waters wehrt sich\"}]},{\"@type\":\"WebSite\",\"@id\":\"https:\/\/www.hoecker.eu\/blog\/#website\",\"url\":\"https:\/\/www.hoecker.eu\/blog\/\",\"name\":\"H\u00d6CKER - der Blog\",\"description\":\"Expertenblog f\u00fcr \u00c4u\u00dferungs-, Medien-, Marken-, Urheber- und Wettbewerbsrecht.\",\"publisher\":{\"@id\":\"https:\/\/www.hoecker.eu\/blog\/#organization\"},\"potentialAction\":[{\"@type\":\"SearchAction\",\"target\":{\"@type\":\"EntryPoint\",\"urlTemplate\":\"https:\/\/www.hoecker.eu\/blog\/?s={search_term_string}\"},\"query-input\":{\"@type\":\"PropertyValueSpecification\",\"valueRequired\":true,\"valueName\":\"search_term_string\"}}],\"inLanguage\":\"de\"},{\"@type\":\"Organization\",\"@id\":\"https:\/\/www.hoecker.eu\/blog\/#organization\",\"name\":\"H\u00d6CKER Rechtsanw\u00e4lte PartGmbB\",\"alternateName\":\"H\u00d6CKER\",\"url\":\"https:\/\/www.hoecker.eu\/blog\/\",\"logo\":{\"@type\":\"ImageObject\",\"inLanguage\":\"de\",\"@id\":\"https:\/\/www.hoecker.eu\/blog\/#\/schema\/logo\/image\/\",\"url\":\"https:\/\/www.hoecker.eu\/blog\/wp-content\/uploads\/2025\/03\/Blog-Logo.webp\",\"contentUrl\":\"https:\/\/www.hoecker.eu\/blog\/wp-content\/uploads\/2025\/03\/Blog-Logo.webp\",\"width\":500,\"height\":500,\"caption\":\"H\u00d6CKER Rechtsanw\u00e4lte PartGmbB\"},\"image\":{\"@id\":\"https:\/\/www.hoecker.eu\/blog\/#\/schema\/logo\/image\/\"},\"sameAs\":[\"https:\/\/www.facebook.com\/HoeckerRAe\/\",\"https:\/\/x.com\/hoecker_rae\",\"https:\/\/www.linkedin.com\/company\/hcker-rechtsanwlte\/\",\"https:\/\/www.instagram.com\/hoecker_rae\/\"],\"email\":\"contact@hoecker.eu\",\"telephone\":\"+ 49 (0)221-933 19-10\",\"legalName\":\"H\u00d6CKER Rechtsanw\u00e4lte PartGmbB\",\"numberOfEmployees\":{\"@type\":\"QuantitativeValue\",\"minValue\":\"11\",\"maxValue\":\"50\"}},{\"@type\":\"Person\",\"@id\":\"https:\/\/www.hoecker.eu\/blog\/#\/schema\/person\/08f95581eed0534eccd0b2438f7a1cab\",\"name\":\"Prof. Dr. Ralf H\u00f6cker\",\"description\":\"Medienanwalt. Besch\u00fctzer vor mieser Presse\",\"sameAs\":[\"https:\/\/www.hoecker.eu\/wer\/prof-dr-ralf-hoecker\",\"https:\/\/www.facebook.com\/ralf.hoecker\",\"https:\/\/www.linkedin.com\/in\/prof-dr-ralf-hcker-ll-m-london-17987826\/\",\"https:\/\/x.com\/Ralf_Hoecker\"],\"url\":\"https:\/\/www.hoecker.eu\/blog\/author\/hoecker_adm\/\"}]}<\/script>\n<!-- \/ Yoast SEO Premium plugin. -->","yoast_head_json":{"title":"Roger Waters wehrt sich - H\u00d6CKER - der Blog","robots":{"index":"index","follow":"follow","max-snippet":"max-snippet:-1","max-image-preview":"max-image-preview:large","max-video-preview":"max-video-preview:-1"},"canonical":"https:\/\/www.hoecker.eu\/blog\/roger-waters-wehrt-sich\/","og_locale":"de_DE","og_type":"article","og_title":"Roger Waters wehrt sich","og_description":"English version below Die nachstehende Pressemitteilung ver\u00f6ffentlichen wir im Auftrag und Namen unseres Mandanten, Herrn George Roger Waters: Roger Waters wehrt sich Roger Waters verteidigt die Meinungsfreiheit und geht gerichtlich gegen geplante Konzertabsagen in Frankfurt und M\u00fcnchen vor London. Im Februar 2023 k\u00fcndigten die Hessische Landesregierung und der Magistrat der Stadt Frankfurt ihre au\u00dferordentliche und [&hellip;]","og_url":"https:\/\/www.hoecker.eu\/blog\/roger-waters-wehrt-sich\/","og_site_name":"H\u00d6CKER - der Blog","article_publisher":"https:\/\/www.facebook.com\/HoeckerRAe\/","article_author":"https:\/\/www.facebook.com\/ralf.hoecker","article_published_time":"2023-03-14T17:38:00+00:00","article_modified_time":"2025-02-17T13:53:54+00:00","author":"Prof. Dr. Ralf H\u00f6cker","twitter_card":"summary_large_image","twitter_creator":"@Ralf_Hoecker","twitter_site":"@hoecker_rae","twitter_misc":{"Verfasst von":"Prof. Dr. Ralf H\u00f6cker","Gesch\u00e4tzte Lesezeit":"3\u00a0Minuten"},"schema":{"@context":"https:\/\/schema.org","@graph":[{"@type":"Article","@id":"https:\/\/www.hoecker.eu\/blog\/roger-waters-wehrt-sich\/#article","isPartOf":{"@id":"https:\/\/www.hoecker.eu\/blog\/roger-waters-wehrt-sich\/"},"author":{"name":"Prof. Dr. Ralf H\u00f6cker","@id":"https:\/\/www.hoecker.eu\/blog\/#\/schema\/person\/08f95581eed0534eccd0b2438f7a1cab"},"headline":"Roger Waters wehrt sich","datePublished":"2023-03-14T17:38:00+00:00","dateModified":"2025-02-17T13:53:54+00:00","mainEntityOfPage":{"@id":"https:\/\/www.hoecker.eu\/blog\/roger-waters-wehrt-sich\/"},"wordCount":578,"publisher":{"@id":"https:\/\/www.hoecker.eu\/blog\/#organization"},"articleSection":["News"],"inLanguage":"de"},{"@type":"WebPage","@id":"https:\/\/www.hoecker.eu\/blog\/roger-waters-wehrt-sich\/","url":"https:\/\/www.hoecker.eu\/blog\/roger-waters-wehrt-sich\/","name":"Roger Waters wehrt sich - H\u00d6CKER - der Blog","isPartOf":{"@id":"https:\/\/www.hoecker.eu\/blog\/#website"},"datePublished":"2023-03-14T17:38:00+00:00","dateModified":"2025-02-17T13:53:54+00:00","breadcrumb":{"@id":"https:\/\/www.hoecker.eu\/blog\/roger-waters-wehrt-sich\/#breadcrumb"},"inLanguage":"de","potentialAction":[{"@type":"ReadAction","target":["https:\/\/www.hoecker.eu\/blog\/roger-waters-wehrt-sich\/"]}]},{"@type":"BreadcrumbList","@id":"https:\/\/www.hoecker.eu\/blog\/roger-waters-wehrt-sich\/#breadcrumb","itemListElement":[{"@type":"ListItem","position":1,"name":"Startseite","item":"https:\/\/dev.hoecker.eu\/blog\/"},{"@type":"ListItem","position":2,"name":"Roger Waters wehrt sich"}]},{"@type":"WebSite","@id":"https:\/\/www.hoecker.eu\/blog\/#website","url":"https:\/\/www.hoecker.eu\/blog\/","name":"H\u00d6CKER - der Blog","description":"Expertenblog f\u00fcr \u00c4u\u00dferungs-, Medien-, Marken-, Urheber- und Wettbewerbsrecht.","publisher":{"@id":"https:\/\/www.hoecker.eu\/blog\/#organization"},"potentialAction":[{"@type":"SearchAction","target":{"@type":"EntryPoint","urlTemplate":"https:\/\/www.hoecker.eu\/blog\/?s={search_term_string}"},"query-input":{"@type":"PropertyValueSpecification","valueRequired":true,"valueName":"search_term_string"}}],"inLanguage":"de"},{"@type":"Organization","@id":"https:\/\/www.hoecker.eu\/blog\/#organization","name":"H\u00d6CKER Rechtsanw\u00e4lte PartGmbB","alternateName":"H\u00d6CKER","url":"https:\/\/www.hoecker.eu\/blog\/","logo":{"@type":"ImageObject","inLanguage":"de","@id":"https:\/\/www.hoecker.eu\/blog\/#\/schema\/logo\/image\/","url":"https:\/\/www.hoecker.eu\/blog\/wp-content\/uploads\/2025\/03\/Blog-Logo.webp","contentUrl":"https:\/\/www.hoecker.eu\/blog\/wp-content\/uploads\/2025\/03\/Blog-Logo.webp","width":500,"height":500,"caption":"H\u00d6CKER Rechtsanw\u00e4lte PartGmbB"},"image":{"@id":"https:\/\/www.hoecker.eu\/blog\/#\/schema\/logo\/image\/"},"sameAs":["https:\/\/www.facebook.com\/HoeckerRAe\/","https:\/\/x.com\/hoecker_rae","https:\/\/www.linkedin.com\/company\/hcker-rechtsanwlte\/","https:\/\/www.instagram.com\/hoecker_rae\/"],"email":"contact@hoecker.eu","telephone":"+ 49 (0)221-933 19-10","legalName":"H\u00d6CKER Rechtsanw\u00e4lte PartGmbB","numberOfEmployees":{"@type":"QuantitativeValue","minValue":"11","maxValue":"50"}},{"@type":"Person","@id":"https:\/\/www.hoecker.eu\/blog\/#\/schema\/person\/08f95581eed0534eccd0b2438f7a1cab","name":"Prof. Dr. Ralf H\u00f6cker","description":"Medienanwalt. Besch\u00fctzer vor mieser Presse","sameAs":["https:\/\/www.hoecker.eu\/wer\/prof-dr-ralf-hoecker","https:\/\/www.facebook.com\/ralf.hoecker","https:\/\/www.linkedin.com\/in\/prof-dr-ralf-hcker-ll-m-london-17987826\/","https:\/\/x.com\/Ralf_Hoecker"],"url":"https:\/\/www.hoecker.eu\/blog\/author\/hoecker_adm\/"}]}},"authors":[{"term_id":84,"user_id":1,"is_guest":0,"slug":"hoecker_adm","display_name":"Prof. Dr. Ralf H\u00f6cker","avatar_url":{"url":"https:\/\/www.hoecker.eu\/blog\/wp-content\/uploads\/2023\/12\/ProfDrRalfHoecker.jpg","url2x":"https:\/\/www.hoecker.eu\/blog\/wp-content\/uploads\/2023\/12\/ProfDrRalfHoecker.jpg"},"0":null,"1":"","2":"","3":"","4":"","5":"","6":"","7":"","8":"","9":"","10":"","11":""}],"_links":{"self":[{"href":"https:\/\/www.hoecker.eu\/blog\/wp-json\/wp\/v2\/posts\/8185","targetHints":{"allow":["GET"]}}],"collection":[{"href":"https:\/\/www.hoecker.eu\/blog\/wp-json\/wp\/v2\/posts"}],"about":[{"href":"https:\/\/www.hoecker.eu\/blog\/wp-json\/wp\/v2\/types\/post"}],"author":[{"embeddable":true,"href":"https:\/\/www.hoecker.eu\/blog\/wp-json\/wp\/v2\/users\/1"}],"replies":[{"embeddable":true,"href":"https:\/\/www.hoecker.eu\/blog\/wp-json\/wp\/v2\/comments?post=8185"}],"version-history":[{"count":1,"href":"https:\/\/www.hoecker.eu\/blog\/wp-json\/wp\/v2\/posts\/8185\/revisions"}],"predecessor-version":[{"id":9307,"href":"https:\/\/www.hoecker.eu\/blog\/wp-json\/wp\/v2\/posts\/8185\/revisions\/9307"}],"wp:attachment":[{"href":"https:\/\/www.hoecker.eu\/blog\/wp-json\/wp\/v2\/media?parent=8185"}],"wp:term":[{"taxonomy":"category","embeddable":true,"href":"https:\/\/www.hoecker.eu\/blog\/wp-json\/wp\/v2\/categories?post=8185"},{"taxonomy":"post_tag","embeddable":true,"href":"https:\/\/www.hoecker.eu\/blog\/wp-json\/wp\/v2\/tags?post=8185"},{"taxonomy":"hashtags","embeddable":true,"href":"https:\/\/www.hoecker.eu\/blog\/wp-json\/wp\/v2\/hashtags?post=8185"},{"taxonomy":"author","embeddable":true,"href":"https:\/\/www.hoecker.eu\/blog\/wp-json\/wp\/v2\/ppma_author?post=8185"}],"curies":[{"name":"wp","href":"https:\/\/api.w.org\/{rel}","templated":true}]}}