{"id":8184,"date":"2023-03-16T09:53:00","date_gmt":"2023-03-16T08:53:00","guid":{"rendered":"https:\/\/www.hoecker.eu\/blog\/bild-zieht-endgueltig-den-kuerzeren-gegen-kardinal-woelki-das-oberlandesgericht-koeln-verbietet-zwei-berichte-einen-wegen-falschberichterstattung\/"},"modified":"2025-02-17T14:53:53","modified_gmt":"2025-02-17T13:53:53","slug":"bild-zieht-endgueltig-den-kuerzeren-gegen-kardinal-woelki-das-oberlandesgericht-koeln-verbietet-zwei-berichte-einen-wegen-falschberichterstattung","status":"publish","type":"post","link":"https:\/\/www.hoecker.eu\/blog\/bild-zieht-endgueltig-den-kuerzeren-gegen-kardinal-woelki-das-oberlandesgericht-koeln-verbietet-zwei-berichte-einen-wegen-falschberichterstattung\/","title":{"rendered":"BILD zieht endg\u00fcltig den K\u00fcrzeren gegen Kardinal Woelki \u2013 das Oberlandesgericht K\u00f6ln verbietet zwei Berichte, einen wegen Falschberichterstattung"},"content":{"rendered":"<p>In der letzten Instanz hat das OLG K\u00f6ln am 16.03.2022 Kernaussagen in zwei BILD-Berichten verboten. Diese sind rechtswidrig, weil sie das Pers\u00f6nlichkeitsrecht von Kardinal Woelki verletzen. In dem Artikel der Zeitung vom 27. April 2021 wird behauptet, Kardinal Woelki habe einen Priester bef\u00f6rdert, obwohl dieser vorher angeblich sexuelle Handlungen bzw. Sex mit einem Minderj\u00e4hrigen gestanden habe. Ein Gest\u00e4ndnis, dass sich der Priester mit einem Minderj\u00e4hrigen eingelassen habe, gibt es jedoch nicht. Deshalb hat das OLG K\u00f6ln der BILD-Zeitung diese Behauptung verboten, da sie schlicht und ergreifend falsch ist.<\/p>\n<p>Das Oberlandesgericht in K\u00f6ln geht sogar noch weiter und verbietet die Behauptung, dass Kardinal Woelki einen \u201eSexualstraft\u00e4ter\u201c bef\u00f6rdert habe, der \u201eKindesmissbrauch gestanden\u201c habe. Das OLG begr\u00fcndet seine Entscheidung damit, dass es \u201enach staatlichem Recht juristisch kaum vertretbar\u201c ist, dass es sich bei dem Kontakt des Priesters mit einem jungen Mann um eine Straftat gehandelt habe. Mit der Aussage, der Priester habe \u201eKindesmissbrauch gestanden\u201c habe die BILD eine \u201eirref\u00fchrende Meinungs\u00e4u\u00dferung mit einem unwahren Tatsachenkern\u201c verbreitet. Die Aussage, der Priester sei ein \u201eSexualstraft\u00e4ter,\u201c sei eine unzul\u00e4ssige Wertung, die beim Leser die falsche Vorstellung hervorrufen k\u00f6nne, die Staatsanwaltschaft habe ermittelt.<\/p>\n<p>Untersagt wurden entscheidende Kernaussagen des Berichts vom 27.04.2021 (Unterstreichungen wurden verboten):<\/p>\n<p><em>\u2026 Kardinal Rainer Maria Woelki \u2026hat einen Priester bef\u00f6rdert \u2013 <u>obwohl dieser zuvor Kindesmissbrauch gestanden hat!<\/u> <\/em><\/p>\n<p><em>\u2026 Pfarrer &#8230; <u>Er hatte der Polizei 2001 sexuelle Handlungen mit einem Minderj\u00e4hrigen gestanden.<\/u> <\/em><\/p>\n<p><em><u>Bei polizeilicher Vernehmung hatte der Pfarrer Sex mit dem obdachlosen und minderj\u00e4hrigen Prostituierten gestanden.<\/u> <\/em><\/p>\n<p><em><u>Ungeachtet dessen bef\u00f6rdert Woelki diesen Sexualstraft\u00e4ter nur zwei Jahre sp\u00e4ter zum Vize-Stadtdechanten von D\u00fcsseldorf.\u201c<\/u><\/em><\/p>\n<p>Des Weiteren schr\u00e4nkt das OLG leicht die Verbotsentscheidung aus der ersten Instanz in irrelevanten Randaspekten der Berichterstattung vom 27.04.2021 ein. So meinte das OLG K\u00f6ln u.a. im Gegensatz zum Landgericht K\u00f6ln, dass man den bef\u00f6rderten Priester im Rahmen einer wertenden Meinungs\u00e4u\u00dferung als \u201eMissbrauchspriester\u201c bezeichnen d\u00fcrfe. Das sei zum so bezeichneten Priester eine zul\u00e4ssige Meinungs\u00e4u\u00dferung.<\/p>\n<p><strong>Ein Geheimnis, das nie geheim war <\/strong><\/p>\n<p>Am 22.05.2021 ver\u00f6ffentlicht die BILD-Zeitung einen Bericht, in dem es um einen angeblich \u201egeheim gehaltenen Bericht\u201c eines \u201eanonymen Insiders\u201c des Erzbistums K\u00f6ln geht. Dieser solle im \u201eGiftschrank\u201c des Erzbistums K\u00f6ln versteckt worden sein, \u201ewo er bis heute liegt\u201c, also angeblich bis zum Erscheinen des BILD-Artikels. Im Artikel hei\u00dft es weiter, dass die BILD das Papier nun habe einsehen k\u00f6nnen und der Inhalt sei \u201ehoch brisant\u201c.<\/p>\n<p>Die Aussage der BILD, Kardinal Woelki habe den Bericht geheim gehalten, hat das OLG K\u00f6ln als unzul\u00e4ssige Wertung verboten. Die Begr\u00fcndung des Gerichts: Dies k\u00f6nne nur so verstanden werden, dass die behauptete Geheimhaltung des Berichts bis zur Ver\u00f6ffentlichung des Artikels angedauert haben soll, was unzutreffend sei. <\/p>\n<p>Tats\u00e4chlich ist Kardinal Woelki offen mit diesem Bericht umgegangen und hat diesen mehreren Anw\u00e4lten zur Pr\u00fcfung \u00fcbergeben. <\/p>\n<p>Das OLG K\u00f6ln hat daher die folgende Aussage verboten (unterstrichene Passage verboten):<\/p>\n<p><em>\u201e<u>DIESER bislang geheim gehaltene Bericht aus dem Giftschrank des Erzbistums K\u00f6ln<\/u> bringt Kardinal Woelki in Erkl\u00e4rungsnot.\u201c<\/em><\/p>\n<p><em>\u201e2012 nahm der, inzwischen als Weihbischof zur\u00fcckgetretene, damalige Generalvikar Dominik Schwaderlapp den Schock-Bericht zu den Akten, <u>wo er bis heute liegt<\/u>\u201c<\/em><\/p>\n<p><strong>BILD-Redakteur Harbusch ignorierte Informationen <\/strong><\/p>\n<p>Das Erzbistum hat auf Anfrage des BILD-Redakteurs Harbusch vor seiner Berichterstattung alle Fakten offengelegt. Darunter auch die Tatsache, dass mit dem anonymen Bericht offen umgegangen wurde, dieser also weder geheim noch geheim gehalten oder gar im Giftschrank versteckt wurde. Das Gegenteil war der Fall! Harbusch wurde mitgeteilt, dass das anonyme Schreiben zum Anlass daf\u00fcr genommen wurde, den darin beschuldigten Priester zus\u00e4tzlich durch einen fachkundigen Psychologen zu befragen und dessen Glaubw\u00fcrdigkeit zu untersuchen. Au\u00dferdem erhielt Harbusch die Information, dass zwei externe Rechtsanwaltskanzleien vom Erzbistum K\u00f6ln beauftragt wurden, den Bericht zu pr\u00fcfen und sicherzustellen, dass mit diesem Bericht auch in strafrechtlicher Hinsicht, wenn n\u00f6tig auch durch Informationen der Staatsanwaltschaft, ordnungsgem\u00e4\u00df umgegangen wird. Von der Pr\u00fcfung der Anw\u00e4lte fand sich im BILD-Artikel nichts wieder. Schlimmer noch, der Bericht konnte laut Gericht nur so verstanden werden, dass die behauptete Geheimhaltung des Berichts bis zur Ver\u00f6ffentlichung des Artikels angedauert haben soll, was unzutreffend war. <\/p>\n<p><strong>Letzte Instanz vs. erste Instanz<\/strong><\/p>\n<p>Das OLG K\u00f6ln revidierte eine Entscheidung des Landgerichts K\u00f6ln u.a. in Bezug auf eine Aussage in einem Bericht vom 22.05.2021. In dem Artikel tauchte der Begriff \u201eMissbrauchs-Mafia im Erzbistum K\u00f6ln\u201c auf. Diesen hatte das Landgericht in K\u00f6ln noch verboten. Das OLG hingegen zieht das Verbot zur\u00fcck, da diese Aussage nicht Kardinal Woelki betrifft, sondern nur auf andere namentlich im Bericht genannte Personen abzielt. H\u00e4tte man hingegen Kardinal Woelki auch als Teil einer solchen Mafia bezeichnet, w\u00e4re auch diesbez\u00fcglich das Verbot best\u00e4tigt wurden.<\/p>\n<p>Dr. Carsten Brennecke:<\/p>\n<p><em>\u201eFalschberichterstattung und haltlose Wertungen, das ist das Ergebnis nach zwei Gerichtsentscheidungen des OLG K\u00f6ln im Fall Woelki gegen BILD und ihren Autor Nikolaus Harbusch. Nach einer derartigen Niederlage in der letzten Instanz w\u00e4re eine Entschuldigung der BILD-Zeitung und ihres Autors Harbusch gegen\u00fcber Kardinal Woelki angebracht. Zumindest sollten diese Entscheidungen Anlass geben, die journalistischen Standards im Hause Axel Springer zu \u00fcberpr\u00fcfen. Sonst nimmt die ohnehin schon ramponierte Glaubw\u00fcrdigkeit der BILD noch mehr Schaden.\u201c<\/em><\/p>\n","protected":false},"excerpt":{"rendered":"<p>In der letzten Instanz hat das OLG K\u00f6ln am 16.03.2022 Kernaussagen in zwei BILD-Berichten verboten. Diese sind rechtswidrig, weil sie das Pers\u00f6nlichkeitsrecht von Kardinal Woelki verletzen. In dem Artikel der Zeitung vom 27. April 2021 wird behauptet, Kardinal Woelki habe einen Priester bef\u00f6rdert, obwohl dieser vorher angeblich sexuelle Handlungen bzw. Sex mit einem Minderj\u00e4hrigen gestanden [&hellip;]<\/p>\n","protected":false},"author":1,"featured_media":0,"comment_status":"closed","ping_status":"closed","sticky":false,"template":"","format":"standard","meta":{"_has_post_settings":[],"footnotes":""},"categories":[15],"tags":[],"hashtags":[],"ppma_author":[84],"class_list":["post-8184","post","type-post","status-publish","format-standard","hentry","category-news","author-hoecker_adm"],"yoast_head":"<!-- This site is optimized with the Yoast SEO Premium plugin v25.9 (Yoast SEO v27.0) - https:\/\/yoast.com\/product\/yoast-seo-premium-wordpress\/ -->\n<title>BILD zieht endg\u00fcltig den K\u00fcrzeren gegen Kardinal Woelki \u2013 das Oberlandesgericht K\u00f6ln verbietet zwei Berichte, einen wegen Falschberichterstattung - H\u00d6CKER - der Blog<\/title>\n<meta name=\"robots\" content=\"index, follow, max-snippet:-1, max-image-preview:large, max-video-preview:-1\" \/>\n<link rel=\"canonical\" href=\"https:\/\/www.hoecker.eu\/blog\/bild-zieht-endgueltig-den-kuerzeren-gegen-kardinal-woelki-das-oberlandesgericht-koeln-verbietet-zwei-berichte-einen-wegen-falschberichterstattung\/\" \/>\n<meta property=\"og:locale\" content=\"de_DE\" \/>\n<meta property=\"og:type\" content=\"article\" \/>\n<meta property=\"og:title\" content=\"BILD zieht endg\u00fcltig den K\u00fcrzeren gegen Kardinal Woelki \u2013 das Oberlandesgericht K\u00f6ln verbietet zwei Berichte, einen wegen Falschberichterstattung\" \/>\n<meta property=\"og:description\" content=\"In der letzten Instanz hat das OLG K\u00f6ln am 16.03.2022 Kernaussagen in zwei BILD-Berichten verboten. Diese sind rechtswidrig, weil sie das Pers\u00f6nlichkeitsrecht von Kardinal Woelki verletzen. In dem Artikel der Zeitung vom 27. April 2021 wird behauptet, Kardinal Woelki habe einen Priester bef\u00f6rdert, obwohl dieser vorher angeblich sexuelle Handlungen bzw. Sex mit einem Minderj\u00e4hrigen gestanden [&hellip;]\" \/>\n<meta property=\"og:url\" content=\"https:\/\/www.hoecker.eu\/blog\/bild-zieht-endgueltig-den-kuerzeren-gegen-kardinal-woelki-das-oberlandesgericht-koeln-verbietet-zwei-berichte-einen-wegen-falschberichterstattung\/\" \/>\n<meta property=\"og:site_name\" content=\"H\u00d6CKER - der Blog\" \/>\n<meta property=\"article:publisher\" content=\"https:\/\/www.facebook.com\/HoeckerRAe\/\" \/>\n<meta property=\"article:author\" content=\"https:\/\/www.facebook.com\/ralf.hoecker\" \/>\n<meta property=\"article:published_time\" content=\"2023-03-16T08:53:00+00:00\" \/>\n<meta property=\"article:modified_time\" content=\"2025-02-17T13:53:53+00:00\" \/>\n<meta name=\"author\" content=\"Prof. Dr. Ralf H\u00f6cker\" \/>\n<meta name=\"twitter:card\" content=\"summary_large_image\" \/>\n<meta name=\"twitter:creator\" content=\"@Ralf_Hoecker\" \/>\n<meta name=\"twitter:site\" content=\"@hoecker_rae\" \/>\n<meta name=\"twitter:label1\" content=\"Verfasst von\" \/>\n\t<meta name=\"twitter:data1\" content=\"Prof. Dr. Ralf H\u00f6cker\" \/>\n\t<meta name=\"twitter:label2\" content=\"Gesch\u00e4tzte Lesezeit\" \/>\n\t<meta name=\"twitter:data2\" content=\"4\u00a0Minuten\" \/>\n<script type=\"application\/ld+json\" class=\"yoast-schema-graph\">{\"@context\":\"https:\/\/schema.org\",\"@graph\":[{\"@type\":\"Article\",\"@id\":\"https:\/\/www.hoecker.eu\/blog\/bild-zieht-endgueltig-den-kuerzeren-gegen-kardinal-woelki-das-oberlandesgericht-koeln-verbietet-zwei-berichte-einen-wegen-falschberichterstattung\/#article\",\"isPartOf\":{\"@id\":\"https:\/\/www.hoecker.eu\/blog\/bild-zieht-endgueltig-den-kuerzeren-gegen-kardinal-woelki-das-oberlandesgericht-koeln-verbietet-zwei-berichte-einen-wegen-falschberichterstattung\/\"},\"author\":{\"name\":\"Prof. Dr. Ralf H\u00f6cker\",\"@id\":\"https:\/\/www.hoecker.eu\/blog\/#\/schema\/person\/08f95581eed0534eccd0b2438f7a1cab\"},\"headline\":\"BILD zieht endg\u00fcltig den K\u00fcrzeren gegen Kardinal Woelki \u2013 das Oberlandesgericht K\u00f6ln verbietet zwei Berichte, einen wegen Falschberichterstattung\",\"datePublished\":\"2023-03-16T08:53:00+00:00\",\"dateModified\":\"2025-02-17T13:53:53+00:00\",\"mainEntityOfPage\":{\"@id\":\"https:\/\/www.hoecker.eu\/blog\/bild-zieht-endgueltig-den-kuerzeren-gegen-kardinal-woelki-das-oberlandesgericht-koeln-verbietet-zwei-berichte-einen-wegen-falschberichterstattung\/\"},\"wordCount\":890,\"publisher\":{\"@id\":\"https:\/\/www.hoecker.eu\/blog\/#organization\"},\"articleSection\":[\"News\"],\"inLanguage\":\"de\"},{\"@type\":\"WebPage\",\"@id\":\"https:\/\/www.hoecker.eu\/blog\/bild-zieht-endgueltig-den-kuerzeren-gegen-kardinal-woelki-das-oberlandesgericht-koeln-verbietet-zwei-berichte-einen-wegen-falschberichterstattung\/\",\"url\":\"https:\/\/www.hoecker.eu\/blog\/bild-zieht-endgueltig-den-kuerzeren-gegen-kardinal-woelki-das-oberlandesgericht-koeln-verbietet-zwei-berichte-einen-wegen-falschberichterstattung\/\",\"name\":\"BILD zieht endg\u00fcltig den K\u00fcrzeren gegen Kardinal Woelki \u2013 das Oberlandesgericht K\u00f6ln verbietet zwei Berichte, einen wegen Falschberichterstattung - H\u00d6CKER - der Blog\",\"isPartOf\":{\"@id\":\"https:\/\/www.hoecker.eu\/blog\/#website\"},\"datePublished\":\"2023-03-16T08:53:00+00:00\",\"dateModified\":\"2025-02-17T13:53:53+00:00\",\"breadcrumb\":{\"@id\":\"https:\/\/www.hoecker.eu\/blog\/bild-zieht-endgueltig-den-kuerzeren-gegen-kardinal-woelki-das-oberlandesgericht-koeln-verbietet-zwei-berichte-einen-wegen-falschberichterstattung\/#breadcrumb\"},\"inLanguage\":\"de\",\"potentialAction\":[{\"@type\":\"ReadAction\",\"target\":[\"https:\/\/www.hoecker.eu\/blog\/bild-zieht-endgueltig-den-kuerzeren-gegen-kardinal-woelki-das-oberlandesgericht-koeln-verbietet-zwei-berichte-einen-wegen-falschberichterstattung\/\"]}]},{\"@type\":\"BreadcrumbList\",\"@id\":\"https:\/\/www.hoecker.eu\/blog\/bild-zieht-endgueltig-den-kuerzeren-gegen-kardinal-woelki-das-oberlandesgericht-koeln-verbietet-zwei-berichte-einen-wegen-falschberichterstattung\/#breadcrumb\",\"itemListElement\":[{\"@type\":\"ListItem\",\"position\":1,\"name\":\"Startseite\",\"item\":\"https:\/\/dev.hoecker.eu\/blog\/\"},{\"@type\":\"ListItem\",\"position\":2,\"name\":\"BILD zieht endg\u00fcltig den K\u00fcrzeren gegen Kardinal Woelki \u2013 das Oberlandesgericht K\u00f6ln verbietet zwei Berichte, einen wegen Falschberichterstattung\"}]},{\"@type\":\"WebSite\",\"@id\":\"https:\/\/www.hoecker.eu\/blog\/#website\",\"url\":\"https:\/\/www.hoecker.eu\/blog\/\",\"name\":\"H\u00d6CKER - der Blog\",\"description\":\"Expertenblog f\u00fcr \u00c4u\u00dferungs-, Medien-, Marken-, Urheber- und Wettbewerbsrecht.\",\"publisher\":{\"@id\":\"https:\/\/www.hoecker.eu\/blog\/#organization\"},\"potentialAction\":[{\"@type\":\"SearchAction\",\"target\":{\"@type\":\"EntryPoint\",\"urlTemplate\":\"https:\/\/www.hoecker.eu\/blog\/?s={search_term_string}\"},\"query-input\":{\"@type\":\"PropertyValueSpecification\",\"valueRequired\":true,\"valueName\":\"search_term_string\"}}],\"inLanguage\":\"de\"},{\"@type\":\"Organization\",\"@id\":\"https:\/\/www.hoecker.eu\/blog\/#organization\",\"name\":\"H\u00d6CKER Rechtsanw\u00e4lte PartGmbB\",\"alternateName\":\"H\u00d6CKER\",\"url\":\"https:\/\/www.hoecker.eu\/blog\/\",\"logo\":{\"@type\":\"ImageObject\",\"inLanguage\":\"de\",\"@id\":\"https:\/\/www.hoecker.eu\/blog\/#\/schema\/logo\/image\/\",\"url\":\"https:\/\/www.hoecker.eu\/blog\/wp-content\/uploads\/2025\/03\/Blog-Logo.webp\",\"contentUrl\":\"https:\/\/www.hoecker.eu\/blog\/wp-content\/uploads\/2025\/03\/Blog-Logo.webp\",\"width\":500,\"height\":500,\"caption\":\"H\u00d6CKER Rechtsanw\u00e4lte PartGmbB\"},\"image\":{\"@id\":\"https:\/\/www.hoecker.eu\/blog\/#\/schema\/logo\/image\/\"},\"sameAs\":[\"https:\/\/www.facebook.com\/HoeckerRAe\/\",\"https:\/\/x.com\/hoecker_rae\",\"https:\/\/www.linkedin.com\/company\/hcker-rechtsanwlte\/\",\"https:\/\/www.instagram.com\/hoecker_rae\/\"],\"email\":\"contact@hoecker.eu\",\"telephone\":\"+ 49 (0)221-933 19-10\",\"legalName\":\"H\u00d6CKER Rechtsanw\u00e4lte PartGmbB\",\"numberOfEmployees\":{\"@type\":\"QuantitativeValue\",\"minValue\":\"11\",\"maxValue\":\"50\"}},{\"@type\":\"Person\",\"@id\":\"https:\/\/www.hoecker.eu\/blog\/#\/schema\/person\/08f95581eed0534eccd0b2438f7a1cab\",\"name\":\"Prof. Dr. Ralf H\u00f6cker\",\"description\":\"Medienanwalt. Besch\u00fctzer vor mieser Presse\",\"sameAs\":[\"https:\/\/www.hoecker.eu\/wer\/prof-dr-ralf-hoecker\",\"https:\/\/www.facebook.com\/ralf.hoecker\",\"https:\/\/www.linkedin.com\/in\/prof-dr-ralf-hcker-ll-m-london-17987826\/\",\"https:\/\/x.com\/Ralf_Hoecker\"],\"url\":\"https:\/\/www.hoecker.eu\/blog\/author\/hoecker_adm\/\"}]}<\/script>\n<!-- \/ Yoast SEO Premium plugin. -->","yoast_head_json":{"title":"BILD zieht endg\u00fcltig den K\u00fcrzeren gegen Kardinal Woelki \u2013 das Oberlandesgericht K\u00f6ln verbietet zwei Berichte, einen wegen Falschberichterstattung - H\u00d6CKER - der Blog","robots":{"index":"index","follow":"follow","max-snippet":"max-snippet:-1","max-image-preview":"max-image-preview:large","max-video-preview":"max-video-preview:-1"},"canonical":"https:\/\/www.hoecker.eu\/blog\/bild-zieht-endgueltig-den-kuerzeren-gegen-kardinal-woelki-das-oberlandesgericht-koeln-verbietet-zwei-berichte-einen-wegen-falschberichterstattung\/","og_locale":"de_DE","og_type":"article","og_title":"BILD zieht endg\u00fcltig den K\u00fcrzeren gegen Kardinal Woelki \u2013 das Oberlandesgericht K\u00f6ln verbietet zwei Berichte, einen wegen Falschberichterstattung","og_description":"In der letzten Instanz hat das OLG K\u00f6ln am 16.03.2022 Kernaussagen in zwei BILD-Berichten verboten. Diese sind rechtswidrig, weil sie das Pers\u00f6nlichkeitsrecht von Kardinal Woelki verletzen. In dem Artikel der Zeitung vom 27. April 2021 wird behauptet, Kardinal Woelki habe einen Priester bef\u00f6rdert, obwohl dieser vorher angeblich sexuelle Handlungen bzw. Sex mit einem Minderj\u00e4hrigen gestanden [&hellip;]","og_url":"https:\/\/www.hoecker.eu\/blog\/bild-zieht-endgueltig-den-kuerzeren-gegen-kardinal-woelki-das-oberlandesgericht-koeln-verbietet-zwei-berichte-einen-wegen-falschberichterstattung\/","og_site_name":"H\u00d6CKER - der Blog","article_publisher":"https:\/\/www.facebook.com\/HoeckerRAe\/","article_author":"https:\/\/www.facebook.com\/ralf.hoecker","article_published_time":"2023-03-16T08:53:00+00:00","article_modified_time":"2025-02-17T13:53:53+00:00","author":"Prof. Dr. Ralf H\u00f6cker","twitter_card":"summary_large_image","twitter_creator":"@Ralf_Hoecker","twitter_site":"@hoecker_rae","twitter_misc":{"Verfasst von":"Prof. Dr. Ralf H\u00f6cker","Gesch\u00e4tzte Lesezeit":"4\u00a0Minuten"},"schema":{"@context":"https:\/\/schema.org","@graph":[{"@type":"Article","@id":"https:\/\/www.hoecker.eu\/blog\/bild-zieht-endgueltig-den-kuerzeren-gegen-kardinal-woelki-das-oberlandesgericht-koeln-verbietet-zwei-berichte-einen-wegen-falschberichterstattung\/#article","isPartOf":{"@id":"https:\/\/www.hoecker.eu\/blog\/bild-zieht-endgueltig-den-kuerzeren-gegen-kardinal-woelki-das-oberlandesgericht-koeln-verbietet-zwei-berichte-einen-wegen-falschberichterstattung\/"},"author":{"name":"Prof. Dr. Ralf H\u00f6cker","@id":"https:\/\/www.hoecker.eu\/blog\/#\/schema\/person\/08f95581eed0534eccd0b2438f7a1cab"},"headline":"BILD zieht endg\u00fcltig den K\u00fcrzeren gegen Kardinal Woelki \u2013 das Oberlandesgericht K\u00f6ln verbietet zwei Berichte, einen wegen Falschberichterstattung","datePublished":"2023-03-16T08:53:00+00:00","dateModified":"2025-02-17T13:53:53+00:00","mainEntityOfPage":{"@id":"https:\/\/www.hoecker.eu\/blog\/bild-zieht-endgueltig-den-kuerzeren-gegen-kardinal-woelki-das-oberlandesgericht-koeln-verbietet-zwei-berichte-einen-wegen-falschberichterstattung\/"},"wordCount":890,"publisher":{"@id":"https:\/\/www.hoecker.eu\/blog\/#organization"},"articleSection":["News"],"inLanguage":"de"},{"@type":"WebPage","@id":"https:\/\/www.hoecker.eu\/blog\/bild-zieht-endgueltig-den-kuerzeren-gegen-kardinal-woelki-das-oberlandesgericht-koeln-verbietet-zwei-berichte-einen-wegen-falschberichterstattung\/","url":"https:\/\/www.hoecker.eu\/blog\/bild-zieht-endgueltig-den-kuerzeren-gegen-kardinal-woelki-das-oberlandesgericht-koeln-verbietet-zwei-berichte-einen-wegen-falschberichterstattung\/","name":"BILD zieht endg\u00fcltig den K\u00fcrzeren gegen Kardinal Woelki \u2013 das Oberlandesgericht K\u00f6ln verbietet zwei Berichte, einen wegen Falschberichterstattung - H\u00d6CKER - der Blog","isPartOf":{"@id":"https:\/\/www.hoecker.eu\/blog\/#website"},"datePublished":"2023-03-16T08:53:00+00:00","dateModified":"2025-02-17T13:53:53+00:00","breadcrumb":{"@id":"https:\/\/www.hoecker.eu\/blog\/bild-zieht-endgueltig-den-kuerzeren-gegen-kardinal-woelki-das-oberlandesgericht-koeln-verbietet-zwei-berichte-einen-wegen-falschberichterstattung\/#breadcrumb"},"inLanguage":"de","potentialAction":[{"@type":"ReadAction","target":["https:\/\/www.hoecker.eu\/blog\/bild-zieht-endgueltig-den-kuerzeren-gegen-kardinal-woelki-das-oberlandesgericht-koeln-verbietet-zwei-berichte-einen-wegen-falschberichterstattung\/"]}]},{"@type":"BreadcrumbList","@id":"https:\/\/www.hoecker.eu\/blog\/bild-zieht-endgueltig-den-kuerzeren-gegen-kardinal-woelki-das-oberlandesgericht-koeln-verbietet-zwei-berichte-einen-wegen-falschberichterstattung\/#breadcrumb","itemListElement":[{"@type":"ListItem","position":1,"name":"Startseite","item":"https:\/\/dev.hoecker.eu\/blog\/"},{"@type":"ListItem","position":2,"name":"BILD zieht endg\u00fcltig den K\u00fcrzeren gegen Kardinal Woelki \u2013 das Oberlandesgericht K\u00f6ln verbietet zwei Berichte, einen wegen Falschberichterstattung"}]},{"@type":"WebSite","@id":"https:\/\/www.hoecker.eu\/blog\/#website","url":"https:\/\/www.hoecker.eu\/blog\/","name":"H\u00d6CKER - der Blog","description":"Expertenblog f\u00fcr \u00c4u\u00dferungs-, Medien-, Marken-, Urheber- und Wettbewerbsrecht.","publisher":{"@id":"https:\/\/www.hoecker.eu\/blog\/#organization"},"potentialAction":[{"@type":"SearchAction","target":{"@type":"EntryPoint","urlTemplate":"https:\/\/www.hoecker.eu\/blog\/?s={search_term_string}"},"query-input":{"@type":"PropertyValueSpecification","valueRequired":true,"valueName":"search_term_string"}}],"inLanguage":"de"},{"@type":"Organization","@id":"https:\/\/www.hoecker.eu\/blog\/#organization","name":"H\u00d6CKER Rechtsanw\u00e4lte PartGmbB","alternateName":"H\u00d6CKER","url":"https:\/\/www.hoecker.eu\/blog\/","logo":{"@type":"ImageObject","inLanguage":"de","@id":"https:\/\/www.hoecker.eu\/blog\/#\/schema\/logo\/image\/","url":"https:\/\/www.hoecker.eu\/blog\/wp-content\/uploads\/2025\/03\/Blog-Logo.webp","contentUrl":"https:\/\/www.hoecker.eu\/blog\/wp-content\/uploads\/2025\/03\/Blog-Logo.webp","width":500,"height":500,"caption":"H\u00d6CKER Rechtsanw\u00e4lte PartGmbB"},"image":{"@id":"https:\/\/www.hoecker.eu\/blog\/#\/schema\/logo\/image\/"},"sameAs":["https:\/\/www.facebook.com\/HoeckerRAe\/","https:\/\/x.com\/hoecker_rae","https:\/\/www.linkedin.com\/company\/hcker-rechtsanwlte\/","https:\/\/www.instagram.com\/hoecker_rae\/"],"email":"contact@hoecker.eu","telephone":"+ 49 (0)221-933 19-10","legalName":"H\u00d6CKER Rechtsanw\u00e4lte PartGmbB","numberOfEmployees":{"@type":"QuantitativeValue","minValue":"11","maxValue":"50"}},{"@type":"Person","@id":"https:\/\/www.hoecker.eu\/blog\/#\/schema\/person\/08f95581eed0534eccd0b2438f7a1cab","name":"Prof. Dr. Ralf H\u00f6cker","description":"Medienanwalt. Besch\u00fctzer vor mieser Presse","sameAs":["https:\/\/www.hoecker.eu\/wer\/prof-dr-ralf-hoecker","https:\/\/www.facebook.com\/ralf.hoecker","https:\/\/www.linkedin.com\/in\/prof-dr-ralf-hcker-ll-m-london-17987826\/","https:\/\/x.com\/Ralf_Hoecker"],"url":"https:\/\/www.hoecker.eu\/blog\/author\/hoecker_adm\/"}]}},"authors":[{"term_id":84,"user_id":1,"is_guest":0,"slug":"hoecker_adm","display_name":"Prof. Dr. Ralf H\u00f6cker","avatar_url":{"url":"https:\/\/www.hoecker.eu\/blog\/wp-content\/uploads\/2023\/12\/ProfDrRalfHoecker.jpg","url2x":"https:\/\/www.hoecker.eu\/blog\/wp-content\/uploads\/2023\/12\/ProfDrRalfHoecker.jpg"},"0":null,"1":"","2":"","3":"","4":"","5":"","6":"","7":"","8":"","9":"","10":"","11":""}],"_links":{"self":[{"href":"https:\/\/www.hoecker.eu\/blog\/wp-json\/wp\/v2\/posts\/8184","targetHints":{"allow":["GET"]}}],"collection":[{"href":"https:\/\/www.hoecker.eu\/blog\/wp-json\/wp\/v2\/posts"}],"about":[{"href":"https:\/\/www.hoecker.eu\/blog\/wp-json\/wp\/v2\/types\/post"}],"author":[{"embeddable":true,"href":"https:\/\/www.hoecker.eu\/blog\/wp-json\/wp\/v2\/users\/1"}],"replies":[{"embeddable":true,"href":"https:\/\/www.hoecker.eu\/blog\/wp-json\/wp\/v2\/comments?post=8184"}],"version-history":[{"count":1,"href":"https:\/\/www.hoecker.eu\/blog\/wp-json\/wp\/v2\/posts\/8184\/revisions"}],"predecessor-version":[{"id":9306,"href":"https:\/\/www.hoecker.eu\/blog\/wp-json\/wp\/v2\/posts\/8184\/revisions\/9306"}],"wp:attachment":[{"href":"https:\/\/www.hoecker.eu\/blog\/wp-json\/wp\/v2\/media?parent=8184"}],"wp:term":[{"taxonomy":"category","embeddable":true,"href":"https:\/\/www.hoecker.eu\/blog\/wp-json\/wp\/v2\/categories?post=8184"},{"taxonomy":"post_tag","embeddable":true,"href":"https:\/\/www.hoecker.eu\/blog\/wp-json\/wp\/v2\/tags?post=8184"},{"taxonomy":"hashtags","embeddable":true,"href":"https:\/\/www.hoecker.eu\/blog\/wp-json\/wp\/v2\/hashtags?post=8184"},{"taxonomy":"author","embeddable":true,"href":"https:\/\/www.hoecker.eu\/blog\/wp-json\/wp\/v2\/ppma_author?post=8184"}],"curies":[{"name":"wp","href":"https:\/\/api.w.org\/{rel}","templated":true}]}}