{"id":8183,"date":"2023-03-17T13:44:00","date_gmt":"2023-03-17T12:44:00","guid":{"rendered":"https:\/\/www.hoecker.eu\/blog\/roger-waters-antisemitismus-ist-abscheulich\/"},"modified":"2025-02-17T14:53:53","modified_gmt":"2025-02-17T13:53:53","slug":"roger-waters-antisemitismus-ist-abscheulich","status":"publish","type":"post","link":"https:\/\/www.hoecker.eu\/blog\/roger-waters-antisemitismus-ist-abscheulich\/","title":{"rendered":"Roger Waters: Antisemitismus ist abscheulich"},"content":{"rendered":"<p><strong>English version below<\/strong><\/p>\n<p><strong><br \/><\/strong>Die nachstehende Pressemitteilung ver\u00f6ffentlichen wir im Auftrag und Namen unseres Mandanten, Herrn George Roger Waters:<\/p>\n<p><strong>Roger Waters: Antisemitismus ist abscheul<\/strong><strong>ich und ich verurteile ihn<\/strong><\/p>\n<p><em>Erkl\u00e4rung von Roger Waters zu Antisemitismus, seiner Kritik an der israelischen Regierung und der Meinungs\u00e4u\u00dferungsfreiheit<\/em><\/p>\n<p>London. Erkl\u00e4rung von Herrn George Roger Waters vom 16.03.2023:<\/p>\n<p>\u201eMeine Anw\u00e4lte leiten Schritte ein, um sicherzustellen, dass meine Konzerte in M\u00fcnchen und Frankfurt im Mai 2023, wie vertraglich vereinbart, stattfinden. Die Menschenrechte und die Meinungs\u00e4u\u00dferungsfreiheit f\u00fcr alle Menschen, wie im deutschen Recht vorgesehen, m\u00fcssen durchgesetzt werden. Deshalb ergreife ich diesen Schritt, um sicherzustellen, dass der Wille einiger weniger mich nicht daran hindert, in Frankfurt und M\u00fcnchen aufzutreten.<\/p>\n<p>Ich gehe diesen beispiellosen Schritt, den Rechtsweg zu beschreiten, um mich vor den verfassungswidrigen Ma\u00dfnahmen zweier Beh\u00f6rden zu sch\u00fctzen, die sich offenbar auf eine grundlegend falsche Anschuldigung st\u00fctzen, die gegen mich erhoben wurde, n\u00e4mlich dass ich antisemitisch sei.<\/p>\n<p>Ich m\u00f6chte ein f\u00fcr alle Mal klarstellen, dass ich nicht antisemitisch bin und niemals antisemitisch gewesen bin, und nichts, was irgendjemand sagen oder ver\u00f6ffentlichen kann, wird daran etwas \u00e4ndern. Meine allgemeinbekannten Ansichten beziehen sich ausschlie\u00dflich auf die Politik und die Handlungen der israelischen Regierung und nicht auf die Menschen in Israel. Antisemitismus ist abscheulich und rassistisch, und ich verurteile ihn ebenso vorbehaltlos, wie alle Formen von Rassismus.<\/p>\n<p>Weder muss ich noch werde ich meinen Standpunkt in dieser Frage immer wieder deutlich machen. Ich bin zuversichtlich, dass sich die Wahrheit und das Recht durchsetzen werden und dass es diesen Beh\u00f6rden nicht gelingen wird, mir eines meiner grundlegenden Menschenrechte zu verweigern.\u201c<\/p>\n<p><u>Herausgeber:<br \/><\/u>Mark Fenwick Management \u2013 London<br \/>im Namen von Herrn George Roger Waters<\/p>\n<p><u>Pressekontakt:<br \/><\/u>H\u00d6CKER Rechtsanw\u00e4lte PartGmbB<br \/>Rechtsanwalt Prof. Dr. Ralf H\u00f6cker<br \/>Rechtsanwalt Michael Fengler<br \/>Friesenplatz 1<br \/>50672 K\u00f6ln<br \/>Deutschland<br \/>E-Mail: contact@hoecker.eu<br \/>Tel: +49(0)221-93319-10<br \/>Fax: +49(0)221-93319-110<\/p>\n<p>Die vorstehende Pressemitteilung haben wir im Auftrag und Namen unseres Mandanten, Herrn George Roger Waters, ver\u00f6ffentlicht. H\u00d6CKER Rechtsanw\u00e4lte PartGmbB ist f\u00fcr den Inhalt der Pressemitteilung nicht verantwortlich.<\/p>\n<p>&#8212;&#8212;&#8212;&#8212;&#8212;&#8212;&#8212;&#8212;&#8212;&#8212;&#8212;&#8212;&#8212;&#8212;&#8212;&#8212;&#8212;&#8212;&#8212;&#8212;&#8212;&#8212;&#8212;&#8212;&#8212;&#8212;&#8212;&#8212;&#8212;&#8212;&#8212;&#8212;&#8212;&#8212;&#8212;&#8212;&#8212;&#8212;&#8212;&#8212;&#8212;&#8212;&#8212;&#8212;&#8212;&#8212;&#8212;&#8212;&#8212;&#8212;&#8212;&#8212;&#8212;&#8212;&#8212;&#8212;&#8212;&#8212;&#8212;&#8212;&#8212;&#8211;<\/p>\n<p>We are issuing the following press release on behalf of and in the name of our client, Mr George Roger Waters:<\/p>\n<p><strong>Roger Waters: Antisemitism is odious and I condemn it<\/strong><\/p>\n<p><em>Statement by Roger Waters on antisemitism, his criticism of the Israeli government and freedom of speech<\/em><\/p>\n<p>London. Statement by Mr George Roger Waters dated 16.03.2023:<\/p>\n<p>\u201cMy lawyers are taking steps to ensure that my concerts in Munich and Frankfurt in May 2023 take place as contracted. Human rights and freedom of speech for all peoples under German law must prevail, which is why I\u2019m taking this stance to ensure the will of the few will not prevent me from performing in Frankfurt and Munich. <\/p>\n<p>I am taking the unprecedented step of appealing to the law to protect me from the unconstitutional actions of two authorities which seem to rely upon the fundamentally false accusation that has been made against me; namely that I am antisemitic. <\/p>\n<p>I want to state for the record and once and for all that I am not and never have been antisemitic and nothing that anyone can say or publish will alter that. My well-publicized views relate entirely to the policies and actions of the Israeli government and not with the peoples of Israel. Antisemitism is odious and racist and I condemn it, along with all forms of racism unreservedly.<\/p>\n<p>I am not going to and do not need to keep making my position clear on this issue. I am confident that truth and the law will prevail and that these authorities will not succeed in denying any of my basic human rights.\u201d<\/p>\n<p><u>Publisher<\/u>:<br \/>Mark Fenwick Management \u2013 London<br \/>on behalf of Mr George Roger Waters<\/p>\n<p><u>Press Contact:<br \/><\/u>H\u00d6CKER Rechtsanw\u00e4lte PartGmbB<br \/>Rechtsanwalt Prof. Dr. Ralf H\u00f6cker<br \/>Rechtsanwalt Michael Fengler<br \/>Friesenplatz 1<br \/>50672 K\u00f6ln<br \/>Germany<br \/>E-Mail: contact@hoecker.eu<br \/>Tel: +49(0)221-93319-10<br \/>Fax: +49(0)221-93319-110<\/p>\n<p>We have issued the above press release on behalf and in the name of our client, Mr George Roger Waters. H\u00d6CKER Rechtsanw\u00e4lte PartGmbB is not responsible for the content of the press release.<\/p>\n","protected":false},"excerpt":{"rendered":"<p>English version below Die nachstehende Pressemitteilung ver\u00f6ffentlichen wir im Auftrag und Namen unseres Mandanten, Herrn George Roger Waters: Roger Waters: Antisemitismus ist abscheulich und ich verurteile ihn Erkl\u00e4rung von Roger Waters zu Antisemitismus, seiner Kritik an der israelischen Regierung und der Meinungs\u00e4u\u00dferungsfreiheit London. Erkl\u00e4rung von Herrn George Roger Waters vom 16.03.2023: \u201eMeine Anw\u00e4lte leiten Schritte [&hellip;]<\/p>\n","protected":false},"author":1,"featured_media":0,"comment_status":"closed","ping_status":"closed","sticky":false,"template":"","format":"standard","meta":{"_has_post_settings":[],"footnotes":""},"categories":[15],"tags":[],"hashtags":[],"ppma_author":[84],"class_list":["post-8183","post","type-post","status-publish","format-standard","hentry","category-news","author-hoecker_adm"],"yoast_head":"<!-- This site is optimized with the Yoast SEO Premium plugin v25.9 (Yoast SEO v27.0) - https:\/\/yoast.com\/product\/yoast-seo-premium-wordpress\/ -->\n<title>Roger Waters: Antisemitismus ist abscheulich - H\u00d6CKER - der Blog<\/title>\n<meta name=\"robots\" content=\"index, follow, max-snippet:-1, max-image-preview:large, max-video-preview:-1\" \/>\n<link rel=\"canonical\" href=\"https:\/\/www.hoecker.eu\/blog\/roger-waters-antisemitismus-ist-abscheulich\/\" \/>\n<meta property=\"og:locale\" content=\"de_DE\" \/>\n<meta property=\"og:type\" content=\"article\" \/>\n<meta property=\"og:title\" content=\"Roger Waters: Antisemitismus ist abscheulich\" \/>\n<meta property=\"og:description\" content=\"English version below Die nachstehende Pressemitteilung ver\u00f6ffentlichen wir im Auftrag und Namen unseres Mandanten, Herrn George Roger Waters: Roger Waters: Antisemitismus ist abscheulich und ich verurteile ihn Erkl\u00e4rung von Roger Waters zu Antisemitismus, seiner Kritik an der israelischen Regierung und der Meinungs\u00e4u\u00dferungsfreiheit London. Erkl\u00e4rung von Herrn George Roger Waters vom 16.03.2023: \u201eMeine Anw\u00e4lte leiten Schritte [&hellip;]\" \/>\n<meta property=\"og:url\" content=\"https:\/\/www.hoecker.eu\/blog\/roger-waters-antisemitismus-ist-abscheulich\/\" \/>\n<meta property=\"og:site_name\" content=\"H\u00d6CKER - der Blog\" \/>\n<meta property=\"article:publisher\" content=\"https:\/\/www.facebook.com\/HoeckerRAe\/\" \/>\n<meta property=\"article:author\" content=\"https:\/\/www.facebook.com\/ralf.hoecker\" \/>\n<meta property=\"article:published_time\" content=\"2023-03-17T12:44:00+00:00\" \/>\n<meta property=\"article:modified_time\" content=\"2025-02-17T13:53:53+00:00\" \/>\n<meta name=\"author\" content=\"Prof. Dr. Ralf H\u00f6cker\" \/>\n<meta name=\"twitter:card\" content=\"summary_large_image\" \/>\n<meta name=\"twitter:creator\" content=\"@Ralf_Hoecker\" \/>\n<meta name=\"twitter:site\" content=\"@hoecker_rae\" \/>\n<meta name=\"twitter:label1\" content=\"Verfasst von\" \/>\n\t<meta name=\"twitter:data1\" content=\"Prof. Dr. Ralf H\u00f6cker\" \/>\n\t<meta name=\"twitter:label2\" content=\"Gesch\u00e4tzte Lesezeit\" \/>\n\t<meta name=\"twitter:data2\" content=\"3\u00a0Minuten\" \/>\n<script type=\"application\/ld+json\" class=\"yoast-schema-graph\">{\"@context\":\"https:\/\/schema.org\",\"@graph\":[{\"@type\":\"Article\",\"@id\":\"https:\/\/www.hoecker.eu\/blog\/roger-waters-antisemitismus-ist-abscheulich\/#article\",\"isPartOf\":{\"@id\":\"https:\/\/www.hoecker.eu\/blog\/roger-waters-antisemitismus-ist-abscheulich\/\"},\"author\":{\"name\":\"Prof. Dr. Ralf H\u00f6cker\",\"@id\":\"https:\/\/www.hoecker.eu\/blog\/#\/schema\/person\/08f95581eed0534eccd0b2438f7a1cab\"},\"headline\":\"Roger Waters: Antisemitismus ist abscheulich\",\"datePublished\":\"2023-03-17T12:44:00+00:00\",\"dateModified\":\"2025-02-17T13:53:53+00:00\",\"mainEntityOfPage\":{\"@id\":\"https:\/\/www.hoecker.eu\/blog\/roger-waters-antisemitismus-ist-abscheulich\/\"},\"wordCount\":684,\"publisher\":{\"@id\":\"https:\/\/www.hoecker.eu\/blog\/#organization\"},\"articleSection\":[\"News\"],\"inLanguage\":\"de\"},{\"@type\":\"WebPage\",\"@id\":\"https:\/\/www.hoecker.eu\/blog\/roger-waters-antisemitismus-ist-abscheulich\/\",\"url\":\"https:\/\/www.hoecker.eu\/blog\/roger-waters-antisemitismus-ist-abscheulich\/\",\"name\":\"Roger Waters: Antisemitismus ist abscheulich - H\u00d6CKER - der Blog\",\"isPartOf\":{\"@id\":\"https:\/\/www.hoecker.eu\/blog\/#website\"},\"datePublished\":\"2023-03-17T12:44:00+00:00\",\"dateModified\":\"2025-02-17T13:53:53+00:00\",\"breadcrumb\":{\"@id\":\"https:\/\/www.hoecker.eu\/blog\/roger-waters-antisemitismus-ist-abscheulich\/#breadcrumb\"},\"inLanguage\":\"de\",\"potentialAction\":[{\"@type\":\"ReadAction\",\"target\":[\"https:\/\/www.hoecker.eu\/blog\/roger-waters-antisemitismus-ist-abscheulich\/\"]}]},{\"@type\":\"BreadcrumbList\",\"@id\":\"https:\/\/www.hoecker.eu\/blog\/roger-waters-antisemitismus-ist-abscheulich\/#breadcrumb\",\"itemListElement\":[{\"@type\":\"ListItem\",\"position\":1,\"name\":\"Startseite\",\"item\":\"https:\/\/dev.hoecker.eu\/blog\/\"},{\"@type\":\"ListItem\",\"position\":2,\"name\":\"Roger Waters: Antisemitismus ist abscheulich\"}]},{\"@type\":\"WebSite\",\"@id\":\"https:\/\/www.hoecker.eu\/blog\/#website\",\"url\":\"https:\/\/www.hoecker.eu\/blog\/\",\"name\":\"H\u00d6CKER - der Blog\",\"description\":\"Expertenblog f\u00fcr \u00c4u\u00dferungs-, Medien-, Marken-, Urheber- und Wettbewerbsrecht.\",\"publisher\":{\"@id\":\"https:\/\/www.hoecker.eu\/blog\/#organization\"},\"potentialAction\":[{\"@type\":\"SearchAction\",\"target\":{\"@type\":\"EntryPoint\",\"urlTemplate\":\"https:\/\/www.hoecker.eu\/blog\/?s={search_term_string}\"},\"query-input\":{\"@type\":\"PropertyValueSpecification\",\"valueRequired\":true,\"valueName\":\"search_term_string\"}}],\"inLanguage\":\"de\"},{\"@type\":\"Organization\",\"@id\":\"https:\/\/www.hoecker.eu\/blog\/#organization\",\"name\":\"H\u00d6CKER Rechtsanw\u00e4lte PartGmbB\",\"alternateName\":\"H\u00d6CKER\",\"url\":\"https:\/\/www.hoecker.eu\/blog\/\",\"logo\":{\"@type\":\"ImageObject\",\"inLanguage\":\"de\",\"@id\":\"https:\/\/www.hoecker.eu\/blog\/#\/schema\/logo\/image\/\",\"url\":\"https:\/\/www.hoecker.eu\/blog\/wp-content\/uploads\/2025\/03\/Blog-Logo.webp\",\"contentUrl\":\"https:\/\/www.hoecker.eu\/blog\/wp-content\/uploads\/2025\/03\/Blog-Logo.webp\",\"width\":500,\"height\":500,\"caption\":\"H\u00d6CKER Rechtsanw\u00e4lte PartGmbB\"},\"image\":{\"@id\":\"https:\/\/www.hoecker.eu\/blog\/#\/schema\/logo\/image\/\"},\"sameAs\":[\"https:\/\/www.facebook.com\/HoeckerRAe\/\",\"https:\/\/x.com\/hoecker_rae\",\"https:\/\/www.linkedin.com\/company\/hcker-rechtsanwlte\/\",\"https:\/\/www.instagram.com\/hoecker_rae\/\"],\"email\":\"contact@hoecker.eu\",\"telephone\":\"+ 49 (0)221-933 19-10\",\"legalName\":\"H\u00d6CKER Rechtsanw\u00e4lte PartGmbB\",\"numberOfEmployees\":{\"@type\":\"QuantitativeValue\",\"minValue\":\"11\",\"maxValue\":\"50\"}},{\"@type\":\"Person\",\"@id\":\"https:\/\/www.hoecker.eu\/blog\/#\/schema\/person\/08f95581eed0534eccd0b2438f7a1cab\",\"name\":\"Prof. Dr. Ralf H\u00f6cker\",\"description\":\"Medienanwalt. Besch\u00fctzer vor mieser Presse\",\"sameAs\":[\"https:\/\/www.hoecker.eu\/wer\/prof-dr-ralf-hoecker\",\"https:\/\/www.facebook.com\/ralf.hoecker\",\"https:\/\/www.linkedin.com\/in\/prof-dr-ralf-hcker-ll-m-london-17987826\/\",\"https:\/\/x.com\/Ralf_Hoecker\"],\"url\":\"https:\/\/www.hoecker.eu\/blog\/author\/hoecker_adm\/\"}]}<\/script>\n<!-- \/ Yoast SEO Premium plugin. -->","yoast_head_json":{"title":"Roger Waters: Antisemitismus ist abscheulich - H\u00d6CKER - der Blog","robots":{"index":"index","follow":"follow","max-snippet":"max-snippet:-1","max-image-preview":"max-image-preview:large","max-video-preview":"max-video-preview:-1"},"canonical":"https:\/\/www.hoecker.eu\/blog\/roger-waters-antisemitismus-ist-abscheulich\/","og_locale":"de_DE","og_type":"article","og_title":"Roger Waters: Antisemitismus ist abscheulich","og_description":"English version below Die nachstehende Pressemitteilung ver\u00f6ffentlichen wir im Auftrag und Namen unseres Mandanten, Herrn George Roger Waters: Roger Waters: Antisemitismus ist abscheulich und ich verurteile ihn Erkl\u00e4rung von Roger Waters zu Antisemitismus, seiner Kritik an der israelischen Regierung und der Meinungs\u00e4u\u00dferungsfreiheit London. Erkl\u00e4rung von Herrn George Roger Waters vom 16.03.2023: \u201eMeine Anw\u00e4lte leiten Schritte [&hellip;]","og_url":"https:\/\/www.hoecker.eu\/blog\/roger-waters-antisemitismus-ist-abscheulich\/","og_site_name":"H\u00d6CKER - der Blog","article_publisher":"https:\/\/www.facebook.com\/HoeckerRAe\/","article_author":"https:\/\/www.facebook.com\/ralf.hoecker","article_published_time":"2023-03-17T12:44:00+00:00","article_modified_time":"2025-02-17T13:53:53+00:00","author":"Prof. Dr. Ralf H\u00f6cker","twitter_card":"summary_large_image","twitter_creator":"@Ralf_Hoecker","twitter_site":"@hoecker_rae","twitter_misc":{"Verfasst von":"Prof. Dr. Ralf H\u00f6cker","Gesch\u00e4tzte Lesezeit":"3\u00a0Minuten"},"schema":{"@context":"https:\/\/schema.org","@graph":[{"@type":"Article","@id":"https:\/\/www.hoecker.eu\/blog\/roger-waters-antisemitismus-ist-abscheulich\/#article","isPartOf":{"@id":"https:\/\/www.hoecker.eu\/blog\/roger-waters-antisemitismus-ist-abscheulich\/"},"author":{"name":"Prof. Dr. Ralf H\u00f6cker","@id":"https:\/\/www.hoecker.eu\/blog\/#\/schema\/person\/08f95581eed0534eccd0b2438f7a1cab"},"headline":"Roger Waters: Antisemitismus ist abscheulich","datePublished":"2023-03-17T12:44:00+00:00","dateModified":"2025-02-17T13:53:53+00:00","mainEntityOfPage":{"@id":"https:\/\/www.hoecker.eu\/blog\/roger-waters-antisemitismus-ist-abscheulich\/"},"wordCount":684,"publisher":{"@id":"https:\/\/www.hoecker.eu\/blog\/#organization"},"articleSection":["News"],"inLanguage":"de"},{"@type":"WebPage","@id":"https:\/\/www.hoecker.eu\/blog\/roger-waters-antisemitismus-ist-abscheulich\/","url":"https:\/\/www.hoecker.eu\/blog\/roger-waters-antisemitismus-ist-abscheulich\/","name":"Roger Waters: Antisemitismus ist abscheulich - H\u00d6CKER - der Blog","isPartOf":{"@id":"https:\/\/www.hoecker.eu\/blog\/#website"},"datePublished":"2023-03-17T12:44:00+00:00","dateModified":"2025-02-17T13:53:53+00:00","breadcrumb":{"@id":"https:\/\/www.hoecker.eu\/blog\/roger-waters-antisemitismus-ist-abscheulich\/#breadcrumb"},"inLanguage":"de","potentialAction":[{"@type":"ReadAction","target":["https:\/\/www.hoecker.eu\/blog\/roger-waters-antisemitismus-ist-abscheulich\/"]}]},{"@type":"BreadcrumbList","@id":"https:\/\/www.hoecker.eu\/blog\/roger-waters-antisemitismus-ist-abscheulich\/#breadcrumb","itemListElement":[{"@type":"ListItem","position":1,"name":"Startseite","item":"https:\/\/dev.hoecker.eu\/blog\/"},{"@type":"ListItem","position":2,"name":"Roger Waters: Antisemitismus ist abscheulich"}]},{"@type":"WebSite","@id":"https:\/\/www.hoecker.eu\/blog\/#website","url":"https:\/\/www.hoecker.eu\/blog\/","name":"H\u00d6CKER - der Blog","description":"Expertenblog f\u00fcr \u00c4u\u00dferungs-, Medien-, Marken-, Urheber- und Wettbewerbsrecht.","publisher":{"@id":"https:\/\/www.hoecker.eu\/blog\/#organization"},"potentialAction":[{"@type":"SearchAction","target":{"@type":"EntryPoint","urlTemplate":"https:\/\/www.hoecker.eu\/blog\/?s={search_term_string}"},"query-input":{"@type":"PropertyValueSpecification","valueRequired":true,"valueName":"search_term_string"}}],"inLanguage":"de"},{"@type":"Organization","@id":"https:\/\/www.hoecker.eu\/blog\/#organization","name":"H\u00d6CKER Rechtsanw\u00e4lte PartGmbB","alternateName":"H\u00d6CKER","url":"https:\/\/www.hoecker.eu\/blog\/","logo":{"@type":"ImageObject","inLanguage":"de","@id":"https:\/\/www.hoecker.eu\/blog\/#\/schema\/logo\/image\/","url":"https:\/\/www.hoecker.eu\/blog\/wp-content\/uploads\/2025\/03\/Blog-Logo.webp","contentUrl":"https:\/\/www.hoecker.eu\/blog\/wp-content\/uploads\/2025\/03\/Blog-Logo.webp","width":500,"height":500,"caption":"H\u00d6CKER Rechtsanw\u00e4lte PartGmbB"},"image":{"@id":"https:\/\/www.hoecker.eu\/blog\/#\/schema\/logo\/image\/"},"sameAs":["https:\/\/www.facebook.com\/HoeckerRAe\/","https:\/\/x.com\/hoecker_rae","https:\/\/www.linkedin.com\/company\/hcker-rechtsanwlte\/","https:\/\/www.instagram.com\/hoecker_rae\/"],"email":"contact@hoecker.eu","telephone":"+ 49 (0)221-933 19-10","legalName":"H\u00d6CKER Rechtsanw\u00e4lte PartGmbB","numberOfEmployees":{"@type":"QuantitativeValue","minValue":"11","maxValue":"50"}},{"@type":"Person","@id":"https:\/\/www.hoecker.eu\/blog\/#\/schema\/person\/08f95581eed0534eccd0b2438f7a1cab","name":"Prof. Dr. Ralf H\u00f6cker","description":"Medienanwalt. Besch\u00fctzer vor mieser Presse","sameAs":["https:\/\/www.hoecker.eu\/wer\/prof-dr-ralf-hoecker","https:\/\/www.facebook.com\/ralf.hoecker","https:\/\/www.linkedin.com\/in\/prof-dr-ralf-hcker-ll-m-london-17987826\/","https:\/\/x.com\/Ralf_Hoecker"],"url":"https:\/\/www.hoecker.eu\/blog\/author\/hoecker_adm\/"}]}},"authors":[{"term_id":84,"user_id":1,"is_guest":0,"slug":"hoecker_adm","display_name":"Prof. Dr. Ralf H\u00f6cker","avatar_url":{"url":"https:\/\/www.hoecker.eu\/blog\/wp-content\/uploads\/2023\/12\/ProfDrRalfHoecker.jpg","url2x":"https:\/\/www.hoecker.eu\/blog\/wp-content\/uploads\/2023\/12\/ProfDrRalfHoecker.jpg"},"0":null,"1":"","2":"","3":"","4":"","5":"","6":"","7":"","8":"","9":"","10":"","11":""}],"_links":{"self":[{"href":"https:\/\/www.hoecker.eu\/blog\/wp-json\/wp\/v2\/posts\/8183","targetHints":{"allow":["GET"]}}],"collection":[{"href":"https:\/\/www.hoecker.eu\/blog\/wp-json\/wp\/v2\/posts"}],"about":[{"href":"https:\/\/www.hoecker.eu\/blog\/wp-json\/wp\/v2\/types\/post"}],"author":[{"embeddable":true,"href":"https:\/\/www.hoecker.eu\/blog\/wp-json\/wp\/v2\/users\/1"}],"replies":[{"embeddable":true,"href":"https:\/\/www.hoecker.eu\/blog\/wp-json\/wp\/v2\/comments?post=8183"}],"version-history":[{"count":1,"href":"https:\/\/www.hoecker.eu\/blog\/wp-json\/wp\/v2\/posts\/8183\/revisions"}],"predecessor-version":[{"id":9305,"href":"https:\/\/www.hoecker.eu\/blog\/wp-json\/wp\/v2\/posts\/8183\/revisions\/9305"}],"wp:attachment":[{"href":"https:\/\/www.hoecker.eu\/blog\/wp-json\/wp\/v2\/media?parent=8183"}],"wp:term":[{"taxonomy":"category","embeddable":true,"href":"https:\/\/www.hoecker.eu\/blog\/wp-json\/wp\/v2\/categories?post=8183"},{"taxonomy":"post_tag","embeddable":true,"href":"https:\/\/www.hoecker.eu\/blog\/wp-json\/wp\/v2\/tags?post=8183"},{"taxonomy":"hashtags","embeddable":true,"href":"https:\/\/www.hoecker.eu\/blog\/wp-json\/wp\/v2\/hashtags?post=8183"},{"taxonomy":"author","embeddable":true,"href":"https:\/\/www.hoecker.eu\/blog\/wp-json\/wp\/v2\/ppma_author?post=8183"}],"curies":[{"name":"wp","href":"https:\/\/api.w.org\/{rel}","templated":true}]}}