{"id":8182,"date":"2023-03-28T07:38:00","date_gmt":"2023-03-28T05:38:00","guid":{"rendered":"https:\/\/www.hoecker.eu\/blog\/roger-waters-we-are-on-the-road-to-frankfurt\/"},"modified":"2025-02-17T14:53:52","modified_gmt":"2025-02-17T13:53:52","slug":"roger-waters-we-are-on-the-road-to-frankfurt","status":"publish","type":"post","link":"https:\/\/www.hoecker.eu\/blog\/roger-waters-we-are-on-the-road-to-frankfurt\/","title":{"rendered":"Roger Waters: We are on the road to Frankfurt"},"content":{"rendered":"<p><strong>English version below<\/strong><\/p>\n<p>Die nachstehende Pressemitteilung ver\u00f6ffentlichen wir im Auftrag und Namen unseres Mandanten, Herrn George Roger Waters:<\/p>\n<p><strong>Roger Waters: We are on the road to Frankfurt<\/strong><\/p>\n<p><em>Konzert in Frankfurt soll durch Eilverfahren gesichert werden<\/em><\/p>\n<p>London. Roger Waters hat mit Freude die Entscheidung des M\u00fcnchner Stadtrats zur Kenntnis genommen, dass sein <strong>Konzert am 21.05.2023 in der Olympiahalle M\u00fcnchen wie geplant stattfinden wird:<\/strong><\/p>\n<p>&#8220;Ich bin sehr gl\u00fccklich, dass ich in M\u00fcnchen f\u00fcr meine Fans auftreten kann. Ein Verbot meines Konzerts w\u00e4re illegal gewesen. Die Entscheidung der Stadt M\u00fcnchen ist eine gute Nachricht f\u00fcr die Meinungsfreiheit in Deutschland.&#8221;<\/p>\n<p>Mit Blick auf das Konzert in Frankfurt am 28.05.2023, bei dem die Stadt Frankfurt und das Land Hessen an der Aufhebung des Vertrages festhalten, sagte Waters weiter:<\/p>\n<p>&#8220;Die Entscheidungstr\u00e4ger in Frankfurt wissen, dass sie sich auf der falschen Seite des Gesetzes befinden und nun v\u00f6llig isoliert sind. Sie sollten sich ein Beispiel an ihren Kollegen in M\u00fcnchen nehmen und dem mutigen Beispiel M\u00fcnchens folgen und sich f\u00fcr die Freiheit der Kunst und der freien Meinungs\u00e4u\u00dferung im Allgemeinen einsetzen, anstatt eine Menge Steuergelder f\u00fcr einen sinnlosen Rechtsstreit zu verschwenden. Die Cancel-Versuche der Frankfurter Politiker sind ein Angriff auf die Kunstfreiheit insgesamt. Politiker haben kein Recht, K\u00fcnstler und ihre Fans mit Auftrittsverboten einzusch\u00fcchtern und zu schikanieren.&#8221;<\/p>\n<p>Waters sagte, er werde weiterhin unerm\u00fcdlich f\u00fcr sein Recht k\u00e4mpfen, in Frankfurt aufzutreten: <\/p>\n<p>&#8220;Ich k\u00e4mpfe f\u00fcr all unsere Menschenrechte, einschlie\u00dflich des Rechts auf Redefreiheit. <strong>We are on the road to Frankfurt. Frankfurt, wir kommen!<\/strong>&#8220;<\/p>\n<p>Sollten die vorgerichtlichen Bem\u00fchungen scheitern, werden Waters&#8217; Anw\u00e4lte versuchen, die Durchf\u00fchrung des Konzerts in Frankfurt am 28.05.2023 durch eine einstweilige Verf\u00fcgung zu sichern. Zu diesem Vorhaben sagte Waters: <\/p>\n<p>&#8220;Wie alle anderen Konzerte meiner Europatournee wird auch mein Konzert in Frankfurt stattfinden. Das werde ich auch vor Gericht durchsetzen, wenn es sein muss. <strong>Meine Fans m\u00fcssen sich also keine Sorgen machen.<\/strong>&#8220;<\/p>\n<p><u>Herausgeber<\/u>:<br \/>MFM Ltd.<br \/>im Namen von Herrn George Roger Waters<\/p>\n<p><u>Pressekontakt<\/u>:<br \/>H\u00d6CKER Rechtsanw\u00e4lte PartGmbB<br \/>Rechtsanw\u00e4lte Prof. Dr. Ralf H\u00f6cker<br \/>Rechtsanwalt Michael Fengler<br \/>E-Mail: contact@hoecker.eu<br \/>Tel: +49(0)221-93319-10<\/p>\n<p>Die vorstehende Pressemitteilung haben wir im Auftrag und Namen unseres Mandanten, Herrn George Roger Waters, ver\u00f6ffentlicht. H\u00d6CKER Rechtsanw\u00e4lte PartGmbB ist f\u00fcr den Inhalt der Pressemitteilung nicht verantwortlich.<\/p>\n<p>&#8212;&#8212;&#8212;&#8212;&#8212;&#8212;&#8212;&#8212;&#8212;&#8212;&#8212;&#8212;&#8212;&#8212;&#8212;&#8212;&#8212;&#8212;&#8212;&#8212;&#8212;&#8212;&#8212;&#8212;&#8212;&#8212;&#8212;&#8212;&#8212;&#8212;&#8212;&#8212;&#8212;&#8212;&#8212;&#8212;&#8212;&#8212;&#8212;&#8212;&#8212;&#8212;&#8212;&#8212;&#8212;&#8212;&#8212;&#8212;&#8212;&#8212;&#8212;&#8212;&#8212;&#8212;&#8212;&#8212;&#8212;&#8212;&#8212;&#8212;&#8212;&#8211;<\/p>\n<p>We are issuing the following press release on behalf of and in the name of our client, Mr George Roger Waters:<\/p>\n<p><strong><em>Roger Waters: We are on the road to Frankfurt<\/em><\/strong><\/p>\n<p><em>Concert in Frankfurt to be secured by interim injunction<\/em><\/p>\n<p>London. Roger Waters has noted with pleasure the decision of the Munich City Council that his <strong>21.05.2023 concert in the Olympiahalle Munich will take place as planned<\/strong>:<\/p>\n<p>&#8220;I am very happy to be able to perform in Munich for my fans. A ban on my concert would have been illegal. The City of Munich\u2019s decision is good news for freedom of speech in Germany.&#8221;<\/p>\n<p>Referring to the concert in Frankfurt on 28.05.2023, for which the City of Frankfurt and the State of Hesse are sticking to the cancellation of the contract, Waters went on to say:<\/p>\n<p>&#8220;The decision makers in Frankfurt know that they are on the wrong side of the law and are now completely isolated. They should take an example from their colleagues in Munich and instead of wasting a lot of taxpayers\u2019 money on a futile legal action they should follow Munich\u2019s brave example and support freedom in the arts and free speech in general. The cancel attempts of the Frankfurt politicians are an attack on artistic freedom as a whole. Politicians have no right to intimidate and bully artists and their fans with performance bans.&#8221;<\/p>\n<p>Waters said that he would continue to fight unceasingly for his right to perform in Frankfurt saying: <\/p>\n<p>\u201dI am fighting for all of our human rights, including the right to freedom of speech. <strong>We are on the road to Frankfurt. Frankfurt, here we come!<\/strong>\u201d<\/p>\n<p>If pre-court efforts fail, Waters&#8217; lawyers will seek to secure the performance of the concert in Frankfurt on 28.05.2023 through an interim injunction. Commenting on this intention, Waters said: <\/p>\n<p>\u201cLike all the other concerts on my European tour, my concert in Frankfurt will take place. I will enforce this in court if I must. <strong>So my fans don\u2019t have to worry.<\/strong>&#8220;<\/p>\n<p><u>Publisher<\/u>:<br \/>MFM Ltd.<br \/>on behalf of Mr George Roger Waters<\/p>\n<p><u>Press Contact<\/u>:<br \/>H\u00d6CKER Rechtsanw\u00e4lte PartGmbB<br \/>Rechtsanwalt Prof. Dr. Ralf H\u00f6cker<br \/>Rechtsanwalt Michael Fengler<br \/>E-Mail: contact@hoecker.eu<br \/>Tel: +49(0)221-93319-10<\/p>\n<p>We have issued the above press release on behalf and in the name of our client, Mr George Roger Waters. H\u00d6CKER Rechtsanw\u00e4lte PartGmbB is not responsible for the content of the press release.<\/p>\n","protected":false},"excerpt":{"rendered":"<p>English version below Die nachstehende Pressemitteilung ver\u00f6ffentlichen wir im Auftrag und Namen unseres Mandanten, Herrn George Roger Waters: Roger Waters: We are on the road to Frankfurt Konzert in Frankfurt soll durch Eilverfahren gesichert werden London. Roger Waters hat mit Freude die Entscheidung des M\u00fcnchner Stadtrats zur Kenntnis genommen, dass sein Konzert am 21.05.2023 in [&hellip;]<\/p>\n","protected":false},"author":1,"featured_media":0,"comment_status":"closed","ping_status":"closed","sticky":false,"template":"","format":"standard","meta":{"_has_post_settings":[],"footnotes":""},"categories":[15],"tags":[],"hashtags":[],"ppma_author":[84],"class_list":["post-8182","post","type-post","status-publish","format-standard","hentry","category-news","author-hoecker_adm"],"yoast_head":"<!-- This site is optimized with the Yoast SEO Premium plugin v25.9 (Yoast SEO v27.0) - https:\/\/yoast.com\/product\/yoast-seo-premium-wordpress\/ -->\n<title>Roger Waters: We are on the road to Frankfurt - H\u00d6CKER - der Blog<\/title>\n<meta name=\"robots\" content=\"index, follow, max-snippet:-1, max-image-preview:large, max-video-preview:-1\" \/>\n<link rel=\"canonical\" href=\"https:\/\/www.hoecker.eu\/blog\/roger-waters-we-are-on-the-road-to-frankfurt\/\" \/>\n<meta property=\"og:locale\" content=\"de_DE\" \/>\n<meta property=\"og:type\" content=\"article\" \/>\n<meta property=\"og:title\" content=\"Roger Waters: We are on the road to Frankfurt\" \/>\n<meta property=\"og:description\" content=\"English version below Die nachstehende Pressemitteilung ver\u00f6ffentlichen wir im Auftrag und Namen unseres Mandanten, Herrn George Roger Waters: Roger Waters: We are on the road to Frankfurt Konzert in Frankfurt soll durch Eilverfahren gesichert werden London. Roger Waters hat mit Freude die Entscheidung des M\u00fcnchner Stadtrats zur Kenntnis genommen, dass sein Konzert am 21.05.2023 in [&hellip;]\" \/>\n<meta property=\"og:url\" content=\"https:\/\/www.hoecker.eu\/blog\/roger-waters-we-are-on-the-road-to-frankfurt\/\" \/>\n<meta property=\"og:site_name\" content=\"H\u00d6CKER - der Blog\" \/>\n<meta property=\"article:publisher\" content=\"https:\/\/www.facebook.com\/HoeckerRAe\/\" \/>\n<meta property=\"article:author\" content=\"https:\/\/www.facebook.com\/ralf.hoecker\" \/>\n<meta property=\"article:published_time\" content=\"2023-03-28T05:38:00+00:00\" \/>\n<meta property=\"article:modified_time\" content=\"2025-02-17T13:53:52+00:00\" \/>\n<meta name=\"author\" content=\"Prof. Dr. Ralf H\u00f6cker\" \/>\n<meta name=\"twitter:card\" content=\"summary_large_image\" \/>\n<meta name=\"twitter:creator\" content=\"@Ralf_Hoecker\" \/>\n<meta name=\"twitter:site\" content=\"@hoecker_rae\" \/>\n<meta name=\"twitter:label1\" content=\"Verfasst von\" \/>\n\t<meta name=\"twitter:data1\" content=\"Prof. Dr. Ralf H\u00f6cker\" \/>\n\t<meta name=\"twitter:label2\" content=\"Gesch\u00e4tzte Lesezeit\" \/>\n\t<meta name=\"twitter:data2\" content=\"4\u00a0Minuten\" \/>\n<script type=\"application\/ld+json\" class=\"yoast-schema-graph\">{\"@context\":\"https:\/\/schema.org\",\"@graph\":[{\"@type\":\"Article\",\"@id\":\"https:\/\/www.hoecker.eu\/blog\/roger-waters-we-are-on-the-road-to-frankfurt\/#article\",\"isPartOf\":{\"@id\":\"https:\/\/www.hoecker.eu\/blog\/roger-waters-we-are-on-the-road-to-frankfurt\/\"},\"author\":{\"name\":\"Prof. Dr. Ralf H\u00f6cker\",\"@id\":\"https:\/\/www.hoecker.eu\/blog\/#\/schema\/person\/08f95581eed0534eccd0b2438f7a1cab\"},\"headline\":\"Roger Waters: We are on the road to Frankfurt\",\"datePublished\":\"2023-03-28T05:38:00+00:00\",\"dateModified\":\"2025-02-17T13:53:52+00:00\",\"mainEntityOfPage\":{\"@id\":\"https:\/\/www.hoecker.eu\/blog\/roger-waters-we-are-on-the-road-to-frankfurt\/\"},\"wordCount\":798,\"publisher\":{\"@id\":\"https:\/\/www.hoecker.eu\/blog\/#organization\"},\"articleSection\":[\"News\"],\"inLanguage\":\"de\"},{\"@type\":\"WebPage\",\"@id\":\"https:\/\/www.hoecker.eu\/blog\/roger-waters-we-are-on-the-road-to-frankfurt\/\",\"url\":\"https:\/\/www.hoecker.eu\/blog\/roger-waters-we-are-on-the-road-to-frankfurt\/\",\"name\":\"Roger Waters: We are on the road to Frankfurt - H\u00d6CKER - der Blog\",\"isPartOf\":{\"@id\":\"https:\/\/www.hoecker.eu\/blog\/#website\"},\"datePublished\":\"2023-03-28T05:38:00+00:00\",\"dateModified\":\"2025-02-17T13:53:52+00:00\",\"breadcrumb\":{\"@id\":\"https:\/\/www.hoecker.eu\/blog\/roger-waters-we-are-on-the-road-to-frankfurt\/#breadcrumb\"},\"inLanguage\":\"de\",\"potentialAction\":[{\"@type\":\"ReadAction\",\"target\":[\"https:\/\/www.hoecker.eu\/blog\/roger-waters-we-are-on-the-road-to-frankfurt\/\"]}]},{\"@type\":\"BreadcrumbList\",\"@id\":\"https:\/\/www.hoecker.eu\/blog\/roger-waters-we-are-on-the-road-to-frankfurt\/#breadcrumb\",\"itemListElement\":[{\"@type\":\"ListItem\",\"position\":1,\"name\":\"Startseite\",\"item\":\"https:\/\/dev.hoecker.eu\/blog\/\"},{\"@type\":\"ListItem\",\"position\":2,\"name\":\"Roger Waters: We are on the road to Frankfurt\"}]},{\"@type\":\"WebSite\",\"@id\":\"https:\/\/www.hoecker.eu\/blog\/#website\",\"url\":\"https:\/\/www.hoecker.eu\/blog\/\",\"name\":\"H\u00d6CKER - der Blog\",\"description\":\"Expertenblog f\u00fcr \u00c4u\u00dferungs-, Medien-, Marken-, Urheber- und Wettbewerbsrecht.\",\"publisher\":{\"@id\":\"https:\/\/www.hoecker.eu\/blog\/#organization\"},\"potentialAction\":[{\"@type\":\"SearchAction\",\"target\":{\"@type\":\"EntryPoint\",\"urlTemplate\":\"https:\/\/www.hoecker.eu\/blog\/?s={search_term_string}\"},\"query-input\":{\"@type\":\"PropertyValueSpecification\",\"valueRequired\":true,\"valueName\":\"search_term_string\"}}],\"inLanguage\":\"de\"},{\"@type\":\"Organization\",\"@id\":\"https:\/\/www.hoecker.eu\/blog\/#organization\",\"name\":\"H\u00d6CKER Rechtsanw\u00e4lte PartGmbB\",\"alternateName\":\"H\u00d6CKER\",\"url\":\"https:\/\/www.hoecker.eu\/blog\/\",\"logo\":{\"@type\":\"ImageObject\",\"inLanguage\":\"de\",\"@id\":\"https:\/\/www.hoecker.eu\/blog\/#\/schema\/logo\/image\/\",\"url\":\"https:\/\/www.hoecker.eu\/blog\/wp-content\/uploads\/2025\/03\/Blog-Logo.webp\",\"contentUrl\":\"https:\/\/www.hoecker.eu\/blog\/wp-content\/uploads\/2025\/03\/Blog-Logo.webp\",\"width\":500,\"height\":500,\"caption\":\"H\u00d6CKER Rechtsanw\u00e4lte PartGmbB\"},\"image\":{\"@id\":\"https:\/\/www.hoecker.eu\/blog\/#\/schema\/logo\/image\/\"},\"sameAs\":[\"https:\/\/www.facebook.com\/HoeckerRAe\/\",\"https:\/\/x.com\/hoecker_rae\",\"https:\/\/www.linkedin.com\/company\/hcker-rechtsanwlte\/\",\"https:\/\/www.instagram.com\/hoecker_rae\/\"],\"email\":\"contact@hoecker.eu\",\"telephone\":\"+ 49 (0)221-933 19-10\",\"legalName\":\"H\u00d6CKER Rechtsanw\u00e4lte PartGmbB\",\"numberOfEmployees\":{\"@type\":\"QuantitativeValue\",\"minValue\":\"11\",\"maxValue\":\"50\"}},{\"@type\":\"Person\",\"@id\":\"https:\/\/www.hoecker.eu\/blog\/#\/schema\/person\/08f95581eed0534eccd0b2438f7a1cab\",\"name\":\"Prof. Dr. Ralf H\u00f6cker\",\"description\":\"Medienanwalt. Besch\u00fctzer vor mieser Presse\",\"sameAs\":[\"https:\/\/www.hoecker.eu\/wer\/prof-dr-ralf-hoecker\",\"https:\/\/www.facebook.com\/ralf.hoecker\",\"https:\/\/www.linkedin.com\/in\/prof-dr-ralf-hcker-ll-m-london-17987826\/\",\"https:\/\/x.com\/Ralf_Hoecker\"],\"url\":\"https:\/\/www.hoecker.eu\/blog\/author\/hoecker_adm\/\"}]}<\/script>\n<!-- \/ Yoast SEO Premium plugin. -->","yoast_head_json":{"title":"Roger Waters: We are on the road to Frankfurt - H\u00d6CKER - der Blog","robots":{"index":"index","follow":"follow","max-snippet":"max-snippet:-1","max-image-preview":"max-image-preview:large","max-video-preview":"max-video-preview:-1"},"canonical":"https:\/\/www.hoecker.eu\/blog\/roger-waters-we-are-on-the-road-to-frankfurt\/","og_locale":"de_DE","og_type":"article","og_title":"Roger Waters: We are on the road to Frankfurt","og_description":"English version below Die nachstehende Pressemitteilung ver\u00f6ffentlichen wir im Auftrag und Namen unseres Mandanten, Herrn George Roger Waters: Roger Waters: We are on the road to Frankfurt Konzert in Frankfurt soll durch Eilverfahren gesichert werden London. Roger Waters hat mit Freude die Entscheidung des M\u00fcnchner Stadtrats zur Kenntnis genommen, dass sein Konzert am 21.05.2023 in [&hellip;]","og_url":"https:\/\/www.hoecker.eu\/blog\/roger-waters-we-are-on-the-road-to-frankfurt\/","og_site_name":"H\u00d6CKER - der Blog","article_publisher":"https:\/\/www.facebook.com\/HoeckerRAe\/","article_author":"https:\/\/www.facebook.com\/ralf.hoecker","article_published_time":"2023-03-28T05:38:00+00:00","article_modified_time":"2025-02-17T13:53:52+00:00","author":"Prof. Dr. Ralf H\u00f6cker","twitter_card":"summary_large_image","twitter_creator":"@Ralf_Hoecker","twitter_site":"@hoecker_rae","twitter_misc":{"Verfasst von":"Prof. Dr. Ralf H\u00f6cker","Gesch\u00e4tzte Lesezeit":"4\u00a0Minuten"},"schema":{"@context":"https:\/\/schema.org","@graph":[{"@type":"Article","@id":"https:\/\/www.hoecker.eu\/blog\/roger-waters-we-are-on-the-road-to-frankfurt\/#article","isPartOf":{"@id":"https:\/\/www.hoecker.eu\/blog\/roger-waters-we-are-on-the-road-to-frankfurt\/"},"author":{"name":"Prof. Dr. Ralf H\u00f6cker","@id":"https:\/\/www.hoecker.eu\/blog\/#\/schema\/person\/08f95581eed0534eccd0b2438f7a1cab"},"headline":"Roger Waters: We are on the road to Frankfurt","datePublished":"2023-03-28T05:38:00+00:00","dateModified":"2025-02-17T13:53:52+00:00","mainEntityOfPage":{"@id":"https:\/\/www.hoecker.eu\/blog\/roger-waters-we-are-on-the-road-to-frankfurt\/"},"wordCount":798,"publisher":{"@id":"https:\/\/www.hoecker.eu\/blog\/#organization"},"articleSection":["News"],"inLanguage":"de"},{"@type":"WebPage","@id":"https:\/\/www.hoecker.eu\/blog\/roger-waters-we-are-on-the-road-to-frankfurt\/","url":"https:\/\/www.hoecker.eu\/blog\/roger-waters-we-are-on-the-road-to-frankfurt\/","name":"Roger Waters: We are on the road to Frankfurt - H\u00d6CKER - der Blog","isPartOf":{"@id":"https:\/\/www.hoecker.eu\/blog\/#website"},"datePublished":"2023-03-28T05:38:00+00:00","dateModified":"2025-02-17T13:53:52+00:00","breadcrumb":{"@id":"https:\/\/www.hoecker.eu\/blog\/roger-waters-we-are-on-the-road-to-frankfurt\/#breadcrumb"},"inLanguage":"de","potentialAction":[{"@type":"ReadAction","target":["https:\/\/www.hoecker.eu\/blog\/roger-waters-we-are-on-the-road-to-frankfurt\/"]}]},{"@type":"BreadcrumbList","@id":"https:\/\/www.hoecker.eu\/blog\/roger-waters-we-are-on-the-road-to-frankfurt\/#breadcrumb","itemListElement":[{"@type":"ListItem","position":1,"name":"Startseite","item":"https:\/\/dev.hoecker.eu\/blog\/"},{"@type":"ListItem","position":2,"name":"Roger Waters: We are on the road to Frankfurt"}]},{"@type":"WebSite","@id":"https:\/\/www.hoecker.eu\/blog\/#website","url":"https:\/\/www.hoecker.eu\/blog\/","name":"H\u00d6CKER - der Blog","description":"Expertenblog f\u00fcr \u00c4u\u00dferungs-, Medien-, Marken-, Urheber- und Wettbewerbsrecht.","publisher":{"@id":"https:\/\/www.hoecker.eu\/blog\/#organization"},"potentialAction":[{"@type":"SearchAction","target":{"@type":"EntryPoint","urlTemplate":"https:\/\/www.hoecker.eu\/blog\/?s={search_term_string}"},"query-input":{"@type":"PropertyValueSpecification","valueRequired":true,"valueName":"search_term_string"}}],"inLanguage":"de"},{"@type":"Organization","@id":"https:\/\/www.hoecker.eu\/blog\/#organization","name":"H\u00d6CKER Rechtsanw\u00e4lte PartGmbB","alternateName":"H\u00d6CKER","url":"https:\/\/www.hoecker.eu\/blog\/","logo":{"@type":"ImageObject","inLanguage":"de","@id":"https:\/\/www.hoecker.eu\/blog\/#\/schema\/logo\/image\/","url":"https:\/\/www.hoecker.eu\/blog\/wp-content\/uploads\/2025\/03\/Blog-Logo.webp","contentUrl":"https:\/\/www.hoecker.eu\/blog\/wp-content\/uploads\/2025\/03\/Blog-Logo.webp","width":500,"height":500,"caption":"H\u00d6CKER Rechtsanw\u00e4lte PartGmbB"},"image":{"@id":"https:\/\/www.hoecker.eu\/blog\/#\/schema\/logo\/image\/"},"sameAs":["https:\/\/www.facebook.com\/HoeckerRAe\/","https:\/\/x.com\/hoecker_rae","https:\/\/www.linkedin.com\/company\/hcker-rechtsanwlte\/","https:\/\/www.instagram.com\/hoecker_rae\/"],"email":"contact@hoecker.eu","telephone":"+ 49 (0)221-933 19-10","legalName":"H\u00d6CKER Rechtsanw\u00e4lte PartGmbB","numberOfEmployees":{"@type":"QuantitativeValue","minValue":"11","maxValue":"50"}},{"@type":"Person","@id":"https:\/\/www.hoecker.eu\/blog\/#\/schema\/person\/08f95581eed0534eccd0b2438f7a1cab","name":"Prof. Dr. Ralf H\u00f6cker","description":"Medienanwalt. Besch\u00fctzer vor mieser Presse","sameAs":["https:\/\/www.hoecker.eu\/wer\/prof-dr-ralf-hoecker","https:\/\/www.facebook.com\/ralf.hoecker","https:\/\/www.linkedin.com\/in\/prof-dr-ralf-hcker-ll-m-london-17987826\/","https:\/\/x.com\/Ralf_Hoecker"],"url":"https:\/\/www.hoecker.eu\/blog\/author\/hoecker_adm\/"}]}},"authors":[{"term_id":84,"user_id":1,"is_guest":0,"slug":"hoecker_adm","display_name":"Prof. Dr. Ralf H\u00f6cker","avatar_url":{"url":"https:\/\/www.hoecker.eu\/blog\/wp-content\/uploads\/2023\/12\/ProfDrRalfHoecker.jpg","url2x":"https:\/\/www.hoecker.eu\/blog\/wp-content\/uploads\/2023\/12\/ProfDrRalfHoecker.jpg"},"0":null,"1":"","2":"","3":"","4":"","5":"","6":"","7":"","8":"","9":"","10":"","11":""}],"_links":{"self":[{"href":"https:\/\/www.hoecker.eu\/blog\/wp-json\/wp\/v2\/posts\/8182","targetHints":{"allow":["GET"]}}],"collection":[{"href":"https:\/\/www.hoecker.eu\/blog\/wp-json\/wp\/v2\/posts"}],"about":[{"href":"https:\/\/www.hoecker.eu\/blog\/wp-json\/wp\/v2\/types\/post"}],"author":[{"embeddable":true,"href":"https:\/\/www.hoecker.eu\/blog\/wp-json\/wp\/v2\/users\/1"}],"replies":[{"embeddable":true,"href":"https:\/\/www.hoecker.eu\/blog\/wp-json\/wp\/v2\/comments?post=8182"}],"version-history":[{"count":1,"href":"https:\/\/www.hoecker.eu\/blog\/wp-json\/wp\/v2\/posts\/8182\/revisions"}],"predecessor-version":[{"id":9304,"href":"https:\/\/www.hoecker.eu\/blog\/wp-json\/wp\/v2\/posts\/8182\/revisions\/9304"}],"wp:attachment":[{"href":"https:\/\/www.hoecker.eu\/blog\/wp-json\/wp\/v2\/media?parent=8182"}],"wp:term":[{"taxonomy":"category","embeddable":true,"href":"https:\/\/www.hoecker.eu\/blog\/wp-json\/wp\/v2\/categories?post=8182"},{"taxonomy":"post_tag","embeddable":true,"href":"https:\/\/www.hoecker.eu\/blog\/wp-json\/wp\/v2\/tags?post=8182"},{"taxonomy":"hashtags","embeddable":true,"href":"https:\/\/www.hoecker.eu\/blog\/wp-json\/wp\/v2\/hashtags?post=8182"},{"taxonomy":"author","embeddable":true,"href":"https:\/\/www.hoecker.eu\/blog\/wp-json\/wp\/v2\/ppma_author?post=8182"}],"curies":[{"name":"wp","href":"https:\/\/api.w.org\/{rel}","templated":true}]}}