{"id":8180,"date":"2023-04-26T07:28:00","date_gmt":"2023-04-26T05:28:00","guid":{"rendered":"https:\/\/www.hoecker.eu\/blog\/kardinal-woelki-verteidigt-sich-erfolgreich-landgericht-koeln-verbietet-bild-berichterstattung\/"},"modified":"2025-02-17T14:53:51","modified_gmt":"2025-02-17T13:53:51","slug":"kardinal-woelki-verteidigt-sich-erfolgreich-landgericht-koeln-verbietet-bild-berichterstattung","status":"publish","type":"post","link":"https:\/\/www.hoecker.eu\/blog\/kardinal-woelki-verteidigt-sich-erfolgreich-landgericht-koeln-verbietet-bild-berichterstattung\/","title":{"rendered":"Kardinal Woelki verteidigt sich erfolgreich &#8211; Landgericht K\u00f6ln verbietet BILD-Berichterstattung"},"content":{"rendered":"<p>Das Blatt des Springer-Verlags hat erneut vor Gericht gegen Kardinal Woelki ein Verbot f\u00fcr einen falschen Bericht einstecken m\u00fcssen. Im BILD-Artikel vom 04.05.2021 hatte BILD-Autor Nikolaus Harbusch behauptet, Woelki h\u00e4tte Kenntnis von zwei belastenden Dokumenten \u00fcber einen Priester gehabt. Vor Gericht konnte Harbusch seine Behauptung nicht beweisen, deshalb hat das Gericht dies als Falschbehauptung verboten. Woelki hatte stets betont, den Priester ohne Kenntnis zweier belastender Dokumente 2017 zum Stadtdechanten in D\u00fcsseldorf ernannt zu haben. <\/p>\n<p>Im Verfahren wurden von der BILD benannte Zeugen vernommen. Doch auch durch die Beweisaufnahme konnte die BILD ihre Behauptung nicht beweisen. Kardinal Woelki schilderte pers\u00f6nlich in seiner Aussage vor dem Landgericht in K\u00f6ln den Sachverhalt und seinen Kenntnisstand vor der Ernennung des Priesters. <\/p>\n<p>Seine Aussage und die fehlenden Beweise der BILD f\u00fchrten nun dazu, dass das Landgericht K\u00f6ln sein Verbot des BILD-Artikels im Hauptsacheurteil vom 26.04.2023, Az.: 28 O 293\/21, best\u00e4tigt (nicht rechtskr\u00e4ftig). <\/p>\n<p>Der BILD-Zeitung und BILD-Redakteur Nikolaus Harbusch wurden die folgenden Aussagen verboten:<\/p>\n<p><em>\u201eDenn nach BILD-Recherchen <u>kannte Woelki viele belastende Berichte, Protokolle aus der Missbrauchs-Akte und eine deutliche Warnung der Polizei.<\/u> (\u2026)<\/em><\/p>\n<p><em><u>Doch in der Personalakte lag sogar noch mehr Sprengstoff, der Woelki nicht davon abhielt, den Skandal-Priester auch noch zu bef\u00f6rdern.<\/u><\/em><\/p>\n<p><em><u>F\u00fcr Woelki offenbar alles gar kein Problem, als er die Bef\u00f6rderung von D. im Juli 2017 feierlich bekannt gab.<\/u>\u201c,<\/em><\/p>\n<p>Das Landgericht K\u00f6ln hat seine Entscheidung wie folgt begr\u00fcndet: <\/p>\n<p><em>&#8220;Hinsichtlich der Wahrheit der Tatsachenbehauptung tragen die Beklagten aufgrund der Ehrenr\u00fchrigkeit der \u00c4u\u00dferung die Darlegungs- und Beweislast. Diese haben nicht zur \u00dcberzeugung des Gerichts bewiesen, dass dem Kl\u00e4ger der Inhalt der Dokumente zum Zeitpunkt der Bef\u00f6rderungsentscheidung bekannt war.&#8221;<\/em><\/p>\n<p>Der BILD wurden zudem die Kernaussagen des Artikels vom 03.05.2021 verboten. Dies sei eine unzul\u00e4ssige Verdachtsberichterstattung.<\/p>\n<p>Diese Berichterstattung wird als unzul\u00e4ssig verboten, weil BILD und Harbusch gegen ihre journalistischen Sorgfaltspflichten versto\u00dfen haben. Die BILD-Zeitung ist verpflichtet, vor der Berichterstattung eine Stellungnahme einzuholen und diese abzudrucken. Dies ist nicht geschehen. Da keine entlastende Stellungnahme des Herrn Kardinal Woelki abgedruckt wurde, ist der Bericht unzul\u00e4ssig vorverurteilend. <\/p>\n<p>Der BILD-Zeitung und BILD-Redakteur Nikolaus Harbusch wurden die folgenden Aussagen verboten:<\/p>\n<p><em>\u201eDenn nach BILD-Recherchen kannte Woelki viele belastende Berichte, Protokolle aus der Missbrauchs-Akte und eine deutliche Warnung der Polizei. (\u2026)<\/em><\/p>\n<p><em>Das Schreiben landete in der Personal-Akte von D., die Woelki gekannt haben muss, als er D. 2017 den h\u00f6heren Posten verschaffte. (\u2026)<\/em><\/p>\n<p><em>Doch in der Personalakte lag sogar noch mehr Sprengstoff, der Woelki nicht davon abhielt, den Skandal-Priester auch noch zu bef\u00f6rdern.<\/em><\/p>\n<p><em>F\u00fcr Woelki offenbar alles gar kein Problem, als er die Bef\u00f6rderung von D. im Juli 2017 feierlich bekannt gab.\u201c,<\/em><\/p>\n<p>Dr. Carsten Brennecke: <em>\u201eHerr Kardinal Woelki hat dem Landgericht K\u00f6ln unter Eid Rede und Antwort gestanden. Mit diesem historisch einmaligen Schritt eines deutschen Kardinals hat er sich gegen die wiederholt unzul\u00e4ssige Berichterstattung der BILD-Zeitung erfolgreich verteidigt. Das Verfahren hat gezeigt, dass Kardinal Woelki bei der Ernennungsentscheidung des Priesters keine Kenntnis der belastenden Aktenst\u00fccke hatte.\u201c<\/em><\/p>\n<p><em><br \/><\/em><\/p>\n<p>Nachtrag 13.06.2024:<\/p>\n<p>Mittlerweile hat das OLG K\u00f6ln in diesem Fall entschieden und das erstinstanzliche Verbot best\u00e4tigt. Den Umfang der Verbotsentscheidung des OLG K\u00f6ln k\u00f6nnen Sie dem nachstehenden Link entnehmen:<\/p>\n<p><a href=\"https:\/\/www.hoecker.eu\/news\/klarer-sieg-f%C3%BCr-kardinal-woelki-im-wichtigsten-verfahren-gegen-bild-kardinal-woelki-kannte-bei-der-bef%C3%B6rderungsentscheidung-eines-priesters-die-kritischen-dokumente-aus-der-personalakte-nicht-olg-k%C3%B6ln-best%C3%A4tigt-verbot-gegen-bild\" target=\"_blank\" rel=\"noreferrer noopener\">https:\/\/www.hoecker.eu\/news\/klarer-sieg-f\u00fcr-kardinal-woelki-im-wichtigsten-verfahren-gegen-bild-kardinal-woelki-kannte-bei-der-bef\u00f6rderungsentscheidung-eines-priesters-die-kritischen-dokumente-aus-der-personalakte-nicht-olg-k\u00f6ln-best\u00e4tigt-verbot-gegen-bild<\/a><\/p>\n<p><em><br \/><\/em><\/p>\n","protected":false},"excerpt":{"rendered":"<p>Das Blatt des Springer-Verlags hat erneut vor Gericht gegen Kardinal Woelki ein Verbot f\u00fcr einen falschen Bericht einstecken m\u00fcssen. Im BILD-Artikel vom 04.05.2021 hatte BILD-Autor Nikolaus Harbusch behauptet, Woelki h\u00e4tte Kenntnis von zwei belastenden Dokumenten \u00fcber einen Priester gehabt. Vor Gericht konnte Harbusch seine Behauptung nicht beweisen, deshalb hat das Gericht dies als Falschbehauptung verboten. [&hellip;]<\/p>\n","protected":false},"author":1,"featured_media":0,"comment_status":"closed","ping_status":"closed","sticky":false,"template":"","format":"standard","meta":{"_has_post_settings":[],"footnotes":""},"categories":[15],"tags":[],"hashtags":[],"ppma_author":[84],"class_list":["post-8180","post","type-post","status-publish","format-standard","hentry","category-news","author-hoecker_adm"],"yoast_head":"<!-- This site is optimized with the Yoast SEO Premium plugin v25.9 (Yoast SEO v27.0) - https:\/\/yoast.com\/product\/yoast-seo-premium-wordpress\/ -->\n<title>Kardinal Woelki verteidigt sich erfolgreich - Landgericht K\u00f6ln verbietet BILD-Berichterstattung - H\u00d6CKER - der Blog<\/title>\n<meta name=\"robots\" content=\"index, follow, max-snippet:-1, max-image-preview:large, max-video-preview:-1\" \/>\n<link rel=\"canonical\" href=\"https:\/\/www.hoecker.eu\/blog\/kardinal-woelki-verteidigt-sich-erfolgreich-landgericht-koeln-verbietet-bild-berichterstattung\/\" \/>\n<meta property=\"og:locale\" content=\"de_DE\" \/>\n<meta property=\"og:type\" content=\"article\" \/>\n<meta property=\"og:title\" content=\"Kardinal Woelki verteidigt sich erfolgreich - Landgericht K\u00f6ln verbietet BILD-Berichterstattung\" \/>\n<meta property=\"og:description\" content=\"Das Blatt des Springer-Verlags hat erneut vor Gericht gegen Kardinal Woelki ein Verbot f\u00fcr einen falschen Bericht einstecken m\u00fcssen. Im BILD-Artikel vom 04.05.2021 hatte BILD-Autor Nikolaus Harbusch behauptet, Woelki h\u00e4tte Kenntnis von zwei belastenden Dokumenten \u00fcber einen Priester gehabt. Vor Gericht konnte Harbusch seine Behauptung nicht beweisen, deshalb hat das Gericht dies als Falschbehauptung verboten. [&hellip;]\" \/>\n<meta property=\"og:url\" content=\"https:\/\/www.hoecker.eu\/blog\/kardinal-woelki-verteidigt-sich-erfolgreich-landgericht-koeln-verbietet-bild-berichterstattung\/\" \/>\n<meta property=\"og:site_name\" content=\"H\u00d6CKER - der Blog\" \/>\n<meta property=\"article:publisher\" content=\"https:\/\/www.facebook.com\/HoeckerRAe\/\" \/>\n<meta property=\"article:author\" content=\"https:\/\/www.facebook.com\/ralf.hoecker\" \/>\n<meta property=\"article:published_time\" content=\"2023-04-26T05:28:00+00:00\" \/>\n<meta property=\"article:modified_time\" content=\"2025-02-17T13:53:51+00:00\" \/>\n<meta name=\"author\" content=\"Prof. Dr. Ralf H\u00f6cker\" \/>\n<meta name=\"twitter:card\" content=\"summary_large_image\" \/>\n<meta name=\"twitter:creator\" content=\"@Ralf_Hoecker\" \/>\n<meta name=\"twitter:site\" content=\"@hoecker_rae\" \/>\n<meta name=\"twitter:label1\" content=\"Verfasst von\" \/>\n\t<meta name=\"twitter:data1\" content=\"Prof. Dr. Ralf H\u00f6cker\" \/>\n\t<meta name=\"twitter:label2\" content=\"Gesch\u00e4tzte Lesezeit\" \/>\n\t<meta name=\"twitter:data2\" content=\"3\u00a0Minuten\" \/>\n<script type=\"application\/ld+json\" class=\"yoast-schema-graph\">{\"@context\":\"https:\/\/schema.org\",\"@graph\":[{\"@type\":\"Article\",\"@id\":\"https:\/\/www.hoecker.eu\/blog\/kardinal-woelki-verteidigt-sich-erfolgreich-landgericht-koeln-verbietet-bild-berichterstattung\/#article\",\"isPartOf\":{\"@id\":\"https:\/\/www.hoecker.eu\/blog\/kardinal-woelki-verteidigt-sich-erfolgreich-landgericht-koeln-verbietet-bild-berichterstattung\/\"},\"author\":{\"name\":\"Prof. Dr. Ralf H\u00f6cker\",\"@id\":\"https:\/\/www.hoecker.eu\/blog\/#\/schema\/person\/08f95581eed0534eccd0b2438f7a1cab\"},\"headline\":\"Kardinal Woelki verteidigt sich erfolgreich &#8211; Landgericht K\u00f6ln verbietet BILD-Berichterstattung\",\"datePublished\":\"2023-04-26T05:28:00+00:00\",\"dateModified\":\"2025-02-17T13:53:51+00:00\",\"mainEntityOfPage\":{\"@id\":\"https:\/\/www.hoecker.eu\/blog\/kardinal-woelki-verteidigt-sich-erfolgreich-landgericht-koeln-verbietet-bild-berichterstattung\/\"},\"wordCount\":543,\"publisher\":{\"@id\":\"https:\/\/www.hoecker.eu\/blog\/#organization\"},\"articleSection\":[\"News\"],\"inLanguage\":\"de\"},{\"@type\":\"WebPage\",\"@id\":\"https:\/\/www.hoecker.eu\/blog\/kardinal-woelki-verteidigt-sich-erfolgreich-landgericht-koeln-verbietet-bild-berichterstattung\/\",\"url\":\"https:\/\/www.hoecker.eu\/blog\/kardinal-woelki-verteidigt-sich-erfolgreich-landgericht-koeln-verbietet-bild-berichterstattung\/\",\"name\":\"Kardinal Woelki verteidigt sich erfolgreich - Landgericht K\u00f6ln verbietet BILD-Berichterstattung - H\u00d6CKER - der Blog\",\"isPartOf\":{\"@id\":\"https:\/\/www.hoecker.eu\/blog\/#website\"},\"datePublished\":\"2023-04-26T05:28:00+00:00\",\"dateModified\":\"2025-02-17T13:53:51+00:00\",\"breadcrumb\":{\"@id\":\"https:\/\/www.hoecker.eu\/blog\/kardinal-woelki-verteidigt-sich-erfolgreich-landgericht-koeln-verbietet-bild-berichterstattung\/#breadcrumb\"},\"inLanguage\":\"de\",\"potentialAction\":[{\"@type\":\"ReadAction\",\"target\":[\"https:\/\/www.hoecker.eu\/blog\/kardinal-woelki-verteidigt-sich-erfolgreich-landgericht-koeln-verbietet-bild-berichterstattung\/\"]}]},{\"@type\":\"BreadcrumbList\",\"@id\":\"https:\/\/www.hoecker.eu\/blog\/kardinal-woelki-verteidigt-sich-erfolgreich-landgericht-koeln-verbietet-bild-berichterstattung\/#breadcrumb\",\"itemListElement\":[{\"@type\":\"ListItem\",\"position\":1,\"name\":\"Startseite\",\"item\":\"https:\/\/dev.hoecker.eu\/blog\/\"},{\"@type\":\"ListItem\",\"position\":2,\"name\":\"Kardinal Woelki verteidigt sich erfolgreich &#8211; Landgericht K\u00f6ln verbietet BILD-Berichterstattung\"}]},{\"@type\":\"WebSite\",\"@id\":\"https:\/\/www.hoecker.eu\/blog\/#website\",\"url\":\"https:\/\/www.hoecker.eu\/blog\/\",\"name\":\"H\u00d6CKER - der Blog\",\"description\":\"Expertenblog f\u00fcr \u00c4u\u00dferungs-, Medien-, Marken-, Urheber- und Wettbewerbsrecht.\",\"publisher\":{\"@id\":\"https:\/\/www.hoecker.eu\/blog\/#organization\"},\"potentialAction\":[{\"@type\":\"SearchAction\",\"target\":{\"@type\":\"EntryPoint\",\"urlTemplate\":\"https:\/\/www.hoecker.eu\/blog\/?s={search_term_string}\"},\"query-input\":{\"@type\":\"PropertyValueSpecification\",\"valueRequired\":true,\"valueName\":\"search_term_string\"}}],\"inLanguage\":\"de\"},{\"@type\":\"Organization\",\"@id\":\"https:\/\/www.hoecker.eu\/blog\/#organization\",\"name\":\"H\u00d6CKER Rechtsanw\u00e4lte PartGmbB\",\"alternateName\":\"H\u00d6CKER\",\"url\":\"https:\/\/www.hoecker.eu\/blog\/\",\"logo\":{\"@type\":\"ImageObject\",\"inLanguage\":\"de\",\"@id\":\"https:\/\/www.hoecker.eu\/blog\/#\/schema\/logo\/image\/\",\"url\":\"https:\/\/www.hoecker.eu\/blog\/wp-content\/uploads\/2025\/03\/Blog-Logo.webp\",\"contentUrl\":\"https:\/\/www.hoecker.eu\/blog\/wp-content\/uploads\/2025\/03\/Blog-Logo.webp\",\"width\":500,\"height\":500,\"caption\":\"H\u00d6CKER Rechtsanw\u00e4lte PartGmbB\"},\"image\":{\"@id\":\"https:\/\/www.hoecker.eu\/blog\/#\/schema\/logo\/image\/\"},\"sameAs\":[\"https:\/\/www.facebook.com\/HoeckerRAe\/\",\"https:\/\/x.com\/hoecker_rae\",\"https:\/\/www.linkedin.com\/company\/hcker-rechtsanwlte\/\",\"https:\/\/www.instagram.com\/hoecker_rae\/\"],\"email\":\"contact@hoecker.eu\",\"telephone\":\"+ 49 (0)221-933 19-10\",\"legalName\":\"H\u00d6CKER Rechtsanw\u00e4lte PartGmbB\",\"numberOfEmployees\":{\"@type\":\"QuantitativeValue\",\"minValue\":\"11\",\"maxValue\":\"50\"}},{\"@type\":\"Person\",\"@id\":\"https:\/\/www.hoecker.eu\/blog\/#\/schema\/person\/08f95581eed0534eccd0b2438f7a1cab\",\"name\":\"Prof. Dr. Ralf H\u00f6cker\",\"description\":\"Medienanwalt. Besch\u00fctzer vor mieser Presse\",\"sameAs\":[\"https:\/\/www.hoecker.eu\/wer\/prof-dr-ralf-hoecker\",\"https:\/\/www.facebook.com\/ralf.hoecker\",\"https:\/\/www.linkedin.com\/in\/prof-dr-ralf-hcker-ll-m-london-17987826\/\",\"https:\/\/x.com\/Ralf_Hoecker\"],\"url\":\"https:\/\/www.hoecker.eu\/blog\/author\/hoecker_adm\/\"}]}<\/script>\n<!-- \/ Yoast SEO Premium plugin. -->","yoast_head_json":{"title":"Kardinal Woelki verteidigt sich erfolgreich - Landgericht K\u00f6ln verbietet BILD-Berichterstattung - H\u00d6CKER - der Blog","robots":{"index":"index","follow":"follow","max-snippet":"max-snippet:-1","max-image-preview":"max-image-preview:large","max-video-preview":"max-video-preview:-1"},"canonical":"https:\/\/www.hoecker.eu\/blog\/kardinal-woelki-verteidigt-sich-erfolgreich-landgericht-koeln-verbietet-bild-berichterstattung\/","og_locale":"de_DE","og_type":"article","og_title":"Kardinal Woelki verteidigt sich erfolgreich - Landgericht K\u00f6ln verbietet BILD-Berichterstattung","og_description":"Das Blatt des Springer-Verlags hat erneut vor Gericht gegen Kardinal Woelki ein Verbot f\u00fcr einen falschen Bericht einstecken m\u00fcssen. Im BILD-Artikel vom 04.05.2021 hatte BILD-Autor Nikolaus Harbusch behauptet, Woelki h\u00e4tte Kenntnis von zwei belastenden Dokumenten \u00fcber einen Priester gehabt. Vor Gericht konnte Harbusch seine Behauptung nicht beweisen, deshalb hat das Gericht dies als Falschbehauptung verboten. [&hellip;]","og_url":"https:\/\/www.hoecker.eu\/blog\/kardinal-woelki-verteidigt-sich-erfolgreich-landgericht-koeln-verbietet-bild-berichterstattung\/","og_site_name":"H\u00d6CKER - der Blog","article_publisher":"https:\/\/www.facebook.com\/HoeckerRAe\/","article_author":"https:\/\/www.facebook.com\/ralf.hoecker","article_published_time":"2023-04-26T05:28:00+00:00","article_modified_time":"2025-02-17T13:53:51+00:00","author":"Prof. Dr. Ralf H\u00f6cker","twitter_card":"summary_large_image","twitter_creator":"@Ralf_Hoecker","twitter_site":"@hoecker_rae","twitter_misc":{"Verfasst von":"Prof. Dr. Ralf H\u00f6cker","Gesch\u00e4tzte Lesezeit":"3\u00a0Minuten"},"schema":{"@context":"https:\/\/schema.org","@graph":[{"@type":"Article","@id":"https:\/\/www.hoecker.eu\/blog\/kardinal-woelki-verteidigt-sich-erfolgreich-landgericht-koeln-verbietet-bild-berichterstattung\/#article","isPartOf":{"@id":"https:\/\/www.hoecker.eu\/blog\/kardinal-woelki-verteidigt-sich-erfolgreich-landgericht-koeln-verbietet-bild-berichterstattung\/"},"author":{"name":"Prof. Dr. Ralf H\u00f6cker","@id":"https:\/\/www.hoecker.eu\/blog\/#\/schema\/person\/08f95581eed0534eccd0b2438f7a1cab"},"headline":"Kardinal Woelki verteidigt sich erfolgreich &#8211; Landgericht K\u00f6ln verbietet BILD-Berichterstattung","datePublished":"2023-04-26T05:28:00+00:00","dateModified":"2025-02-17T13:53:51+00:00","mainEntityOfPage":{"@id":"https:\/\/www.hoecker.eu\/blog\/kardinal-woelki-verteidigt-sich-erfolgreich-landgericht-koeln-verbietet-bild-berichterstattung\/"},"wordCount":543,"publisher":{"@id":"https:\/\/www.hoecker.eu\/blog\/#organization"},"articleSection":["News"],"inLanguage":"de"},{"@type":"WebPage","@id":"https:\/\/www.hoecker.eu\/blog\/kardinal-woelki-verteidigt-sich-erfolgreich-landgericht-koeln-verbietet-bild-berichterstattung\/","url":"https:\/\/www.hoecker.eu\/blog\/kardinal-woelki-verteidigt-sich-erfolgreich-landgericht-koeln-verbietet-bild-berichterstattung\/","name":"Kardinal Woelki verteidigt sich erfolgreich - Landgericht K\u00f6ln verbietet BILD-Berichterstattung - H\u00d6CKER - der Blog","isPartOf":{"@id":"https:\/\/www.hoecker.eu\/blog\/#website"},"datePublished":"2023-04-26T05:28:00+00:00","dateModified":"2025-02-17T13:53:51+00:00","breadcrumb":{"@id":"https:\/\/www.hoecker.eu\/blog\/kardinal-woelki-verteidigt-sich-erfolgreich-landgericht-koeln-verbietet-bild-berichterstattung\/#breadcrumb"},"inLanguage":"de","potentialAction":[{"@type":"ReadAction","target":["https:\/\/www.hoecker.eu\/blog\/kardinal-woelki-verteidigt-sich-erfolgreich-landgericht-koeln-verbietet-bild-berichterstattung\/"]}]},{"@type":"BreadcrumbList","@id":"https:\/\/www.hoecker.eu\/blog\/kardinal-woelki-verteidigt-sich-erfolgreich-landgericht-koeln-verbietet-bild-berichterstattung\/#breadcrumb","itemListElement":[{"@type":"ListItem","position":1,"name":"Startseite","item":"https:\/\/dev.hoecker.eu\/blog\/"},{"@type":"ListItem","position":2,"name":"Kardinal Woelki verteidigt sich erfolgreich &#8211; Landgericht K\u00f6ln verbietet BILD-Berichterstattung"}]},{"@type":"WebSite","@id":"https:\/\/www.hoecker.eu\/blog\/#website","url":"https:\/\/www.hoecker.eu\/blog\/","name":"H\u00d6CKER - der Blog","description":"Expertenblog f\u00fcr \u00c4u\u00dferungs-, Medien-, Marken-, Urheber- und Wettbewerbsrecht.","publisher":{"@id":"https:\/\/www.hoecker.eu\/blog\/#organization"},"potentialAction":[{"@type":"SearchAction","target":{"@type":"EntryPoint","urlTemplate":"https:\/\/www.hoecker.eu\/blog\/?s={search_term_string}"},"query-input":{"@type":"PropertyValueSpecification","valueRequired":true,"valueName":"search_term_string"}}],"inLanguage":"de"},{"@type":"Organization","@id":"https:\/\/www.hoecker.eu\/blog\/#organization","name":"H\u00d6CKER Rechtsanw\u00e4lte PartGmbB","alternateName":"H\u00d6CKER","url":"https:\/\/www.hoecker.eu\/blog\/","logo":{"@type":"ImageObject","inLanguage":"de","@id":"https:\/\/www.hoecker.eu\/blog\/#\/schema\/logo\/image\/","url":"https:\/\/www.hoecker.eu\/blog\/wp-content\/uploads\/2025\/03\/Blog-Logo.webp","contentUrl":"https:\/\/www.hoecker.eu\/blog\/wp-content\/uploads\/2025\/03\/Blog-Logo.webp","width":500,"height":500,"caption":"H\u00d6CKER Rechtsanw\u00e4lte PartGmbB"},"image":{"@id":"https:\/\/www.hoecker.eu\/blog\/#\/schema\/logo\/image\/"},"sameAs":["https:\/\/www.facebook.com\/HoeckerRAe\/","https:\/\/x.com\/hoecker_rae","https:\/\/www.linkedin.com\/company\/hcker-rechtsanwlte\/","https:\/\/www.instagram.com\/hoecker_rae\/"],"email":"contact@hoecker.eu","telephone":"+ 49 (0)221-933 19-10","legalName":"H\u00d6CKER Rechtsanw\u00e4lte PartGmbB","numberOfEmployees":{"@type":"QuantitativeValue","minValue":"11","maxValue":"50"}},{"@type":"Person","@id":"https:\/\/www.hoecker.eu\/blog\/#\/schema\/person\/08f95581eed0534eccd0b2438f7a1cab","name":"Prof. Dr. Ralf H\u00f6cker","description":"Medienanwalt. Besch\u00fctzer vor mieser Presse","sameAs":["https:\/\/www.hoecker.eu\/wer\/prof-dr-ralf-hoecker","https:\/\/www.facebook.com\/ralf.hoecker","https:\/\/www.linkedin.com\/in\/prof-dr-ralf-hcker-ll-m-london-17987826\/","https:\/\/x.com\/Ralf_Hoecker"],"url":"https:\/\/www.hoecker.eu\/blog\/author\/hoecker_adm\/"}]}},"authors":[{"term_id":84,"user_id":1,"is_guest":0,"slug":"hoecker_adm","display_name":"Prof. Dr. Ralf H\u00f6cker","avatar_url":{"url":"https:\/\/www.hoecker.eu\/blog\/wp-content\/uploads\/2023\/12\/ProfDrRalfHoecker.jpg","url2x":"https:\/\/www.hoecker.eu\/blog\/wp-content\/uploads\/2023\/12\/ProfDrRalfHoecker.jpg"},"0":null,"1":"","2":"","3":"","4":"","5":"","6":"","7":"","8":"","9":"","10":"","11":""}],"_links":{"self":[{"href":"https:\/\/www.hoecker.eu\/blog\/wp-json\/wp\/v2\/posts\/8180","targetHints":{"allow":["GET"]}}],"collection":[{"href":"https:\/\/www.hoecker.eu\/blog\/wp-json\/wp\/v2\/posts"}],"about":[{"href":"https:\/\/www.hoecker.eu\/blog\/wp-json\/wp\/v2\/types\/post"}],"author":[{"embeddable":true,"href":"https:\/\/www.hoecker.eu\/blog\/wp-json\/wp\/v2\/users\/1"}],"replies":[{"embeddable":true,"href":"https:\/\/www.hoecker.eu\/blog\/wp-json\/wp\/v2\/comments?post=8180"}],"version-history":[{"count":1,"href":"https:\/\/www.hoecker.eu\/blog\/wp-json\/wp\/v2\/posts\/8180\/revisions"}],"predecessor-version":[{"id":9302,"href":"https:\/\/www.hoecker.eu\/blog\/wp-json\/wp\/v2\/posts\/8180\/revisions\/9302"}],"wp:attachment":[{"href":"https:\/\/www.hoecker.eu\/blog\/wp-json\/wp\/v2\/media?parent=8180"}],"wp:term":[{"taxonomy":"category","embeddable":true,"href":"https:\/\/www.hoecker.eu\/blog\/wp-json\/wp\/v2\/categories?post=8180"},{"taxonomy":"post_tag","embeddable":true,"href":"https:\/\/www.hoecker.eu\/blog\/wp-json\/wp\/v2\/tags?post=8180"},{"taxonomy":"hashtags","embeddable":true,"href":"https:\/\/www.hoecker.eu\/blog\/wp-json\/wp\/v2\/hashtags?post=8180"},{"taxonomy":"author","embeddable":true,"href":"https:\/\/www.hoecker.eu\/blog\/wp-json\/wp\/v2\/ppma_author?post=8180"}],"curies":[{"name":"wp","href":"https:\/\/api.w.org\/{rel}","templated":true}]}}