{"id":8176,"date":"2023-07-12T10:28:00","date_gmt":"2023-07-12T08:28:00","guid":{"rendered":"https:\/\/www.hoecker.eu\/blog\/hendrik-streeck-wirbt-nicht-fuer-inkontinenzprodukte-facebook-muss-fake-werbeanzeigen-loeschen\/"},"modified":"2025-02-17T14:53:48","modified_gmt":"2025-02-17T13:53:48","slug":"hendrik-streeck-wirbt-nicht-fuer-inkontinenzprodukte-facebook-muss-fake-werbeanzeigen-loeschen","status":"publish","type":"post","link":"https:\/\/www.hoecker.eu\/blog\/hendrik-streeck-wirbt-nicht-fuer-inkontinenzprodukte-facebook-muss-fake-werbeanzeigen-loeschen\/","title":{"rendered":"Hendrik Streeck wirbt nicht f\u00fcr Inkontinenzprodukte \u2013 Facebook muss Fake-Werbeanzeigen l\u00f6schen"},"content":{"rendered":"<p>Prominente werden oft ungefragt f\u00fcr Werbezwecke missbraucht. Zuletzt traf es unseren Mandanten, den bekannten Bonner Virologen Prof. Dr. Hendrik Streeck. Auf Facebook warben Unbekannte mit ihm f\u00fcr verschiedene dubiose und pseudomedizinische Mittel und Behandlungsmethoden, die angeblich Krankheiten wie Diabetes und Prostatitis innerhalb k\u00fcrzester Zeit heilen sollten. Die gef\u00e4lschten Werbeanzeigen wurden trotz vermeintlich strenger Werbestandards und aufwendiger interner Pr\u00fcfverfahren von Facebook immer wieder durchgewunken. Niemals w\u00fcrde unser Mandant f\u00fcr derlei unseri\u00f6se Mittel und Methoden werben. Es ist ihm als Arzt sogar ausdr\u00fccklich verboten. <\/p>\n<p>Das Problem: Zwar hat Meta (der Betreiber von Facebook) die Werbeanzeigen auf unseren Hinweis jeweils umgehend gel\u00f6scht. Kurz darauf waren sie in \u00e4hnlicher Form jedoch wieder online. Meta unternahm also nichts oder viel zu wenig, um zu verhindern, dass derlei Anzeigen erneut erscheinen. Vor Gericht r\u00fcgten wir f\u00fcr Prof. Streeck, dass Meta keine ausreichenden Vorsorgema\u00dfnahmen ergreift. Auf unseren Antrag erlie\u00df das Landgericht Bonn nun eine einstweilige Verf\u00fcgung gegen Meta (Beschl. v. 05.07.2023, 9 O 130\/23 \u2013 n. rk.\/in Zustellung). Meta wurde es untersagt, Werbeanzeigen f\u00fcr Arzneimittel, Medizinprodukte und andere Mittel oder Verfahren zur Behandlung von Krankheiten oder Leiden zu ver\u00f6ffentlichen die das Bildnis unseres Mandanten enthalten. Vom Verbot erfasst sind nicht nur s\u00e4mtliche angegriffenen Werbeanzeigen, sondern auch alle (ggf. zuk\u00fcnftigen) \u201ekerngleichen\u201c Werbeanzeigen, d.h. alle Fake-Anzeigen, die den Eindruck erwecken, unser Mandant mache unter Hergabe seines Bildnisses Werbung f\u00fcr Arzneimittel oder Behandlungsmethoden.<\/p>\n<p>Dr. Christian Conrad: \u201e<em>Meta kann derlei Fake-Anzeigen mittels k\u00fcnstlicher Intelligenz und zur Not durch menschliche Mitarbeiter erkennen und herausfiltern. Und genau das werden sie jetzt tun m\u00fcssen.\u201c<\/em><\/p>\n","protected":false},"excerpt":{"rendered":"<p>Prominente werden oft ungefragt f\u00fcr Werbezwecke missbraucht. Zuletzt traf es unseren Mandanten, den bekannten Bonner Virologen Prof. Dr. Hendrik Streeck. Auf Facebook warben Unbekannte mit ihm f\u00fcr verschiedene dubiose und pseudomedizinische Mittel und Behandlungsmethoden, die angeblich Krankheiten wie Diabetes und Prostatitis innerhalb k\u00fcrzester Zeit heilen sollten. Die gef\u00e4lschten Werbeanzeigen wurden trotz vermeintlich strenger Werbestandards und [&hellip;]<\/p>\n","protected":false},"author":1,"featured_media":0,"comment_status":"closed","ping_status":"closed","sticky":false,"template":"","format":"standard","meta":{"_has_post_settings":[],"footnotes":""},"categories":[15],"tags":[],"hashtags":[],"ppma_author":[84],"class_list":["post-8176","post","type-post","status-publish","format-standard","hentry","category-news","author-hoecker_adm"],"yoast_head":"<!-- This site is optimized with the Yoast SEO Premium plugin v25.9 (Yoast SEO v27.0) - https:\/\/yoast.com\/product\/yoast-seo-premium-wordpress\/ -->\n<title>Hendrik Streeck wirbt nicht f\u00fcr Inkontinenzprodukte \u2013 Facebook muss Fake-Werbeanzeigen l\u00f6schen - H\u00d6CKER - der Blog<\/title>\n<meta name=\"robots\" content=\"index, follow, max-snippet:-1, max-image-preview:large, max-video-preview:-1\" \/>\n<link rel=\"canonical\" href=\"https:\/\/www.hoecker.eu\/blog\/hendrik-streeck-wirbt-nicht-fuer-inkontinenzprodukte-facebook-muss-fake-werbeanzeigen-loeschen\/\" \/>\n<meta property=\"og:locale\" content=\"de_DE\" \/>\n<meta property=\"og:type\" content=\"article\" \/>\n<meta property=\"og:title\" content=\"Hendrik Streeck wirbt nicht f\u00fcr Inkontinenzprodukte \u2013 Facebook muss Fake-Werbeanzeigen l\u00f6schen\" \/>\n<meta property=\"og:description\" content=\"Prominente werden oft ungefragt f\u00fcr Werbezwecke missbraucht. Zuletzt traf es unseren Mandanten, den bekannten Bonner Virologen Prof. Dr. Hendrik Streeck. Auf Facebook warben Unbekannte mit ihm f\u00fcr verschiedene dubiose und pseudomedizinische Mittel und Behandlungsmethoden, die angeblich Krankheiten wie Diabetes und Prostatitis innerhalb k\u00fcrzester Zeit heilen sollten. Die gef\u00e4lschten Werbeanzeigen wurden trotz vermeintlich strenger Werbestandards und [&hellip;]\" \/>\n<meta property=\"og:url\" content=\"https:\/\/www.hoecker.eu\/blog\/hendrik-streeck-wirbt-nicht-fuer-inkontinenzprodukte-facebook-muss-fake-werbeanzeigen-loeschen\/\" \/>\n<meta property=\"og:site_name\" content=\"H\u00d6CKER - der Blog\" \/>\n<meta property=\"article:publisher\" content=\"https:\/\/www.facebook.com\/HoeckerRAe\/\" \/>\n<meta property=\"article:author\" content=\"https:\/\/www.facebook.com\/ralf.hoecker\" \/>\n<meta property=\"article:published_time\" content=\"2023-07-12T08:28:00+00:00\" \/>\n<meta property=\"article:modified_time\" content=\"2025-02-17T13:53:48+00:00\" \/>\n<meta name=\"author\" content=\"Prof. Dr. Ralf H\u00f6cker\" \/>\n<meta name=\"twitter:card\" content=\"summary_large_image\" \/>\n<meta name=\"twitter:creator\" content=\"@Ralf_Hoecker\" \/>\n<meta name=\"twitter:site\" content=\"@hoecker_rae\" \/>\n<meta name=\"twitter:label1\" content=\"Verfasst von\" \/>\n\t<meta name=\"twitter:data1\" content=\"Prof. Dr. Ralf H\u00f6cker\" \/>\n\t<meta name=\"twitter:label2\" content=\"Gesch\u00e4tzte Lesezeit\" \/>\n\t<meta name=\"twitter:data2\" content=\"1\u00a0Minute\" \/>\n<script type=\"application\/ld+json\" class=\"yoast-schema-graph\">{\"@context\":\"https:\/\/schema.org\",\"@graph\":[{\"@type\":\"Article\",\"@id\":\"https:\/\/www.hoecker.eu\/blog\/hendrik-streeck-wirbt-nicht-fuer-inkontinenzprodukte-facebook-muss-fake-werbeanzeigen-loeschen\/#article\",\"isPartOf\":{\"@id\":\"https:\/\/www.hoecker.eu\/blog\/hendrik-streeck-wirbt-nicht-fuer-inkontinenzprodukte-facebook-muss-fake-werbeanzeigen-loeschen\/\"},\"author\":{\"name\":\"Prof. Dr. Ralf H\u00f6cker\",\"@id\":\"https:\/\/www.hoecker.eu\/blog\/#\/schema\/person\/08f95581eed0534eccd0b2438f7a1cab\"},\"headline\":\"Hendrik Streeck wirbt nicht f\u00fcr Inkontinenzprodukte \u2013 Facebook muss Fake-Werbeanzeigen l\u00f6schen\",\"datePublished\":\"2023-07-12T08:28:00+00:00\",\"dateModified\":\"2025-02-17T13:53:48+00:00\",\"mainEntityOfPage\":{\"@id\":\"https:\/\/www.hoecker.eu\/blog\/hendrik-streeck-wirbt-nicht-fuer-inkontinenzprodukte-facebook-muss-fake-werbeanzeigen-loeschen\/\"},\"wordCount\":281,\"publisher\":{\"@id\":\"https:\/\/www.hoecker.eu\/blog\/#organization\"},\"articleSection\":[\"News\"],\"inLanguage\":\"de\"},{\"@type\":\"WebPage\",\"@id\":\"https:\/\/www.hoecker.eu\/blog\/hendrik-streeck-wirbt-nicht-fuer-inkontinenzprodukte-facebook-muss-fake-werbeanzeigen-loeschen\/\",\"url\":\"https:\/\/www.hoecker.eu\/blog\/hendrik-streeck-wirbt-nicht-fuer-inkontinenzprodukte-facebook-muss-fake-werbeanzeigen-loeschen\/\",\"name\":\"Hendrik Streeck wirbt nicht f\u00fcr Inkontinenzprodukte \u2013 Facebook muss Fake-Werbeanzeigen l\u00f6schen - H\u00d6CKER - der Blog\",\"isPartOf\":{\"@id\":\"https:\/\/www.hoecker.eu\/blog\/#website\"},\"datePublished\":\"2023-07-12T08:28:00+00:00\",\"dateModified\":\"2025-02-17T13:53:48+00:00\",\"breadcrumb\":{\"@id\":\"https:\/\/www.hoecker.eu\/blog\/hendrik-streeck-wirbt-nicht-fuer-inkontinenzprodukte-facebook-muss-fake-werbeanzeigen-loeschen\/#breadcrumb\"},\"inLanguage\":\"de\",\"potentialAction\":[{\"@type\":\"ReadAction\",\"target\":[\"https:\/\/www.hoecker.eu\/blog\/hendrik-streeck-wirbt-nicht-fuer-inkontinenzprodukte-facebook-muss-fake-werbeanzeigen-loeschen\/\"]}]},{\"@type\":\"BreadcrumbList\",\"@id\":\"https:\/\/www.hoecker.eu\/blog\/hendrik-streeck-wirbt-nicht-fuer-inkontinenzprodukte-facebook-muss-fake-werbeanzeigen-loeschen\/#breadcrumb\",\"itemListElement\":[{\"@type\":\"ListItem\",\"position\":1,\"name\":\"Startseite\",\"item\":\"https:\/\/dev.hoecker.eu\/blog\/\"},{\"@type\":\"ListItem\",\"position\":2,\"name\":\"Hendrik Streeck wirbt nicht f\u00fcr Inkontinenzprodukte \u2013 Facebook muss Fake-Werbeanzeigen l\u00f6schen\"}]},{\"@type\":\"WebSite\",\"@id\":\"https:\/\/www.hoecker.eu\/blog\/#website\",\"url\":\"https:\/\/www.hoecker.eu\/blog\/\",\"name\":\"H\u00d6CKER - der Blog\",\"description\":\"Expertenblog f\u00fcr \u00c4u\u00dferungs-, Medien-, Marken-, Urheber- und Wettbewerbsrecht.\",\"publisher\":{\"@id\":\"https:\/\/www.hoecker.eu\/blog\/#organization\"},\"potentialAction\":[{\"@type\":\"SearchAction\",\"target\":{\"@type\":\"EntryPoint\",\"urlTemplate\":\"https:\/\/www.hoecker.eu\/blog\/?s={search_term_string}\"},\"query-input\":{\"@type\":\"PropertyValueSpecification\",\"valueRequired\":true,\"valueName\":\"search_term_string\"}}],\"inLanguage\":\"de\"},{\"@type\":\"Organization\",\"@id\":\"https:\/\/www.hoecker.eu\/blog\/#organization\",\"name\":\"H\u00d6CKER Rechtsanw\u00e4lte PartGmbB\",\"alternateName\":\"H\u00d6CKER\",\"url\":\"https:\/\/www.hoecker.eu\/blog\/\",\"logo\":{\"@type\":\"ImageObject\",\"inLanguage\":\"de\",\"@id\":\"https:\/\/www.hoecker.eu\/blog\/#\/schema\/logo\/image\/\",\"url\":\"https:\/\/www.hoecker.eu\/blog\/wp-content\/uploads\/2025\/03\/Blog-Logo.webp\",\"contentUrl\":\"https:\/\/www.hoecker.eu\/blog\/wp-content\/uploads\/2025\/03\/Blog-Logo.webp\",\"width\":500,\"height\":500,\"caption\":\"H\u00d6CKER Rechtsanw\u00e4lte PartGmbB\"},\"image\":{\"@id\":\"https:\/\/www.hoecker.eu\/blog\/#\/schema\/logo\/image\/\"},\"sameAs\":[\"https:\/\/www.facebook.com\/HoeckerRAe\/\",\"https:\/\/x.com\/hoecker_rae\",\"https:\/\/www.linkedin.com\/company\/hcker-rechtsanwlte\/\",\"https:\/\/www.instagram.com\/hoecker_rae\/\"],\"email\":\"contact@hoecker.eu\",\"telephone\":\"+ 49 (0)221-933 19-10\",\"legalName\":\"H\u00d6CKER Rechtsanw\u00e4lte PartGmbB\",\"numberOfEmployees\":{\"@type\":\"QuantitativeValue\",\"minValue\":\"11\",\"maxValue\":\"50\"}},{\"@type\":\"Person\",\"@id\":\"https:\/\/www.hoecker.eu\/blog\/#\/schema\/person\/08f95581eed0534eccd0b2438f7a1cab\",\"name\":\"Prof. Dr. Ralf H\u00f6cker\",\"description\":\"Medienanwalt. Besch\u00fctzer vor mieser Presse\",\"sameAs\":[\"https:\/\/www.hoecker.eu\/wer\/prof-dr-ralf-hoecker\",\"https:\/\/www.facebook.com\/ralf.hoecker\",\"https:\/\/www.linkedin.com\/in\/prof-dr-ralf-hcker-ll-m-london-17987826\/\",\"https:\/\/x.com\/Ralf_Hoecker\"],\"url\":\"https:\/\/www.hoecker.eu\/blog\/author\/hoecker_adm\/\"}]}<\/script>\n<!-- \/ Yoast SEO Premium plugin. -->","yoast_head_json":{"title":"Hendrik Streeck wirbt nicht f\u00fcr Inkontinenzprodukte \u2013 Facebook muss Fake-Werbeanzeigen l\u00f6schen - H\u00d6CKER - der Blog","robots":{"index":"index","follow":"follow","max-snippet":"max-snippet:-1","max-image-preview":"max-image-preview:large","max-video-preview":"max-video-preview:-1"},"canonical":"https:\/\/www.hoecker.eu\/blog\/hendrik-streeck-wirbt-nicht-fuer-inkontinenzprodukte-facebook-muss-fake-werbeanzeigen-loeschen\/","og_locale":"de_DE","og_type":"article","og_title":"Hendrik Streeck wirbt nicht f\u00fcr Inkontinenzprodukte \u2013 Facebook muss Fake-Werbeanzeigen l\u00f6schen","og_description":"Prominente werden oft ungefragt f\u00fcr Werbezwecke missbraucht. Zuletzt traf es unseren Mandanten, den bekannten Bonner Virologen Prof. Dr. Hendrik Streeck. Auf Facebook warben Unbekannte mit ihm f\u00fcr verschiedene dubiose und pseudomedizinische Mittel und Behandlungsmethoden, die angeblich Krankheiten wie Diabetes und Prostatitis innerhalb k\u00fcrzester Zeit heilen sollten. Die gef\u00e4lschten Werbeanzeigen wurden trotz vermeintlich strenger Werbestandards und [&hellip;]","og_url":"https:\/\/www.hoecker.eu\/blog\/hendrik-streeck-wirbt-nicht-fuer-inkontinenzprodukte-facebook-muss-fake-werbeanzeigen-loeschen\/","og_site_name":"H\u00d6CKER - der Blog","article_publisher":"https:\/\/www.facebook.com\/HoeckerRAe\/","article_author":"https:\/\/www.facebook.com\/ralf.hoecker","article_published_time":"2023-07-12T08:28:00+00:00","article_modified_time":"2025-02-17T13:53:48+00:00","author":"Prof. Dr. Ralf H\u00f6cker","twitter_card":"summary_large_image","twitter_creator":"@Ralf_Hoecker","twitter_site":"@hoecker_rae","twitter_misc":{"Verfasst von":"Prof. Dr. Ralf H\u00f6cker","Gesch\u00e4tzte Lesezeit":"1\u00a0Minute"},"schema":{"@context":"https:\/\/schema.org","@graph":[{"@type":"Article","@id":"https:\/\/www.hoecker.eu\/blog\/hendrik-streeck-wirbt-nicht-fuer-inkontinenzprodukte-facebook-muss-fake-werbeanzeigen-loeschen\/#article","isPartOf":{"@id":"https:\/\/www.hoecker.eu\/blog\/hendrik-streeck-wirbt-nicht-fuer-inkontinenzprodukte-facebook-muss-fake-werbeanzeigen-loeschen\/"},"author":{"name":"Prof. Dr. Ralf H\u00f6cker","@id":"https:\/\/www.hoecker.eu\/blog\/#\/schema\/person\/08f95581eed0534eccd0b2438f7a1cab"},"headline":"Hendrik Streeck wirbt nicht f\u00fcr Inkontinenzprodukte \u2013 Facebook muss Fake-Werbeanzeigen l\u00f6schen","datePublished":"2023-07-12T08:28:00+00:00","dateModified":"2025-02-17T13:53:48+00:00","mainEntityOfPage":{"@id":"https:\/\/www.hoecker.eu\/blog\/hendrik-streeck-wirbt-nicht-fuer-inkontinenzprodukte-facebook-muss-fake-werbeanzeigen-loeschen\/"},"wordCount":281,"publisher":{"@id":"https:\/\/www.hoecker.eu\/blog\/#organization"},"articleSection":["News"],"inLanguage":"de"},{"@type":"WebPage","@id":"https:\/\/www.hoecker.eu\/blog\/hendrik-streeck-wirbt-nicht-fuer-inkontinenzprodukte-facebook-muss-fake-werbeanzeigen-loeschen\/","url":"https:\/\/www.hoecker.eu\/blog\/hendrik-streeck-wirbt-nicht-fuer-inkontinenzprodukte-facebook-muss-fake-werbeanzeigen-loeschen\/","name":"Hendrik Streeck wirbt nicht f\u00fcr Inkontinenzprodukte \u2013 Facebook muss Fake-Werbeanzeigen l\u00f6schen - H\u00d6CKER - der Blog","isPartOf":{"@id":"https:\/\/www.hoecker.eu\/blog\/#website"},"datePublished":"2023-07-12T08:28:00+00:00","dateModified":"2025-02-17T13:53:48+00:00","breadcrumb":{"@id":"https:\/\/www.hoecker.eu\/blog\/hendrik-streeck-wirbt-nicht-fuer-inkontinenzprodukte-facebook-muss-fake-werbeanzeigen-loeschen\/#breadcrumb"},"inLanguage":"de","potentialAction":[{"@type":"ReadAction","target":["https:\/\/www.hoecker.eu\/blog\/hendrik-streeck-wirbt-nicht-fuer-inkontinenzprodukte-facebook-muss-fake-werbeanzeigen-loeschen\/"]}]},{"@type":"BreadcrumbList","@id":"https:\/\/www.hoecker.eu\/blog\/hendrik-streeck-wirbt-nicht-fuer-inkontinenzprodukte-facebook-muss-fake-werbeanzeigen-loeschen\/#breadcrumb","itemListElement":[{"@type":"ListItem","position":1,"name":"Startseite","item":"https:\/\/dev.hoecker.eu\/blog\/"},{"@type":"ListItem","position":2,"name":"Hendrik Streeck wirbt nicht f\u00fcr Inkontinenzprodukte \u2013 Facebook muss Fake-Werbeanzeigen l\u00f6schen"}]},{"@type":"WebSite","@id":"https:\/\/www.hoecker.eu\/blog\/#website","url":"https:\/\/www.hoecker.eu\/blog\/","name":"H\u00d6CKER - der Blog","description":"Expertenblog f\u00fcr \u00c4u\u00dferungs-, Medien-, Marken-, Urheber- und Wettbewerbsrecht.","publisher":{"@id":"https:\/\/www.hoecker.eu\/blog\/#organization"},"potentialAction":[{"@type":"SearchAction","target":{"@type":"EntryPoint","urlTemplate":"https:\/\/www.hoecker.eu\/blog\/?s={search_term_string}"},"query-input":{"@type":"PropertyValueSpecification","valueRequired":true,"valueName":"search_term_string"}}],"inLanguage":"de"},{"@type":"Organization","@id":"https:\/\/www.hoecker.eu\/blog\/#organization","name":"H\u00d6CKER Rechtsanw\u00e4lte PartGmbB","alternateName":"H\u00d6CKER","url":"https:\/\/www.hoecker.eu\/blog\/","logo":{"@type":"ImageObject","inLanguage":"de","@id":"https:\/\/www.hoecker.eu\/blog\/#\/schema\/logo\/image\/","url":"https:\/\/www.hoecker.eu\/blog\/wp-content\/uploads\/2025\/03\/Blog-Logo.webp","contentUrl":"https:\/\/www.hoecker.eu\/blog\/wp-content\/uploads\/2025\/03\/Blog-Logo.webp","width":500,"height":500,"caption":"H\u00d6CKER Rechtsanw\u00e4lte PartGmbB"},"image":{"@id":"https:\/\/www.hoecker.eu\/blog\/#\/schema\/logo\/image\/"},"sameAs":["https:\/\/www.facebook.com\/HoeckerRAe\/","https:\/\/x.com\/hoecker_rae","https:\/\/www.linkedin.com\/company\/hcker-rechtsanwlte\/","https:\/\/www.instagram.com\/hoecker_rae\/"],"email":"contact@hoecker.eu","telephone":"+ 49 (0)221-933 19-10","legalName":"H\u00d6CKER Rechtsanw\u00e4lte PartGmbB","numberOfEmployees":{"@type":"QuantitativeValue","minValue":"11","maxValue":"50"}},{"@type":"Person","@id":"https:\/\/www.hoecker.eu\/blog\/#\/schema\/person\/08f95581eed0534eccd0b2438f7a1cab","name":"Prof. Dr. Ralf H\u00f6cker","description":"Medienanwalt. Besch\u00fctzer vor mieser Presse","sameAs":["https:\/\/www.hoecker.eu\/wer\/prof-dr-ralf-hoecker","https:\/\/www.facebook.com\/ralf.hoecker","https:\/\/www.linkedin.com\/in\/prof-dr-ralf-hcker-ll-m-london-17987826\/","https:\/\/x.com\/Ralf_Hoecker"],"url":"https:\/\/www.hoecker.eu\/blog\/author\/hoecker_adm\/"}]}},"authors":[{"term_id":84,"user_id":1,"is_guest":0,"slug":"hoecker_adm","display_name":"Prof. Dr. Ralf H\u00f6cker","avatar_url":{"url":"https:\/\/www.hoecker.eu\/blog\/wp-content\/uploads\/2023\/12\/ProfDrRalfHoecker.jpg","url2x":"https:\/\/www.hoecker.eu\/blog\/wp-content\/uploads\/2023\/12\/ProfDrRalfHoecker.jpg"},"0":null,"1":"","2":"","3":"","4":"","5":"","6":"","7":"","8":"","9":"","10":"","11":""}],"_links":{"self":[{"href":"https:\/\/www.hoecker.eu\/blog\/wp-json\/wp\/v2\/posts\/8176","targetHints":{"allow":["GET"]}}],"collection":[{"href":"https:\/\/www.hoecker.eu\/blog\/wp-json\/wp\/v2\/posts"}],"about":[{"href":"https:\/\/www.hoecker.eu\/blog\/wp-json\/wp\/v2\/types\/post"}],"author":[{"embeddable":true,"href":"https:\/\/www.hoecker.eu\/blog\/wp-json\/wp\/v2\/users\/1"}],"replies":[{"embeddable":true,"href":"https:\/\/www.hoecker.eu\/blog\/wp-json\/wp\/v2\/comments?post=8176"}],"version-history":[{"count":1,"href":"https:\/\/www.hoecker.eu\/blog\/wp-json\/wp\/v2\/posts\/8176\/revisions"}],"predecessor-version":[{"id":9298,"href":"https:\/\/www.hoecker.eu\/blog\/wp-json\/wp\/v2\/posts\/8176\/revisions\/9298"}],"wp:attachment":[{"href":"https:\/\/www.hoecker.eu\/blog\/wp-json\/wp\/v2\/media?parent=8176"}],"wp:term":[{"taxonomy":"category","embeddable":true,"href":"https:\/\/www.hoecker.eu\/blog\/wp-json\/wp\/v2\/categories?post=8176"},{"taxonomy":"post_tag","embeddable":true,"href":"https:\/\/www.hoecker.eu\/blog\/wp-json\/wp\/v2\/tags?post=8176"},{"taxonomy":"hashtags","embeddable":true,"href":"https:\/\/www.hoecker.eu\/blog\/wp-json\/wp\/v2\/hashtags?post=8176"},{"taxonomy":"author","embeddable":true,"href":"https:\/\/www.hoecker.eu\/blog\/wp-json\/wp\/v2\/ppma_author?post=8176"}],"curies":[{"name":"wp","href":"https:\/\/api.w.org\/{rel}","templated":true}]}}