{"id":8175,"date":"2023-07-15T08:15:00","date_gmt":"2023-07-15T06:15:00","guid":{"rendered":"https:\/\/www.hoecker.eu\/blog\/untauglicher-versuch-cdu-bundesvorstand-scheitert-mit-parteiausschlussverfahren-gegen-hans-georg-maassen\/"},"modified":"2025-02-17T14:53:48","modified_gmt":"2025-02-17T13:53:48","slug":"untauglicher-versuch-cdu-bundesvorstand-scheitert-mit-parteiausschlussverfahren-gegen-hans-georg-maassen","status":"publish","type":"post","link":"https:\/\/www.hoecker.eu\/blog\/untauglicher-versuch-cdu-bundesvorstand-scheitert-mit-parteiausschlussverfahren-gegen-hans-georg-maassen\/","title":{"rendered":"Untauglicher Versuch: CDU-Bundesvorstand scheitert mit Parteiausschlussverfahren gegen Hans-Georg Maa\u00dfen"},"content":{"rendered":"<p>Am 11.07.2023 hat das Gemeinsame Kreisparteigericht der CDU Th\u00fcringen mitgeteilt, dass es den Antrag des Bundesvorstands der CDU vom 14.02.2023, den ehemaligen Pr\u00e4sidenten des Bundesamtes f\u00fcr Verfassungsschutz, Herrn Dr. Hans-Georg Maa\u00dfen, aus der CDU auszuschlie\u00dfen, abgelehnt hat (Az.: K1\/23, bislang nicht begr\u00fcndet\/nicht rechtskr\u00e4ftig).<\/p>\n<p>Zugleich wurde auch die am 13.02.2023 getroffene Anordnung des CDU-Bundesvorstands, Dr. Maa\u00dfen bis zur rechtskr\u00e4ftigen Entscheidung der Parteigerichte \u00fcber den Ausschlussantrag von der Aus\u00fcbung seiner Mitgliedschaftsrechte auszuschlie\u00dfen, aufgehoben. Lediglich wegen eines einzigen Vorwurfs verh\u00e4ngte das Gericht einen sog. \u201eVerweis\u201c.<\/p>\n<p>Nach \u00a7 11 Abs. 1 des CDU-Statuts kann ein Mitglied nur dann aus der Partei ausgeschlossen werden, wenn es vors\u00e4tzlich gegen die Satzung der Partei oder erheblich gegen deren Grunds\u00e4tze oder Ordnung verst\u00f6\u00dft und ihr damit schweren Schaden zuf\u00fcgt. Dies versuchte der CDU-Bundesvorstand zuletzt mit drei Themenkomplexen zu begr\u00fcnden:<\/p>\n<p>1. Dr. Maa\u00dfens Eigenschaft als Vorsitzender des \u201eWerteUnion e.V.\u201c, v.a. unter Verweis auf diesbez\u00fcgliche Beschl\u00fcsse des CDU-Pr\u00e4sidiums und des CDU-Bundesvorstands<\/p>\n<p>2. Eine \u00c4u\u00dferung in der \u201eWeltwoche\u201c vom 09.01.2023, in der Dr. Maa\u00dfen u.a. unter Verweis auf \u00c4u\u00dferungen des Vereinsvorsitzenden des \u201eMission Lifeline International e.V.\u201c Axel Steier ge\u00e4u\u00dfert hatte: \u201eDerartige Aussagen sind kein radikaler Unsinn eines bekifften Gr\u00fcnen, sondern sind ein zentrales Element der Ideologie der sogenannten Anti-Deutschen in den linken Parteien (Gr\u00fcne, SED\/Die Linke, SPD und linker Fl\u00fcgel der CDU) und korrespondieren auch mit Elementen der Woke-Ideologie.\u201c<\/p>\n<p>3. \u00d6ffentliche Aussagen Dr. Maa\u00dfens unter Verwendung einiger Begriffe wie \u201eRassenlehre\u201c oder \u201eMenschenzuchtprogramm\u201c.<\/p>\n<p>Der CDU-Bundesvorstand (und hier v.a. der damalige Generalsekret\u00e4r MdB Czaja) versuchte schon im Vorfeld, das Verfahren medial zu gestalten und zu beeinflussen. Czaja wurde etwa in einem Online-Bericht der Tagesschau vom 13.02.2023 wie folgt zitiert: \u201eMan k\u00f6nne sich kritisch mit den Vorschl\u00e4gen der Bundesregierung auseinandersetzen, m\u00fcsse aber in den Begriffen klar bleiben und nicht den Nationalsozialismus relativieren und den Opfern so nochmal viel Unheil antun, so Czaja.\u201c<\/p>\n<p>Ausweislich des nun bekannt gewordenen Tenors des Gerichtsbeschlusses verfingen aber weder die drei Begr\u00fcndungsversuche noch der Versuch der Beeinflussung durch Czaja. Anders als der (ehemalige) Generalsekret\u00e4r, Pr\u00e4sidium und Bundesvorstand der CDU konnte das Gericht offenbar weder in der Mitgliedschaft bzw. der Aus\u00fcbung des Amtes des Vorsitzes des \u201eWerteUnion e.V.\u201c (ein Unvereinbarkeitsbeschluss h\u00e4tte ohnehin nur vom Bundesparteitag erlassen werden k\u00f6nnen) noch in der Benutzung konkreter Begriffe (die hier zudem im Rahmen einer Kritik an als rassistisch erkannten Aussagen fielen) einen Versto\u00df gegen die Satzung der Partei oder gegen ihre Grunds\u00e4tze oder Ordnung erkennen \u2013 und verh\u00e4ngte daher diesbez\u00fcglich noch nicht einmal eine Ordnungsma\u00dfnahme (vgl. \u00a7 10 CDU-Statut).<\/p>\n<p>Lediglich die oben unter Ziffer 2 genannte \u00c4u\u00dferung f\u00fchrte zum Ausspruch eines Verweises. Auch wenn hier die Gr\u00fcnde noch nicht bekannt sind, kann schon festgehalten werden, dass das Gericht der Ansicht des CDU-Bundesvorstands, hiermit einen Parteiausschluss zu begr\u00fcnden, offenkundig nicht gefolgt ist.<\/p>\n<p>Dr. Maa\u00dfen sieht in dem Ausgang des Verfahrens seine Sicht der Dinge in gro\u00dfen Teilen best\u00e4tigt. Au\u00dfergerichtlich hatte er bereits einen Kompromiss angeboten, auf den der Bundesvorstand indes nicht eingegangen war. Ob er daher wegen des jetzt in Bezug auf eine einzige Aussage ausgesprochenen Verweises Rechtsmittel einlegen wird, will er insbesondere auch vom weiteren Verhalten des CDU-Bundesvorstands im Verfahren abh\u00e4ngig machen.<\/p>\n<p>Dr. Maa\u00dfen wurde im Verfahren von den beiden H\u00d6CKER-Partnern Dr. Marcel Leeser (CDU) und Dr. Christian Conrad (parteilos) vertreten. Dr. Conrad leitet bei H\u00d6CKER das Dezernat \u201e\u00d6ffentliches \u00c4u\u00dferungsrecht\u201c, in dem er u.a. nahezu alle rechtlichen Themen aus dem Bereich \u201e\u00c4u\u00dferungen in der Politik\u201c bearbeitet (v.a. auch Parteiausschlussverfahren, Parteienfinanzierung, \u00c4u\u00dferungen zu bzw. von Parteien, Fraktionen oder Abgeordneten etc.). Beide Partner nahmen zusammen mit Dr. Maa\u00dfen auch an der m\u00fcndlichen Verhandlung am 23.06.2023 in Erfurt teil, die sie als in hohem Ma\u00dfe professionell empfunden haben. Sie sehen sich mit dem jetzt vorliegenden Beschlusstenor nicht nur in der Sache vollauf best\u00e4tigt, sondern sind auch wegen der Vielzahl an ger\u00fcgten Verfahrensfehlern auf die schriftliche Begr\u00fcndung gespannt. Allein schon wegen der erkannten formalen M\u00e4ngel sehen sie einem etwaigen Rechtsmittel des CDU-Bundesvorstands gelassen entgegen.<\/p>\n<p>Dr. Marcel Leeser: <em>\u201eDas Parteiausschlussverfahren gilt gemeinhin als sch\u00e4rfstes Schwert des Parteienrechts \u2013 wer es zieht, sollte sich dabei nicht selbst verletzen. Nun bleibt Dr. Maa\u00dfen in der Partei, aber der federf\u00fchrende Generalsekret\u00e4r wurde ausgetauscht. Das erweist sich als klassischer \u201eSchuss in den Ofen\u201c!\u201c<\/em><\/p>\n<p>Dr. Christian Conrad: <em>\u201eIch habe bereits mehrere Parteiausschlussverfahren anwaltlich betreut. Dieses hier war aber nicht nur geradezu dilettantisch vorbereitet \u2013 es war vielmehr von Vornherein zum Scheitern verurteilt, da offenbar ein politischer Wille statt eines rechtlichen Ziels durchgesetzt werden sollte. Damit kommt man aber vor einem sachlichen und neutralen Parteigericht nicht weit.\u201c<\/em><\/p>\n","protected":false},"excerpt":{"rendered":"<p>Am 11.07.2023 hat das Gemeinsame Kreisparteigericht der CDU Th\u00fcringen mitgeteilt, dass es den Antrag des Bundesvorstands der CDU vom 14.02.2023, den ehemaligen Pr\u00e4sidenten des Bundesamtes f\u00fcr Verfassungsschutz, Herrn Dr. Hans-Georg Maa\u00dfen, aus der CDU auszuschlie\u00dfen, abgelehnt hat (Az.: K1\/23, bislang nicht begr\u00fcndet\/nicht rechtskr\u00e4ftig). Zugleich wurde auch die am 13.02.2023 getroffene Anordnung des CDU-Bundesvorstands, Dr. Maa\u00dfen [&hellip;]<\/p>\n","protected":false},"author":1,"featured_media":0,"comment_status":"closed","ping_status":"closed","sticky":false,"template":"","format":"standard","meta":{"_has_post_settings":[],"footnotes":""},"categories":[15],"tags":[],"hashtags":[],"ppma_author":[84],"class_list":["post-8175","post","type-post","status-publish","format-standard","hentry","category-news","author-hoecker_adm"],"yoast_head":"<!-- This site is optimized with the Yoast SEO Premium plugin v25.9 (Yoast SEO v27.0) - https:\/\/yoast.com\/product\/yoast-seo-premium-wordpress\/ -->\n<title>Untauglicher Versuch: CDU-Bundesvorstand scheitert mit Parteiausschlussverfahren gegen Hans-Georg Maa\u00dfen - H\u00d6CKER - der Blog<\/title>\n<meta name=\"robots\" content=\"index, follow, max-snippet:-1, max-image-preview:large, max-video-preview:-1\" \/>\n<link rel=\"canonical\" href=\"https:\/\/www.hoecker.eu\/blog\/untauglicher-versuch-cdu-bundesvorstand-scheitert-mit-parteiausschlussverfahren-gegen-hans-georg-maassen\/\" \/>\n<meta property=\"og:locale\" content=\"de_DE\" \/>\n<meta property=\"og:type\" content=\"article\" \/>\n<meta property=\"og:title\" content=\"Untauglicher Versuch: CDU-Bundesvorstand scheitert mit Parteiausschlussverfahren gegen Hans-Georg Maa\u00dfen\" \/>\n<meta property=\"og:description\" content=\"Am 11.07.2023 hat das Gemeinsame Kreisparteigericht der CDU Th\u00fcringen mitgeteilt, dass es den Antrag des Bundesvorstands der CDU vom 14.02.2023, den ehemaligen Pr\u00e4sidenten des Bundesamtes f\u00fcr Verfassungsschutz, Herrn Dr. Hans-Georg Maa\u00dfen, aus der CDU auszuschlie\u00dfen, abgelehnt hat (Az.: K1\/23, bislang nicht begr\u00fcndet\/nicht rechtskr\u00e4ftig). Zugleich wurde auch die am 13.02.2023 getroffene Anordnung des CDU-Bundesvorstands, Dr. Maa\u00dfen [&hellip;]\" \/>\n<meta property=\"og:url\" content=\"https:\/\/www.hoecker.eu\/blog\/untauglicher-versuch-cdu-bundesvorstand-scheitert-mit-parteiausschlussverfahren-gegen-hans-georg-maassen\/\" \/>\n<meta property=\"og:site_name\" content=\"H\u00d6CKER - der Blog\" \/>\n<meta property=\"article:publisher\" content=\"https:\/\/www.facebook.com\/HoeckerRAe\/\" \/>\n<meta property=\"article:author\" content=\"https:\/\/www.facebook.com\/ralf.hoecker\" \/>\n<meta property=\"article:published_time\" content=\"2023-07-15T06:15:00+00:00\" \/>\n<meta property=\"article:modified_time\" content=\"2025-02-17T13:53:48+00:00\" \/>\n<meta name=\"author\" content=\"Prof. Dr. Ralf H\u00f6cker\" \/>\n<meta name=\"twitter:card\" content=\"summary_large_image\" \/>\n<meta name=\"twitter:creator\" content=\"@Ralf_Hoecker\" \/>\n<meta name=\"twitter:site\" content=\"@hoecker_rae\" \/>\n<meta name=\"twitter:label1\" content=\"Verfasst von\" \/>\n\t<meta name=\"twitter:data1\" content=\"Prof. Dr. Ralf H\u00f6cker\" \/>\n\t<meta name=\"twitter:label2\" content=\"Gesch\u00e4tzte Lesezeit\" \/>\n\t<meta name=\"twitter:data2\" content=\"4\u00a0Minuten\" \/>\n<script type=\"application\/ld+json\" class=\"yoast-schema-graph\">{\"@context\":\"https:\/\/schema.org\",\"@graph\":[{\"@type\":\"Article\",\"@id\":\"https:\/\/www.hoecker.eu\/blog\/untauglicher-versuch-cdu-bundesvorstand-scheitert-mit-parteiausschlussverfahren-gegen-hans-georg-maassen\/#article\",\"isPartOf\":{\"@id\":\"https:\/\/www.hoecker.eu\/blog\/untauglicher-versuch-cdu-bundesvorstand-scheitert-mit-parteiausschlussverfahren-gegen-hans-georg-maassen\/\"},\"author\":{\"name\":\"Prof. Dr. Ralf H\u00f6cker\",\"@id\":\"https:\/\/www.hoecker.eu\/blog\/#\/schema\/person\/08f95581eed0534eccd0b2438f7a1cab\"},\"headline\":\"Untauglicher Versuch: CDU-Bundesvorstand scheitert mit Parteiausschlussverfahren gegen Hans-Georg Maa\u00dfen\",\"datePublished\":\"2023-07-15T06:15:00+00:00\",\"dateModified\":\"2025-02-17T13:53:48+00:00\",\"mainEntityOfPage\":{\"@id\":\"https:\/\/www.hoecker.eu\/blog\/untauglicher-versuch-cdu-bundesvorstand-scheitert-mit-parteiausschlussverfahren-gegen-hans-georg-maassen\/\"},\"wordCount\":803,\"publisher\":{\"@id\":\"https:\/\/www.hoecker.eu\/blog\/#organization\"},\"articleSection\":[\"News\"],\"inLanguage\":\"de\"},{\"@type\":\"WebPage\",\"@id\":\"https:\/\/www.hoecker.eu\/blog\/untauglicher-versuch-cdu-bundesvorstand-scheitert-mit-parteiausschlussverfahren-gegen-hans-georg-maassen\/\",\"url\":\"https:\/\/www.hoecker.eu\/blog\/untauglicher-versuch-cdu-bundesvorstand-scheitert-mit-parteiausschlussverfahren-gegen-hans-georg-maassen\/\",\"name\":\"Untauglicher Versuch: CDU-Bundesvorstand scheitert mit Parteiausschlussverfahren gegen Hans-Georg Maa\u00dfen - H\u00d6CKER - der Blog\",\"isPartOf\":{\"@id\":\"https:\/\/www.hoecker.eu\/blog\/#website\"},\"datePublished\":\"2023-07-15T06:15:00+00:00\",\"dateModified\":\"2025-02-17T13:53:48+00:00\",\"breadcrumb\":{\"@id\":\"https:\/\/www.hoecker.eu\/blog\/untauglicher-versuch-cdu-bundesvorstand-scheitert-mit-parteiausschlussverfahren-gegen-hans-georg-maassen\/#breadcrumb\"},\"inLanguage\":\"de\",\"potentialAction\":[{\"@type\":\"ReadAction\",\"target\":[\"https:\/\/www.hoecker.eu\/blog\/untauglicher-versuch-cdu-bundesvorstand-scheitert-mit-parteiausschlussverfahren-gegen-hans-georg-maassen\/\"]}]},{\"@type\":\"BreadcrumbList\",\"@id\":\"https:\/\/www.hoecker.eu\/blog\/untauglicher-versuch-cdu-bundesvorstand-scheitert-mit-parteiausschlussverfahren-gegen-hans-georg-maassen\/#breadcrumb\",\"itemListElement\":[{\"@type\":\"ListItem\",\"position\":1,\"name\":\"Startseite\",\"item\":\"https:\/\/dev.hoecker.eu\/blog\/\"},{\"@type\":\"ListItem\",\"position\":2,\"name\":\"Untauglicher Versuch: CDU-Bundesvorstand scheitert mit Parteiausschlussverfahren gegen Hans-Georg Maa\u00dfen\"}]},{\"@type\":\"WebSite\",\"@id\":\"https:\/\/www.hoecker.eu\/blog\/#website\",\"url\":\"https:\/\/www.hoecker.eu\/blog\/\",\"name\":\"H\u00d6CKER - der Blog\",\"description\":\"Expertenblog f\u00fcr \u00c4u\u00dferungs-, Medien-, Marken-, Urheber- und Wettbewerbsrecht.\",\"publisher\":{\"@id\":\"https:\/\/www.hoecker.eu\/blog\/#organization\"},\"potentialAction\":[{\"@type\":\"SearchAction\",\"target\":{\"@type\":\"EntryPoint\",\"urlTemplate\":\"https:\/\/www.hoecker.eu\/blog\/?s={search_term_string}\"},\"query-input\":{\"@type\":\"PropertyValueSpecification\",\"valueRequired\":true,\"valueName\":\"search_term_string\"}}],\"inLanguage\":\"de\"},{\"@type\":\"Organization\",\"@id\":\"https:\/\/www.hoecker.eu\/blog\/#organization\",\"name\":\"H\u00d6CKER Rechtsanw\u00e4lte PartGmbB\",\"alternateName\":\"H\u00d6CKER\",\"url\":\"https:\/\/www.hoecker.eu\/blog\/\",\"logo\":{\"@type\":\"ImageObject\",\"inLanguage\":\"de\",\"@id\":\"https:\/\/www.hoecker.eu\/blog\/#\/schema\/logo\/image\/\",\"url\":\"https:\/\/www.hoecker.eu\/blog\/wp-content\/uploads\/2025\/03\/Blog-Logo.webp\",\"contentUrl\":\"https:\/\/www.hoecker.eu\/blog\/wp-content\/uploads\/2025\/03\/Blog-Logo.webp\",\"width\":500,\"height\":500,\"caption\":\"H\u00d6CKER Rechtsanw\u00e4lte PartGmbB\"},\"image\":{\"@id\":\"https:\/\/www.hoecker.eu\/blog\/#\/schema\/logo\/image\/\"},\"sameAs\":[\"https:\/\/www.facebook.com\/HoeckerRAe\/\",\"https:\/\/x.com\/hoecker_rae\",\"https:\/\/www.linkedin.com\/company\/hcker-rechtsanwlte\/\",\"https:\/\/www.instagram.com\/hoecker_rae\/\"],\"email\":\"contact@hoecker.eu\",\"telephone\":\"+ 49 (0)221-933 19-10\",\"legalName\":\"H\u00d6CKER Rechtsanw\u00e4lte PartGmbB\",\"numberOfEmployees\":{\"@type\":\"QuantitativeValue\",\"minValue\":\"11\",\"maxValue\":\"50\"}},{\"@type\":\"Person\",\"@id\":\"https:\/\/www.hoecker.eu\/blog\/#\/schema\/person\/08f95581eed0534eccd0b2438f7a1cab\",\"name\":\"Prof. Dr. Ralf H\u00f6cker\",\"description\":\"Medienanwalt. Besch\u00fctzer vor mieser Presse\",\"sameAs\":[\"https:\/\/www.hoecker.eu\/wer\/prof-dr-ralf-hoecker\",\"https:\/\/www.facebook.com\/ralf.hoecker\",\"https:\/\/www.linkedin.com\/in\/prof-dr-ralf-hcker-ll-m-london-17987826\/\",\"https:\/\/x.com\/Ralf_Hoecker\"],\"url\":\"https:\/\/www.hoecker.eu\/blog\/author\/hoecker_adm\/\"}]}<\/script>\n<!-- \/ Yoast SEO Premium plugin. -->","yoast_head_json":{"title":"Untauglicher Versuch: CDU-Bundesvorstand scheitert mit Parteiausschlussverfahren gegen Hans-Georg Maa\u00dfen - H\u00d6CKER - der Blog","robots":{"index":"index","follow":"follow","max-snippet":"max-snippet:-1","max-image-preview":"max-image-preview:large","max-video-preview":"max-video-preview:-1"},"canonical":"https:\/\/www.hoecker.eu\/blog\/untauglicher-versuch-cdu-bundesvorstand-scheitert-mit-parteiausschlussverfahren-gegen-hans-georg-maassen\/","og_locale":"de_DE","og_type":"article","og_title":"Untauglicher Versuch: CDU-Bundesvorstand scheitert mit Parteiausschlussverfahren gegen Hans-Georg Maa\u00dfen","og_description":"Am 11.07.2023 hat das Gemeinsame Kreisparteigericht der CDU Th\u00fcringen mitgeteilt, dass es den Antrag des Bundesvorstands der CDU vom 14.02.2023, den ehemaligen Pr\u00e4sidenten des Bundesamtes f\u00fcr Verfassungsschutz, Herrn Dr. Hans-Georg Maa\u00dfen, aus der CDU auszuschlie\u00dfen, abgelehnt hat (Az.: K1\/23, bislang nicht begr\u00fcndet\/nicht rechtskr\u00e4ftig). Zugleich wurde auch die am 13.02.2023 getroffene Anordnung des CDU-Bundesvorstands, Dr. Maa\u00dfen [&hellip;]","og_url":"https:\/\/www.hoecker.eu\/blog\/untauglicher-versuch-cdu-bundesvorstand-scheitert-mit-parteiausschlussverfahren-gegen-hans-georg-maassen\/","og_site_name":"H\u00d6CKER - der Blog","article_publisher":"https:\/\/www.facebook.com\/HoeckerRAe\/","article_author":"https:\/\/www.facebook.com\/ralf.hoecker","article_published_time":"2023-07-15T06:15:00+00:00","article_modified_time":"2025-02-17T13:53:48+00:00","author":"Prof. Dr. Ralf H\u00f6cker","twitter_card":"summary_large_image","twitter_creator":"@Ralf_Hoecker","twitter_site":"@hoecker_rae","twitter_misc":{"Verfasst von":"Prof. Dr. Ralf H\u00f6cker","Gesch\u00e4tzte Lesezeit":"4\u00a0Minuten"},"schema":{"@context":"https:\/\/schema.org","@graph":[{"@type":"Article","@id":"https:\/\/www.hoecker.eu\/blog\/untauglicher-versuch-cdu-bundesvorstand-scheitert-mit-parteiausschlussverfahren-gegen-hans-georg-maassen\/#article","isPartOf":{"@id":"https:\/\/www.hoecker.eu\/blog\/untauglicher-versuch-cdu-bundesvorstand-scheitert-mit-parteiausschlussverfahren-gegen-hans-georg-maassen\/"},"author":{"name":"Prof. Dr. Ralf H\u00f6cker","@id":"https:\/\/www.hoecker.eu\/blog\/#\/schema\/person\/08f95581eed0534eccd0b2438f7a1cab"},"headline":"Untauglicher Versuch: CDU-Bundesvorstand scheitert mit Parteiausschlussverfahren gegen Hans-Georg Maa\u00dfen","datePublished":"2023-07-15T06:15:00+00:00","dateModified":"2025-02-17T13:53:48+00:00","mainEntityOfPage":{"@id":"https:\/\/www.hoecker.eu\/blog\/untauglicher-versuch-cdu-bundesvorstand-scheitert-mit-parteiausschlussverfahren-gegen-hans-georg-maassen\/"},"wordCount":803,"publisher":{"@id":"https:\/\/www.hoecker.eu\/blog\/#organization"},"articleSection":["News"],"inLanguage":"de"},{"@type":"WebPage","@id":"https:\/\/www.hoecker.eu\/blog\/untauglicher-versuch-cdu-bundesvorstand-scheitert-mit-parteiausschlussverfahren-gegen-hans-georg-maassen\/","url":"https:\/\/www.hoecker.eu\/blog\/untauglicher-versuch-cdu-bundesvorstand-scheitert-mit-parteiausschlussverfahren-gegen-hans-georg-maassen\/","name":"Untauglicher Versuch: CDU-Bundesvorstand scheitert mit Parteiausschlussverfahren gegen Hans-Georg Maa\u00dfen - H\u00d6CKER - der Blog","isPartOf":{"@id":"https:\/\/www.hoecker.eu\/blog\/#website"},"datePublished":"2023-07-15T06:15:00+00:00","dateModified":"2025-02-17T13:53:48+00:00","breadcrumb":{"@id":"https:\/\/www.hoecker.eu\/blog\/untauglicher-versuch-cdu-bundesvorstand-scheitert-mit-parteiausschlussverfahren-gegen-hans-georg-maassen\/#breadcrumb"},"inLanguage":"de","potentialAction":[{"@type":"ReadAction","target":["https:\/\/www.hoecker.eu\/blog\/untauglicher-versuch-cdu-bundesvorstand-scheitert-mit-parteiausschlussverfahren-gegen-hans-georg-maassen\/"]}]},{"@type":"BreadcrumbList","@id":"https:\/\/www.hoecker.eu\/blog\/untauglicher-versuch-cdu-bundesvorstand-scheitert-mit-parteiausschlussverfahren-gegen-hans-georg-maassen\/#breadcrumb","itemListElement":[{"@type":"ListItem","position":1,"name":"Startseite","item":"https:\/\/dev.hoecker.eu\/blog\/"},{"@type":"ListItem","position":2,"name":"Untauglicher Versuch: CDU-Bundesvorstand scheitert mit Parteiausschlussverfahren gegen Hans-Georg Maa\u00dfen"}]},{"@type":"WebSite","@id":"https:\/\/www.hoecker.eu\/blog\/#website","url":"https:\/\/www.hoecker.eu\/blog\/","name":"H\u00d6CKER - der Blog","description":"Expertenblog f\u00fcr \u00c4u\u00dferungs-, Medien-, Marken-, Urheber- und Wettbewerbsrecht.","publisher":{"@id":"https:\/\/www.hoecker.eu\/blog\/#organization"},"potentialAction":[{"@type":"SearchAction","target":{"@type":"EntryPoint","urlTemplate":"https:\/\/www.hoecker.eu\/blog\/?s={search_term_string}"},"query-input":{"@type":"PropertyValueSpecification","valueRequired":true,"valueName":"search_term_string"}}],"inLanguage":"de"},{"@type":"Organization","@id":"https:\/\/www.hoecker.eu\/blog\/#organization","name":"H\u00d6CKER Rechtsanw\u00e4lte PartGmbB","alternateName":"H\u00d6CKER","url":"https:\/\/www.hoecker.eu\/blog\/","logo":{"@type":"ImageObject","inLanguage":"de","@id":"https:\/\/www.hoecker.eu\/blog\/#\/schema\/logo\/image\/","url":"https:\/\/www.hoecker.eu\/blog\/wp-content\/uploads\/2025\/03\/Blog-Logo.webp","contentUrl":"https:\/\/www.hoecker.eu\/blog\/wp-content\/uploads\/2025\/03\/Blog-Logo.webp","width":500,"height":500,"caption":"H\u00d6CKER Rechtsanw\u00e4lte PartGmbB"},"image":{"@id":"https:\/\/www.hoecker.eu\/blog\/#\/schema\/logo\/image\/"},"sameAs":["https:\/\/www.facebook.com\/HoeckerRAe\/","https:\/\/x.com\/hoecker_rae","https:\/\/www.linkedin.com\/company\/hcker-rechtsanwlte\/","https:\/\/www.instagram.com\/hoecker_rae\/"],"email":"contact@hoecker.eu","telephone":"+ 49 (0)221-933 19-10","legalName":"H\u00d6CKER Rechtsanw\u00e4lte PartGmbB","numberOfEmployees":{"@type":"QuantitativeValue","minValue":"11","maxValue":"50"}},{"@type":"Person","@id":"https:\/\/www.hoecker.eu\/blog\/#\/schema\/person\/08f95581eed0534eccd0b2438f7a1cab","name":"Prof. Dr. Ralf H\u00f6cker","description":"Medienanwalt. Besch\u00fctzer vor mieser Presse","sameAs":["https:\/\/www.hoecker.eu\/wer\/prof-dr-ralf-hoecker","https:\/\/www.facebook.com\/ralf.hoecker","https:\/\/www.linkedin.com\/in\/prof-dr-ralf-hcker-ll-m-london-17987826\/","https:\/\/x.com\/Ralf_Hoecker"],"url":"https:\/\/www.hoecker.eu\/blog\/author\/hoecker_adm\/"}]}},"authors":[{"term_id":84,"user_id":1,"is_guest":0,"slug":"hoecker_adm","display_name":"Prof. Dr. Ralf H\u00f6cker","avatar_url":{"url":"https:\/\/www.hoecker.eu\/blog\/wp-content\/uploads\/2023\/12\/ProfDrRalfHoecker.jpg","url2x":"https:\/\/www.hoecker.eu\/blog\/wp-content\/uploads\/2023\/12\/ProfDrRalfHoecker.jpg"},"0":null,"1":"","2":"","3":"","4":"","5":"","6":"","7":"","8":"","9":"","10":"","11":""}],"_links":{"self":[{"href":"https:\/\/www.hoecker.eu\/blog\/wp-json\/wp\/v2\/posts\/8175","targetHints":{"allow":["GET"]}}],"collection":[{"href":"https:\/\/www.hoecker.eu\/blog\/wp-json\/wp\/v2\/posts"}],"about":[{"href":"https:\/\/www.hoecker.eu\/blog\/wp-json\/wp\/v2\/types\/post"}],"author":[{"embeddable":true,"href":"https:\/\/www.hoecker.eu\/blog\/wp-json\/wp\/v2\/users\/1"}],"replies":[{"embeddable":true,"href":"https:\/\/www.hoecker.eu\/blog\/wp-json\/wp\/v2\/comments?post=8175"}],"version-history":[{"count":1,"href":"https:\/\/www.hoecker.eu\/blog\/wp-json\/wp\/v2\/posts\/8175\/revisions"}],"predecessor-version":[{"id":9297,"href":"https:\/\/www.hoecker.eu\/blog\/wp-json\/wp\/v2\/posts\/8175\/revisions\/9297"}],"wp:attachment":[{"href":"https:\/\/www.hoecker.eu\/blog\/wp-json\/wp\/v2\/media?parent=8175"}],"wp:term":[{"taxonomy":"category","embeddable":true,"href":"https:\/\/www.hoecker.eu\/blog\/wp-json\/wp\/v2\/categories?post=8175"},{"taxonomy":"post_tag","embeddable":true,"href":"https:\/\/www.hoecker.eu\/blog\/wp-json\/wp\/v2\/tags?post=8175"},{"taxonomy":"hashtags","embeddable":true,"href":"https:\/\/www.hoecker.eu\/blog\/wp-json\/wp\/v2\/hashtags?post=8175"},{"taxonomy":"author","embeddable":true,"href":"https:\/\/www.hoecker.eu\/blog\/wp-json\/wp\/v2\/ppma_author?post=8175"}],"curies":[{"name":"wp","href":"https:\/\/api.w.org\/{rel}","templated":true}]}}