{"id":8171,"date":"2023-09-06T15:23:00","date_gmt":"2023-09-06T13:23:00","guid":{"rendered":"https:\/\/www.hoecker.eu\/blog\/so-landen-menschen-am-pranger-interview-mit-dr-carsten-brennecke-in-der-zeit\/"},"modified":"2025-02-17T14:53:45","modified_gmt":"2025-02-17T13:53:45","slug":"so-landen-menschen-am-pranger-interview-mit-dr-carsten-brennecke-in-der-zeit","status":"publish","type":"post","link":"https:\/\/www.hoecker.eu\/blog\/so-landen-menschen-am-pranger-interview-mit-dr-carsten-brennecke-in-der-zeit\/","title":{"rendered":"&#8220;So landen Menschen am Pranger!\u201c &#8211; Interview mit Dr. Carsten Brennecke in der ZEIT"},"content":{"rendered":"<p>Im Gespr\u00e4ch mit der ZEIT erkl\u00e4rt H\u00d6CKER-Partner Dr. Carsten Brennecke am Beispiel von Kardinal Woelki, Sch\u00f6nbohm und anderen, wie aktivistischer Kampagnenjournalismus Menschen zerst\u00f6rt, wie man sich dagegen wehren kann und warum sich Journalisten mit einseitigem Aktivismus keinen Gefallen tun.<\/p>\n<p>Carsten Brennecke zieht eine vernichtende Bilanz der deutschen Presseberichterstattung \u00fcber Kardinal Woelki. Nach dem j\u00fcngsten \u00bbPorno-Skandal\u00ab um Mitarbeiter des Bistums, die versucht haben sollen, auf Pornoseiten im Internet zuzugreifen, kritisiert Brennecke schwere Verst\u00f6\u00dfe gegen das Pers\u00f6nlichkeitsrecht. So habe die BILD-Zeitung widerrechtlich den Namen und das Foto eines hochrangigen Priesters aus dem Bistum genannt. Brennecke: \u201eEr wurde an den Pranger gestellt. Und zwar f\u00fcr etwas, das in Deutschland legal ist. Pornos schauen ist nicht strafbar.\u201c Was BILD getan habe, sei ein klarer Rechtsbruch: \u201eIch halte die Erkennbarmachung ganz grunds\u00e4tzlich f\u00fcr unzul\u00e4ssig.\u201c<\/p>\n<p>Brennecke geht in seiner Kritik aber noch weiter. Er sieht den K\u00f6lner Kardinal als Presseopfer: \u201eMan will Woelki besch\u00e4digen, und sei es, indem man seine Mitarbeiter mit dem Porno-Vorwurf fertigmacht.\u201c <\/p>\n<p>Brennecke sieht den K\u00f6lner Dauerskandal als Beispiel f\u00fcr ein gr\u00f6\u00dferes Problem: Pers\u00f6nlichkeitsrechte w\u00fcrden in Deutschland schlecht gesch\u00fctzt. Die Entsch\u00e4digungssummen seien zu gering, w\u00fcrden niemanden abschrecken: \u201eWas manche Journalisten anrichten, indem sie gegen die Regeln der Verdachtsberichterstattung versto\u00dfen, das nenne ich kalkulierten Rechtsbruch.\u201c <\/p>\n<p>Er warnt: \u201eAuch namhafte Medien berichten zunehmend unausgewogen und \u00fcberschreiten juristische Grenzen. Journalisten benutzten immer mehr durchgestochene Informationen, ohne sie zu pr\u00fcfen. Weder werde die Quelle hinterfragt noch die Gegenseite fair zitiert. Das unterh\u00f6hlt das Vertrauen in den Rechtsstaat.\u201c<\/p>\n<p>Er warnt zudem vor Framing und Canceln: \u201eCanceln zielt darauf ab, Dich mundtot zu machen und gesellschaftlich ins Abseits zu stellen.\u201c Gegenwehr hei\u00dfe, selbstbewusst rauszugehen und das Heft in die Hand zu nehmen. <\/p>\n<p>Zuletzt fordert Brennecke die deutschen Richter auf, Pers\u00f6nlichkeitsrechte besser zu sch\u00fctzen: \u201eWer am Pranger steht, der verliert Job und Reputation. Von zehn Freunden bleibt vielleicht einer \u00fcbrig.\u201c Er h\u00f6re diese Geschichten st\u00e4ndig: \u201eSie machen mich w\u00fctend.\u201c<\/p>\n<p>Das Ganze Gespr\u00e4ch gibt es in der Print-Ausgabe der Zeit vom 07.09.2023 und online hier: <a href=\"https:\/\/www.zeit.de\/2023\/38\/erzbistum-koeln-kardinal-woelki-carsten-brennecke\" target=\"_blank\" rel=\"noreferrer noopener\">https:\/\/www.zeit.de\/2023\/38\/erzbistum-koeln-kardinal-woelki-carsten-brennecke<\/a><\/p>\n","protected":false},"excerpt":{"rendered":"<p>Im Gespr\u00e4ch mit der ZEIT erkl\u00e4rt H\u00d6CKER-Partner Dr. Carsten Brennecke am Beispiel von Kardinal Woelki, Sch\u00f6nbohm und anderen, wie aktivistischer Kampagnenjournalismus Menschen zerst\u00f6rt, wie man sich dagegen wehren kann und warum sich Journalisten mit einseitigem Aktivismus keinen Gefallen tun. Carsten Brennecke zieht eine vernichtende Bilanz der deutschen Presseberichterstattung \u00fcber Kardinal Woelki. Nach dem j\u00fcngsten \u00bbPorno-Skandal\u00ab [&hellip;]<\/p>\n","protected":false},"author":1,"featured_media":0,"comment_status":"closed","ping_status":"closed","sticky":false,"template":"","format":"standard","meta":{"_has_post_settings":[],"footnotes":""},"categories":[15],"tags":[],"hashtags":[],"ppma_author":[84],"class_list":["post-8171","post","type-post","status-publish","format-standard","hentry","category-news","author-hoecker_adm"],"yoast_head":"<!-- This site is optimized with the Yoast SEO Premium plugin v25.9 (Yoast SEO v27.0) - https:\/\/yoast.com\/product\/yoast-seo-premium-wordpress\/ -->\n<title>&quot;So landen Menschen am Pranger!\u201c - Interview mit Dr. Carsten Brennecke in der ZEIT - H\u00d6CKER - der Blog<\/title>\n<meta name=\"robots\" content=\"index, follow, max-snippet:-1, max-image-preview:large, max-video-preview:-1\" \/>\n<link rel=\"canonical\" href=\"https:\/\/www.hoecker.eu\/blog\/so-landen-menschen-am-pranger-interview-mit-dr-carsten-brennecke-in-der-zeit\/\" \/>\n<meta property=\"og:locale\" content=\"de_DE\" \/>\n<meta property=\"og:type\" content=\"article\" \/>\n<meta property=\"og:title\" content=\"&quot;So landen Menschen am Pranger!\u201c - Interview mit Dr. Carsten Brennecke in der ZEIT\" \/>\n<meta property=\"og:description\" content=\"Im Gespr\u00e4ch mit der ZEIT erkl\u00e4rt H\u00d6CKER-Partner Dr. Carsten Brennecke am Beispiel von Kardinal Woelki, Sch\u00f6nbohm und anderen, wie aktivistischer Kampagnenjournalismus Menschen zerst\u00f6rt, wie man sich dagegen wehren kann und warum sich Journalisten mit einseitigem Aktivismus keinen Gefallen tun. Carsten Brennecke zieht eine vernichtende Bilanz der deutschen Presseberichterstattung \u00fcber Kardinal Woelki. Nach dem j\u00fcngsten \u00bbPorno-Skandal\u00ab [&hellip;]\" \/>\n<meta property=\"og:url\" content=\"https:\/\/www.hoecker.eu\/blog\/so-landen-menschen-am-pranger-interview-mit-dr-carsten-brennecke-in-der-zeit\/\" \/>\n<meta property=\"og:site_name\" content=\"H\u00d6CKER - der Blog\" \/>\n<meta property=\"article:publisher\" content=\"https:\/\/www.facebook.com\/HoeckerRAe\/\" \/>\n<meta property=\"article:author\" content=\"https:\/\/www.facebook.com\/ralf.hoecker\" \/>\n<meta property=\"article:published_time\" content=\"2023-09-06T13:23:00+00:00\" \/>\n<meta property=\"article:modified_time\" content=\"2025-02-17T13:53:45+00:00\" \/>\n<meta name=\"author\" content=\"Prof. Dr. Ralf H\u00f6cker\" \/>\n<meta name=\"twitter:card\" content=\"summary_large_image\" \/>\n<meta name=\"twitter:creator\" content=\"@Ralf_Hoecker\" \/>\n<meta name=\"twitter:site\" content=\"@hoecker_rae\" \/>\n<meta name=\"twitter:label1\" content=\"Verfasst von\" \/>\n\t<meta name=\"twitter:data1\" content=\"Prof. Dr. Ralf H\u00f6cker\" \/>\n\t<meta name=\"twitter:label2\" content=\"Gesch\u00e4tzte Lesezeit\" \/>\n\t<meta name=\"twitter:data2\" content=\"2\u00a0Minuten\" \/>\n<script type=\"application\/ld+json\" class=\"yoast-schema-graph\">{\"@context\":\"https:\/\/schema.org\",\"@graph\":[{\"@type\":\"Article\",\"@id\":\"https:\/\/www.hoecker.eu\/blog\/so-landen-menschen-am-pranger-interview-mit-dr-carsten-brennecke-in-der-zeit\/#article\",\"isPartOf\":{\"@id\":\"https:\/\/www.hoecker.eu\/blog\/so-landen-menschen-am-pranger-interview-mit-dr-carsten-brennecke-in-der-zeit\/\"},\"author\":{\"name\":\"Prof. Dr. Ralf H\u00f6cker\",\"@id\":\"https:\/\/www.hoecker.eu\/blog\/#\/schema\/person\/08f95581eed0534eccd0b2438f7a1cab\"},\"headline\":\"&#8220;So landen Menschen am Pranger!\u201c &#8211; Interview mit Dr. Carsten Brennecke in der ZEIT\",\"datePublished\":\"2023-09-06T13:23:00+00:00\",\"dateModified\":\"2025-02-17T13:53:45+00:00\",\"mainEntityOfPage\":{\"@id\":\"https:\/\/www.hoecker.eu\/blog\/so-landen-menschen-am-pranger-interview-mit-dr-carsten-brennecke-in-der-zeit\/\"},\"wordCount\":374,\"publisher\":{\"@id\":\"https:\/\/www.hoecker.eu\/blog\/#organization\"},\"articleSection\":[\"News\"],\"inLanguage\":\"de\"},{\"@type\":\"WebPage\",\"@id\":\"https:\/\/www.hoecker.eu\/blog\/so-landen-menschen-am-pranger-interview-mit-dr-carsten-brennecke-in-der-zeit\/\",\"url\":\"https:\/\/www.hoecker.eu\/blog\/so-landen-menschen-am-pranger-interview-mit-dr-carsten-brennecke-in-der-zeit\/\",\"name\":\"\\\"So landen Menschen am Pranger!\u201c - Interview mit Dr. Carsten Brennecke in der ZEIT - H\u00d6CKER - der Blog\",\"isPartOf\":{\"@id\":\"https:\/\/www.hoecker.eu\/blog\/#website\"},\"datePublished\":\"2023-09-06T13:23:00+00:00\",\"dateModified\":\"2025-02-17T13:53:45+00:00\",\"breadcrumb\":{\"@id\":\"https:\/\/www.hoecker.eu\/blog\/so-landen-menschen-am-pranger-interview-mit-dr-carsten-brennecke-in-der-zeit\/#breadcrumb\"},\"inLanguage\":\"de\",\"potentialAction\":[{\"@type\":\"ReadAction\",\"target\":[\"https:\/\/www.hoecker.eu\/blog\/so-landen-menschen-am-pranger-interview-mit-dr-carsten-brennecke-in-der-zeit\/\"]}]},{\"@type\":\"BreadcrumbList\",\"@id\":\"https:\/\/www.hoecker.eu\/blog\/so-landen-menschen-am-pranger-interview-mit-dr-carsten-brennecke-in-der-zeit\/#breadcrumb\",\"itemListElement\":[{\"@type\":\"ListItem\",\"position\":1,\"name\":\"Startseite\",\"item\":\"https:\/\/dev.hoecker.eu\/blog\/\"},{\"@type\":\"ListItem\",\"position\":2,\"name\":\"&#8220;So landen Menschen am Pranger!\u201c &#8211; Interview mit Dr. Carsten Brennecke in der ZEIT\"}]},{\"@type\":\"WebSite\",\"@id\":\"https:\/\/www.hoecker.eu\/blog\/#website\",\"url\":\"https:\/\/www.hoecker.eu\/blog\/\",\"name\":\"H\u00d6CKER - der Blog\",\"description\":\"Expertenblog f\u00fcr \u00c4u\u00dferungs-, Medien-, Marken-, Urheber- und Wettbewerbsrecht.\",\"publisher\":{\"@id\":\"https:\/\/www.hoecker.eu\/blog\/#organization\"},\"potentialAction\":[{\"@type\":\"SearchAction\",\"target\":{\"@type\":\"EntryPoint\",\"urlTemplate\":\"https:\/\/www.hoecker.eu\/blog\/?s={search_term_string}\"},\"query-input\":{\"@type\":\"PropertyValueSpecification\",\"valueRequired\":true,\"valueName\":\"search_term_string\"}}],\"inLanguage\":\"de\"},{\"@type\":\"Organization\",\"@id\":\"https:\/\/www.hoecker.eu\/blog\/#organization\",\"name\":\"H\u00d6CKER Rechtsanw\u00e4lte PartGmbB\",\"alternateName\":\"H\u00d6CKER\",\"url\":\"https:\/\/www.hoecker.eu\/blog\/\",\"logo\":{\"@type\":\"ImageObject\",\"inLanguage\":\"de\",\"@id\":\"https:\/\/www.hoecker.eu\/blog\/#\/schema\/logo\/image\/\",\"url\":\"https:\/\/www.hoecker.eu\/blog\/wp-content\/uploads\/2025\/03\/Blog-Logo.webp\",\"contentUrl\":\"https:\/\/www.hoecker.eu\/blog\/wp-content\/uploads\/2025\/03\/Blog-Logo.webp\",\"width\":500,\"height\":500,\"caption\":\"H\u00d6CKER Rechtsanw\u00e4lte PartGmbB\"},\"image\":{\"@id\":\"https:\/\/www.hoecker.eu\/blog\/#\/schema\/logo\/image\/\"},\"sameAs\":[\"https:\/\/www.facebook.com\/HoeckerRAe\/\",\"https:\/\/x.com\/hoecker_rae\",\"https:\/\/www.linkedin.com\/company\/hcker-rechtsanwlte\/\",\"https:\/\/www.instagram.com\/hoecker_rae\/\"],\"email\":\"contact@hoecker.eu\",\"telephone\":\"+ 49 (0)221-933 19-10\",\"legalName\":\"H\u00d6CKER Rechtsanw\u00e4lte PartGmbB\",\"numberOfEmployees\":{\"@type\":\"QuantitativeValue\",\"minValue\":\"11\",\"maxValue\":\"50\"}},{\"@type\":\"Person\",\"@id\":\"https:\/\/www.hoecker.eu\/blog\/#\/schema\/person\/08f95581eed0534eccd0b2438f7a1cab\",\"name\":\"Prof. Dr. Ralf H\u00f6cker\",\"description\":\"Medienanwalt. Besch\u00fctzer vor mieser Presse\",\"sameAs\":[\"https:\/\/www.hoecker.eu\/wer\/prof-dr-ralf-hoecker\",\"https:\/\/www.facebook.com\/ralf.hoecker\",\"https:\/\/www.linkedin.com\/in\/prof-dr-ralf-hcker-ll-m-london-17987826\/\",\"https:\/\/x.com\/Ralf_Hoecker\"],\"url\":\"https:\/\/www.hoecker.eu\/blog\/author\/hoecker_adm\/\"}]}<\/script>\n<!-- \/ Yoast SEO Premium plugin. -->","yoast_head_json":{"title":"\"So landen Menschen am Pranger!\u201c - Interview mit Dr. Carsten Brennecke in der ZEIT - H\u00d6CKER - der Blog","robots":{"index":"index","follow":"follow","max-snippet":"max-snippet:-1","max-image-preview":"max-image-preview:large","max-video-preview":"max-video-preview:-1"},"canonical":"https:\/\/www.hoecker.eu\/blog\/so-landen-menschen-am-pranger-interview-mit-dr-carsten-brennecke-in-der-zeit\/","og_locale":"de_DE","og_type":"article","og_title":"\"So landen Menschen am Pranger!\u201c - Interview mit Dr. Carsten Brennecke in der ZEIT","og_description":"Im Gespr\u00e4ch mit der ZEIT erkl\u00e4rt H\u00d6CKER-Partner Dr. Carsten Brennecke am Beispiel von Kardinal Woelki, Sch\u00f6nbohm und anderen, wie aktivistischer Kampagnenjournalismus Menschen zerst\u00f6rt, wie man sich dagegen wehren kann und warum sich Journalisten mit einseitigem Aktivismus keinen Gefallen tun. Carsten Brennecke zieht eine vernichtende Bilanz der deutschen Presseberichterstattung \u00fcber Kardinal Woelki. Nach dem j\u00fcngsten \u00bbPorno-Skandal\u00ab [&hellip;]","og_url":"https:\/\/www.hoecker.eu\/blog\/so-landen-menschen-am-pranger-interview-mit-dr-carsten-brennecke-in-der-zeit\/","og_site_name":"H\u00d6CKER - der Blog","article_publisher":"https:\/\/www.facebook.com\/HoeckerRAe\/","article_author":"https:\/\/www.facebook.com\/ralf.hoecker","article_published_time":"2023-09-06T13:23:00+00:00","article_modified_time":"2025-02-17T13:53:45+00:00","author":"Prof. Dr. Ralf H\u00f6cker","twitter_card":"summary_large_image","twitter_creator":"@Ralf_Hoecker","twitter_site":"@hoecker_rae","twitter_misc":{"Verfasst von":"Prof. Dr. Ralf H\u00f6cker","Gesch\u00e4tzte Lesezeit":"2\u00a0Minuten"},"schema":{"@context":"https:\/\/schema.org","@graph":[{"@type":"Article","@id":"https:\/\/www.hoecker.eu\/blog\/so-landen-menschen-am-pranger-interview-mit-dr-carsten-brennecke-in-der-zeit\/#article","isPartOf":{"@id":"https:\/\/www.hoecker.eu\/blog\/so-landen-menschen-am-pranger-interview-mit-dr-carsten-brennecke-in-der-zeit\/"},"author":{"name":"Prof. Dr. Ralf H\u00f6cker","@id":"https:\/\/www.hoecker.eu\/blog\/#\/schema\/person\/08f95581eed0534eccd0b2438f7a1cab"},"headline":"&#8220;So landen Menschen am Pranger!\u201c &#8211; Interview mit Dr. Carsten Brennecke in der ZEIT","datePublished":"2023-09-06T13:23:00+00:00","dateModified":"2025-02-17T13:53:45+00:00","mainEntityOfPage":{"@id":"https:\/\/www.hoecker.eu\/blog\/so-landen-menschen-am-pranger-interview-mit-dr-carsten-brennecke-in-der-zeit\/"},"wordCount":374,"publisher":{"@id":"https:\/\/www.hoecker.eu\/blog\/#organization"},"articleSection":["News"],"inLanguage":"de"},{"@type":"WebPage","@id":"https:\/\/www.hoecker.eu\/blog\/so-landen-menschen-am-pranger-interview-mit-dr-carsten-brennecke-in-der-zeit\/","url":"https:\/\/www.hoecker.eu\/blog\/so-landen-menschen-am-pranger-interview-mit-dr-carsten-brennecke-in-der-zeit\/","name":"\"So landen Menschen am Pranger!\u201c - Interview mit Dr. Carsten Brennecke in der ZEIT - H\u00d6CKER - der Blog","isPartOf":{"@id":"https:\/\/www.hoecker.eu\/blog\/#website"},"datePublished":"2023-09-06T13:23:00+00:00","dateModified":"2025-02-17T13:53:45+00:00","breadcrumb":{"@id":"https:\/\/www.hoecker.eu\/blog\/so-landen-menschen-am-pranger-interview-mit-dr-carsten-brennecke-in-der-zeit\/#breadcrumb"},"inLanguage":"de","potentialAction":[{"@type":"ReadAction","target":["https:\/\/www.hoecker.eu\/blog\/so-landen-menschen-am-pranger-interview-mit-dr-carsten-brennecke-in-der-zeit\/"]}]},{"@type":"BreadcrumbList","@id":"https:\/\/www.hoecker.eu\/blog\/so-landen-menschen-am-pranger-interview-mit-dr-carsten-brennecke-in-der-zeit\/#breadcrumb","itemListElement":[{"@type":"ListItem","position":1,"name":"Startseite","item":"https:\/\/dev.hoecker.eu\/blog\/"},{"@type":"ListItem","position":2,"name":"&#8220;So landen Menschen am Pranger!\u201c &#8211; Interview mit Dr. Carsten Brennecke in der ZEIT"}]},{"@type":"WebSite","@id":"https:\/\/www.hoecker.eu\/blog\/#website","url":"https:\/\/www.hoecker.eu\/blog\/","name":"H\u00d6CKER - der Blog","description":"Expertenblog f\u00fcr \u00c4u\u00dferungs-, Medien-, Marken-, Urheber- und Wettbewerbsrecht.","publisher":{"@id":"https:\/\/www.hoecker.eu\/blog\/#organization"},"potentialAction":[{"@type":"SearchAction","target":{"@type":"EntryPoint","urlTemplate":"https:\/\/www.hoecker.eu\/blog\/?s={search_term_string}"},"query-input":{"@type":"PropertyValueSpecification","valueRequired":true,"valueName":"search_term_string"}}],"inLanguage":"de"},{"@type":"Organization","@id":"https:\/\/www.hoecker.eu\/blog\/#organization","name":"H\u00d6CKER Rechtsanw\u00e4lte PartGmbB","alternateName":"H\u00d6CKER","url":"https:\/\/www.hoecker.eu\/blog\/","logo":{"@type":"ImageObject","inLanguage":"de","@id":"https:\/\/www.hoecker.eu\/blog\/#\/schema\/logo\/image\/","url":"https:\/\/www.hoecker.eu\/blog\/wp-content\/uploads\/2025\/03\/Blog-Logo.webp","contentUrl":"https:\/\/www.hoecker.eu\/blog\/wp-content\/uploads\/2025\/03\/Blog-Logo.webp","width":500,"height":500,"caption":"H\u00d6CKER Rechtsanw\u00e4lte PartGmbB"},"image":{"@id":"https:\/\/www.hoecker.eu\/blog\/#\/schema\/logo\/image\/"},"sameAs":["https:\/\/www.facebook.com\/HoeckerRAe\/","https:\/\/x.com\/hoecker_rae","https:\/\/www.linkedin.com\/company\/hcker-rechtsanwlte\/","https:\/\/www.instagram.com\/hoecker_rae\/"],"email":"contact@hoecker.eu","telephone":"+ 49 (0)221-933 19-10","legalName":"H\u00d6CKER Rechtsanw\u00e4lte PartGmbB","numberOfEmployees":{"@type":"QuantitativeValue","minValue":"11","maxValue":"50"}},{"@type":"Person","@id":"https:\/\/www.hoecker.eu\/blog\/#\/schema\/person\/08f95581eed0534eccd0b2438f7a1cab","name":"Prof. Dr. Ralf H\u00f6cker","description":"Medienanwalt. Besch\u00fctzer vor mieser Presse","sameAs":["https:\/\/www.hoecker.eu\/wer\/prof-dr-ralf-hoecker","https:\/\/www.facebook.com\/ralf.hoecker","https:\/\/www.linkedin.com\/in\/prof-dr-ralf-hcker-ll-m-london-17987826\/","https:\/\/x.com\/Ralf_Hoecker"],"url":"https:\/\/www.hoecker.eu\/blog\/author\/hoecker_adm\/"}]}},"authors":[{"term_id":84,"user_id":1,"is_guest":0,"slug":"hoecker_adm","display_name":"Prof. Dr. Ralf H\u00f6cker","avatar_url":{"url":"https:\/\/www.hoecker.eu\/blog\/wp-content\/uploads\/2023\/12\/ProfDrRalfHoecker.jpg","url2x":"https:\/\/www.hoecker.eu\/blog\/wp-content\/uploads\/2023\/12\/ProfDrRalfHoecker.jpg"},"0":null,"1":"","2":"","3":"","4":"","5":"","6":"","7":"","8":"","9":"","10":"","11":""}],"_links":{"self":[{"href":"https:\/\/www.hoecker.eu\/blog\/wp-json\/wp\/v2\/posts\/8171","targetHints":{"allow":["GET"]}}],"collection":[{"href":"https:\/\/www.hoecker.eu\/blog\/wp-json\/wp\/v2\/posts"}],"about":[{"href":"https:\/\/www.hoecker.eu\/blog\/wp-json\/wp\/v2\/types\/post"}],"author":[{"embeddable":true,"href":"https:\/\/www.hoecker.eu\/blog\/wp-json\/wp\/v2\/users\/1"}],"replies":[{"embeddable":true,"href":"https:\/\/www.hoecker.eu\/blog\/wp-json\/wp\/v2\/comments?post=8171"}],"version-history":[{"count":2,"href":"https:\/\/www.hoecker.eu\/blog\/wp-json\/wp\/v2\/posts\/8171\/revisions"}],"predecessor-version":[{"id":9293,"href":"https:\/\/www.hoecker.eu\/blog\/wp-json\/wp\/v2\/posts\/8171\/revisions\/9293"}],"wp:attachment":[{"href":"https:\/\/www.hoecker.eu\/blog\/wp-json\/wp\/v2\/media?parent=8171"}],"wp:term":[{"taxonomy":"category","embeddable":true,"href":"https:\/\/www.hoecker.eu\/blog\/wp-json\/wp\/v2\/categories?post=8171"},{"taxonomy":"post_tag","embeddable":true,"href":"https:\/\/www.hoecker.eu\/blog\/wp-json\/wp\/v2\/tags?post=8171"},{"taxonomy":"hashtags","embeddable":true,"href":"https:\/\/www.hoecker.eu\/blog\/wp-json\/wp\/v2\/hashtags?post=8171"},{"taxonomy":"author","embeddable":true,"href":"https:\/\/www.hoecker.eu\/blog\/wp-json\/wp\/v2\/ppma_author?post=8171"}],"curies":[{"name":"wp","href":"https:\/\/api.w.org\/{rel}","templated":true}]}}