{"id":8169,"date":"2023-09-25T19:07:00","date_gmt":"2023-09-25T17:07:00","guid":{"rendered":"https:\/\/www.hoecker.eu\/blog\/gefaelschte-lesermeinung-zu-neymar-in-der-sport-bild-hoecker-geht-fuer-bolzplatzkind-inhaber-henoch-foerster-gegen-plagiat-vor\/"},"modified":"2025-02-17T14:53:44","modified_gmt":"2025-02-17T13:53:44","slug":"gefaelschte-lesermeinung-zu-neymar-in-der-sport-bild-hoecker-geht-fuer-bolzplatzkind-inhaber-henoch-foerster-gegen-plagiat-vor","status":"publish","type":"post","link":"https:\/\/www.hoecker.eu\/blog\/gefaelschte-lesermeinung-zu-neymar-in-der-sport-bild-hoecker-geht-fuer-bolzplatzkind-inhaber-henoch-foerster-gegen-plagiat-vor\/","title":{"rendered":"Gef\u00e4lschte Lesermeinung zu Neymar in der SPORT BILD \u2013  H\u00d6CKER geht f\u00fcr Bolzplatzkind-Inhaber Henoch F\u00f6rster gegen Plagiat vor"},"content":{"rendered":"<p>Die SPORT BILD ver\u00f6ffentlichte am 23.08.2023 in ihrer Ausgabe Nr. 34 den folgenden, als \u201eLesermeinung\u201c gekennzeichneten Text mit dem Titel \u201eF\u00fcr Neymar kein Verst\u00e4ndnis\u201c eines namentlich genannten Einsenders:<\/p>\n<figure><img decoding=\"async\" src=\"{asset:44992:url||https:\/\/www.hoecker.eu\/assets\/img\/bpk1.jpg}\" alt=\"\" \/><\/figure>\n<p>Darin lies der Einsender seine angeblich eigene Kommentierung zum Neymar-Wechsel nach Saudi-Arabien ver\u00f6ffentlichen. Er hatte gegen\u00fcber der Redaktion behauptet, dass es sich hierbei um einen von ihm selbst verfassten Text handelte. <\/p>\n<p>Ein aufmerksamer SPORT BILD-Leser und Kunde des H\u00d6CKER-Mandanten \u201eBolzplatzkind\u201c (Henoch F\u00f6rster) hatte ihn \u00fcber LinkedIn darauf aufmerksam gemacht. Denn tats\u00e4chlich hatte der Einsender die vorgenannten Zeilen bei F\u00f6rster abgeschrieben, der zuvor am 16.08.2023 unter seinem Facebook-Profil \u201eBolzplatzkind\u201c einen l\u00e4ngeren Text zum Neymar-Wechsel nach Saudi-Arabien ver\u00f6ffentlicht hatte, darunter 1:1 die sp\u00e4ter gestohlenen Worte. Das Posting hat \u00fcber 25.000 Gef\u00e4llt mir-Angaben, knapp 4.000 Kommentare und wurde schnell \u00fcber 1.300 Mal geteilt:<\/p>\n<figure><img decoding=\"async\" src=\"{asset:44994:url||https:\/\/www.hoecker.eu\/assets\/img\/bpk2.jpg}\" alt=\"\" \/><\/figure>\n<figure><img decoding=\"async\" src=\"{asset:44993:url||https:\/\/www.hoecker.eu\/assets\/img\/bpk3.jpg}\" alt=\"\" \/><\/figure>\n<p>Auf die Abmahnung von H\u00d6CKER gab der vermeintliche Urheber der \u201eLesermeinung\u201c am 14.09.2023 eine strafbewehrte Unterlassungs- und Verpflichtungserkl\u00e4rung ab und zahlte nun auch die aufgrund der Abmahnung entstandenen Rechtsanwaltskosten in H\u00f6he von knapp 1.300,- EUR. <\/p>\n<p>Rechtsanwalt Dr. Marcel Leeser: \u201eAuch die Kommentierung eines sportlichen Ereignisses kann urheberrechtlich gesch\u00fctzt sein. Eigene Ver\u00f6ffentlichungen sollten stets eigene gedankliche Neusch\u00f6pfungen statt 1:1-Plagiate fremder \u00c4u\u00dferungen sein. Anderenfalls droht die Inanspruchnahme auf Unterlassung und Schadensersatz. Dass nunmehr schon Facebook-Postings unseres Mandanten plagiiert werden, best\u00e4tigt zwar deren Qualit\u00e4t und Unterhaltungswert, kann aber letztlich nicht toleriert werden.\u201c <\/p>\n","protected":false},"excerpt":{"rendered":"<p>Die SPORT BILD ver\u00f6ffentlichte am 23.08.2023 in ihrer Ausgabe Nr. 34 den folgenden, als \u201eLesermeinung\u201c gekennzeichneten Text mit dem Titel \u201eF\u00fcr Neymar kein Verst\u00e4ndnis\u201c eines namentlich genannten Einsenders: Darin lies der Einsender seine angeblich eigene Kommentierung zum Neymar-Wechsel nach Saudi-Arabien ver\u00f6ffentlichen. Er hatte gegen\u00fcber der Redaktion behauptet, dass es sich hierbei um einen von ihm [&hellip;]<\/p>\n","protected":false},"author":1,"featured_media":0,"comment_status":"closed","ping_status":"closed","sticky":false,"template":"","format":"standard","meta":{"_has_post_settings":[],"footnotes":""},"categories":[15],"tags":[],"hashtags":[],"ppma_author":[84],"class_list":["post-8169","post","type-post","status-publish","format-standard","hentry","category-news","author-hoecker_adm"],"yoast_head":"<!-- This site is optimized with the Yoast SEO Premium plugin v25.9 (Yoast SEO v27.0) - https:\/\/yoast.com\/product\/yoast-seo-premium-wordpress\/ -->\n<title>Gef\u00e4lschte Lesermeinung zu Neymar in der SPORT BILD \u2013 H\u00d6CKER geht f\u00fcr Bolzplatzkind-Inhaber Henoch F\u00f6rster gegen Plagiat vor - H\u00d6CKER - der Blog<\/title>\n<meta name=\"robots\" content=\"index, follow, max-snippet:-1, max-image-preview:large, max-video-preview:-1\" \/>\n<link rel=\"canonical\" href=\"https:\/\/www.hoecker.eu\/blog\/gefaelschte-lesermeinung-zu-neymar-in-der-sport-bild-hoecker-geht-fuer-bolzplatzkind-inhaber-henoch-foerster-gegen-plagiat-vor\/\" \/>\n<meta property=\"og:locale\" content=\"de_DE\" \/>\n<meta property=\"og:type\" content=\"article\" \/>\n<meta property=\"og:title\" content=\"Gef\u00e4lschte Lesermeinung zu Neymar in der SPORT BILD \u2013 H\u00d6CKER geht f\u00fcr Bolzplatzkind-Inhaber Henoch F\u00f6rster gegen Plagiat vor\" \/>\n<meta property=\"og:description\" content=\"Die SPORT BILD ver\u00f6ffentlichte am 23.08.2023 in ihrer Ausgabe Nr. 34 den folgenden, als \u201eLesermeinung\u201c gekennzeichneten Text mit dem Titel \u201eF\u00fcr Neymar kein Verst\u00e4ndnis\u201c eines namentlich genannten Einsenders: Darin lies der Einsender seine angeblich eigene Kommentierung zum Neymar-Wechsel nach Saudi-Arabien ver\u00f6ffentlichen. Er hatte gegen\u00fcber der Redaktion behauptet, dass es sich hierbei um einen von ihm [&hellip;]\" \/>\n<meta property=\"og:url\" content=\"https:\/\/www.hoecker.eu\/blog\/gefaelschte-lesermeinung-zu-neymar-in-der-sport-bild-hoecker-geht-fuer-bolzplatzkind-inhaber-henoch-foerster-gegen-plagiat-vor\/\" \/>\n<meta property=\"og:site_name\" content=\"H\u00d6CKER - der Blog\" \/>\n<meta property=\"article:publisher\" content=\"https:\/\/www.facebook.com\/HoeckerRAe\/\" \/>\n<meta property=\"article:author\" content=\"https:\/\/www.facebook.com\/ralf.hoecker\" \/>\n<meta property=\"article:published_time\" content=\"2023-09-25T17:07:00+00:00\" \/>\n<meta property=\"article:modified_time\" content=\"2025-02-17T13:53:44+00:00\" \/>\n<meta name=\"author\" content=\"Prof. Dr. Ralf H\u00f6cker\" \/>\n<meta name=\"twitter:card\" content=\"summary_large_image\" \/>\n<meta name=\"twitter:creator\" content=\"@Ralf_Hoecker\" \/>\n<meta name=\"twitter:site\" content=\"@hoecker_rae\" \/>\n<meta name=\"twitter:label1\" content=\"Verfasst von\" \/>\n\t<meta name=\"twitter:data1\" content=\"Prof. Dr. Ralf H\u00f6cker\" \/>\n\t<meta name=\"twitter:label2\" content=\"Gesch\u00e4tzte Lesezeit\" \/>\n\t<meta name=\"twitter:data2\" content=\"1\u00a0Minute\" \/>\n<script type=\"application\/ld+json\" class=\"yoast-schema-graph\">{\"@context\":\"https:\/\/schema.org\",\"@graph\":[{\"@type\":\"Article\",\"@id\":\"https:\/\/www.hoecker.eu\/blog\/gefaelschte-lesermeinung-zu-neymar-in-der-sport-bild-hoecker-geht-fuer-bolzplatzkind-inhaber-henoch-foerster-gegen-plagiat-vor\/#article\",\"isPartOf\":{\"@id\":\"https:\/\/www.hoecker.eu\/blog\/gefaelschte-lesermeinung-zu-neymar-in-der-sport-bild-hoecker-geht-fuer-bolzplatzkind-inhaber-henoch-foerster-gegen-plagiat-vor\/\"},\"author\":{\"name\":\"Prof. Dr. Ralf H\u00f6cker\",\"@id\":\"https:\/\/www.hoecker.eu\/blog\/#\/schema\/person\/08f95581eed0534eccd0b2438f7a1cab\"},\"headline\":\"Gef\u00e4lschte Lesermeinung zu Neymar in der SPORT BILD \u2013 H\u00d6CKER geht f\u00fcr Bolzplatzkind-Inhaber Henoch F\u00f6rster gegen Plagiat vor\",\"datePublished\":\"2023-09-25T17:07:00+00:00\",\"dateModified\":\"2025-02-17T13:53:44+00:00\",\"mainEntityOfPage\":{\"@id\":\"https:\/\/www.hoecker.eu\/blog\/gefaelschte-lesermeinung-zu-neymar-in-der-sport-bild-hoecker-geht-fuer-bolzplatzkind-inhaber-henoch-foerster-gegen-plagiat-vor\/\"},\"wordCount\":252,\"publisher\":{\"@id\":\"https:\/\/www.hoecker.eu\/blog\/#organization\"},\"articleSection\":[\"News\"],\"inLanguage\":\"de\"},{\"@type\":\"WebPage\",\"@id\":\"https:\/\/www.hoecker.eu\/blog\/gefaelschte-lesermeinung-zu-neymar-in-der-sport-bild-hoecker-geht-fuer-bolzplatzkind-inhaber-henoch-foerster-gegen-plagiat-vor\/\",\"url\":\"https:\/\/www.hoecker.eu\/blog\/gefaelschte-lesermeinung-zu-neymar-in-der-sport-bild-hoecker-geht-fuer-bolzplatzkind-inhaber-henoch-foerster-gegen-plagiat-vor\/\",\"name\":\"Gef\u00e4lschte Lesermeinung zu Neymar in der SPORT BILD \u2013 H\u00d6CKER geht f\u00fcr Bolzplatzkind-Inhaber Henoch F\u00f6rster gegen Plagiat vor - H\u00d6CKER - der Blog\",\"isPartOf\":{\"@id\":\"https:\/\/www.hoecker.eu\/blog\/#website\"},\"datePublished\":\"2023-09-25T17:07:00+00:00\",\"dateModified\":\"2025-02-17T13:53:44+00:00\",\"breadcrumb\":{\"@id\":\"https:\/\/www.hoecker.eu\/blog\/gefaelschte-lesermeinung-zu-neymar-in-der-sport-bild-hoecker-geht-fuer-bolzplatzkind-inhaber-henoch-foerster-gegen-plagiat-vor\/#breadcrumb\"},\"inLanguage\":\"de\",\"potentialAction\":[{\"@type\":\"ReadAction\",\"target\":[\"https:\/\/www.hoecker.eu\/blog\/gefaelschte-lesermeinung-zu-neymar-in-der-sport-bild-hoecker-geht-fuer-bolzplatzkind-inhaber-henoch-foerster-gegen-plagiat-vor\/\"]}]},{\"@type\":\"BreadcrumbList\",\"@id\":\"https:\/\/www.hoecker.eu\/blog\/gefaelschte-lesermeinung-zu-neymar-in-der-sport-bild-hoecker-geht-fuer-bolzplatzkind-inhaber-henoch-foerster-gegen-plagiat-vor\/#breadcrumb\",\"itemListElement\":[{\"@type\":\"ListItem\",\"position\":1,\"name\":\"Startseite\",\"item\":\"https:\/\/dev.hoecker.eu\/blog\/\"},{\"@type\":\"ListItem\",\"position\":2,\"name\":\"Gef\u00e4lschte Lesermeinung zu Neymar in der SPORT BILD \u2013 H\u00d6CKER geht f\u00fcr Bolzplatzkind-Inhaber Henoch F\u00f6rster gegen Plagiat vor\"}]},{\"@type\":\"WebSite\",\"@id\":\"https:\/\/www.hoecker.eu\/blog\/#website\",\"url\":\"https:\/\/www.hoecker.eu\/blog\/\",\"name\":\"H\u00d6CKER - der Blog\",\"description\":\"Expertenblog f\u00fcr \u00c4u\u00dferungs-, Medien-, Marken-, Urheber- und Wettbewerbsrecht.\",\"publisher\":{\"@id\":\"https:\/\/www.hoecker.eu\/blog\/#organization\"},\"potentialAction\":[{\"@type\":\"SearchAction\",\"target\":{\"@type\":\"EntryPoint\",\"urlTemplate\":\"https:\/\/www.hoecker.eu\/blog\/?s={search_term_string}\"},\"query-input\":{\"@type\":\"PropertyValueSpecification\",\"valueRequired\":true,\"valueName\":\"search_term_string\"}}],\"inLanguage\":\"de\"},{\"@type\":\"Organization\",\"@id\":\"https:\/\/www.hoecker.eu\/blog\/#organization\",\"name\":\"H\u00d6CKER Rechtsanw\u00e4lte PartGmbB\",\"alternateName\":\"H\u00d6CKER\",\"url\":\"https:\/\/www.hoecker.eu\/blog\/\",\"logo\":{\"@type\":\"ImageObject\",\"inLanguage\":\"de\",\"@id\":\"https:\/\/www.hoecker.eu\/blog\/#\/schema\/logo\/image\/\",\"url\":\"https:\/\/www.hoecker.eu\/blog\/wp-content\/uploads\/2025\/03\/Blog-Logo.webp\",\"contentUrl\":\"https:\/\/www.hoecker.eu\/blog\/wp-content\/uploads\/2025\/03\/Blog-Logo.webp\",\"width\":500,\"height\":500,\"caption\":\"H\u00d6CKER Rechtsanw\u00e4lte PartGmbB\"},\"image\":{\"@id\":\"https:\/\/www.hoecker.eu\/blog\/#\/schema\/logo\/image\/\"},\"sameAs\":[\"https:\/\/www.facebook.com\/HoeckerRAe\/\",\"https:\/\/x.com\/hoecker_rae\",\"https:\/\/www.linkedin.com\/company\/hcker-rechtsanwlte\/\",\"https:\/\/www.instagram.com\/hoecker_rae\/\"],\"email\":\"contact@hoecker.eu\",\"telephone\":\"+ 49 (0)221-933 19-10\",\"legalName\":\"H\u00d6CKER Rechtsanw\u00e4lte PartGmbB\",\"numberOfEmployees\":{\"@type\":\"QuantitativeValue\",\"minValue\":\"11\",\"maxValue\":\"50\"}},{\"@type\":\"Person\",\"@id\":\"https:\/\/www.hoecker.eu\/blog\/#\/schema\/person\/08f95581eed0534eccd0b2438f7a1cab\",\"name\":\"Prof. Dr. Ralf H\u00f6cker\",\"description\":\"Medienanwalt. Besch\u00fctzer vor mieser Presse\",\"sameAs\":[\"https:\/\/www.hoecker.eu\/wer\/prof-dr-ralf-hoecker\",\"https:\/\/www.facebook.com\/ralf.hoecker\",\"https:\/\/www.linkedin.com\/in\/prof-dr-ralf-hcker-ll-m-london-17987826\/\",\"https:\/\/x.com\/Ralf_Hoecker\"],\"url\":\"https:\/\/www.hoecker.eu\/blog\/author\/hoecker_adm\/\"}]}<\/script>\n<!-- \/ Yoast SEO Premium plugin. -->","yoast_head_json":{"title":"Gef\u00e4lschte Lesermeinung zu Neymar in der SPORT BILD \u2013 H\u00d6CKER geht f\u00fcr Bolzplatzkind-Inhaber Henoch F\u00f6rster gegen Plagiat vor - H\u00d6CKER - der Blog","robots":{"index":"index","follow":"follow","max-snippet":"max-snippet:-1","max-image-preview":"max-image-preview:large","max-video-preview":"max-video-preview:-1"},"canonical":"https:\/\/www.hoecker.eu\/blog\/gefaelschte-lesermeinung-zu-neymar-in-der-sport-bild-hoecker-geht-fuer-bolzplatzkind-inhaber-henoch-foerster-gegen-plagiat-vor\/","og_locale":"de_DE","og_type":"article","og_title":"Gef\u00e4lschte Lesermeinung zu Neymar in der SPORT BILD \u2013 H\u00d6CKER geht f\u00fcr Bolzplatzkind-Inhaber Henoch F\u00f6rster gegen Plagiat vor","og_description":"Die SPORT BILD ver\u00f6ffentlichte am 23.08.2023 in ihrer Ausgabe Nr. 34 den folgenden, als \u201eLesermeinung\u201c gekennzeichneten Text mit dem Titel \u201eF\u00fcr Neymar kein Verst\u00e4ndnis\u201c eines namentlich genannten Einsenders: Darin lies der Einsender seine angeblich eigene Kommentierung zum Neymar-Wechsel nach Saudi-Arabien ver\u00f6ffentlichen. Er hatte gegen\u00fcber der Redaktion behauptet, dass es sich hierbei um einen von ihm [&hellip;]","og_url":"https:\/\/www.hoecker.eu\/blog\/gefaelschte-lesermeinung-zu-neymar-in-der-sport-bild-hoecker-geht-fuer-bolzplatzkind-inhaber-henoch-foerster-gegen-plagiat-vor\/","og_site_name":"H\u00d6CKER - der Blog","article_publisher":"https:\/\/www.facebook.com\/HoeckerRAe\/","article_author":"https:\/\/www.facebook.com\/ralf.hoecker","article_published_time":"2023-09-25T17:07:00+00:00","article_modified_time":"2025-02-17T13:53:44+00:00","author":"Prof. Dr. Ralf H\u00f6cker","twitter_card":"summary_large_image","twitter_creator":"@Ralf_Hoecker","twitter_site":"@hoecker_rae","twitter_misc":{"Verfasst von":"Prof. Dr. Ralf H\u00f6cker","Gesch\u00e4tzte Lesezeit":"1\u00a0Minute"},"schema":{"@context":"https:\/\/schema.org","@graph":[{"@type":"Article","@id":"https:\/\/www.hoecker.eu\/blog\/gefaelschte-lesermeinung-zu-neymar-in-der-sport-bild-hoecker-geht-fuer-bolzplatzkind-inhaber-henoch-foerster-gegen-plagiat-vor\/#article","isPartOf":{"@id":"https:\/\/www.hoecker.eu\/blog\/gefaelschte-lesermeinung-zu-neymar-in-der-sport-bild-hoecker-geht-fuer-bolzplatzkind-inhaber-henoch-foerster-gegen-plagiat-vor\/"},"author":{"name":"Prof. Dr. Ralf H\u00f6cker","@id":"https:\/\/www.hoecker.eu\/blog\/#\/schema\/person\/08f95581eed0534eccd0b2438f7a1cab"},"headline":"Gef\u00e4lschte Lesermeinung zu Neymar in der SPORT BILD \u2013 H\u00d6CKER geht f\u00fcr Bolzplatzkind-Inhaber Henoch F\u00f6rster gegen Plagiat vor","datePublished":"2023-09-25T17:07:00+00:00","dateModified":"2025-02-17T13:53:44+00:00","mainEntityOfPage":{"@id":"https:\/\/www.hoecker.eu\/blog\/gefaelschte-lesermeinung-zu-neymar-in-der-sport-bild-hoecker-geht-fuer-bolzplatzkind-inhaber-henoch-foerster-gegen-plagiat-vor\/"},"wordCount":252,"publisher":{"@id":"https:\/\/www.hoecker.eu\/blog\/#organization"},"articleSection":["News"],"inLanguage":"de"},{"@type":"WebPage","@id":"https:\/\/www.hoecker.eu\/blog\/gefaelschte-lesermeinung-zu-neymar-in-der-sport-bild-hoecker-geht-fuer-bolzplatzkind-inhaber-henoch-foerster-gegen-plagiat-vor\/","url":"https:\/\/www.hoecker.eu\/blog\/gefaelschte-lesermeinung-zu-neymar-in-der-sport-bild-hoecker-geht-fuer-bolzplatzkind-inhaber-henoch-foerster-gegen-plagiat-vor\/","name":"Gef\u00e4lschte Lesermeinung zu Neymar in der SPORT BILD \u2013 H\u00d6CKER geht f\u00fcr Bolzplatzkind-Inhaber Henoch F\u00f6rster gegen Plagiat vor - H\u00d6CKER - der Blog","isPartOf":{"@id":"https:\/\/www.hoecker.eu\/blog\/#website"},"datePublished":"2023-09-25T17:07:00+00:00","dateModified":"2025-02-17T13:53:44+00:00","breadcrumb":{"@id":"https:\/\/www.hoecker.eu\/blog\/gefaelschte-lesermeinung-zu-neymar-in-der-sport-bild-hoecker-geht-fuer-bolzplatzkind-inhaber-henoch-foerster-gegen-plagiat-vor\/#breadcrumb"},"inLanguage":"de","potentialAction":[{"@type":"ReadAction","target":["https:\/\/www.hoecker.eu\/blog\/gefaelschte-lesermeinung-zu-neymar-in-der-sport-bild-hoecker-geht-fuer-bolzplatzkind-inhaber-henoch-foerster-gegen-plagiat-vor\/"]}]},{"@type":"BreadcrumbList","@id":"https:\/\/www.hoecker.eu\/blog\/gefaelschte-lesermeinung-zu-neymar-in-der-sport-bild-hoecker-geht-fuer-bolzplatzkind-inhaber-henoch-foerster-gegen-plagiat-vor\/#breadcrumb","itemListElement":[{"@type":"ListItem","position":1,"name":"Startseite","item":"https:\/\/dev.hoecker.eu\/blog\/"},{"@type":"ListItem","position":2,"name":"Gef\u00e4lschte Lesermeinung zu Neymar in der SPORT BILD \u2013 H\u00d6CKER geht f\u00fcr Bolzplatzkind-Inhaber Henoch F\u00f6rster gegen Plagiat vor"}]},{"@type":"WebSite","@id":"https:\/\/www.hoecker.eu\/blog\/#website","url":"https:\/\/www.hoecker.eu\/blog\/","name":"H\u00d6CKER - der Blog","description":"Expertenblog f\u00fcr \u00c4u\u00dferungs-, Medien-, Marken-, Urheber- und Wettbewerbsrecht.","publisher":{"@id":"https:\/\/www.hoecker.eu\/blog\/#organization"},"potentialAction":[{"@type":"SearchAction","target":{"@type":"EntryPoint","urlTemplate":"https:\/\/www.hoecker.eu\/blog\/?s={search_term_string}"},"query-input":{"@type":"PropertyValueSpecification","valueRequired":true,"valueName":"search_term_string"}}],"inLanguage":"de"},{"@type":"Organization","@id":"https:\/\/www.hoecker.eu\/blog\/#organization","name":"H\u00d6CKER Rechtsanw\u00e4lte PartGmbB","alternateName":"H\u00d6CKER","url":"https:\/\/www.hoecker.eu\/blog\/","logo":{"@type":"ImageObject","inLanguage":"de","@id":"https:\/\/www.hoecker.eu\/blog\/#\/schema\/logo\/image\/","url":"https:\/\/www.hoecker.eu\/blog\/wp-content\/uploads\/2025\/03\/Blog-Logo.webp","contentUrl":"https:\/\/www.hoecker.eu\/blog\/wp-content\/uploads\/2025\/03\/Blog-Logo.webp","width":500,"height":500,"caption":"H\u00d6CKER Rechtsanw\u00e4lte PartGmbB"},"image":{"@id":"https:\/\/www.hoecker.eu\/blog\/#\/schema\/logo\/image\/"},"sameAs":["https:\/\/www.facebook.com\/HoeckerRAe\/","https:\/\/x.com\/hoecker_rae","https:\/\/www.linkedin.com\/company\/hcker-rechtsanwlte\/","https:\/\/www.instagram.com\/hoecker_rae\/"],"email":"contact@hoecker.eu","telephone":"+ 49 (0)221-933 19-10","legalName":"H\u00d6CKER Rechtsanw\u00e4lte PartGmbB","numberOfEmployees":{"@type":"QuantitativeValue","minValue":"11","maxValue":"50"}},{"@type":"Person","@id":"https:\/\/www.hoecker.eu\/blog\/#\/schema\/person\/08f95581eed0534eccd0b2438f7a1cab","name":"Prof. Dr. Ralf H\u00f6cker","description":"Medienanwalt. Besch\u00fctzer vor mieser Presse","sameAs":["https:\/\/www.hoecker.eu\/wer\/prof-dr-ralf-hoecker","https:\/\/www.facebook.com\/ralf.hoecker","https:\/\/www.linkedin.com\/in\/prof-dr-ralf-hcker-ll-m-london-17987826\/","https:\/\/x.com\/Ralf_Hoecker"],"url":"https:\/\/www.hoecker.eu\/blog\/author\/hoecker_adm\/"}]}},"authors":[{"term_id":84,"user_id":1,"is_guest":0,"slug":"hoecker_adm","display_name":"Prof. Dr. Ralf H\u00f6cker","avatar_url":{"url":"https:\/\/www.hoecker.eu\/blog\/wp-content\/uploads\/2023\/12\/ProfDrRalfHoecker.jpg","url2x":"https:\/\/www.hoecker.eu\/blog\/wp-content\/uploads\/2023\/12\/ProfDrRalfHoecker.jpg"},"0":null,"1":"","2":"","3":"","4":"","5":"","6":"","7":"","8":"","9":"","10":"","11":""}],"_links":{"self":[{"href":"https:\/\/www.hoecker.eu\/blog\/wp-json\/wp\/v2\/posts\/8169","targetHints":{"allow":["GET"]}}],"collection":[{"href":"https:\/\/www.hoecker.eu\/blog\/wp-json\/wp\/v2\/posts"}],"about":[{"href":"https:\/\/www.hoecker.eu\/blog\/wp-json\/wp\/v2\/types\/post"}],"author":[{"embeddable":true,"href":"https:\/\/www.hoecker.eu\/blog\/wp-json\/wp\/v2\/users\/1"}],"replies":[{"embeddable":true,"href":"https:\/\/www.hoecker.eu\/blog\/wp-json\/wp\/v2\/comments?post=8169"}],"version-history":[{"count":1,"href":"https:\/\/www.hoecker.eu\/blog\/wp-json\/wp\/v2\/posts\/8169\/revisions"}],"predecessor-version":[{"id":9291,"href":"https:\/\/www.hoecker.eu\/blog\/wp-json\/wp\/v2\/posts\/8169\/revisions\/9291"}],"wp:attachment":[{"href":"https:\/\/www.hoecker.eu\/blog\/wp-json\/wp\/v2\/media?parent=8169"}],"wp:term":[{"taxonomy":"category","embeddable":true,"href":"https:\/\/www.hoecker.eu\/blog\/wp-json\/wp\/v2\/categories?post=8169"},{"taxonomy":"post_tag","embeddable":true,"href":"https:\/\/www.hoecker.eu\/blog\/wp-json\/wp\/v2\/tags?post=8169"},{"taxonomy":"hashtags","embeddable":true,"href":"https:\/\/www.hoecker.eu\/blog\/wp-json\/wp\/v2\/hashtags?post=8169"},{"taxonomy":"author","embeddable":true,"href":"https:\/\/www.hoecker.eu\/blog\/wp-json\/wp\/v2\/ppma_author?post=8169"}],"curies":[{"name":"wp","href":"https:\/\/api.w.org\/{rel}","templated":true}]}}