{"id":8168,"date":"2023-09-26T14:20:00","date_gmt":"2023-09-26T12:20:00","guid":{"rendered":"https:\/\/www.hoecker.eu\/blog\/gerichtliches-verbot-querdenkerzeitung-demokratischer-widerstand-darf-roger-waters-nicht-als-herausgeber-bezeichnen\/"},"modified":"2026-04-02T07:48:47","modified_gmt":"2026-04-02T05:48:47","slug":"gerichtliches-verbot-querdenkerzeitung-demokratischer-widerstand-darf-roger-waters-nicht-als-herausgeber-bezeichnen","status":"publish","type":"post","link":"https:\/\/www.hoecker.eu\/blog\/gerichtliches-verbot-querdenkerzeitung-demokratischer-widerstand-darf-roger-waters-nicht-als-herausgeber-bezeichnen\/","title":{"rendered":"Gerichtliches Verbot: Querdenkerzeitung \u201eDemokratischer Widerstand\u201c darf Roger Waters nicht als Herausgeber bezeichnen"},"content":{"rendered":"<p>English Version below<\/p>\n<p>Die umstrittene deutsche Zeitung &#8220;Demokratischer Widerstand&#8221;, die krude Theorien \u00fcber Corona und andere politische Themen verbreitet, behauptete seit dem 27. Mai 2023 auf ihrer Titelseite, dass das ehemalige Mitglied der Musikgruppe Pink Floyd, Roger Waters, ihr Herausgeber sei. Nichts k\u00f6nnte weiter von der Wahrheit entfernt sein: Bis u.a. die Taz im Juli 2023 \u00fcber die frei erfundene Position von Roger Waters berichtete, wusste er nicht einmal von deren Existenz.<\/p>\n<p>Das Landgericht K\u00f6ln hat nun eine einstweilige Verf\u00fcgung (Beschl. v. 30.08.2023, 28 O 459\/23 \u2013 n. rk.) gegen den Verlag der Zeitung \u201eDemokratischer Widerstand\u201c erlassen, mit der dem Blatt untersagt wird, zu behaupten, Herr Waters sei der Herausgeber. Auch die Taz hat sich ausdr\u00fccklich f\u00fcr die Verbreitung der falschen Behauptung entschuldigt und den rechtswidrigen Artikel entfernt, vgl. <a href=\"https:\/\/taz.de\/Fehler-in-der-Berichterstattung\/!5952178\/\" target=\"_blank\" rel=\"noreferrer noopener\">https:\/\/taz.de\/Fehler-in-der-Berichterstattung\/!5952178\/<\/a>.<\/p>\n<p>Herr Waters distanziert sich ausdr\u00fccklich von den durch den Demokratischen Widerstand&#8221; verbreiteten Inhalten. Sein Anwalt sagt dazu: \u201eDass sich die Zeitung \u201eDemokratischer Widerstand\u201c derart unverfroren Woche f\u00fcr Woche auf der Titelseite mit dem Namen unseres Mandanten schm\u00fcckt, legt das eigenwillige Wahrheitsverst\u00e4ndnis des Verlags offen. Unser Mandant ist zufrieden mit der Gerichtsentscheidung und unterstreicht, dass er dem Versuch, ihm eine zweifelhafte Rolle zuzuschreiben, um Reichweite zu generieren, einen Riegel vorschiebt.\u201c<\/p>\n<p><strong>Judicial Ban: German Newspaper for Corona Deniers &#8220;Demokratischer Widerstand &#8221; Is Not Allowed to Call Roger Waters Its Editor<\/strong><\/p>\n<p>The controversial German newspaper \u201cDemokratischer Widerstand\u201d, which promotes crude theories on Corona and other political issues, has been claiming on its front page since 27 May 2023 that the former member of the music group Pink Floyd, Roger Waters, is its editor. Nothing could be further from the truth: until the German newspaper taz, among others, reported Mr. Waters\u2019 freely invented position in July 2023, he was not even aware of its existence.<\/p>\n<p>The Regional Court of Cologne has now issued a preliminary injunction against the \u201cDemokratischer Widerstand\u201d publishers prohibiting the publication from alleging that Mr Waters client is the editor. Taz has also expressly apologised for disseminating the false allegation and removed the illegal article, see: <a href=\"https:\/\/taz.de\/Fehler-in-der-Berichterstattung\/!5952178\/\" target=\"_blank\" rel=\"noreferrer noopener\">https:\/\/taz.de\/Fehler-in-der-Berichterstattung\/!5952178\/<\/a><\/p>\n<p>Mr Waters expressly renounced the content disseminated by &#8220;Demokratischer Widerstand&#8221;. His lawyer said: \u201cThe fact that &#8220;Demokratischer Widerstand&#8221; so shamelessly adorns itself with our client&#8217;s name on the front page week after week exposes the publisher&#8217;s idiosyncratic understanding of truth. Our client is pleased with the Court&#8217;s decision which he hopes and expects will put a brake on this attempt to ascribe a dubious role to him in order to generate coverage.&#8221;<\/p>\n","protected":false},"excerpt":{"rendered":"<p>English Version below Die umstrittene deutsche Zeitung &#8220;Demokratischer Widerstand&#8221;, die krude Theorien \u00fcber Corona und andere politische Themen verbreitet, behauptete seit dem 27. Mai 2023 auf ihrer Titelseite, dass das ehemalige Mitglied der Musikgruppe Pink Floyd, Roger Waters, ihr Herausgeber sei. Nichts k\u00f6nnte weiter von der Wahrheit entfernt sein: Bis u.a. die Taz im Juli [&hellip;]<\/p>\n","protected":false},"author":1,"featured_media":0,"comment_status":"closed","ping_status":"closed","sticky":false,"template":"","format":"standard","meta":{"_has_post_settings":[],"footnotes":""},"categories":[15],"tags":[],"hashtags":[],"ppma_author":[84],"class_list":["post-8168","post","type-post","status-publish","format-standard","hentry","category-news","author-hoecker_adm"],"yoast_head":"<!-- This site is optimized with the Yoast SEO Premium plugin v25.9 (Yoast SEO v27.0) - https:\/\/yoast.com\/product\/yoast-seo-premium-wordpress\/ -->\n<title>Gerichtliches Verbot: Querdenkerzeitung \u201eDemokratischer Widerstand\u201c darf Roger Waters nicht als Herausgeber bezeichnen - H\u00d6CKER - der Blog<\/title>\n<meta name=\"robots\" content=\"index, follow, max-snippet:-1, max-image-preview:large, max-video-preview:-1\" \/>\n<link rel=\"canonical\" href=\"https:\/\/www.hoecker.eu\/blog\/gerichtliches-verbot-querdenkerzeitung-demokratischer-widerstand-darf-roger-waters-nicht-als-herausgeber-bezeichnen\/\" \/>\n<meta property=\"og:locale\" content=\"de_DE\" \/>\n<meta property=\"og:type\" content=\"article\" \/>\n<meta property=\"og:title\" content=\"Gerichtliches Verbot: Querdenkerzeitung \u201eDemokratischer Widerstand\u201c darf Roger Waters nicht als Herausgeber bezeichnen\" \/>\n<meta property=\"og:description\" content=\"English Version below Die umstrittene deutsche Zeitung &#8220;Demokratischer Widerstand&#8221;, die krude Theorien \u00fcber Corona und andere politische Themen verbreitet, behauptete seit dem 27. Mai 2023 auf ihrer Titelseite, dass das ehemalige Mitglied der Musikgruppe Pink Floyd, Roger Waters, ihr Herausgeber sei. Nichts k\u00f6nnte weiter von der Wahrheit entfernt sein: Bis u.a. die Taz im Juli [&hellip;]\" \/>\n<meta property=\"og:url\" content=\"https:\/\/www.hoecker.eu\/blog\/gerichtliches-verbot-querdenkerzeitung-demokratischer-widerstand-darf-roger-waters-nicht-als-herausgeber-bezeichnen\/\" \/>\n<meta property=\"og:site_name\" content=\"H\u00d6CKER - der Blog\" \/>\n<meta property=\"article:publisher\" content=\"https:\/\/www.facebook.com\/HoeckerRAe\/\" \/>\n<meta property=\"article:author\" content=\"https:\/\/www.facebook.com\/ralf.hoecker\" \/>\n<meta property=\"article:published_time\" content=\"2023-09-26T12:20:00+00:00\" \/>\n<meta property=\"article:modified_time\" content=\"2026-04-02T05:48:47+00:00\" \/>\n<meta name=\"author\" content=\"Prof. Dr. Ralf H\u00f6cker\" \/>\n<meta name=\"twitter:card\" content=\"summary_large_image\" \/>\n<meta name=\"twitter:creator\" content=\"@Ralf_Hoecker\" \/>\n<meta name=\"twitter:site\" content=\"@hoecker_rae\" \/>\n<meta name=\"twitter:label1\" content=\"Verfasst von\" \/>\n\t<meta name=\"twitter:data1\" content=\"Prof. Dr. Ralf H\u00f6cker\" \/>\n\t<meta name=\"twitter:label2\" content=\"Gesch\u00e4tzte Lesezeit\" \/>\n\t<meta name=\"twitter:data2\" content=\"3\u00a0Minuten\" \/>\n<script type=\"application\/ld+json\" class=\"yoast-schema-graph\">{\"@context\":\"https:\/\/schema.org\",\"@graph\":[{\"@type\":\"Article\",\"@id\":\"https:\/\/www.hoecker.eu\/blog\/gerichtliches-verbot-querdenkerzeitung-demokratischer-widerstand-darf-roger-waters-nicht-als-herausgeber-bezeichnen\/#article\",\"isPartOf\":{\"@id\":\"https:\/\/www.hoecker.eu\/blog\/gerichtliches-verbot-querdenkerzeitung-demokratischer-widerstand-darf-roger-waters-nicht-als-herausgeber-bezeichnen\/\"},\"author\":{\"name\":\"Prof. Dr. Ralf H\u00f6cker\",\"@id\":\"https:\/\/www.hoecker.eu\/blog\/#\/schema\/person\/08f95581eed0534eccd0b2438f7a1cab\"},\"headline\":\"Gerichtliches Verbot: Querdenkerzeitung \u201eDemokratischer Widerstand\u201c darf Roger Waters nicht als Herausgeber bezeichnen\",\"datePublished\":\"2023-09-26T12:20:00+00:00\",\"dateModified\":\"2026-04-02T05:48:47+00:00\",\"mainEntityOfPage\":{\"@id\":\"https:\/\/www.hoecker.eu\/blog\/gerichtliches-verbot-querdenkerzeitung-demokratischer-widerstand-darf-roger-waters-nicht-als-herausgeber-bezeichnen\/\"},\"wordCount\":428,\"publisher\":{\"@id\":\"https:\/\/www.hoecker.eu\/blog\/#organization\"},\"articleSection\":[\"News\"],\"inLanguage\":\"de\"},{\"@type\":\"WebPage\",\"@id\":\"https:\/\/www.hoecker.eu\/blog\/gerichtliches-verbot-querdenkerzeitung-demokratischer-widerstand-darf-roger-waters-nicht-als-herausgeber-bezeichnen\/\",\"url\":\"https:\/\/www.hoecker.eu\/blog\/gerichtliches-verbot-querdenkerzeitung-demokratischer-widerstand-darf-roger-waters-nicht-als-herausgeber-bezeichnen\/\",\"name\":\"Gerichtliches Verbot: Querdenkerzeitung \u201eDemokratischer Widerstand\u201c darf Roger Waters nicht als Herausgeber bezeichnen - H\u00d6CKER - der Blog\",\"isPartOf\":{\"@id\":\"https:\/\/www.hoecker.eu\/blog\/#website\"},\"datePublished\":\"2023-09-26T12:20:00+00:00\",\"dateModified\":\"2026-04-02T05:48:47+00:00\",\"breadcrumb\":{\"@id\":\"https:\/\/www.hoecker.eu\/blog\/gerichtliches-verbot-querdenkerzeitung-demokratischer-widerstand-darf-roger-waters-nicht-als-herausgeber-bezeichnen\/#breadcrumb\"},\"inLanguage\":\"de\",\"potentialAction\":[{\"@type\":\"ReadAction\",\"target\":[\"https:\/\/www.hoecker.eu\/blog\/gerichtliches-verbot-querdenkerzeitung-demokratischer-widerstand-darf-roger-waters-nicht-als-herausgeber-bezeichnen\/\"]}]},{\"@type\":\"BreadcrumbList\",\"@id\":\"https:\/\/www.hoecker.eu\/blog\/gerichtliches-verbot-querdenkerzeitung-demokratischer-widerstand-darf-roger-waters-nicht-als-herausgeber-bezeichnen\/#breadcrumb\",\"itemListElement\":[{\"@type\":\"ListItem\",\"position\":1,\"name\":\"Startseite\",\"item\":\"https:\/\/dev.hoecker.eu\/blog\/\"},{\"@type\":\"ListItem\",\"position\":2,\"name\":\"Gerichtliches Verbot: Querdenkerzeitung \u201eDemokratischer Widerstand\u201c darf Roger Waters nicht als Herausgeber bezeichnen\"}]},{\"@type\":\"WebSite\",\"@id\":\"https:\/\/www.hoecker.eu\/blog\/#website\",\"url\":\"https:\/\/www.hoecker.eu\/blog\/\",\"name\":\"H\u00d6CKER - der Blog\",\"description\":\"Expertenblog f\u00fcr \u00c4u\u00dferungs-, Medien-, Marken-, Urheber- und Wettbewerbsrecht.\",\"publisher\":{\"@id\":\"https:\/\/www.hoecker.eu\/blog\/#organization\"},\"potentialAction\":[{\"@type\":\"SearchAction\",\"target\":{\"@type\":\"EntryPoint\",\"urlTemplate\":\"https:\/\/www.hoecker.eu\/blog\/?s={search_term_string}\"},\"query-input\":{\"@type\":\"PropertyValueSpecification\",\"valueRequired\":true,\"valueName\":\"search_term_string\"}}],\"inLanguage\":\"de\"},{\"@type\":\"Organization\",\"@id\":\"https:\/\/www.hoecker.eu\/blog\/#organization\",\"name\":\"H\u00d6CKER Rechtsanw\u00e4lte PartGmbB\",\"alternateName\":\"H\u00d6CKER\",\"url\":\"https:\/\/www.hoecker.eu\/blog\/\",\"logo\":{\"@type\":\"ImageObject\",\"inLanguage\":\"de\",\"@id\":\"https:\/\/www.hoecker.eu\/blog\/#\/schema\/logo\/image\/\",\"url\":\"https:\/\/www.hoecker.eu\/blog\/wp-content\/uploads\/2025\/03\/Blog-Logo.webp\",\"contentUrl\":\"https:\/\/www.hoecker.eu\/blog\/wp-content\/uploads\/2025\/03\/Blog-Logo.webp\",\"width\":500,\"height\":500,\"caption\":\"H\u00d6CKER Rechtsanw\u00e4lte PartGmbB\"},\"image\":{\"@id\":\"https:\/\/www.hoecker.eu\/blog\/#\/schema\/logo\/image\/\"},\"sameAs\":[\"https:\/\/www.facebook.com\/HoeckerRAe\/\",\"https:\/\/x.com\/hoecker_rae\",\"https:\/\/www.linkedin.com\/company\/hcker-rechtsanwlte\/\",\"https:\/\/www.instagram.com\/hoecker_rae\/\"],\"email\":\"contact@hoecker.eu\",\"telephone\":\"+ 49 (0)221-933 19-10\",\"legalName\":\"H\u00d6CKER Rechtsanw\u00e4lte PartGmbB\",\"numberOfEmployees\":{\"@type\":\"QuantitativeValue\",\"minValue\":\"11\",\"maxValue\":\"50\"}},{\"@type\":\"Person\",\"@id\":\"https:\/\/www.hoecker.eu\/blog\/#\/schema\/person\/08f95581eed0534eccd0b2438f7a1cab\",\"name\":\"Prof. Dr. Ralf H\u00f6cker\",\"description\":\"Medienanwalt. Besch\u00fctzer vor mieser Presse\",\"sameAs\":[\"https:\/\/www.hoecker.eu\/wer\/prof-dr-ralf-hoecker\",\"https:\/\/www.facebook.com\/ralf.hoecker\",\"https:\/\/www.linkedin.com\/in\/prof-dr-ralf-hcker-ll-m-london-17987826\/\",\"https:\/\/x.com\/Ralf_Hoecker\"],\"url\":\"https:\/\/www.hoecker.eu\/blog\/author\/hoecker_adm\/\"}]}<\/script>\n<!-- \/ Yoast SEO Premium plugin. -->","yoast_head_json":{"title":"Gerichtliches Verbot: Querdenkerzeitung \u201eDemokratischer Widerstand\u201c darf Roger Waters nicht als Herausgeber bezeichnen - H\u00d6CKER - der Blog","robots":{"index":"index","follow":"follow","max-snippet":"max-snippet:-1","max-image-preview":"max-image-preview:large","max-video-preview":"max-video-preview:-1"},"canonical":"https:\/\/www.hoecker.eu\/blog\/gerichtliches-verbot-querdenkerzeitung-demokratischer-widerstand-darf-roger-waters-nicht-als-herausgeber-bezeichnen\/","og_locale":"de_DE","og_type":"article","og_title":"Gerichtliches Verbot: Querdenkerzeitung \u201eDemokratischer Widerstand\u201c darf Roger Waters nicht als Herausgeber bezeichnen","og_description":"English Version below Die umstrittene deutsche Zeitung &#8220;Demokratischer Widerstand&#8221;, die krude Theorien \u00fcber Corona und andere politische Themen verbreitet, behauptete seit dem 27. Mai 2023 auf ihrer Titelseite, dass das ehemalige Mitglied der Musikgruppe Pink Floyd, Roger Waters, ihr Herausgeber sei. Nichts k\u00f6nnte weiter von der Wahrheit entfernt sein: Bis u.a. die Taz im Juli [&hellip;]","og_url":"https:\/\/www.hoecker.eu\/blog\/gerichtliches-verbot-querdenkerzeitung-demokratischer-widerstand-darf-roger-waters-nicht-als-herausgeber-bezeichnen\/","og_site_name":"H\u00d6CKER - der Blog","article_publisher":"https:\/\/www.facebook.com\/HoeckerRAe\/","article_author":"https:\/\/www.facebook.com\/ralf.hoecker","article_published_time":"2023-09-26T12:20:00+00:00","article_modified_time":"2026-04-02T05:48:47+00:00","author":"Prof. Dr. Ralf H\u00f6cker","twitter_card":"summary_large_image","twitter_creator":"@Ralf_Hoecker","twitter_site":"@hoecker_rae","twitter_misc":{"Verfasst von":"Prof. Dr. Ralf H\u00f6cker","Gesch\u00e4tzte Lesezeit":"3\u00a0Minuten"},"schema":{"@context":"https:\/\/schema.org","@graph":[{"@type":"Article","@id":"https:\/\/www.hoecker.eu\/blog\/gerichtliches-verbot-querdenkerzeitung-demokratischer-widerstand-darf-roger-waters-nicht-als-herausgeber-bezeichnen\/#article","isPartOf":{"@id":"https:\/\/www.hoecker.eu\/blog\/gerichtliches-verbot-querdenkerzeitung-demokratischer-widerstand-darf-roger-waters-nicht-als-herausgeber-bezeichnen\/"},"author":{"name":"Prof. Dr. Ralf H\u00f6cker","@id":"https:\/\/www.hoecker.eu\/blog\/#\/schema\/person\/08f95581eed0534eccd0b2438f7a1cab"},"headline":"Gerichtliches Verbot: Querdenkerzeitung \u201eDemokratischer Widerstand\u201c darf Roger Waters nicht als Herausgeber bezeichnen","datePublished":"2023-09-26T12:20:00+00:00","dateModified":"2026-04-02T05:48:47+00:00","mainEntityOfPage":{"@id":"https:\/\/www.hoecker.eu\/blog\/gerichtliches-verbot-querdenkerzeitung-demokratischer-widerstand-darf-roger-waters-nicht-als-herausgeber-bezeichnen\/"},"wordCount":428,"publisher":{"@id":"https:\/\/www.hoecker.eu\/blog\/#organization"},"articleSection":["News"],"inLanguage":"de"},{"@type":"WebPage","@id":"https:\/\/www.hoecker.eu\/blog\/gerichtliches-verbot-querdenkerzeitung-demokratischer-widerstand-darf-roger-waters-nicht-als-herausgeber-bezeichnen\/","url":"https:\/\/www.hoecker.eu\/blog\/gerichtliches-verbot-querdenkerzeitung-demokratischer-widerstand-darf-roger-waters-nicht-als-herausgeber-bezeichnen\/","name":"Gerichtliches Verbot: Querdenkerzeitung \u201eDemokratischer Widerstand\u201c darf Roger Waters nicht als Herausgeber bezeichnen - H\u00d6CKER - der Blog","isPartOf":{"@id":"https:\/\/www.hoecker.eu\/blog\/#website"},"datePublished":"2023-09-26T12:20:00+00:00","dateModified":"2026-04-02T05:48:47+00:00","breadcrumb":{"@id":"https:\/\/www.hoecker.eu\/blog\/gerichtliches-verbot-querdenkerzeitung-demokratischer-widerstand-darf-roger-waters-nicht-als-herausgeber-bezeichnen\/#breadcrumb"},"inLanguage":"de","potentialAction":[{"@type":"ReadAction","target":["https:\/\/www.hoecker.eu\/blog\/gerichtliches-verbot-querdenkerzeitung-demokratischer-widerstand-darf-roger-waters-nicht-als-herausgeber-bezeichnen\/"]}]},{"@type":"BreadcrumbList","@id":"https:\/\/www.hoecker.eu\/blog\/gerichtliches-verbot-querdenkerzeitung-demokratischer-widerstand-darf-roger-waters-nicht-als-herausgeber-bezeichnen\/#breadcrumb","itemListElement":[{"@type":"ListItem","position":1,"name":"Startseite","item":"https:\/\/dev.hoecker.eu\/blog\/"},{"@type":"ListItem","position":2,"name":"Gerichtliches Verbot: Querdenkerzeitung \u201eDemokratischer Widerstand\u201c darf Roger Waters nicht als Herausgeber bezeichnen"}]},{"@type":"WebSite","@id":"https:\/\/www.hoecker.eu\/blog\/#website","url":"https:\/\/www.hoecker.eu\/blog\/","name":"H\u00d6CKER - der Blog","description":"Expertenblog f\u00fcr \u00c4u\u00dferungs-, Medien-, Marken-, Urheber- und Wettbewerbsrecht.","publisher":{"@id":"https:\/\/www.hoecker.eu\/blog\/#organization"},"potentialAction":[{"@type":"SearchAction","target":{"@type":"EntryPoint","urlTemplate":"https:\/\/www.hoecker.eu\/blog\/?s={search_term_string}"},"query-input":{"@type":"PropertyValueSpecification","valueRequired":true,"valueName":"search_term_string"}}],"inLanguage":"de"},{"@type":"Organization","@id":"https:\/\/www.hoecker.eu\/blog\/#organization","name":"H\u00d6CKER Rechtsanw\u00e4lte PartGmbB","alternateName":"H\u00d6CKER","url":"https:\/\/www.hoecker.eu\/blog\/","logo":{"@type":"ImageObject","inLanguage":"de","@id":"https:\/\/www.hoecker.eu\/blog\/#\/schema\/logo\/image\/","url":"https:\/\/www.hoecker.eu\/blog\/wp-content\/uploads\/2025\/03\/Blog-Logo.webp","contentUrl":"https:\/\/www.hoecker.eu\/blog\/wp-content\/uploads\/2025\/03\/Blog-Logo.webp","width":500,"height":500,"caption":"H\u00d6CKER Rechtsanw\u00e4lte PartGmbB"},"image":{"@id":"https:\/\/www.hoecker.eu\/blog\/#\/schema\/logo\/image\/"},"sameAs":["https:\/\/www.facebook.com\/HoeckerRAe\/","https:\/\/x.com\/hoecker_rae","https:\/\/www.linkedin.com\/company\/hcker-rechtsanwlte\/","https:\/\/www.instagram.com\/hoecker_rae\/"],"email":"contact@hoecker.eu","telephone":"+ 49 (0)221-933 19-10","legalName":"H\u00d6CKER Rechtsanw\u00e4lte PartGmbB","numberOfEmployees":{"@type":"QuantitativeValue","minValue":"11","maxValue":"50"}},{"@type":"Person","@id":"https:\/\/www.hoecker.eu\/blog\/#\/schema\/person\/08f95581eed0534eccd0b2438f7a1cab","name":"Prof. Dr. Ralf H\u00f6cker","description":"Medienanwalt. Besch\u00fctzer vor mieser Presse","sameAs":["https:\/\/www.hoecker.eu\/wer\/prof-dr-ralf-hoecker","https:\/\/www.facebook.com\/ralf.hoecker","https:\/\/www.linkedin.com\/in\/prof-dr-ralf-hcker-ll-m-london-17987826\/","https:\/\/x.com\/Ralf_Hoecker"],"url":"https:\/\/www.hoecker.eu\/blog\/author\/hoecker_adm\/"}]}},"authors":[{"term_id":84,"user_id":1,"is_guest":0,"slug":"hoecker_adm","display_name":"Prof. Dr. Ralf H\u00f6cker","avatar_url":{"url":"https:\/\/www.hoecker.eu\/blog\/wp-content\/uploads\/2023\/12\/ProfDrRalfHoecker.jpg","url2x":"https:\/\/www.hoecker.eu\/blog\/wp-content\/uploads\/2023\/12\/ProfDrRalfHoecker.jpg"},"0":null,"1":"","2":"","3":"","4":"","5":"","6":"","7":"","8":"","9":"","10":"","11":""}],"_links":{"self":[{"href":"https:\/\/www.hoecker.eu\/blog\/wp-json\/wp\/v2\/posts\/8168","targetHints":{"allow":["GET"]}}],"collection":[{"href":"https:\/\/www.hoecker.eu\/blog\/wp-json\/wp\/v2\/posts"}],"about":[{"href":"https:\/\/www.hoecker.eu\/blog\/wp-json\/wp\/v2\/types\/post"}],"author":[{"embeddable":true,"href":"https:\/\/www.hoecker.eu\/blog\/wp-json\/wp\/v2\/users\/1"}],"replies":[{"embeddable":true,"href":"https:\/\/www.hoecker.eu\/blog\/wp-json\/wp\/v2\/comments?post=8168"}],"version-history":[{"count":2,"href":"https:\/\/www.hoecker.eu\/blog\/wp-json\/wp\/v2\/posts\/8168\/revisions"}],"predecessor-version":[{"id":10373,"href":"https:\/\/www.hoecker.eu\/blog\/wp-json\/wp\/v2\/posts\/8168\/revisions\/10373"}],"wp:attachment":[{"href":"https:\/\/www.hoecker.eu\/blog\/wp-json\/wp\/v2\/media?parent=8168"}],"wp:term":[{"taxonomy":"category","embeddable":true,"href":"https:\/\/www.hoecker.eu\/blog\/wp-json\/wp\/v2\/categories?post=8168"},{"taxonomy":"post_tag","embeddable":true,"href":"https:\/\/www.hoecker.eu\/blog\/wp-json\/wp\/v2\/tags?post=8168"},{"taxonomy":"hashtags","embeddable":true,"href":"https:\/\/www.hoecker.eu\/blog\/wp-json\/wp\/v2\/hashtags?post=8168"},{"taxonomy":"author","embeddable":true,"href":"https:\/\/www.hoecker.eu\/blog\/wp-json\/wp\/v2\/ppma_author?post=8168"}],"curies":[{"name":"wp","href":"https:\/\/api.w.org\/{rel}","templated":true}]}}