{"id":8165,"date":"2023-10-27T08:01:00","date_gmt":"2023-10-27T06:01:00","guid":{"rendered":"https:\/\/www.hoecker.eu\/blog\/hoecker-im-juve-handbuch-wirtschaftskanzleien-2023-2024-erneut-als-topkanzlei-im-presse-und-aeusserungsrecht-gerankt\/"},"modified":"2025-02-17T14:53:42","modified_gmt":"2025-02-17T13:53:42","slug":"hoecker-im-juve-handbuch-wirtschaftskanzleien-2023-2024-erneut-als-topkanzlei-im-presse-und-aeusserungsrecht-gerankt","status":"publish","type":"post","link":"https:\/\/www.hoecker.eu\/blog\/hoecker-im-juve-handbuch-wirtschaftskanzleien-2023-2024-erneut-als-topkanzlei-im-presse-und-aeusserungsrecht-gerankt\/","title":{"rendered":"H\u00d6CKER im JUVE Handbuch Wirtschaftskanzleien 2023\/2024 erneut als Topkanzlei im Presse- und \u00c4u\u00dferungsrecht gerankt"},"content":{"rendered":"<p>JUVE best\u00e4tigt den H\u00d6CKER-Markenkern: \u201eDie K\u00f6lner Kanzlei ist im Presse- und \u00c4u\u00dferungsrecht fest aufseiten Betroffener etabliert. Im Markt sticht sie immer wieder dadurch hervor, dass sie sich auch in F\u00e4llen, vor denen Wettbewerber zur\u00fcckscheuen, mit Nachdruck f\u00fcr ihre Mandanten einsetzt.&#8221;<\/p>\n<p>Weiter hei\u00dft es: &#8220;So ist die Kanzlei f\u00fcr einen breiten Kreis an Mandanten die erste Anlaufstelle in der medialen Krise oder bei der Aufarbeitung von Skandalen. Besonders viel Aufsehen erregt nach wie vor der Missbrauchs-Komplex in der kathol. Kirche.&#8221;<\/p>\n<p>Prof. Dr. Ralf H\u00f6cker wird von der JUVE erneut als einer der f\u00fchrender Berater in der Vertretung gesch\u00e4digter Unternehmen best\u00e4tigt und von Wettbewerbern besonders hervorgehoben: \u201efachlich top, sehr engagiert\u201c, \u201esehr erfahren, starker Einsatz f\u00fcr den Mandanten\u201c<\/p>\n<p>Zur Bewertung: <a href=\"https:\/\/www.juve.de\/juve-rankings\/deutschland\/presse-und-aeusserungsrecht\/hoecker\/\" target=\"_blank\" rel=\"noreferrer noopener\">https:\/\/www.juve.de\/juve-rankings\/deutschland\/presse-und-aeusserungsrecht\/hoecker\/<\/a><\/p>\n<p>Rechtsanwalt und Partner Dr. Carsten Brennecke: \u201eWie freuen uns \u00fcber die erneute Best\u00e4tigung unserer Arbeit. Als gr\u00f6\u00dfte presserechtliche Kanzlei in Deutschland halten wir an unserer traditionellen klaren Fokussierung auf einen energischen Auftritt fest, der uns im Presserecht einen klaren und einzigartigen Markenkern gibt. Das ist das Ergebnis unseres starken, st\u00e4ndig wachsenden Teams, dem wir \u201eDanke\u201c sagen. Danke auch an die Mandanten und Wettbewerber f\u00fcr die Empfehlungen.\u201c<\/p>\n","protected":false},"excerpt":{"rendered":"<p>JUVE best\u00e4tigt den H\u00d6CKER-Markenkern: \u201eDie K\u00f6lner Kanzlei ist im Presse- und \u00c4u\u00dferungsrecht fest aufseiten Betroffener etabliert. Im Markt sticht sie immer wieder dadurch hervor, dass sie sich auch in F\u00e4llen, vor denen Wettbewerber zur\u00fcckscheuen, mit Nachdruck f\u00fcr ihre Mandanten einsetzt.&#8221; Weiter hei\u00dft es: &#8220;So ist die Kanzlei f\u00fcr einen breiten Kreis an Mandanten die erste [&hellip;]<\/p>\n","protected":false},"author":1,"featured_media":0,"comment_status":"closed","ping_status":"closed","sticky":false,"template":"","format":"standard","meta":{"_has_post_settings":[],"footnotes":""},"categories":[15],"tags":[],"hashtags":[],"ppma_author":[84],"class_list":["post-8165","post","type-post","status-publish","format-standard","hentry","category-news","author-hoecker_adm"],"yoast_head":"<!-- This site is optimized with the Yoast SEO Premium plugin v25.9 (Yoast SEO v27.0) - https:\/\/yoast.com\/product\/yoast-seo-premium-wordpress\/ -->\n<title>H\u00d6CKER im JUVE Handbuch Wirtschaftskanzleien 2023\/2024 erneut als Topkanzlei im Presse- und \u00c4u\u00dferungsrecht gerankt - H\u00d6CKER - der Blog<\/title>\n<meta name=\"robots\" content=\"index, follow, max-snippet:-1, max-image-preview:large, max-video-preview:-1\" \/>\n<link rel=\"canonical\" href=\"https:\/\/www.hoecker.eu\/blog\/hoecker-im-juve-handbuch-wirtschaftskanzleien-2023-2024-erneut-als-topkanzlei-im-presse-und-aeusserungsrecht-gerankt\/\" \/>\n<meta property=\"og:locale\" content=\"de_DE\" \/>\n<meta property=\"og:type\" content=\"article\" \/>\n<meta property=\"og:title\" content=\"H\u00d6CKER im JUVE Handbuch Wirtschaftskanzleien 2023\/2024 erneut als Topkanzlei im Presse- und \u00c4u\u00dferungsrecht gerankt\" \/>\n<meta property=\"og:description\" content=\"JUVE best\u00e4tigt den H\u00d6CKER-Markenkern: \u201eDie K\u00f6lner Kanzlei ist im Presse- und \u00c4u\u00dferungsrecht fest aufseiten Betroffener etabliert. Im Markt sticht sie immer wieder dadurch hervor, dass sie sich auch in F\u00e4llen, vor denen Wettbewerber zur\u00fcckscheuen, mit Nachdruck f\u00fcr ihre Mandanten einsetzt.&#8221; Weiter hei\u00dft es: &#8220;So ist die Kanzlei f\u00fcr einen breiten Kreis an Mandanten die erste [&hellip;]\" \/>\n<meta property=\"og:url\" content=\"https:\/\/www.hoecker.eu\/blog\/hoecker-im-juve-handbuch-wirtschaftskanzleien-2023-2024-erneut-als-topkanzlei-im-presse-und-aeusserungsrecht-gerankt\/\" \/>\n<meta property=\"og:site_name\" content=\"H\u00d6CKER - der Blog\" \/>\n<meta property=\"article:publisher\" content=\"https:\/\/www.facebook.com\/HoeckerRAe\/\" \/>\n<meta property=\"article:author\" content=\"https:\/\/www.facebook.com\/ralf.hoecker\" \/>\n<meta property=\"article:published_time\" content=\"2023-10-27T06:01:00+00:00\" \/>\n<meta property=\"article:modified_time\" content=\"2025-02-17T13:53:42+00:00\" \/>\n<meta name=\"author\" content=\"Prof. Dr. Ralf H\u00f6cker\" \/>\n<meta name=\"twitter:card\" content=\"summary_large_image\" \/>\n<meta name=\"twitter:creator\" content=\"@Ralf_Hoecker\" \/>\n<meta name=\"twitter:site\" content=\"@hoecker_rae\" \/>\n<meta name=\"twitter:label1\" content=\"Verfasst von\" \/>\n\t<meta name=\"twitter:data1\" content=\"Prof. Dr. Ralf H\u00f6cker\" \/>\n\t<meta name=\"twitter:label2\" content=\"Gesch\u00e4tzte Lesezeit\" \/>\n\t<meta name=\"twitter:data2\" content=\"1\u00a0Minute\" \/>\n<script type=\"application\/ld+json\" class=\"yoast-schema-graph\">{\"@context\":\"https:\/\/schema.org\",\"@graph\":[{\"@type\":\"Article\",\"@id\":\"https:\/\/www.hoecker.eu\/blog\/hoecker-im-juve-handbuch-wirtschaftskanzleien-2023-2024-erneut-als-topkanzlei-im-presse-und-aeusserungsrecht-gerankt\/#article\",\"isPartOf\":{\"@id\":\"https:\/\/www.hoecker.eu\/blog\/hoecker-im-juve-handbuch-wirtschaftskanzleien-2023-2024-erneut-als-topkanzlei-im-presse-und-aeusserungsrecht-gerankt\/\"},\"author\":{\"name\":\"Prof. Dr. Ralf H\u00f6cker\",\"@id\":\"https:\/\/www.hoecker.eu\/blog\/#\/schema\/person\/08f95581eed0534eccd0b2438f7a1cab\"},\"headline\":\"H\u00d6CKER im JUVE Handbuch Wirtschaftskanzleien 2023\/2024 erneut als Topkanzlei im Presse- und \u00c4u\u00dferungsrecht gerankt\",\"datePublished\":\"2023-10-27T06:01:00+00:00\",\"dateModified\":\"2025-02-17T13:53:42+00:00\",\"mainEntityOfPage\":{\"@id\":\"https:\/\/www.hoecker.eu\/blog\/hoecker-im-juve-handbuch-wirtschaftskanzleien-2023-2024-erneut-als-topkanzlei-im-presse-und-aeusserungsrecht-gerankt\/\"},\"wordCount\":224,\"publisher\":{\"@id\":\"https:\/\/www.hoecker.eu\/blog\/#organization\"},\"articleSection\":[\"News\"],\"inLanguage\":\"de\"},{\"@type\":\"WebPage\",\"@id\":\"https:\/\/www.hoecker.eu\/blog\/hoecker-im-juve-handbuch-wirtschaftskanzleien-2023-2024-erneut-als-topkanzlei-im-presse-und-aeusserungsrecht-gerankt\/\",\"url\":\"https:\/\/www.hoecker.eu\/blog\/hoecker-im-juve-handbuch-wirtschaftskanzleien-2023-2024-erneut-als-topkanzlei-im-presse-und-aeusserungsrecht-gerankt\/\",\"name\":\"H\u00d6CKER im JUVE Handbuch Wirtschaftskanzleien 2023\/2024 erneut als Topkanzlei im Presse- und \u00c4u\u00dferungsrecht gerankt - H\u00d6CKER - der Blog\",\"isPartOf\":{\"@id\":\"https:\/\/www.hoecker.eu\/blog\/#website\"},\"datePublished\":\"2023-10-27T06:01:00+00:00\",\"dateModified\":\"2025-02-17T13:53:42+00:00\",\"breadcrumb\":{\"@id\":\"https:\/\/www.hoecker.eu\/blog\/hoecker-im-juve-handbuch-wirtschaftskanzleien-2023-2024-erneut-als-topkanzlei-im-presse-und-aeusserungsrecht-gerankt\/#breadcrumb\"},\"inLanguage\":\"de\",\"potentialAction\":[{\"@type\":\"ReadAction\",\"target\":[\"https:\/\/www.hoecker.eu\/blog\/hoecker-im-juve-handbuch-wirtschaftskanzleien-2023-2024-erneut-als-topkanzlei-im-presse-und-aeusserungsrecht-gerankt\/\"]}]},{\"@type\":\"BreadcrumbList\",\"@id\":\"https:\/\/www.hoecker.eu\/blog\/hoecker-im-juve-handbuch-wirtschaftskanzleien-2023-2024-erneut-als-topkanzlei-im-presse-und-aeusserungsrecht-gerankt\/#breadcrumb\",\"itemListElement\":[{\"@type\":\"ListItem\",\"position\":1,\"name\":\"Startseite\",\"item\":\"https:\/\/dev.hoecker.eu\/blog\/\"},{\"@type\":\"ListItem\",\"position\":2,\"name\":\"H\u00d6CKER im JUVE Handbuch Wirtschaftskanzleien 2023\/2024 erneut als Topkanzlei im Presse- und \u00c4u\u00dferungsrecht gerankt\"}]},{\"@type\":\"WebSite\",\"@id\":\"https:\/\/www.hoecker.eu\/blog\/#website\",\"url\":\"https:\/\/www.hoecker.eu\/blog\/\",\"name\":\"H\u00d6CKER - der Blog\",\"description\":\"Expertenblog f\u00fcr \u00c4u\u00dferungs-, Medien-, Marken-, Urheber- und Wettbewerbsrecht.\",\"publisher\":{\"@id\":\"https:\/\/www.hoecker.eu\/blog\/#organization\"},\"potentialAction\":[{\"@type\":\"SearchAction\",\"target\":{\"@type\":\"EntryPoint\",\"urlTemplate\":\"https:\/\/www.hoecker.eu\/blog\/?s={search_term_string}\"},\"query-input\":{\"@type\":\"PropertyValueSpecification\",\"valueRequired\":true,\"valueName\":\"search_term_string\"}}],\"inLanguage\":\"de\"},{\"@type\":\"Organization\",\"@id\":\"https:\/\/www.hoecker.eu\/blog\/#organization\",\"name\":\"H\u00d6CKER Rechtsanw\u00e4lte PartGmbB\",\"alternateName\":\"H\u00d6CKER\",\"url\":\"https:\/\/www.hoecker.eu\/blog\/\",\"logo\":{\"@type\":\"ImageObject\",\"inLanguage\":\"de\",\"@id\":\"https:\/\/www.hoecker.eu\/blog\/#\/schema\/logo\/image\/\",\"url\":\"https:\/\/www.hoecker.eu\/blog\/wp-content\/uploads\/2025\/03\/Blog-Logo.webp\",\"contentUrl\":\"https:\/\/www.hoecker.eu\/blog\/wp-content\/uploads\/2025\/03\/Blog-Logo.webp\",\"width\":500,\"height\":500,\"caption\":\"H\u00d6CKER Rechtsanw\u00e4lte PartGmbB\"},\"image\":{\"@id\":\"https:\/\/www.hoecker.eu\/blog\/#\/schema\/logo\/image\/\"},\"sameAs\":[\"https:\/\/www.facebook.com\/HoeckerRAe\/\",\"https:\/\/x.com\/hoecker_rae\",\"https:\/\/www.linkedin.com\/company\/hcker-rechtsanwlte\/\",\"https:\/\/www.instagram.com\/hoecker_rae\/\"],\"email\":\"contact@hoecker.eu\",\"telephone\":\"+ 49 (0)221-933 19-10\",\"legalName\":\"H\u00d6CKER Rechtsanw\u00e4lte PartGmbB\",\"numberOfEmployees\":{\"@type\":\"QuantitativeValue\",\"minValue\":\"11\",\"maxValue\":\"50\"}},{\"@type\":\"Person\",\"@id\":\"https:\/\/www.hoecker.eu\/blog\/#\/schema\/person\/08f95581eed0534eccd0b2438f7a1cab\",\"name\":\"Prof. Dr. Ralf H\u00f6cker\",\"description\":\"Medienanwalt. Besch\u00fctzer vor mieser Presse\",\"sameAs\":[\"https:\/\/www.hoecker.eu\/wer\/prof-dr-ralf-hoecker\",\"https:\/\/www.facebook.com\/ralf.hoecker\",\"https:\/\/www.linkedin.com\/in\/prof-dr-ralf-hcker-ll-m-london-17987826\/\",\"https:\/\/x.com\/Ralf_Hoecker\"],\"url\":\"https:\/\/www.hoecker.eu\/blog\/author\/hoecker_adm\/\"}]}<\/script>\n<!-- \/ Yoast SEO Premium plugin. -->","yoast_head_json":{"title":"H\u00d6CKER im JUVE Handbuch Wirtschaftskanzleien 2023\/2024 erneut als Topkanzlei im Presse- und \u00c4u\u00dferungsrecht gerankt - H\u00d6CKER - der Blog","robots":{"index":"index","follow":"follow","max-snippet":"max-snippet:-1","max-image-preview":"max-image-preview:large","max-video-preview":"max-video-preview:-1"},"canonical":"https:\/\/www.hoecker.eu\/blog\/hoecker-im-juve-handbuch-wirtschaftskanzleien-2023-2024-erneut-als-topkanzlei-im-presse-und-aeusserungsrecht-gerankt\/","og_locale":"de_DE","og_type":"article","og_title":"H\u00d6CKER im JUVE Handbuch Wirtschaftskanzleien 2023\/2024 erneut als Topkanzlei im Presse- und \u00c4u\u00dferungsrecht gerankt","og_description":"JUVE best\u00e4tigt den H\u00d6CKER-Markenkern: \u201eDie K\u00f6lner Kanzlei ist im Presse- und \u00c4u\u00dferungsrecht fest aufseiten Betroffener etabliert. Im Markt sticht sie immer wieder dadurch hervor, dass sie sich auch in F\u00e4llen, vor denen Wettbewerber zur\u00fcckscheuen, mit Nachdruck f\u00fcr ihre Mandanten einsetzt.&#8221; Weiter hei\u00dft es: &#8220;So ist die Kanzlei f\u00fcr einen breiten Kreis an Mandanten die erste [&hellip;]","og_url":"https:\/\/www.hoecker.eu\/blog\/hoecker-im-juve-handbuch-wirtschaftskanzleien-2023-2024-erneut-als-topkanzlei-im-presse-und-aeusserungsrecht-gerankt\/","og_site_name":"H\u00d6CKER - der Blog","article_publisher":"https:\/\/www.facebook.com\/HoeckerRAe\/","article_author":"https:\/\/www.facebook.com\/ralf.hoecker","article_published_time":"2023-10-27T06:01:00+00:00","article_modified_time":"2025-02-17T13:53:42+00:00","author":"Prof. Dr. Ralf H\u00f6cker","twitter_card":"summary_large_image","twitter_creator":"@Ralf_Hoecker","twitter_site":"@hoecker_rae","twitter_misc":{"Verfasst von":"Prof. Dr. Ralf H\u00f6cker","Gesch\u00e4tzte Lesezeit":"1\u00a0Minute"},"schema":{"@context":"https:\/\/schema.org","@graph":[{"@type":"Article","@id":"https:\/\/www.hoecker.eu\/blog\/hoecker-im-juve-handbuch-wirtschaftskanzleien-2023-2024-erneut-als-topkanzlei-im-presse-und-aeusserungsrecht-gerankt\/#article","isPartOf":{"@id":"https:\/\/www.hoecker.eu\/blog\/hoecker-im-juve-handbuch-wirtschaftskanzleien-2023-2024-erneut-als-topkanzlei-im-presse-und-aeusserungsrecht-gerankt\/"},"author":{"name":"Prof. Dr. Ralf H\u00f6cker","@id":"https:\/\/www.hoecker.eu\/blog\/#\/schema\/person\/08f95581eed0534eccd0b2438f7a1cab"},"headline":"H\u00d6CKER im JUVE Handbuch Wirtschaftskanzleien 2023\/2024 erneut als Topkanzlei im Presse- und \u00c4u\u00dferungsrecht gerankt","datePublished":"2023-10-27T06:01:00+00:00","dateModified":"2025-02-17T13:53:42+00:00","mainEntityOfPage":{"@id":"https:\/\/www.hoecker.eu\/blog\/hoecker-im-juve-handbuch-wirtschaftskanzleien-2023-2024-erneut-als-topkanzlei-im-presse-und-aeusserungsrecht-gerankt\/"},"wordCount":224,"publisher":{"@id":"https:\/\/www.hoecker.eu\/blog\/#organization"},"articleSection":["News"],"inLanguage":"de"},{"@type":"WebPage","@id":"https:\/\/www.hoecker.eu\/blog\/hoecker-im-juve-handbuch-wirtschaftskanzleien-2023-2024-erneut-als-topkanzlei-im-presse-und-aeusserungsrecht-gerankt\/","url":"https:\/\/www.hoecker.eu\/blog\/hoecker-im-juve-handbuch-wirtschaftskanzleien-2023-2024-erneut-als-topkanzlei-im-presse-und-aeusserungsrecht-gerankt\/","name":"H\u00d6CKER im JUVE Handbuch Wirtschaftskanzleien 2023\/2024 erneut als Topkanzlei im Presse- und \u00c4u\u00dferungsrecht gerankt - H\u00d6CKER - der Blog","isPartOf":{"@id":"https:\/\/www.hoecker.eu\/blog\/#website"},"datePublished":"2023-10-27T06:01:00+00:00","dateModified":"2025-02-17T13:53:42+00:00","breadcrumb":{"@id":"https:\/\/www.hoecker.eu\/blog\/hoecker-im-juve-handbuch-wirtschaftskanzleien-2023-2024-erneut-als-topkanzlei-im-presse-und-aeusserungsrecht-gerankt\/#breadcrumb"},"inLanguage":"de","potentialAction":[{"@type":"ReadAction","target":["https:\/\/www.hoecker.eu\/blog\/hoecker-im-juve-handbuch-wirtschaftskanzleien-2023-2024-erneut-als-topkanzlei-im-presse-und-aeusserungsrecht-gerankt\/"]}]},{"@type":"BreadcrumbList","@id":"https:\/\/www.hoecker.eu\/blog\/hoecker-im-juve-handbuch-wirtschaftskanzleien-2023-2024-erneut-als-topkanzlei-im-presse-und-aeusserungsrecht-gerankt\/#breadcrumb","itemListElement":[{"@type":"ListItem","position":1,"name":"Startseite","item":"https:\/\/dev.hoecker.eu\/blog\/"},{"@type":"ListItem","position":2,"name":"H\u00d6CKER im JUVE Handbuch Wirtschaftskanzleien 2023\/2024 erneut als Topkanzlei im Presse- und \u00c4u\u00dferungsrecht gerankt"}]},{"@type":"WebSite","@id":"https:\/\/www.hoecker.eu\/blog\/#website","url":"https:\/\/www.hoecker.eu\/blog\/","name":"H\u00d6CKER - der Blog","description":"Expertenblog f\u00fcr \u00c4u\u00dferungs-, Medien-, Marken-, Urheber- und Wettbewerbsrecht.","publisher":{"@id":"https:\/\/www.hoecker.eu\/blog\/#organization"},"potentialAction":[{"@type":"SearchAction","target":{"@type":"EntryPoint","urlTemplate":"https:\/\/www.hoecker.eu\/blog\/?s={search_term_string}"},"query-input":{"@type":"PropertyValueSpecification","valueRequired":true,"valueName":"search_term_string"}}],"inLanguage":"de"},{"@type":"Organization","@id":"https:\/\/www.hoecker.eu\/blog\/#organization","name":"H\u00d6CKER Rechtsanw\u00e4lte PartGmbB","alternateName":"H\u00d6CKER","url":"https:\/\/www.hoecker.eu\/blog\/","logo":{"@type":"ImageObject","inLanguage":"de","@id":"https:\/\/www.hoecker.eu\/blog\/#\/schema\/logo\/image\/","url":"https:\/\/www.hoecker.eu\/blog\/wp-content\/uploads\/2025\/03\/Blog-Logo.webp","contentUrl":"https:\/\/www.hoecker.eu\/blog\/wp-content\/uploads\/2025\/03\/Blog-Logo.webp","width":500,"height":500,"caption":"H\u00d6CKER Rechtsanw\u00e4lte PartGmbB"},"image":{"@id":"https:\/\/www.hoecker.eu\/blog\/#\/schema\/logo\/image\/"},"sameAs":["https:\/\/www.facebook.com\/HoeckerRAe\/","https:\/\/x.com\/hoecker_rae","https:\/\/www.linkedin.com\/company\/hcker-rechtsanwlte\/","https:\/\/www.instagram.com\/hoecker_rae\/"],"email":"contact@hoecker.eu","telephone":"+ 49 (0)221-933 19-10","legalName":"H\u00d6CKER Rechtsanw\u00e4lte PartGmbB","numberOfEmployees":{"@type":"QuantitativeValue","minValue":"11","maxValue":"50"}},{"@type":"Person","@id":"https:\/\/www.hoecker.eu\/blog\/#\/schema\/person\/08f95581eed0534eccd0b2438f7a1cab","name":"Prof. Dr. Ralf H\u00f6cker","description":"Medienanwalt. Besch\u00fctzer vor mieser Presse","sameAs":["https:\/\/www.hoecker.eu\/wer\/prof-dr-ralf-hoecker","https:\/\/www.facebook.com\/ralf.hoecker","https:\/\/www.linkedin.com\/in\/prof-dr-ralf-hcker-ll-m-london-17987826\/","https:\/\/x.com\/Ralf_Hoecker"],"url":"https:\/\/www.hoecker.eu\/blog\/author\/hoecker_adm\/"}]}},"authors":[{"term_id":84,"user_id":1,"is_guest":0,"slug":"hoecker_adm","display_name":"Prof. Dr. Ralf H\u00f6cker","avatar_url":{"url":"https:\/\/www.hoecker.eu\/blog\/wp-content\/uploads\/2023\/12\/ProfDrRalfHoecker.jpg","url2x":"https:\/\/www.hoecker.eu\/blog\/wp-content\/uploads\/2023\/12\/ProfDrRalfHoecker.jpg"},"0":null,"1":"","2":"","3":"","4":"","5":"","6":"","7":"","8":"","9":"","10":"","11":""}],"_links":{"self":[{"href":"https:\/\/www.hoecker.eu\/blog\/wp-json\/wp\/v2\/posts\/8165","targetHints":{"allow":["GET"]}}],"collection":[{"href":"https:\/\/www.hoecker.eu\/blog\/wp-json\/wp\/v2\/posts"}],"about":[{"href":"https:\/\/www.hoecker.eu\/blog\/wp-json\/wp\/v2\/types\/post"}],"author":[{"embeddable":true,"href":"https:\/\/www.hoecker.eu\/blog\/wp-json\/wp\/v2\/users\/1"}],"replies":[{"embeddable":true,"href":"https:\/\/www.hoecker.eu\/blog\/wp-json\/wp\/v2\/comments?post=8165"}],"version-history":[{"count":1,"href":"https:\/\/www.hoecker.eu\/blog\/wp-json\/wp\/v2\/posts\/8165\/revisions"}],"predecessor-version":[{"id":9287,"href":"https:\/\/www.hoecker.eu\/blog\/wp-json\/wp\/v2\/posts\/8165\/revisions\/9287"}],"wp:attachment":[{"href":"https:\/\/www.hoecker.eu\/blog\/wp-json\/wp\/v2\/media?parent=8165"}],"wp:term":[{"taxonomy":"category","embeddable":true,"href":"https:\/\/www.hoecker.eu\/blog\/wp-json\/wp\/v2\/categories?post=8165"},{"taxonomy":"post_tag","embeddable":true,"href":"https:\/\/www.hoecker.eu\/blog\/wp-json\/wp\/v2\/tags?post=8165"},{"taxonomy":"hashtags","embeddable":true,"href":"https:\/\/www.hoecker.eu\/blog\/wp-json\/wp\/v2\/hashtags?post=8165"},{"taxonomy":"author","embeddable":true,"href":"https:\/\/www.hoecker.eu\/blog\/wp-json\/wp\/v2\/ppma_author?post=8165"}],"curies":[{"name":"wp","href":"https:\/\/api.w.org\/{rel}","templated":true}]}}