{"id":8164,"date":"2023-11-17T13:34:00","date_gmt":"2023-11-17T12:34:00","guid":{"rendered":"https:\/\/www.hoecker.eu\/blog\/presseerklaerung-zu-inka-grings\/"},"modified":"2025-02-17T14:53:41","modified_gmt":"2025-02-17T13:53:41","slug":"presseerklaerung-zu-inka-grings","status":"publish","type":"post","link":"https:\/\/www.hoecker.eu\/blog\/presseerklaerung-zu-inka-grings\/","title":{"rendered":"Presseerkl\u00e4rung zu Inka Grings"},"content":{"rendered":"<p>Wir zeigen an, dass die deutsche Fu\u00dfballtrainerin, ehemalige Fu\u00dfballnationalspielerin, u.a. doppelte Europameisterin und Champions League Siegerin Inka Grings ab sofort von uns in presse- und \u00e4u\u00dferungsrechtlichen Angelegenheiten beraten und vertreten wird. <\/p>\n<p>Gegen unsere Mandantin richtete sich ein Ermittlungsverfahren der Staatsanwaltschaft Kleve wegen des Verdachts der Beihilfe zum Vorenthalten und Veruntreuen von Arbeitsentgelt. Unsere Mandantin hat diesen Vorwurf bestritten. Die Staatsanwaltschaft bot unserer Mandantin an, das gegen sie gerichtete Verfahren gegen Zahlung eines geringen Geldbetrages endg\u00fcltig einzustellen. Denn selbst wenn sie schuldig gewesen w\u00e4re, was nicht zutrifft, w\u00e4re ihre Schuld gering. Aus zeitlichen und finanziellen Gr\u00fcnden sowie wegen weiterer Vorteile, die eine schnelle und endg\u00fcltige Erledigung des Verfahrens mit sich bringt, hat unsere Mandantin diesem Angebot zugestimmt und die Geldauflage gezahlt. Dies ist ausdr\u00fccklich kein Schuldeingest\u00e4ndnis unserer Mandantin. Im Gegenteil: Der urspr\u00fcngliche Vorwurf gegen sie ist damit endg\u00fcltig erledigt. Es gilt vollumf\u00e4nglich die Unschuldsvermutung.<\/p>\n<p>Die Berichterstattung \u00fcber diesen Vorgang in zahlreichen deutschen und schweizerischen Medien ist rechtswidrig und verletzt unsere Mandantin in ihrem Pers\u00f6nlichkeitsrecht. Denn diese Verdachtsberichte erfolgten in den meisten F\u00e4llen ohne zwingend gebotene vorherige Anh\u00f6rung unserer Mandantin. Sie sind vorverurteilend und beachten die geltende Unschuldsvermutung nicht. <\/p>\n<p>Dar\u00fcber hinaus enthalten zahlreiche Berichte zugleich vorverurteilende Falschbehauptungen zum Verfahrensausgang, indem tats\u00e4chlich unzutreffende und eine nicht vorhandene Schuld unserer Mandantin suggerierende Begriffe wie \u201eVerurteilung\u201c, \u201eStrafe\u201c, \u201eStrafzahlung\u201c, \u201eBu\u00dfgeld\u201c oder Formulierungen wie \u201ein Finanzskandal verwickelt\u201c, \u201ein Untreue-Skandal verwickelt\u201c, \u201ein Sozialbetrugs-Skandal geb\u00fcsst\u201c, \u201ezu Busse verurteilt\u201c, \u201eGeldstrafe wegen Veruntreuung\u201c etc. verwendet werden oder vereinzelt von einem durch unsere Mandantin verursachten \u201eSchaden\u201c gesprochen wird.<\/p>\n<p>Namens und in Vollmacht unserer Mandantin fordern wir s\u00e4mtliche Medien, die hier angesprochen sind, dazu auf, ihre Berichte bis sp\u00e4testens Montag, 20.11.2023, 14:00 Uhr, dergestalt zu korrigieren, dass klargestellt wird, dass unsere Mandantin <\/p>\n<ul>\n<li>nicht schuldig ist,<\/li>\n<li>nicht verurteilt ist und <\/li>\n<li>keine Strafe gezahlt hat, <\/li>\n<\/ul>\n<p>sondern freiwillig und aus Opportunit\u00e4tsgesichtspunkten eine Geldauflage akzeptiert und gezahlt hat, um das Verfahren schnell und endg\u00fcltig zu erledigen. <\/p>\n<p>Die Verantwortlichen derjenigen Berichte, die nicht oder nicht rechtzeitig korrigiert werden, werden wir in der kommenden Woche kostenpflichtig anwaltlich abmahnen.<\/p>\n<p>Dr. Marcel Leeser<br \/>Rechtsanwalt<\/p>\n<p>Pressekontakt:<br \/>Rechtsanwalt Dr. Marcel Leeser<\/p>\n<p>\nKontaktdaten:<br \/>\nH\u00d6CKER Rechtsanw\u00e4lte PartGmbB<br \/>\nFriesenplatz 1, 50672 K\u00f6ln<br \/>\nE-Mail: leeser@hoecker.eu<br \/>\nTel.: 0221-9331910<br \/>\nFax: 0221-93319110<\/p>\n","protected":false},"excerpt":{"rendered":"<p>Wir zeigen an, dass die deutsche Fu\u00dfballtrainerin, ehemalige Fu\u00dfballnationalspielerin, u.a. doppelte Europameisterin und Champions League Siegerin Inka Grings ab sofort von uns in presse- und \u00e4u\u00dferungsrechtlichen Angelegenheiten beraten und vertreten wird. Gegen unsere Mandantin richtete sich ein Ermittlungsverfahren der Staatsanwaltschaft Kleve wegen des Verdachts der Beihilfe zum Vorenthalten und Veruntreuen von Arbeitsentgelt. Unsere Mandantin hat [&hellip;]<\/p>\n","protected":false},"author":1,"featured_media":0,"comment_status":"closed","ping_status":"closed","sticky":false,"template":"","format":"standard","meta":{"_has_post_settings":[],"footnotes":""},"categories":[15],"tags":[],"hashtags":[],"ppma_author":[84],"class_list":["post-8164","post","type-post","status-publish","format-standard","hentry","category-news","author-hoecker_adm"],"yoast_head":"<!-- This site is optimized with the Yoast SEO Premium plugin v25.9 (Yoast SEO v27.0) - https:\/\/yoast.com\/product\/yoast-seo-premium-wordpress\/ -->\n<title>Presseerkl\u00e4rung zu Inka Grings - H\u00d6CKER - der Blog<\/title>\n<meta name=\"robots\" content=\"index, follow, max-snippet:-1, max-image-preview:large, max-video-preview:-1\" \/>\n<link rel=\"canonical\" href=\"https:\/\/www.hoecker.eu\/blog\/presseerklaerung-zu-inka-grings\/\" \/>\n<meta property=\"og:locale\" content=\"de_DE\" \/>\n<meta property=\"og:type\" content=\"article\" \/>\n<meta property=\"og:title\" content=\"Presseerkl\u00e4rung zu Inka Grings\" \/>\n<meta property=\"og:description\" content=\"Wir zeigen an, dass die deutsche Fu\u00dfballtrainerin, ehemalige Fu\u00dfballnationalspielerin, u.a. doppelte Europameisterin und Champions League Siegerin Inka Grings ab sofort von uns in presse- und \u00e4u\u00dferungsrechtlichen Angelegenheiten beraten und vertreten wird. Gegen unsere Mandantin richtete sich ein Ermittlungsverfahren der Staatsanwaltschaft Kleve wegen des Verdachts der Beihilfe zum Vorenthalten und Veruntreuen von Arbeitsentgelt. Unsere Mandantin hat [&hellip;]\" \/>\n<meta property=\"og:url\" content=\"https:\/\/www.hoecker.eu\/blog\/presseerklaerung-zu-inka-grings\/\" \/>\n<meta property=\"og:site_name\" content=\"H\u00d6CKER - der Blog\" \/>\n<meta property=\"article:publisher\" content=\"https:\/\/www.facebook.com\/HoeckerRAe\/\" \/>\n<meta property=\"article:author\" content=\"https:\/\/www.facebook.com\/ralf.hoecker\" \/>\n<meta property=\"article:published_time\" content=\"2023-11-17T12:34:00+00:00\" \/>\n<meta property=\"article:modified_time\" content=\"2025-02-17T13:53:41+00:00\" \/>\n<meta name=\"author\" content=\"Prof. Dr. Ralf H\u00f6cker\" \/>\n<meta name=\"twitter:card\" content=\"summary_large_image\" \/>\n<meta name=\"twitter:creator\" content=\"@Ralf_Hoecker\" \/>\n<meta name=\"twitter:site\" content=\"@hoecker_rae\" \/>\n<meta name=\"twitter:label1\" content=\"Verfasst von\" \/>\n\t<meta name=\"twitter:data1\" content=\"Prof. Dr. Ralf H\u00f6cker\" \/>\n\t<meta name=\"twitter:label2\" content=\"Gesch\u00e4tzte Lesezeit\" \/>\n\t<meta name=\"twitter:data2\" content=\"2\u00a0Minuten\" \/>\n<script type=\"application\/ld+json\" class=\"yoast-schema-graph\">{\"@context\":\"https:\/\/schema.org\",\"@graph\":[{\"@type\":\"Article\",\"@id\":\"https:\/\/www.hoecker.eu\/blog\/presseerklaerung-zu-inka-grings\/#article\",\"isPartOf\":{\"@id\":\"https:\/\/www.hoecker.eu\/blog\/presseerklaerung-zu-inka-grings\/\"},\"author\":{\"name\":\"Prof. Dr. Ralf H\u00f6cker\",\"@id\":\"https:\/\/www.hoecker.eu\/blog\/#\/schema\/person\/08f95581eed0534eccd0b2438f7a1cab\"},\"headline\":\"Presseerkl\u00e4rung zu Inka Grings\",\"datePublished\":\"2023-11-17T12:34:00+00:00\",\"dateModified\":\"2025-02-17T13:53:41+00:00\",\"mainEntityOfPage\":{\"@id\":\"https:\/\/www.hoecker.eu\/blog\/presseerklaerung-zu-inka-grings\/\"},\"wordCount\":382,\"publisher\":{\"@id\":\"https:\/\/www.hoecker.eu\/blog\/#organization\"},\"articleSection\":[\"News\"],\"inLanguage\":\"de\"},{\"@type\":\"WebPage\",\"@id\":\"https:\/\/www.hoecker.eu\/blog\/presseerklaerung-zu-inka-grings\/\",\"url\":\"https:\/\/www.hoecker.eu\/blog\/presseerklaerung-zu-inka-grings\/\",\"name\":\"Presseerkl\u00e4rung zu Inka Grings - H\u00d6CKER - der Blog\",\"isPartOf\":{\"@id\":\"https:\/\/www.hoecker.eu\/blog\/#website\"},\"datePublished\":\"2023-11-17T12:34:00+00:00\",\"dateModified\":\"2025-02-17T13:53:41+00:00\",\"breadcrumb\":{\"@id\":\"https:\/\/www.hoecker.eu\/blog\/presseerklaerung-zu-inka-grings\/#breadcrumb\"},\"inLanguage\":\"de\",\"potentialAction\":[{\"@type\":\"ReadAction\",\"target\":[\"https:\/\/www.hoecker.eu\/blog\/presseerklaerung-zu-inka-grings\/\"]}]},{\"@type\":\"BreadcrumbList\",\"@id\":\"https:\/\/www.hoecker.eu\/blog\/presseerklaerung-zu-inka-grings\/#breadcrumb\",\"itemListElement\":[{\"@type\":\"ListItem\",\"position\":1,\"name\":\"Startseite\",\"item\":\"https:\/\/dev.hoecker.eu\/blog\/\"},{\"@type\":\"ListItem\",\"position\":2,\"name\":\"Presseerkl\u00e4rung zu Inka Grings\"}]},{\"@type\":\"WebSite\",\"@id\":\"https:\/\/www.hoecker.eu\/blog\/#website\",\"url\":\"https:\/\/www.hoecker.eu\/blog\/\",\"name\":\"H\u00d6CKER - der Blog\",\"description\":\"Expertenblog f\u00fcr \u00c4u\u00dferungs-, Medien-, Marken-, Urheber- und Wettbewerbsrecht.\",\"publisher\":{\"@id\":\"https:\/\/www.hoecker.eu\/blog\/#organization\"},\"potentialAction\":[{\"@type\":\"SearchAction\",\"target\":{\"@type\":\"EntryPoint\",\"urlTemplate\":\"https:\/\/www.hoecker.eu\/blog\/?s={search_term_string}\"},\"query-input\":{\"@type\":\"PropertyValueSpecification\",\"valueRequired\":true,\"valueName\":\"search_term_string\"}}],\"inLanguage\":\"de\"},{\"@type\":\"Organization\",\"@id\":\"https:\/\/www.hoecker.eu\/blog\/#organization\",\"name\":\"H\u00d6CKER Rechtsanw\u00e4lte PartGmbB\",\"alternateName\":\"H\u00d6CKER\",\"url\":\"https:\/\/www.hoecker.eu\/blog\/\",\"logo\":{\"@type\":\"ImageObject\",\"inLanguage\":\"de\",\"@id\":\"https:\/\/www.hoecker.eu\/blog\/#\/schema\/logo\/image\/\",\"url\":\"https:\/\/www.hoecker.eu\/blog\/wp-content\/uploads\/2025\/03\/Blog-Logo.webp\",\"contentUrl\":\"https:\/\/www.hoecker.eu\/blog\/wp-content\/uploads\/2025\/03\/Blog-Logo.webp\",\"width\":500,\"height\":500,\"caption\":\"H\u00d6CKER Rechtsanw\u00e4lte PartGmbB\"},\"image\":{\"@id\":\"https:\/\/www.hoecker.eu\/blog\/#\/schema\/logo\/image\/\"},\"sameAs\":[\"https:\/\/www.facebook.com\/HoeckerRAe\/\",\"https:\/\/x.com\/hoecker_rae\",\"https:\/\/www.linkedin.com\/company\/hcker-rechtsanwlte\/\",\"https:\/\/www.instagram.com\/hoecker_rae\/\"],\"email\":\"contact@hoecker.eu\",\"telephone\":\"+ 49 (0)221-933 19-10\",\"legalName\":\"H\u00d6CKER Rechtsanw\u00e4lte PartGmbB\",\"numberOfEmployees\":{\"@type\":\"QuantitativeValue\",\"minValue\":\"11\",\"maxValue\":\"50\"}},{\"@type\":\"Person\",\"@id\":\"https:\/\/www.hoecker.eu\/blog\/#\/schema\/person\/08f95581eed0534eccd0b2438f7a1cab\",\"name\":\"Prof. Dr. Ralf H\u00f6cker\",\"description\":\"Medienanwalt. Besch\u00fctzer vor mieser Presse\",\"sameAs\":[\"https:\/\/www.hoecker.eu\/wer\/prof-dr-ralf-hoecker\",\"https:\/\/www.facebook.com\/ralf.hoecker\",\"https:\/\/www.linkedin.com\/in\/prof-dr-ralf-hcker-ll-m-london-17987826\/\",\"https:\/\/x.com\/Ralf_Hoecker\"],\"url\":\"https:\/\/www.hoecker.eu\/blog\/author\/hoecker_adm\/\"}]}<\/script>\n<!-- \/ Yoast SEO Premium plugin. -->","yoast_head_json":{"title":"Presseerkl\u00e4rung zu Inka Grings - H\u00d6CKER - der Blog","robots":{"index":"index","follow":"follow","max-snippet":"max-snippet:-1","max-image-preview":"max-image-preview:large","max-video-preview":"max-video-preview:-1"},"canonical":"https:\/\/www.hoecker.eu\/blog\/presseerklaerung-zu-inka-grings\/","og_locale":"de_DE","og_type":"article","og_title":"Presseerkl\u00e4rung zu Inka Grings","og_description":"Wir zeigen an, dass die deutsche Fu\u00dfballtrainerin, ehemalige Fu\u00dfballnationalspielerin, u.a. doppelte Europameisterin und Champions League Siegerin Inka Grings ab sofort von uns in presse- und \u00e4u\u00dferungsrechtlichen Angelegenheiten beraten und vertreten wird. Gegen unsere Mandantin richtete sich ein Ermittlungsverfahren der Staatsanwaltschaft Kleve wegen des Verdachts der Beihilfe zum Vorenthalten und Veruntreuen von Arbeitsentgelt. Unsere Mandantin hat [&hellip;]","og_url":"https:\/\/www.hoecker.eu\/blog\/presseerklaerung-zu-inka-grings\/","og_site_name":"H\u00d6CKER - der Blog","article_publisher":"https:\/\/www.facebook.com\/HoeckerRAe\/","article_author":"https:\/\/www.facebook.com\/ralf.hoecker","article_published_time":"2023-11-17T12:34:00+00:00","article_modified_time":"2025-02-17T13:53:41+00:00","author":"Prof. Dr. Ralf H\u00f6cker","twitter_card":"summary_large_image","twitter_creator":"@Ralf_Hoecker","twitter_site":"@hoecker_rae","twitter_misc":{"Verfasst von":"Prof. Dr. Ralf H\u00f6cker","Gesch\u00e4tzte Lesezeit":"2\u00a0Minuten"},"schema":{"@context":"https:\/\/schema.org","@graph":[{"@type":"Article","@id":"https:\/\/www.hoecker.eu\/blog\/presseerklaerung-zu-inka-grings\/#article","isPartOf":{"@id":"https:\/\/www.hoecker.eu\/blog\/presseerklaerung-zu-inka-grings\/"},"author":{"name":"Prof. Dr. Ralf H\u00f6cker","@id":"https:\/\/www.hoecker.eu\/blog\/#\/schema\/person\/08f95581eed0534eccd0b2438f7a1cab"},"headline":"Presseerkl\u00e4rung zu Inka Grings","datePublished":"2023-11-17T12:34:00+00:00","dateModified":"2025-02-17T13:53:41+00:00","mainEntityOfPage":{"@id":"https:\/\/www.hoecker.eu\/blog\/presseerklaerung-zu-inka-grings\/"},"wordCount":382,"publisher":{"@id":"https:\/\/www.hoecker.eu\/blog\/#organization"},"articleSection":["News"],"inLanguage":"de"},{"@type":"WebPage","@id":"https:\/\/www.hoecker.eu\/blog\/presseerklaerung-zu-inka-grings\/","url":"https:\/\/www.hoecker.eu\/blog\/presseerklaerung-zu-inka-grings\/","name":"Presseerkl\u00e4rung zu Inka Grings - H\u00d6CKER - der Blog","isPartOf":{"@id":"https:\/\/www.hoecker.eu\/blog\/#website"},"datePublished":"2023-11-17T12:34:00+00:00","dateModified":"2025-02-17T13:53:41+00:00","breadcrumb":{"@id":"https:\/\/www.hoecker.eu\/blog\/presseerklaerung-zu-inka-grings\/#breadcrumb"},"inLanguage":"de","potentialAction":[{"@type":"ReadAction","target":["https:\/\/www.hoecker.eu\/blog\/presseerklaerung-zu-inka-grings\/"]}]},{"@type":"BreadcrumbList","@id":"https:\/\/www.hoecker.eu\/blog\/presseerklaerung-zu-inka-grings\/#breadcrumb","itemListElement":[{"@type":"ListItem","position":1,"name":"Startseite","item":"https:\/\/dev.hoecker.eu\/blog\/"},{"@type":"ListItem","position":2,"name":"Presseerkl\u00e4rung zu Inka Grings"}]},{"@type":"WebSite","@id":"https:\/\/www.hoecker.eu\/blog\/#website","url":"https:\/\/www.hoecker.eu\/blog\/","name":"H\u00d6CKER - der Blog","description":"Expertenblog f\u00fcr \u00c4u\u00dferungs-, Medien-, Marken-, Urheber- und Wettbewerbsrecht.","publisher":{"@id":"https:\/\/www.hoecker.eu\/blog\/#organization"},"potentialAction":[{"@type":"SearchAction","target":{"@type":"EntryPoint","urlTemplate":"https:\/\/www.hoecker.eu\/blog\/?s={search_term_string}"},"query-input":{"@type":"PropertyValueSpecification","valueRequired":true,"valueName":"search_term_string"}}],"inLanguage":"de"},{"@type":"Organization","@id":"https:\/\/www.hoecker.eu\/blog\/#organization","name":"H\u00d6CKER Rechtsanw\u00e4lte PartGmbB","alternateName":"H\u00d6CKER","url":"https:\/\/www.hoecker.eu\/blog\/","logo":{"@type":"ImageObject","inLanguage":"de","@id":"https:\/\/www.hoecker.eu\/blog\/#\/schema\/logo\/image\/","url":"https:\/\/www.hoecker.eu\/blog\/wp-content\/uploads\/2025\/03\/Blog-Logo.webp","contentUrl":"https:\/\/www.hoecker.eu\/blog\/wp-content\/uploads\/2025\/03\/Blog-Logo.webp","width":500,"height":500,"caption":"H\u00d6CKER Rechtsanw\u00e4lte PartGmbB"},"image":{"@id":"https:\/\/www.hoecker.eu\/blog\/#\/schema\/logo\/image\/"},"sameAs":["https:\/\/www.facebook.com\/HoeckerRAe\/","https:\/\/x.com\/hoecker_rae","https:\/\/www.linkedin.com\/company\/hcker-rechtsanwlte\/","https:\/\/www.instagram.com\/hoecker_rae\/"],"email":"contact@hoecker.eu","telephone":"+ 49 (0)221-933 19-10","legalName":"H\u00d6CKER Rechtsanw\u00e4lte PartGmbB","numberOfEmployees":{"@type":"QuantitativeValue","minValue":"11","maxValue":"50"}},{"@type":"Person","@id":"https:\/\/www.hoecker.eu\/blog\/#\/schema\/person\/08f95581eed0534eccd0b2438f7a1cab","name":"Prof. Dr. Ralf H\u00f6cker","description":"Medienanwalt. Besch\u00fctzer vor mieser Presse","sameAs":["https:\/\/www.hoecker.eu\/wer\/prof-dr-ralf-hoecker","https:\/\/www.facebook.com\/ralf.hoecker","https:\/\/www.linkedin.com\/in\/prof-dr-ralf-hcker-ll-m-london-17987826\/","https:\/\/x.com\/Ralf_Hoecker"],"url":"https:\/\/www.hoecker.eu\/blog\/author\/hoecker_adm\/"}]}},"authors":[{"term_id":84,"user_id":1,"is_guest":0,"slug":"hoecker_adm","display_name":"Prof. Dr. Ralf H\u00f6cker","avatar_url":{"url":"https:\/\/www.hoecker.eu\/blog\/wp-content\/uploads\/2023\/12\/ProfDrRalfHoecker.jpg","url2x":"https:\/\/www.hoecker.eu\/blog\/wp-content\/uploads\/2023\/12\/ProfDrRalfHoecker.jpg"},"0":null,"1":"","2":"","3":"","4":"","5":"","6":"","7":"","8":"","9":"","10":"","11":""}],"_links":{"self":[{"href":"https:\/\/www.hoecker.eu\/blog\/wp-json\/wp\/v2\/posts\/8164","targetHints":{"allow":["GET"]}}],"collection":[{"href":"https:\/\/www.hoecker.eu\/blog\/wp-json\/wp\/v2\/posts"}],"about":[{"href":"https:\/\/www.hoecker.eu\/blog\/wp-json\/wp\/v2\/types\/post"}],"author":[{"embeddable":true,"href":"https:\/\/www.hoecker.eu\/blog\/wp-json\/wp\/v2\/users\/1"}],"replies":[{"embeddable":true,"href":"https:\/\/www.hoecker.eu\/blog\/wp-json\/wp\/v2\/comments?post=8164"}],"version-history":[{"count":1,"href":"https:\/\/www.hoecker.eu\/blog\/wp-json\/wp\/v2\/posts\/8164\/revisions"}],"predecessor-version":[{"id":9286,"href":"https:\/\/www.hoecker.eu\/blog\/wp-json\/wp\/v2\/posts\/8164\/revisions\/9286"}],"wp:attachment":[{"href":"https:\/\/www.hoecker.eu\/blog\/wp-json\/wp\/v2\/media?parent=8164"}],"wp:term":[{"taxonomy":"category","embeddable":true,"href":"https:\/\/www.hoecker.eu\/blog\/wp-json\/wp\/v2\/categories?post=8164"},{"taxonomy":"post_tag","embeddable":true,"href":"https:\/\/www.hoecker.eu\/blog\/wp-json\/wp\/v2\/tags?post=8164"},{"taxonomy":"hashtags","embeddable":true,"href":"https:\/\/www.hoecker.eu\/blog\/wp-json\/wp\/v2\/hashtags?post=8164"},{"taxonomy":"author","embeddable":true,"href":"https:\/\/www.hoecker.eu\/blog\/wp-json\/wp\/v2\/ppma_author?post=8164"}],"curies":[{"name":"wp","href":"https:\/\/api.w.org\/{rel}","templated":true}]}}