{"id":8156,"date":"2023-12-22T13:34:00","date_gmt":"2023-12-22T12:34:00","guid":{"rendered":"https:\/\/www.hoecker.eu\/blog\/stadtpark-verfahren-psychiaterin-sachverstaendigentaetigkeit-angedichtet\/"},"modified":"2025-02-17T14:53:36","modified_gmt":"2025-02-17T13:53:36","slug":"stadtpark-verfahren-psychiaterin-sachverstaendigentaetigkeit-angedichtet","status":"publish","type":"post","link":"https:\/\/www.hoecker.eu\/blog\/stadtpark-verfahren-psychiaterin-sachverstaendigentaetigkeit-angedichtet\/","title":{"rendered":"\u201eStadtpark-Verfahren\u201c: Psychiaterin Sachverst\u00e4ndigent\u00e4tigkeit angedichtet"},"content":{"rendered":"<p>Die renommierte deutsche forensische Psychiaterin und ausgewiesene Expertin im Bereich schwerer Kriminalit\u00e4t Dr. med. Nahlah Saimeh wurde Opfer falscher Berichterstattung. Hiergegen hat sie sich mit H\u00d6CKER erfolgreich gewehrt. <\/p>\n<p>Am 27.11.2023 berichtete DER SPIEGEL \u00fcber das sog. \u201eStadtpark-Verfahren\u201c vor dem Landgericht Hamburg (617 KLs 27\/21 jug.), dessen Gegenstand die Gruppenvergewaltigung einer Minderj\u00e4hrigen im Hamburger Stadtpark war. N\u00e4heres zum Verfahren unter: <a href=\"https:\/\/justiz.hamburg.de\/gerichte\/oberlandesgericht\/gerichtspressestelle\/urteilsverkuendung-im-sog-stadtpark-verfahren-695916\" target=\"_blank\" rel=\"noreferrer noopener\">https:\/\/justiz.hamburg.de\/gerichte\/oberlandesgericht\/gerichtspressestelle\/urteilsverkuendung-im-sog-stadtpark-verfahren-695916<\/a>.<\/p>\n<p>DER SPIEGEL nahm dieses Verfahren zum Anlass, mit Frau Dr. Saimeh ein Interview zu f\u00fchren, um fachlich-objektiv aufzuarbeiten, welche Ursachen zu dem deutlichen Anstieg dieser Form der Gewaltkriminalit\u00e4t beitragen und welche unterschiedlichen Motive T\u00e4ter antreibt.<\/p>\n<p>Am \u201eStadtpark-Verfahren\u201c selbst war Frau Dr. Saimeh <u>nicht<\/u> beteiligt. Sie gab weder vor Gericht, noch im Interview eine fachliche Einsch\u00e4tzung zu den Angeklagten im \u201eStadtpark-Verfahren\u201c ab. Dies stellte DER SPIEGEL auch klar: \u201eNahlah Saimeh ist forensische Psychiaterin, sie war Gutachterin in bekannten Prozessen, <u>aber nicht in diesem<\/u>.\u201c.<\/p>\n<p>Umso erstaunter war die Mandantin, dass einige Medien unter Berufung auf ihr Interview unwahr berichteten, dass sie Sachverst\u00e4ndige in dem \u201eStadtpark-Verfahren\u201c gewesen sei und die T\u00e4ter mit deren Herkunft entschuldigt habe.<\/p>\n<p>Daher lie\u00df sie diese Medien durch H\u00d6CKER abmahnen \u2013 mit Erfolg! Die betroffenen Artikel wurden gel\u00f6scht und einzelne Medien verpflichteten sich bereits au\u00dfergerichtlich strafbewehrt zur Unterlassung der weiteren Verbreitung derartiger Behauptungen.<\/p>\n<p>Rechtsanw\u00e4lte Dr. Marcel Leeser und No\u00ebl L\u00fccker: \u201e<em>Die von uns adressierten Medien zeichneten das absurde Bild, unsere Mandantin rechtfertige abscheuliche Taten wie diese, sei durch ihre angebliche Gutachtert\u00e4tigkeit f\u00fcr eine zu milde Strafe mitverantwortlich und \u00e4u\u00dfere sich obendrein auch noch im Interview zum konkreten Verfahren. All dies ist falsch und geeignet, den guten Ruf der renommierten Psychiaterin und Sachverst\u00e4ndigen zu beeintr\u00e4chtigen. Weil sie sich dagegen gewehrt hat, ist der Spuk jetzt vorbei. <\/em>\u201c<\/p>\n","protected":false},"excerpt":{"rendered":"<p>Die renommierte deutsche forensische Psychiaterin und ausgewiesene Expertin im Bereich schwerer Kriminalit\u00e4t Dr. med. Nahlah Saimeh wurde Opfer falscher Berichterstattung. Hiergegen hat sie sich mit H\u00d6CKER erfolgreich gewehrt. Am 27.11.2023 berichtete DER SPIEGEL \u00fcber das sog. \u201eStadtpark-Verfahren\u201c vor dem Landgericht Hamburg (617 KLs 27\/21 jug.), dessen Gegenstand die Gruppenvergewaltigung einer Minderj\u00e4hrigen im Hamburger Stadtpark war. [&hellip;]<\/p>\n","protected":false},"author":1,"featured_media":0,"comment_status":"closed","ping_status":"closed","sticky":false,"template":"","format":"standard","meta":{"_has_post_settings":[],"footnotes":""},"categories":[15],"tags":[],"hashtags":[],"ppma_author":[84],"class_list":["post-8156","post","type-post","status-publish","format-standard","hentry","category-news","author-hoecker_adm"],"yoast_head":"<!-- This site is optimized with the Yoast SEO Premium plugin v25.9 (Yoast SEO v27.0) - https:\/\/yoast.com\/product\/yoast-seo-premium-wordpress\/ -->\n<title>\u201eStadtpark-Verfahren\u201c: Psychiaterin Sachverst\u00e4ndigent\u00e4tigkeit angedichtet - H\u00d6CKER - der Blog<\/title>\n<meta name=\"robots\" content=\"index, follow, max-snippet:-1, max-image-preview:large, max-video-preview:-1\" \/>\n<link rel=\"canonical\" href=\"https:\/\/www.hoecker.eu\/blog\/stadtpark-verfahren-psychiaterin-sachverstaendigentaetigkeit-angedichtet\/\" \/>\n<meta property=\"og:locale\" content=\"de_DE\" \/>\n<meta property=\"og:type\" content=\"article\" \/>\n<meta property=\"og:title\" content=\"\u201eStadtpark-Verfahren\u201c: Psychiaterin Sachverst\u00e4ndigent\u00e4tigkeit angedichtet\" \/>\n<meta property=\"og:description\" content=\"Die renommierte deutsche forensische Psychiaterin und ausgewiesene Expertin im Bereich schwerer Kriminalit\u00e4t Dr. med. Nahlah Saimeh wurde Opfer falscher Berichterstattung. Hiergegen hat sie sich mit H\u00d6CKER erfolgreich gewehrt. Am 27.11.2023 berichtete DER SPIEGEL \u00fcber das sog. \u201eStadtpark-Verfahren\u201c vor dem Landgericht Hamburg (617 KLs 27\/21 jug.), dessen Gegenstand die Gruppenvergewaltigung einer Minderj\u00e4hrigen im Hamburger Stadtpark war. [&hellip;]\" \/>\n<meta property=\"og:url\" content=\"https:\/\/www.hoecker.eu\/blog\/stadtpark-verfahren-psychiaterin-sachverstaendigentaetigkeit-angedichtet\/\" \/>\n<meta property=\"og:site_name\" content=\"H\u00d6CKER - der Blog\" \/>\n<meta property=\"article:publisher\" content=\"https:\/\/www.facebook.com\/HoeckerRAe\/\" \/>\n<meta property=\"article:author\" content=\"https:\/\/www.facebook.com\/ralf.hoecker\" \/>\n<meta property=\"article:published_time\" content=\"2023-12-22T12:34:00+00:00\" \/>\n<meta property=\"article:modified_time\" content=\"2025-02-17T13:53:36+00:00\" \/>\n<meta name=\"author\" content=\"Prof. Dr. Ralf H\u00f6cker\" \/>\n<meta name=\"twitter:card\" content=\"summary_large_image\" \/>\n<meta name=\"twitter:creator\" content=\"@Ralf_Hoecker\" \/>\n<meta name=\"twitter:site\" content=\"@hoecker_rae\" \/>\n<meta name=\"twitter:label1\" content=\"Verfasst von\" \/>\n\t<meta name=\"twitter:data1\" content=\"Prof. Dr. Ralf H\u00f6cker\" \/>\n\t<meta name=\"twitter:label2\" content=\"Gesch\u00e4tzte Lesezeit\" \/>\n\t<meta name=\"twitter:data2\" content=\"2\u00a0Minuten\" \/>\n<script type=\"application\/ld+json\" class=\"yoast-schema-graph\">{\"@context\":\"https:\/\/schema.org\",\"@graph\":[{\"@type\":\"Article\",\"@id\":\"https:\/\/www.hoecker.eu\/blog\/stadtpark-verfahren-psychiaterin-sachverstaendigentaetigkeit-angedichtet\/#article\",\"isPartOf\":{\"@id\":\"https:\/\/www.hoecker.eu\/blog\/stadtpark-verfahren-psychiaterin-sachverstaendigentaetigkeit-angedichtet\/\"},\"author\":{\"name\":\"Prof. Dr. Ralf H\u00f6cker\",\"@id\":\"https:\/\/www.hoecker.eu\/blog\/#\/schema\/person\/08f95581eed0534eccd0b2438f7a1cab\"},\"headline\":\"\u201eStadtpark-Verfahren\u201c: Psychiaterin Sachverst\u00e4ndigent\u00e4tigkeit angedichtet\",\"datePublished\":\"2023-12-22T12:34:00+00:00\",\"dateModified\":\"2025-02-17T13:53:36+00:00\",\"mainEntityOfPage\":{\"@id\":\"https:\/\/www.hoecker.eu\/blog\/stadtpark-verfahren-psychiaterin-sachverstaendigentaetigkeit-angedichtet\/\"},\"wordCount\":306,\"publisher\":{\"@id\":\"https:\/\/www.hoecker.eu\/blog\/#organization\"},\"articleSection\":[\"News\"],\"inLanguage\":\"de\"},{\"@type\":\"WebPage\",\"@id\":\"https:\/\/www.hoecker.eu\/blog\/stadtpark-verfahren-psychiaterin-sachverstaendigentaetigkeit-angedichtet\/\",\"url\":\"https:\/\/www.hoecker.eu\/blog\/stadtpark-verfahren-psychiaterin-sachverstaendigentaetigkeit-angedichtet\/\",\"name\":\"\u201eStadtpark-Verfahren\u201c: Psychiaterin Sachverst\u00e4ndigent\u00e4tigkeit angedichtet - H\u00d6CKER - der Blog\",\"isPartOf\":{\"@id\":\"https:\/\/www.hoecker.eu\/blog\/#website\"},\"datePublished\":\"2023-12-22T12:34:00+00:00\",\"dateModified\":\"2025-02-17T13:53:36+00:00\",\"breadcrumb\":{\"@id\":\"https:\/\/www.hoecker.eu\/blog\/stadtpark-verfahren-psychiaterin-sachverstaendigentaetigkeit-angedichtet\/#breadcrumb\"},\"inLanguage\":\"de\",\"potentialAction\":[{\"@type\":\"ReadAction\",\"target\":[\"https:\/\/www.hoecker.eu\/blog\/stadtpark-verfahren-psychiaterin-sachverstaendigentaetigkeit-angedichtet\/\"]}]},{\"@type\":\"BreadcrumbList\",\"@id\":\"https:\/\/www.hoecker.eu\/blog\/stadtpark-verfahren-psychiaterin-sachverstaendigentaetigkeit-angedichtet\/#breadcrumb\",\"itemListElement\":[{\"@type\":\"ListItem\",\"position\":1,\"name\":\"Startseite\",\"item\":\"https:\/\/dev.hoecker.eu\/blog\/\"},{\"@type\":\"ListItem\",\"position\":2,\"name\":\"\u201eStadtpark-Verfahren\u201c: Psychiaterin Sachverst\u00e4ndigent\u00e4tigkeit angedichtet\"}]},{\"@type\":\"WebSite\",\"@id\":\"https:\/\/www.hoecker.eu\/blog\/#website\",\"url\":\"https:\/\/www.hoecker.eu\/blog\/\",\"name\":\"H\u00d6CKER - der Blog\",\"description\":\"Expertenblog f\u00fcr \u00c4u\u00dferungs-, Medien-, Marken-, Urheber- und Wettbewerbsrecht.\",\"publisher\":{\"@id\":\"https:\/\/www.hoecker.eu\/blog\/#organization\"},\"potentialAction\":[{\"@type\":\"SearchAction\",\"target\":{\"@type\":\"EntryPoint\",\"urlTemplate\":\"https:\/\/www.hoecker.eu\/blog\/?s={search_term_string}\"},\"query-input\":{\"@type\":\"PropertyValueSpecification\",\"valueRequired\":true,\"valueName\":\"search_term_string\"}}],\"inLanguage\":\"de\"},{\"@type\":\"Organization\",\"@id\":\"https:\/\/www.hoecker.eu\/blog\/#organization\",\"name\":\"H\u00d6CKER Rechtsanw\u00e4lte PartGmbB\",\"alternateName\":\"H\u00d6CKER\",\"url\":\"https:\/\/www.hoecker.eu\/blog\/\",\"logo\":{\"@type\":\"ImageObject\",\"inLanguage\":\"de\",\"@id\":\"https:\/\/www.hoecker.eu\/blog\/#\/schema\/logo\/image\/\",\"url\":\"https:\/\/www.hoecker.eu\/blog\/wp-content\/uploads\/2025\/03\/Blog-Logo.webp\",\"contentUrl\":\"https:\/\/www.hoecker.eu\/blog\/wp-content\/uploads\/2025\/03\/Blog-Logo.webp\",\"width\":500,\"height\":500,\"caption\":\"H\u00d6CKER Rechtsanw\u00e4lte PartGmbB\"},\"image\":{\"@id\":\"https:\/\/www.hoecker.eu\/blog\/#\/schema\/logo\/image\/\"},\"sameAs\":[\"https:\/\/www.facebook.com\/HoeckerRAe\/\",\"https:\/\/x.com\/hoecker_rae\",\"https:\/\/www.linkedin.com\/company\/hcker-rechtsanwlte\/\",\"https:\/\/www.instagram.com\/hoecker_rae\/\"],\"email\":\"contact@hoecker.eu\",\"telephone\":\"+ 49 (0)221-933 19-10\",\"legalName\":\"H\u00d6CKER Rechtsanw\u00e4lte PartGmbB\",\"numberOfEmployees\":{\"@type\":\"QuantitativeValue\",\"minValue\":\"11\",\"maxValue\":\"50\"}},{\"@type\":\"Person\",\"@id\":\"https:\/\/www.hoecker.eu\/blog\/#\/schema\/person\/08f95581eed0534eccd0b2438f7a1cab\",\"name\":\"Prof. Dr. Ralf H\u00f6cker\",\"description\":\"Medienanwalt. Besch\u00fctzer vor mieser Presse\",\"sameAs\":[\"https:\/\/www.hoecker.eu\/wer\/prof-dr-ralf-hoecker\",\"https:\/\/www.facebook.com\/ralf.hoecker\",\"https:\/\/www.linkedin.com\/in\/prof-dr-ralf-hcker-ll-m-london-17987826\/\",\"https:\/\/x.com\/Ralf_Hoecker\"],\"url\":\"https:\/\/www.hoecker.eu\/blog\/author\/hoecker_adm\/\"}]}<\/script>\n<!-- \/ Yoast SEO Premium plugin. -->","yoast_head_json":{"title":"\u201eStadtpark-Verfahren\u201c: Psychiaterin Sachverst\u00e4ndigent\u00e4tigkeit angedichtet - H\u00d6CKER - der Blog","robots":{"index":"index","follow":"follow","max-snippet":"max-snippet:-1","max-image-preview":"max-image-preview:large","max-video-preview":"max-video-preview:-1"},"canonical":"https:\/\/www.hoecker.eu\/blog\/stadtpark-verfahren-psychiaterin-sachverstaendigentaetigkeit-angedichtet\/","og_locale":"de_DE","og_type":"article","og_title":"\u201eStadtpark-Verfahren\u201c: Psychiaterin Sachverst\u00e4ndigent\u00e4tigkeit angedichtet","og_description":"Die renommierte deutsche forensische Psychiaterin und ausgewiesene Expertin im Bereich schwerer Kriminalit\u00e4t Dr. med. Nahlah Saimeh wurde Opfer falscher Berichterstattung. Hiergegen hat sie sich mit H\u00d6CKER erfolgreich gewehrt. Am 27.11.2023 berichtete DER SPIEGEL \u00fcber das sog. \u201eStadtpark-Verfahren\u201c vor dem Landgericht Hamburg (617 KLs 27\/21 jug.), dessen Gegenstand die Gruppenvergewaltigung einer Minderj\u00e4hrigen im Hamburger Stadtpark war. [&hellip;]","og_url":"https:\/\/www.hoecker.eu\/blog\/stadtpark-verfahren-psychiaterin-sachverstaendigentaetigkeit-angedichtet\/","og_site_name":"H\u00d6CKER - der Blog","article_publisher":"https:\/\/www.facebook.com\/HoeckerRAe\/","article_author":"https:\/\/www.facebook.com\/ralf.hoecker","article_published_time":"2023-12-22T12:34:00+00:00","article_modified_time":"2025-02-17T13:53:36+00:00","author":"Prof. Dr. Ralf H\u00f6cker","twitter_card":"summary_large_image","twitter_creator":"@Ralf_Hoecker","twitter_site":"@hoecker_rae","twitter_misc":{"Verfasst von":"Prof. Dr. Ralf H\u00f6cker","Gesch\u00e4tzte Lesezeit":"2\u00a0Minuten"},"schema":{"@context":"https:\/\/schema.org","@graph":[{"@type":"Article","@id":"https:\/\/www.hoecker.eu\/blog\/stadtpark-verfahren-psychiaterin-sachverstaendigentaetigkeit-angedichtet\/#article","isPartOf":{"@id":"https:\/\/www.hoecker.eu\/blog\/stadtpark-verfahren-psychiaterin-sachverstaendigentaetigkeit-angedichtet\/"},"author":{"name":"Prof. Dr. Ralf H\u00f6cker","@id":"https:\/\/www.hoecker.eu\/blog\/#\/schema\/person\/08f95581eed0534eccd0b2438f7a1cab"},"headline":"\u201eStadtpark-Verfahren\u201c: Psychiaterin Sachverst\u00e4ndigent\u00e4tigkeit angedichtet","datePublished":"2023-12-22T12:34:00+00:00","dateModified":"2025-02-17T13:53:36+00:00","mainEntityOfPage":{"@id":"https:\/\/www.hoecker.eu\/blog\/stadtpark-verfahren-psychiaterin-sachverstaendigentaetigkeit-angedichtet\/"},"wordCount":306,"publisher":{"@id":"https:\/\/www.hoecker.eu\/blog\/#organization"},"articleSection":["News"],"inLanguage":"de"},{"@type":"WebPage","@id":"https:\/\/www.hoecker.eu\/blog\/stadtpark-verfahren-psychiaterin-sachverstaendigentaetigkeit-angedichtet\/","url":"https:\/\/www.hoecker.eu\/blog\/stadtpark-verfahren-psychiaterin-sachverstaendigentaetigkeit-angedichtet\/","name":"\u201eStadtpark-Verfahren\u201c: Psychiaterin Sachverst\u00e4ndigent\u00e4tigkeit angedichtet - H\u00d6CKER - der Blog","isPartOf":{"@id":"https:\/\/www.hoecker.eu\/blog\/#website"},"datePublished":"2023-12-22T12:34:00+00:00","dateModified":"2025-02-17T13:53:36+00:00","breadcrumb":{"@id":"https:\/\/www.hoecker.eu\/blog\/stadtpark-verfahren-psychiaterin-sachverstaendigentaetigkeit-angedichtet\/#breadcrumb"},"inLanguage":"de","potentialAction":[{"@type":"ReadAction","target":["https:\/\/www.hoecker.eu\/blog\/stadtpark-verfahren-psychiaterin-sachverstaendigentaetigkeit-angedichtet\/"]}]},{"@type":"BreadcrumbList","@id":"https:\/\/www.hoecker.eu\/blog\/stadtpark-verfahren-psychiaterin-sachverstaendigentaetigkeit-angedichtet\/#breadcrumb","itemListElement":[{"@type":"ListItem","position":1,"name":"Startseite","item":"https:\/\/dev.hoecker.eu\/blog\/"},{"@type":"ListItem","position":2,"name":"\u201eStadtpark-Verfahren\u201c: Psychiaterin Sachverst\u00e4ndigent\u00e4tigkeit angedichtet"}]},{"@type":"WebSite","@id":"https:\/\/www.hoecker.eu\/blog\/#website","url":"https:\/\/www.hoecker.eu\/blog\/","name":"H\u00d6CKER - der Blog","description":"Expertenblog f\u00fcr \u00c4u\u00dferungs-, Medien-, Marken-, Urheber- und Wettbewerbsrecht.","publisher":{"@id":"https:\/\/www.hoecker.eu\/blog\/#organization"},"potentialAction":[{"@type":"SearchAction","target":{"@type":"EntryPoint","urlTemplate":"https:\/\/www.hoecker.eu\/blog\/?s={search_term_string}"},"query-input":{"@type":"PropertyValueSpecification","valueRequired":true,"valueName":"search_term_string"}}],"inLanguage":"de"},{"@type":"Organization","@id":"https:\/\/www.hoecker.eu\/blog\/#organization","name":"H\u00d6CKER Rechtsanw\u00e4lte PartGmbB","alternateName":"H\u00d6CKER","url":"https:\/\/www.hoecker.eu\/blog\/","logo":{"@type":"ImageObject","inLanguage":"de","@id":"https:\/\/www.hoecker.eu\/blog\/#\/schema\/logo\/image\/","url":"https:\/\/www.hoecker.eu\/blog\/wp-content\/uploads\/2025\/03\/Blog-Logo.webp","contentUrl":"https:\/\/www.hoecker.eu\/blog\/wp-content\/uploads\/2025\/03\/Blog-Logo.webp","width":500,"height":500,"caption":"H\u00d6CKER Rechtsanw\u00e4lte PartGmbB"},"image":{"@id":"https:\/\/www.hoecker.eu\/blog\/#\/schema\/logo\/image\/"},"sameAs":["https:\/\/www.facebook.com\/HoeckerRAe\/","https:\/\/x.com\/hoecker_rae","https:\/\/www.linkedin.com\/company\/hcker-rechtsanwlte\/","https:\/\/www.instagram.com\/hoecker_rae\/"],"email":"contact@hoecker.eu","telephone":"+ 49 (0)221-933 19-10","legalName":"H\u00d6CKER Rechtsanw\u00e4lte PartGmbB","numberOfEmployees":{"@type":"QuantitativeValue","minValue":"11","maxValue":"50"}},{"@type":"Person","@id":"https:\/\/www.hoecker.eu\/blog\/#\/schema\/person\/08f95581eed0534eccd0b2438f7a1cab","name":"Prof. Dr. Ralf H\u00f6cker","description":"Medienanwalt. Besch\u00fctzer vor mieser Presse","sameAs":["https:\/\/www.hoecker.eu\/wer\/prof-dr-ralf-hoecker","https:\/\/www.facebook.com\/ralf.hoecker","https:\/\/www.linkedin.com\/in\/prof-dr-ralf-hcker-ll-m-london-17987826\/","https:\/\/x.com\/Ralf_Hoecker"],"url":"https:\/\/www.hoecker.eu\/blog\/author\/hoecker_adm\/"}]}},"authors":[{"term_id":84,"user_id":1,"is_guest":0,"slug":"hoecker_adm","display_name":"Prof. Dr. Ralf H\u00f6cker","avatar_url":{"url":"https:\/\/www.hoecker.eu\/blog\/wp-content\/uploads\/2023\/12\/ProfDrRalfHoecker.jpg","url2x":"https:\/\/www.hoecker.eu\/blog\/wp-content\/uploads\/2023\/12\/ProfDrRalfHoecker.jpg"},"0":null,"1":"","2":"","3":"","4":"","5":"","6":"","7":"","8":"","9":"","10":"","11":""}],"_links":{"self":[{"href":"https:\/\/www.hoecker.eu\/blog\/wp-json\/wp\/v2\/posts\/8156","targetHints":{"allow":["GET"]}}],"collection":[{"href":"https:\/\/www.hoecker.eu\/blog\/wp-json\/wp\/v2\/posts"}],"about":[{"href":"https:\/\/www.hoecker.eu\/blog\/wp-json\/wp\/v2\/types\/post"}],"author":[{"embeddable":true,"href":"https:\/\/www.hoecker.eu\/blog\/wp-json\/wp\/v2\/users\/1"}],"replies":[{"embeddable":true,"href":"https:\/\/www.hoecker.eu\/blog\/wp-json\/wp\/v2\/comments?post=8156"}],"version-history":[{"count":1,"href":"https:\/\/www.hoecker.eu\/blog\/wp-json\/wp\/v2\/posts\/8156\/revisions"}],"predecessor-version":[{"id":9278,"href":"https:\/\/www.hoecker.eu\/blog\/wp-json\/wp\/v2\/posts\/8156\/revisions\/9278"}],"wp:attachment":[{"href":"https:\/\/www.hoecker.eu\/blog\/wp-json\/wp\/v2\/media?parent=8156"}],"wp:term":[{"taxonomy":"category","embeddable":true,"href":"https:\/\/www.hoecker.eu\/blog\/wp-json\/wp\/v2\/categories?post=8156"},{"taxonomy":"post_tag","embeddable":true,"href":"https:\/\/www.hoecker.eu\/blog\/wp-json\/wp\/v2\/tags?post=8156"},{"taxonomy":"hashtags","embeddable":true,"href":"https:\/\/www.hoecker.eu\/blog\/wp-json\/wp\/v2\/hashtags?post=8156"},{"taxonomy":"author","embeddable":true,"href":"https:\/\/www.hoecker.eu\/blog\/wp-json\/wp\/v2\/ppma_author?post=8156"}],"curies":[{"name":"wp","href":"https:\/\/api.w.org\/{rel}","templated":true}]}}