{"id":8154,"date":"2024-01-05T16:09:00","date_gmt":"2024-01-05T15:09:00","guid":{"rendered":"https:\/\/www.hoecker.eu\/blog\/metoo-in-gastro-szene-olg-koeln-laesst-beschwerde-abprallen-mandantin-darf-ueber-sexuelle-belaestigung-sprechen\/"},"modified":"2025-02-17T14:53:35","modified_gmt":"2025-02-17T13:53:35","slug":"metoo-in-gastro-szene-olg-koeln-laesst-beschwerde-abprallen-mandantin-darf-ueber-sexuelle-belaestigung-sprechen","status":"publish","type":"post","link":"https:\/\/www.hoecker.eu\/blog\/metoo-in-gastro-szene-olg-koeln-laesst-beschwerde-abprallen-mandantin-darf-ueber-sexuelle-belaestigung-sprechen\/","title":{"rendered":"#metoo in Gastro-Szene: OLG K\u00f6ln l\u00e4sst Beschwerde abprallen \u2013  Mandantin darf \u00fcber sexuelle Bel\u00e4stigung sprechen"},"content":{"rendered":"<p>Am 14.12.2023 berichteten wir, dass die renommierte Rechtsanw\u00e4ltin Alexandra Sofia Wrobel mit H\u00d6CKER vor dem Landgericht K\u00f6ln erfolgreich einen Verbotsantrag abgewehrt hatte (vgl. <a href=\"https:\/\/www.hoecker.eu\/news\/sexuelle-bel%C3%A4stigung-in-gastro-szene-renommierte-anw%C3%A4ltin-darf-weiter-%C3%BCber-erlebtes-berichten\" target=\"_blank\" rel=\"noreferrer noopener\">https:\/\/www.hoecker.eu\/news\/sexuelle-bel\u00e4stigung-in-gastro-szene-renommierte-anw\u00e4ltin-darf-weiter-\u00fcber-erlebtes-berichten<\/a>). Sie war im Jahr 2022 von einem ehemaligen Wein-Funktion\u00e4r sexuell bel\u00e4stigt worden. Der T\u00e4ter wollte ihr gerichtlich verbieten, \u00fcber das Erlebte in sozialen Medien zu sprechen. Gegen die Entscheidung des Landgerichts, das ein Verbot ablehnte, legte er sofortige Beschwerde ein. Das Landgericht best\u00e4tigte seine Entscheidung und half der Beschwerde nicht ab.<\/p>\n<p>Das OLG K\u00f6ln hat die Beschwerde nun mit Beschluss vom 04.01.2024 (Az. 15 W 153\/23) kostenpflichtig zur\u00fcckgewiesen. Auch der Senat glaubt der H\u00d6CKER-Mandantin und ihrer \u201esehr detaillierten und \u00fcberzeugenden Tatbeschreibung\u201c. Es bestehe f\u00fcr deren Zutreffen \u201eeine \u2013 unzweifelhaft nach allen Lesarten ausreichende \u2013 \u00fcberwiegende Wahrscheinlichkeit\u201c. Die Schilderung des Vorfalls durch den Antragsteller quittiert der Senat als \u201eeher theoretische Ausf\u00fchrungen zu ein- bzw. zweih\u00e4ndigen \u201aGrabschtechniken\u2018\u201c, die nicht \u00fcberzeugen. Ist also von der Schilderung einer wahren Tatsache auszugehen, so sprechen die folgenden Aspekte im Rahmen der Abw\u00e4gung f\u00fcr die Zul\u00e4ssigkeit des Facebook-Beitrags der Mandantin:<\/p>\n<ul>\n<li>kein Eingriff in sog. Intimsph\u00e4re des Antragstellers<\/li>\n<li>seine damalige Position als Pr\u00e4sident eines in der Weinbranche bekannten Verbandes <\/li>\n<li>seine partielle Selbst\u00f6ffnung mit seiner \u00f6ffentlichen Entschuldigung bei mehreren Frauen wegen auch aus seiner Sicht grenz\u00fcberschreitenden Verhaltens<\/li>\n<li>Bruch des Rechtsfriedens gegen\u00fcber der Mandantin durch seine Tat<\/li>\n<li>seine nur eingeschr\u00e4nkte Identifizierbarmachung durch die Mandantin (keine Namensnennung)<\/li>\n<li>Facebook-Profil der Mandantin nur eingeschr\u00e4nkt der \u00d6ffentlichkeit zug\u00e4nglich<\/li>\n<li>Verteidigung gegen au\u00dfergerichtliche Forderung des T\u00e4ters, zu seiner Rehabilitation eine Erkl\u00e4rung abzugeben und darin vom eigenen Standpunkt abzuweichen<\/li>\n<li>Verst\u00e4rkung der Meinungsfreiheit (Art. 5 GG) wegen \u00f6ffentlichem Interesse an aktuell andauernder #metoo-Debatte<\/li>\n<\/ul>\n<p>Rechtsanwalt Dr. Marcel Leeser: \u201eUnsere Mandantin hat sich in jeder Hinsicht korrekt verhalten. Dies best\u00e4tigt nun auch das OLG K\u00f6ln. Wenn man eine andere Person \u00f6ffentlich beschuldigt, ist Vorsicht geboten. Im Ausnahmefall kann selbst eine verbreitete Wahrheit wegen hoher Pranger-Wirkung rechtswidrig sein. Unsere Mandantin, die selbst Anw\u00e4ltin ist, hat indes die gebotene Zur\u00fcckhaltung an den Tag gelegt und darf daher weiterhin in dieser Form dar\u00fcber sprechen, was ihr geschehen ist.\u201c<\/p>\n<p>Rechtsanwalt Dr. Ren\u00e9 Rosenau: \u201eWir haben diese Entscheidung so erwartet und freuen uns mit unserer Mandantin hier\u00fcber. Dem T\u00e4ter empfehlen wir nun eine aufrichtige statt einer vorgespielten Selbstreflexion.\u201c<\/p>\n","protected":false},"excerpt":{"rendered":"<p>Am 14.12.2023 berichteten wir, dass die renommierte Rechtsanw\u00e4ltin Alexandra Sofia Wrobel mit H\u00d6CKER vor dem Landgericht K\u00f6ln erfolgreich einen Verbotsantrag abgewehrt hatte (vgl. https:\/\/www.hoecker.eu\/news\/sexuelle-bel\u00e4stigung-in-gastro-szene-renommierte-anw\u00e4ltin-darf-weiter-\u00fcber-erlebtes-berichten). Sie war im Jahr 2022 von einem ehemaligen Wein-Funktion\u00e4r sexuell bel\u00e4stigt worden. Der T\u00e4ter wollte ihr gerichtlich verbieten, \u00fcber das Erlebte in sozialen Medien zu sprechen. Gegen die Entscheidung des Landgerichts, [&hellip;]<\/p>\n","protected":false},"author":1,"featured_media":0,"comment_status":"closed","ping_status":"closed","sticky":false,"template":"","format":"standard","meta":{"_has_post_settings":[],"footnotes":""},"categories":[15],"tags":[],"hashtags":[],"ppma_author":[84],"class_list":["post-8154","post","type-post","status-publish","format-standard","hentry","category-news","author-hoecker_adm"],"yoast_head":"<!-- This site is optimized with the Yoast SEO Premium plugin v25.9 (Yoast SEO v27.0) - https:\/\/yoast.com\/product\/yoast-seo-premium-wordpress\/ -->\n<title>#metoo in Gastro-Szene: OLG K\u00f6ln l\u00e4sst Beschwerde abprallen \u2013 Mandantin darf \u00fcber sexuelle Bel\u00e4stigung sprechen - H\u00d6CKER - der Blog<\/title>\n<meta name=\"robots\" content=\"index, follow, max-snippet:-1, max-image-preview:large, max-video-preview:-1\" \/>\n<link rel=\"canonical\" href=\"https:\/\/www.hoecker.eu\/blog\/metoo-in-gastro-szene-olg-koeln-laesst-beschwerde-abprallen-mandantin-darf-ueber-sexuelle-belaestigung-sprechen\/\" \/>\n<meta property=\"og:locale\" content=\"de_DE\" \/>\n<meta property=\"og:type\" content=\"article\" \/>\n<meta property=\"og:title\" content=\"#metoo in Gastro-Szene: OLG K\u00f6ln l\u00e4sst Beschwerde abprallen \u2013 Mandantin darf \u00fcber sexuelle Bel\u00e4stigung sprechen\" \/>\n<meta property=\"og:description\" content=\"Am 14.12.2023 berichteten wir, dass die renommierte Rechtsanw\u00e4ltin Alexandra Sofia Wrobel mit H\u00d6CKER vor dem Landgericht K\u00f6ln erfolgreich einen Verbotsantrag abgewehrt hatte (vgl. https:\/\/www.hoecker.eu\/news\/sexuelle-bel\u00e4stigung-in-gastro-szene-renommierte-anw\u00e4ltin-darf-weiter-\u00fcber-erlebtes-berichten). Sie war im Jahr 2022 von einem ehemaligen Wein-Funktion\u00e4r sexuell bel\u00e4stigt worden. Der T\u00e4ter wollte ihr gerichtlich verbieten, \u00fcber das Erlebte in sozialen Medien zu sprechen. Gegen die Entscheidung des Landgerichts, [&hellip;]\" \/>\n<meta property=\"og:url\" content=\"https:\/\/www.hoecker.eu\/blog\/metoo-in-gastro-szene-olg-koeln-laesst-beschwerde-abprallen-mandantin-darf-ueber-sexuelle-belaestigung-sprechen\/\" \/>\n<meta property=\"og:site_name\" content=\"H\u00d6CKER - der Blog\" \/>\n<meta property=\"article:publisher\" content=\"https:\/\/www.facebook.com\/HoeckerRAe\/\" \/>\n<meta property=\"article:author\" content=\"https:\/\/www.facebook.com\/ralf.hoecker\" \/>\n<meta property=\"article:published_time\" content=\"2024-01-05T15:09:00+00:00\" \/>\n<meta property=\"article:modified_time\" content=\"2025-02-17T13:53:35+00:00\" \/>\n<meta name=\"author\" content=\"Prof. Dr. Ralf H\u00f6cker\" \/>\n<meta name=\"twitter:card\" content=\"summary_large_image\" \/>\n<meta name=\"twitter:creator\" content=\"@Ralf_Hoecker\" \/>\n<meta name=\"twitter:site\" content=\"@hoecker_rae\" \/>\n<meta name=\"twitter:label1\" content=\"Verfasst von\" \/>\n\t<meta name=\"twitter:data1\" content=\"Prof. Dr. Ralf H\u00f6cker\" \/>\n\t<meta name=\"twitter:label2\" content=\"Gesch\u00e4tzte Lesezeit\" \/>\n\t<meta name=\"twitter:data2\" content=\"2\u00a0Minuten\" \/>\n<script type=\"application\/ld+json\" class=\"yoast-schema-graph\">{\"@context\":\"https:\/\/schema.org\",\"@graph\":[{\"@type\":\"Article\",\"@id\":\"https:\/\/www.hoecker.eu\/blog\/metoo-in-gastro-szene-olg-koeln-laesst-beschwerde-abprallen-mandantin-darf-ueber-sexuelle-belaestigung-sprechen\/#article\",\"isPartOf\":{\"@id\":\"https:\/\/www.hoecker.eu\/blog\/metoo-in-gastro-szene-olg-koeln-laesst-beschwerde-abprallen-mandantin-darf-ueber-sexuelle-belaestigung-sprechen\/\"},\"author\":{\"name\":\"Prof. Dr. Ralf H\u00f6cker\",\"@id\":\"https:\/\/www.hoecker.eu\/blog\/#\/schema\/person\/08f95581eed0534eccd0b2438f7a1cab\"},\"headline\":\"#metoo in Gastro-Szene: OLG K\u00f6ln l\u00e4sst Beschwerde abprallen \u2013 Mandantin darf \u00fcber sexuelle Bel\u00e4stigung sprechen\",\"datePublished\":\"2024-01-05T15:09:00+00:00\",\"dateModified\":\"2025-02-17T13:53:35+00:00\",\"mainEntityOfPage\":{\"@id\":\"https:\/\/www.hoecker.eu\/blog\/metoo-in-gastro-szene-olg-koeln-laesst-beschwerde-abprallen-mandantin-darf-ueber-sexuelle-belaestigung-sprechen\/\"},\"wordCount\":409,\"publisher\":{\"@id\":\"https:\/\/www.hoecker.eu\/blog\/#organization\"},\"articleSection\":[\"News\"],\"inLanguage\":\"de\"},{\"@type\":\"WebPage\",\"@id\":\"https:\/\/www.hoecker.eu\/blog\/metoo-in-gastro-szene-olg-koeln-laesst-beschwerde-abprallen-mandantin-darf-ueber-sexuelle-belaestigung-sprechen\/\",\"url\":\"https:\/\/www.hoecker.eu\/blog\/metoo-in-gastro-szene-olg-koeln-laesst-beschwerde-abprallen-mandantin-darf-ueber-sexuelle-belaestigung-sprechen\/\",\"name\":\"#metoo in Gastro-Szene: OLG K\u00f6ln l\u00e4sst Beschwerde abprallen \u2013 Mandantin darf \u00fcber sexuelle Bel\u00e4stigung sprechen - H\u00d6CKER - der Blog\",\"isPartOf\":{\"@id\":\"https:\/\/www.hoecker.eu\/blog\/#website\"},\"datePublished\":\"2024-01-05T15:09:00+00:00\",\"dateModified\":\"2025-02-17T13:53:35+00:00\",\"breadcrumb\":{\"@id\":\"https:\/\/www.hoecker.eu\/blog\/metoo-in-gastro-szene-olg-koeln-laesst-beschwerde-abprallen-mandantin-darf-ueber-sexuelle-belaestigung-sprechen\/#breadcrumb\"},\"inLanguage\":\"de\",\"potentialAction\":[{\"@type\":\"ReadAction\",\"target\":[\"https:\/\/www.hoecker.eu\/blog\/metoo-in-gastro-szene-olg-koeln-laesst-beschwerde-abprallen-mandantin-darf-ueber-sexuelle-belaestigung-sprechen\/\"]}]},{\"@type\":\"BreadcrumbList\",\"@id\":\"https:\/\/www.hoecker.eu\/blog\/metoo-in-gastro-szene-olg-koeln-laesst-beschwerde-abprallen-mandantin-darf-ueber-sexuelle-belaestigung-sprechen\/#breadcrumb\",\"itemListElement\":[{\"@type\":\"ListItem\",\"position\":1,\"name\":\"Startseite\",\"item\":\"https:\/\/dev.hoecker.eu\/blog\/\"},{\"@type\":\"ListItem\",\"position\":2,\"name\":\"#metoo in Gastro-Szene: OLG K\u00f6ln l\u00e4sst Beschwerde abprallen \u2013 Mandantin darf \u00fcber sexuelle Bel\u00e4stigung sprechen\"}]},{\"@type\":\"WebSite\",\"@id\":\"https:\/\/www.hoecker.eu\/blog\/#website\",\"url\":\"https:\/\/www.hoecker.eu\/blog\/\",\"name\":\"H\u00d6CKER - der Blog\",\"description\":\"Expertenblog f\u00fcr \u00c4u\u00dferungs-, Medien-, Marken-, Urheber- und Wettbewerbsrecht.\",\"publisher\":{\"@id\":\"https:\/\/www.hoecker.eu\/blog\/#organization\"},\"potentialAction\":[{\"@type\":\"SearchAction\",\"target\":{\"@type\":\"EntryPoint\",\"urlTemplate\":\"https:\/\/www.hoecker.eu\/blog\/?s={search_term_string}\"},\"query-input\":{\"@type\":\"PropertyValueSpecification\",\"valueRequired\":true,\"valueName\":\"search_term_string\"}}],\"inLanguage\":\"de\"},{\"@type\":\"Organization\",\"@id\":\"https:\/\/www.hoecker.eu\/blog\/#organization\",\"name\":\"H\u00d6CKER Rechtsanw\u00e4lte PartGmbB\",\"alternateName\":\"H\u00d6CKER\",\"url\":\"https:\/\/www.hoecker.eu\/blog\/\",\"logo\":{\"@type\":\"ImageObject\",\"inLanguage\":\"de\",\"@id\":\"https:\/\/www.hoecker.eu\/blog\/#\/schema\/logo\/image\/\",\"url\":\"https:\/\/www.hoecker.eu\/blog\/wp-content\/uploads\/2025\/03\/Blog-Logo.webp\",\"contentUrl\":\"https:\/\/www.hoecker.eu\/blog\/wp-content\/uploads\/2025\/03\/Blog-Logo.webp\",\"width\":500,\"height\":500,\"caption\":\"H\u00d6CKER Rechtsanw\u00e4lte PartGmbB\"},\"image\":{\"@id\":\"https:\/\/www.hoecker.eu\/blog\/#\/schema\/logo\/image\/\"},\"sameAs\":[\"https:\/\/www.facebook.com\/HoeckerRAe\/\",\"https:\/\/x.com\/hoecker_rae\",\"https:\/\/www.linkedin.com\/company\/hcker-rechtsanwlte\/\",\"https:\/\/www.instagram.com\/hoecker_rae\/\"],\"email\":\"contact@hoecker.eu\",\"telephone\":\"+ 49 (0)221-933 19-10\",\"legalName\":\"H\u00d6CKER Rechtsanw\u00e4lte PartGmbB\",\"numberOfEmployees\":{\"@type\":\"QuantitativeValue\",\"minValue\":\"11\",\"maxValue\":\"50\"}},{\"@type\":\"Person\",\"@id\":\"https:\/\/www.hoecker.eu\/blog\/#\/schema\/person\/08f95581eed0534eccd0b2438f7a1cab\",\"name\":\"Prof. Dr. Ralf H\u00f6cker\",\"description\":\"Medienanwalt. Besch\u00fctzer vor mieser Presse\",\"sameAs\":[\"https:\/\/www.hoecker.eu\/wer\/prof-dr-ralf-hoecker\",\"https:\/\/www.facebook.com\/ralf.hoecker\",\"https:\/\/www.linkedin.com\/in\/prof-dr-ralf-hcker-ll-m-london-17987826\/\",\"https:\/\/x.com\/Ralf_Hoecker\"],\"url\":\"https:\/\/www.hoecker.eu\/blog\/author\/hoecker_adm\/\"}]}<\/script>\n<!-- \/ Yoast SEO Premium plugin. -->","yoast_head_json":{"title":"#metoo in Gastro-Szene: OLG K\u00f6ln l\u00e4sst Beschwerde abprallen \u2013 Mandantin darf \u00fcber sexuelle Bel\u00e4stigung sprechen - H\u00d6CKER - der Blog","robots":{"index":"index","follow":"follow","max-snippet":"max-snippet:-1","max-image-preview":"max-image-preview:large","max-video-preview":"max-video-preview:-1"},"canonical":"https:\/\/www.hoecker.eu\/blog\/metoo-in-gastro-szene-olg-koeln-laesst-beschwerde-abprallen-mandantin-darf-ueber-sexuelle-belaestigung-sprechen\/","og_locale":"de_DE","og_type":"article","og_title":"#metoo in Gastro-Szene: OLG K\u00f6ln l\u00e4sst Beschwerde abprallen \u2013 Mandantin darf \u00fcber sexuelle Bel\u00e4stigung sprechen","og_description":"Am 14.12.2023 berichteten wir, dass die renommierte Rechtsanw\u00e4ltin Alexandra Sofia Wrobel mit H\u00d6CKER vor dem Landgericht K\u00f6ln erfolgreich einen Verbotsantrag abgewehrt hatte (vgl. https:\/\/www.hoecker.eu\/news\/sexuelle-bel\u00e4stigung-in-gastro-szene-renommierte-anw\u00e4ltin-darf-weiter-\u00fcber-erlebtes-berichten). Sie war im Jahr 2022 von einem ehemaligen Wein-Funktion\u00e4r sexuell bel\u00e4stigt worden. Der T\u00e4ter wollte ihr gerichtlich verbieten, \u00fcber das Erlebte in sozialen Medien zu sprechen. Gegen die Entscheidung des Landgerichts, [&hellip;]","og_url":"https:\/\/www.hoecker.eu\/blog\/metoo-in-gastro-szene-olg-koeln-laesst-beschwerde-abprallen-mandantin-darf-ueber-sexuelle-belaestigung-sprechen\/","og_site_name":"H\u00d6CKER - der Blog","article_publisher":"https:\/\/www.facebook.com\/HoeckerRAe\/","article_author":"https:\/\/www.facebook.com\/ralf.hoecker","article_published_time":"2024-01-05T15:09:00+00:00","article_modified_time":"2025-02-17T13:53:35+00:00","author":"Prof. Dr. Ralf H\u00f6cker","twitter_card":"summary_large_image","twitter_creator":"@Ralf_Hoecker","twitter_site":"@hoecker_rae","twitter_misc":{"Verfasst von":"Prof. Dr. Ralf H\u00f6cker","Gesch\u00e4tzte Lesezeit":"2\u00a0Minuten"},"schema":{"@context":"https:\/\/schema.org","@graph":[{"@type":"Article","@id":"https:\/\/www.hoecker.eu\/blog\/metoo-in-gastro-szene-olg-koeln-laesst-beschwerde-abprallen-mandantin-darf-ueber-sexuelle-belaestigung-sprechen\/#article","isPartOf":{"@id":"https:\/\/www.hoecker.eu\/blog\/metoo-in-gastro-szene-olg-koeln-laesst-beschwerde-abprallen-mandantin-darf-ueber-sexuelle-belaestigung-sprechen\/"},"author":{"name":"Prof. Dr. Ralf H\u00f6cker","@id":"https:\/\/www.hoecker.eu\/blog\/#\/schema\/person\/08f95581eed0534eccd0b2438f7a1cab"},"headline":"#metoo in Gastro-Szene: OLG K\u00f6ln l\u00e4sst Beschwerde abprallen \u2013 Mandantin darf \u00fcber sexuelle Bel\u00e4stigung sprechen","datePublished":"2024-01-05T15:09:00+00:00","dateModified":"2025-02-17T13:53:35+00:00","mainEntityOfPage":{"@id":"https:\/\/www.hoecker.eu\/blog\/metoo-in-gastro-szene-olg-koeln-laesst-beschwerde-abprallen-mandantin-darf-ueber-sexuelle-belaestigung-sprechen\/"},"wordCount":409,"publisher":{"@id":"https:\/\/www.hoecker.eu\/blog\/#organization"},"articleSection":["News"],"inLanguage":"de"},{"@type":"WebPage","@id":"https:\/\/www.hoecker.eu\/blog\/metoo-in-gastro-szene-olg-koeln-laesst-beschwerde-abprallen-mandantin-darf-ueber-sexuelle-belaestigung-sprechen\/","url":"https:\/\/www.hoecker.eu\/blog\/metoo-in-gastro-szene-olg-koeln-laesst-beschwerde-abprallen-mandantin-darf-ueber-sexuelle-belaestigung-sprechen\/","name":"#metoo in Gastro-Szene: OLG K\u00f6ln l\u00e4sst Beschwerde abprallen \u2013 Mandantin darf \u00fcber sexuelle Bel\u00e4stigung sprechen - H\u00d6CKER - der Blog","isPartOf":{"@id":"https:\/\/www.hoecker.eu\/blog\/#website"},"datePublished":"2024-01-05T15:09:00+00:00","dateModified":"2025-02-17T13:53:35+00:00","breadcrumb":{"@id":"https:\/\/www.hoecker.eu\/blog\/metoo-in-gastro-szene-olg-koeln-laesst-beschwerde-abprallen-mandantin-darf-ueber-sexuelle-belaestigung-sprechen\/#breadcrumb"},"inLanguage":"de","potentialAction":[{"@type":"ReadAction","target":["https:\/\/www.hoecker.eu\/blog\/metoo-in-gastro-szene-olg-koeln-laesst-beschwerde-abprallen-mandantin-darf-ueber-sexuelle-belaestigung-sprechen\/"]}]},{"@type":"BreadcrumbList","@id":"https:\/\/www.hoecker.eu\/blog\/metoo-in-gastro-szene-olg-koeln-laesst-beschwerde-abprallen-mandantin-darf-ueber-sexuelle-belaestigung-sprechen\/#breadcrumb","itemListElement":[{"@type":"ListItem","position":1,"name":"Startseite","item":"https:\/\/dev.hoecker.eu\/blog\/"},{"@type":"ListItem","position":2,"name":"#metoo in Gastro-Szene: OLG K\u00f6ln l\u00e4sst Beschwerde abprallen \u2013 Mandantin darf \u00fcber sexuelle Bel\u00e4stigung sprechen"}]},{"@type":"WebSite","@id":"https:\/\/www.hoecker.eu\/blog\/#website","url":"https:\/\/www.hoecker.eu\/blog\/","name":"H\u00d6CKER - der Blog","description":"Expertenblog f\u00fcr \u00c4u\u00dferungs-, Medien-, Marken-, Urheber- und Wettbewerbsrecht.","publisher":{"@id":"https:\/\/www.hoecker.eu\/blog\/#organization"},"potentialAction":[{"@type":"SearchAction","target":{"@type":"EntryPoint","urlTemplate":"https:\/\/www.hoecker.eu\/blog\/?s={search_term_string}"},"query-input":{"@type":"PropertyValueSpecification","valueRequired":true,"valueName":"search_term_string"}}],"inLanguage":"de"},{"@type":"Organization","@id":"https:\/\/www.hoecker.eu\/blog\/#organization","name":"H\u00d6CKER Rechtsanw\u00e4lte PartGmbB","alternateName":"H\u00d6CKER","url":"https:\/\/www.hoecker.eu\/blog\/","logo":{"@type":"ImageObject","inLanguage":"de","@id":"https:\/\/www.hoecker.eu\/blog\/#\/schema\/logo\/image\/","url":"https:\/\/www.hoecker.eu\/blog\/wp-content\/uploads\/2025\/03\/Blog-Logo.webp","contentUrl":"https:\/\/www.hoecker.eu\/blog\/wp-content\/uploads\/2025\/03\/Blog-Logo.webp","width":500,"height":500,"caption":"H\u00d6CKER Rechtsanw\u00e4lte PartGmbB"},"image":{"@id":"https:\/\/www.hoecker.eu\/blog\/#\/schema\/logo\/image\/"},"sameAs":["https:\/\/www.facebook.com\/HoeckerRAe\/","https:\/\/x.com\/hoecker_rae","https:\/\/www.linkedin.com\/company\/hcker-rechtsanwlte\/","https:\/\/www.instagram.com\/hoecker_rae\/"],"email":"contact@hoecker.eu","telephone":"+ 49 (0)221-933 19-10","legalName":"H\u00d6CKER Rechtsanw\u00e4lte PartGmbB","numberOfEmployees":{"@type":"QuantitativeValue","minValue":"11","maxValue":"50"}},{"@type":"Person","@id":"https:\/\/www.hoecker.eu\/blog\/#\/schema\/person\/08f95581eed0534eccd0b2438f7a1cab","name":"Prof. Dr. Ralf H\u00f6cker","description":"Medienanwalt. Besch\u00fctzer vor mieser Presse","sameAs":["https:\/\/www.hoecker.eu\/wer\/prof-dr-ralf-hoecker","https:\/\/www.facebook.com\/ralf.hoecker","https:\/\/www.linkedin.com\/in\/prof-dr-ralf-hcker-ll-m-london-17987826\/","https:\/\/x.com\/Ralf_Hoecker"],"url":"https:\/\/www.hoecker.eu\/blog\/author\/hoecker_adm\/"}]}},"authors":[{"term_id":84,"user_id":1,"is_guest":0,"slug":"hoecker_adm","display_name":"Prof. Dr. Ralf H\u00f6cker","avatar_url":{"url":"https:\/\/www.hoecker.eu\/blog\/wp-content\/uploads\/2023\/12\/ProfDrRalfHoecker.jpg","url2x":"https:\/\/www.hoecker.eu\/blog\/wp-content\/uploads\/2023\/12\/ProfDrRalfHoecker.jpg"},"0":null,"1":"","2":"","3":"","4":"","5":"","6":"","7":"","8":"","9":"","10":"","11":""}],"_links":{"self":[{"href":"https:\/\/www.hoecker.eu\/blog\/wp-json\/wp\/v2\/posts\/8154","targetHints":{"allow":["GET"]}}],"collection":[{"href":"https:\/\/www.hoecker.eu\/blog\/wp-json\/wp\/v2\/posts"}],"about":[{"href":"https:\/\/www.hoecker.eu\/blog\/wp-json\/wp\/v2\/types\/post"}],"author":[{"embeddable":true,"href":"https:\/\/www.hoecker.eu\/blog\/wp-json\/wp\/v2\/users\/1"}],"replies":[{"embeddable":true,"href":"https:\/\/www.hoecker.eu\/blog\/wp-json\/wp\/v2\/comments?post=8154"}],"version-history":[{"count":1,"href":"https:\/\/www.hoecker.eu\/blog\/wp-json\/wp\/v2\/posts\/8154\/revisions"}],"predecessor-version":[{"id":9276,"href":"https:\/\/www.hoecker.eu\/blog\/wp-json\/wp\/v2\/posts\/8154\/revisions\/9276"}],"wp:attachment":[{"href":"https:\/\/www.hoecker.eu\/blog\/wp-json\/wp\/v2\/media?parent=8154"}],"wp:term":[{"taxonomy":"category","embeddable":true,"href":"https:\/\/www.hoecker.eu\/blog\/wp-json\/wp\/v2\/categories?post=8154"},{"taxonomy":"post_tag","embeddable":true,"href":"https:\/\/www.hoecker.eu\/blog\/wp-json\/wp\/v2\/tags?post=8154"},{"taxonomy":"hashtags","embeddable":true,"href":"https:\/\/www.hoecker.eu\/blog\/wp-json\/wp\/v2\/hashtags?post=8154"},{"taxonomy":"author","embeddable":true,"href":"https:\/\/www.hoecker.eu\/blog\/wp-json\/wp\/v2\/ppma_author?post=8154"}],"curies":[{"name":"wp","href":"https:\/\/api.w.org\/{rel}","templated":true}]}}