{"id":8152,"date":"2024-02-14T15:44:00","date_gmt":"2024-02-14T14:44:00","guid":{"rendered":"https:\/\/www.hoecker.eu\/blog\/wiederholte-verbreitung-alter-falschbehauptungen-kann-nun-im-eilrechtsschutz-verboten-werden-hoecker-erwirkt-musterentscheidung-im-presserecht\/"},"modified":"2025-02-17T14:53:34","modified_gmt":"2025-02-17T13:53:34","slug":"wiederholte-verbreitung-alter-falschbehauptungen-kann-nun-im-eilrechtsschutz-verboten-werden-hoecker-erwirkt-musterentscheidung-im-presserecht","status":"publish","type":"post","link":"https:\/\/www.hoecker.eu\/blog\/wiederholte-verbreitung-alter-falschbehauptungen-kann-nun-im-eilrechtsschutz-verboten-werden-hoecker-erwirkt-musterentscheidung-im-presserecht\/","title":{"rendered":"Wiederholte Verbreitung alter Falschbehauptungen kann nun im Eilrechtsschutz verboten werden \u2013 H\u00d6CKER erwirkt Musterentscheidung im Presserecht"},"content":{"rendered":"<p>Wer eine alte Falschbehauptung erneut verbreitet, der kann nun eine einstweilige Verf\u00fcgung kassieren: H\u00d6CKER hat einen renommierten deutschen Verlag erfolgreich gegen Falschbehauptungen eines Autoren verteidigt. Der Autor hatte zun\u00e4chst auf seinem Blog diverse Falschbehauptungen \u00fcber angebliches Fehlverhalten des Verlages ver\u00f6ffentlicht. Nachdem Einigungsversuche fehl schlugen, hat der Verlag mit H\u00d6CKER eine Klage auf Unterlassung dieser \u00c4u\u00dferungen eingereicht. <\/p>\n<p>Von dieser Klage unbeeindruckt hat der Autor dann Aussagen, die den in der Klage angegriffenen Falschbehauptungen stark \u00e4hneln, erneuert und diese in einer Google-Bewertung des Verlages ver\u00f6ffentlicht. Nachdem eine Abmahnung fruchtlos blieb, ging der Verlag mit H\u00d6CKER gegen diese Google-Bewertung vor und beantragte ein Verbot im Eilrechtschutz (Antrag auf Erlass einer einstweiligen Verf\u00fcgung).<\/p>\n<p>Der Autor wehrte sich gegen den Verbotsantrag damit, dass Gegenstand des Antrags \u201ealte\u201c Falschbehauptungen seien, die er in dieser Form ja schon vor vielen Monaten auf seinem Blog ver\u00f6ffentlicht habe. Der Verlag k\u00f6nne daher mangels einer Dringlichkeit gegen diese bereits seit langem an anderer Stelle ver\u00f6ffentlichte Behauptungen kein schnelles Verbot im einstweiligen Rechtschutz erreichen. <\/p>\n<p>Das Landgericht K\u00f6ln gab dem Autor sogar in erster Instanz recht. Es vertrat die Ansicht, dass die f\u00fcr ein Verbot im Eilverfahren notwendige Dringlichkeit fehle, weil hochgradig \u00e4hnliche \u00c4u\u00dferungen seit Monaten bekannt und in einem Klageverfahren angegriffen w\u00fcrden. <\/p>\n<p>Das Argument des Verlages, dass die Wiederver\u00f6ffentlichung \u00e4hnlicher Falschbehauptungen in einer Google-Bewertung einen anderen und erweiterten Leserkreis erreichen w\u00fcrden, so dass die Sch\u00e4digungswirkung durch die neue Falschbehauptungen gr\u00f6\u00dfer geworden sei, war aus Sicht des Landgerichts K\u00f6ln unerheblich. <\/p>\n<p>Das OLG K\u00f6ln hat nun die Entscheidung des Landgerichts K\u00f6ln aufgehoben und s\u00e4mtliche angegriffenen Aussagen des Autoren verboten: <\/p>\n<p>Das OLG K\u00f6ln stellt in der ersten Musterentscheidung zum Wiederaufleben der Dringlichkeit im \u00c4u\u00dferungsrecht fest, dass ein Verbot im Eilverfahren zwar grunds\u00e4tzlich voraussetze, dass der Betroffene zeitnah gegen Falschbehauptungen vorgeht. Das OLG K\u00f6ln folgte allerdings der Argumentation von H\u00d6CKER, dass eine neue Dringlichkeit f\u00fcr ein Verbot im einstweiligen Rechtsschutz dann entsteht, wenn der \u00c4u\u00dfernde Falschbehauptungen so wiederholt, dass diese einen anderen Leserkreis erreichen als in der urspr\u00fcnglichen Ver\u00f6ffentlichung. So sei dies im vorliegenden Fall: Der Blog des Autoren, in dem gleichartige \u00c4u\u00dferungen vor Monaten ver\u00f6ffentlicht wurden, erreiche einen anderen Leserkreis, als die nun in Rede stehende Google-Bewertung. F\u00fchre eine erneute Ver\u00f6ffentlichung bereits \u00e4lterer Falschbehauptungen zu einem neuen Leserkreis, dann lebe die Dringlichkeit wieder auf und der Betroffene kann auch gegen bereits zuvor ver\u00f6ffentlichte \u00c4u\u00dferungen ein Verbot im einstweiligen Rechtsschutz erwirken (OLG K\u00f6ln, Beschluss vom 09.02.2024, Az. 25 W 7\/24).<\/p>\n<p>Dr. Carsten Brennecke: <em>\u201eWir begr\u00fc\u00dfen diese wegweisende Entscheidung im Presserecht. Oftmals werden bereits fr\u00fcher get\u00e4tigte Falschbehauptungen in leicht abgewandelter Form erneut verbreitet. Das OLG K\u00f6ln ber\u00fccksichtigt nun die berechtigten Interessen der Betroffenen und erm\u00f6glicht ein schnelles Verbot, wenn die Verbreitung der \u00c4u\u00dferungen einen neuen Leserkreis erreicht und dadurch ihre Rechte beeintr\u00e4chtigt werden.\u201c<\/em><\/p>\n<p>Christoph Jarno Burghoff: <em>\u201eDie von uns im einstweiligen Verf\u00fcgungsverfahren angegriffenen \u00c4u\u00dferungen hatte der Antragsgegner auf einem v\u00f6llig anderen Verbreitungsweg und damit auch gegen\u00fcber einem v\u00f6llig anderen Rezipientenkreis vorgenommen als die im Klageverfahren monierten. Angesichts der fortdauernden Pers\u00f6nlichkeitsrechtverletzung war es unserer Mandantin nicht zuzumuten, ein Hauptsachverfahren abzuwarten. Es ist sehr erfreulich, dass das OLG K\u00f6ln in diesem f\u00fcr das Presse- und \u00c4u\u00dferungsrecht wegeweisenden Beschluss die Eilbed\u00fcrftigkeit der Sache bejaht und damit dem sozialen Geltungsanspruch unserer Mandantin den ihm geb\u00fchrenden Rechtsschutz zukommen l\u00e4sst.\u201c<\/em><\/p>\n","protected":false},"excerpt":{"rendered":"<p>Wer eine alte Falschbehauptung erneut verbreitet, der kann nun eine einstweilige Verf\u00fcgung kassieren: H\u00d6CKER hat einen renommierten deutschen Verlag erfolgreich gegen Falschbehauptungen eines Autoren verteidigt. Der Autor hatte zun\u00e4chst auf seinem Blog diverse Falschbehauptungen \u00fcber angebliches Fehlverhalten des Verlages ver\u00f6ffentlicht. Nachdem Einigungsversuche fehl schlugen, hat der Verlag mit H\u00d6CKER eine Klage auf Unterlassung dieser \u00c4u\u00dferungen [&hellip;]<\/p>\n","protected":false},"author":1,"featured_media":0,"comment_status":"closed","ping_status":"closed","sticky":false,"template":"","format":"standard","meta":{"_has_post_settings":[],"footnotes":""},"categories":[15],"tags":[],"hashtags":[],"ppma_author":[84],"class_list":["post-8152","post","type-post","status-publish","format-standard","hentry","category-news","author-hoecker_adm"],"yoast_head":"<!-- This site is optimized with the Yoast SEO Premium plugin v25.9 (Yoast SEO v27.0) - https:\/\/yoast.com\/product\/yoast-seo-premium-wordpress\/ -->\n<title>Wiederholte Verbreitung alter Falschbehauptungen kann nun im Eilrechtsschutz verboten werden \u2013 H\u00d6CKER erwirkt Musterentscheidung im Presserecht - H\u00d6CKER - der Blog<\/title>\n<meta name=\"robots\" content=\"index, follow, max-snippet:-1, max-image-preview:large, max-video-preview:-1\" \/>\n<link rel=\"canonical\" href=\"https:\/\/www.hoecker.eu\/blog\/wiederholte-verbreitung-alter-falschbehauptungen-kann-nun-im-eilrechtsschutz-verboten-werden-hoecker-erwirkt-musterentscheidung-im-presserecht\/\" \/>\n<meta property=\"og:locale\" content=\"de_DE\" \/>\n<meta property=\"og:type\" content=\"article\" \/>\n<meta property=\"og:title\" content=\"Wiederholte Verbreitung alter Falschbehauptungen kann nun im Eilrechtsschutz verboten werden \u2013 H\u00d6CKER erwirkt Musterentscheidung im Presserecht\" \/>\n<meta property=\"og:description\" content=\"Wer eine alte Falschbehauptung erneut verbreitet, der kann nun eine einstweilige Verf\u00fcgung kassieren: H\u00d6CKER hat einen renommierten deutschen Verlag erfolgreich gegen Falschbehauptungen eines Autoren verteidigt. Der Autor hatte zun\u00e4chst auf seinem Blog diverse Falschbehauptungen \u00fcber angebliches Fehlverhalten des Verlages ver\u00f6ffentlicht. Nachdem Einigungsversuche fehl schlugen, hat der Verlag mit H\u00d6CKER eine Klage auf Unterlassung dieser \u00c4u\u00dferungen [&hellip;]\" \/>\n<meta property=\"og:url\" content=\"https:\/\/www.hoecker.eu\/blog\/wiederholte-verbreitung-alter-falschbehauptungen-kann-nun-im-eilrechtsschutz-verboten-werden-hoecker-erwirkt-musterentscheidung-im-presserecht\/\" \/>\n<meta property=\"og:site_name\" content=\"H\u00d6CKER - der Blog\" \/>\n<meta property=\"article:publisher\" content=\"https:\/\/www.facebook.com\/HoeckerRAe\/\" \/>\n<meta property=\"article:author\" content=\"https:\/\/www.facebook.com\/ralf.hoecker\" \/>\n<meta property=\"article:published_time\" content=\"2024-02-14T14:44:00+00:00\" \/>\n<meta property=\"article:modified_time\" content=\"2025-02-17T13:53:34+00:00\" \/>\n<meta name=\"author\" content=\"Prof. Dr. Ralf H\u00f6cker\" \/>\n<meta name=\"twitter:card\" content=\"summary_large_image\" \/>\n<meta name=\"twitter:creator\" content=\"@Ralf_Hoecker\" \/>\n<meta name=\"twitter:site\" content=\"@hoecker_rae\" \/>\n<meta name=\"twitter:label1\" content=\"Verfasst von\" \/>\n\t<meta name=\"twitter:data1\" content=\"Prof. Dr. Ralf H\u00f6cker\" \/>\n\t<meta name=\"twitter:label2\" content=\"Gesch\u00e4tzte Lesezeit\" \/>\n\t<meta name=\"twitter:data2\" content=\"3\u00a0Minuten\" \/>\n<script type=\"application\/ld+json\" class=\"yoast-schema-graph\">{\"@context\":\"https:\/\/schema.org\",\"@graph\":[{\"@type\":\"Article\",\"@id\":\"https:\/\/www.hoecker.eu\/blog\/wiederholte-verbreitung-alter-falschbehauptungen-kann-nun-im-eilrechtsschutz-verboten-werden-hoecker-erwirkt-musterentscheidung-im-presserecht\/#article\",\"isPartOf\":{\"@id\":\"https:\/\/www.hoecker.eu\/blog\/wiederholte-verbreitung-alter-falschbehauptungen-kann-nun-im-eilrechtsschutz-verboten-werden-hoecker-erwirkt-musterentscheidung-im-presserecht\/\"},\"author\":{\"name\":\"Prof. Dr. Ralf H\u00f6cker\",\"@id\":\"https:\/\/www.hoecker.eu\/blog\/#\/schema\/person\/08f95581eed0534eccd0b2438f7a1cab\"},\"headline\":\"Wiederholte Verbreitung alter Falschbehauptungen kann nun im Eilrechtsschutz verboten werden \u2013 H\u00d6CKER erwirkt Musterentscheidung im Presserecht\",\"datePublished\":\"2024-02-14T14:44:00+00:00\",\"dateModified\":\"2025-02-17T13:53:34+00:00\",\"mainEntityOfPage\":{\"@id\":\"https:\/\/www.hoecker.eu\/blog\/wiederholte-verbreitung-alter-falschbehauptungen-kann-nun-im-eilrechtsschutz-verboten-werden-hoecker-erwirkt-musterentscheidung-im-presserecht\/\"},\"wordCount\":601,\"publisher\":{\"@id\":\"https:\/\/www.hoecker.eu\/blog\/#organization\"},\"articleSection\":[\"News\"],\"inLanguage\":\"de\"},{\"@type\":\"WebPage\",\"@id\":\"https:\/\/www.hoecker.eu\/blog\/wiederholte-verbreitung-alter-falschbehauptungen-kann-nun-im-eilrechtsschutz-verboten-werden-hoecker-erwirkt-musterentscheidung-im-presserecht\/\",\"url\":\"https:\/\/www.hoecker.eu\/blog\/wiederholte-verbreitung-alter-falschbehauptungen-kann-nun-im-eilrechtsschutz-verboten-werden-hoecker-erwirkt-musterentscheidung-im-presserecht\/\",\"name\":\"Wiederholte Verbreitung alter Falschbehauptungen kann nun im Eilrechtsschutz verboten werden \u2013 H\u00d6CKER erwirkt Musterentscheidung im Presserecht - H\u00d6CKER - der Blog\",\"isPartOf\":{\"@id\":\"https:\/\/www.hoecker.eu\/blog\/#website\"},\"datePublished\":\"2024-02-14T14:44:00+00:00\",\"dateModified\":\"2025-02-17T13:53:34+00:00\",\"breadcrumb\":{\"@id\":\"https:\/\/www.hoecker.eu\/blog\/wiederholte-verbreitung-alter-falschbehauptungen-kann-nun-im-eilrechtsschutz-verboten-werden-hoecker-erwirkt-musterentscheidung-im-presserecht\/#breadcrumb\"},\"inLanguage\":\"de\",\"potentialAction\":[{\"@type\":\"ReadAction\",\"target\":[\"https:\/\/www.hoecker.eu\/blog\/wiederholte-verbreitung-alter-falschbehauptungen-kann-nun-im-eilrechtsschutz-verboten-werden-hoecker-erwirkt-musterentscheidung-im-presserecht\/\"]}]},{\"@type\":\"BreadcrumbList\",\"@id\":\"https:\/\/www.hoecker.eu\/blog\/wiederholte-verbreitung-alter-falschbehauptungen-kann-nun-im-eilrechtsschutz-verboten-werden-hoecker-erwirkt-musterentscheidung-im-presserecht\/#breadcrumb\",\"itemListElement\":[{\"@type\":\"ListItem\",\"position\":1,\"name\":\"Startseite\",\"item\":\"https:\/\/dev.hoecker.eu\/blog\/\"},{\"@type\":\"ListItem\",\"position\":2,\"name\":\"Wiederholte Verbreitung alter Falschbehauptungen kann nun im Eilrechtsschutz verboten werden \u2013 H\u00d6CKER erwirkt Musterentscheidung im Presserecht\"}]},{\"@type\":\"WebSite\",\"@id\":\"https:\/\/www.hoecker.eu\/blog\/#website\",\"url\":\"https:\/\/www.hoecker.eu\/blog\/\",\"name\":\"H\u00d6CKER - der Blog\",\"description\":\"Expertenblog f\u00fcr \u00c4u\u00dferungs-, Medien-, Marken-, Urheber- und Wettbewerbsrecht.\",\"publisher\":{\"@id\":\"https:\/\/www.hoecker.eu\/blog\/#organization\"},\"potentialAction\":[{\"@type\":\"SearchAction\",\"target\":{\"@type\":\"EntryPoint\",\"urlTemplate\":\"https:\/\/www.hoecker.eu\/blog\/?s={search_term_string}\"},\"query-input\":{\"@type\":\"PropertyValueSpecification\",\"valueRequired\":true,\"valueName\":\"search_term_string\"}}],\"inLanguage\":\"de\"},{\"@type\":\"Organization\",\"@id\":\"https:\/\/www.hoecker.eu\/blog\/#organization\",\"name\":\"H\u00d6CKER Rechtsanw\u00e4lte PartGmbB\",\"alternateName\":\"H\u00d6CKER\",\"url\":\"https:\/\/www.hoecker.eu\/blog\/\",\"logo\":{\"@type\":\"ImageObject\",\"inLanguage\":\"de\",\"@id\":\"https:\/\/www.hoecker.eu\/blog\/#\/schema\/logo\/image\/\",\"url\":\"https:\/\/www.hoecker.eu\/blog\/wp-content\/uploads\/2025\/03\/Blog-Logo.webp\",\"contentUrl\":\"https:\/\/www.hoecker.eu\/blog\/wp-content\/uploads\/2025\/03\/Blog-Logo.webp\",\"width\":500,\"height\":500,\"caption\":\"H\u00d6CKER Rechtsanw\u00e4lte PartGmbB\"},\"image\":{\"@id\":\"https:\/\/www.hoecker.eu\/blog\/#\/schema\/logo\/image\/\"},\"sameAs\":[\"https:\/\/www.facebook.com\/HoeckerRAe\/\",\"https:\/\/x.com\/hoecker_rae\",\"https:\/\/www.linkedin.com\/company\/hcker-rechtsanwlte\/\",\"https:\/\/www.instagram.com\/hoecker_rae\/\"],\"email\":\"contact@hoecker.eu\",\"telephone\":\"+ 49 (0)221-933 19-10\",\"legalName\":\"H\u00d6CKER Rechtsanw\u00e4lte PartGmbB\",\"numberOfEmployees\":{\"@type\":\"QuantitativeValue\",\"minValue\":\"11\",\"maxValue\":\"50\"}},{\"@type\":\"Person\",\"@id\":\"https:\/\/www.hoecker.eu\/blog\/#\/schema\/person\/08f95581eed0534eccd0b2438f7a1cab\",\"name\":\"Prof. Dr. Ralf H\u00f6cker\",\"description\":\"Medienanwalt. Besch\u00fctzer vor mieser Presse\",\"sameAs\":[\"https:\/\/www.hoecker.eu\/wer\/prof-dr-ralf-hoecker\",\"https:\/\/www.facebook.com\/ralf.hoecker\",\"https:\/\/www.linkedin.com\/in\/prof-dr-ralf-hcker-ll-m-london-17987826\/\",\"https:\/\/x.com\/Ralf_Hoecker\"],\"url\":\"https:\/\/www.hoecker.eu\/blog\/author\/hoecker_adm\/\"}]}<\/script>\n<!-- \/ Yoast SEO Premium plugin. -->","yoast_head_json":{"title":"Wiederholte Verbreitung alter Falschbehauptungen kann nun im Eilrechtsschutz verboten werden \u2013 H\u00d6CKER erwirkt Musterentscheidung im Presserecht - H\u00d6CKER - der Blog","robots":{"index":"index","follow":"follow","max-snippet":"max-snippet:-1","max-image-preview":"max-image-preview:large","max-video-preview":"max-video-preview:-1"},"canonical":"https:\/\/www.hoecker.eu\/blog\/wiederholte-verbreitung-alter-falschbehauptungen-kann-nun-im-eilrechtsschutz-verboten-werden-hoecker-erwirkt-musterentscheidung-im-presserecht\/","og_locale":"de_DE","og_type":"article","og_title":"Wiederholte Verbreitung alter Falschbehauptungen kann nun im Eilrechtsschutz verboten werden \u2013 H\u00d6CKER erwirkt Musterentscheidung im Presserecht","og_description":"Wer eine alte Falschbehauptung erneut verbreitet, der kann nun eine einstweilige Verf\u00fcgung kassieren: H\u00d6CKER hat einen renommierten deutschen Verlag erfolgreich gegen Falschbehauptungen eines Autoren verteidigt. Der Autor hatte zun\u00e4chst auf seinem Blog diverse Falschbehauptungen \u00fcber angebliches Fehlverhalten des Verlages ver\u00f6ffentlicht. Nachdem Einigungsversuche fehl schlugen, hat der Verlag mit H\u00d6CKER eine Klage auf Unterlassung dieser \u00c4u\u00dferungen [&hellip;]","og_url":"https:\/\/www.hoecker.eu\/blog\/wiederholte-verbreitung-alter-falschbehauptungen-kann-nun-im-eilrechtsschutz-verboten-werden-hoecker-erwirkt-musterentscheidung-im-presserecht\/","og_site_name":"H\u00d6CKER - der Blog","article_publisher":"https:\/\/www.facebook.com\/HoeckerRAe\/","article_author":"https:\/\/www.facebook.com\/ralf.hoecker","article_published_time":"2024-02-14T14:44:00+00:00","article_modified_time":"2025-02-17T13:53:34+00:00","author":"Prof. Dr. Ralf H\u00f6cker","twitter_card":"summary_large_image","twitter_creator":"@Ralf_Hoecker","twitter_site":"@hoecker_rae","twitter_misc":{"Verfasst von":"Prof. Dr. Ralf H\u00f6cker","Gesch\u00e4tzte Lesezeit":"3\u00a0Minuten"},"schema":{"@context":"https:\/\/schema.org","@graph":[{"@type":"Article","@id":"https:\/\/www.hoecker.eu\/blog\/wiederholte-verbreitung-alter-falschbehauptungen-kann-nun-im-eilrechtsschutz-verboten-werden-hoecker-erwirkt-musterentscheidung-im-presserecht\/#article","isPartOf":{"@id":"https:\/\/www.hoecker.eu\/blog\/wiederholte-verbreitung-alter-falschbehauptungen-kann-nun-im-eilrechtsschutz-verboten-werden-hoecker-erwirkt-musterentscheidung-im-presserecht\/"},"author":{"name":"Prof. Dr. Ralf H\u00f6cker","@id":"https:\/\/www.hoecker.eu\/blog\/#\/schema\/person\/08f95581eed0534eccd0b2438f7a1cab"},"headline":"Wiederholte Verbreitung alter Falschbehauptungen kann nun im Eilrechtsschutz verboten werden \u2013 H\u00d6CKER erwirkt Musterentscheidung im Presserecht","datePublished":"2024-02-14T14:44:00+00:00","dateModified":"2025-02-17T13:53:34+00:00","mainEntityOfPage":{"@id":"https:\/\/www.hoecker.eu\/blog\/wiederholte-verbreitung-alter-falschbehauptungen-kann-nun-im-eilrechtsschutz-verboten-werden-hoecker-erwirkt-musterentscheidung-im-presserecht\/"},"wordCount":601,"publisher":{"@id":"https:\/\/www.hoecker.eu\/blog\/#organization"},"articleSection":["News"],"inLanguage":"de"},{"@type":"WebPage","@id":"https:\/\/www.hoecker.eu\/blog\/wiederholte-verbreitung-alter-falschbehauptungen-kann-nun-im-eilrechtsschutz-verboten-werden-hoecker-erwirkt-musterentscheidung-im-presserecht\/","url":"https:\/\/www.hoecker.eu\/blog\/wiederholte-verbreitung-alter-falschbehauptungen-kann-nun-im-eilrechtsschutz-verboten-werden-hoecker-erwirkt-musterentscheidung-im-presserecht\/","name":"Wiederholte Verbreitung alter Falschbehauptungen kann nun im Eilrechtsschutz verboten werden \u2013 H\u00d6CKER erwirkt Musterentscheidung im Presserecht - H\u00d6CKER - der Blog","isPartOf":{"@id":"https:\/\/www.hoecker.eu\/blog\/#website"},"datePublished":"2024-02-14T14:44:00+00:00","dateModified":"2025-02-17T13:53:34+00:00","breadcrumb":{"@id":"https:\/\/www.hoecker.eu\/blog\/wiederholte-verbreitung-alter-falschbehauptungen-kann-nun-im-eilrechtsschutz-verboten-werden-hoecker-erwirkt-musterentscheidung-im-presserecht\/#breadcrumb"},"inLanguage":"de","potentialAction":[{"@type":"ReadAction","target":["https:\/\/www.hoecker.eu\/blog\/wiederholte-verbreitung-alter-falschbehauptungen-kann-nun-im-eilrechtsschutz-verboten-werden-hoecker-erwirkt-musterentscheidung-im-presserecht\/"]}]},{"@type":"BreadcrumbList","@id":"https:\/\/www.hoecker.eu\/blog\/wiederholte-verbreitung-alter-falschbehauptungen-kann-nun-im-eilrechtsschutz-verboten-werden-hoecker-erwirkt-musterentscheidung-im-presserecht\/#breadcrumb","itemListElement":[{"@type":"ListItem","position":1,"name":"Startseite","item":"https:\/\/dev.hoecker.eu\/blog\/"},{"@type":"ListItem","position":2,"name":"Wiederholte Verbreitung alter Falschbehauptungen kann nun im Eilrechtsschutz verboten werden \u2013 H\u00d6CKER erwirkt Musterentscheidung im Presserecht"}]},{"@type":"WebSite","@id":"https:\/\/www.hoecker.eu\/blog\/#website","url":"https:\/\/www.hoecker.eu\/blog\/","name":"H\u00d6CKER - der Blog","description":"Expertenblog f\u00fcr \u00c4u\u00dferungs-, Medien-, Marken-, Urheber- und Wettbewerbsrecht.","publisher":{"@id":"https:\/\/www.hoecker.eu\/blog\/#organization"},"potentialAction":[{"@type":"SearchAction","target":{"@type":"EntryPoint","urlTemplate":"https:\/\/www.hoecker.eu\/blog\/?s={search_term_string}"},"query-input":{"@type":"PropertyValueSpecification","valueRequired":true,"valueName":"search_term_string"}}],"inLanguage":"de"},{"@type":"Organization","@id":"https:\/\/www.hoecker.eu\/blog\/#organization","name":"H\u00d6CKER Rechtsanw\u00e4lte PartGmbB","alternateName":"H\u00d6CKER","url":"https:\/\/www.hoecker.eu\/blog\/","logo":{"@type":"ImageObject","inLanguage":"de","@id":"https:\/\/www.hoecker.eu\/blog\/#\/schema\/logo\/image\/","url":"https:\/\/www.hoecker.eu\/blog\/wp-content\/uploads\/2025\/03\/Blog-Logo.webp","contentUrl":"https:\/\/www.hoecker.eu\/blog\/wp-content\/uploads\/2025\/03\/Blog-Logo.webp","width":500,"height":500,"caption":"H\u00d6CKER Rechtsanw\u00e4lte PartGmbB"},"image":{"@id":"https:\/\/www.hoecker.eu\/blog\/#\/schema\/logo\/image\/"},"sameAs":["https:\/\/www.facebook.com\/HoeckerRAe\/","https:\/\/x.com\/hoecker_rae","https:\/\/www.linkedin.com\/company\/hcker-rechtsanwlte\/","https:\/\/www.instagram.com\/hoecker_rae\/"],"email":"contact@hoecker.eu","telephone":"+ 49 (0)221-933 19-10","legalName":"H\u00d6CKER Rechtsanw\u00e4lte PartGmbB","numberOfEmployees":{"@type":"QuantitativeValue","minValue":"11","maxValue":"50"}},{"@type":"Person","@id":"https:\/\/www.hoecker.eu\/blog\/#\/schema\/person\/08f95581eed0534eccd0b2438f7a1cab","name":"Prof. Dr. Ralf H\u00f6cker","description":"Medienanwalt. Besch\u00fctzer vor mieser Presse","sameAs":["https:\/\/www.hoecker.eu\/wer\/prof-dr-ralf-hoecker","https:\/\/www.facebook.com\/ralf.hoecker","https:\/\/www.linkedin.com\/in\/prof-dr-ralf-hcker-ll-m-london-17987826\/","https:\/\/x.com\/Ralf_Hoecker"],"url":"https:\/\/www.hoecker.eu\/blog\/author\/hoecker_adm\/"}]}},"authors":[{"term_id":84,"user_id":1,"is_guest":0,"slug":"hoecker_adm","display_name":"Prof. Dr. Ralf H\u00f6cker","avatar_url":{"url":"https:\/\/www.hoecker.eu\/blog\/wp-content\/uploads\/2023\/12\/ProfDrRalfHoecker.jpg","url2x":"https:\/\/www.hoecker.eu\/blog\/wp-content\/uploads\/2023\/12\/ProfDrRalfHoecker.jpg"},"0":null,"1":"","2":"","3":"","4":"","5":"","6":"","7":"","8":"","9":"","10":"","11":""}],"_links":{"self":[{"href":"https:\/\/www.hoecker.eu\/blog\/wp-json\/wp\/v2\/posts\/8152","targetHints":{"allow":["GET"]}}],"collection":[{"href":"https:\/\/www.hoecker.eu\/blog\/wp-json\/wp\/v2\/posts"}],"about":[{"href":"https:\/\/www.hoecker.eu\/blog\/wp-json\/wp\/v2\/types\/post"}],"author":[{"embeddable":true,"href":"https:\/\/www.hoecker.eu\/blog\/wp-json\/wp\/v2\/users\/1"}],"replies":[{"embeddable":true,"href":"https:\/\/www.hoecker.eu\/blog\/wp-json\/wp\/v2\/comments?post=8152"}],"version-history":[{"count":1,"href":"https:\/\/www.hoecker.eu\/blog\/wp-json\/wp\/v2\/posts\/8152\/revisions"}],"predecessor-version":[{"id":9274,"href":"https:\/\/www.hoecker.eu\/blog\/wp-json\/wp\/v2\/posts\/8152\/revisions\/9274"}],"wp:attachment":[{"href":"https:\/\/www.hoecker.eu\/blog\/wp-json\/wp\/v2\/media?parent=8152"}],"wp:term":[{"taxonomy":"category","embeddable":true,"href":"https:\/\/www.hoecker.eu\/blog\/wp-json\/wp\/v2\/categories?post=8152"},{"taxonomy":"post_tag","embeddable":true,"href":"https:\/\/www.hoecker.eu\/blog\/wp-json\/wp\/v2\/tags?post=8152"},{"taxonomy":"hashtags","embeddable":true,"href":"https:\/\/www.hoecker.eu\/blog\/wp-json\/wp\/v2\/hashtags?post=8152"},{"taxonomy":"author","embeddable":true,"href":"https:\/\/www.hoecker.eu\/blog\/wp-json\/wp\/v2\/ppma_author?post=8152"}],"curies":[{"name":"wp","href":"https:\/\/api.w.org\/{rel}","templated":true}]}}