{"id":8150,"date":"2024-02-28T11:22:00","date_gmt":"2024-02-28T10:22:00","guid":{"rendered":"https:\/\/www.hoecker.eu\/blog\/pressemitteilung-zum-vorfall-an-wuppertaler-schule-vom-22-02-2024\/"},"modified":"2026-04-02T07:48:21","modified_gmt":"2026-04-02T05:48:21","slug":"pressemitteilung-zum-vorfall-an-wuppertaler-schule-vom-22-02-2024","status":"publish","type":"post","link":"https:\/\/www.hoecker.eu\/blog\/pressemitteilung-zum-vorfall-an-wuppertaler-schule-vom-22-02-2024\/","title":{"rendered":"Pressemitteilung zum Vorfall an Wuppertaler Schule vom 22.02.2024"},"content":{"rendered":"<p>K\u00f6ln, 28.02.2024<\/p>\n<p>Wir vertreten ab sofort in presse- und \u00e4u\u00dferungsrechtlichen Angelegenheiten den Beschuldigten, dem ein Messerangriff auf vier Personen an einer Schule in Wuppertal (NRW) am 22.02.2024 vorgeworfen wird.<\/p>\n<p>Wir weisen darauf hin, dass \u00fcber unseren Mandanten nicht in einer Weise berichtet werden darf, die ihn f\u00fcr sein Umfeld identifizierbar macht. Denn dies verletzt unseren Mandanten in seinem Pers\u00f6nlichkeitsrecht und verst\u00f6\u00dft insbesondere gegen die Unschuldsvermutung. Seine Identit\u00e4t besitzt keinen eigenen Informationswert. Unser Mandant war der \u00d6ffentlichkeit zuvor nicht bekannt. Es handelt sich weder um eine prominente Person, noch um einen Intensivstraft\u00e4ter, der in der Vergangenheit dadurch in Erscheinung getreten w\u00e4re, dass ihm vergleichbare Taten zur Last gelegt wurden. Er ist nicht vorbestraft.<\/p>\n<p>Einige Medien haben gegen die Anonymisierungspflicht versto\u00dfen, indem sie unseren Mandanten etwa durch die folgenden Angaben:<\/p>\n<ul>\n<li>seinen Vornamen<\/li>\n<li>seinen abgek\u00fcrzten Nachnamen<\/li>\n<li>sein Alter sowie<\/li>\n<li>die von ihm besuchten Schule<\/li>\n<\/ul>\n<p>f\u00fcr sein Umfeld erkennbar gemacht haben.<\/p>\n<p>Wir sind beauftragt, hiergegen konsequent rechtlich vorzugehen und appellieren an die Medien, sich ab sofort an die Anonymisierungspflicht zu halten und die vorgenannten Identifizierungsmerkmale aus ihren Online-Berichten zu entfernen.<\/p>\n<p>Die Ermittlungen zum Geschehen stehen ganz am Anfang und der genaue Ablauf steht nicht sicher fest. Die anwaltlichen Vertreter des Mandanten werden sich beizeiten zu den Hintergr\u00fcnden des Geschehens \u00e4u\u00dfern. Bis dahin empfehlen wir, keine haltlosen Spekulation anzustellen.<\/p>\n<p>Pressekontakt:<br \/>\nRechtsanwalt Dr. Marcel Leeser<\/p>\n<p>H\u00d6CKER Rechtsanw\u00e4lte PartGmbB, Friesenplatz 1, 50672 K\u00f6ln<br \/>\nE-Mail: <a href=\"mailto:leeser@hoecker.eu\">leeser@hoecker.eu<\/a><br \/>\nTel.: 0221-9331910<\/p>\n","protected":false},"excerpt":{"rendered":"<p>K\u00f6ln, 28.02.2024 Wir vertreten ab sofort in presse- und \u00e4u\u00dferungsrechtlichen Angelegenheiten den Beschuldigten, dem ein Messerangriff auf vier Personen an einer Schule in Wuppertal (NRW) am 22.02.2024 vorgeworfen wird. Wir weisen darauf hin, dass \u00fcber unseren Mandanten nicht in einer Weise berichtet werden darf, die ihn f\u00fcr sein Umfeld identifizierbar macht. Denn dies verletzt unseren [&hellip;]<\/p>\n","protected":false},"author":1,"featured_media":0,"comment_status":"closed","ping_status":"closed","sticky":false,"template":"","format":"standard","meta":{"_has_post_settings":[],"footnotes":""},"categories":[15],"tags":[],"hashtags":[],"ppma_author":[84],"class_list":["post-8150","post","type-post","status-publish","format-standard","hentry","category-news","author-hoecker_adm"],"yoast_head":"<!-- This site is optimized with the Yoast SEO Premium plugin v25.9 (Yoast SEO v27.0) - https:\/\/yoast.com\/product\/yoast-seo-premium-wordpress\/ -->\n<title>Pressemitteilung zum Vorfall an Wuppertaler Schule vom 22.02.2024 - H\u00d6CKER - der Blog<\/title>\n<meta name=\"robots\" content=\"index, follow, max-snippet:-1, max-image-preview:large, max-video-preview:-1\" \/>\n<link rel=\"canonical\" href=\"https:\/\/www.hoecker.eu\/blog\/pressemitteilung-zum-vorfall-an-wuppertaler-schule-vom-22-02-2024\/\" \/>\n<meta property=\"og:locale\" content=\"de_DE\" \/>\n<meta property=\"og:type\" content=\"article\" \/>\n<meta property=\"og:title\" content=\"Pressemitteilung zum Vorfall an Wuppertaler Schule vom 22.02.2024\" \/>\n<meta property=\"og:description\" content=\"K\u00f6ln, 28.02.2024 Wir vertreten ab sofort in presse- und \u00e4u\u00dferungsrechtlichen Angelegenheiten den Beschuldigten, dem ein Messerangriff auf vier Personen an einer Schule in Wuppertal (NRW) am 22.02.2024 vorgeworfen wird. Wir weisen darauf hin, dass \u00fcber unseren Mandanten nicht in einer Weise berichtet werden darf, die ihn f\u00fcr sein Umfeld identifizierbar macht. Denn dies verletzt unseren [&hellip;]\" \/>\n<meta property=\"og:url\" content=\"https:\/\/www.hoecker.eu\/blog\/pressemitteilung-zum-vorfall-an-wuppertaler-schule-vom-22-02-2024\/\" \/>\n<meta property=\"og:site_name\" content=\"H\u00d6CKER - der Blog\" \/>\n<meta property=\"article:publisher\" content=\"https:\/\/www.facebook.com\/HoeckerRAe\/\" \/>\n<meta property=\"article:author\" content=\"https:\/\/www.facebook.com\/ralf.hoecker\" \/>\n<meta property=\"article:published_time\" content=\"2024-02-28T10:22:00+00:00\" \/>\n<meta property=\"article:modified_time\" content=\"2026-04-02T05:48:21+00:00\" \/>\n<meta name=\"author\" content=\"Prof. Dr. Ralf H\u00f6cker\" \/>\n<meta name=\"twitter:card\" content=\"summary_large_image\" \/>\n<meta name=\"twitter:creator\" content=\"@Ralf_Hoecker\" \/>\n<meta name=\"twitter:site\" content=\"@hoecker_rae\" \/>\n<meta name=\"twitter:label1\" content=\"Verfasst von\" \/>\n\t<meta name=\"twitter:data1\" content=\"Prof. Dr. Ralf H\u00f6cker\" \/>\n\t<meta name=\"twitter:label2\" content=\"Gesch\u00e4tzte Lesezeit\" \/>\n\t<meta name=\"twitter:data2\" content=\"2\u00a0Minuten\" \/>\n<script type=\"application\/ld+json\" class=\"yoast-schema-graph\">{\"@context\":\"https:\/\/schema.org\",\"@graph\":[{\"@type\":\"Article\",\"@id\":\"https:\/\/www.hoecker.eu\/blog\/pressemitteilung-zum-vorfall-an-wuppertaler-schule-vom-22-02-2024\/#article\",\"isPartOf\":{\"@id\":\"https:\/\/www.hoecker.eu\/blog\/pressemitteilung-zum-vorfall-an-wuppertaler-schule-vom-22-02-2024\/\"},\"author\":{\"name\":\"Prof. Dr. Ralf H\u00f6cker\",\"@id\":\"https:\/\/www.hoecker.eu\/blog\/#\/schema\/person\/08f95581eed0534eccd0b2438f7a1cab\"},\"headline\":\"Pressemitteilung zum Vorfall an Wuppertaler Schule vom 22.02.2024\",\"datePublished\":\"2024-02-28T10:22:00+00:00\",\"dateModified\":\"2026-04-02T05:48:21+00:00\",\"mainEntityOfPage\":{\"@id\":\"https:\/\/www.hoecker.eu\/blog\/pressemitteilung-zum-vorfall-an-wuppertaler-schule-vom-22-02-2024\/\"},\"wordCount\":251,\"publisher\":{\"@id\":\"https:\/\/www.hoecker.eu\/blog\/#organization\"},\"articleSection\":[\"News\"],\"inLanguage\":\"de\"},{\"@type\":\"WebPage\",\"@id\":\"https:\/\/www.hoecker.eu\/blog\/pressemitteilung-zum-vorfall-an-wuppertaler-schule-vom-22-02-2024\/\",\"url\":\"https:\/\/www.hoecker.eu\/blog\/pressemitteilung-zum-vorfall-an-wuppertaler-schule-vom-22-02-2024\/\",\"name\":\"Pressemitteilung zum Vorfall an Wuppertaler Schule vom 22.02.2024 - H\u00d6CKER - der Blog\",\"isPartOf\":{\"@id\":\"https:\/\/www.hoecker.eu\/blog\/#website\"},\"datePublished\":\"2024-02-28T10:22:00+00:00\",\"dateModified\":\"2026-04-02T05:48:21+00:00\",\"breadcrumb\":{\"@id\":\"https:\/\/www.hoecker.eu\/blog\/pressemitteilung-zum-vorfall-an-wuppertaler-schule-vom-22-02-2024\/#breadcrumb\"},\"inLanguage\":\"de\",\"potentialAction\":[{\"@type\":\"ReadAction\",\"target\":[\"https:\/\/www.hoecker.eu\/blog\/pressemitteilung-zum-vorfall-an-wuppertaler-schule-vom-22-02-2024\/\"]}]},{\"@type\":\"BreadcrumbList\",\"@id\":\"https:\/\/www.hoecker.eu\/blog\/pressemitteilung-zum-vorfall-an-wuppertaler-schule-vom-22-02-2024\/#breadcrumb\",\"itemListElement\":[{\"@type\":\"ListItem\",\"position\":1,\"name\":\"Startseite\",\"item\":\"https:\/\/dev.hoecker.eu\/blog\/\"},{\"@type\":\"ListItem\",\"position\":2,\"name\":\"Pressemitteilung zum Vorfall an Wuppertaler Schule vom 22.02.2024\"}]},{\"@type\":\"WebSite\",\"@id\":\"https:\/\/www.hoecker.eu\/blog\/#website\",\"url\":\"https:\/\/www.hoecker.eu\/blog\/\",\"name\":\"H\u00d6CKER - der Blog\",\"description\":\"Expertenblog f\u00fcr \u00c4u\u00dferungs-, Medien-, Marken-, Urheber- und Wettbewerbsrecht.\",\"publisher\":{\"@id\":\"https:\/\/www.hoecker.eu\/blog\/#organization\"},\"potentialAction\":[{\"@type\":\"SearchAction\",\"target\":{\"@type\":\"EntryPoint\",\"urlTemplate\":\"https:\/\/www.hoecker.eu\/blog\/?s={search_term_string}\"},\"query-input\":{\"@type\":\"PropertyValueSpecification\",\"valueRequired\":true,\"valueName\":\"search_term_string\"}}],\"inLanguage\":\"de\"},{\"@type\":\"Organization\",\"@id\":\"https:\/\/www.hoecker.eu\/blog\/#organization\",\"name\":\"H\u00d6CKER Rechtsanw\u00e4lte PartGmbB\",\"alternateName\":\"H\u00d6CKER\",\"url\":\"https:\/\/www.hoecker.eu\/blog\/\",\"logo\":{\"@type\":\"ImageObject\",\"inLanguage\":\"de\",\"@id\":\"https:\/\/www.hoecker.eu\/blog\/#\/schema\/logo\/image\/\",\"url\":\"https:\/\/www.hoecker.eu\/blog\/wp-content\/uploads\/2025\/03\/Blog-Logo.webp\",\"contentUrl\":\"https:\/\/www.hoecker.eu\/blog\/wp-content\/uploads\/2025\/03\/Blog-Logo.webp\",\"width\":500,\"height\":500,\"caption\":\"H\u00d6CKER Rechtsanw\u00e4lte PartGmbB\"},\"image\":{\"@id\":\"https:\/\/www.hoecker.eu\/blog\/#\/schema\/logo\/image\/\"},\"sameAs\":[\"https:\/\/www.facebook.com\/HoeckerRAe\/\",\"https:\/\/x.com\/hoecker_rae\",\"https:\/\/www.linkedin.com\/company\/hcker-rechtsanwlte\/\",\"https:\/\/www.instagram.com\/hoecker_rae\/\"],\"email\":\"contact@hoecker.eu\",\"telephone\":\"+ 49 (0)221-933 19-10\",\"legalName\":\"H\u00d6CKER Rechtsanw\u00e4lte PartGmbB\",\"numberOfEmployees\":{\"@type\":\"QuantitativeValue\",\"minValue\":\"11\",\"maxValue\":\"50\"}},{\"@type\":\"Person\",\"@id\":\"https:\/\/www.hoecker.eu\/blog\/#\/schema\/person\/08f95581eed0534eccd0b2438f7a1cab\",\"name\":\"Prof. Dr. Ralf H\u00f6cker\",\"description\":\"Medienanwalt. Besch\u00fctzer vor mieser Presse\",\"sameAs\":[\"https:\/\/www.hoecker.eu\/wer\/prof-dr-ralf-hoecker\",\"https:\/\/www.facebook.com\/ralf.hoecker\",\"https:\/\/www.linkedin.com\/in\/prof-dr-ralf-hcker-ll-m-london-17987826\/\",\"https:\/\/x.com\/Ralf_Hoecker\"],\"url\":\"https:\/\/www.hoecker.eu\/blog\/author\/hoecker_adm\/\"}]}<\/script>\n<!-- \/ Yoast SEO Premium plugin. -->","yoast_head_json":{"title":"Pressemitteilung zum Vorfall an Wuppertaler Schule vom 22.02.2024 - H\u00d6CKER - der Blog","robots":{"index":"index","follow":"follow","max-snippet":"max-snippet:-1","max-image-preview":"max-image-preview:large","max-video-preview":"max-video-preview:-1"},"canonical":"https:\/\/www.hoecker.eu\/blog\/pressemitteilung-zum-vorfall-an-wuppertaler-schule-vom-22-02-2024\/","og_locale":"de_DE","og_type":"article","og_title":"Pressemitteilung zum Vorfall an Wuppertaler Schule vom 22.02.2024","og_description":"K\u00f6ln, 28.02.2024 Wir vertreten ab sofort in presse- und \u00e4u\u00dferungsrechtlichen Angelegenheiten den Beschuldigten, dem ein Messerangriff auf vier Personen an einer Schule in Wuppertal (NRW) am 22.02.2024 vorgeworfen wird. Wir weisen darauf hin, dass \u00fcber unseren Mandanten nicht in einer Weise berichtet werden darf, die ihn f\u00fcr sein Umfeld identifizierbar macht. Denn dies verletzt unseren [&hellip;]","og_url":"https:\/\/www.hoecker.eu\/blog\/pressemitteilung-zum-vorfall-an-wuppertaler-schule-vom-22-02-2024\/","og_site_name":"H\u00d6CKER - der Blog","article_publisher":"https:\/\/www.facebook.com\/HoeckerRAe\/","article_author":"https:\/\/www.facebook.com\/ralf.hoecker","article_published_time":"2024-02-28T10:22:00+00:00","article_modified_time":"2026-04-02T05:48:21+00:00","author":"Prof. Dr. Ralf H\u00f6cker","twitter_card":"summary_large_image","twitter_creator":"@Ralf_Hoecker","twitter_site":"@hoecker_rae","twitter_misc":{"Verfasst von":"Prof. Dr. Ralf H\u00f6cker","Gesch\u00e4tzte Lesezeit":"2\u00a0Minuten"},"schema":{"@context":"https:\/\/schema.org","@graph":[{"@type":"Article","@id":"https:\/\/www.hoecker.eu\/blog\/pressemitteilung-zum-vorfall-an-wuppertaler-schule-vom-22-02-2024\/#article","isPartOf":{"@id":"https:\/\/www.hoecker.eu\/blog\/pressemitteilung-zum-vorfall-an-wuppertaler-schule-vom-22-02-2024\/"},"author":{"name":"Prof. Dr. Ralf H\u00f6cker","@id":"https:\/\/www.hoecker.eu\/blog\/#\/schema\/person\/08f95581eed0534eccd0b2438f7a1cab"},"headline":"Pressemitteilung zum Vorfall an Wuppertaler Schule vom 22.02.2024","datePublished":"2024-02-28T10:22:00+00:00","dateModified":"2026-04-02T05:48:21+00:00","mainEntityOfPage":{"@id":"https:\/\/www.hoecker.eu\/blog\/pressemitteilung-zum-vorfall-an-wuppertaler-schule-vom-22-02-2024\/"},"wordCount":251,"publisher":{"@id":"https:\/\/www.hoecker.eu\/blog\/#organization"},"articleSection":["News"],"inLanguage":"de"},{"@type":"WebPage","@id":"https:\/\/www.hoecker.eu\/blog\/pressemitteilung-zum-vorfall-an-wuppertaler-schule-vom-22-02-2024\/","url":"https:\/\/www.hoecker.eu\/blog\/pressemitteilung-zum-vorfall-an-wuppertaler-schule-vom-22-02-2024\/","name":"Pressemitteilung zum Vorfall an Wuppertaler Schule vom 22.02.2024 - H\u00d6CKER - der Blog","isPartOf":{"@id":"https:\/\/www.hoecker.eu\/blog\/#website"},"datePublished":"2024-02-28T10:22:00+00:00","dateModified":"2026-04-02T05:48:21+00:00","breadcrumb":{"@id":"https:\/\/www.hoecker.eu\/blog\/pressemitteilung-zum-vorfall-an-wuppertaler-schule-vom-22-02-2024\/#breadcrumb"},"inLanguage":"de","potentialAction":[{"@type":"ReadAction","target":["https:\/\/www.hoecker.eu\/blog\/pressemitteilung-zum-vorfall-an-wuppertaler-schule-vom-22-02-2024\/"]}]},{"@type":"BreadcrumbList","@id":"https:\/\/www.hoecker.eu\/blog\/pressemitteilung-zum-vorfall-an-wuppertaler-schule-vom-22-02-2024\/#breadcrumb","itemListElement":[{"@type":"ListItem","position":1,"name":"Startseite","item":"https:\/\/dev.hoecker.eu\/blog\/"},{"@type":"ListItem","position":2,"name":"Pressemitteilung zum Vorfall an Wuppertaler Schule vom 22.02.2024"}]},{"@type":"WebSite","@id":"https:\/\/www.hoecker.eu\/blog\/#website","url":"https:\/\/www.hoecker.eu\/blog\/","name":"H\u00d6CKER - der Blog","description":"Expertenblog f\u00fcr \u00c4u\u00dferungs-, Medien-, Marken-, Urheber- und Wettbewerbsrecht.","publisher":{"@id":"https:\/\/www.hoecker.eu\/blog\/#organization"},"potentialAction":[{"@type":"SearchAction","target":{"@type":"EntryPoint","urlTemplate":"https:\/\/www.hoecker.eu\/blog\/?s={search_term_string}"},"query-input":{"@type":"PropertyValueSpecification","valueRequired":true,"valueName":"search_term_string"}}],"inLanguage":"de"},{"@type":"Organization","@id":"https:\/\/www.hoecker.eu\/blog\/#organization","name":"H\u00d6CKER Rechtsanw\u00e4lte PartGmbB","alternateName":"H\u00d6CKER","url":"https:\/\/www.hoecker.eu\/blog\/","logo":{"@type":"ImageObject","inLanguage":"de","@id":"https:\/\/www.hoecker.eu\/blog\/#\/schema\/logo\/image\/","url":"https:\/\/www.hoecker.eu\/blog\/wp-content\/uploads\/2025\/03\/Blog-Logo.webp","contentUrl":"https:\/\/www.hoecker.eu\/blog\/wp-content\/uploads\/2025\/03\/Blog-Logo.webp","width":500,"height":500,"caption":"H\u00d6CKER Rechtsanw\u00e4lte PartGmbB"},"image":{"@id":"https:\/\/www.hoecker.eu\/blog\/#\/schema\/logo\/image\/"},"sameAs":["https:\/\/www.facebook.com\/HoeckerRAe\/","https:\/\/x.com\/hoecker_rae","https:\/\/www.linkedin.com\/company\/hcker-rechtsanwlte\/","https:\/\/www.instagram.com\/hoecker_rae\/"],"email":"contact@hoecker.eu","telephone":"+ 49 (0)221-933 19-10","legalName":"H\u00d6CKER Rechtsanw\u00e4lte PartGmbB","numberOfEmployees":{"@type":"QuantitativeValue","minValue":"11","maxValue":"50"}},{"@type":"Person","@id":"https:\/\/www.hoecker.eu\/blog\/#\/schema\/person\/08f95581eed0534eccd0b2438f7a1cab","name":"Prof. Dr. Ralf H\u00f6cker","description":"Medienanwalt. Besch\u00fctzer vor mieser Presse","sameAs":["https:\/\/www.hoecker.eu\/wer\/prof-dr-ralf-hoecker","https:\/\/www.facebook.com\/ralf.hoecker","https:\/\/www.linkedin.com\/in\/prof-dr-ralf-hcker-ll-m-london-17987826\/","https:\/\/x.com\/Ralf_Hoecker"],"url":"https:\/\/www.hoecker.eu\/blog\/author\/hoecker_adm\/"}]}},"authors":[{"term_id":84,"user_id":1,"is_guest":0,"slug":"hoecker_adm","display_name":"Prof. Dr. Ralf H\u00f6cker","avatar_url":{"url":"https:\/\/www.hoecker.eu\/blog\/wp-content\/uploads\/2023\/12\/ProfDrRalfHoecker.jpg","url2x":"https:\/\/www.hoecker.eu\/blog\/wp-content\/uploads\/2023\/12\/ProfDrRalfHoecker.jpg"},"0":null,"1":"","2":"","3":"","4":"","5":"","6":"","7":"","8":"","9":"","10":"","11":""}],"_links":{"self":[{"href":"https:\/\/www.hoecker.eu\/blog\/wp-json\/wp\/v2\/posts\/8150","targetHints":{"allow":["GET"]}}],"collection":[{"href":"https:\/\/www.hoecker.eu\/blog\/wp-json\/wp\/v2\/posts"}],"about":[{"href":"https:\/\/www.hoecker.eu\/blog\/wp-json\/wp\/v2\/types\/post"}],"author":[{"embeddable":true,"href":"https:\/\/www.hoecker.eu\/blog\/wp-json\/wp\/v2\/users\/1"}],"replies":[{"embeddable":true,"href":"https:\/\/www.hoecker.eu\/blog\/wp-json\/wp\/v2\/comments?post=8150"}],"version-history":[{"count":2,"href":"https:\/\/www.hoecker.eu\/blog\/wp-json\/wp\/v2\/posts\/8150\/revisions"}],"predecessor-version":[{"id":10372,"href":"https:\/\/www.hoecker.eu\/blog\/wp-json\/wp\/v2\/posts\/8150\/revisions\/10372"}],"wp:attachment":[{"href":"https:\/\/www.hoecker.eu\/blog\/wp-json\/wp\/v2\/media?parent=8150"}],"wp:term":[{"taxonomy":"category","embeddable":true,"href":"https:\/\/www.hoecker.eu\/blog\/wp-json\/wp\/v2\/categories?post=8150"},{"taxonomy":"post_tag","embeddable":true,"href":"https:\/\/www.hoecker.eu\/blog\/wp-json\/wp\/v2\/tags?post=8150"},{"taxonomy":"hashtags","embeddable":true,"href":"https:\/\/www.hoecker.eu\/blog\/wp-json\/wp\/v2\/hashtags?post=8150"},{"taxonomy":"author","embeddable":true,"href":"https:\/\/www.hoecker.eu\/blog\/wp-json\/wp\/v2\/ppma_author?post=8150"}],"curies":[{"name":"wp","href":"https:\/\/api.w.org\/{rel}","templated":true}]}}