{"id":8149,"date":"2024-03-27T12:12:00","date_gmt":"2024-03-27T11:12:00","guid":{"rendered":"https:\/\/www.hoecker.eu\/blog\/entscheidung-des-olg-hamburg-im-verfahren-dr-vosgerau-gegen-correctiv-olg-hamburg-bestaetigt-dass-correctiv-die-aussagen-vosgeraus-verkuerzt-hat-verneint-aber-weitere-unterlassungsansprueche\/"},"modified":"2025-02-17T14:53:32","modified_gmt":"2025-02-17T13:53:32","slug":"entscheidung-des-olg-hamburg-im-verfahren-dr-vosgerau-gegen-correctiv-olg-hamburg-bestaetigt-dass-correctiv-die-aussagen-vosgeraus-verkuerzt-hat-verneint-aber-weitere-unterlassungsansprueche","status":"publish","type":"post","link":"https:\/\/www.hoecker.eu\/blog\/entscheidung-des-olg-hamburg-im-verfahren-dr-vosgerau-gegen-correctiv-olg-hamburg-bestaetigt-dass-correctiv-die-aussagen-vosgeraus-verkuerzt-hat-verneint-aber-weitere-unterlassungsansprueche\/","title":{"rendered":"Entscheidung des OLG Hamburg im Verfahren Dr. Vosgerau gegen Correctiv: OLG Hamburg best\u00e4tigt, dass Correctiv die Aussagen Vosgeraus verk\u00fcrzt hat, verneint aber weitere Unterlassungsanspr\u00fcche:"},"content":{"rendered":"<p>Der Staatsrechtler Dr. Ulrich Vosgerau (CDU) ist vor dem Landgericht Hamburg erfolgreich gegen die Correctiv-Berichterstattung vom 10.01.2024 vorgegangen. Das Landgericht Hamburg hat mit einstweiliger Verf\u00fcgung (n.rk.) verboten, eine Aussage Vosgeraus zu Erfolgsaussichten von Wahlpr\u00fcfungsbeschwerden sinnentstellend verf\u00e4lschend wiederzugeben.<\/p>\n<p>Correctiv hatte eine Aussage Vosgeraus zu Wahlpr\u00fcfungsbeschwerden falsch dargestellt und in ihr Gegenteil verkehrt. <u><strong>Verboten<\/strong><\/u> wurde Correctiv die nachstehende Passage:<\/p>\n<p><em>\u201eDen Vorschlag, man k\u00f6nne vor den kommenden Wahlen ein Musterschreiben entwickeln, um die Rechtm\u00e4\u00dfigkeit von Wahlen in Zweifel zu ziehen, h\u00e4lt Vosgerau f\u00fcr denkbar: <u>Je mehr mitmachten, stimmt er zu, umso h\u00f6her die Erfolgswahrscheinlichkeit.\u201c<\/u><\/em><\/p>\n<p>Das Gericht begr\u00fcndet das Verbot damit, dass diese Aussage unwahr ist, Zitat LG Hamburg:<\/p>\n<p><em>\u201eLeserinnen und Leser entnehmen der \u00c4u\u00dferung, \u201eJe mehr mitmachten, stimmt er zu, umso h\u00f6her die Erfolgswahrscheinlichkeit\u201c das Verst\u00e4ndnis, dass der Antragsteller, wenn nicht w\u00f6rtlich, so doch wenigstens sinngem\u00e4\u00df gesagt habe, dass die Wahrscheinlichkeit, dass Wahlpr\u00fcfungsbeschwerden Erfolg h\u00e4tten, umso gr\u00f6\u00dfer sei, je mehr Beschwerden eingelegt w\u00fcrden.<\/em><\/p>\n<p><em>Dies ist prozessual unwahr.\u201c<\/em><\/p>\n<p>Vosgerau hatte gerade <u>nicht<\/u><br \/>\ngesagt, dass der Erfolg von Wahlpr\u00fcfungsbeschwerden mit steigender Anzahl zunehme. Ganz im Gegenteil sagte er explizit, dass ein massenweises Vorgehen bei Wahlpr\u00fcfungsbeschwerden nicht sinnvoll sei. Der Erfolg einer Wahlpr\u00fcfungsbeschwerde h\u00e4nge nicht davon ab, wie oft sie eingereicht werde, sondern davon, wie gut sie begr\u00fcndet sei.<\/p>\n<p><strong>Ausb\u00fcrgerung und Briefwahl: Zwei weitere irref\u00fchrende Darstellungen wurden nicht verboten:<\/strong><\/p>\n<p>Die nach Vosgeraus Auffassung sinnentstellend gek\u00fcrzte Wiedergabe zweier Aussagen Vosgeraus hielt das Landgericht Hamburg dagegen noch f\u00fcr vertretbar:<\/p>\n<p>Correctiv hatte Herrn Vosgerau vor der Berichterstattung Gelegenheit gegeben, eine entlastende Stellungnahme abzugeben, diese dann aber sinnentstellend verk\u00fcrzt und wesentliche Teile im Artikel verschwiegen:<\/p>\n<p>Vosgerau hatte in seiner entlastenden Stellungnahme betont, dass auf dem Treffen <u>niemand<\/u> gesagt hat, es sollten Personen mit deutscher Staatsb\u00fcrgerschaft ausgeb\u00fcrgert werden. Der Staatsrechtler sagte zudem, dass die Ausweisung deutscher Staatsb\u00fcrger auch rechtlich gar nicht m\u00f6glich sei. Vosgeraus Stellungnahme an Correctiv lautete:<\/p>\n<p><em>\u201eEs ist dort nach meiner Erinnerung von niemandem gesagt worden, es sollten Personen, die die deutsche Staatsb\u00fcrgerschaft haben, irgendwie repatriiert oder ausgeb\u00fcrgert worden. Dies w\u00e4re ja rechtlich normalerweise auch gar nicht m\u00f6glich.\u201c<\/em><\/p>\n<p>Diese Aussage passte wom\u00f6glich nicht sehr gut in Correctivs redaktionelles Konzept von der Darstellung des Potsdamer Treffens. Correctiv hat diese entlastende Aussage Vosgeraus nicht zitiert, sondern verf\u00e4lscht und verk\u00fcrzt: Im Bericht formuliert Correctiv n\u00e4mlich, dass sich Vosgerau sich nur in Sellners Vortrag nicht an das Thema der Ausweisung deutscher Staatsb\u00fcrger erinnern k\u00f6nne, Zitat:<\/p>\n<p><em>\u201eAn die Sache mit der Ausb\u00fcrgerungsidee von Staatsb\u00fcrgern in Sellners Vortrag will er sich aber nicht erinnern k\u00f6nnen.\u201c<\/em><\/p>\n<p>Beim Leser entsteht durch die verf\u00e4lschte Wiedergabe der Stellungnahme der falsche Eindruck, Vosgerau habe Aussagen zur Ausweisung deutscher Staatsb\u00fcrger auf dem Treffen nicht generell in Abrede gestellt, sondern nur in Sellners Vortrag. Die Aussage, dass Vosgerau als Staatsrechtler die Ausweisung deutscher Staatsb\u00fcrger auch gar nicht f\u00fcr rechtlich m\u00f6glich h\u00e4lt, lie\u00df Correctiv gleich ganz unter den Tisch fallen. <\/p>\n<p>Das Landgericht Hamburg stellt zwar nicht in Abrede, dass die entlastende Antwort Vosgeraus durch Correctiv gek\u00fcrzt wurde. In der Abw\u00e4gung meint das Gericht aber, dass eine Wiedergabe der verschwiegenen Aussagen beim Leser nicht zu einem erheblich anderen Verst\u00e4ndnis gef\u00fchrt habe.<\/p>\n<p>Gegen die Zur\u00fcckweisung des Verbotsantrags durch das Landgericht Hamburg hat Vosgerau sofortige Beschwerde zum OLG Hamburg eingereicht. Das OLG Hamburg hat nun mit Beschluss vom 26.03.2024 die sofortige Beschwerde zur\u00fcckgewiesen. Das OLG Hamburg ist mit dem Landgericht Hamburg der Auffassung, dass Correctiv zwar die entlastende Antwort Vosgeraus gek\u00fcrzt hat. In der Abw\u00e4gung meint aber auch das OLG Hamburg, dass eine Wiedergabe der verschwiegenen Aussagen beim Leser nicht zu einem erheblich anderen Verst\u00e4ndnis gef\u00fchrt habe.<\/p>\n<p>Der Leser mag sich ein eigenes Urteil bilden.<\/p>\n<p>Drittens hatte sich Vosgerau dagegen gewehrt, dass Correctiv ein von ihm benanntes Beispiel f\u00fcr Probleme bei der Briefwahl ebenfalls v\u00f6llig verzerrt aus dem Kontext gerissen hat. Correctiv hat nach unserer Auffassung den falschen Eindruck erweckt, Vosgerau habe jungen t\u00fcrkischen W\u00e4hlerinnen <u>generell<\/u> die F\u00e4higkeit abgesprochen, sich eine politische Meinung bilden zu k\u00f6nnen. Correctiv hatte zudem f\u00e4lschlicherweise behauptet, Herr Vosgerau habe dies auch noch gegen\u00fcber Correctiv best\u00e4tigt. Hier der Wortlaut des Textes:<\/p>\n<p><em>\u201eDer Verfassungsrechtler spricht \u00fcber Briefwahlen, es geht um Prozesse, um das Wahl-geheimnis, <u>um seine Bedenken in Bezug auf junge W\u00e4hlerInnen t\u00fcrkischer Herkunft, die sich keine unabh\u00e4ngige Meinung bilden k\u00f6nnten. Auf Correctiv-Fragen hin best\u00e4tigt er diesen Satz sp\u00e4ter.\u201c<\/u><\/em><\/p>\n<p>Tats\u00e4chlich hat Correctiv die Aussage Vosgeraus aus dem Zusammenhang gerissen. Vosgerau hat die Aussage n\u00e4mlich in einem ganz anderen Kontext getroffen: Er erkl\u00e4rte, dass die Briefwahl bedenklich sein k\u00f6nne, wenn Personen, die sich zun\u00e4chst einmal frei entschieden haben, wen sie w\u00e4hlen wollen, bei der Stimmabgabe der Briefwahl einem Druck Dritter ausgesetzt sehen. Als Beispiel hat Vosgerau eine (fiktive) t\u00fcrkischst\u00e4mmige Mitb\u00fcrgerin benannt, die sich entschieden hat, welche Partei sie w\u00e4hlen m\u00f6chte, die dann aber bei der Briefwahl ihre Stimme in Anwesenheit Dritter abgibt, die Einfluss darauf nehmen k\u00f6nnten, an welcher Stelle das Kreuzchen gemacht wird. <\/p>\n<p>Anders als von Correctiv verzerrt dargestellt, hat Vosgerau somit nicht etwa t\u00fcrkischst\u00e4mmigen Mitb\u00fcrgerinnen generell die F\u00e4higkeit abgesprochen, die Partei ihrer Wahl auszuw\u00e4hlen. Er hat nur gesagt, dass es dazu kommen kann, dass die Aus\u00fcbung der frei getroffenen Wahl beschr\u00e4nkt werden k\u00f6nne. <\/p>\n<p>Correctiv hat durch die irref\u00fchrende Darstellung den Eindruck erweckt, dass Vosgerau ganz generell t\u00fcrkischst\u00e4mmige Jungw\u00e4hlerinnen dadurch herabw\u00fcrdigen wolle, dass er ihnen jede F\u00e4higkeit zur politischen Meinungsbildung abspricht, was erwiesenerma\u00dfen falsch ist. <\/p>\n<p>Vosgerau hat in seiner Stellungnahme gegen\u00fcber Correctiv auch klargestellt, dass er t\u00fcrkischst\u00e4mmigen Deutschen nicht etwa die F\u00e4higkeit zur politischen Meinungsbildung abgesprochen hat, sondern das die \u00c4u\u00dferung in einem g\u00e4nzlich anderen Kontext gefallen ist. Hier die Stellungnahme Vosgeraus an Correctiv: <\/p>\n<p><strong><em>\u201eDie Behauptung, ich h\u00e4tte in einem Vortrag die &#8220;Briefwahl bei Jungw\u00e4hlern mit t\u00fcrkischer Herkunft problematisiert\u201c, ist jedenfalls stark verzerrend.<\/em><\/strong><em> In dem Vortrag ging es \u00fcber den sehr hohen Briefw\u00e4hleranteil bei der Bundestagswahl 2021 und die verfassungsrechtlichen Probleme der (im Grundgesetz gar nicht vorgesehenen) Briefwahl, speziell im Lichte der drei hierzu ergangenen Urteile des Bundesverfassungsgerichts, wobei dessen letztes Urteil aus dem Jahr 2009 das wichtigste ist.<\/em><\/p>\n<p><strong><em>In diesem Zusammenhang habe ich \u2013 wohl eher am Rande und in einem Nebensatz \u2013 m\u00f6glicherweise sinngem\u00e4\u00df darauf hingewiesen, da\u00df eine Jungw\u00e4hlerin t\u00fcrkischer Herkunft (hier lohnt sich einmal das \u201egendern\u201c!), die zu Hause in der K\u00fcche unter Aufsicht ihres Vaters und mehrerer Br\u00fcder ihren Wahlzettel ankreuzt, dabei m\u00f6glicherweise und in bestimmten Einzelf\u00e4llen faktisch nicht denjenigen Freiheitsgrad genie\u00dft, den die Verfassung beim Wahlakt eigentlich voraussetzt.\u201c<\/em><\/strong><\/p>\n<p>Der durch Correctiv erweckte Eindruck, Vosgerau habe t\u00fcrkischst\u00e4mmigen Jungw\u00e4hlerinnen generell die F\u00e4higkeit zur politischen Meinungsbildung abgesprochen und die Behauptung Correctivs, Vosgerau habe dies auch noch im Nachhinein best\u00e4tigt, sind also erwiesenerma\u00dfen falsch. <\/p>\n<p>Das Landgericht Hamburg hat ein Verbot der Passage deshalb nicht ausgesprochen, weil es meint, dass der Leser nicht der Fehlvorstellung unterliegen k\u00f6nne, Vosgerau habe jungen T\u00fcrkinnen die F\u00e4higkeit zur Meinungsbildung absprechen wollen. Das OLG Hamburg hat sich in seiner Beschwerdeentscheidung dieser rechtlichen Wertung angeschlossen.<\/p>\n<p>Auch hier m\u00f6ge sich der Leser einen eigenen Eindruck verschaffen und sich fragen, weshalb Correctiv die Stellungnahme Vosgeraus nicht ann\u00e4hernd vollst\u00e4ndig abdruckte.<\/p>\n<p>Dr. Carsten Brennecke: <em>\u201eS<\/em><em>oweit auch das OLG Hamburg meint, Correctiv d\u00fcrfe Zitate unseres Mandanten massiv k\u00fcrzen und so der \u00d6ffentlichkeit vorenthalten, halten wir dies nicht f\u00fcr \u00fcberzeugend. Auch wenn die sinnentstellende Verk\u00fcrzung weiterer Zitate des Mandanten durch das OLG Hamburg nicht verboten wurde, hatte das gerichtliche Verfahren einen wichtigen Effekt: Die Aufmerksamkeit der \u00d6ffentlichkeit wurde darauf gelegt, mit welchen Methoden das \u201eSystem Correctiv\u201c bei seiner Berichterstattung arbeitet. Zu dieser manipulativen Methode geh\u00f6rt es, entlastende Aussagen von Protagonisten gezielt zu beschneiden und zu verk\u00fcrzen.<\/em><em>\u201c<\/em><\/p>\n","protected":false},"excerpt":{"rendered":"<p>Der Staatsrechtler Dr. Ulrich Vosgerau (CDU) ist vor dem Landgericht Hamburg erfolgreich gegen die Correctiv-Berichterstattung vom 10.01.2024 vorgegangen. Das Landgericht Hamburg hat mit einstweiliger Verf\u00fcgung (n.rk.) verboten, eine Aussage Vosgeraus zu Erfolgsaussichten von Wahlpr\u00fcfungsbeschwerden sinnentstellend verf\u00e4lschend wiederzugeben. Correctiv hatte eine Aussage Vosgeraus zu Wahlpr\u00fcfungsbeschwerden falsch dargestellt und in ihr Gegenteil verkehrt. Verboten wurde Correctiv die [&hellip;]<\/p>\n","protected":false},"author":1,"featured_media":0,"comment_status":"closed","ping_status":"closed","sticky":false,"template":"","format":"standard","meta":{"_has_post_settings":[],"footnotes":""},"categories":[15],"tags":[],"hashtags":[],"ppma_author":[84],"class_list":["post-8149","post","type-post","status-publish","format-standard","hentry","category-news","author-hoecker_adm"],"yoast_head":"<!-- This site is optimized with the Yoast SEO Premium plugin v25.9 (Yoast SEO v27.0) - https:\/\/yoast.com\/product\/yoast-seo-premium-wordpress\/ -->\n<title>Entscheidung des OLG Hamburg im Verfahren Dr. Vosgerau gegen Correctiv: OLG Hamburg best\u00e4tigt, dass Correctiv die Aussagen Vosgeraus verk\u00fcrzt hat, verneint aber weitere Unterlassungsanspr\u00fcche: - H\u00d6CKER - der Blog<\/title>\n<meta name=\"robots\" content=\"index, follow, max-snippet:-1, max-image-preview:large, max-video-preview:-1\" \/>\n<link rel=\"canonical\" href=\"https:\/\/www.hoecker.eu\/blog\/entscheidung-des-olg-hamburg-im-verfahren-dr-vosgerau-gegen-correctiv-olg-hamburg-bestaetigt-dass-correctiv-die-aussagen-vosgeraus-verkuerzt-hat-verneint-aber-weitere-unterlassungsansprueche\/\" \/>\n<meta property=\"og:locale\" content=\"de_DE\" \/>\n<meta property=\"og:type\" content=\"article\" \/>\n<meta property=\"og:title\" content=\"Entscheidung des OLG Hamburg im Verfahren Dr. Vosgerau gegen Correctiv: OLG Hamburg best\u00e4tigt, dass Correctiv die Aussagen Vosgeraus verk\u00fcrzt hat, verneint aber weitere Unterlassungsanspr\u00fcche:\" \/>\n<meta property=\"og:description\" content=\"Der Staatsrechtler Dr. Ulrich Vosgerau (CDU) ist vor dem Landgericht Hamburg erfolgreich gegen die Correctiv-Berichterstattung vom 10.01.2024 vorgegangen. Das Landgericht Hamburg hat mit einstweiliger Verf\u00fcgung (n.rk.) verboten, eine Aussage Vosgeraus zu Erfolgsaussichten von Wahlpr\u00fcfungsbeschwerden sinnentstellend verf\u00e4lschend wiederzugeben. Correctiv hatte eine Aussage Vosgeraus zu Wahlpr\u00fcfungsbeschwerden falsch dargestellt und in ihr Gegenteil verkehrt. Verboten wurde Correctiv die [&hellip;]\" \/>\n<meta property=\"og:url\" content=\"https:\/\/www.hoecker.eu\/blog\/entscheidung-des-olg-hamburg-im-verfahren-dr-vosgerau-gegen-correctiv-olg-hamburg-bestaetigt-dass-correctiv-die-aussagen-vosgeraus-verkuerzt-hat-verneint-aber-weitere-unterlassungsansprueche\/\" \/>\n<meta property=\"og:site_name\" content=\"H\u00d6CKER - der Blog\" \/>\n<meta property=\"article:publisher\" content=\"https:\/\/www.facebook.com\/HoeckerRAe\/\" \/>\n<meta property=\"article:author\" content=\"https:\/\/www.facebook.com\/ralf.hoecker\" \/>\n<meta property=\"article:published_time\" content=\"2024-03-27T11:12:00+00:00\" \/>\n<meta property=\"article:modified_time\" content=\"2025-02-17T13:53:32+00:00\" \/>\n<meta name=\"author\" content=\"Prof. Dr. Ralf H\u00f6cker\" \/>\n<meta name=\"twitter:card\" content=\"summary_large_image\" \/>\n<meta name=\"twitter:creator\" content=\"@Ralf_Hoecker\" \/>\n<meta name=\"twitter:site\" content=\"@hoecker_rae\" \/>\n<meta name=\"twitter:label1\" content=\"Verfasst von\" \/>\n\t<meta name=\"twitter:data1\" content=\"Prof. Dr. Ralf H\u00f6cker\" \/>\n\t<meta name=\"twitter:label2\" content=\"Gesch\u00e4tzte Lesezeit\" \/>\n\t<meta name=\"twitter:data2\" content=\"7\u00a0Minuten\" \/>\n<script type=\"application\/ld+json\" class=\"yoast-schema-graph\">{\"@context\":\"https:\/\/schema.org\",\"@graph\":[{\"@type\":\"Article\",\"@id\":\"https:\/\/www.hoecker.eu\/blog\/entscheidung-des-olg-hamburg-im-verfahren-dr-vosgerau-gegen-correctiv-olg-hamburg-bestaetigt-dass-correctiv-die-aussagen-vosgeraus-verkuerzt-hat-verneint-aber-weitere-unterlassungsansprueche\/#article\",\"isPartOf\":{\"@id\":\"https:\/\/www.hoecker.eu\/blog\/entscheidung-des-olg-hamburg-im-verfahren-dr-vosgerau-gegen-correctiv-olg-hamburg-bestaetigt-dass-correctiv-die-aussagen-vosgeraus-verkuerzt-hat-verneint-aber-weitere-unterlassungsansprueche\/\"},\"author\":{\"name\":\"Prof. Dr. Ralf H\u00f6cker\",\"@id\":\"https:\/\/www.hoecker.eu\/blog\/#\/schema\/person\/08f95581eed0534eccd0b2438f7a1cab\"},\"headline\":\"Entscheidung des OLG Hamburg im Verfahren Dr. Vosgerau gegen Correctiv: OLG Hamburg best\u00e4tigt, dass Correctiv die Aussagen Vosgeraus verk\u00fcrzt hat, verneint aber weitere Unterlassungsanspr\u00fcche:\",\"datePublished\":\"2024-03-27T11:12:00+00:00\",\"dateModified\":\"2025-02-17T13:53:32+00:00\",\"mainEntityOfPage\":{\"@id\":\"https:\/\/www.hoecker.eu\/blog\/entscheidung-des-olg-hamburg-im-verfahren-dr-vosgerau-gegen-correctiv-olg-hamburg-bestaetigt-dass-correctiv-die-aussagen-vosgeraus-verkuerzt-hat-verneint-aber-weitere-unterlassungsansprueche\/\"},\"wordCount\":1363,\"publisher\":{\"@id\":\"https:\/\/www.hoecker.eu\/blog\/#organization\"},\"articleSection\":[\"News\"],\"inLanguage\":\"de\"},{\"@type\":\"WebPage\",\"@id\":\"https:\/\/www.hoecker.eu\/blog\/entscheidung-des-olg-hamburg-im-verfahren-dr-vosgerau-gegen-correctiv-olg-hamburg-bestaetigt-dass-correctiv-die-aussagen-vosgeraus-verkuerzt-hat-verneint-aber-weitere-unterlassungsansprueche\/\",\"url\":\"https:\/\/www.hoecker.eu\/blog\/entscheidung-des-olg-hamburg-im-verfahren-dr-vosgerau-gegen-correctiv-olg-hamburg-bestaetigt-dass-correctiv-die-aussagen-vosgeraus-verkuerzt-hat-verneint-aber-weitere-unterlassungsansprueche\/\",\"name\":\"Entscheidung des OLG Hamburg im Verfahren Dr. Vosgerau gegen Correctiv: OLG Hamburg best\u00e4tigt, dass Correctiv die Aussagen Vosgeraus verk\u00fcrzt hat, verneint aber weitere Unterlassungsanspr\u00fcche: - H\u00d6CKER - der Blog\",\"isPartOf\":{\"@id\":\"https:\/\/www.hoecker.eu\/blog\/#website\"},\"datePublished\":\"2024-03-27T11:12:00+00:00\",\"dateModified\":\"2025-02-17T13:53:32+00:00\",\"breadcrumb\":{\"@id\":\"https:\/\/www.hoecker.eu\/blog\/entscheidung-des-olg-hamburg-im-verfahren-dr-vosgerau-gegen-correctiv-olg-hamburg-bestaetigt-dass-correctiv-die-aussagen-vosgeraus-verkuerzt-hat-verneint-aber-weitere-unterlassungsansprueche\/#breadcrumb\"},\"inLanguage\":\"de\",\"potentialAction\":[{\"@type\":\"ReadAction\",\"target\":[\"https:\/\/www.hoecker.eu\/blog\/entscheidung-des-olg-hamburg-im-verfahren-dr-vosgerau-gegen-correctiv-olg-hamburg-bestaetigt-dass-correctiv-die-aussagen-vosgeraus-verkuerzt-hat-verneint-aber-weitere-unterlassungsansprueche\/\"]}]},{\"@type\":\"BreadcrumbList\",\"@id\":\"https:\/\/www.hoecker.eu\/blog\/entscheidung-des-olg-hamburg-im-verfahren-dr-vosgerau-gegen-correctiv-olg-hamburg-bestaetigt-dass-correctiv-die-aussagen-vosgeraus-verkuerzt-hat-verneint-aber-weitere-unterlassungsansprueche\/#breadcrumb\",\"itemListElement\":[{\"@type\":\"ListItem\",\"position\":1,\"name\":\"Startseite\",\"item\":\"https:\/\/dev.hoecker.eu\/blog\/\"},{\"@type\":\"ListItem\",\"position\":2,\"name\":\"Entscheidung des OLG Hamburg im Verfahren Dr. Vosgerau gegen Correctiv: OLG Hamburg best\u00e4tigt, dass Correctiv die Aussagen Vosgeraus verk\u00fcrzt hat, verneint aber weitere Unterlassungsanspr\u00fcche:\"}]},{\"@type\":\"WebSite\",\"@id\":\"https:\/\/www.hoecker.eu\/blog\/#website\",\"url\":\"https:\/\/www.hoecker.eu\/blog\/\",\"name\":\"H\u00d6CKER - der Blog\",\"description\":\"Expertenblog f\u00fcr \u00c4u\u00dferungs-, Medien-, Marken-, Urheber- und Wettbewerbsrecht.\",\"publisher\":{\"@id\":\"https:\/\/www.hoecker.eu\/blog\/#organization\"},\"potentialAction\":[{\"@type\":\"SearchAction\",\"target\":{\"@type\":\"EntryPoint\",\"urlTemplate\":\"https:\/\/www.hoecker.eu\/blog\/?s={search_term_string}\"},\"query-input\":{\"@type\":\"PropertyValueSpecification\",\"valueRequired\":true,\"valueName\":\"search_term_string\"}}],\"inLanguage\":\"de\"},{\"@type\":\"Organization\",\"@id\":\"https:\/\/www.hoecker.eu\/blog\/#organization\",\"name\":\"H\u00d6CKER Rechtsanw\u00e4lte PartGmbB\",\"alternateName\":\"H\u00d6CKER\",\"url\":\"https:\/\/www.hoecker.eu\/blog\/\",\"logo\":{\"@type\":\"ImageObject\",\"inLanguage\":\"de\",\"@id\":\"https:\/\/www.hoecker.eu\/blog\/#\/schema\/logo\/image\/\",\"url\":\"https:\/\/www.hoecker.eu\/blog\/wp-content\/uploads\/2025\/03\/Blog-Logo.webp\",\"contentUrl\":\"https:\/\/www.hoecker.eu\/blog\/wp-content\/uploads\/2025\/03\/Blog-Logo.webp\",\"width\":500,\"height\":500,\"caption\":\"H\u00d6CKER Rechtsanw\u00e4lte PartGmbB\"},\"image\":{\"@id\":\"https:\/\/www.hoecker.eu\/blog\/#\/schema\/logo\/image\/\"},\"sameAs\":[\"https:\/\/www.facebook.com\/HoeckerRAe\/\",\"https:\/\/x.com\/hoecker_rae\",\"https:\/\/www.linkedin.com\/company\/hcker-rechtsanwlte\/\",\"https:\/\/www.instagram.com\/hoecker_rae\/\"],\"email\":\"contact@hoecker.eu\",\"telephone\":\"+ 49 (0)221-933 19-10\",\"legalName\":\"H\u00d6CKER Rechtsanw\u00e4lte PartGmbB\",\"numberOfEmployees\":{\"@type\":\"QuantitativeValue\",\"minValue\":\"11\",\"maxValue\":\"50\"}},{\"@type\":\"Person\",\"@id\":\"https:\/\/www.hoecker.eu\/blog\/#\/schema\/person\/08f95581eed0534eccd0b2438f7a1cab\",\"name\":\"Prof. Dr. Ralf H\u00f6cker\",\"description\":\"Medienanwalt. Besch\u00fctzer vor mieser Presse\",\"sameAs\":[\"https:\/\/www.hoecker.eu\/wer\/prof-dr-ralf-hoecker\",\"https:\/\/www.facebook.com\/ralf.hoecker\",\"https:\/\/www.linkedin.com\/in\/prof-dr-ralf-hcker-ll-m-london-17987826\/\",\"https:\/\/x.com\/Ralf_Hoecker\"],\"url\":\"https:\/\/www.hoecker.eu\/blog\/author\/hoecker_adm\/\"}]}<\/script>\n<!-- \/ Yoast SEO Premium plugin. -->","yoast_head_json":{"title":"Entscheidung des OLG Hamburg im Verfahren Dr. Vosgerau gegen Correctiv: OLG Hamburg best\u00e4tigt, dass Correctiv die Aussagen Vosgeraus verk\u00fcrzt hat, verneint aber weitere Unterlassungsanspr\u00fcche: - H\u00d6CKER - der Blog","robots":{"index":"index","follow":"follow","max-snippet":"max-snippet:-1","max-image-preview":"max-image-preview:large","max-video-preview":"max-video-preview:-1"},"canonical":"https:\/\/www.hoecker.eu\/blog\/entscheidung-des-olg-hamburg-im-verfahren-dr-vosgerau-gegen-correctiv-olg-hamburg-bestaetigt-dass-correctiv-die-aussagen-vosgeraus-verkuerzt-hat-verneint-aber-weitere-unterlassungsansprueche\/","og_locale":"de_DE","og_type":"article","og_title":"Entscheidung des OLG Hamburg im Verfahren Dr. Vosgerau gegen Correctiv: OLG Hamburg best\u00e4tigt, dass Correctiv die Aussagen Vosgeraus verk\u00fcrzt hat, verneint aber weitere Unterlassungsanspr\u00fcche:","og_description":"Der Staatsrechtler Dr. Ulrich Vosgerau (CDU) ist vor dem Landgericht Hamburg erfolgreich gegen die Correctiv-Berichterstattung vom 10.01.2024 vorgegangen. Das Landgericht Hamburg hat mit einstweiliger Verf\u00fcgung (n.rk.) verboten, eine Aussage Vosgeraus zu Erfolgsaussichten von Wahlpr\u00fcfungsbeschwerden sinnentstellend verf\u00e4lschend wiederzugeben. Correctiv hatte eine Aussage Vosgeraus zu Wahlpr\u00fcfungsbeschwerden falsch dargestellt und in ihr Gegenteil verkehrt. Verboten wurde Correctiv die [&hellip;]","og_url":"https:\/\/www.hoecker.eu\/blog\/entscheidung-des-olg-hamburg-im-verfahren-dr-vosgerau-gegen-correctiv-olg-hamburg-bestaetigt-dass-correctiv-die-aussagen-vosgeraus-verkuerzt-hat-verneint-aber-weitere-unterlassungsansprueche\/","og_site_name":"H\u00d6CKER - der Blog","article_publisher":"https:\/\/www.facebook.com\/HoeckerRAe\/","article_author":"https:\/\/www.facebook.com\/ralf.hoecker","article_published_time":"2024-03-27T11:12:00+00:00","article_modified_time":"2025-02-17T13:53:32+00:00","author":"Prof. Dr. Ralf H\u00f6cker","twitter_card":"summary_large_image","twitter_creator":"@Ralf_Hoecker","twitter_site":"@hoecker_rae","twitter_misc":{"Verfasst von":"Prof. Dr. Ralf H\u00f6cker","Gesch\u00e4tzte Lesezeit":"7\u00a0Minuten"},"schema":{"@context":"https:\/\/schema.org","@graph":[{"@type":"Article","@id":"https:\/\/www.hoecker.eu\/blog\/entscheidung-des-olg-hamburg-im-verfahren-dr-vosgerau-gegen-correctiv-olg-hamburg-bestaetigt-dass-correctiv-die-aussagen-vosgeraus-verkuerzt-hat-verneint-aber-weitere-unterlassungsansprueche\/#article","isPartOf":{"@id":"https:\/\/www.hoecker.eu\/blog\/entscheidung-des-olg-hamburg-im-verfahren-dr-vosgerau-gegen-correctiv-olg-hamburg-bestaetigt-dass-correctiv-die-aussagen-vosgeraus-verkuerzt-hat-verneint-aber-weitere-unterlassungsansprueche\/"},"author":{"name":"Prof. Dr. Ralf H\u00f6cker","@id":"https:\/\/www.hoecker.eu\/blog\/#\/schema\/person\/08f95581eed0534eccd0b2438f7a1cab"},"headline":"Entscheidung des OLG Hamburg im Verfahren Dr. Vosgerau gegen Correctiv: OLG Hamburg best\u00e4tigt, dass Correctiv die Aussagen Vosgeraus verk\u00fcrzt hat, verneint aber weitere Unterlassungsanspr\u00fcche:","datePublished":"2024-03-27T11:12:00+00:00","dateModified":"2025-02-17T13:53:32+00:00","mainEntityOfPage":{"@id":"https:\/\/www.hoecker.eu\/blog\/entscheidung-des-olg-hamburg-im-verfahren-dr-vosgerau-gegen-correctiv-olg-hamburg-bestaetigt-dass-correctiv-die-aussagen-vosgeraus-verkuerzt-hat-verneint-aber-weitere-unterlassungsansprueche\/"},"wordCount":1363,"publisher":{"@id":"https:\/\/www.hoecker.eu\/blog\/#organization"},"articleSection":["News"],"inLanguage":"de"},{"@type":"WebPage","@id":"https:\/\/www.hoecker.eu\/blog\/entscheidung-des-olg-hamburg-im-verfahren-dr-vosgerau-gegen-correctiv-olg-hamburg-bestaetigt-dass-correctiv-die-aussagen-vosgeraus-verkuerzt-hat-verneint-aber-weitere-unterlassungsansprueche\/","url":"https:\/\/www.hoecker.eu\/blog\/entscheidung-des-olg-hamburg-im-verfahren-dr-vosgerau-gegen-correctiv-olg-hamburg-bestaetigt-dass-correctiv-die-aussagen-vosgeraus-verkuerzt-hat-verneint-aber-weitere-unterlassungsansprueche\/","name":"Entscheidung des OLG Hamburg im Verfahren Dr. Vosgerau gegen Correctiv: OLG Hamburg best\u00e4tigt, dass Correctiv die Aussagen Vosgeraus verk\u00fcrzt hat, verneint aber weitere Unterlassungsanspr\u00fcche: - H\u00d6CKER - der Blog","isPartOf":{"@id":"https:\/\/www.hoecker.eu\/blog\/#website"},"datePublished":"2024-03-27T11:12:00+00:00","dateModified":"2025-02-17T13:53:32+00:00","breadcrumb":{"@id":"https:\/\/www.hoecker.eu\/blog\/entscheidung-des-olg-hamburg-im-verfahren-dr-vosgerau-gegen-correctiv-olg-hamburg-bestaetigt-dass-correctiv-die-aussagen-vosgeraus-verkuerzt-hat-verneint-aber-weitere-unterlassungsansprueche\/#breadcrumb"},"inLanguage":"de","potentialAction":[{"@type":"ReadAction","target":["https:\/\/www.hoecker.eu\/blog\/entscheidung-des-olg-hamburg-im-verfahren-dr-vosgerau-gegen-correctiv-olg-hamburg-bestaetigt-dass-correctiv-die-aussagen-vosgeraus-verkuerzt-hat-verneint-aber-weitere-unterlassungsansprueche\/"]}]},{"@type":"BreadcrumbList","@id":"https:\/\/www.hoecker.eu\/blog\/entscheidung-des-olg-hamburg-im-verfahren-dr-vosgerau-gegen-correctiv-olg-hamburg-bestaetigt-dass-correctiv-die-aussagen-vosgeraus-verkuerzt-hat-verneint-aber-weitere-unterlassungsansprueche\/#breadcrumb","itemListElement":[{"@type":"ListItem","position":1,"name":"Startseite","item":"https:\/\/dev.hoecker.eu\/blog\/"},{"@type":"ListItem","position":2,"name":"Entscheidung des OLG Hamburg im Verfahren Dr. Vosgerau gegen Correctiv: OLG Hamburg best\u00e4tigt, dass Correctiv die Aussagen Vosgeraus verk\u00fcrzt hat, verneint aber weitere Unterlassungsanspr\u00fcche:"}]},{"@type":"WebSite","@id":"https:\/\/www.hoecker.eu\/blog\/#website","url":"https:\/\/www.hoecker.eu\/blog\/","name":"H\u00d6CKER - der Blog","description":"Expertenblog f\u00fcr \u00c4u\u00dferungs-, Medien-, Marken-, Urheber- und Wettbewerbsrecht.","publisher":{"@id":"https:\/\/www.hoecker.eu\/blog\/#organization"},"potentialAction":[{"@type":"SearchAction","target":{"@type":"EntryPoint","urlTemplate":"https:\/\/www.hoecker.eu\/blog\/?s={search_term_string}"},"query-input":{"@type":"PropertyValueSpecification","valueRequired":true,"valueName":"search_term_string"}}],"inLanguage":"de"},{"@type":"Organization","@id":"https:\/\/www.hoecker.eu\/blog\/#organization","name":"H\u00d6CKER Rechtsanw\u00e4lte PartGmbB","alternateName":"H\u00d6CKER","url":"https:\/\/www.hoecker.eu\/blog\/","logo":{"@type":"ImageObject","inLanguage":"de","@id":"https:\/\/www.hoecker.eu\/blog\/#\/schema\/logo\/image\/","url":"https:\/\/www.hoecker.eu\/blog\/wp-content\/uploads\/2025\/03\/Blog-Logo.webp","contentUrl":"https:\/\/www.hoecker.eu\/blog\/wp-content\/uploads\/2025\/03\/Blog-Logo.webp","width":500,"height":500,"caption":"H\u00d6CKER Rechtsanw\u00e4lte PartGmbB"},"image":{"@id":"https:\/\/www.hoecker.eu\/blog\/#\/schema\/logo\/image\/"},"sameAs":["https:\/\/www.facebook.com\/HoeckerRAe\/","https:\/\/x.com\/hoecker_rae","https:\/\/www.linkedin.com\/company\/hcker-rechtsanwlte\/","https:\/\/www.instagram.com\/hoecker_rae\/"],"email":"contact@hoecker.eu","telephone":"+ 49 (0)221-933 19-10","legalName":"H\u00d6CKER Rechtsanw\u00e4lte PartGmbB","numberOfEmployees":{"@type":"QuantitativeValue","minValue":"11","maxValue":"50"}},{"@type":"Person","@id":"https:\/\/www.hoecker.eu\/blog\/#\/schema\/person\/08f95581eed0534eccd0b2438f7a1cab","name":"Prof. Dr. Ralf H\u00f6cker","description":"Medienanwalt. Besch\u00fctzer vor mieser Presse","sameAs":["https:\/\/www.hoecker.eu\/wer\/prof-dr-ralf-hoecker","https:\/\/www.facebook.com\/ralf.hoecker","https:\/\/www.linkedin.com\/in\/prof-dr-ralf-hcker-ll-m-london-17987826\/","https:\/\/x.com\/Ralf_Hoecker"],"url":"https:\/\/www.hoecker.eu\/blog\/author\/hoecker_adm\/"}]}},"authors":[{"term_id":84,"user_id":1,"is_guest":0,"slug":"hoecker_adm","display_name":"Prof. Dr. Ralf H\u00f6cker","avatar_url":{"url":"https:\/\/www.hoecker.eu\/blog\/wp-content\/uploads\/2023\/12\/ProfDrRalfHoecker.jpg","url2x":"https:\/\/www.hoecker.eu\/blog\/wp-content\/uploads\/2023\/12\/ProfDrRalfHoecker.jpg"},"0":null,"1":"","2":"","3":"","4":"","5":"","6":"","7":"","8":"","9":"","10":"","11":""}],"_links":{"self":[{"href":"https:\/\/www.hoecker.eu\/blog\/wp-json\/wp\/v2\/posts\/8149","targetHints":{"allow":["GET"]}}],"collection":[{"href":"https:\/\/www.hoecker.eu\/blog\/wp-json\/wp\/v2\/posts"}],"about":[{"href":"https:\/\/www.hoecker.eu\/blog\/wp-json\/wp\/v2\/types\/post"}],"author":[{"embeddable":true,"href":"https:\/\/www.hoecker.eu\/blog\/wp-json\/wp\/v2\/users\/1"}],"replies":[{"embeddable":true,"href":"https:\/\/www.hoecker.eu\/blog\/wp-json\/wp\/v2\/comments?post=8149"}],"version-history":[{"count":1,"href":"https:\/\/www.hoecker.eu\/blog\/wp-json\/wp\/v2\/posts\/8149\/revisions"}],"predecessor-version":[{"id":9271,"href":"https:\/\/www.hoecker.eu\/blog\/wp-json\/wp\/v2\/posts\/8149\/revisions\/9271"}],"wp:attachment":[{"href":"https:\/\/www.hoecker.eu\/blog\/wp-json\/wp\/v2\/media?parent=8149"}],"wp:term":[{"taxonomy":"category","embeddable":true,"href":"https:\/\/www.hoecker.eu\/blog\/wp-json\/wp\/v2\/categories?post=8149"},{"taxonomy":"post_tag","embeddable":true,"href":"https:\/\/www.hoecker.eu\/blog\/wp-json\/wp\/v2\/tags?post=8149"},{"taxonomy":"hashtags","embeddable":true,"href":"https:\/\/www.hoecker.eu\/blog\/wp-json\/wp\/v2\/hashtags?post=8149"},{"taxonomy":"author","embeddable":true,"href":"https:\/\/www.hoecker.eu\/blog\/wp-json\/wp\/v2\/ppma_author?post=8149"}],"curies":[{"name":"wp","href":"https:\/\/api.w.org\/{rel}","templated":true}]}}