{"id":8148,"date":"2024-03-28T17:12:00","date_gmt":"2024-03-28T16:12:00","guid":{"rendered":"https:\/\/www.hoecker.eu\/blog\/keine-planungen-zur-entziehung-der-deutschen-staatsbuergerschaft-auf-dem-potsdam-treffen-hoecker-setzt-fuer-den-staatsrechtler-dr-ulrich-vosgerau-cdu-unterlassungsansprueche-gegen-t-online-de-str\/"},"modified":"2025-02-17T14:53:31","modified_gmt":"2025-02-17T13:53:31","slug":"keine-planungen-zur-entziehung-der-deutschen-staatsbuergerschaft-auf-dem-potsdam-treffen-hoecker-setzt-fuer-den-staatsrechtler-dr-ulrich-vosgerau-cdu-unterlassungsansprueche-gegen-t-online-de-str","status":"publish","type":"post","link":"https:\/\/www.hoecker.eu\/blog\/keine-planungen-zur-entziehung-der-deutschen-staatsbuergerschaft-auf-dem-potsdam-treffen-hoecker-setzt-fuer-den-staatsrechtler-dr-ulrich-vosgerau-cdu-unterlassungsansprueche-gegen-t-online-de-str\/","title":{"rendered":"Keine Planungen zur Entziehung der deutschen Staatsb\u00fcrgerschaft auf dem Potsdam-Treffen: H\u00d6CKER setzt f\u00fcr den Staatsrechtler Dr. Ulrich Vosgerau (CDU) Unterlassungsanspr\u00fcche gegen t-online.de (Str\u00f6er) durch"},"content":{"rendered":"<p>Die Anschlussberichterstattung nach dem Correctiv-Bericht vom 10.01.2024 \u00fcber das sogenannte Potsdam-Treffen \u00fcberschl\u00e4gt sich mit st\u00e4ndig neuen \u00dcbertreibungen. Obwohl Correctiv in dem Bericht nicht behauptet hat, dass in Potsdam die Ausweisung deutscher Staatsb\u00fcrger geplant wurde, haben Medien diese Falschdarstellung verbreitet. Viele Medien spinnen die Geschichte, was auf dem Potsdam-Treffen alles geplant worden sei, freih\u00e4ndig weiter und f\u00fcgen falsche Tatsachenbehauptungen hinzu. <\/p>\n<p>Ein Beispiel daf\u00fcr ist der auf dem Portal t-online.de ver\u00f6ffentlichte Artikel vom 14.02.2024, in dem die Falschbehauptung verbreitet wurde, der Rechtsanwalt und Staatsrechtler Dr. Ulrich Vosgerau (CDU) habe auf dem Potsdam-Treffen einem Vortrag gelauscht, in dem es um die Entziehung der deutschen Staatsb\u00fcrgerschaft gegangen sei. t-online behauptet zudem, Vosgerau habe dies in einem Interview auch noch \u201eoffen zugegeben\u201c und dies \u201enicht infrage gestellt\u201c.<\/p>\n<p>Alles falsch, alles frei erfunden: <\/p>\n<p>Auf dem Potsdam-Treffen wurde nicht \u00fcber die Entziehung der deutschen Staatsb\u00fcrgerschaft gesprochen. Noch nicht einmal Correctiv hatte dies behauptet oder auch nur wertend angedeutet. Erst recht hat Vosgerau in keinem Interview best\u00e4tigt, dass er einem Vortrag zur Entziehung der deutschen Staatsb\u00fcrgerschaft gelauscht hat. Im Gegenteil: Vosgerau hat in Interviews mehrfach betont, dass eine Entziehung der Staatsb\u00fcrgerschaft <u>kein<\/u><br \/>\nGegenstand des Treffens war.<\/p>\n<p>t-online.de und die Redakteurin, die die Falschbehauptung in dem Artikel verbreitet hat, haben nach Abmahnung eine strafbewehrte Unterlassungserkl\u00e4rung abgegeben und sich verpflichtet, die Falschbehauptungen nicht weiter zu verbreiten. <\/p>\n<p>Dr. Carsten Brennecke: \u201e<em>Dieser Fall ist ein weiteres Beispiel daf\u00fcr, wie sich die Berichterstattung nach dem Correctiv-Bericht verselbst\u00e4ndigt hat. Zahlreiche Medien haben die Vorw\u00fcrfe in der Anschlussberichterstattung immer weiter zugespitzt, \u00fcberspitzt und \u2013 wie t-online.de \u2013 auch noch mit Falschbehauptungen gew\u00fcrzt.\u201c<\/em><\/p>\n","protected":false},"excerpt":{"rendered":"<p>Die Anschlussberichterstattung nach dem Correctiv-Bericht vom 10.01.2024 \u00fcber das sogenannte Potsdam-Treffen \u00fcberschl\u00e4gt sich mit st\u00e4ndig neuen \u00dcbertreibungen. Obwohl Correctiv in dem Bericht nicht behauptet hat, dass in Potsdam die Ausweisung deutscher Staatsb\u00fcrger geplant wurde, haben Medien diese Falschdarstellung verbreitet. Viele Medien spinnen die Geschichte, was auf dem Potsdam-Treffen alles geplant worden sei, freih\u00e4ndig weiter und [&hellip;]<\/p>\n","protected":false},"author":1,"featured_media":0,"comment_status":"closed","ping_status":"closed","sticky":false,"template":"","format":"standard","meta":{"_has_post_settings":[],"footnotes":""},"categories":[15],"tags":[],"hashtags":[],"ppma_author":[84],"class_list":["post-8148","post","type-post","status-publish","format-standard","hentry","category-news","author-hoecker_adm"],"yoast_head":"<!-- This site is optimized with the Yoast SEO Premium plugin v25.9 (Yoast SEO v27.0) - https:\/\/yoast.com\/product\/yoast-seo-premium-wordpress\/ -->\n<title>Keine Planungen zur Entziehung der deutschen Staatsb\u00fcrgerschaft auf dem Potsdam-Treffen: H\u00d6CKER setzt f\u00fcr den Staatsrechtler Dr. Ulrich Vosgerau (CDU) Unterlassungsanspr\u00fcche gegen t-online.de (Str\u00f6er) durch - H\u00d6CKER - der Blog<\/title>\n<meta name=\"robots\" content=\"index, follow, max-snippet:-1, max-image-preview:large, max-video-preview:-1\" \/>\n<link rel=\"canonical\" href=\"https:\/\/www.hoecker.eu\/blog\/keine-planungen-zur-entziehung-der-deutschen-staatsbuergerschaft-auf-dem-potsdam-treffen-hoecker-setzt-fuer-den-staatsrechtler-dr-ulrich-vosgerau-cdu-unterlassungsansprueche-gegen-t-online-de-str\/\" \/>\n<meta property=\"og:locale\" content=\"de_DE\" \/>\n<meta property=\"og:type\" content=\"article\" \/>\n<meta property=\"og:title\" content=\"Keine Planungen zur Entziehung der deutschen Staatsb\u00fcrgerschaft auf dem Potsdam-Treffen: H\u00d6CKER setzt f\u00fcr den Staatsrechtler Dr. Ulrich Vosgerau (CDU) Unterlassungsanspr\u00fcche gegen t-online.de (Str\u00f6er) durch\" \/>\n<meta property=\"og:description\" content=\"Die Anschlussberichterstattung nach dem Correctiv-Bericht vom 10.01.2024 \u00fcber das sogenannte Potsdam-Treffen \u00fcberschl\u00e4gt sich mit st\u00e4ndig neuen \u00dcbertreibungen. Obwohl Correctiv in dem Bericht nicht behauptet hat, dass in Potsdam die Ausweisung deutscher Staatsb\u00fcrger geplant wurde, haben Medien diese Falschdarstellung verbreitet. Viele Medien spinnen die Geschichte, was auf dem Potsdam-Treffen alles geplant worden sei, freih\u00e4ndig weiter und [&hellip;]\" \/>\n<meta property=\"og:url\" content=\"https:\/\/www.hoecker.eu\/blog\/keine-planungen-zur-entziehung-der-deutschen-staatsbuergerschaft-auf-dem-potsdam-treffen-hoecker-setzt-fuer-den-staatsrechtler-dr-ulrich-vosgerau-cdu-unterlassungsansprueche-gegen-t-online-de-str\/\" \/>\n<meta property=\"og:site_name\" content=\"H\u00d6CKER - der Blog\" \/>\n<meta property=\"article:publisher\" content=\"https:\/\/www.facebook.com\/HoeckerRAe\/\" \/>\n<meta property=\"article:author\" content=\"https:\/\/www.facebook.com\/ralf.hoecker\" \/>\n<meta property=\"article:published_time\" content=\"2024-03-28T16:12:00+00:00\" \/>\n<meta property=\"article:modified_time\" content=\"2025-02-17T13:53:31+00:00\" \/>\n<meta name=\"author\" content=\"Prof. Dr. Ralf H\u00f6cker\" \/>\n<meta name=\"twitter:card\" content=\"summary_large_image\" \/>\n<meta name=\"twitter:creator\" content=\"@Ralf_Hoecker\" \/>\n<meta name=\"twitter:site\" content=\"@hoecker_rae\" \/>\n<meta name=\"twitter:label1\" content=\"Verfasst von\" \/>\n\t<meta name=\"twitter:data1\" content=\"Prof. Dr. Ralf H\u00f6cker\" \/>\n\t<meta name=\"twitter:label2\" content=\"Gesch\u00e4tzte Lesezeit\" \/>\n\t<meta name=\"twitter:data2\" content=\"1\u00a0Minute\" \/>\n<script type=\"application\/ld+json\" class=\"yoast-schema-graph\">{\"@context\":\"https:\/\/schema.org\",\"@graph\":[{\"@type\":\"Article\",\"@id\":\"https:\/\/www.hoecker.eu\/blog\/keine-planungen-zur-entziehung-der-deutschen-staatsbuergerschaft-auf-dem-potsdam-treffen-hoecker-setzt-fuer-den-staatsrechtler-dr-ulrich-vosgerau-cdu-unterlassungsansprueche-gegen-t-online-de-str\/#article\",\"isPartOf\":{\"@id\":\"https:\/\/www.hoecker.eu\/blog\/keine-planungen-zur-entziehung-der-deutschen-staatsbuergerschaft-auf-dem-potsdam-treffen-hoecker-setzt-fuer-den-staatsrechtler-dr-ulrich-vosgerau-cdu-unterlassungsansprueche-gegen-t-online-de-str\/\"},\"author\":{\"name\":\"Prof. Dr. Ralf H\u00f6cker\",\"@id\":\"https:\/\/www.hoecker.eu\/blog\/#\/schema\/person\/08f95581eed0534eccd0b2438f7a1cab\"},\"headline\":\"Keine Planungen zur Entziehung der deutschen Staatsb\u00fcrgerschaft auf dem Potsdam-Treffen: H\u00d6CKER setzt f\u00fcr den Staatsrechtler Dr. Ulrich Vosgerau (CDU) Unterlassungsanspr\u00fcche gegen t-online.de (Str\u00f6er) durch\",\"datePublished\":\"2024-03-28T16:12:00+00:00\",\"dateModified\":\"2025-02-17T13:53:31+00:00\",\"mainEntityOfPage\":{\"@id\":\"https:\/\/www.hoecker.eu\/blog\/keine-planungen-zur-entziehung-der-deutschen-staatsbuergerschaft-auf-dem-potsdam-treffen-hoecker-setzt-fuer-den-staatsrechtler-dr-ulrich-vosgerau-cdu-unterlassungsansprueche-gegen-t-online-de-str\/\"},\"wordCount\":303,\"publisher\":{\"@id\":\"https:\/\/www.hoecker.eu\/blog\/#organization\"},\"articleSection\":[\"News\"],\"inLanguage\":\"de\"},{\"@type\":\"WebPage\",\"@id\":\"https:\/\/www.hoecker.eu\/blog\/keine-planungen-zur-entziehung-der-deutschen-staatsbuergerschaft-auf-dem-potsdam-treffen-hoecker-setzt-fuer-den-staatsrechtler-dr-ulrich-vosgerau-cdu-unterlassungsansprueche-gegen-t-online-de-str\/\",\"url\":\"https:\/\/www.hoecker.eu\/blog\/keine-planungen-zur-entziehung-der-deutschen-staatsbuergerschaft-auf-dem-potsdam-treffen-hoecker-setzt-fuer-den-staatsrechtler-dr-ulrich-vosgerau-cdu-unterlassungsansprueche-gegen-t-online-de-str\/\",\"name\":\"Keine Planungen zur Entziehung der deutschen Staatsb\u00fcrgerschaft auf dem Potsdam-Treffen: H\u00d6CKER setzt f\u00fcr den Staatsrechtler Dr. Ulrich Vosgerau (CDU) Unterlassungsanspr\u00fcche gegen t-online.de (Str\u00f6er) durch - H\u00d6CKER - der Blog\",\"isPartOf\":{\"@id\":\"https:\/\/www.hoecker.eu\/blog\/#website\"},\"datePublished\":\"2024-03-28T16:12:00+00:00\",\"dateModified\":\"2025-02-17T13:53:31+00:00\",\"breadcrumb\":{\"@id\":\"https:\/\/www.hoecker.eu\/blog\/keine-planungen-zur-entziehung-der-deutschen-staatsbuergerschaft-auf-dem-potsdam-treffen-hoecker-setzt-fuer-den-staatsrechtler-dr-ulrich-vosgerau-cdu-unterlassungsansprueche-gegen-t-online-de-str\/#breadcrumb\"},\"inLanguage\":\"de\",\"potentialAction\":[{\"@type\":\"ReadAction\",\"target\":[\"https:\/\/www.hoecker.eu\/blog\/keine-planungen-zur-entziehung-der-deutschen-staatsbuergerschaft-auf-dem-potsdam-treffen-hoecker-setzt-fuer-den-staatsrechtler-dr-ulrich-vosgerau-cdu-unterlassungsansprueche-gegen-t-online-de-str\/\"]}]},{\"@type\":\"BreadcrumbList\",\"@id\":\"https:\/\/www.hoecker.eu\/blog\/keine-planungen-zur-entziehung-der-deutschen-staatsbuergerschaft-auf-dem-potsdam-treffen-hoecker-setzt-fuer-den-staatsrechtler-dr-ulrich-vosgerau-cdu-unterlassungsansprueche-gegen-t-online-de-str\/#breadcrumb\",\"itemListElement\":[{\"@type\":\"ListItem\",\"position\":1,\"name\":\"Startseite\",\"item\":\"https:\/\/dev.hoecker.eu\/blog\/\"},{\"@type\":\"ListItem\",\"position\":2,\"name\":\"Keine Planungen zur Entziehung der deutschen Staatsb\u00fcrgerschaft auf dem Potsdam-Treffen: H\u00d6CKER setzt f\u00fcr den Staatsrechtler Dr. Ulrich Vosgerau (CDU) Unterlassungsanspr\u00fcche gegen t-online.de (Str\u00f6er) durch\"}]},{\"@type\":\"WebSite\",\"@id\":\"https:\/\/www.hoecker.eu\/blog\/#website\",\"url\":\"https:\/\/www.hoecker.eu\/blog\/\",\"name\":\"H\u00d6CKER - der Blog\",\"description\":\"Expertenblog f\u00fcr \u00c4u\u00dferungs-, Medien-, Marken-, Urheber- und Wettbewerbsrecht.\",\"publisher\":{\"@id\":\"https:\/\/www.hoecker.eu\/blog\/#organization\"},\"potentialAction\":[{\"@type\":\"SearchAction\",\"target\":{\"@type\":\"EntryPoint\",\"urlTemplate\":\"https:\/\/www.hoecker.eu\/blog\/?s={search_term_string}\"},\"query-input\":{\"@type\":\"PropertyValueSpecification\",\"valueRequired\":true,\"valueName\":\"search_term_string\"}}],\"inLanguage\":\"de\"},{\"@type\":\"Organization\",\"@id\":\"https:\/\/www.hoecker.eu\/blog\/#organization\",\"name\":\"H\u00d6CKER Rechtsanw\u00e4lte PartGmbB\",\"alternateName\":\"H\u00d6CKER\",\"url\":\"https:\/\/www.hoecker.eu\/blog\/\",\"logo\":{\"@type\":\"ImageObject\",\"inLanguage\":\"de\",\"@id\":\"https:\/\/www.hoecker.eu\/blog\/#\/schema\/logo\/image\/\",\"url\":\"https:\/\/www.hoecker.eu\/blog\/wp-content\/uploads\/2025\/03\/Blog-Logo.webp\",\"contentUrl\":\"https:\/\/www.hoecker.eu\/blog\/wp-content\/uploads\/2025\/03\/Blog-Logo.webp\",\"width\":500,\"height\":500,\"caption\":\"H\u00d6CKER Rechtsanw\u00e4lte PartGmbB\"},\"image\":{\"@id\":\"https:\/\/www.hoecker.eu\/blog\/#\/schema\/logo\/image\/\"},\"sameAs\":[\"https:\/\/www.facebook.com\/HoeckerRAe\/\",\"https:\/\/x.com\/hoecker_rae\",\"https:\/\/www.linkedin.com\/company\/hcker-rechtsanwlte\/\",\"https:\/\/www.instagram.com\/hoecker_rae\/\"],\"email\":\"contact@hoecker.eu\",\"telephone\":\"+ 49 (0)221-933 19-10\",\"legalName\":\"H\u00d6CKER Rechtsanw\u00e4lte PartGmbB\",\"numberOfEmployees\":{\"@type\":\"QuantitativeValue\",\"minValue\":\"11\",\"maxValue\":\"50\"}},{\"@type\":\"Person\",\"@id\":\"https:\/\/www.hoecker.eu\/blog\/#\/schema\/person\/08f95581eed0534eccd0b2438f7a1cab\",\"name\":\"Prof. Dr. Ralf H\u00f6cker\",\"description\":\"Medienanwalt. Besch\u00fctzer vor mieser Presse\",\"sameAs\":[\"https:\/\/www.hoecker.eu\/wer\/prof-dr-ralf-hoecker\",\"https:\/\/www.facebook.com\/ralf.hoecker\",\"https:\/\/www.linkedin.com\/in\/prof-dr-ralf-hcker-ll-m-london-17987826\/\",\"https:\/\/x.com\/Ralf_Hoecker\"],\"url\":\"https:\/\/www.hoecker.eu\/blog\/author\/hoecker_adm\/\"}]}<\/script>\n<!-- \/ Yoast SEO Premium plugin. -->","yoast_head_json":{"title":"Keine Planungen zur Entziehung der deutschen Staatsb\u00fcrgerschaft auf dem Potsdam-Treffen: H\u00d6CKER setzt f\u00fcr den Staatsrechtler Dr. Ulrich Vosgerau (CDU) Unterlassungsanspr\u00fcche gegen t-online.de (Str\u00f6er) durch - H\u00d6CKER - der Blog","robots":{"index":"index","follow":"follow","max-snippet":"max-snippet:-1","max-image-preview":"max-image-preview:large","max-video-preview":"max-video-preview:-1"},"canonical":"https:\/\/www.hoecker.eu\/blog\/keine-planungen-zur-entziehung-der-deutschen-staatsbuergerschaft-auf-dem-potsdam-treffen-hoecker-setzt-fuer-den-staatsrechtler-dr-ulrich-vosgerau-cdu-unterlassungsansprueche-gegen-t-online-de-str\/","og_locale":"de_DE","og_type":"article","og_title":"Keine Planungen zur Entziehung der deutschen Staatsb\u00fcrgerschaft auf dem Potsdam-Treffen: H\u00d6CKER setzt f\u00fcr den Staatsrechtler Dr. Ulrich Vosgerau (CDU) Unterlassungsanspr\u00fcche gegen t-online.de (Str\u00f6er) durch","og_description":"Die Anschlussberichterstattung nach dem Correctiv-Bericht vom 10.01.2024 \u00fcber das sogenannte Potsdam-Treffen \u00fcberschl\u00e4gt sich mit st\u00e4ndig neuen \u00dcbertreibungen. Obwohl Correctiv in dem Bericht nicht behauptet hat, dass in Potsdam die Ausweisung deutscher Staatsb\u00fcrger geplant wurde, haben Medien diese Falschdarstellung verbreitet. Viele Medien spinnen die Geschichte, was auf dem Potsdam-Treffen alles geplant worden sei, freih\u00e4ndig weiter und [&hellip;]","og_url":"https:\/\/www.hoecker.eu\/blog\/keine-planungen-zur-entziehung-der-deutschen-staatsbuergerschaft-auf-dem-potsdam-treffen-hoecker-setzt-fuer-den-staatsrechtler-dr-ulrich-vosgerau-cdu-unterlassungsansprueche-gegen-t-online-de-str\/","og_site_name":"H\u00d6CKER - der Blog","article_publisher":"https:\/\/www.facebook.com\/HoeckerRAe\/","article_author":"https:\/\/www.facebook.com\/ralf.hoecker","article_published_time":"2024-03-28T16:12:00+00:00","article_modified_time":"2025-02-17T13:53:31+00:00","author":"Prof. Dr. Ralf H\u00f6cker","twitter_card":"summary_large_image","twitter_creator":"@Ralf_Hoecker","twitter_site":"@hoecker_rae","twitter_misc":{"Verfasst von":"Prof. Dr. Ralf H\u00f6cker","Gesch\u00e4tzte Lesezeit":"1\u00a0Minute"},"schema":{"@context":"https:\/\/schema.org","@graph":[{"@type":"Article","@id":"https:\/\/www.hoecker.eu\/blog\/keine-planungen-zur-entziehung-der-deutschen-staatsbuergerschaft-auf-dem-potsdam-treffen-hoecker-setzt-fuer-den-staatsrechtler-dr-ulrich-vosgerau-cdu-unterlassungsansprueche-gegen-t-online-de-str\/#article","isPartOf":{"@id":"https:\/\/www.hoecker.eu\/blog\/keine-planungen-zur-entziehung-der-deutschen-staatsbuergerschaft-auf-dem-potsdam-treffen-hoecker-setzt-fuer-den-staatsrechtler-dr-ulrich-vosgerau-cdu-unterlassungsansprueche-gegen-t-online-de-str\/"},"author":{"name":"Prof. Dr. Ralf H\u00f6cker","@id":"https:\/\/www.hoecker.eu\/blog\/#\/schema\/person\/08f95581eed0534eccd0b2438f7a1cab"},"headline":"Keine Planungen zur Entziehung der deutschen Staatsb\u00fcrgerschaft auf dem Potsdam-Treffen: H\u00d6CKER setzt f\u00fcr den Staatsrechtler Dr. Ulrich Vosgerau (CDU) Unterlassungsanspr\u00fcche gegen t-online.de (Str\u00f6er) durch","datePublished":"2024-03-28T16:12:00+00:00","dateModified":"2025-02-17T13:53:31+00:00","mainEntityOfPage":{"@id":"https:\/\/www.hoecker.eu\/blog\/keine-planungen-zur-entziehung-der-deutschen-staatsbuergerschaft-auf-dem-potsdam-treffen-hoecker-setzt-fuer-den-staatsrechtler-dr-ulrich-vosgerau-cdu-unterlassungsansprueche-gegen-t-online-de-str\/"},"wordCount":303,"publisher":{"@id":"https:\/\/www.hoecker.eu\/blog\/#organization"},"articleSection":["News"],"inLanguage":"de"},{"@type":"WebPage","@id":"https:\/\/www.hoecker.eu\/blog\/keine-planungen-zur-entziehung-der-deutschen-staatsbuergerschaft-auf-dem-potsdam-treffen-hoecker-setzt-fuer-den-staatsrechtler-dr-ulrich-vosgerau-cdu-unterlassungsansprueche-gegen-t-online-de-str\/","url":"https:\/\/www.hoecker.eu\/blog\/keine-planungen-zur-entziehung-der-deutschen-staatsbuergerschaft-auf-dem-potsdam-treffen-hoecker-setzt-fuer-den-staatsrechtler-dr-ulrich-vosgerau-cdu-unterlassungsansprueche-gegen-t-online-de-str\/","name":"Keine Planungen zur Entziehung der deutschen Staatsb\u00fcrgerschaft auf dem Potsdam-Treffen: H\u00d6CKER setzt f\u00fcr den Staatsrechtler Dr. Ulrich Vosgerau (CDU) Unterlassungsanspr\u00fcche gegen t-online.de (Str\u00f6er) durch - H\u00d6CKER - der Blog","isPartOf":{"@id":"https:\/\/www.hoecker.eu\/blog\/#website"},"datePublished":"2024-03-28T16:12:00+00:00","dateModified":"2025-02-17T13:53:31+00:00","breadcrumb":{"@id":"https:\/\/www.hoecker.eu\/blog\/keine-planungen-zur-entziehung-der-deutschen-staatsbuergerschaft-auf-dem-potsdam-treffen-hoecker-setzt-fuer-den-staatsrechtler-dr-ulrich-vosgerau-cdu-unterlassungsansprueche-gegen-t-online-de-str\/#breadcrumb"},"inLanguage":"de","potentialAction":[{"@type":"ReadAction","target":["https:\/\/www.hoecker.eu\/blog\/keine-planungen-zur-entziehung-der-deutschen-staatsbuergerschaft-auf-dem-potsdam-treffen-hoecker-setzt-fuer-den-staatsrechtler-dr-ulrich-vosgerau-cdu-unterlassungsansprueche-gegen-t-online-de-str\/"]}]},{"@type":"BreadcrumbList","@id":"https:\/\/www.hoecker.eu\/blog\/keine-planungen-zur-entziehung-der-deutschen-staatsbuergerschaft-auf-dem-potsdam-treffen-hoecker-setzt-fuer-den-staatsrechtler-dr-ulrich-vosgerau-cdu-unterlassungsansprueche-gegen-t-online-de-str\/#breadcrumb","itemListElement":[{"@type":"ListItem","position":1,"name":"Startseite","item":"https:\/\/dev.hoecker.eu\/blog\/"},{"@type":"ListItem","position":2,"name":"Keine Planungen zur Entziehung der deutschen Staatsb\u00fcrgerschaft auf dem Potsdam-Treffen: H\u00d6CKER setzt f\u00fcr den Staatsrechtler Dr. Ulrich Vosgerau (CDU) Unterlassungsanspr\u00fcche gegen t-online.de (Str\u00f6er) durch"}]},{"@type":"WebSite","@id":"https:\/\/www.hoecker.eu\/blog\/#website","url":"https:\/\/www.hoecker.eu\/blog\/","name":"H\u00d6CKER - der Blog","description":"Expertenblog f\u00fcr \u00c4u\u00dferungs-, Medien-, Marken-, Urheber- und Wettbewerbsrecht.","publisher":{"@id":"https:\/\/www.hoecker.eu\/blog\/#organization"},"potentialAction":[{"@type":"SearchAction","target":{"@type":"EntryPoint","urlTemplate":"https:\/\/www.hoecker.eu\/blog\/?s={search_term_string}"},"query-input":{"@type":"PropertyValueSpecification","valueRequired":true,"valueName":"search_term_string"}}],"inLanguage":"de"},{"@type":"Organization","@id":"https:\/\/www.hoecker.eu\/blog\/#organization","name":"H\u00d6CKER Rechtsanw\u00e4lte PartGmbB","alternateName":"H\u00d6CKER","url":"https:\/\/www.hoecker.eu\/blog\/","logo":{"@type":"ImageObject","inLanguage":"de","@id":"https:\/\/www.hoecker.eu\/blog\/#\/schema\/logo\/image\/","url":"https:\/\/www.hoecker.eu\/blog\/wp-content\/uploads\/2025\/03\/Blog-Logo.webp","contentUrl":"https:\/\/www.hoecker.eu\/blog\/wp-content\/uploads\/2025\/03\/Blog-Logo.webp","width":500,"height":500,"caption":"H\u00d6CKER Rechtsanw\u00e4lte PartGmbB"},"image":{"@id":"https:\/\/www.hoecker.eu\/blog\/#\/schema\/logo\/image\/"},"sameAs":["https:\/\/www.facebook.com\/HoeckerRAe\/","https:\/\/x.com\/hoecker_rae","https:\/\/www.linkedin.com\/company\/hcker-rechtsanwlte\/","https:\/\/www.instagram.com\/hoecker_rae\/"],"email":"contact@hoecker.eu","telephone":"+ 49 (0)221-933 19-10","legalName":"H\u00d6CKER Rechtsanw\u00e4lte PartGmbB","numberOfEmployees":{"@type":"QuantitativeValue","minValue":"11","maxValue":"50"}},{"@type":"Person","@id":"https:\/\/www.hoecker.eu\/blog\/#\/schema\/person\/08f95581eed0534eccd0b2438f7a1cab","name":"Prof. Dr. Ralf H\u00f6cker","description":"Medienanwalt. Besch\u00fctzer vor mieser Presse","sameAs":["https:\/\/www.hoecker.eu\/wer\/prof-dr-ralf-hoecker","https:\/\/www.facebook.com\/ralf.hoecker","https:\/\/www.linkedin.com\/in\/prof-dr-ralf-hcker-ll-m-london-17987826\/","https:\/\/x.com\/Ralf_Hoecker"],"url":"https:\/\/www.hoecker.eu\/blog\/author\/hoecker_adm\/"}]}},"authors":[{"term_id":84,"user_id":1,"is_guest":0,"slug":"hoecker_adm","display_name":"Prof. Dr. Ralf H\u00f6cker","avatar_url":{"url":"https:\/\/www.hoecker.eu\/blog\/wp-content\/uploads\/2023\/12\/ProfDrRalfHoecker.jpg","url2x":"https:\/\/www.hoecker.eu\/blog\/wp-content\/uploads\/2023\/12\/ProfDrRalfHoecker.jpg"},"0":null,"1":"","2":"","3":"","4":"","5":"","6":"","7":"","8":"","9":"","10":"","11":""}],"_links":{"self":[{"href":"https:\/\/www.hoecker.eu\/blog\/wp-json\/wp\/v2\/posts\/8148","targetHints":{"allow":["GET"]}}],"collection":[{"href":"https:\/\/www.hoecker.eu\/blog\/wp-json\/wp\/v2\/posts"}],"about":[{"href":"https:\/\/www.hoecker.eu\/blog\/wp-json\/wp\/v2\/types\/post"}],"author":[{"embeddable":true,"href":"https:\/\/www.hoecker.eu\/blog\/wp-json\/wp\/v2\/users\/1"}],"replies":[{"embeddable":true,"href":"https:\/\/www.hoecker.eu\/blog\/wp-json\/wp\/v2\/comments?post=8148"}],"version-history":[{"count":1,"href":"https:\/\/www.hoecker.eu\/blog\/wp-json\/wp\/v2\/posts\/8148\/revisions"}],"predecessor-version":[{"id":9270,"href":"https:\/\/www.hoecker.eu\/blog\/wp-json\/wp\/v2\/posts\/8148\/revisions\/9270"}],"wp:attachment":[{"href":"https:\/\/www.hoecker.eu\/blog\/wp-json\/wp\/v2\/media?parent=8148"}],"wp:term":[{"taxonomy":"category","embeddable":true,"href":"https:\/\/www.hoecker.eu\/blog\/wp-json\/wp\/v2\/categories?post=8148"},{"taxonomy":"post_tag","embeddable":true,"href":"https:\/\/www.hoecker.eu\/blog\/wp-json\/wp\/v2\/tags?post=8148"},{"taxonomy":"hashtags","embeddable":true,"href":"https:\/\/www.hoecker.eu\/blog\/wp-json\/wp\/v2\/hashtags?post=8148"},{"taxonomy":"author","embeddable":true,"href":"https:\/\/www.hoecker.eu\/blog\/wp-json\/wp\/v2\/ppma_author?post=8148"}],"curies":[{"name":"wp","href":"https:\/\/api.w.org\/{rel}","templated":true}]}}