{"id":8142,"date":"2024-05-13T08:37:00","date_gmt":"2024-05-13T06:37:00","guid":{"rendered":"https:\/\/www.hoecker.eu\/blog\/marketing-agentur-wegen-unlauterer-werbung-verurteilt\/"},"modified":"2025-02-17T14:53:27","modified_gmt":"2025-02-17T13:53:27","slug":"marketing-agentur-wegen-unlauterer-werbung-verurteilt","status":"publish","type":"post","link":"https:\/\/www.hoecker.eu\/blog\/marketing-agentur-wegen-unlauterer-werbung-verurteilt\/","title":{"rendered":"Marketing-Agentur wegen unlauterer Werbung verurteilt"},"content":{"rendered":"<p>Erfolgreiches Marketing oder einfach nur ein dreister Blender? Diese Frage stellte sich beim Internetauftritt einer Online-Marketing-Agentur. Diese hatte mehrfach in krasser Weise rechtswidrig geworben. Zun\u00e4chst warb die Consulting-Agentur mit der Angabe \u201eIn den Medien:\u201c und blendete dazu die Logos der Frankfurter Rundschau, des Merkur, der S\u00fcddeutschen Zeitung und von ArbeitgeberMagazin.de ein. Die angesprochenen Kunden gingen davon aus, dass die Agentur in redaktionellen Berichten positiv erw\u00e4hnt wurde. Tats\u00e4chlich gab es auch \u00e4u\u00dferst positive Artikel auf den entsprechenden Webseiten. Allerdings handelte es sich lediglich um bezahlte Anzeigen der Agentur. Diese hatte die Werbeartikel offenbar nur beauftragt, damit sie auf ihrer Webseite mit den bekannten Logos werben konnte.<\/p>\n<p>Weiter ging es mit der Einblendung einer Bewertungszusammenfassung von Trustpilot. Die Agentur warb mit einem Trustscore von 4,7 bei \u00fcber 200 Bewertungen und der Auszeichnung \u201ehervorragend\u201c. Merkw\u00fcrdigerweise war die Grafik nicht mit einem Link zum eigenen Trustpilot-Profil verbunden. Der Grund daf\u00fcr wurde deutlich, wenn man das Profil der Agentur auf dem Bewertungsportal Trustpilot gesucht hat. Dort wurde gar keine Bewertung zu dem Unternehmen angezeigt. Vielmehr erschien dort der Warnhinweis \u201e<em>Wir haben gef\u00e4lschte Bewertungen zu diesem Unternehmen entfernt. Der TrustScore dieses Unternehmens ist derzeit aufgrund eines Versto\u00dfes gegen die Richtlinien von Trustpilot nicht verf\u00fcgbar<\/em>.\u201c Die Consulting-Gesellschaft t\u00e4uschte die Kunden also dar\u00fcber, dass Trustpilot den Trustscore wegen m\u00f6glicher Fake-Bewertungen abgeschaltet hatte.<\/p>\n<p>Schlie\u00dflich warb die Agentur prominent mit einem T\u00dcV-Siegel zu einer ISO 9001-Zertifizierung. Weitere Informationen dazu stellte sie aber nicht zur Verf\u00fcgung. Die angesprochenen potentiellen Kunden \u2013 die nur das bekannte T\u00dcV-Logo sehen und vermutlich gar nicht wissen, dass sich die ISO 9001-Zertifizierung nur auf ein Management-System bezieht und keinerlei Aussage zur Qualit\u00e4t der angebotenen Dienstleistungen trifft \u2013 hatten daher keine M\u00f6glichkeiten, sich n\u00e4her \u00fcber die T\u00dcV-Pr\u00fcfung und ihren Geltungsbereich zu informieren. Obwohl sich die angebotenen Dienstleistungen vor allem an Unternehmen richteten, folgte das LG Hamburg der Auffassung von H\u00d6CKER und entschied, dass es sich bei der Angabe des Geltungsbereichs der Pr\u00fcfung um eine wesentliche Information nach \u00a7 5a UWG handele, \u00fcber die auch im B2B-Bereich informiert werden m\u00fcsse. Zu allen drei Punkten erlie\u00df das LG Hamburg eine einstweilige Verf\u00fcgung (Beschl. v. 5.3.3024 und v. 3.4.2024, Az. 406 HKO 24\/24, rechtskr\u00e4ftig).<\/p>\n<p>Dr. Johannes Gr\u00e4big: \u201eDas war ein sch\u00f6ner Blumenstrau\u00df an Wettbewerbsverst\u00f6\u00dfen. Und es geht noch weiter: Weil die Consulting Agentur die beanstandete Werbung nach Zustellung der einstweiligen Verf\u00fcgung nicht unverz\u00fcglich gel\u00f6scht hat, l\u00e4uft nun ein Ordnungsmittelverfahren.\u201c<\/p>\n","protected":false},"excerpt":{"rendered":"<p>Erfolgreiches Marketing oder einfach nur ein dreister Blender? Diese Frage stellte sich beim Internetauftritt einer Online-Marketing-Agentur. Diese hatte mehrfach in krasser Weise rechtswidrig geworben. Zun\u00e4chst warb die Consulting-Agentur mit der Angabe \u201eIn den Medien:\u201c und blendete dazu die Logos der Frankfurter Rundschau, des Merkur, der S\u00fcddeutschen Zeitung und von ArbeitgeberMagazin.de ein. Die angesprochenen Kunden gingen [&hellip;]<\/p>\n","protected":false},"author":1,"featured_media":0,"comment_status":"closed","ping_status":"closed","sticky":false,"template":"","format":"standard","meta":{"_has_post_settings":[],"footnotes":""},"categories":[15],"tags":[],"hashtags":[],"ppma_author":[84],"class_list":["post-8142","post","type-post","status-publish","format-standard","hentry","category-news","author-hoecker_adm"],"yoast_head":"<!-- This site is optimized with the Yoast SEO Premium plugin v25.9 (Yoast SEO v27.0) - https:\/\/yoast.com\/product\/yoast-seo-premium-wordpress\/ -->\n<title>Marketing-Agentur wegen unlauterer Werbung verurteilt - H\u00d6CKER - der Blog<\/title>\n<meta name=\"robots\" content=\"index, follow, max-snippet:-1, max-image-preview:large, max-video-preview:-1\" \/>\n<link rel=\"canonical\" href=\"https:\/\/www.hoecker.eu\/blog\/marketing-agentur-wegen-unlauterer-werbung-verurteilt\/\" \/>\n<meta property=\"og:locale\" content=\"de_DE\" \/>\n<meta property=\"og:type\" content=\"article\" \/>\n<meta property=\"og:title\" content=\"Marketing-Agentur wegen unlauterer Werbung verurteilt\" \/>\n<meta property=\"og:description\" content=\"Erfolgreiches Marketing oder einfach nur ein dreister Blender? Diese Frage stellte sich beim Internetauftritt einer Online-Marketing-Agentur. Diese hatte mehrfach in krasser Weise rechtswidrig geworben. Zun\u00e4chst warb die Consulting-Agentur mit der Angabe \u201eIn den Medien:\u201c und blendete dazu die Logos der Frankfurter Rundschau, des Merkur, der S\u00fcddeutschen Zeitung und von ArbeitgeberMagazin.de ein. Die angesprochenen Kunden gingen [&hellip;]\" \/>\n<meta property=\"og:url\" content=\"https:\/\/www.hoecker.eu\/blog\/marketing-agentur-wegen-unlauterer-werbung-verurteilt\/\" \/>\n<meta property=\"og:site_name\" content=\"H\u00d6CKER - der Blog\" \/>\n<meta property=\"article:publisher\" content=\"https:\/\/www.facebook.com\/HoeckerRAe\/\" \/>\n<meta property=\"article:author\" content=\"https:\/\/www.facebook.com\/ralf.hoecker\" \/>\n<meta property=\"article:published_time\" content=\"2024-05-13T06:37:00+00:00\" \/>\n<meta property=\"article:modified_time\" content=\"2025-02-17T13:53:27+00:00\" \/>\n<meta name=\"author\" content=\"Prof. Dr. Ralf H\u00f6cker\" \/>\n<meta name=\"twitter:card\" content=\"summary_large_image\" \/>\n<meta name=\"twitter:creator\" content=\"@Ralf_Hoecker\" \/>\n<meta name=\"twitter:site\" content=\"@hoecker_rae\" \/>\n<meta name=\"twitter:label1\" content=\"Verfasst von\" \/>\n\t<meta name=\"twitter:data1\" content=\"Prof. Dr. Ralf H\u00f6cker\" \/>\n\t<meta name=\"twitter:label2\" content=\"Gesch\u00e4tzte Lesezeit\" \/>\n\t<meta name=\"twitter:data2\" content=\"2\u00a0Minuten\" \/>\n<script type=\"application\/ld+json\" class=\"yoast-schema-graph\">{\"@context\":\"https:\/\/schema.org\",\"@graph\":[{\"@type\":\"Article\",\"@id\":\"https:\/\/www.hoecker.eu\/blog\/marketing-agentur-wegen-unlauterer-werbung-verurteilt\/#article\",\"isPartOf\":{\"@id\":\"https:\/\/www.hoecker.eu\/blog\/marketing-agentur-wegen-unlauterer-werbung-verurteilt\/\"},\"author\":{\"name\":\"Prof. Dr. Ralf H\u00f6cker\",\"@id\":\"https:\/\/www.hoecker.eu\/blog\/#\/schema\/person\/08f95581eed0534eccd0b2438f7a1cab\"},\"headline\":\"Marketing-Agentur wegen unlauterer Werbung verurteilt\",\"datePublished\":\"2024-05-13T06:37:00+00:00\",\"dateModified\":\"2025-02-17T13:53:27+00:00\",\"mainEntityOfPage\":{\"@id\":\"https:\/\/www.hoecker.eu\/blog\/marketing-agentur-wegen-unlauterer-werbung-verurteilt\/\"},\"wordCount\":421,\"publisher\":{\"@id\":\"https:\/\/www.hoecker.eu\/blog\/#organization\"},\"articleSection\":[\"News\"],\"inLanguage\":\"de\"},{\"@type\":\"WebPage\",\"@id\":\"https:\/\/www.hoecker.eu\/blog\/marketing-agentur-wegen-unlauterer-werbung-verurteilt\/\",\"url\":\"https:\/\/www.hoecker.eu\/blog\/marketing-agentur-wegen-unlauterer-werbung-verurteilt\/\",\"name\":\"Marketing-Agentur wegen unlauterer Werbung verurteilt - H\u00d6CKER - der Blog\",\"isPartOf\":{\"@id\":\"https:\/\/www.hoecker.eu\/blog\/#website\"},\"datePublished\":\"2024-05-13T06:37:00+00:00\",\"dateModified\":\"2025-02-17T13:53:27+00:00\",\"breadcrumb\":{\"@id\":\"https:\/\/www.hoecker.eu\/blog\/marketing-agentur-wegen-unlauterer-werbung-verurteilt\/#breadcrumb\"},\"inLanguage\":\"de\",\"potentialAction\":[{\"@type\":\"ReadAction\",\"target\":[\"https:\/\/www.hoecker.eu\/blog\/marketing-agentur-wegen-unlauterer-werbung-verurteilt\/\"]}]},{\"@type\":\"BreadcrumbList\",\"@id\":\"https:\/\/www.hoecker.eu\/blog\/marketing-agentur-wegen-unlauterer-werbung-verurteilt\/#breadcrumb\",\"itemListElement\":[{\"@type\":\"ListItem\",\"position\":1,\"name\":\"Startseite\",\"item\":\"https:\/\/dev.hoecker.eu\/blog\/\"},{\"@type\":\"ListItem\",\"position\":2,\"name\":\"Marketing-Agentur wegen unlauterer Werbung verurteilt\"}]},{\"@type\":\"WebSite\",\"@id\":\"https:\/\/www.hoecker.eu\/blog\/#website\",\"url\":\"https:\/\/www.hoecker.eu\/blog\/\",\"name\":\"H\u00d6CKER - der Blog\",\"description\":\"Expertenblog f\u00fcr \u00c4u\u00dferungs-, Medien-, Marken-, Urheber- und Wettbewerbsrecht.\",\"publisher\":{\"@id\":\"https:\/\/www.hoecker.eu\/blog\/#organization\"},\"potentialAction\":[{\"@type\":\"SearchAction\",\"target\":{\"@type\":\"EntryPoint\",\"urlTemplate\":\"https:\/\/www.hoecker.eu\/blog\/?s={search_term_string}\"},\"query-input\":{\"@type\":\"PropertyValueSpecification\",\"valueRequired\":true,\"valueName\":\"search_term_string\"}}],\"inLanguage\":\"de\"},{\"@type\":\"Organization\",\"@id\":\"https:\/\/www.hoecker.eu\/blog\/#organization\",\"name\":\"H\u00d6CKER Rechtsanw\u00e4lte PartGmbB\",\"alternateName\":\"H\u00d6CKER\",\"url\":\"https:\/\/www.hoecker.eu\/blog\/\",\"logo\":{\"@type\":\"ImageObject\",\"inLanguage\":\"de\",\"@id\":\"https:\/\/www.hoecker.eu\/blog\/#\/schema\/logo\/image\/\",\"url\":\"https:\/\/www.hoecker.eu\/blog\/wp-content\/uploads\/2025\/03\/Blog-Logo.webp\",\"contentUrl\":\"https:\/\/www.hoecker.eu\/blog\/wp-content\/uploads\/2025\/03\/Blog-Logo.webp\",\"width\":500,\"height\":500,\"caption\":\"H\u00d6CKER Rechtsanw\u00e4lte PartGmbB\"},\"image\":{\"@id\":\"https:\/\/www.hoecker.eu\/blog\/#\/schema\/logo\/image\/\"},\"sameAs\":[\"https:\/\/www.facebook.com\/HoeckerRAe\/\",\"https:\/\/x.com\/hoecker_rae\",\"https:\/\/www.linkedin.com\/company\/hcker-rechtsanwlte\/\",\"https:\/\/www.instagram.com\/hoecker_rae\/\"],\"email\":\"contact@hoecker.eu\",\"telephone\":\"+ 49 (0)221-933 19-10\",\"legalName\":\"H\u00d6CKER Rechtsanw\u00e4lte PartGmbB\",\"numberOfEmployees\":{\"@type\":\"QuantitativeValue\",\"minValue\":\"11\",\"maxValue\":\"50\"}},{\"@type\":\"Person\",\"@id\":\"https:\/\/www.hoecker.eu\/blog\/#\/schema\/person\/08f95581eed0534eccd0b2438f7a1cab\",\"name\":\"Prof. Dr. Ralf H\u00f6cker\",\"description\":\"Medienanwalt. Besch\u00fctzer vor mieser Presse\",\"sameAs\":[\"https:\/\/www.hoecker.eu\/wer\/prof-dr-ralf-hoecker\",\"https:\/\/www.facebook.com\/ralf.hoecker\",\"https:\/\/www.linkedin.com\/in\/prof-dr-ralf-hcker-ll-m-london-17987826\/\",\"https:\/\/x.com\/Ralf_Hoecker\"],\"url\":\"https:\/\/www.hoecker.eu\/blog\/author\/hoecker_adm\/\"}]}<\/script>\n<!-- \/ Yoast SEO Premium plugin. -->","yoast_head_json":{"title":"Marketing-Agentur wegen unlauterer Werbung verurteilt - H\u00d6CKER - der Blog","robots":{"index":"index","follow":"follow","max-snippet":"max-snippet:-1","max-image-preview":"max-image-preview:large","max-video-preview":"max-video-preview:-1"},"canonical":"https:\/\/www.hoecker.eu\/blog\/marketing-agentur-wegen-unlauterer-werbung-verurteilt\/","og_locale":"de_DE","og_type":"article","og_title":"Marketing-Agentur wegen unlauterer Werbung verurteilt","og_description":"Erfolgreiches Marketing oder einfach nur ein dreister Blender? Diese Frage stellte sich beim Internetauftritt einer Online-Marketing-Agentur. Diese hatte mehrfach in krasser Weise rechtswidrig geworben. Zun\u00e4chst warb die Consulting-Agentur mit der Angabe \u201eIn den Medien:\u201c und blendete dazu die Logos der Frankfurter Rundschau, des Merkur, der S\u00fcddeutschen Zeitung und von ArbeitgeberMagazin.de ein. Die angesprochenen Kunden gingen [&hellip;]","og_url":"https:\/\/www.hoecker.eu\/blog\/marketing-agentur-wegen-unlauterer-werbung-verurteilt\/","og_site_name":"H\u00d6CKER - der Blog","article_publisher":"https:\/\/www.facebook.com\/HoeckerRAe\/","article_author":"https:\/\/www.facebook.com\/ralf.hoecker","article_published_time":"2024-05-13T06:37:00+00:00","article_modified_time":"2025-02-17T13:53:27+00:00","author":"Prof. Dr. Ralf H\u00f6cker","twitter_card":"summary_large_image","twitter_creator":"@Ralf_Hoecker","twitter_site":"@hoecker_rae","twitter_misc":{"Verfasst von":"Prof. Dr. Ralf H\u00f6cker","Gesch\u00e4tzte Lesezeit":"2\u00a0Minuten"},"schema":{"@context":"https:\/\/schema.org","@graph":[{"@type":"Article","@id":"https:\/\/www.hoecker.eu\/blog\/marketing-agentur-wegen-unlauterer-werbung-verurteilt\/#article","isPartOf":{"@id":"https:\/\/www.hoecker.eu\/blog\/marketing-agentur-wegen-unlauterer-werbung-verurteilt\/"},"author":{"name":"Prof. Dr. Ralf H\u00f6cker","@id":"https:\/\/www.hoecker.eu\/blog\/#\/schema\/person\/08f95581eed0534eccd0b2438f7a1cab"},"headline":"Marketing-Agentur wegen unlauterer Werbung verurteilt","datePublished":"2024-05-13T06:37:00+00:00","dateModified":"2025-02-17T13:53:27+00:00","mainEntityOfPage":{"@id":"https:\/\/www.hoecker.eu\/blog\/marketing-agentur-wegen-unlauterer-werbung-verurteilt\/"},"wordCount":421,"publisher":{"@id":"https:\/\/www.hoecker.eu\/blog\/#organization"},"articleSection":["News"],"inLanguage":"de"},{"@type":"WebPage","@id":"https:\/\/www.hoecker.eu\/blog\/marketing-agentur-wegen-unlauterer-werbung-verurteilt\/","url":"https:\/\/www.hoecker.eu\/blog\/marketing-agentur-wegen-unlauterer-werbung-verurteilt\/","name":"Marketing-Agentur wegen unlauterer Werbung verurteilt - H\u00d6CKER - der Blog","isPartOf":{"@id":"https:\/\/www.hoecker.eu\/blog\/#website"},"datePublished":"2024-05-13T06:37:00+00:00","dateModified":"2025-02-17T13:53:27+00:00","breadcrumb":{"@id":"https:\/\/www.hoecker.eu\/blog\/marketing-agentur-wegen-unlauterer-werbung-verurteilt\/#breadcrumb"},"inLanguage":"de","potentialAction":[{"@type":"ReadAction","target":["https:\/\/www.hoecker.eu\/blog\/marketing-agentur-wegen-unlauterer-werbung-verurteilt\/"]}]},{"@type":"BreadcrumbList","@id":"https:\/\/www.hoecker.eu\/blog\/marketing-agentur-wegen-unlauterer-werbung-verurteilt\/#breadcrumb","itemListElement":[{"@type":"ListItem","position":1,"name":"Startseite","item":"https:\/\/dev.hoecker.eu\/blog\/"},{"@type":"ListItem","position":2,"name":"Marketing-Agentur wegen unlauterer Werbung verurteilt"}]},{"@type":"WebSite","@id":"https:\/\/www.hoecker.eu\/blog\/#website","url":"https:\/\/www.hoecker.eu\/blog\/","name":"H\u00d6CKER - der Blog","description":"Expertenblog f\u00fcr \u00c4u\u00dferungs-, Medien-, Marken-, Urheber- und Wettbewerbsrecht.","publisher":{"@id":"https:\/\/www.hoecker.eu\/blog\/#organization"},"potentialAction":[{"@type":"SearchAction","target":{"@type":"EntryPoint","urlTemplate":"https:\/\/www.hoecker.eu\/blog\/?s={search_term_string}"},"query-input":{"@type":"PropertyValueSpecification","valueRequired":true,"valueName":"search_term_string"}}],"inLanguage":"de"},{"@type":"Organization","@id":"https:\/\/www.hoecker.eu\/blog\/#organization","name":"H\u00d6CKER Rechtsanw\u00e4lte PartGmbB","alternateName":"H\u00d6CKER","url":"https:\/\/www.hoecker.eu\/blog\/","logo":{"@type":"ImageObject","inLanguage":"de","@id":"https:\/\/www.hoecker.eu\/blog\/#\/schema\/logo\/image\/","url":"https:\/\/www.hoecker.eu\/blog\/wp-content\/uploads\/2025\/03\/Blog-Logo.webp","contentUrl":"https:\/\/www.hoecker.eu\/blog\/wp-content\/uploads\/2025\/03\/Blog-Logo.webp","width":500,"height":500,"caption":"H\u00d6CKER Rechtsanw\u00e4lte PartGmbB"},"image":{"@id":"https:\/\/www.hoecker.eu\/blog\/#\/schema\/logo\/image\/"},"sameAs":["https:\/\/www.facebook.com\/HoeckerRAe\/","https:\/\/x.com\/hoecker_rae","https:\/\/www.linkedin.com\/company\/hcker-rechtsanwlte\/","https:\/\/www.instagram.com\/hoecker_rae\/"],"email":"contact@hoecker.eu","telephone":"+ 49 (0)221-933 19-10","legalName":"H\u00d6CKER Rechtsanw\u00e4lte PartGmbB","numberOfEmployees":{"@type":"QuantitativeValue","minValue":"11","maxValue":"50"}},{"@type":"Person","@id":"https:\/\/www.hoecker.eu\/blog\/#\/schema\/person\/08f95581eed0534eccd0b2438f7a1cab","name":"Prof. Dr. Ralf H\u00f6cker","description":"Medienanwalt. Besch\u00fctzer vor mieser Presse","sameAs":["https:\/\/www.hoecker.eu\/wer\/prof-dr-ralf-hoecker","https:\/\/www.facebook.com\/ralf.hoecker","https:\/\/www.linkedin.com\/in\/prof-dr-ralf-hcker-ll-m-london-17987826\/","https:\/\/x.com\/Ralf_Hoecker"],"url":"https:\/\/www.hoecker.eu\/blog\/author\/hoecker_adm\/"}]}},"authors":[{"term_id":84,"user_id":1,"is_guest":0,"slug":"hoecker_adm","display_name":"Prof. Dr. Ralf H\u00f6cker","avatar_url":{"url":"https:\/\/www.hoecker.eu\/blog\/wp-content\/uploads\/2023\/12\/ProfDrRalfHoecker.jpg","url2x":"https:\/\/www.hoecker.eu\/blog\/wp-content\/uploads\/2023\/12\/ProfDrRalfHoecker.jpg"},"0":null,"1":"","2":"","3":"","4":"","5":"","6":"","7":"","8":"","9":"","10":"","11":""}],"_links":{"self":[{"href":"https:\/\/www.hoecker.eu\/blog\/wp-json\/wp\/v2\/posts\/8142","targetHints":{"allow":["GET"]}}],"collection":[{"href":"https:\/\/www.hoecker.eu\/blog\/wp-json\/wp\/v2\/posts"}],"about":[{"href":"https:\/\/www.hoecker.eu\/blog\/wp-json\/wp\/v2\/types\/post"}],"author":[{"embeddable":true,"href":"https:\/\/www.hoecker.eu\/blog\/wp-json\/wp\/v2\/users\/1"}],"replies":[{"embeddable":true,"href":"https:\/\/www.hoecker.eu\/blog\/wp-json\/wp\/v2\/comments?post=8142"}],"version-history":[{"count":1,"href":"https:\/\/www.hoecker.eu\/blog\/wp-json\/wp\/v2\/posts\/8142\/revisions"}],"predecessor-version":[{"id":9264,"href":"https:\/\/www.hoecker.eu\/blog\/wp-json\/wp\/v2\/posts\/8142\/revisions\/9264"}],"wp:attachment":[{"href":"https:\/\/www.hoecker.eu\/blog\/wp-json\/wp\/v2\/media?parent=8142"}],"wp:term":[{"taxonomy":"category","embeddable":true,"href":"https:\/\/www.hoecker.eu\/blog\/wp-json\/wp\/v2\/categories?post=8142"},{"taxonomy":"post_tag","embeddable":true,"href":"https:\/\/www.hoecker.eu\/blog\/wp-json\/wp\/v2\/tags?post=8142"},{"taxonomy":"hashtags","embeddable":true,"href":"https:\/\/www.hoecker.eu\/blog\/wp-json\/wp\/v2\/hashtags?post=8142"},{"taxonomy":"author","embeddable":true,"href":"https:\/\/www.hoecker.eu\/blog\/wp-json\/wp\/v2\/ppma_author?post=8142"}],"curies":[{"name":"wp","href":"https:\/\/api.w.org\/{rel}","templated":true}]}}