{"id":8141,"date":"2024-05-15T11:08:00","date_gmt":"2024-05-15T09:08:00","guid":{"rendered":"https:\/\/www.hoecker.eu\/blog\/hoecker-erreicht-anonymisierung-eines-zeugen-im-manager-magazin\/"},"modified":"2025-02-17T14:53:27","modified_gmt":"2025-02-17T13:53:27","slug":"hoecker-erreicht-anonymisierung-eines-zeugen-im-manager-magazin","status":"publish","type":"post","link":"https:\/\/www.hoecker.eu\/blog\/hoecker-erreicht-anonymisierung-eines-zeugen-im-manager-magazin\/","title":{"rendered":"H\u00d6CKER erreicht Anonymisierung eines Zeugen im Manager Magazin"},"content":{"rendered":"<p>Der H\u00d6CKER-Mandant ist selbstst\u00e4ndiger Unternehmer und im Zusammenhang mit einer fr\u00fcheren T\u00e4tigkeit von ihm Zeuge in einem strafrechtlichen Ermittlungsverfahren. Aufgrund dessen kam es bei ihm zu einer Hausdurchsuchung und Beschlagnahme eines Laptops. Das Manager Magazin berichtete in einem Online-Artikel \u00fcber das Ermittlungsverfahren und nannte den Zeugen unter Hinweis auf die Hausdurchsuchung bei ihm mit vollem Vor- und Nachnamen.<\/p>\n<p>Auf Antrag von H\u00d6CKER hat das Landgericht K\u00f6ln mit Beschluss vom 13.05.2024 entschieden, dass die Namensnennung im Bericht zu unterlassen ist. Es bestehe ein Anspruch auf Unterlassung der Nennung seines Namens im streitgegenst\u00e4ndlichen Kontext. <\/p>\n<p>Bei Abw\u00e4gung zwischen dem Anonymit\u00e4tsinteresse des Antragstellers und dem Interesse der Antragsgegnerin auch an der Nennung des Namens komme ersterem der Vorrang zu. Zwar handele es sich um die Mitteilung zutreffender Tatsachen aus der Sozialph\u00e4re des Antragstellers und dieser war in seiner fr\u00fcheren Funktion auch bereits unter Namensnennung Gegenstand von Ver\u00f6ffentlichungen. Ferner k\u00f6nne man dem Beitrag nicht entnehmen, dass irgendein Verdacht gegen den Antragsteller bestehe. Dennoch sei ausschlaggebend, dass der Antragsteller durch die Namensnennung auch von solchen Personen mit dem Sachverhalt in Verbindung gebracht werden k\u00f6nne, die von seiner fr\u00fcheren Funktion keine Kenntnis haben, und dass die Mitteilung einer Hausdurchsuchung bei dem Antragsteller, bei der ein Laptop beschlagnahmt worden sei, den Antragsteller als Unternehmer in dem von ihm angebotenen Bereich in besonderer Weise beeintr\u00e4chtige. <\/p>\n<p>Das Landgericht stellt schlie\u00dflich klar, dass es f\u00fcr die Rechtm\u00e4\u00dfigkeit der angegriffenen Berichterstattung keine Rolle spiele, ob auch andere Medien den Namen des Antragstellers im angegriffenen Kontext nennen. <\/p>\n<p>Die Entscheidung ist nicht rechtskr\u00e4ftig.<\/p>\n<p>Rechtsanwalt Dr. Marcel Leeser: &#8220;<em>Das Landgericht K\u00f6ln bewertet die Gefahr der beruflichen Beeintr\u00e4chtigung durch die namentliche Berichterstattung \u00fcber eine Hausdurchsuchung und Laptop-Beschlagnahme als bedeutend. Auch wenn wahre Tatsachen aus der Sozialsph\u00e4re berichtet werden, kann im Einzelfall eine Anonymisierung geboten sein. Eine wichtige Entscheidung zum Schutz von Zeugen.<\/em>\u201c<\/p>\n<p>Rechtsanw\u00e4ltin Anna Lina Saage: \u201e<em>Die Namensnennung unseres Mandanten war f\u00fcr Inhalt und Aussage der Berichterstattung \u00fcber das Ermittlungsverfahren nicht erforderlich. In der vorgerichtlichen Korrespondenz hatte der Verlag dies durch die Andeutung dokumentiert, dass man den Namen bei einer freundlichen Anfrage statt einer anwaltlichen Abmahnung vielleicht freiwillig gel\u00f6scht h\u00e4tte. Auf diesen Abw\u00e4gungsaspekt kam es f\u00fcr das Landgericht indes nicht an. Wie das Landgericht allerdings zutreffend hervorhebt, kann sich der Verlag nicht damit verteidigen, dass auch andere Medien den Namen des Betroffenen im streitgegenst\u00e4ndlichen Kontext nennen. Wir freuen uns \u00fcber den Erfolg f\u00fcr unseren Mandanten.<\/em>\u201c <\/p>\n","protected":false},"excerpt":{"rendered":"<p>Der H\u00d6CKER-Mandant ist selbstst\u00e4ndiger Unternehmer und im Zusammenhang mit einer fr\u00fcheren T\u00e4tigkeit von ihm Zeuge in einem strafrechtlichen Ermittlungsverfahren. Aufgrund dessen kam es bei ihm zu einer Hausdurchsuchung und Beschlagnahme eines Laptops. Das Manager Magazin berichtete in einem Online-Artikel \u00fcber das Ermittlungsverfahren und nannte den Zeugen unter Hinweis auf die Hausdurchsuchung bei ihm mit vollem [&hellip;]<\/p>\n","protected":false},"author":1,"featured_media":0,"comment_status":"closed","ping_status":"closed","sticky":false,"template":"","format":"standard","meta":{"_has_post_settings":[],"footnotes":""},"categories":[15],"tags":[],"hashtags":[],"ppma_author":[84],"class_list":["post-8141","post","type-post","status-publish","format-standard","hentry","category-news","author-hoecker_adm"],"yoast_head":"<!-- This site is optimized with the Yoast SEO Premium plugin v25.9 (Yoast SEO v27.0) - https:\/\/yoast.com\/product\/yoast-seo-premium-wordpress\/ -->\n<title>H\u00d6CKER erreicht Anonymisierung eines Zeugen im Manager Magazin - H\u00d6CKER - der Blog<\/title>\n<meta name=\"robots\" content=\"index, follow, max-snippet:-1, max-image-preview:large, max-video-preview:-1\" \/>\n<link rel=\"canonical\" href=\"https:\/\/www.hoecker.eu\/blog\/hoecker-erreicht-anonymisierung-eines-zeugen-im-manager-magazin\/\" \/>\n<meta property=\"og:locale\" content=\"de_DE\" \/>\n<meta property=\"og:type\" content=\"article\" \/>\n<meta property=\"og:title\" content=\"H\u00d6CKER erreicht Anonymisierung eines Zeugen im Manager Magazin\" \/>\n<meta property=\"og:description\" content=\"Der H\u00d6CKER-Mandant ist selbstst\u00e4ndiger Unternehmer und im Zusammenhang mit einer fr\u00fcheren T\u00e4tigkeit von ihm Zeuge in einem strafrechtlichen Ermittlungsverfahren. Aufgrund dessen kam es bei ihm zu einer Hausdurchsuchung und Beschlagnahme eines Laptops. Das Manager Magazin berichtete in einem Online-Artikel \u00fcber das Ermittlungsverfahren und nannte den Zeugen unter Hinweis auf die Hausdurchsuchung bei ihm mit vollem [&hellip;]\" \/>\n<meta property=\"og:url\" content=\"https:\/\/www.hoecker.eu\/blog\/hoecker-erreicht-anonymisierung-eines-zeugen-im-manager-magazin\/\" \/>\n<meta property=\"og:site_name\" content=\"H\u00d6CKER - der Blog\" \/>\n<meta property=\"article:publisher\" content=\"https:\/\/www.facebook.com\/HoeckerRAe\/\" \/>\n<meta property=\"article:author\" content=\"https:\/\/www.facebook.com\/ralf.hoecker\" \/>\n<meta property=\"article:published_time\" content=\"2024-05-15T09:08:00+00:00\" \/>\n<meta property=\"article:modified_time\" content=\"2025-02-17T13:53:27+00:00\" \/>\n<meta name=\"author\" content=\"Prof. Dr. Ralf H\u00f6cker\" \/>\n<meta name=\"twitter:card\" content=\"summary_large_image\" \/>\n<meta name=\"twitter:creator\" content=\"@Ralf_Hoecker\" \/>\n<meta name=\"twitter:site\" content=\"@hoecker_rae\" \/>\n<meta name=\"twitter:label1\" content=\"Verfasst von\" \/>\n\t<meta name=\"twitter:data1\" content=\"Prof. Dr. Ralf H\u00f6cker\" \/>\n\t<meta name=\"twitter:label2\" content=\"Gesch\u00e4tzte Lesezeit\" \/>\n\t<meta name=\"twitter:data2\" content=\"2\u00a0Minuten\" \/>\n<script type=\"application\/ld+json\" class=\"yoast-schema-graph\">{\"@context\":\"https:\/\/schema.org\",\"@graph\":[{\"@type\":\"Article\",\"@id\":\"https:\/\/www.hoecker.eu\/blog\/hoecker-erreicht-anonymisierung-eines-zeugen-im-manager-magazin\/#article\",\"isPartOf\":{\"@id\":\"https:\/\/www.hoecker.eu\/blog\/hoecker-erreicht-anonymisierung-eines-zeugen-im-manager-magazin\/\"},\"author\":{\"name\":\"Prof. Dr. Ralf H\u00f6cker\",\"@id\":\"https:\/\/www.hoecker.eu\/blog\/#\/schema\/person\/08f95581eed0534eccd0b2438f7a1cab\"},\"headline\":\"H\u00d6CKER erreicht Anonymisierung eines Zeugen im Manager Magazin\",\"datePublished\":\"2024-05-15T09:08:00+00:00\",\"dateModified\":\"2025-02-17T13:53:27+00:00\",\"mainEntityOfPage\":{\"@id\":\"https:\/\/www.hoecker.eu\/blog\/hoecker-erreicht-anonymisierung-eines-zeugen-im-manager-magazin\/\"},\"wordCount\":428,\"publisher\":{\"@id\":\"https:\/\/www.hoecker.eu\/blog\/#organization\"},\"articleSection\":[\"News\"],\"inLanguage\":\"de\"},{\"@type\":\"WebPage\",\"@id\":\"https:\/\/www.hoecker.eu\/blog\/hoecker-erreicht-anonymisierung-eines-zeugen-im-manager-magazin\/\",\"url\":\"https:\/\/www.hoecker.eu\/blog\/hoecker-erreicht-anonymisierung-eines-zeugen-im-manager-magazin\/\",\"name\":\"H\u00d6CKER erreicht Anonymisierung eines Zeugen im Manager Magazin - H\u00d6CKER - der Blog\",\"isPartOf\":{\"@id\":\"https:\/\/www.hoecker.eu\/blog\/#website\"},\"datePublished\":\"2024-05-15T09:08:00+00:00\",\"dateModified\":\"2025-02-17T13:53:27+00:00\",\"breadcrumb\":{\"@id\":\"https:\/\/www.hoecker.eu\/blog\/hoecker-erreicht-anonymisierung-eines-zeugen-im-manager-magazin\/#breadcrumb\"},\"inLanguage\":\"de\",\"potentialAction\":[{\"@type\":\"ReadAction\",\"target\":[\"https:\/\/www.hoecker.eu\/blog\/hoecker-erreicht-anonymisierung-eines-zeugen-im-manager-magazin\/\"]}]},{\"@type\":\"BreadcrumbList\",\"@id\":\"https:\/\/www.hoecker.eu\/blog\/hoecker-erreicht-anonymisierung-eines-zeugen-im-manager-magazin\/#breadcrumb\",\"itemListElement\":[{\"@type\":\"ListItem\",\"position\":1,\"name\":\"Startseite\",\"item\":\"https:\/\/dev.hoecker.eu\/blog\/\"},{\"@type\":\"ListItem\",\"position\":2,\"name\":\"H\u00d6CKER erreicht Anonymisierung eines Zeugen im Manager Magazin\"}]},{\"@type\":\"WebSite\",\"@id\":\"https:\/\/www.hoecker.eu\/blog\/#website\",\"url\":\"https:\/\/www.hoecker.eu\/blog\/\",\"name\":\"H\u00d6CKER - der Blog\",\"description\":\"Expertenblog f\u00fcr \u00c4u\u00dferungs-, Medien-, Marken-, Urheber- und Wettbewerbsrecht.\",\"publisher\":{\"@id\":\"https:\/\/www.hoecker.eu\/blog\/#organization\"},\"potentialAction\":[{\"@type\":\"SearchAction\",\"target\":{\"@type\":\"EntryPoint\",\"urlTemplate\":\"https:\/\/www.hoecker.eu\/blog\/?s={search_term_string}\"},\"query-input\":{\"@type\":\"PropertyValueSpecification\",\"valueRequired\":true,\"valueName\":\"search_term_string\"}}],\"inLanguage\":\"de\"},{\"@type\":\"Organization\",\"@id\":\"https:\/\/www.hoecker.eu\/blog\/#organization\",\"name\":\"H\u00d6CKER Rechtsanw\u00e4lte PartGmbB\",\"alternateName\":\"H\u00d6CKER\",\"url\":\"https:\/\/www.hoecker.eu\/blog\/\",\"logo\":{\"@type\":\"ImageObject\",\"inLanguage\":\"de\",\"@id\":\"https:\/\/www.hoecker.eu\/blog\/#\/schema\/logo\/image\/\",\"url\":\"https:\/\/www.hoecker.eu\/blog\/wp-content\/uploads\/2025\/03\/Blog-Logo.webp\",\"contentUrl\":\"https:\/\/www.hoecker.eu\/blog\/wp-content\/uploads\/2025\/03\/Blog-Logo.webp\",\"width\":500,\"height\":500,\"caption\":\"H\u00d6CKER Rechtsanw\u00e4lte PartGmbB\"},\"image\":{\"@id\":\"https:\/\/www.hoecker.eu\/blog\/#\/schema\/logo\/image\/\"},\"sameAs\":[\"https:\/\/www.facebook.com\/HoeckerRAe\/\",\"https:\/\/x.com\/hoecker_rae\",\"https:\/\/www.linkedin.com\/company\/hcker-rechtsanwlte\/\",\"https:\/\/www.instagram.com\/hoecker_rae\/\"],\"email\":\"contact@hoecker.eu\",\"telephone\":\"+ 49 (0)221-933 19-10\",\"legalName\":\"H\u00d6CKER Rechtsanw\u00e4lte PartGmbB\",\"numberOfEmployees\":{\"@type\":\"QuantitativeValue\",\"minValue\":\"11\",\"maxValue\":\"50\"}},{\"@type\":\"Person\",\"@id\":\"https:\/\/www.hoecker.eu\/blog\/#\/schema\/person\/08f95581eed0534eccd0b2438f7a1cab\",\"name\":\"Prof. Dr. Ralf H\u00f6cker\",\"description\":\"Medienanwalt. Besch\u00fctzer vor mieser Presse\",\"sameAs\":[\"https:\/\/www.hoecker.eu\/wer\/prof-dr-ralf-hoecker\",\"https:\/\/www.facebook.com\/ralf.hoecker\",\"https:\/\/www.linkedin.com\/in\/prof-dr-ralf-hcker-ll-m-london-17987826\/\",\"https:\/\/x.com\/Ralf_Hoecker\"],\"url\":\"https:\/\/www.hoecker.eu\/blog\/author\/hoecker_adm\/\"}]}<\/script>\n<!-- \/ Yoast SEO Premium plugin. -->","yoast_head_json":{"title":"H\u00d6CKER erreicht Anonymisierung eines Zeugen im Manager Magazin - H\u00d6CKER - der Blog","robots":{"index":"index","follow":"follow","max-snippet":"max-snippet:-1","max-image-preview":"max-image-preview:large","max-video-preview":"max-video-preview:-1"},"canonical":"https:\/\/www.hoecker.eu\/blog\/hoecker-erreicht-anonymisierung-eines-zeugen-im-manager-magazin\/","og_locale":"de_DE","og_type":"article","og_title":"H\u00d6CKER erreicht Anonymisierung eines Zeugen im Manager Magazin","og_description":"Der H\u00d6CKER-Mandant ist selbstst\u00e4ndiger Unternehmer und im Zusammenhang mit einer fr\u00fcheren T\u00e4tigkeit von ihm Zeuge in einem strafrechtlichen Ermittlungsverfahren. Aufgrund dessen kam es bei ihm zu einer Hausdurchsuchung und Beschlagnahme eines Laptops. Das Manager Magazin berichtete in einem Online-Artikel \u00fcber das Ermittlungsverfahren und nannte den Zeugen unter Hinweis auf die Hausdurchsuchung bei ihm mit vollem [&hellip;]","og_url":"https:\/\/www.hoecker.eu\/blog\/hoecker-erreicht-anonymisierung-eines-zeugen-im-manager-magazin\/","og_site_name":"H\u00d6CKER - der Blog","article_publisher":"https:\/\/www.facebook.com\/HoeckerRAe\/","article_author":"https:\/\/www.facebook.com\/ralf.hoecker","article_published_time":"2024-05-15T09:08:00+00:00","article_modified_time":"2025-02-17T13:53:27+00:00","author":"Prof. Dr. Ralf H\u00f6cker","twitter_card":"summary_large_image","twitter_creator":"@Ralf_Hoecker","twitter_site":"@hoecker_rae","twitter_misc":{"Verfasst von":"Prof. Dr. Ralf H\u00f6cker","Gesch\u00e4tzte Lesezeit":"2\u00a0Minuten"},"schema":{"@context":"https:\/\/schema.org","@graph":[{"@type":"Article","@id":"https:\/\/www.hoecker.eu\/blog\/hoecker-erreicht-anonymisierung-eines-zeugen-im-manager-magazin\/#article","isPartOf":{"@id":"https:\/\/www.hoecker.eu\/blog\/hoecker-erreicht-anonymisierung-eines-zeugen-im-manager-magazin\/"},"author":{"name":"Prof. Dr. Ralf H\u00f6cker","@id":"https:\/\/www.hoecker.eu\/blog\/#\/schema\/person\/08f95581eed0534eccd0b2438f7a1cab"},"headline":"H\u00d6CKER erreicht Anonymisierung eines Zeugen im Manager Magazin","datePublished":"2024-05-15T09:08:00+00:00","dateModified":"2025-02-17T13:53:27+00:00","mainEntityOfPage":{"@id":"https:\/\/www.hoecker.eu\/blog\/hoecker-erreicht-anonymisierung-eines-zeugen-im-manager-magazin\/"},"wordCount":428,"publisher":{"@id":"https:\/\/www.hoecker.eu\/blog\/#organization"},"articleSection":["News"],"inLanguage":"de"},{"@type":"WebPage","@id":"https:\/\/www.hoecker.eu\/blog\/hoecker-erreicht-anonymisierung-eines-zeugen-im-manager-magazin\/","url":"https:\/\/www.hoecker.eu\/blog\/hoecker-erreicht-anonymisierung-eines-zeugen-im-manager-magazin\/","name":"H\u00d6CKER erreicht Anonymisierung eines Zeugen im Manager Magazin - H\u00d6CKER - der Blog","isPartOf":{"@id":"https:\/\/www.hoecker.eu\/blog\/#website"},"datePublished":"2024-05-15T09:08:00+00:00","dateModified":"2025-02-17T13:53:27+00:00","breadcrumb":{"@id":"https:\/\/www.hoecker.eu\/blog\/hoecker-erreicht-anonymisierung-eines-zeugen-im-manager-magazin\/#breadcrumb"},"inLanguage":"de","potentialAction":[{"@type":"ReadAction","target":["https:\/\/www.hoecker.eu\/blog\/hoecker-erreicht-anonymisierung-eines-zeugen-im-manager-magazin\/"]}]},{"@type":"BreadcrumbList","@id":"https:\/\/www.hoecker.eu\/blog\/hoecker-erreicht-anonymisierung-eines-zeugen-im-manager-magazin\/#breadcrumb","itemListElement":[{"@type":"ListItem","position":1,"name":"Startseite","item":"https:\/\/dev.hoecker.eu\/blog\/"},{"@type":"ListItem","position":2,"name":"H\u00d6CKER erreicht Anonymisierung eines Zeugen im Manager Magazin"}]},{"@type":"WebSite","@id":"https:\/\/www.hoecker.eu\/blog\/#website","url":"https:\/\/www.hoecker.eu\/blog\/","name":"H\u00d6CKER - der Blog","description":"Expertenblog f\u00fcr \u00c4u\u00dferungs-, Medien-, Marken-, Urheber- und Wettbewerbsrecht.","publisher":{"@id":"https:\/\/www.hoecker.eu\/blog\/#organization"},"potentialAction":[{"@type":"SearchAction","target":{"@type":"EntryPoint","urlTemplate":"https:\/\/www.hoecker.eu\/blog\/?s={search_term_string}"},"query-input":{"@type":"PropertyValueSpecification","valueRequired":true,"valueName":"search_term_string"}}],"inLanguage":"de"},{"@type":"Organization","@id":"https:\/\/www.hoecker.eu\/blog\/#organization","name":"H\u00d6CKER Rechtsanw\u00e4lte PartGmbB","alternateName":"H\u00d6CKER","url":"https:\/\/www.hoecker.eu\/blog\/","logo":{"@type":"ImageObject","inLanguage":"de","@id":"https:\/\/www.hoecker.eu\/blog\/#\/schema\/logo\/image\/","url":"https:\/\/www.hoecker.eu\/blog\/wp-content\/uploads\/2025\/03\/Blog-Logo.webp","contentUrl":"https:\/\/www.hoecker.eu\/blog\/wp-content\/uploads\/2025\/03\/Blog-Logo.webp","width":500,"height":500,"caption":"H\u00d6CKER Rechtsanw\u00e4lte PartGmbB"},"image":{"@id":"https:\/\/www.hoecker.eu\/blog\/#\/schema\/logo\/image\/"},"sameAs":["https:\/\/www.facebook.com\/HoeckerRAe\/","https:\/\/x.com\/hoecker_rae","https:\/\/www.linkedin.com\/company\/hcker-rechtsanwlte\/","https:\/\/www.instagram.com\/hoecker_rae\/"],"email":"contact@hoecker.eu","telephone":"+ 49 (0)221-933 19-10","legalName":"H\u00d6CKER Rechtsanw\u00e4lte PartGmbB","numberOfEmployees":{"@type":"QuantitativeValue","minValue":"11","maxValue":"50"}},{"@type":"Person","@id":"https:\/\/www.hoecker.eu\/blog\/#\/schema\/person\/08f95581eed0534eccd0b2438f7a1cab","name":"Prof. Dr. Ralf H\u00f6cker","description":"Medienanwalt. Besch\u00fctzer vor mieser Presse","sameAs":["https:\/\/www.hoecker.eu\/wer\/prof-dr-ralf-hoecker","https:\/\/www.facebook.com\/ralf.hoecker","https:\/\/www.linkedin.com\/in\/prof-dr-ralf-hcker-ll-m-london-17987826\/","https:\/\/x.com\/Ralf_Hoecker"],"url":"https:\/\/www.hoecker.eu\/blog\/author\/hoecker_adm\/"}]}},"authors":[{"term_id":84,"user_id":1,"is_guest":0,"slug":"hoecker_adm","display_name":"Prof. Dr. Ralf H\u00f6cker","avatar_url":{"url":"https:\/\/www.hoecker.eu\/blog\/wp-content\/uploads\/2023\/12\/ProfDrRalfHoecker.jpg","url2x":"https:\/\/www.hoecker.eu\/blog\/wp-content\/uploads\/2023\/12\/ProfDrRalfHoecker.jpg"},"0":null,"1":"","2":"","3":"","4":"","5":"","6":"","7":"","8":"","9":"","10":"","11":""}],"_links":{"self":[{"href":"https:\/\/www.hoecker.eu\/blog\/wp-json\/wp\/v2\/posts\/8141","targetHints":{"allow":["GET"]}}],"collection":[{"href":"https:\/\/www.hoecker.eu\/blog\/wp-json\/wp\/v2\/posts"}],"about":[{"href":"https:\/\/www.hoecker.eu\/blog\/wp-json\/wp\/v2\/types\/post"}],"author":[{"embeddable":true,"href":"https:\/\/www.hoecker.eu\/blog\/wp-json\/wp\/v2\/users\/1"}],"replies":[{"embeddable":true,"href":"https:\/\/www.hoecker.eu\/blog\/wp-json\/wp\/v2\/comments?post=8141"}],"version-history":[{"count":1,"href":"https:\/\/www.hoecker.eu\/blog\/wp-json\/wp\/v2\/posts\/8141\/revisions"}],"predecessor-version":[{"id":9263,"href":"https:\/\/www.hoecker.eu\/blog\/wp-json\/wp\/v2\/posts\/8141\/revisions\/9263"}],"wp:attachment":[{"href":"https:\/\/www.hoecker.eu\/blog\/wp-json\/wp\/v2\/media?parent=8141"}],"wp:term":[{"taxonomy":"category","embeddable":true,"href":"https:\/\/www.hoecker.eu\/blog\/wp-json\/wp\/v2\/categories?post=8141"},{"taxonomy":"post_tag","embeddable":true,"href":"https:\/\/www.hoecker.eu\/blog\/wp-json\/wp\/v2\/tags?post=8141"},{"taxonomy":"hashtags","embeddable":true,"href":"https:\/\/www.hoecker.eu\/blog\/wp-json\/wp\/v2\/hashtags?post=8141"},{"taxonomy":"author","embeddable":true,"href":"https:\/\/www.hoecker.eu\/blog\/wp-json\/wp\/v2\/ppma_author?post=8141"}],"curies":[{"name":"wp","href":"https:\/\/api.w.org\/{rel}","templated":true}]}}