{"id":8138,"date":"2024-06-13T08:47:00","date_gmt":"2024-06-13T06:47:00","guid":{"rendered":"https:\/\/www.hoecker.eu\/blog\/klarer-sieg-fuer-kardinal-woelki-im-wichtigsten-verfahren-gegen-bild-kardinal-woelki-kannte-bei-der-befoerderungsentscheidung-eines-priesters-die-kritischen-dokumente-aus-der-personalakte-nicht-olg\/"},"modified":"2025-02-17T14:53:25","modified_gmt":"2025-02-17T13:53:25","slug":"klarer-sieg-fuer-kardinal-woelki-im-wichtigsten-verfahren-gegen-bild-kardinal-woelki-kannte-bei-der-befoerderungsentscheidung-eines-priesters-die-kritischen-dokumente-aus-der-personalakte-nicht-olg","status":"publish","type":"post","link":"https:\/\/www.hoecker.eu\/blog\/klarer-sieg-fuer-kardinal-woelki-im-wichtigsten-verfahren-gegen-bild-kardinal-woelki-kannte-bei-der-befoerderungsentscheidung-eines-priesters-die-kritischen-dokumente-aus-der-personalakte-nicht-olg\/","title":{"rendered":"Klarer Sieg f\u00fcr Kardinal Woelki im wichtigsten Verfahren gegen BILD: Kardinal Woelki kannte bei der Bef\u00f6rderungsentscheidung eines Priesters die kritischen Dokumente aus der Personalakte nicht. OLG K\u00f6ln best\u00e4tigt Verbot gegen BILD"},"content":{"rendered":"<p>Kardinal Woelki hat mit H\u00d6CKER schon wieder gegen die Verlegerin der BILD (Axel Springer SE) und deren \u201eChefreporter\u201c Nikolaus Harbusch pers\u00f6nlich gewonnen. In der BILD hatte Harbusch behauptet, Kardinal Woelki habe bei der Bef\u00f6rderung eines Priesters zwei belastende Dokumente gekannt, u.a. eine polizeiliche Warnung. <\/p>\n<p>Kardinal Woelki hat in diesem Verfahren unter Eid best\u00e4tigt, dass er von diesen Dokumenten keine Kenntnis hatte. Es wurden von der BILD benannte Zeugen vernommen. Auch diese konnten die Behauptung der BILD nicht best\u00e4tigen. Das OLG K\u00f6ln hat nun die erstinstanzliche Verbotsentscheidung mit Urteil vom 14.03.2024<strong>, <\/strong>Az. 15 U 70\/23 best\u00e4tigt und die folgenden Aussagen des BILD-Artikels vom 04.05.2021 verboten: <\/p>\n<p><em>\u201eDenn nach BILD-Recherchen <u>kannte Woelki viele belastende Berichte, Protokolle aus der Missbrauchs-Akte und eine deutliche Warnung der Polizei.<\/u> (\u2026)<\/em><\/p>\n<p><em><u>Doch in der Personalakte lag sogar noch mehr Sprengstoff, der Woelki nicht davon abhielt, den Skandal-Priester auch noch zu bef\u00f6rdern.<\/u><\/em><\/p>\n<p><em><u>F\u00fcr Woelki offenbar alles gar kein Problem, als er die Bef\u00f6rderung von D. im Juli 2017 feierlich bekannt gab.<\/u><\/em><em>\u201c,<\/em><\/p>\n<p>Das OLG K\u00f6ln hat seine Entscheidung in seiner Pressemitteilung bzw. der Urteilsbegr\u00fcndung wie folgt erl\u00e4utert: <\/p>\n<p>Die Beweisaufnahme und deren Bewertung zugunsten von Kardinal Woelki durch das erstinstanzliche Landgericht K\u00f6ln seien nicht zu beanstanden. Insbesondere sei es zutreffend, dass die auf Antrag der BILD vernommenen Zeugen gerade nicht best\u00e4tigt haben, dass Kardinal Woelki bei der Bef\u00f6rderung Kenntnis der belastenden Dokumente hatte, Zitat aus dem Urteil: <em>\u201eDie hier allein fragliche und beweiserhebliche positive Kenntnis von den Inhalten der beiden Unterlagen ist mit den protokollierten Zeugenbekundungen jedenfalls unter keinem denkbaren Gesichtspunkt zu belegen<\/em>\u201c.<\/p>\n<p>Auch die W\u00fcrdigung des Landgerichts betreffend der Angaben Kardinal Woelkis aus seiner eidlichen Parteivernehmung sei nicht zu beanstanden, Zitat aus dem Urteil: <em>\u201eZweifel\u201c i.S.d. \u00a7 529 Abs. 1 Nr. 1 ZPO sind auch mit Blick auf die eidliche Parteivernehmung des Kl\u00e4gers nicht erkennbar.\u201c<\/em><\/p>\n<p>BILD und Harbusch wurden zudem die Kernaussagen des Artikels vom 03.05.2021 verboten. Darin war Kardinal Woelki verd\u00e4chtigt worden, Kenntnis der Dokumente bei der Bef\u00f6rderung gehabt zu haben. <\/p>\n<p>Dies ist eine unzul\u00e4ssige Verdachtsberichterstattung, best\u00e4tigt auch das OLG K\u00f6ln:<\/p>\n<p>BILD und Harbusch haben gegen ihre journalistischen Sorgfaltspflichten versto\u00dfen. BILD war verpflichtet, vor der Berichterstattung eine Stellungnahme einzuholen. Dies ist nicht geschehen. BILD hatte am 03.05.2021 einfach ohne vorherige Anh\u00f6rung von Kardinal Woelki den abtr\u00e4glichen Verdacht in die Welt gesetzt. Da jedes Dementi fehlte, ist der einseitige Bericht unzul\u00e4ssig vorverurteilend. <\/p>\n<p>BILD und BILD-Redakteur Nikolaus Harbusch wurden die folgenden Verd\u00e4chtigungen verboten:<\/p>\n<p><em>\u201eDenn nach BILD-Recherchen kannte Woelki viele belastende Berichte, Protokolle aus der Missbrauchs-Akte und eine deutliche Warnung der Polizei. (\u2026)<\/em><\/p>\n<p><em>Das Schreiben landete in der Personal-Akte von D., die Woelki gekannt haben muss, als er D. 2017 den h\u00f6heren Posten verschaffte. (\u2026)<\/em><\/p>\n<p><em>Doch in der Personalakte lag sogar noch mehr Sprengstoff, der Woelki nicht davon abhielt, den Skandal-Priester auch noch zu bef\u00f6rdern.<\/em><\/p>\n<p><em>F\u00fcr Woelki offenbar alles gar kein Problem, als er die Bef\u00f6rderung von D. im Juli 2017 feierlich bekannt gab.\u201c,<\/em><\/p>\n<p>Das Verfahren markiert einen wichtigen Zwischenschritt im Kampf von Kardinal Woelki gegen die mehrfach gerichtlich als rechtswidrig untersagte Berichterstattung der BILD. Es hat sich gezeigt, dass die BILD nicht in der Lage war, die haltlosen Vorw\u00fcrfe zu beweisen, Kardinal Woelki habe die in Rede stehenden Unterlagen bei der Bef\u00f6rderung gekannt. <\/p>\n<p>Dr. Carsten Brennecke: <\/p>\n<p><em>\u201eDas Verbot des OLG K\u00f6ln r\u00e4umt mit der Legende auf, Kardinal Woelki habe bei der Bef\u00f6rderung des Pfarrers D. Protokolle aus der Missbrauchsakte und eine Polizeiwarnung gekannt. Nach der Vernehmung zahlreicher Zeugen und von Herrn Kardinal Woelki pers\u00f6nlich ist auch das OLG K\u00f6ln zu der \u00dcberzeugung gekommen, dass eine solche Kenntnis in keiner Weise nachweisbar ist. Damit wird die stets betonte Aussage Kardinal Woelkis als glaubw\u00fcrdig best\u00e4tigt, dass er entgegen der Berichterstattung in der BILD keine Kenntnis hatte.<\/em><\/p>\n<p><em>F\u00fcr die BILD und deren Redakteur Harbusch ist dies eine weitere Niederlage in der Auseinandersetzung mit Kardinal Woelki. Zum wiederholten Male wurden der BILD und dem f\u00fcr die Berichte verantwortlichen Nikolaus Harbusch pers\u00f6nlich Aussagen wegen Falschberichterstattung verboten.\u201c<\/em><\/p>\n","protected":false},"excerpt":{"rendered":"<p>Kardinal Woelki hat mit H\u00d6CKER schon wieder gegen die Verlegerin der BILD (Axel Springer SE) und deren \u201eChefreporter\u201c Nikolaus Harbusch pers\u00f6nlich gewonnen. In der BILD hatte Harbusch behauptet, Kardinal Woelki habe bei der Bef\u00f6rderung eines Priesters zwei belastende Dokumente gekannt, u.a. eine polizeiliche Warnung. Kardinal Woelki hat in diesem Verfahren unter Eid best\u00e4tigt, dass er [&hellip;]<\/p>\n","protected":false},"author":1,"featured_media":0,"comment_status":"closed","ping_status":"closed","sticky":false,"template":"","format":"standard","meta":{"_has_post_settings":[],"footnotes":""},"categories":[15],"tags":[],"hashtags":[],"ppma_author":[84],"class_list":["post-8138","post","type-post","status-publish","format-standard","hentry","category-news","author-hoecker_adm"],"yoast_head":"<!-- This site is optimized with the Yoast SEO Premium plugin v25.9 (Yoast SEO v27.0) - https:\/\/yoast.com\/product\/yoast-seo-premium-wordpress\/ -->\n<title>Klarer Sieg f\u00fcr Kardinal Woelki im wichtigsten Verfahren gegen BILD: Kardinal Woelki kannte bei der Bef\u00f6rderungsentscheidung eines Priesters die kritischen Dokumente aus der Personalakte nicht. OLG K\u00f6ln best\u00e4tigt Verbot gegen BILD - H\u00d6CKER - der Blog<\/title>\n<meta name=\"robots\" content=\"index, follow, max-snippet:-1, max-image-preview:large, max-video-preview:-1\" \/>\n<link rel=\"canonical\" href=\"https:\/\/www.hoecker.eu\/blog\/klarer-sieg-fuer-kardinal-woelki-im-wichtigsten-verfahren-gegen-bild-kardinal-woelki-kannte-bei-der-befoerderungsentscheidung-eines-priesters-die-kritischen-dokumente-aus-der-personalakte-nicht-olg\/\" \/>\n<meta property=\"og:locale\" content=\"de_DE\" \/>\n<meta property=\"og:type\" content=\"article\" \/>\n<meta property=\"og:title\" content=\"Klarer Sieg f\u00fcr Kardinal Woelki im wichtigsten Verfahren gegen BILD: Kardinal Woelki kannte bei der Bef\u00f6rderungsentscheidung eines Priesters die kritischen Dokumente aus der Personalakte nicht. OLG K\u00f6ln best\u00e4tigt Verbot gegen BILD\" \/>\n<meta property=\"og:description\" content=\"Kardinal Woelki hat mit H\u00d6CKER schon wieder gegen die Verlegerin der BILD (Axel Springer SE) und deren \u201eChefreporter\u201c Nikolaus Harbusch pers\u00f6nlich gewonnen. In der BILD hatte Harbusch behauptet, Kardinal Woelki habe bei der Bef\u00f6rderung eines Priesters zwei belastende Dokumente gekannt, u.a. eine polizeiliche Warnung. Kardinal Woelki hat in diesem Verfahren unter Eid best\u00e4tigt, dass er [&hellip;]\" \/>\n<meta property=\"og:url\" content=\"https:\/\/www.hoecker.eu\/blog\/klarer-sieg-fuer-kardinal-woelki-im-wichtigsten-verfahren-gegen-bild-kardinal-woelki-kannte-bei-der-befoerderungsentscheidung-eines-priesters-die-kritischen-dokumente-aus-der-personalakte-nicht-olg\/\" \/>\n<meta property=\"og:site_name\" content=\"H\u00d6CKER - der Blog\" \/>\n<meta property=\"article:publisher\" content=\"https:\/\/www.facebook.com\/HoeckerRAe\/\" \/>\n<meta property=\"article:author\" content=\"https:\/\/www.facebook.com\/ralf.hoecker\" \/>\n<meta property=\"article:published_time\" content=\"2024-06-13T06:47:00+00:00\" \/>\n<meta property=\"article:modified_time\" content=\"2025-02-17T13:53:25+00:00\" \/>\n<meta name=\"author\" content=\"Prof. Dr. Ralf H\u00f6cker\" \/>\n<meta name=\"twitter:card\" content=\"summary_large_image\" \/>\n<meta name=\"twitter:creator\" content=\"@Ralf_Hoecker\" \/>\n<meta name=\"twitter:site\" content=\"@hoecker_rae\" \/>\n<meta name=\"twitter:label1\" content=\"Verfasst von\" \/>\n\t<meta name=\"twitter:data1\" content=\"Prof. Dr. Ralf H\u00f6cker\" \/>\n\t<meta name=\"twitter:label2\" content=\"Gesch\u00e4tzte Lesezeit\" \/>\n\t<meta name=\"twitter:data2\" content=\"3\u00a0Minuten\" \/>\n<script type=\"application\/ld+json\" class=\"yoast-schema-graph\">{\"@context\":\"https:\/\/schema.org\",\"@graph\":[{\"@type\":\"Article\",\"@id\":\"https:\/\/www.hoecker.eu\/blog\/klarer-sieg-fuer-kardinal-woelki-im-wichtigsten-verfahren-gegen-bild-kardinal-woelki-kannte-bei-der-befoerderungsentscheidung-eines-priesters-die-kritischen-dokumente-aus-der-personalakte-nicht-olg\/#article\",\"isPartOf\":{\"@id\":\"https:\/\/www.hoecker.eu\/blog\/klarer-sieg-fuer-kardinal-woelki-im-wichtigsten-verfahren-gegen-bild-kardinal-woelki-kannte-bei-der-befoerderungsentscheidung-eines-priesters-die-kritischen-dokumente-aus-der-personalakte-nicht-olg\/\"},\"author\":{\"name\":\"Prof. Dr. Ralf H\u00f6cker\",\"@id\":\"https:\/\/www.hoecker.eu\/blog\/#\/schema\/person\/08f95581eed0534eccd0b2438f7a1cab\"},\"headline\":\"Klarer Sieg f\u00fcr Kardinal Woelki im wichtigsten Verfahren gegen BILD: Kardinal Woelki kannte bei der Bef\u00f6rderungsentscheidung eines Priesters die kritischen Dokumente aus der Personalakte nicht. OLG K\u00f6ln best\u00e4tigt Verbot gegen BILD\",\"datePublished\":\"2024-06-13T06:47:00+00:00\",\"dateModified\":\"2025-02-17T13:53:25+00:00\",\"mainEntityOfPage\":{\"@id\":\"https:\/\/www.hoecker.eu\/blog\/klarer-sieg-fuer-kardinal-woelki-im-wichtigsten-verfahren-gegen-bild-kardinal-woelki-kannte-bei-der-befoerderungsentscheidung-eines-priesters-die-kritischen-dokumente-aus-der-personalakte-nicht-olg\/\"},\"wordCount\":706,\"publisher\":{\"@id\":\"https:\/\/www.hoecker.eu\/blog\/#organization\"},\"articleSection\":[\"News\"],\"inLanguage\":\"de\"},{\"@type\":\"WebPage\",\"@id\":\"https:\/\/www.hoecker.eu\/blog\/klarer-sieg-fuer-kardinal-woelki-im-wichtigsten-verfahren-gegen-bild-kardinal-woelki-kannte-bei-der-befoerderungsentscheidung-eines-priesters-die-kritischen-dokumente-aus-der-personalakte-nicht-olg\/\",\"url\":\"https:\/\/www.hoecker.eu\/blog\/klarer-sieg-fuer-kardinal-woelki-im-wichtigsten-verfahren-gegen-bild-kardinal-woelki-kannte-bei-der-befoerderungsentscheidung-eines-priesters-die-kritischen-dokumente-aus-der-personalakte-nicht-olg\/\",\"name\":\"Klarer Sieg f\u00fcr Kardinal Woelki im wichtigsten Verfahren gegen BILD: Kardinal Woelki kannte bei der Bef\u00f6rderungsentscheidung eines Priesters die kritischen Dokumente aus der Personalakte nicht. OLG K\u00f6ln best\u00e4tigt Verbot gegen BILD - H\u00d6CKER - der Blog\",\"isPartOf\":{\"@id\":\"https:\/\/www.hoecker.eu\/blog\/#website\"},\"datePublished\":\"2024-06-13T06:47:00+00:00\",\"dateModified\":\"2025-02-17T13:53:25+00:00\",\"breadcrumb\":{\"@id\":\"https:\/\/www.hoecker.eu\/blog\/klarer-sieg-fuer-kardinal-woelki-im-wichtigsten-verfahren-gegen-bild-kardinal-woelki-kannte-bei-der-befoerderungsentscheidung-eines-priesters-die-kritischen-dokumente-aus-der-personalakte-nicht-olg\/#breadcrumb\"},\"inLanguage\":\"de\",\"potentialAction\":[{\"@type\":\"ReadAction\",\"target\":[\"https:\/\/www.hoecker.eu\/blog\/klarer-sieg-fuer-kardinal-woelki-im-wichtigsten-verfahren-gegen-bild-kardinal-woelki-kannte-bei-der-befoerderungsentscheidung-eines-priesters-die-kritischen-dokumente-aus-der-personalakte-nicht-olg\/\"]}]},{\"@type\":\"BreadcrumbList\",\"@id\":\"https:\/\/www.hoecker.eu\/blog\/klarer-sieg-fuer-kardinal-woelki-im-wichtigsten-verfahren-gegen-bild-kardinal-woelki-kannte-bei-der-befoerderungsentscheidung-eines-priesters-die-kritischen-dokumente-aus-der-personalakte-nicht-olg\/#breadcrumb\",\"itemListElement\":[{\"@type\":\"ListItem\",\"position\":1,\"name\":\"Startseite\",\"item\":\"https:\/\/dev.hoecker.eu\/blog\/\"},{\"@type\":\"ListItem\",\"position\":2,\"name\":\"Klarer Sieg f\u00fcr Kardinal Woelki im wichtigsten Verfahren gegen BILD: Kardinal Woelki kannte bei der Bef\u00f6rderungsentscheidung eines Priesters die kritischen Dokumente aus der Personalakte nicht. OLG K\u00f6ln best\u00e4tigt Verbot gegen BILD\"}]},{\"@type\":\"WebSite\",\"@id\":\"https:\/\/www.hoecker.eu\/blog\/#website\",\"url\":\"https:\/\/www.hoecker.eu\/blog\/\",\"name\":\"H\u00d6CKER - der Blog\",\"description\":\"Expertenblog f\u00fcr \u00c4u\u00dferungs-, Medien-, Marken-, Urheber- und Wettbewerbsrecht.\",\"publisher\":{\"@id\":\"https:\/\/www.hoecker.eu\/blog\/#organization\"},\"potentialAction\":[{\"@type\":\"SearchAction\",\"target\":{\"@type\":\"EntryPoint\",\"urlTemplate\":\"https:\/\/www.hoecker.eu\/blog\/?s={search_term_string}\"},\"query-input\":{\"@type\":\"PropertyValueSpecification\",\"valueRequired\":true,\"valueName\":\"search_term_string\"}}],\"inLanguage\":\"de\"},{\"@type\":\"Organization\",\"@id\":\"https:\/\/www.hoecker.eu\/blog\/#organization\",\"name\":\"H\u00d6CKER Rechtsanw\u00e4lte PartGmbB\",\"alternateName\":\"H\u00d6CKER\",\"url\":\"https:\/\/www.hoecker.eu\/blog\/\",\"logo\":{\"@type\":\"ImageObject\",\"inLanguage\":\"de\",\"@id\":\"https:\/\/www.hoecker.eu\/blog\/#\/schema\/logo\/image\/\",\"url\":\"https:\/\/www.hoecker.eu\/blog\/wp-content\/uploads\/2025\/03\/Blog-Logo.webp\",\"contentUrl\":\"https:\/\/www.hoecker.eu\/blog\/wp-content\/uploads\/2025\/03\/Blog-Logo.webp\",\"width\":500,\"height\":500,\"caption\":\"H\u00d6CKER Rechtsanw\u00e4lte PartGmbB\"},\"image\":{\"@id\":\"https:\/\/www.hoecker.eu\/blog\/#\/schema\/logo\/image\/\"},\"sameAs\":[\"https:\/\/www.facebook.com\/HoeckerRAe\/\",\"https:\/\/x.com\/hoecker_rae\",\"https:\/\/www.linkedin.com\/company\/hcker-rechtsanwlte\/\",\"https:\/\/www.instagram.com\/hoecker_rae\/\"],\"email\":\"contact@hoecker.eu\",\"telephone\":\"+ 49 (0)221-933 19-10\",\"legalName\":\"H\u00d6CKER Rechtsanw\u00e4lte PartGmbB\",\"numberOfEmployees\":{\"@type\":\"QuantitativeValue\",\"minValue\":\"11\",\"maxValue\":\"50\"}},{\"@type\":\"Person\",\"@id\":\"https:\/\/www.hoecker.eu\/blog\/#\/schema\/person\/08f95581eed0534eccd0b2438f7a1cab\",\"name\":\"Prof. Dr. Ralf H\u00f6cker\",\"description\":\"Medienanwalt. Besch\u00fctzer vor mieser Presse\",\"sameAs\":[\"https:\/\/www.hoecker.eu\/wer\/prof-dr-ralf-hoecker\",\"https:\/\/www.facebook.com\/ralf.hoecker\",\"https:\/\/www.linkedin.com\/in\/prof-dr-ralf-hcker-ll-m-london-17987826\/\",\"https:\/\/x.com\/Ralf_Hoecker\"],\"url\":\"https:\/\/www.hoecker.eu\/blog\/author\/hoecker_adm\/\"}]}<\/script>\n<!-- \/ Yoast SEO Premium plugin. -->","yoast_head_json":{"title":"Klarer Sieg f\u00fcr Kardinal Woelki im wichtigsten Verfahren gegen BILD: Kardinal Woelki kannte bei der Bef\u00f6rderungsentscheidung eines Priesters die kritischen Dokumente aus der Personalakte nicht. OLG K\u00f6ln best\u00e4tigt Verbot gegen BILD - H\u00d6CKER - der Blog","robots":{"index":"index","follow":"follow","max-snippet":"max-snippet:-1","max-image-preview":"max-image-preview:large","max-video-preview":"max-video-preview:-1"},"canonical":"https:\/\/www.hoecker.eu\/blog\/klarer-sieg-fuer-kardinal-woelki-im-wichtigsten-verfahren-gegen-bild-kardinal-woelki-kannte-bei-der-befoerderungsentscheidung-eines-priesters-die-kritischen-dokumente-aus-der-personalakte-nicht-olg\/","og_locale":"de_DE","og_type":"article","og_title":"Klarer Sieg f\u00fcr Kardinal Woelki im wichtigsten Verfahren gegen BILD: Kardinal Woelki kannte bei der Bef\u00f6rderungsentscheidung eines Priesters die kritischen Dokumente aus der Personalakte nicht. OLG K\u00f6ln best\u00e4tigt Verbot gegen BILD","og_description":"Kardinal Woelki hat mit H\u00d6CKER schon wieder gegen die Verlegerin der BILD (Axel Springer SE) und deren \u201eChefreporter\u201c Nikolaus Harbusch pers\u00f6nlich gewonnen. In der BILD hatte Harbusch behauptet, Kardinal Woelki habe bei der Bef\u00f6rderung eines Priesters zwei belastende Dokumente gekannt, u.a. eine polizeiliche Warnung. Kardinal Woelki hat in diesem Verfahren unter Eid best\u00e4tigt, dass er [&hellip;]","og_url":"https:\/\/www.hoecker.eu\/blog\/klarer-sieg-fuer-kardinal-woelki-im-wichtigsten-verfahren-gegen-bild-kardinal-woelki-kannte-bei-der-befoerderungsentscheidung-eines-priesters-die-kritischen-dokumente-aus-der-personalakte-nicht-olg\/","og_site_name":"H\u00d6CKER - der Blog","article_publisher":"https:\/\/www.facebook.com\/HoeckerRAe\/","article_author":"https:\/\/www.facebook.com\/ralf.hoecker","article_published_time":"2024-06-13T06:47:00+00:00","article_modified_time":"2025-02-17T13:53:25+00:00","author":"Prof. Dr. Ralf H\u00f6cker","twitter_card":"summary_large_image","twitter_creator":"@Ralf_Hoecker","twitter_site":"@hoecker_rae","twitter_misc":{"Verfasst von":"Prof. Dr. Ralf H\u00f6cker","Gesch\u00e4tzte Lesezeit":"3\u00a0Minuten"},"schema":{"@context":"https:\/\/schema.org","@graph":[{"@type":"Article","@id":"https:\/\/www.hoecker.eu\/blog\/klarer-sieg-fuer-kardinal-woelki-im-wichtigsten-verfahren-gegen-bild-kardinal-woelki-kannte-bei-der-befoerderungsentscheidung-eines-priesters-die-kritischen-dokumente-aus-der-personalakte-nicht-olg\/#article","isPartOf":{"@id":"https:\/\/www.hoecker.eu\/blog\/klarer-sieg-fuer-kardinal-woelki-im-wichtigsten-verfahren-gegen-bild-kardinal-woelki-kannte-bei-der-befoerderungsentscheidung-eines-priesters-die-kritischen-dokumente-aus-der-personalakte-nicht-olg\/"},"author":{"name":"Prof. Dr. Ralf H\u00f6cker","@id":"https:\/\/www.hoecker.eu\/blog\/#\/schema\/person\/08f95581eed0534eccd0b2438f7a1cab"},"headline":"Klarer Sieg f\u00fcr Kardinal Woelki im wichtigsten Verfahren gegen BILD: Kardinal Woelki kannte bei der Bef\u00f6rderungsentscheidung eines Priesters die kritischen Dokumente aus der Personalakte nicht. OLG K\u00f6ln best\u00e4tigt Verbot gegen BILD","datePublished":"2024-06-13T06:47:00+00:00","dateModified":"2025-02-17T13:53:25+00:00","mainEntityOfPage":{"@id":"https:\/\/www.hoecker.eu\/blog\/klarer-sieg-fuer-kardinal-woelki-im-wichtigsten-verfahren-gegen-bild-kardinal-woelki-kannte-bei-der-befoerderungsentscheidung-eines-priesters-die-kritischen-dokumente-aus-der-personalakte-nicht-olg\/"},"wordCount":706,"publisher":{"@id":"https:\/\/www.hoecker.eu\/blog\/#organization"},"articleSection":["News"],"inLanguage":"de"},{"@type":"WebPage","@id":"https:\/\/www.hoecker.eu\/blog\/klarer-sieg-fuer-kardinal-woelki-im-wichtigsten-verfahren-gegen-bild-kardinal-woelki-kannte-bei-der-befoerderungsentscheidung-eines-priesters-die-kritischen-dokumente-aus-der-personalakte-nicht-olg\/","url":"https:\/\/www.hoecker.eu\/blog\/klarer-sieg-fuer-kardinal-woelki-im-wichtigsten-verfahren-gegen-bild-kardinal-woelki-kannte-bei-der-befoerderungsentscheidung-eines-priesters-die-kritischen-dokumente-aus-der-personalakte-nicht-olg\/","name":"Klarer Sieg f\u00fcr Kardinal Woelki im wichtigsten Verfahren gegen BILD: Kardinal Woelki kannte bei der Bef\u00f6rderungsentscheidung eines Priesters die kritischen Dokumente aus der Personalakte nicht. OLG K\u00f6ln best\u00e4tigt Verbot gegen BILD - H\u00d6CKER - der Blog","isPartOf":{"@id":"https:\/\/www.hoecker.eu\/blog\/#website"},"datePublished":"2024-06-13T06:47:00+00:00","dateModified":"2025-02-17T13:53:25+00:00","breadcrumb":{"@id":"https:\/\/www.hoecker.eu\/blog\/klarer-sieg-fuer-kardinal-woelki-im-wichtigsten-verfahren-gegen-bild-kardinal-woelki-kannte-bei-der-befoerderungsentscheidung-eines-priesters-die-kritischen-dokumente-aus-der-personalakte-nicht-olg\/#breadcrumb"},"inLanguage":"de","potentialAction":[{"@type":"ReadAction","target":["https:\/\/www.hoecker.eu\/blog\/klarer-sieg-fuer-kardinal-woelki-im-wichtigsten-verfahren-gegen-bild-kardinal-woelki-kannte-bei-der-befoerderungsentscheidung-eines-priesters-die-kritischen-dokumente-aus-der-personalakte-nicht-olg\/"]}]},{"@type":"BreadcrumbList","@id":"https:\/\/www.hoecker.eu\/blog\/klarer-sieg-fuer-kardinal-woelki-im-wichtigsten-verfahren-gegen-bild-kardinal-woelki-kannte-bei-der-befoerderungsentscheidung-eines-priesters-die-kritischen-dokumente-aus-der-personalakte-nicht-olg\/#breadcrumb","itemListElement":[{"@type":"ListItem","position":1,"name":"Startseite","item":"https:\/\/dev.hoecker.eu\/blog\/"},{"@type":"ListItem","position":2,"name":"Klarer Sieg f\u00fcr Kardinal Woelki im wichtigsten Verfahren gegen BILD: Kardinal Woelki kannte bei der Bef\u00f6rderungsentscheidung eines Priesters die kritischen Dokumente aus der Personalakte nicht. OLG K\u00f6ln best\u00e4tigt Verbot gegen BILD"}]},{"@type":"WebSite","@id":"https:\/\/www.hoecker.eu\/blog\/#website","url":"https:\/\/www.hoecker.eu\/blog\/","name":"H\u00d6CKER - der Blog","description":"Expertenblog f\u00fcr \u00c4u\u00dferungs-, Medien-, Marken-, Urheber- und Wettbewerbsrecht.","publisher":{"@id":"https:\/\/www.hoecker.eu\/blog\/#organization"},"potentialAction":[{"@type":"SearchAction","target":{"@type":"EntryPoint","urlTemplate":"https:\/\/www.hoecker.eu\/blog\/?s={search_term_string}"},"query-input":{"@type":"PropertyValueSpecification","valueRequired":true,"valueName":"search_term_string"}}],"inLanguage":"de"},{"@type":"Organization","@id":"https:\/\/www.hoecker.eu\/blog\/#organization","name":"H\u00d6CKER Rechtsanw\u00e4lte PartGmbB","alternateName":"H\u00d6CKER","url":"https:\/\/www.hoecker.eu\/blog\/","logo":{"@type":"ImageObject","inLanguage":"de","@id":"https:\/\/www.hoecker.eu\/blog\/#\/schema\/logo\/image\/","url":"https:\/\/www.hoecker.eu\/blog\/wp-content\/uploads\/2025\/03\/Blog-Logo.webp","contentUrl":"https:\/\/www.hoecker.eu\/blog\/wp-content\/uploads\/2025\/03\/Blog-Logo.webp","width":500,"height":500,"caption":"H\u00d6CKER Rechtsanw\u00e4lte PartGmbB"},"image":{"@id":"https:\/\/www.hoecker.eu\/blog\/#\/schema\/logo\/image\/"},"sameAs":["https:\/\/www.facebook.com\/HoeckerRAe\/","https:\/\/x.com\/hoecker_rae","https:\/\/www.linkedin.com\/company\/hcker-rechtsanwlte\/","https:\/\/www.instagram.com\/hoecker_rae\/"],"email":"contact@hoecker.eu","telephone":"+ 49 (0)221-933 19-10","legalName":"H\u00d6CKER Rechtsanw\u00e4lte PartGmbB","numberOfEmployees":{"@type":"QuantitativeValue","minValue":"11","maxValue":"50"}},{"@type":"Person","@id":"https:\/\/www.hoecker.eu\/blog\/#\/schema\/person\/08f95581eed0534eccd0b2438f7a1cab","name":"Prof. Dr. Ralf H\u00f6cker","description":"Medienanwalt. Besch\u00fctzer vor mieser Presse","sameAs":["https:\/\/www.hoecker.eu\/wer\/prof-dr-ralf-hoecker","https:\/\/www.facebook.com\/ralf.hoecker","https:\/\/www.linkedin.com\/in\/prof-dr-ralf-hcker-ll-m-london-17987826\/","https:\/\/x.com\/Ralf_Hoecker"],"url":"https:\/\/www.hoecker.eu\/blog\/author\/hoecker_adm\/"}]}},"authors":[{"term_id":84,"user_id":1,"is_guest":0,"slug":"hoecker_adm","display_name":"Prof. Dr. Ralf H\u00f6cker","avatar_url":{"url":"https:\/\/www.hoecker.eu\/blog\/wp-content\/uploads\/2023\/12\/ProfDrRalfHoecker.jpg","url2x":"https:\/\/www.hoecker.eu\/blog\/wp-content\/uploads\/2023\/12\/ProfDrRalfHoecker.jpg"},"0":null,"1":"","2":"","3":"","4":"","5":"","6":"","7":"","8":"","9":"","10":"","11":""}],"_links":{"self":[{"href":"https:\/\/www.hoecker.eu\/blog\/wp-json\/wp\/v2\/posts\/8138","targetHints":{"allow":["GET"]}}],"collection":[{"href":"https:\/\/www.hoecker.eu\/blog\/wp-json\/wp\/v2\/posts"}],"about":[{"href":"https:\/\/www.hoecker.eu\/blog\/wp-json\/wp\/v2\/types\/post"}],"author":[{"embeddable":true,"href":"https:\/\/www.hoecker.eu\/blog\/wp-json\/wp\/v2\/users\/1"}],"replies":[{"embeddable":true,"href":"https:\/\/www.hoecker.eu\/blog\/wp-json\/wp\/v2\/comments?post=8138"}],"version-history":[{"count":1,"href":"https:\/\/www.hoecker.eu\/blog\/wp-json\/wp\/v2\/posts\/8138\/revisions"}],"predecessor-version":[{"id":9260,"href":"https:\/\/www.hoecker.eu\/blog\/wp-json\/wp\/v2\/posts\/8138\/revisions\/9260"}],"wp:attachment":[{"href":"https:\/\/www.hoecker.eu\/blog\/wp-json\/wp\/v2\/media?parent=8138"}],"wp:term":[{"taxonomy":"category","embeddable":true,"href":"https:\/\/www.hoecker.eu\/blog\/wp-json\/wp\/v2\/categories?post=8138"},{"taxonomy":"post_tag","embeddable":true,"href":"https:\/\/www.hoecker.eu\/blog\/wp-json\/wp\/v2\/tags?post=8138"},{"taxonomy":"hashtags","embeddable":true,"href":"https:\/\/www.hoecker.eu\/blog\/wp-json\/wp\/v2\/hashtags?post=8138"},{"taxonomy":"author","embeddable":true,"href":"https:\/\/www.hoecker.eu\/blog\/wp-json\/wp\/v2\/ppma_author?post=8138"}],"curies":[{"name":"wp","href":"https:\/\/api.w.org\/{rel}","templated":true}]}}