{"id":8137,"date":"2024-06-19T13:17:00","date_gmt":"2024-06-19T11:17:00","guid":{"rendered":"https:\/\/www.hoecker.eu\/blog\/pranger-berichterstattung-der-bild-verboten-landgericht-muenchen-i-verbietet-den-sylt-saenger-in-der-bild-berichterstattung-erkennbar-zu-machen\/"},"modified":"2025-02-17T14:53:24","modified_gmt":"2025-02-17T13:53:24","slug":"pranger-berichterstattung-der-bild-verboten-landgericht-muenchen-i-verbietet-den-sylt-saenger-in-der-bild-berichterstattung-erkennbar-zu-machen","status":"publish","type":"post","link":"https:\/\/www.hoecker.eu\/blog\/pranger-berichterstattung-der-bild-verboten-landgericht-muenchen-i-verbietet-den-sylt-saenger-in-der-bild-berichterstattung-erkennbar-zu-machen\/","title":{"rendered":"Pranger-Berichterstattung der BILD verboten: Landgericht M\u00fcnchen I verbietet, den Sylt-S\u00e4nger in der BILD-Berichterstattung erkennbar zu machen"},"content":{"rendered":"<p>BILD hat in einer Aufsehen erregenden Berichterstattung mehrere junge Menschen bebildert und unter Nennung des abgek\u00fcrzten Namens erkennbar an den Pranger gestellt, weil sie auf Sylt im Club Pony zum Hit von Gigi D\u00b4Agostinos \u201eL\u00b4amour toujour\u201c \u201eDeutschland den Deutschen, Ausl\u00e4nder raus\u201c gesungen haben.<\/p>\n<p>Tats\u00e4chlich berichtete die BILD weder \u00fcber ein neues, noch \u00fcber ein einzigartiges Ph\u00e4nomen. Zahlreiche andere Leitmedien hatten bereits seit Monaten dar\u00fcber berichtet, dass sich solche Vorf\u00e4lle dutzendfach immer wieder in ganz Deutschland zugetragen hatten. Obwohl die \u00d6ffentlichkeit \u00fcber solche Vorg\u00e4nge bereits seit Wochen vielfach durch die Presse informiert wurde, nutzte die BILD die sich in diesem Fall ergebende Chance, gut situierte junge Menschen aus gutem Haus aus der gro\u00dfen Masse derer, die in Deutschland immer wieder die Parole gesungen haben, selektiv herauszupicken und diese \u00f6ffentlich in einer Art mittelalterlichen Pranger vorzuf\u00fchren.<\/p>\n<p>Die Berichterstattung hatte f\u00fcr die Betroffenen fatale Folgen: Sie verloren ihre Jobs, ihre Ausbildungsperspektive und eine Vielzahl ihrer sozialen Kontakte. Sie wurden von der Polizei aufgrund akuter Gef\u00e4hrdungslagen wegen zu bef\u00fcrchtender \u00dcbergriffe gewarnt und k\u00f6nnen sich deshalb nur noch eingeschr\u00e4nkt in der \u00d6ffentlichkeit bewegen. Es kam zudem zu Beschimpfungen und zu Bedrohungen.<\/p>\n<p>Das Landgericht M\u00fcnchen I hat nun auf Antrag von H\u00d6CKER im Namen eines beteiligten S\u00e4ngers gegen\u00fcber der Verlegerin der BILD (Axel Springer Deutschland GmbH) verboten, identifizierend \u00fcber diesen jungen Mann zu berichten (Einstweilige Verf\u00fcgung Az. 26 O 6687\/24, nicht rechtskr\u00e4ftig)<\/p>\n<p>In diesem Verfahren haben wir gezeigt, dass das Singen der Parole weder neu, noch einzigartig ist. Wir haben zudem deutlich gemacht, dass das Singen der Parole auch auf Basis der Rechtsprechung des Bundesverfassungsgericht nicht strafbar ist. Das Bundesverfassungsgericht hat bereits entschieden, dass die Parole \u201eAusl\u00e4nder raus\u201c sogar auf Plakaten eine zul\u00e4ssige Meinungs\u00e4u\u00dferung ist.<\/p>\n<p>Wir haben das Gericht schlie\u00dflich auf die erhebliche Prangerwirkung und die dramatischen Auswirkungen auf das berufliche und soziale Leben des S\u00e4ngers hingewiesen, dessen Leben nachhaltig besch\u00e4digt wurde.<\/p>\n<p>Das Landgericht M\u00fcnchen hatte der BILD vorher bereits zu Gunsten einer anderen Beteiligten verboten, diese durch abgek\u00fcrzte Namensnennung und Ver\u00f6ffentlichung des Bildes erkennbar zu machen.<\/p>\n<p>Die im Sylt-Fall ergangenen Verbote einer prangerartigen Vorf\u00fchrung sind nicht die ersten Verbote dieser Art, die BILD kassiert hat. Es gab vorher bereits verschiedene gleichartige Verbote, beispielsweise ein Verbot, Personen in der BILD an den Pranger zu stellen, die sich in sozialen Netzwerken mit hetzerischen Aussagen hervorgetan haben. Der BILD musste diese Rechtsprechung bekannt sein, sodass ihr bei einer sogf\u00e4ltigen rechtlichen Pr\u00fcfung der Berichterstattung eigentlich h\u00e4tte bewusst sein m\u00fcssen, dass eine solche prangerartige Vorf\u00fchrung nicht gerechtfertigt sein kann.<\/p>\n<p>Die BILD-Chefredakteurin Marion Horn meldete sich zum Verbot \u00f6ffentlich zu Wort und griff die unabh\u00e4ngigen Richter des Landgerichts M\u00fcnchen an. Das Verbot sei \u201eeine miese Nachricht, nicht nur f\u00fcr die vielen Kollegen bei BILD mit Migrationshintergrund, sondern f\u00fcr uns alle\u201c.<\/p>\n<p>Dr. Carsten Brennecke: \u201e<em>Frau Horn zeigt damit ein zweifelhaftes Rechtsverst\u00e4ndnis und fremdelt mit unserem Rechtstaat. Nat\u00fcrlich d\u00fcrfen BILD &amp; Co auch k\u00fcnftig \u00fcber solche F\u00e4lle berichten und ein etwaiges Informationsinteresse bedienen. Grenzen setzt das Landgericht M\u00fcnchen aber richtigerweise dann, wenn es nicht mehr darum geht, die Leser sachlich \u00fcber ein gesellschaftliches Ph\u00e4nomen zu informieren, sondern wenn es wie in der Sylt-Berichterstattung nur noch darum geht, Klicks durch eine Hexenjagd, durch die Reaktivierung eines mittelalterlichen Prangers zu generieren. Dass Boulevardbl\u00e4tter wie die BILD in Deutschland nicht das Recht haben, Menschen dadurch zu bestrafen, dass sie an den Pranger gestellt werden und dadurch deren Leben zerst\u00f6rt wird, ist keine miese, sondern eine gute Nachricht. Wer seinen moralischen und juristischen Kompass nicht v\u00f6llig verloren hat, wird zustimmen, dass es gut ist, dass wir die Zeiten des Prangers in Deutschland \u00fcberwunden haben.&#8221;<\/em><\/p>\n","protected":false},"excerpt":{"rendered":"<p>BILD hat in einer Aufsehen erregenden Berichterstattung mehrere junge Menschen bebildert und unter Nennung des abgek\u00fcrzten Namens erkennbar an den Pranger gestellt, weil sie auf Sylt im Club Pony zum Hit von Gigi D\u00b4Agostinos \u201eL\u00b4amour toujour\u201c \u201eDeutschland den Deutschen, Ausl\u00e4nder raus\u201c gesungen haben. Tats\u00e4chlich berichtete die BILD weder \u00fcber ein neues, noch \u00fcber ein einzigartiges [&hellip;]<\/p>\n","protected":false},"author":1,"featured_media":0,"comment_status":"closed","ping_status":"closed","sticky":false,"template":"","format":"standard","meta":{"_has_post_settings":[],"footnotes":""},"categories":[15],"tags":[],"hashtags":[],"ppma_author":[84],"class_list":["post-8137","post","type-post","status-publish","format-standard","hentry","category-news","author-hoecker_adm"],"yoast_head":"<!-- This site is optimized with the Yoast SEO Premium plugin v25.9 (Yoast SEO v27.0) - https:\/\/yoast.com\/product\/yoast-seo-premium-wordpress\/ -->\n<title>Pranger-Berichterstattung der BILD verboten: Landgericht M\u00fcnchen I verbietet, den Sylt-S\u00e4nger in der BILD-Berichterstattung erkennbar zu machen - H\u00d6CKER - der Blog<\/title>\n<meta name=\"robots\" content=\"index, follow, max-snippet:-1, max-image-preview:large, max-video-preview:-1\" \/>\n<link rel=\"canonical\" href=\"https:\/\/www.hoecker.eu\/blog\/pranger-berichterstattung-der-bild-verboten-landgericht-muenchen-i-verbietet-den-sylt-saenger-in-der-bild-berichterstattung-erkennbar-zu-machen\/\" \/>\n<meta property=\"og:locale\" content=\"de_DE\" \/>\n<meta property=\"og:type\" content=\"article\" \/>\n<meta property=\"og:title\" content=\"Pranger-Berichterstattung der BILD verboten: Landgericht M\u00fcnchen I verbietet, den Sylt-S\u00e4nger in der BILD-Berichterstattung erkennbar zu machen\" \/>\n<meta property=\"og:description\" content=\"BILD hat in einer Aufsehen erregenden Berichterstattung mehrere junge Menschen bebildert und unter Nennung des abgek\u00fcrzten Namens erkennbar an den Pranger gestellt, weil sie auf Sylt im Club Pony zum Hit von Gigi D\u00b4Agostinos \u201eL\u00b4amour toujour\u201c \u201eDeutschland den Deutschen, Ausl\u00e4nder raus\u201c gesungen haben. Tats\u00e4chlich berichtete die BILD weder \u00fcber ein neues, noch \u00fcber ein einzigartiges [&hellip;]\" \/>\n<meta property=\"og:url\" content=\"https:\/\/www.hoecker.eu\/blog\/pranger-berichterstattung-der-bild-verboten-landgericht-muenchen-i-verbietet-den-sylt-saenger-in-der-bild-berichterstattung-erkennbar-zu-machen\/\" \/>\n<meta property=\"og:site_name\" content=\"H\u00d6CKER - der Blog\" \/>\n<meta property=\"article:publisher\" content=\"https:\/\/www.facebook.com\/HoeckerRAe\/\" \/>\n<meta property=\"article:author\" content=\"https:\/\/www.facebook.com\/ralf.hoecker\" \/>\n<meta property=\"article:published_time\" content=\"2024-06-19T11:17:00+00:00\" \/>\n<meta property=\"article:modified_time\" content=\"2025-02-17T13:53:24+00:00\" \/>\n<meta name=\"author\" content=\"Prof. Dr. Ralf H\u00f6cker\" \/>\n<meta name=\"twitter:card\" content=\"summary_large_image\" \/>\n<meta name=\"twitter:creator\" content=\"@Ralf_Hoecker\" \/>\n<meta name=\"twitter:site\" content=\"@hoecker_rae\" \/>\n<meta name=\"twitter:label1\" content=\"Verfasst von\" \/>\n\t<meta name=\"twitter:data1\" content=\"Prof. Dr. Ralf H\u00f6cker\" \/>\n\t<meta name=\"twitter:label2\" content=\"Gesch\u00e4tzte Lesezeit\" \/>\n\t<meta name=\"twitter:data2\" content=\"3\u00a0Minuten\" \/>\n<script type=\"application\/ld+json\" class=\"yoast-schema-graph\">{\"@context\":\"https:\/\/schema.org\",\"@graph\":[{\"@type\":\"Article\",\"@id\":\"https:\/\/www.hoecker.eu\/blog\/pranger-berichterstattung-der-bild-verboten-landgericht-muenchen-i-verbietet-den-sylt-saenger-in-der-bild-berichterstattung-erkennbar-zu-machen\/#article\",\"isPartOf\":{\"@id\":\"https:\/\/www.hoecker.eu\/blog\/pranger-berichterstattung-der-bild-verboten-landgericht-muenchen-i-verbietet-den-sylt-saenger-in-der-bild-berichterstattung-erkennbar-zu-machen\/\"},\"author\":{\"name\":\"Prof. Dr. Ralf H\u00f6cker\",\"@id\":\"https:\/\/www.hoecker.eu\/blog\/#\/schema\/person\/08f95581eed0534eccd0b2438f7a1cab\"},\"headline\":\"Pranger-Berichterstattung der BILD verboten: Landgericht M\u00fcnchen I verbietet, den Sylt-S\u00e4nger in der BILD-Berichterstattung erkennbar zu machen\",\"datePublished\":\"2024-06-19T11:17:00+00:00\",\"dateModified\":\"2025-02-17T13:53:24+00:00\",\"mainEntityOfPage\":{\"@id\":\"https:\/\/www.hoecker.eu\/blog\/pranger-berichterstattung-der-bild-verboten-landgericht-muenchen-i-verbietet-den-sylt-saenger-in-der-bild-berichterstattung-erkennbar-zu-machen\/\"},\"wordCount\":655,\"publisher\":{\"@id\":\"https:\/\/www.hoecker.eu\/blog\/#organization\"},\"articleSection\":[\"News\"],\"inLanguage\":\"de\"},{\"@type\":\"WebPage\",\"@id\":\"https:\/\/www.hoecker.eu\/blog\/pranger-berichterstattung-der-bild-verboten-landgericht-muenchen-i-verbietet-den-sylt-saenger-in-der-bild-berichterstattung-erkennbar-zu-machen\/\",\"url\":\"https:\/\/www.hoecker.eu\/blog\/pranger-berichterstattung-der-bild-verboten-landgericht-muenchen-i-verbietet-den-sylt-saenger-in-der-bild-berichterstattung-erkennbar-zu-machen\/\",\"name\":\"Pranger-Berichterstattung der BILD verboten: Landgericht M\u00fcnchen I verbietet, den Sylt-S\u00e4nger in der BILD-Berichterstattung erkennbar zu machen - H\u00d6CKER - der Blog\",\"isPartOf\":{\"@id\":\"https:\/\/www.hoecker.eu\/blog\/#website\"},\"datePublished\":\"2024-06-19T11:17:00+00:00\",\"dateModified\":\"2025-02-17T13:53:24+00:00\",\"breadcrumb\":{\"@id\":\"https:\/\/www.hoecker.eu\/blog\/pranger-berichterstattung-der-bild-verboten-landgericht-muenchen-i-verbietet-den-sylt-saenger-in-der-bild-berichterstattung-erkennbar-zu-machen\/#breadcrumb\"},\"inLanguage\":\"de\",\"potentialAction\":[{\"@type\":\"ReadAction\",\"target\":[\"https:\/\/www.hoecker.eu\/blog\/pranger-berichterstattung-der-bild-verboten-landgericht-muenchen-i-verbietet-den-sylt-saenger-in-der-bild-berichterstattung-erkennbar-zu-machen\/\"]}]},{\"@type\":\"BreadcrumbList\",\"@id\":\"https:\/\/www.hoecker.eu\/blog\/pranger-berichterstattung-der-bild-verboten-landgericht-muenchen-i-verbietet-den-sylt-saenger-in-der-bild-berichterstattung-erkennbar-zu-machen\/#breadcrumb\",\"itemListElement\":[{\"@type\":\"ListItem\",\"position\":1,\"name\":\"Startseite\",\"item\":\"https:\/\/dev.hoecker.eu\/blog\/\"},{\"@type\":\"ListItem\",\"position\":2,\"name\":\"Pranger-Berichterstattung der BILD verboten: Landgericht M\u00fcnchen I verbietet, den Sylt-S\u00e4nger in der BILD-Berichterstattung erkennbar zu machen\"}]},{\"@type\":\"WebSite\",\"@id\":\"https:\/\/www.hoecker.eu\/blog\/#website\",\"url\":\"https:\/\/www.hoecker.eu\/blog\/\",\"name\":\"H\u00d6CKER - der Blog\",\"description\":\"Expertenblog f\u00fcr \u00c4u\u00dferungs-, Medien-, Marken-, Urheber- und Wettbewerbsrecht.\",\"publisher\":{\"@id\":\"https:\/\/www.hoecker.eu\/blog\/#organization\"},\"potentialAction\":[{\"@type\":\"SearchAction\",\"target\":{\"@type\":\"EntryPoint\",\"urlTemplate\":\"https:\/\/www.hoecker.eu\/blog\/?s={search_term_string}\"},\"query-input\":{\"@type\":\"PropertyValueSpecification\",\"valueRequired\":true,\"valueName\":\"search_term_string\"}}],\"inLanguage\":\"de\"},{\"@type\":\"Organization\",\"@id\":\"https:\/\/www.hoecker.eu\/blog\/#organization\",\"name\":\"H\u00d6CKER Rechtsanw\u00e4lte PartGmbB\",\"alternateName\":\"H\u00d6CKER\",\"url\":\"https:\/\/www.hoecker.eu\/blog\/\",\"logo\":{\"@type\":\"ImageObject\",\"inLanguage\":\"de\",\"@id\":\"https:\/\/www.hoecker.eu\/blog\/#\/schema\/logo\/image\/\",\"url\":\"https:\/\/www.hoecker.eu\/blog\/wp-content\/uploads\/2025\/03\/Blog-Logo.webp\",\"contentUrl\":\"https:\/\/www.hoecker.eu\/blog\/wp-content\/uploads\/2025\/03\/Blog-Logo.webp\",\"width\":500,\"height\":500,\"caption\":\"H\u00d6CKER Rechtsanw\u00e4lte PartGmbB\"},\"image\":{\"@id\":\"https:\/\/www.hoecker.eu\/blog\/#\/schema\/logo\/image\/\"},\"sameAs\":[\"https:\/\/www.facebook.com\/HoeckerRAe\/\",\"https:\/\/x.com\/hoecker_rae\",\"https:\/\/www.linkedin.com\/company\/hcker-rechtsanwlte\/\",\"https:\/\/www.instagram.com\/hoecker_rae\/\"],\"email\":\"contact@hoecker.eu\",\"telephone\":\"+ 49 (0)221-933 19-10\",\"legalName\":\"H\u00d6CKER Rechtsanw\u00e4lte PartGmbB\",\"numberOfEmployees\":{\"@type\":\"QuantitativeValue\",\"minValue\":\"11\",\"maxValue\":\"50\"}},{\"@type\":\"Person\",\"@id\":\"https:\/\/www.hoecker.eu\/blog\/#\/schema\/person\/08f95581eed0534eccd0b2438f7a1cab\",\"name\":\"Prof. Dr. Ralf H\u00f6cker\",\"description\":\"Medienanwalt. Besch\u00fctzer vor mieser Presse\",\"sameAs\":[\"https:\/\/www.hoecker.eu\/wer\/prof-dr-ralf-hoecker\",\"https:\/\/www.facebook.com\/ralf.hoecker\",\"https:\/\/www.linkedin.com\/in\/prof-dr-ralf-hcker-ll-m-london-17987826\/\",\"https:\/\/x.com\/Ralf_Hoecker\"],\"url\":\"https:\/\/www.hoecker.eu\/blog\/author\/hoecker_adm\/\"}]}<\/script>\n<!-- \/ Yoast SEO Premium plugin. -->","yoast_head_json":{"title":"Pranger-Berichterstattung der BILD verboten: Landgericht M\u00fcnchen I verbietet, den Sylt-S\u00e4nger in der BILD-Berichterstattung erkennbar zu machen - H\u00d6CKER - der Blog","robots":{"index":"index","follow":"follow","max-snippet":"max-snippet:-1","max-image-preview":"max-image-preview:large","max-video-preview":"max-video-preview:-1"},"canonical":"https:\/\/www.hoecker.eu\/blog\/pranger-berichterstattung-der-bild-verboten-landgericht-muenchen-i-verbietet-den-sylt-saenger-in-der-bild-berichterstattung-erkennbar-zu-machen\/","og_locale":"de_DE","og_type":"article","og_title":"Pranger-Berichterstattung der BILD verboten: Landgericht M\u00fcnchen I verbietet, den Sylt-S\u00e4nger in der BILD-Berichterstattung erkennbar zu machen","og_description":"BILD hat in einer Aufsehen erregenden Berichterstattung mehrere junge Menschen bebildert und unter Nennung des abgek\u00fcrzten Namens erkennbar an den Pranger gestellt, weil sie auf Sylt im Club Pony zum Hit von Gigi D\u00b4Agostinos \u201eL\u00b4amour toujour\u201c \u201eDeutschland den Deutschen, Ausl\u00e4nder raus\u201c gesungen haben. Tats\u00e4chlich berichtete die BILD weder \u00fcber ein neues, noch \u00fcber ein einzigartiges [&hellip;]","og_url":"https:\/\/www.hoecker.eu\/blog\/pranger-berichterstattung-der-bild-verboten-landgericht-muenchen-i-verbietet-den-sylt-saenger-in-der-bild-berichterstattung-erkennbar-zu-machen\/","og_site_name":"H\u00d6CKER - der Blog","article_publisher":"https:\/\/www.facebook.com\/HoeckerRAe\/","article_author":"https:\/\/www.facebook.com\/ralf.hoecker","article_published_time":"2024-06-19T11:17:00+00:00","article_modified_time":"2025-02-17T13:53:24+00:00","author":"Prof. Dr. Ralf H\u00f6cker","twitter_card":"summary_large_image","twitter_creator":"@Ralf_Hoecker","twitter_site":"@hoecker_rae","twitter_misc":{"Verfasst von":"Prof. Dr. Ralf H\u00f6cker","Gesch\u00e4tzte Lesezeit":"3\u00a0Minuten"},"schema":{"@context":"https:\/\/schema.org","@graph":[{"@type":"Article","@id":"https:\/\/www.hoecker.eu\/blog\/pranger-berichterstattung-der-bild-verboten-landgericht-muenchen-i-verbietet-den-sylt-saenger-in-der-bild-berichterstattung-erkennbar-zu-machen\/#article","isPartOf":{"@id":"https:\/\/www.hoecker.eu\/blog\/pranger-berichterstattung-der-bild-verboten-landgericht-muenchen-i-verbietet-den-sylt-saenger-in-der-bild-berichterstattung-erkennbar-zu-machen\/"},"author":{"name":"Prof. Dr. Ralf H\u00f6cker","@id":"https:\/\/www.hoecker.eu\/blog\/#\/schema\/person\/08f95581eed0534eccd0b2438f7a1cab"},"headline":"Pranger-Berichterstattung der BILD verboten: Landgericht M\u00fcnchen I verbietet, den Sylt-S\u00e4nger in der BILD-Berichterstattung erkennbar zu machen","datePublished":"2024-06-19T11:17:00+00:00","dateModified":"2025-02-17T13:53:24+00:00","mainEntityOfPage":{"@id":"https:\/\/www.hoecker.eu\/blog\/pranger-berichterstattung-der-bild-verboten-landgericht-muenchen-i-verbietet-den-sylt-saenger-in-der-bild-berichterstattung-erkennbar-zu-machen\/"},"wordCount":655,"publisher":{"@id":"https:\/\/www.hoecker.eu\/blog\/#organization"},"articleSection":["News"],"inLanguage":"de"},{"@type":"WebPage","@id":"https:\/\/www.hoecker.eu\/blog\/pranger-berichterstattung-der-bild-verboten-landgericht-muenchen-i-verbietet-den-sylt-saenger-in-der-bild-berichterstattung-erkennbar-zu-machen\/","url":"https:\/\/www.hoecker.eu\/blog\/pranger-berichterstattung-der-bild-verboten-landgericht-muenchen-i-verbietet-den-sylt-saenger-in-der-bild-berichterstattung-erkennbar-zu-machen\/","name":"Pranger-Berichterstattung der BILD verboten: Landgericht M\u00fcnchen I verbietet, den Sylt-S\u00e4nger in der BILD-Berichterstattung erkennbar zu machen - H\u00d6CKER - der Blog","isPartOf":{"@id":"https:\/\/www.hoecker.eu\/blog\/#website"},"datePublished":"2024-06-19T11:17:00+00:00","dateModified":"2025-02-17T13:53:24+00:00","breadcrumb":{"@id":"https:\/\/www.hoecker.eu\/blog\/pranger-berichterstattung-der-bild-verboten-landgericht-muenchen-i-verbietet-den-sylt-saenger-in-der-bild-berichterstattung-erkennbar-zu-machen\/#breadcrumb"},"inLanguage":"de","potentialAction":[{"@type":"ReadAction","target":["https:\/\/www.hoecker.eu\/blog\/pranger-berichterstattung-der-bild-verboten-landgericht-muenchen-i-verbietet-den-sylt-saenger-in-der-bild-berichterstattung-erkennbar-zu-machen\/"]}]},{"@type":"BreadcrumbList","@id":"https:\/\/www.hoecker.eu\/blog\/pranger-berichterstattung-der-bild-verboten-landgericht-muenchen-i-verbietet-den-sylt-saenger-in-der-bild-berichterstattung-erkennbar-zu-machen\/#breadcrumb","itemListElement":[{"@type":"ListItem","position":1,"name":"Startseite","item":"https:\/\/dev.hoecker.eu\/blog\/"},{"@type":"ListItem","position":2,"name":"Pranger-Berichterstattung der BILD verboten: Landgericht M\u00fcnchen I verbietet, den Sylt-S\u00e4nger in der BILD-Berichterstattung erkennbar zu machen"}]},{"@type":"WebSite","@id":"https:\/\/www.hoecker.eu\/blog\/#website","url":"https:\/\/www.hoecker.eu\/blog\/","name":"H\u00d6CKER - der Blog","description":"Expertenblog f\u00fcr \u00c4u\u00dferungs-, Medien-, Marken-, Urheber- und Wettbewerbsrecht.","publisher":{"@id":"https:\/\/www.hoecker.eu\/blog\/#organization"},"potentialAction":[{"@type":"SearchAction","target":{"@type":"EntryPoint","urlTemplate":"https:\/\/www.hoecker.eu\/blog\/?s={search_term_string}"},"query-input":{"@type":"PropertyValueSpecification","valueRequired":true,"valueName":"search_term_string"}}],"inLanguage":"de"},{"@type":"Organization","@id":"https:\/\/www.hoecker.eu\/blog\/#organization","name":"H\u00d6CKER Rechtsanw\u00e4lte PartGmbB","alternateName":"H\u00d6CKER","url":"https:\/\/www.hoecker.eu\/blog\/","logo":{"@type":"ImageObject","inLanguage":"de","@id":"https:\/\/www.hoecker.eu\/blog\/#\/schema\/logo\/image\/","url":"https:\/\/www.hoecker.eu\/blog\/wp-content\/uploads\/2025\/03\/Blog-Logo.webp","contentUrl":"https:\/\/www.hoecker.eu\/blog\/wp-content\/uploads\/2025\/03\/Blog-Logo.webp","width":500,"height":500,"caption":"H\u00d6CKER Rechtsanw\u00e4lte PartGmbB"},"image":{"@id":"https:\/\/www.hoecker.eu\/blog\/#\/schema\/logo\/image\/"},"sameAs":["https:\/\/www.facebook.com\/HoeckerRAe\/","https:\/\/x.com\/hoecker_rae","https:\/\/www.linkedin.com\/company\/hcker-rechtsanwlte\/","https:\/\/www.instagram.com\/hoecker_rae\/"],"email":"contact@hoecker.eu","telephone":"+ 49 (0)221-933 19-10","legalName":"H\u00d6CKER Rechtsanw\u00e4lte PartGmbB","numberOfEmployees":{"@type":"QuantitativeValue","minValue":"11","maxValue":"50"}},{"@type":"Person","@id":"https:\/\/www.hoecker.eu\/blog\/#\/schema\/person\/08f95581eed0534eccd0b2438f7a1cab","name":"Prof. Dr. Ralf H\u00f6cker","description":"Medienanwalt. Besch\u00fctzer vor mieser Presse","sameAs":["https:\/\/www.hoecker.eu\/wer\/prof-dr-ralf-hoecker","https:\/\/www.facebook.com\/ralf.hoecker","https:\/\/www.linkedin.com\/in\/prof-dr-ralf-hcker-ll-m-london-17987826\/","https:\/\/x.com\/Ralf_Hoecker"],"url":"https:\/\/www.hoecker.eu\/blog\/author\/hoecker_adm\/"}]}},"authors":[{"term_id":84,"user_id":1,"is_guest":0,"slug":"hoecker_adm","display_name":"Prof. Dr. Ralf H\u00f6cker","avatar_url":{"url":"https:\/\/www.hoecker.eu\/blog\/wp-content\/uploads\/2023\/12\/ProfDrRalfHoecker.jpg","url2x":"https:\/\/www.hoecker.eu\/blog\/wp-content\/uploads\/2023\/12\/ProfDrRalfHoecker.jpg"},"0":null,"1":"","2":"","3":"","4":"","5":"","6":"","7":"","8":"","9":"","10":"","11":""}],"_links":{"self":[{"href":"https:\/\/www.hoecker.eu\/blog\/wp-json\/wp\/v2\/posts\/8137","targetHints":{"allow":["GET"]}}],"collection":[{"href":"https:\/\/www.hoecker.eu\/blog\/wp-json\/wp\/v2\/posts"}],"about":[{"href":"https:\/\/www.hoecker.eu\/blog\/wp-json\/wp\/v2\/types\/post"}],"author":[{"embeddable":true,"href":"https:\/\/www.hoecker.eu\/blog\/wp-json\/wp\/v2\/users\/1"}],"replies":[{"embeddable":true,"href":"https:\/\/www.hoecker.eu\/blog\/wp-json\/wp\/v2\/comments?post=8137"}],"version-history":[{"count":1,"href":"https:\/\/www.hoecker.eu\/blog\/wp-json\/wp\/v2\/posts\/8137\/revisions"}],"predecessor-version":[{"id":9259,"href":"https:\/\/www.hoecker.eu\/blog\/wp-json\/wp\/v2\/posts\/8137\/revisions\/9259"}],"wp:attachment":[{"href":"https:\/\/www.hoecker.eu\/blog\/wp-json\/wp\/v2\/media?parent=8137"}],"wp:term":[{"taxonomy":"category","embeddable":true,"href":"https:\/\/www.hoecker.eu\/blog\/wp-json\/wp\/v2\/categories?post=8137"},{"taxonomy":"post_tag","embeddable":true,"href":"https:\/\/www.hoecker.eu\/blog\/wp-json\/wp\/v2\/tags?post=8137"},{"taxonomy":"hashtags","embeddable":true,"href":"https:\/\/www.hoecker.eu\/blog\/wp-json\/wp\/v2\/hashtags?post=8137"},{"taxonomy":"author","embeddable":true,"href":"https:\/\/www.hoecker.eu\/blog\/wp-json\/wp\/v2\/ppma_author?post=8137"}],"curies":[{"name":"wp","href":"https:\/\/api.w.org\/{rel}","templated":true}]}}