{"id":8136,"date":"2024-07-04T15:15:00","date_gmt":"2024-07-04T13:15:00","guid":{"rendered":"https:\/\/www.hoecker.eu\/blog\/reputationsschutz-ausgeschiedene-mitarbeiter-muessen-social-media-profile-anpassen\/"},"modified":"2025-02-17T14:53:24","modified_gmt":"2025-02-17T13:53:24","slug":"reputationsschutz-ausgeschiedene-mitarbeiter-muessen-social-media-profile-anpassen","status":"publish","type":"post","link":"https:\/\/www.hoecker.eu\/blog\/reputationsschutz-ausgeschiedene-mitarbeiter-muessen-social-media-profile-anpassen\/","title":{"rendered":"Reputationsschutz: Ausgeschiedene Mitarbeiter m\u00fcssen social media-Profile anpassen"},"content":{"rendered":"<p>Viele Angestellte geben in ihren social media-Profilen ihren Arbeitgeber an. Das kann allerdings zu Problemen auf beiden Seiten f\u00fchren. So kommt es leider vor, dass Arbeitgeber \u00f6ffentlich unter Druck gesetzt werden, wenn sich andere Nutzer am privaten Verhalten der Mitarbeiter in den sozialen Medien st\u00f6ren. F\u00fcr den Mitarbeiter wird das dann zum Problem, wenn der Arbeitgeber sich aus Angst vor dem \u201e\u00f6ffentlichen Druck\u201c von dem Mitarbeiter distanziert oder ihn gar (unberechtigt) k\u00fcndigt. Unabh\u00e4ngig davon, wie das Verhalten des Mitarbeiters rechtlich zu bewerten ist, drohen dem Arbeitgeber Reputationsrisiken. Das gilt insbesondere dann, wenn es sich bei den Mitarbeitern um F\u00fchrungspersonal handelt, weil diese in der \u00d6ffentlichkeit als Gesichter oder gar Sprecher des Arbeitgebers wahrgenommen werden.<\/p>\n<p>Eine Mandantin musste sich von ihrem Gesch\u00e4ftsf\u00fchrer trennen. Trotzdem gab er bei LinkedIn in seinem Profil-Slogan weiterhin die Mandantin als Arbeitgeber an. Aus dem Lebenslauf weiter unten ergab sich zwar, dass die T\u00e4tigkeit dort beendet war. Wenn man allerdings nicht das vollst\u00e4ndige Profil gesehen hat, sondern z.B. nur Kommentare von ihm, wurde unter seinem Namen die Mandantin als Arbeitgeber genannt. Die Nutzer gingen daher davon aus, dass er weiterhin Gesch\u00e4ftsf\u00fchrer unserer Mandantin sei. Auf eine Abmahnung wegen dieser falschen Angabe hat er eine Unterlassungserkl\u00e4rung abgegeben und auch die Kosten f\u00fcr die Abmahnung erstattet.<\/p>\n<p>Rechtsanwalt Dr. Johannes Gr\u00e4big: \u201eDie Mandantin wollte vermeiden, dass er weiterhin als ihr Gesch\u00e4ftsf\u00fchrer wahrgenommen wird. Neben m\u00f6glichen Reputationssch\u00e4den durch fragw\u00fcrdige \u00c4u\u00dferungen des ehemaligen Mitarbeiters in den sozialen Medien ging es auch darum, etwaige Vertrauenstatbest\u00e4nde (Anscheins-\/Duldungsvollmacht) zu beseitigen.\u201c<\/p>\n","protected":false},"excerpt":{"rendered":"<p>Viele Angestellte geben in ihren social media-Profilen ihren Arbeitgeber an. Das kann allerdings zu Problemen auf beiden Seiten f\u00fchren. So kommt es leider vor, dass Arbeitgeber \u00f6ffentlich unter Druck gesetzt werden, wenn sich andere Nutzer am privaten Verhalten der Mitarbeiter in den sozialen Medien st\u00f6ren. F\u00fcr den Mitarbeiter wird das dann zum Problem, wenn der [&hellip;]<\/p>\n","protected":false},"author":1,"featured_media":0,"comment_status":"closed","ping_status":"closed","sticky":false,"template":"","format":"standard","meta":{"_has_post_settings":[],"footnotes":""},"categories":[15],"tags":[],"hashtags":[],"ppma_author":[84],"class_list":["post-8136","post","type-post","status-publish","format-standard","hentry","category-news","author-hoecker_adm"],"yoast_head":"<!-- This site is optimized with the Yoast SEO Premium plugin v25.9 (Yoast SEO v27.0) - https:\/\/yoast.com\/product\/yoast-seo-premium-wordpress\/ -->\n<title>Reputationsschutz: Ausgeschiedene Mitarbeiter m\u00fcssen social media-Profile anpassen - H\u00d6CKER - der Blog<\/title>\n<meta name=\"robots\" content=\"index, follow, max-snippet:-1, max-image-preview:large, max-video-preview:-1\" \/>\n<link rel=\"canonical\" href=\"https:\/\/www.hoecker.eu\/blog\/reputationsschutz-ausgeschiedene-mitarbeiter-muessen-social-media-profile-anpassen\/\" \/>\n<meta property=\"og:locale\" content=\"de_DE\" \/>\n<meta property=\"og:type\" content=\"article\" \/>\n<meta property=\"og:title\" content=\"Reputationsschutz: Ausgeschiedene Mitarbeiter m\u00fcssen social media-Profile anpassen\" \/>\n<meta property=\"og:description\" content=\"Viele Angestellte geben in ihren social media-Profilen ihren Arbeitgeber an. Das kann allerdings zu Problemen auf beiden Seiten f\u00fchren. So kommt es leider vor, dass Arbeitgeber \u00f6ffentlich unter Druck gesetzt werden, wenn sich andere Nutzer am privaten Verhalten der Mitarbeiter in den sozialen Medien st\u00f6ren. F\u00fcr den Mitarbeiter wird das dann zum Problem, wenn der [&hellip;]\" \/>\n<meta property=\"og:url\" content=\"https:\/\/www.hoecker.eu\/blog\/reputationsschutz-ausgeschiedene-mitarbeiter-muessen-social-media-profile-anpassen\/\" \/>\n<meta property=\"og:site_name\" content=\"H\u00d6CKER - der Blog\" \/>\n<meta property=\"article:publisher\" content=\"https:\/\/www.facebook.com\/HoeckerRAe\/\" \/>\n<meta property=\"article:author\" content=\"https:\/\/www.facebook.com\/ralf.hoecker\" \/>\n<meta property=\"article:published_time\" content=\"2024-07-04T13:15:00+00:00\" \/>\n<meta property=\"article:modified_time\" content=\"2025-02-17T13:53:24+00:00\" \/>\n<meta name=\"author\" content=\"Prof. Dr. Ralf H\u00f6cker\" \/>\n<meta name=\"twitter:card\" content=\"summary_large_image\" \/>\n<meta name=\"twitter:creator\" content=\"@Ralf_Hoecker\" \/>\n<meta name=\"twitter:site\" content=\"@hoecker_rae\" \/>\n<meta name=\"twitter:label1\" content=\"Verfasst von\" \/>\n\t<meta name=\"twitter:data1\" content=\"Prof. Dr. Ralf H\u00f6cker\" \/>\n\t<meta name=\"twitter:label2\" content=\"Gesch\u00e4tzte Lesezeit\" \/>\n\t<meta name=\"twitter:data2\" content=\"1\u00a0Minute\" \/>\n<script type=\"application\/ld+json\" class=\"yoast-schema-graph\">{\"@context\":\"https:\/\/schema.org\",\"@graph\":[{\"@type\":\"Article\",\"@id\":\"https:\/\/www.hoecker.eu\/blog\/reputationsschutz-ausgeschiedene-mitarbeiter-muessen-social-media-profile-anpassen\/#article\",\"isPartOf\":{\"@id\":\"https:\/\/www.hoecker.eu\/blog\/reputationsschutz-ausgeschiedene-mitarbeiter-muessen-social-media-profile-anpassen\/\"},\"author\":{\"name\":\"Prof. Dr. Ralf H\u00f6cker\",\"@id\":\"https:\/\/www.hoecker.eu\/blog\/#\/schema\/person\/08f95581eed0534eccd0b2438f7a1cab\"},\"headline\":\"Reputationsschutz: Ausgeschiedene Mitarbeiter m\u00fcssen social media-Profile anpassen\",\"datePublished\":\"2024-07-04T13:15:00+00:00\",\"dateModified\":\"2025-02-17T13:53:24+00:00\",\"mainEntityOfPage\":{\"@id\":\"https:\/\/www.hoecker.eu\/blog\/reputationsschutz-ausgeschiedene-mitarbeiter-muessen-social-media-profile-anpassen\/\"},\"wordCount\":277,\"publisher\":{\"@id\":\"https:\/\/www.hoecker.eu\/blog\/#organization\"},\"articleSection\":[\"News\"],\"inLanguage\":\"de\"},{\"@type\":\"WebPage\",\"@id\":\"https:\/\/www.hoecker.eu\/blog\/reputationsschutz-ausgeschiedene-mitarbeiter-muessen-social-media-profile-anpassen\/\",\"url\":\"https:\/\/www.hoecker.eu\/blog\/reputationsschutz-ausgeschiedene-mitarbeiter-muessen-social-media-profile-anpassen\/\",\"name\":\"Reputationsschutz: Ausgeschiedene Mitarbeiter m\u00fcssen social media-Profile anpassen - H\u00d6CKER - der Blog\",\"isPartOf\":{\"@id\":\"https:\/\/www.hoecker.eu\/blog\/#website\"},\"datePublished\":\"2024-07-04T13:15:00+00:00\",\"dateModified\":\"2025-02-17T13:53:24+00:00\",\"breadcrumb\":{\"@id\":\"https:\/\/www.hoecker.eu\/blog\/reputationsschutz-ausgeschiedene-mitarbeiter-muessen-social-media-profile-anpassen\/#breadcrumb\"},\"inLanguage\":\"de\",\"potentialAction\":[{\"@type\":\"ReadAction\",\"target\":[\"https:\/\/www.hoecker.eu\/blog\/reputationsschutz-ausgeschiedene-mitarbeiter-muessen-social-media-profile-anpassen\/\"]}]},{\"@type\":\"BreadcrumbList\",\"@id\":\"https:\/\/www.hoecker.eu\/blog\/reputationsschutz-ausgeschiedene-mitarbeiter-muessen-social-media-profile-anpassen\/#breadcrumb\",\"itemListElement\":[{\"@type\":\"ListItem\",\"position\":1,\"name\":\"Startseite\",\"item\":\"https:\/\/dev.hoecker.eu\/blog\/\"},{\"@type\":\"ListItem\",\"position\":2,\"name\":\"Reputationsschutz: Ausgeschiedene Mitarbeiter m\u00fcssen social media-Profile anpassen\"}]},{\"@type\":\"WebSite\",\"@id\":\"https:\/\/www.hoecker.eu\/blog\/#website\",\"url\":\"https:\/\/www.hoecker.eu\/blog\/\",\"name\":\"H\u00d6CKER - der Blog\",\"description\":\"Expertenblog f\u00fcr \u00c4u\u00dferungs-, Medien-, Marken-, Urheber- und Wettbewerbsrecht.\",\"publisher\":{\"@id\":\"https:\/\/www.hoecker.eu\/blog\/#organization\"},\"potentialAction\":[{\"@type\":\"SearchAction\",\"target\":{\"@type\":\"EntryPoint\",\"urlTemplate\":\"https:\/\/www.hoecker.eu\/blog\/?s={search_term_string}\"},\"query-input\":{\"@type\":\"PropertyValueSpecification\",\"valueRequired\":true,\"valueName\":\"search_term_string\"}}],\"inLanguage\":\"de\"},{\"@type\":\"Organization\",\"@id\":\"https:\/\/www.hoecker.eu\/blog\/#organization\",\"name\":\"H\u00d6CKER Rechtsanw\u00e4lte PartGmbB\",\"alternateName\":\"H\u00d6CKER\",\"url\":\"https:\/\/www.hoecker.eu\/blog\/\",\"logo\":{\"@type\":\"ImageObject\",\"inLanguage\":\"de\",\"@id\":\"https:\/\/www.hoecker.eu\/blog\/#\/schema\/logo\/image\/\",\"url\":\"https:\/\/www.hoecker.eu\/blog\/wp-content\/uploads\/2025\/03\/Blog-Logo.webp\",\"contentUrl\":\"https:\/\/www.hoecker.eu\/blog\/wp-content\/uploads\/2025\/03\/Blog-Logo.webp\",\"width\":500,\"height\":500,\"caption\":\"H\u00d6CKER Rechtsanw\u00e4lte PartGmbB\"},\"image\":{\"@id\":\"https:\/\/www.hoecker.eu\/blog\/#\/schema\/logo\/image\/\"},\"sameAs\":[\"https:\/\/www.facebook.com\/HoeckerRAe\/\",\"https:\/\/x.com\/hoecker_rae\",\"https:\/\/www.linkedin.com\/company\/hcker-rechtsanwlte\/\",\"https:\/\/www.instagram.com\/hoecker_rae\/\"],\"email\":\"contact@hoecker.eu\",\"telephone\":\"+ 49 (0)221-933 19-10\",\"legalName\":\"H\u00d6CKER Rechtsanw\u00e4lte PartGmbB\",\"numberOfEmployees\":{\"@type\":\"QuantitativeValue\",\"minValue\":\"11\",\"maxValue\":\"50\"}},{\"@type\":\"Person\",\"@id\":\"https:\/\/www.hoecker.eu\/blog\/#\/schema\/person\/08f95581eed0534eccd0b2438f7a1cab\",\"name\":\"Prof. Dr. Ralf H\u00f6cker\",\"description\":\"Medienanwalt. Besch\u00fctzer vor mieser Presse\",\"sameAs\":[\"https:\/\/www.hoecker.eu\/wer\/prof-dr-ralf-hoecker\",\"https:\/\/www.facebook.com\/ralf.hoecker\",\"https:\/\/www.linkedin.com\/in\/prof-dr-ralf-hcker-ll-m-london-17987826\/\",\"https:\/\/x.com\/Ralf_Hoecker\"],\"url\":\"https:\/\/www.hoecker.eu\/blog\/author\/hoecker_adm\/\"}]}<\/script>\n<!-- \/ Yoast SEO Premium plugin. -->","yoast_head_json":{"title":"Reputationsschutz: Ausgeschiedene Mitarbeiter m\u00fcssen social media-Profile anpassen - H\u00d6CKER - der Blog","robots":{"index":"index","follow":"follow","max-snippet":"max-snippet:-1","max-image-preview":"max-image-preview:large","max-video-preview":"max-video-preview:-1"},"canonical":"https:\/\/www.hoecker.eu\/blog\/reputationsschutz-ausgeschiedene-mitarbeiter-muessen-social-media-profile-anpassen\/","og_locale":"de_DE","og_type":"article","og_title":"Reputationsschutz: Ausgeschiedene Mitarbeiter m\u00fcssen social media-Profile anpassen","og_description":"Viele Angestellte geben in ihren social media-Profilen ihren Arbeitgeber an. Das kann allerdings zu Problemen auf beiden Seiten f\u00fchren. So kommt es leider vor, dass Arbeitgeber \u00f6ffentlich unter Druck gesetzt werden, wenn sich andere Nutzer am privaten Verhalten der Mitarbeiter in den sozialen Medien st\u00f6ren. F\u00fcr den Mitarbeiter wird das dann zum Problem, wenn der [&hellip;]","og_url":"https:\/\/www.hoecker.eu\/blog\/reputationsschutz-ausgeschiedene-mitarbeiter-muessen-social-media-profile-anpassen\/","og_site_name":"H\u00d6CKER - der Blog","article_publisher":"https:\/\/www.facebook.com\/HoeckerRAe\/","article_author":"https:\/\/www.facebook.com\/ralf.hoecker","article_published_time":"2024-07-04T13:15:00+00:00","article_modified_time":"2025-02-17T13:53:24+00:00","author":"Prof. Dr. Ralf H\u00f6cker","twitter_card":"summary_large_image","twitter_creator":"@Ralf_Hoecker","twitter_site":"@hoecker_rae","twitter_misc":{"Verfasst von":"Prof. Dr. Ralf H\u00f6cker","Gesch\u00e4tzte Lesezeit":"1\u00a0Minute"},"schema":{"@context":"https:\/\/schema.org","@graph":[{"@type":"Article","@id":"https:\/\/www.hoecker.eu\/blog\/reputationsschutz-ausgeschiedene-mitarbeiter-muessen-social-media-profile-anpassen\/#article","isPartOf":{"@id":"https:\/\/www.hoecker.eu\/blog\/reputationsschutz-ausgeschiedene-mitarbeiter-muessen-social-media-profile-anpassen\/"},"author":{"name":"Prof. Dr. Ralf H\u00f6cker","@id":"https:\/\/www.hoecker.eu\/blog\/#\/schema\/person\/08f95581eed0534eccd0b2438f7a1cab"},"headline":"Reputationsschutz: Ausgeschiedene Mitarbeiter m\u00fcssen social media-Profile anpassen","datePublished":"2024-07-04T13:15:00+00:00","dateModified":"2025-02-17T13:53:24+00:00","mainEntityOfPage":{"@id":"https:\/\/www.hoecker.eu\/blog\/reputationsschutz-ausgeschiedene-mitarbeiter-muessen-social-media-profile-anpassen\/"},"wordCount":277,"publisher":{"@id":"https:\/\/www.hoecker.eu\/blog\/#organization"},"articleSection":["News"],"inLanguage":"de"},{"@type":"WebPage","@id":"https:\/\/www.hoecker.eu\/blog\/reputationsschutz-ausgeschiedene-mitarbeiter-muessen-social-media-profile-anpassen\/","url":"https:\/\/www.hoecker.eu\/blog\/reputationsschutz-ausgeschiedene-mitarbeiter-muessen-social-media-profile-anpassen\/","name":"Reputationsschutz: Ausgeschiedene Mitarbeiter m\u00fcssen social media-Profile anpassen - H\u00d6CKER - der Blog","isPartOf":{"@id":"https:\/\/www.hoecker.eu\/blog\/#website"},"datePublished":"2024-07-04T13:15:00+00:00","dateModified":"2025-02-17T13:53:24+00:00","breadcrumb":{"@id":"https:\/\/www.hoecker.eu\/blog\/reputationsschutz-ausgeschiedene-mitarbeiter-muessen-social-media-profile-anpassen\/#breadcrumb"},"inLanguage":"de","potentialAction":[{"@type":"ReadAction","target":["https:\/\/www.hoecker.eu\/blog\/reputationsschutz-ausgeschiedene-mitarbeiter-muessen-social-media-profile-anpassen\/"]}]},{"@type":"BreadcrumbList","@id":"https:\/\/www.hoecker.eu\/blog\/reputationsschutz-ausgeschiedene-mitarbeiter-muessen-social-media-profile-anpassen\/#breadcrumb","itemListElement":[{"@type":"ListItem","position":1,"name":"Startseite","item":"https:\/\/dev.hoecker.eu\/blog\/"},{"@type":"ListItem","position":2,"name":"Reputationsschutz: Ausgeschiedene Mitarbeiter m\u00fcssen social media-Profile anpassen"}]},{"@type":"WebSite","@id":"https:\/\/www.hoecker.eu\/blog\/#website","url":"https:\/\/www.hoecker.eu\/blog\/","name":"H\u00d6CKER - der Blog","description":"Expertenblog f\u00fcr \u00c4u\u00dferungs-, Medien-, Marken-, Urheber- und Wettbewerbsrecht.","publisher":{"@id":"https:\/\/www.hoecker.eu\/blog\/#organization"},"potentialAction":[{"@type":"SearchAction","target":{"@type":"EntryPoint","urlTemplate":"https:\/\/www.hoecker.eu\/blog\/?s={search_term_string}"},"query-input":{"@type":"PropertyValueSpecification","valueRequired":true,"valueName":"search_term_string"}}],"inLanguage":"de"},{"@type":"Organization","@id":"https:\/\/www.hoecker.eu\/blog\/#organization","name":"H\u00d6CKER Rechtsanw\u00e4lte PartGmbB","alternateName":"H\u00d6CKER","url":"https:\/\/www.hoecker.eu\/blog\/","logo":{"@type":"ImageObject","inLanguage":"de","@id":"https:\/\/www.hoecker.eu\/blog\/#\/schema\/logo\/image\/","url":"https:\/\/www.hoecker.eu\/blog\/wp-content\/uploads\/2025\/03\/Blog-Logo.webp","contentUrl":"https:\/\/www.hoecker.eu\/blog\/wp-content\/uploads\/2025\/03\/Blog-Logo.webp","width":500,"height":500,"caption":"H\u00d6CKER Rechtsanw\u00e4lte PartGmbB"},"image":{"@id":"https:\/\/www.hoecker.eu\/blog\/#\/schema\/logo\/image\/"},"sameAs":["https:\/\/www.facebook.com\/HoeckerRAe\/","https:\/\/x.com\/hoecker_rae","https:\/\/www.linkedin.com\/company\/hcker-rechtsanwlte\/","https:\/\/www.instagram.com\/hoecker_rae\/"],"email":"contact@hoecker.eu","telephone":"+ 49 (0)221-933 19-10","legalName":"H\u00d6CKER Rechtsanw\u00e4lte PartGmbB","numberOfEmployees":{"@type":"QuantitativeValue","minValue":"11","maxValue":"50"}},{"@type":"Person","@id":"https:\/\/www.hoecker.eu\/blog\/#\/schema\/person\/08f95581eed0534eccd0b2438f7a1cab","name":"Prof. Dr. Ralf H\u00f6cker","description":"Medienanwalt. Besch\u00fctzer vor mieser Presse","sameAs":["https:\/\/www.hoecker.eu\/wer\/prof-dr-ralf-hoecker","https:\/\/www.facebook.com\/ralf.hoecker","https:\/\/www.linkedin.com\/in\/prof-dr-ralf-hcker-ll-m-london-17987826\/","https:\/\/x.com\/Ralf_Hoecker"],"url":"https:\/\/www.hoecker.eu\/blog\/author\/hoecker_adm\/"}]}},"authors":[{"term_id":84,"user_id":1,"is_guest":0,"slug":"hoecker_adm","display_name":"Prof. Dr. Ralf H\u00f6cker","avatar_url":{"url":"https:\/\/www.hoecker.eu\/blog\/wp-content\/uploads\/2023\/12\/ProfDrRalfHoecker.jpg","url2x":"https:\/\/www.hoecker.eu\/blog\/wp-content\/uploads\/2023\/12\/ProfDrRalfHoecker.jpg"},"0":null,"1":"","2":"","3":"","4":"","5":"","6":"","7":"","8":"","9":"","10":"","11":""}],"_links":{"self":[{"href":"https:\/\/www.hoecker.eu\/blog\/wp-json\/wp\/v2\/posts\/8136","targetHints":{"allow":["GET"]}}],"collection":[{"href":"https:\/\/www.hoecker.eu\/blog\/wp-json\/wp\/v2\/posts"}],"about":[{"href":"https:\/\/www.hoecker.eu\/blog\/wp-json\/wp\/v2\/types\/post"}],"author":[{"embeddable":true,"href":"https:\/\/www.hoecker.eu\/blog\/wp-json\/wp\/v2\/users\/1"}],"replies":[{"embeddable":true,"href":"https:\/\/www.hoecker.eu\/blog\/wp-json\/wp\/v2\/comments?post=8136"}],"version-history":[{"count":1,"href":"https:\/\/www.hoecker.eu\/blog\/wp-json\/wp\/v2\/posts\/8136\/revisions"}],"predecessor-version":[{"id":9258,"href":"https:\/\/www.hoecker.eu\/blog\/wp-json\/wp\/v2\/posts\/8136\/revisions\/9258"}],"wp:attachment":[{"href":"https:\/\/www.hoecker.eu\/blog\/wp-json\/wp\/v2\/media?parent=8136"}],"wp:term":[{"taxonomy":"category","embeddable":true,"href":"https:\/\/www.hoecker.eu\/blog\/wp-json\/wp\/v2\/categories?post=8136"},{"taxonomy":"post_tag","embeddable":true,"href":"https:\/\/www.hoecker.eu\/blog\/wp-json\/wp\/v2\/tags?post=8136"},{"taxonomy":"hashtags","embeddable":true,"href":"https:\/\/www.hoecker.eu\/blog\/wp-json\/wp\/v2\/hashtags?post=8136"},{"taxonomy":"author","embeddable":true,"href":"https:\/\/www.hoecker.eu\/blog\/wp-json\/wp\/v2\/ppma_author?post=8136"}],"curies":[{"name":"wp","href":"https:\/\/api.w.org\/{rel}","templated":true}]}}