{"id":8133,"date":"2024-07-10T13:51:00","date_gmt":"2024-07-10T11:51:00","guid":{"rendered":"https:\/\/www.hoecker.eu\/blog\/lg-duesseldorf-sog-tauhid-gruss-darf-als-is-gruss-bezeichnet-werden\/"},"modified":"2025-02-17T14:53:22","modified_gmt":"2025-02-17T13:53:22","slug":"lg-duesseldorf-sog-tauhid-gruss-darf-als-is-gruss-bezeichnet-werden","status":"publish","type":"post","link":"https:\/\/www.hoecker.eu\/blog\/lg-duesseldorf-sog-tauhid-gruss-darf-als-is-gruss-bezeichnet-werden\/","title":{"rendered":"LG D\u00fcsseldorf: Sog. \u201eTauhid-Gru\u00df\u201c darf als \u201eIS-Gru\u00df\u201c bezeichnet werden"},"content":{"rendered":"<p>Das Landgericht (LG) D\u00fcsseldorf hat eine gegen einen H\u00d6CKER-Mandanten gerichtete Klage mit Urteil vom 10.07.2024 (Az.: 12 O 251\/23, nicht rechtskr\u00e4ftig) vollumf\u00e4nglich abgewiesen.<\/p>\n<p>Die Kl\u00e4ger erlangten im Juli 2022 mediale Bekanntheit, als sie auf dem Rollfeld des D\u00fcsseldorfer Flughafens dabei gefilmt wurden, wie sie den sog. \u201eTauhid-Gru\u00df\u201c zeigten. Dabei streckten sie die Hand in die Luft, wobei sie den rechten bzw. linken Zeigefinger erhoben hatten. Das von einem Passagier gefilmte Video gelangte \u00fcber TikTok bundesweit in die Medien. Es kam zu mehreren (teilweise im Anschluss gerichtlich untersagten) Presseberichten \u00fcber diesen Vorgang, die das Zeigen dieses Gru\u00dfes auf dem Rollfeld eines Flughafens mit sicherheitsrelevanten Fragestellungen verkn\u00fcpften.<\/p>\n<p>Auch der Beklagte, zu diesem Zeitpunkt Abgeordneter einer Partei in einem Landtag, berichtete \u2013 gest\u00fctzt auf Medienberichte, eine Agenturmeldung und beh\u00f6rdliche Ma\u00dfnahmen zur Gefahrenabwehr \u2013 \u00fcber diesen Vorfall auf einer von ihm mit Bezug zu seinem Mandat privat betriebenen, lokalen Website. Nachdem ihn die Kl\u00e4ger abgemahnt hatten, l\u00f6schte er den Beitrag, gab jedoch keine Unterlassungserkl\u00e4rung ab. In der Folgezeit trat er aus seiner Partei aus und nicht mehr erneut zur Wahl an; zudem l\u00f6schte er nach Ausscheiden aus dem Landtag und der Partei die konkrete Website vollst\u00e4ndig. Die Kl\u00e4ger verklagten ihn (sowie zahlreiche Medien) sodann, konkret u.a. auf Unterlassung (von Wort- und Bildberichterstattung), Berichtigung und Geldentsch\u00e4digung.<\/p>\n<p>Mit Urteil vom 10.07.2024 hat das LG D\u00fcsseldorf die Klage vollumf\u00e4nglich abgewiesen. Dabei hat das Gericht hinsichtlich der geltend gemachten Unterlassungsantr\u00e4ge insbesondere betont, dass es hier \u2013 in dieser Sondersituation \u2013 an der sog. Wiederholungsgefahr mangele. Zwar werde diese grds. vermutet und k\u00f6nne im Regelfall nur durch Abgabe einer strafbewehrten Unterlassungserkl\u00e4rung beseitigt werden. Hier liege aber eine einmalige Sondersituation vor, da der streitigen \u00c4u\u00dferung eine spezielle, im Zeitpunkt der Entscheidung des Gerichts nicht wiederholbare Situation zugrunde liege. Dabei stellte das Gericht v.a. darauf ab, dass der Beklagte heute weder Mitglied der Partei noch Mitglied des Landtags sei und seine diesbez\u00fcgliche Website auch gel\u00f6scht habe. Damit sei hier die Wiederholungsgefahr auch ohne Abgabe einer Unterlassungserkl\u00e4rung entfallen. Auch ein Anspruch auf Berichtigung scheide aus, da sich dieser v.a. auf Meinungs\u00e4u\u00dferungen bezogen habe. Hierzu f\u00fchrte das Gericht insbesondere zu der gezeigten Geste aus:<\/p>\n<p><em>\u201e(\u2026) Die Aussage \u201e\u2026 zeigten \u2026 den IS-Gru\u00df!\u201c enth\u00e4lt eine Meinungs\u00e4u\u00dferung und keine Tatsachenbehauptung. Die Formulierung beinhaltet eine Wertung, die an das tats\u00e4chliche Verhalten der Kl\u00e4ger ankn\u00fcpft. Die Kl\u00e4ger haben mit der Geste des erhobenen Zeigefingers eine Handlung vorgenommen, die nicht nur allgemein, sondern auch im muslimischen Kontext mehrdeutig ist (LG Karlsruhe GRUR-RS 2023, 28571 Rn. 26). Die Geste mag auch in friedlicher Absicht von Prominenten und Sportlern vorgenommen werden. Es handelt sich aber unstreitig auch um eine Geste, die zumindest in j\u00fcngerer Zeit von Anh\u00e4ngern der Terrororganisation \u201eIslamischer Staat\u201c (kurz: \u201eIS\u201c) und deren Sympathisanten, Anh\u00e4ngern von islamistisch-extremistischem Gedankengut sowie Attent\u00e4tern benutzt wird. Unerheblich ist in diesem Zusammenhang, dass der Kl\u00e4ger zu X. den f\u00fcr einen \u201eIS-Gru\u00df\u201c \u201efalschen\u201c Arm, n\u00e4mlich den linken statt den rechten erhoben hatte, da der breiten \u00d6ffentlichkeit diese Differenzierung unbekannt sein d\u00fcrfte (vgl. LG Karlsruhe a. a. O. Rn. 27). (\u2026)\u201c<\/em><\/p>\n<p>Sofern sich der Anspruch auf Berichtigung auf Tatsachenbehauptungen bezog, k\u00f6nne sich der Beklagte zudem auf das sog. Laienprivileg berufen. Der Beklagte habe hier den Sorgfaltspflichten gen\u00fcgt, da die von ihm verbreiteten Tatsachen Gegenstand der vorangegangenen medialen Berichterstattungen anerkannter Zeitungen und zum Zeitpunkt seines Beitrags auch nicht erkennbar \u00fcberholt oder widerrufen waren. Zudem h\u00e4tten die Kl\u00e4ger der Abmahnung keinen Hinweis auf ein zu diesem Zeitpunkt bereits existierendes Verbot des LG Berlin bzw. eine zu diesem Zeitpunkt bereits erwirkte, anderweitige Unterlassungserkl\u00e4rung beigef\u00fcgt. Nach Erhalt der Abmahnung hatte der Beklagte den Beitrag sodann auch unmittelbar gel\u00f6scht. Zuletzt verneinte das LG D\u00fcsseldorf auch einen Anspruch auf Geldentsch\u00e4digung, da nicht festgestellt werden k\u00f6nne, dass der streitige Beitrag des Beklagten zu einer schwerwiegenden Pers\u00f6nlichkeitsrechtsverletzung der Kl\u00e4ger gef\u00fchrt habe. Auch hier greife zudem das Laienprivileg.<\/p>\n<p>Rechtsanwalt Dr. Christian Conrad: <em>\u201eEs ist begr\u00fc\u00dfenswert, dass das Gericht festgestellt hat, dass sich auch Abgeordnete auf das sog. \u201eLaienprivileg\u201c berufen k\u00f6nnen. Hintergrund ist der Gedanke, dass auch diese Personengruppe auf den Inhalt anerkannter Medien vertrauen darf, was der Presse ihre eigenen Sorgfaltspflichten noch einmal vor Auge f\u00fchren sollte. Es mag zudem vielf\u00e4ltige Gr\u00fcnde geben, den sog. Tauhid-Gru\u00df zu zeigen. Die Vielzahl der Gr\u00fc\u00dfenden verwendet ihn v\u00f6llig unverf\u00e4nglich. Fakt ist aber auch, dass auch Terroristen, islamistische Extremisten und Attent\u00e4ter diesen Gru\u00df zeigen. Daher ist es rechtlich zul\u00e4ssig (und von der Meinungs\u00e4u\u00dferungsfreiheit gedeckt), diese Geste als \u201eIS-Gru\u00df\u201c zu bezeichnen. Eine Grenze wird erst dann \u00fcberschritten, wenn man \u2013 ohne weitere Belege bzw. Anhaltspunkte \u2013 den Gr\u00fc\u00dfenden nur deshalb als Terrorist o.\u00e4. bezeichnet.\u201c<\/em><\/p>\n","protected":false},"excerpt":{"rendered":"<p>Das Landgericht (LG) D\u00fcsseldorf hat eine gegen einen H\u00d6CKER-Mandanten gerichtete Klage mit Urteil vom 10.07.2024 (Az.: 12 O 251\/23, nicht rechtskr\u00e4ftig) vollumf\u00e4nglich abgewiesen. Die Kl\u00e4ger erlangten im Juli 2022 mediale Bekanntheit, als sie auf dem Rollfeld des D\u00fcsseldorfer Flughafens dabei gefilmt wurden, wie sie den sog. \u201eTauhid-Gru\u00df\u201c zeigten. Dabei streckten sie die Hand in die [&hellip;]<\/p>\n","protected":false},"author":1,"featured_media":0,"comment_status":"closed","ping_status":"closed","sticky":false,"template":"","format":"standard","meta":{"_has_post_settings":[],"footnotes":""},"categories":[15],"tags":[],"hashtags":[],"ppma_author":[84],"class_list":["post-8133","post","type-post","status-publish","format-standard","hentry","category-news","author-hoecker_adm"],"yoast_head":"<!-- This site is optimized with the Yoast SEO Premium plugin v25.9 (Yoast SEO v27.0) - https:\/\/yoast.com\/product\/yoast-seo-premium-wordpress\/ -->\n<title>LG D\u00fcsseldorf: Sog. \u201eTauhid-Gru\u00df\u201c darf als \u201eIS-Gru\u00df\u201c bezeichnet werden - H\u00d6CKER - der Blog<\/title>\n<meta name=\"robots\" content=\"index, follow, max-snippet:-1, max-image-preview:large, max-video-preview:-1\" \/>\n<link rel=\"canonical\" href=\"https:\/\/www.hoecker.eu\/blog\/lg-duesseldorf-sog-tauhid-gruss-darf-als-is-gruss-bezeichnet-werden\/\" \/>\n<meta property=\"og:locale\" content=\"de_DE\" \/>\n<meta property=\"og:type\" content=\"article\" \/>\n<meta property=\"og:title\" content=\"LG D\u00fcsseldorf: Sog. \u201eTauhid-Gru\u00df\u201c darf als \u201eIS-Gru\u00df\u201c bezeichnet werden\" \/>\n<meta property=\"og:description\" content=\"Das Landgericht (LG) D\u00fcsseldorf hat eine gegen einen H\u00d6CKER-Mandanten gerichtete Klage mit Urteil vom 10.07.2024 (Az.: 12 O 251\/23, nicht rechtskr\u00e4ftig) vollumf\u00e4nglich abgewiesen. Die Kl\u00e4ger erlangten im Juli 2022 mediale Bekanntheit, als sie auf dem Rollfeld des D\u00fcsseldorfer Flughafens dabei gefilmt wurden, wie sie den sog. \u201eTauhid-Gru\u00df\u201c zeigten. Dabei streckten sie die Hand in die [&hellip;]\" \/>\n<meta property=\"og:url\" content=\"https:\/\/www.hoecker.eu\/blog\/lg-duesseldorf-sog-tauhid-gruss-darf-als-is-gruss-bezeichnet-werden\/\" \/>\n<meta property=\"og:site_name\" content=\"H\u00d6CKER - der Blog\" \/>\n<meta property=\"article:publisher\" content=\"https:\/\/www.facebook.com\/HoeckerRAe\/\" \/>\n<meta property=\"article:author\" content=\"https:\/\/www.facebook.com\/ralf.hoecker\" \/>\n<meta property=\"article:published_time\" content=\"2024-07-10T11:51:00+00:00\" \/>\n<meta property=\"article:modified_time\" content=\"2025-02-17T13:53:22+00:00\" \/>\n<meta name=\"author\" content=\"Prof. Dr. Ralf H\u00f6cker\" \/>\n<meta name=\"twitter:card\" content=\"summary_large_image\" \/>\n<meta name=\"twitter:creator\" content=\"@Ralf_Hoecker\" \/>\n<meta name=\"twitter:site\" content=\"@hoecker_rae\" \/>\n<meta name=\"twitter:label1\" content=\"Verfasst von\" \/>\n\t<meta name=\"twitter:data1\" content=\"Prof. Dr. Ralf H\u00f6cker\" \/>\n\t<meta name=\"twitter:label2\" content=\"Gesch\u00e4tzte Lesezeit\" \/>\n\t<meta name=\"twitter:data2\" content=\"4\u00a0Minuten\" \/>\n<script type=\"application\/ld+json\" class=\"yoast-schema-graph\">{\"@context\":\"https:\/\/schema.org\",\"@graph\":[{\"@type\":\"Article\",\"@id\":\"https:\/\/www.hoecker.eu\/blog\/lg-duesseldorf-sog-tauhid-gruss-darf-als-is-gruss-bezeichnet-werden\/#article\",\"isPartOf\":{\"@id\":\"https:\/\/www.hoecker.eu\/blog\/lg-duesseldorf-sog-tauhid-gruss-darf-als-is-gruss-bezeichnet-werden\/\"},\"author\":{\"name\":\"Prof. Dr. Ralf H\u00f6cker\",\"@id\":\"https:\/\/www.hoecker.eu\/blog\/#\/schema\/person\/08f95581eed0534eccd0b2438f7a1cab\"},\"headline\":\"LG D\u00fcsseldorf: Sog. \u201eTauhid-Gru\u00df\u201c darf als \u201eIS-Gru\u00df\u201c bezeichnet werden\",\"datePublished\":\"2024-07-10T11:51:00+00:00\",\"dateModified\":\"2025-02-17T13:53:22+00:00\",\"mainEntityOfPage\":{\"@id\":\"https:\/\/www.hoecker.eu\/blog\/lg-duesseldorf-sog-tauhid-gruss-darf-als-is-gruss-bezeichnet-werden\/\"},\"wordCount\":810,\"publisher\":{\"@id\":\"https:\/\/www.hoecker.eu\/blog\/#organization\"},\"articleSection\":[\"News\"],\"inLanguage\":\"de\"},{\"@type\":\"WebPage\",\"@id\":\"https:\/\/www.hoecker.eu\/blog\/lg-duesseldorf-sog-tauhid-gruss-darf-als-is-gruss-bezeichnet-werden\/\",\"url\":\"https:\/\/www.hoecker.eu\/blog\/lg-duesseldorf-sog-tauhid-gruss-darf-als-is-gruss-bezeichnet-werden\/\",\"name\":\"LG D\u00fcsseldorf: Sog. \u201eTauhid-Gru\u00df\u201c darf als \u201eIS-Gru\u00df\u201c bezeichnet werden - H\u00d6CKER - der Blog\",\"isPartOf\":{\"@id\":\"https:\/\/www.hoecker.eu\/blog\/#website\"},\"datePublished\":\"2024-07-10T11:51:00+00:00\",\"dateModified\":\"2025-02-17T13:53:22+00:00\",\"breadcrumb\":{\"@id\":\"https:\/\/www.hoecker.eu\/blog\/lg-duesseldorf-sog-tauhid-gruss-darf-als-is-gruss-bezeichnet-werden\/#breadcrumb\"},\"inLanguage\":\"de\",\"potentialAction\":[{\"@type\":\"ReadAction\",\"target\":[\"https:\/\/www.hoecker.eu\/blog\/lg-duesseldorf-sog-tauhid-gruss-darf-als-is-gruss-bezeichnet-werden\/\"]}]},{\"@type\":\"BreadcrumbList\",\"@id\":\"https:\/\/www.hoecker.eu\/blog\/lg-duesseldorf-sog-tauhid-gruss-darf-als-is-gruss-bezeichnet-werden\/#breadcrumb\",\"itemListElement\":[{\"@type\":\"ListItem\",\"position\":1,\"name\":\"Startseite\",\"item\":\"https:\/\/dev.hoecker.eu\/blog\/\"},{\"@type\":\"ListItem\",\"position\":2,\"name\":\"LG D\u00fcsseldorf: Sog. \u201eTauhid-Gru\u00df\u201c darf als \u201eIS-Gru\u00df\u201c bezeichnet werden\"}]},{\"@type\":\"WebSite\",\"@id\":\"https:\/\/www.hoecker.eu\/blog\/#website\",\"url\":\"https:\/\/www.hoecker.eu\/blog\/\",\"name\":\"H\u00d6CKER - der Blog\",\"description\":\"Expertenblog f\u00fcr \u00c4u\u00dferungs-, Medien-, Marken-, Urheber- und Wettbewerbsrecht.\",\"publisher\":{\"@id\":\"https:\/\/www.hoecker.eu\/blog\/#organization\"},\"potentialAction\":[{\"@type\":\"SearchAction\",\"target\":{\"@type\":\"EntryPoint\",\"urlTemplate\":\"https:\/\/www.hoecker.eu\/blog\/?s={search_term_string}\"},\"query-input\":{\"@type\":\"PropertyValueSpecification\",\"valueRequired\":true,\"valueName\":\"search_term_string\"}}],\"inLanguage\":\"de\"},{\"@type\":\"Organization\",\"@id\":\"https:\/\/www.hoecker.eu\/blog\/#organization\",\"name\":\"H\u00d6CKER Rechtsanw\u00e4lte PartGmbB\",\"alternateName\":\"H\u00d6CKER\",\"url\":\"https:\/\/www.hoecker.eu\/blog\/\",\"logo\":{\"@type\":\"ImageObject\",\"inLanguage\":\"de\",\"@id\":\"https:\/\/www.hoecker.eu\/blog\/#\/schema\/logo\/image\/\",\"url\":\"https:\/\/www.hoecker.eu\/blog\/wp-content\/uploads\/2025\/03\/Blog-Logo.webp\",\"contentUrl\":\"https:\/\/www.hoecker.eu\/blog\/wp-content\/uploads\/2025\/03\/Blog-Logo.webp\",\"width\":500,\"height\":500,\"caption\":\"H\u00d6CKER Rechtsanw\u00e4lte PartGmbB\"},\"image\":{\"@id\":\"https:\/\/www.hoecker.eu\/blog\/#\/schema\/logo\/image\/\"},\"sameAs\":[\"https:\/\/www.facebook.com\/HoeckerRAe\/\",\"https:\/\/x.com\/hoecker_rae\",\"https:\/\/www.linkedin.com\/company\/hcker-rechtsanwlte\/\",\"https:\/\/www.instagram.com\/hoecker_rae\/\"],\"email\":\"contact@hoecker.eu\",\"telephone\":\"+ 49 (0)221-933 19-10\",\"legalName\":\"H\u00d6CKER Rechtsanw\u00e4lte PartGmbB\",\"numberOfEmployees\":{\"@type\":\"QuantitativeValue\",\"minValue\":\"11\",\"maxValue\":\"50\"}},{\"@type\":\"Person\",\"@id\":\"https:\/\/www.hoecker.eu\/blog\/#\/schema\/person\/08f95581eed0534eccd0b2438f7a1cab\",\"name\":\"Prof. Dr. Ralf H\u00f6cker\",\"description\":\"Medienanwalt. Besch\u00fctzer vor mieser Presse\",\"sameAs\":[\"https:\/\/www.hoecker.eu\/wer\/prof-dr-ralf-hoecker\",\"https:\/\/www.facebook.com\/ralf.hoecker\",\"https:\/\/www.linkedin.com\/in\/prof-dr-ralf-hcker-ll-m-london-17987826\/\",\"https:\/\/x.com\/Ralf_Hoecker\"],\"url\":\"https:\/\/www.hoecker.eu\/blog\/author\/hoecker_adm\/\"}]}<\/script>\n<!-- \/ Yoast SEO Premium plugin. -->","yoast_head_json":{"title":"LG D\u00fcsseldorf: Sog. \u201eTauhid-Gru\u00df\u201c darf als \u201eIS-Gru\u00df\u201c bezeichnet werden - H\u00d6CKER - der Blog","robots":{"index":"index","follow":"follow","max-snippet":"max-snippet:-1","max-image-preview":"max-image-preview:large","max-video-preview":"max-video-preview:-1"},"canonical":"https:\/\/www.hoecker.eu\/blog\/lg-duesseldorf-sog-tauhid-gruss-darf-als-is-gruss-bezeichnet-werden\/","og_locale":"de_DE","og_type":"article","og_title":"LG D\u00fcsseldorf: Sog. \u201eTauhid-Gru\u00df\u201c darf als \u201eIS-Gru\u00df\u201c bezeichnet werden","og_description":"Das Landgericht (LG) D\u00fcsseldorf hat eine gegen einen H\u00d6CKER-Mandanten gerichtete Klage mit Urteil vom 10.07.2024 (Az.: 12 O 251\/23, nicht rechtskr\u00e4ftig) vollumf\u00e4nglich abgewiesen. Die Kl\u00e4ger erlangten im Juli 2022 mediale Bekanntheit, als sie auf dem Rollfeld des D\u00fcsseldorfer Flughafens dabei gefilmt wurden, wie sie den sog. \u201eTauhid-Gru\u00df\u201c zeigten. Dabei streckten sie die Hand in die [&hellip;]","og_url":"https:\/\/www.hoecker.eu\/blog\/lg-duesseldorf-sog-tauhid-gruss-darf-als-is-gruss-bezeichnet-werden\/","og_site_name":"H\u00d6CKER - der Blog","article_publisher":"https:\/\/www.facebook.com\/HoeckerRAe\/","article_author":"https:\/\/www.facebook.com\/ralf.hoecker","article_published_time":"2024-07-10T11:51:00+00:00","article_modified_time":"2025-02-17T13:53:22+00:00","author":"Prof. Dr. Ralf H\u00f6cker","twitter_card":"summary_large_image","twitter_creator":"@Ralf_Hoecker","twitter_site":"@hoecker_rae","twitter_misc":{"Verfasst von":"Prof. Dr. Ralf H\u00f6cker","Gesch\u00e4tzte Lesezeit":"4\u00a0Minuten"},"schema":{"@context":"https:\/\/schema.org","@graph":[{"@type":"Article","@id":"https:\/\/www.hoecker.eu\/blog\/lg-duesseldorf-sog-tauhid-gruss-darf-als-is-gruss-bezeichnet-werden\/#article","isPartOf":{"@id":"https:\/\/www.hoecker.eu\/blog\/lg-duesseldorf-sog-tauhid-gruss-darf-als-is-gruss-bezeichnet-werden\/"},"author":{"name":"Prof. Dr. Ralf H\u00f6cker","@id":"https:\/\/www.hoecker.eu\/blog\/#\/schema\/person\/08f95581eed0534eccd0b2438f7a1cab"},"headline":"LG D\u00fcsseldorf: Sog. \u201eTauhid-Gru\u00df\u201c darf als \u201eIS-Gru\u00df\u201c bezeichnet werden","datePublished":"2024-07-10T11:51:00+00:00","dateModified":"2025-02-17T13:53:22+00:00","mainEntityOfPage":{"@id":"https:\/\/www.hoecker.eu\/blog\/lg-duesseldorf-sog-tauhid-gruss-darf-als-is-gruss-bezeichnet-werden\/"},"wordCount":810,"publisher":{"@id":"https:\/\/www.hoecker.eu\/blog\/#organization"},"articleSection":["News"],"inLanguage":"de"},{"@type":"WebPage","@id":"https:\/\/www.hoecker.eu\/blog\/lg-duesseldorf-sog-tauhid-gruss-darf-als-is-gruss-bezeichnet-werden\/","url":"https:\/\/www.hoecker.eu\/blog\/lg-duesseldorf-sog-tauhid-gruss-darf-als-is-gruss-bezeichnet-werden\/","name":"LG D\u00fcsseldorf: Sog. \u201eTauhid-Gru\u00df\u201c darf als \u201eIS-Gru\u00df\u201c bezeichnet werden - H\u00d6CKER - der Blog","isPartOf":{"@id":"https:\/\/www.hoecker.eu\/blog\/#website"},"datePublished":"2024-07-10T11:51:00+00:00","dateModified":"2025-02-17T13:53:22+00:00","breadcrumb":{"@id":"https:\/\/www.hoecker.eu\/blog\/lg-duesseldorf-sog-tauhid-gruss-darf-als-is-gruss-bezeichnet-werden\/#breadcrumb"},"inLanguage":"de","potentialAction":[{"@type":"ReadAction","target":["https:\/\/www.hoecker.eu\/blog\/lg-duesseldorf-sog-tauhid-gruss-darf-als-is-gruss-bezeichnet-werden\/"]}]},{"@type":"BreadcrumbList","@id":"https:\/\/www.hoecker.eu\/blog\/lg-duesseldorf-sog-tauhid-gruss-darf-als-is-gruss-bezeichnet-werden\/#breadcrumb","itemListElement":[{"@type":"ListItem","position":1,"name":"Startseite","item":"https:\/\/dev.hoecker.eu\/blog\/"},{"@type":"ListItem","position":2,"name":"LG D\u00fcsseldorf: Sog. \u201eTauhid-Gru\u00df\u201c darf als \u201eIS-Gru\u00df\u201c bezeichnet werden"}]},{"@type":"WebSite","@id":"https:\/\/www.hoecker.eu\/blog\/#website","url":"https:\/\/www.hoecker.eu\/blog\/","name":"H\u00d6CKER - der Blog","description":"Expertenblog f\u00fcr \u00c4u\u00dferungs-, Medien-, Marken-, Urheber- und Wettbewerbsrecht.","publisher":{"@id":"https:\/\/www.hoecker.eu\/blog\/#organization"},"potentialAction":[{"@type":"SearchAction","target":{"@type":"EntryPoint","urlTemplate":"https:\/\/www.hoecker.eu\/blog\/?s={search_term_string}"},"query-input":{"@type":"PropertyValueSpecification","valueRequired":true,"valueName":"search_term_string"}}],"inLanguage":"de"},{"@type":"Organization","@id":"https:\/\/www.hoecker.eu\/blog\/#organization","name":"H\u00d6CKER Rechtsanw\u00e4lte PartGmbB","alternateName":"H\u00d6CKER","url":"https:\/\/www.hoecker.eu\/blog\/","logo":{"@type":"ImageObject","inLanguage":"de","@id":"https:\/\/www.hoecker.eu\/blog\/#\/schema\/logo\/image\/","url":"https:\/\/www.hoecker.eu\/blog\/wp-content\/uploads\/2025\/03\/Blog-Logo.webp","contentUrl":"https:\/\/www.hoecker.eu\/blog\/wp-content\/uploads\/2025\/03\/Blog-Logo.webp","width":500,"height":500,"caption":"H\u00d6CKER Rechtsanw\u00e4lte PartGmbB"},"image":{"@id":"https:\/\/www.hoecker.eu\/blog\/#\/schema\/logo\/image\/"},"sameAs":["https:\/\/www.facebook.com\/HoeckerRAe\/","https:\/\/x.com\/hoecker_rae","https:\/\/www.linkedin.com\/company\/hcker-rechtsanwlte\/","https:\/\/www.instagram.com\/hoecker_rae\/"],"email":"contact@hoecker.eu","telephone":"+ 49 (0)221-933 19-10","legalName":"H\u00d6CKER Rechtsanw\u00e4lte PartGmbB","numberOfEmployees":{"@type":"QuantitativeValue","minValue":"11","maxValue":"50"}},{"@type":"Person","@id":"https:\/\/www.hoecker.eu\/blog\/#\/schema\/person\/08f95581eed0534eccd0b2438f7a1cab","name":"Prof. Dr. Ralf H\u00f6cker","description":"Medienanwalt. Besch\u00fctzer vor mieser Presse","sameAs":["https:\/\/www.hoecker.eu\/wer\/prof-dr-ralf-hoecker","https:\/\/www.facebook.com\/ralf.hoecker","https:\/\/www.linkedin.com\/in\/prof-dr-ralf-hcker-ll-m-london-17987826\/","https:\/\/x.com\/Ralf_Hoecker"],"url":"https:\/\/www.hoecker.eu\/blog\/author\/hoecker_adm\/"}]}},"authors":[{"term_id":84,"user_id":1,"is_guest":0,"slug":"hoecker_adm","display_name":"Prof. Dr. Ralf H\u00f6cker","avatar_url":{"url":"https:\/\/www.hoecker.eu\/blog\/wp-content\/uploads\/2023\/12\/ProfDrRalfHoecker.jpg","url2x":"https:\/\/www.hoecker.eu\/blog\/wp-content\/uploads\/2023\/12\/ProfDrRalfHoecker.jpg"},"0":null,"1":"","2":"","3":"","4":"","5":"","6":"","7":"","8":"","9":"","10":"","11":""}],"_links":{"self":[{"href":"https:\/\/www.hoecker.eu\/blog\/wp-json\/wp\/v2\/posts\/8133","targetHints":{"allow":["GET"]}}],"collection":[{"href":"https:\/\/www.hoecker.eu\/blog\/wp-json\/wp\/v2\/posts"}],"about":[{"href":"https:\/\/www.hoecker.eu\/blog\/wp-json\/wp\/v2\/types\/post"}],"author":[{"embeddable":true,"href":"https:\/\/www.hoecker.eu\/blog\/wp-json\/wp\/v2\/users\/1"}],"replies":[{"embeddable":true,"href":"https:\/\/www.hoecker.eu\/blog\/wp-json\/wp\/v2\/comments?post=8133"}],"version-history":[{"count":1,"href":"https:\/\/www.hoecker.eu\/blog\/wp-json\/wp\/v2\/posts\/8133\/revisions"}],"predecessor-version":[{"id":9255,"href":"https:\/\/www.hoecker.eu\/blog\/wp-json\/wp\/v2\/posts\/8133\/revisions\/9255"}],"wp:attachment":[{"href":"https:\/\/www.hoecker.eu\/blog\/wp-json\/wp\/v2\/media?parent=8133"}],"wp:term":[{"taxonomy":"category","embeddable":true,"href":"https:\/\/www.hoecker.eu\/blog\/wp-json\/wp\/v2\/categories?post=8133"},{"taxonomy":"post_tag","embeddable":true,"href":"https:\/\/www.hoecker.eu\/blog\/wp-json\/wp\/v2\/tags?post=8133"},{"taxonomy":"hashtags","embeddable":true,"href":"https:\/\/www.hoecker.eu\/blog\/wp-json\/wp\/v2\/hashtags?post=8133"},{"taxonomy":"author","embeddable":true,"href":"https:\/\/www.hoecker.eu\/blog\/wp-json\/wp\/v2\/ppma_author?post=8133"}],"curies":[{"name":"wp","href":"https:\/\/api.w.org\/{rel}","templated":true}]}}