{"id":8131,"date":"2024-07-25T15:39:00","date_gmt":"2024-07-25T13:39:00","guid":{"rendered":"https:\/\/www.hoecker.eu\/blog\/falschbehauptung-der-tagesschau-zu-correctiv-bericht-verboten-keine-plaene-zur-ausweisung-deutscher-staatsbuerger-in-potsdam-diskutiert\/"},"modified":"2025-02-17T14:53:21","modified_gmt":"2025-02-17T13:53:21","slug":"falschbehauptung-der-tagesschau-zu-correctiv-bericht-verboten-keine-plaene-zur-ausweisung-deutscher-staatsbuerger-in-potsdam-diskutiert","status":"publish","type":"post","link":"https:\/\/www.hoecker.eu\/blog\/falschbehauptung-der-tagesschau-zu-correctiv-bericht-verboten-keine-plaene-zur-ausweisung-deutscher-staatsbuerger-in-potsdam-diskutiert\/","title":{"rendered":"Falschbehauptung der Tagesschau zu Correctiv-Bericht verboten: Keine Pl\u00e4ne zur Ausweisung deutscher Staatsb\u00fcrger in Potsdam diskutiert"},"content":{"rendered":"<p>Der Staatsrechtler und Rechtsanwalt Dr. Ulrich Vosgerau ist mit H\u00d6CKER vor dem OLG Hamburg erfolgreich gegen Falschbehauptungen des NDR in einem Bericht der Tagesschau vorgegangen.<\/p>\n<p><strong>Fake News in der Tagesschau: In Potsdam wurden Pl\u00e4ne zur Ausweisung deutscher Staatsb\u00fcrger diskutiert<\/strong><\/p>\n<p>Die Tagesschau hatte in einem Online-Artikel u.a. berichtet, in Potsdam seien Pl\u00e4ne zur Ausweisung deutscher Staatsb\u00fcrger diskutiert worden. Diese Pl\u00e4ne bewertete ein Rechtsanwalt Karpenstein im Tagesschau-Bericht als \u201eganz klar verfassungswidrig\u201c und \u201edas setze einen Staatstreich voraus.\u201c<\/p>\n<p>Das stimmt nicht: \u201eAusweisung\u201c bedeutet nach g\u00e4ngigem Verst\u00e4ndnis eine zwangsweise Ausweisung unter Entzug der Aufenthaltserlaubnis. Sieben Teilnehmer des Treffens, darunter auch Herr Vosgerau, haben eidesstattlich versichert, dass auf dem Potsdam-Treffen keine zwangsweise Ausweisung deutscher Staatsb\u00fcrger geplant wurde.<\/p>\n<p><strong>Tagesschau wollte Falschbehauptung trotz besseren Wissens weiter verbreiten<\/strong><\/p>\n<p>Besonders bemerkenswert ist der Umstand, dass die Tagesschau eine Korrektur alleine deswegen ablehnte, weil Herr Vosgerau von der \u00c4u\u00dferungen nicht betroffen sei. Davon einmal abgesehen, dass gerade der NDR ma\u00dfgeblich dazu beigetragen hat, Herrn Vosgerau im Zusammenhang mit dem privaten Potsdamer Treffen als Teilnehmer bekanntzumachen: man sollte eigentlich erwarten, dass eine \u00f6ffentlich-rechtliche Rundfunkanstalt sich der Wahrheit schlechthin verpflichtet f\u00fchlt und nicht nur dann, wenn wahrheitsgem\u00e4\u00dfe Berichterstattung ihres Erachtens auch gerichtlich erzwungen werden kann.<\/p>\n<p><strong>OLG Hamburg erl\u00e4sst einstweilige Verf\u00fcgung<\/strong><\/p>\n<p>Das LG Hamburg hatte einen Antrag auf Erlass einer einstweiligen Verf\u00fcgung in der Tat zun\u00e4chst zur\u00fcckgewiesen, weil Herr Vosgerau nicht namentlich genannt werde und daher nicht in seinen Pers\u00f6nlichkeitsrechten betroffen sei. Auf die sofortige Beschwerde hat das OLG Hamburg nun eine einstweilige Verf\u00fcgung erlassen (Beschl. v. 23.7.2024. Az. 7 W 78\/24, nicht rechtskr\u00e4ftig). Die Erkennbarkeit ergebe sich daraus, dass in dem angegriffenen Artikel auf den Correctiv-Bericht verwiesen wurde und Herr Vosgerau darin mehrfach erw\u00e4hnt werde. Zu den beanstandeten \u00c4u\u00dferungen f\u00fchrte das Gericht u.a. aus:<\/p>\n<p><em>\u201eProzessual ist von der Unwahrheit der Behauptung der Antragsgegnerin, es sei bei dem Treffen in Potsdam die Ausweisung deutscher Staatsangeh\u00f6riger diskutiert worden, auszugehen.\u201c<\/em><\/p>\n<p>Dr. Carsten Brennecke: \u201eDas Verfahren wirft ein Schlaglicht auf die journalistischen Standards des NDR, speziell in der Redaktion der Tagesschau. Es ist schon ein bemerkenswerter Vorgang, wenn die Tagesschau die L\u00f6schung von Falschbehauptungen mit der Begr\u00fcndung ablehnt, dass der Beschwerdef\u00fchrer dabei nicht namentlich benannt werde. Die Tagesschau hielt trotz der Hinweise auf Falschbehauptungen hartn\u00e4ckig an deren Verbreitung fest. Das ersch\u00fcttert das Vertrauen in eine seri\u00f6se Berichterstattung der Tagesschau. Leser und Zuschauer der Tagesschau erwarten, dass dieses Flaggschiff der deutschen Nachrichten Hinweise auf Falschbehauptungen ernst nimmt und beanstandete Falschbehauptungen sofort l\u00f6scht \u2013 und zwar unabh\u00e4ngig davon, ob der Beschwerdef\u00fchrer dadurch in eigenen Rechten verletzt ist oder nicht. Das Verfahren zeigt zudem, welche dramatischen Folgen die manipulative Correctiv-Berichterstattung hat: Medien haben sich dadurch in die Irre f\u00fchren lassen und die fragw\u00fcrdigen Wertungen Correctivs in dramatisierten Falschbehauptungen zugespitzt, ohne die Correctiv-Berichterstattung kritisch zu hinterfragen.&#8221;<strong><br \/><\/strong><\/p>\n","protected":false},"excerpt":{"rendered":"<p>Der Staatsrechtler und Rechtsanwalt Dr. Ulrich Vosgerau ist mit H\u00d6CKER vor dem OLG Hamburg erfolgreich gegen Falschbehauptungen des NDR in einem Bericht der Tagesschau vorgegangen. Fake News in der Tagesschau: In Potsdam wurden Pl\u00e4ne zur Ausweisung deutscher Staatsb\u00fcrger diskutiert Die Tagesschau hatte in einem Online-Artikel u.a. berichtet, in Potsdam seien Pl\u00e4ne zur Ausweisung deutscher Staatsb\u00fcrger [&hellip;]<\/p>\n","protected":false},"author":1,"featured_media":0,"comment_status":"closed","ping_status":"closed","sticky":false,"template":"","format":"standard","meta":{"_has_post_settings":[],"footnotes":""},"categories":[15],"tags":[],"hashtags":[],"ppma_author":[84],"class_list":["post-8131","post","type-post","status-publish","format-standard","hentry","category-news","author-hoecker_adm"],"yoast_head":"<!-- This site is optimized with the Yoast SEO Premium plugin v25.9 (Yoast SEO v27.0) - https:\/\/yoast.com\/product\/yoast-seo-premium-wordpress\/ -->\n<title>Falschbehauptung der Tagesschau zu Correctiv-Bericht verboten: Keine Pl\u00e4ne zur Ausweisung deutscher Staatsb\u00fcrger in Potsdam diskutiert - H\u00d6CKER - der Blog<\/title>\n<meta name=\"robots\" content=\"index, follow, max-snippet:-1, max-image-preview:large, max-video-preview:-1\" \/>\n<link rel=\"canonical\" href=\"https:\/\/www.hoecker.eu\/blog\/falschbehauptung-der-tagesschau-zu-correctiv-bericht-verboten-keine-plaene-zur-ausweisung-deutscher-staatsbuerger-in-potsdam-diskutiert\/\" \/>\n<meta property=\"og:locale\" content=\"de_DE\" \/>\n<meta property=\"og:type\" content=\"article\" \/>\n<meta property=\"og:title\" content=\"Falschbehauptung der Tagesschau zu Correctiv-Bericht verboten: Keine Pl\u00e4ne zur Ausweisung deutscher Staatsb\u00fcrger in Potsdam diskutiert\" \/>\n<meta property=\"og:description\" content=\"Der Staatsrechtler und Rechtsanwalt Dr. Ulrich Vosgerau ist mit H\u00d6CKER vor dem OLG Hamburg erfolgreich gegen Falschbehauptungen des NDR in einem Bericht der Tagesschau vorgegangen. Fake News in der Tagesschau: In Potsdam wurden Pl\u00e4ne zur Ausweisung deutscher Staatsb\u00fcrger diskutiert Die Tagesschau hatte in einem Online-Artikel u.a. berichtet, in Potsdam seien Pl\u00e4ne zur Ausweisung deutscher Staatsb\u00fcrger [&hellip;]\" \/>\n<meta property=\"og:url\" content=\"https:\/\/www.hoecker.eu\/blog\/falschbehauptung-der-tagesschau-zu-correctiv-bericht-verboten-keine-plaene-zur-ausweisung-deutscher-staatsbuerger-in-potsdam-diskutiert\/\" \/>\n<meta property=\"og:site_name\" content=\"H\u00d6CKER - der Blog\" \/>\n<meta property=\"article:publisher\" content=\"https:\/\/www.facebook.com\/HoeckerRAe\/\" \/>\n<meta property=\"article:author\" content=\"https:\/\/www.facebook.com\/ralf.hoecker\" \/>\n<meta property=\"article:published_time\" content=\"2024-07-25T13:39:00+00:00\" \/>\n<meta property=\"article:modified_time\" content=\"2025-02-17T13:53:21+00:00\" \/>\n<meta name=\"author\" content=\"Prof. Dr. Ralf H\u00f6cker\" \/>\n<meta name=\"twitter:card\" content=\"summary_large_image\" \/>\n<meta name=\"twitter:creator\" content=\"@Ralf_Hoecker\" \/>\n<meta name=\"twitter:site\" content=\"@hoecker_rae\" \/>\n<meta name=\"twitter:label1\" content=\"Verfasst von\" \/>\n\t<meta name=\"twitter:data1\" content=\"Prof. Dr. Ralf H\u00f6cker\" \/>\n\t<meta name=\"twitter:label2\" content=\"Gesch\u00e4tzte Lesezeit\" \/>\n\t<meta name=\"twitter:data2\" content=\"2\u00a0Minuten\" \/>\n<script type=\"application\/ld+json\" class=\"yoast-schema-graph\">{\"@context\":\"https:\/\/schema.org\",\"@graph\":[{\"@type\":\"Article\",\"@id\":\"https:\/\/www.hoecker.eu\/blog\/falschbehauptung-der-tagesschau-zu-correctiv-bericht-verboten-keine-plaene-zur-ausweisung-deutscher-staatsbuerger-in-potsdam-diskutiert\/#article\",\"isPartOf\":{\"@id\":\"https:\/\/www.hoecker.eu\/blog\/falschbehauptung-der-tagesschau-zu-correctiv-bericht-verboten-keine-plaene-zur-ausweisung-deutscher-staatsbuerger-in-potsdam-diskutiert\/\"},\"author\":{\"name\":\"Prof. Dr. Ralf H\u00f6cker\",\"@id\":\"https:\/\/www.hoecker.eu\/blog\/#\/schema\/person\/08f95581eed0534eccd0b2438f7a1cab\"},\"headline\":\"Falschbehauptung der Tagesschau zu Correctiv-Bericht verboten: Keine Pl\u00e4ne zur Ausweisung deutscher Staatsb\u00fcrger in Potsdam diskutiert\",\"datePublished\":\"2024-07-25T13:39:00+00:00\",\"dateModified\":\"2025-02-17T13:53:21+00:00\",\"mainEntityOfPage\":{\"@id\":\"https:\/\/www.hoecker.eu\/blog\/falschbehauptung-der-tagesschau-zu-correctiv-bericht-verboten-keine-plaene-zur-ausweisung-deutscher-staatsbuerger-in-potsdam-diskutiert\/\"},\"wordCount\":497,\"publisher\":{\"@id\":\"https:\/\/www.hoecker.eu\/blog\/#organization\"},\"articleSection\":[\"News\"],\"inLanguage\":\"de\"},{\"@type\":\"WebPage\",\"@id\":\"https:\/\/www.hoecker.eu\/blog\/falschbehauptung-der-tagesschau-zu-correctiv-bericht-verboten-keine-plaene-zur-ausweisung-deutscher-staatsbuerger-in-potsdam-diskutiert\/\",\"url\":\"https:\/\/www.hoecker.eu\/blog\/falschbehauptung-der-tagesschau-zu-correctiv-bericht-verboten-keine-plaene-zur-ausweisung-deutscher-staatsbuerger-in-potsdam-diskutiert\/\",\"name\":\"Falschbehauptung der Tagesschau zu Correctiv-Bericht verboten: Keine Pl\u00e4ne zur Ausweisung deutscher Staatsb\u00fcrger in Potsdam diskutiert - H\u00d6CKER - der Blog\",\"isPartOf\":{\"@id\":\"https:\/\/www.hoecker.eu\/blog\/#website\"},\"datePublished\":\"2024-07-25T13:39:00+00:00\",\"dateModified\":\"2025-02-17T13:53:21+00:00\",\"breadcrumb\":{\"@id\":\"https:\/\/www.hoecker.eu\/blog\/falschbehauptung-der-tagesschau-zu-correctiv-bericht-verboten-keine-plaene-zur-ausweisung-deutscher-staatsbuerger-in-potsdam-diskutiert\/#breadcrumb\"},\"inLanguage\":\"de\",\"potentialAction\":[{\"@type\":\"ReadAction\",\"target\":[\"https:\/\/www.hoecker.eu\/blog\/falschbehauptung-der-tagesschau-zu-correctiv-bericht-verboten-keine-plaene-zur-ausweisung-deutscher-staatsbuerger-in-potsdam-diskutiert\/\"]}]},{\"@type\":\"BreadcrumbList\",\"@id\":\"https:\/\/www.hoecker.eu\/blog\/falschbehauptung-der-tagesschau-zu-correctiv-bericht-verboten-keine-plaene-zur-ausweisung-deutscher-staatsbuerger-in-potsdam-diskutiert\/#breadcrumb\",\"itemListElement\":[{\"@type\":\"ListItem\",\"position\":1,\"name\":\"Startseite\",\"item\":\"https:\/\/dev.hoecker.eu\/blog\/\"},{\"@type\":\"ListItem\",\"position\":2,\"name\":\"Falschbehauptung der Tagesschau zu Correctiv-Bericht verboten: Keine Pl\u00e4ne zur Ausweisung deutscher Staatsb\u00fcrger in Potsdam diskutiert\"}]},{\"@type\":\"WebSite\",\"@id\":\"https:\/\/www.hoecker.eu\/blog\/#website\",\"url\":\"https:\/\/www.hoecker.eu\/blog\/\",\"name\":\"H\u00d6CKER - der Blog\",\"description\":\"Expertenblog f\u00fcr \u00c4u\u00dferungs-, Medien-, Marken-, Urheber- und Wettbewerbsrecht.\",\"publisher\":{\"@id\":\"https:\/\/www.hoecker.eu\/blog\/#organization\"},\"potentialAction\":[{\"@type\":\"SearchAction\",\"target\":{\"@type\":\"EntryPoint\",\"urlTemplate\":\"https:\/\/www.hoecker.eu\/blog\/?s={search_term_string}\"},\"query-input\":{\"@type\":\"PropertyValueSpecification\",\"valueRequired\":true,\"valueName\":\"search_term_string\"}}],\"inLanguage\":\"de\"},{\"@type\":\"Organization\",\"@id\":\"https:\/\/www.hoecker.eu\/blog\/#organization\",\"name\":\"H\u00d6CKER Rechtsanw\u00e4lte PartGmbB\",\"alternateName\":\"H\u00d6CKER\",\"url\":\"https:\/\/www.hoecker.eu\/blog\/\",\"logo\":{\"@type\":\"ImageObject\",\"inLanguage\":\"de\",\"@id\":\"https:\/\/www.hoecker.eu\/blog\/#\/schema\/logo\/image\/\",\"url\":\"https:\/\/www.hoecker.eu\/blog\/wp-content\/uploads\/2025\/03\/Blog-Logo.webp\",\"contentUrl\":\"https:\/\/www.hoecker.eu\/blog\/wp-content\/uploads\/2025\/03\/Blog-Logo.webp\",\"width\":500,\"height\":500,\"caption\":\"H\u00d6CKER Rechtsanw\u00e4lte PartGmbB\"},\"image\":{\"@id\":\"https:\/\/www.hoecker.eu\/blog\/#\/schema\/logo\/image\/\"},\"sameAs\":[\"https:\/\/www.facebook.com\/HoeckerRAe\/\",\"https:\/\/x.com\/hoecker_rae\",\"https:\/\/www.linkedin.com\/company\/hcker-rechtsanwlte\/\",\"https:\/\/www.instagram.com\/hoecker_rae\/\"],\"email\":\"contact@hoecker.eu\",\"telephone\":\"+ 49 (0)221-933 19-10\",\"legalName\":\"H\u00d6CKER Rechtsanw\u00e4lte PartGmbB\",\"numberOfEmployees\":{\"@type\":\"QuantitativeValue\",\"minValue\":\"11\",\"maxValue\":\"50\"}},{\"@type\":\"Person\",\"@id\":\"https:\/\/www.hoecker.eu\/blog\/#\/schema\/person\/08f95581eed0534eccd0b2438f7a1cab\",\"name\":\"Prof. Dr. Ralf H\u00f6cker\",\"description\":\"Medienanwalt. Besch\u00fctzer vor mieser Presse\",\"sameAs\":[\"https:\/\/www.hoecker.eu\/wer\/prof-dr-ralf-hoecker\",\"https:\/\/www.facebook.com\/ralf.hoecker\",\"https:\/\/www.linkedin.com\/in\/prof-dr-ralf-hcker-ll-m-london-17987826\/\",\"https:\/\/x.com\/Ralf_Hoecker\"],\"url\":\"https:\/\/www.hoecker.eu\/blog\/author\/hoecker_adm\/\"}]}<\/script>\n<!-- \/ Yoast SEO Premium plugin. -->","yoast_head_json":{"title":"Falschbehauptung der Tagesschau zu Correctiv-Bericht verboten: Keine Pl\u00e4ne zur Ausweisung deutscher Staatsb\u00fcrger in Potsdam diskutiert - H\u00d6CKER - der Blog","robots":{"index":"index","follow":"follow","max-snippet":"max-snippet:-1","max-image-preview":"max-image-preview:large","max-video-preview":"max-video-preview:-1"},"canonical":"https:\/\/www.hoecker.eu\/blog\/falschbehauptung-der-tagesschau-zu-correctiv-bericht-verboten-keine-plaene-zur-ausweisung-deutscher-staatsbuerger-in-potsdam-diskutiert\/","og_locale":"de_DE","og_type":"article","og_title":"Falschbehauptung der Tagesschau zu Correctiv-Bericht verboten: Keine Pl\u00e4ne zur Ausweisung deutscher Staatsb\u00fcrger in Potsdam diskutiert","og_description":"Der Staatsrechtler und Rechtsanwalt Dr. Ulrich Vosgerau ist mit H\u00d6CKER vor dem OLG Hamburg erfolgreich gegen Falschbehauptungen des NDR in einem Bericht der Tagesschau vorgegangen. Fake News in der Tagesschau: In Potsdam wurden Pl\u00e4ne zur Ausweisung deutscher Staatsb\u00fcrger diskutiert Die Tagesschau hatte in einem Online-Artikel u.a. berichtet, in Potsdam seien Pl\u00e4ne zur Ausweisung deutscher Staatsb\u00fcrger [&hellip;]","og_url":"https:\/\/www.hoecker.eu\/blog\/falschbehauptung-der-tagesschau-zu-correctiv-bericht-verboten-keine-plaene-zur-ausweisung-deutscher-staatsbuerger-in-potsdam-diskutiert\/","og_site_name":"H\u00d6CKER - der Blog","article_publisher":"https:\/\/www.facebook.com\/HoeckerRAe\/","article_author":"https:\/\/www.facebook.com\/ralf.hoecker","article_published_time":"2024-07-25T13:39:00+00:00","article_modified_time":"2025-02-17T13:53:21+00:00","author":"Prof. Dr. Ralf H\u00f6cker","twitter_card":"summary_large_image","twitter_creator":"@Ralf_Hoecker","twitter_site":"@hoecker_rae","twitter_misc":{"Verfasst von":"Prof. Dr. Ralf H\u00f6cker","Gesch\u00e4tzte Lesezeit":"2\u00a0Minuten"},"schema":{"@context":"https:\/\/schema.org","@graph":[{"@type":"Article","@id":"https:\/\/www.hoecker.eu\/blog\/falschbehauptung-der-tagesschau-zu-correctiv-bericht-verboten-keine-plaene-zur-ausweisung-deutscher-staatsbuerger-in-potsdam-diskutiert\/#article","isPartOf":{"@id":"https:\/\/www.hoecker.eu\/blog\/falschbehauptung-der-tagesschau-zu-correctiv-bericht-verboten-keine-plaene-zur-ausweisung-deutscher-staatsbuerger-in-potsdam-diskutiert\/"},"author":{"name":"Prof. Dr. Ralf H\u00f6cker","@id":"https:\/\/www.hoecker.eu\/blog\/#\/schema\/person\/08f95581eed0534eccd0b2438f7a1cab"},"headline":"Falschbehauptung der Tagesschau zu Correctiv-Bericht verboten: Keine Pl\u00e4ne zur Ausweisung deutscher Staatsb\u00fcrger in Potsdam diskutiert","datePublished":"2024-07-25T13:39:00+00:00","dateModified":"2025-02-17T13:53:21+00:00","mainEntityOfPage":{"@id":"https:\/\/www.hoecker.eu\/blog\/falschbehauptung-der-tagesschau-zu-correctiv-bericht-verboten-keine-plaene-zur-ausweisung-deutscher-staatsbuerger-in-potsdam-diskutiert\/"},"wordCount":497,"publisher":{"@id":"https:\/\/www.hoecker.eu\/blog\/#organization"},"articleSection":["News"],"inLanguage":"de"},{"@type":"WebPage","@id":"https:\/\/www.hoecker.eu\/blog\/falschbehauptung-der-tagesschau-zu-correctiv-bericht-verboten-keine-plaene-zur-ausweisung-deutscher-staatsbuerger-in-potsdam-diskutiert\/","url":"https:\/\/www.hoecker.eu\/blog\/falschbehauptung-der-tagesschau-zu-correctiv-bericht-verboten-keine-plaene-zur-ausweisung-deutscher-staatsbuerger-in-potsdam-diskutiert\/","name":"Falschbehauptung der Tagesschau zu Correctiv-Bericht verboten: Keine Pl\u00e4ne zur Ausweisung deutscher Staatsb\u00fcrger in Potsdam diskutiert - H\u00d6CKER - der Blog","isPartOf":{"@id":"https:\/\/www.hoecker.eu\/blog\/#website"},"datePublished":"2024-07-25T13:39:00+00:00","dateModified":"2025-02-17T13:53:21+00:00","breadcrumb":{"@id":"https:\/\/www.hoecker.eu\/blog\/falschbehauptung-der-tagesschau-zu-correctiv-bericht-verboten-keine-plaene-zur-ausweisung-deutscher-staatsbuerger-in-potsdam-diskutiert\/#breadcrumb"},"inLanguage":"de","potentialAction":[{"@type":"ReadAction","target":["https:\/\/www.hoecker.eu\/blog\/falschbehauptung-der-tagesschau-zu-correctiv-bericht-verboten-keine-plaene-zur-ausweisung-deutscher-staatsbuerger-in-potsdam-diskutiert\/"]}]},{"@type":"BreadcrumbList","@id":"https:\/\/www.hoecker.eu\/blog\/falschbehauptung-der-tagesschau-zu-correctiv-bericht-verboten-keine-plaene-zur-ausweisung-deutscher-staatsbuerger-in-potsdam-diskutiert\/#breadcrumb","itemListElement":[{"@type":"ListItem","position":1,"name":"Startseite","item":"https:\/\/dev.hoecker.eu\/blog\/"},{"@type":"ListItem","position":2,"name":"Falschbehauptung der Tagesschau zu Correctiv-Bericht verboten: Keine Pl\u00e4ne zur Ausweisung deutscher Staatsb\u00fcrger in Potsdam diskutiert"}]},{"@type":"WebSite","@id":"https:\/\/www.hoecker.eu\/blog\/#website","url":"https:\/\/www.hoecker.eu\/blog\/","name":"H\u00d6CKER - der Blog","description":"Expertenblog f\u00fcr \u00c4u\u00dferungs-, Medien-, Marken-, Urheber- und Wettbewerbsrecht.","publisher":{"@id":"https:\/\/www.hoecker.eu\/blog\/#organization"},"potentialAction":[{"@type":"SearchAction","target":{"@type":"EntryPoint","urlTemplate":"https:\/\/www.hoecker.eu\/blog\/?s={search_term_string}"},"query-input":{"@type":"PropertyValueSpecification","valueRequired":true,"valueName":"search_term_string"}}],"inLanguage":"de"},{"@type":"Organization","@id":"https:\/\/www.hoecker.eu\/blog\/#organization","name":"H\u00d6CKER Rechtsanw\u00e4lte PartGmbB","alternateName":"H\u00d6CKER","url":"https:\/\/www.hoecker.eu\/blog\/","logo":{"@type":"ImageObject","inLanguage":"de","@id":"https:\/\/www.hoecker.eu\/blog\/#\/schema\/logo\/image\/","url":"https:\/\/www.hoecker.eu\/blog\/wp-content\/uploads\/2025\/03\/Blog-Logo.webp","contentUrl":"https:\/\/www.hoecker.eu\/blog\/wp-content\/uploads\/2025\/03\/Blog-Logo.webp","width":500,"height":500,"caption":"H\u00d6CKER Rechtsanw\u00e4lte PartGmbB"},"image":{"@id":"https:\/\/www.hoecker.eu\/blog\/#\/schema\/logo\/image\/"},"sameAs":["https:\/\/www.facebook.com\/HoeckerRAe\/","https:\/\/x.com\/hoecker_rae","https:\/\/www.linkedin.com\/company\/hcker-rechtsanwlte\/","https:\/\/www.instagram.com\/hoecker_rae\/"],"email":"contact@hoecker.eu","telephone":"+ 49 (0)221-933 19-10","legalName":"H\u00d6CKER Rechtsanw\u00e4lte PartGmbB","numberOfEmployees":{"@type":"QuantitativeValue","minValue":"11","maxValue":"50"}},{"@type":"Person","@id":"https:\/\/www.hoecker.eu\/blog\/#\/schema\/person\/08f95581eed0534eccd0b2438f7a1cab","name":"Prof. Dr. Ralf H\u00f6cker","description":"Medienanwalt. Besch\u00fctzer vor mieser Presse","sameAs":["https:\/\/www.hoecker.eu\/wer\/prof-dr-ralf-hoecker","https:\/\/www.facebook.com\/ralf.hoecker","https:\/\/www.linkedin.com\/in\/prof-dr-ralf-hcker-ll-m-london-17987826\/","https:\/\/x.com\/Ralf_Hoecker"],"url":"https:\/\/www.hoecker.eu\/blog\/author\/hoecker_adm\/"}]}},"authors":[{"term_id":84,"user_id":1,"is_guest":0,"slug":"hoecker_adm","display_name":"Prof. Dr. Ralf H\u00f6cker","avatar_url":{"url":"https:\/\/www.hoecker.eu\/blog\/wp-content\/uploads\/2023\/12\/ProfDrRalfHoecker.jpg","url2x":"https:\/\/www.hoecker.eu\/blog\/wp-content\/uploads\/2023\/12\/ProfDrRalfHoecker.jpg"},"0":null,"1":"","2":"","3":"","4":"","5":"","6":"","7":"","8":"","9":"","10":"","11":""}],"_links":{"self":[{"href":"https:\/\/www.hoecker.eu\/blog\/wp-json\/wp\/v2\/posts\/8131","targetHints":{"allow":["GET"]}}],"collection":[{"href":"https:\/\/www.hoecker.eu\/blog\/wp-json\/wp\/v2\/posts"}],"about":[{"href":"https:\/\/www.hoecker.eu\/blog\/wp-json\/wp\/v2\/types\/post"}],"author":[{"embeddable":true,"href":"https:\/\/www.hoecker.eu\/blog\/wp-json\/wp\/v2\/users\/1"}],"replies":[{"embeddable":true,"href":"https:\/\/www.hoecker.eu\/blog\/wp-json\/wp\/v2\/comments?post=8131"}],"version-history":[{"count":1,"href":"https:\/\/www.hoecker.eu\/blog\/wp-json\/wp\/v2\/posts\/8131\/revisions"}],"predecessor-version":[{"id":9253,"href":"https:\/\/www.hoecker.eu\/blog\/wp-json\/wp\/v2\/posts\/8131\/revisions\/9253"}],"wp:attachment":[{"href":"https:\/\/www.hoecker.eu\/blog\/wp-json\/wp\/v2\/media?parent=8131"}],"wp:term":[{"taxonomy":"category","embeddable":true,"href":"https:\/\/www.hoecker.eu\/blog\/wp-json\/wp\/v2\/categories?post=8131"},{"taxonomy":"post_tag","embeddable":true,"href":"https:\/\/www.hoecker.eu\/blog\/wp-json\/wp\/v2\/tags?post=8131"},{"taxonomy":"hashtags","embeddable":true,"href":"https:\/\/www.hoecker.eu\/blog\/wp-json\/wp\/v2\/hashtags?post=8131"},{"taxonomy":"author","embeddable":true,"href":"https:\/\/www.hoecker.eu\/blog\/wp-json\/wp\/v2\/ppma_author?post=8131"}],"curies":[{"name":"wp","href":"https:\/\/api.w.org\/{rel}","templated":true}]}}