{"id":8130,"date":"2024-07-29T09:03:00","date_gmt":"2024-07-29T07:03:00","guid":{"rendered":"https:\/\/www.hoecker.eu\/blog\/fdp-politikerin-strack-zimmermann-ruehmt-sich-mit-200-strafanzeigen-monatlich-gegen-anfeindungen-im-netz-ein-blick-hinter-die-kulissen-wie-strack-zimmermann-deutsche-staatsanwaltschaften-im\/"},"modified":"2025-02-17T14:53:20","modified_gmt":"2025-02-17T13:53:20","slug":"fdp-politikerin-strack-zimmermann-ruehmt-sich-mit-200-strafanzeigen-monatlich-gegen-anfeindungen-im-netz-ein-blick-hinter-die-kulissen-wie-strack-zimmermann-deutsche-staatsanwaltschaften-im","status":"publish","type":"post","link":"https:\/\/www.hoecker.eu\/blog\/fdp-politikerin-strack-zimmermann-ruehmt-sich-mit-200-strafanzeigen-monatlich-gegen-anfeindungen-im-netz-ein-blick-hinter-die-kulissen-wie-strack-zimmermann-deutsche-staatsanwaltschaften-im\/","title":{"rendered":"FDP-Politikerin Strack-Zimmermann r\u00fchmt sich mit 200 Strafanzeigen monatlich gegen Anfeindungen im Netz \u2013 ein Blick hinter die Kulissen: Wie Strack-Zimmermann deutsche Staatsanwaltschaften im Kampf gegen zul\u00e4ssige Meinungs\u00e4u\u00dferungen l\u00e4hmt"},"content":{"rendered":"<p>In einem j\u00fcngst ver\u00f6ffentlichten Interview beschwert sich Strack-Zimmermann \u00fcber \u201edrastische Angriffe\u201c in sozialen Netzwerken, gegen die sie mit der bemerkenswert hohen Anzahl an Strafanzeigen von bis zu 200 monatlich vorgehe, da \u201edie Leute auf die harte Tour lernen m\u00fcssten, dass man mit drastischen Beleidigungen nicht ungeschoren davon kommt\u201c. Strack-Zimmermanns B\u00fcroleiter berichtet sogar stolz, man habe 250 Strafanzeigen pro Monat erstattet. <\/p>\n<p>Einer dieser F\u00e4lle ist auf unserem Schreibtisch gelandet. Das Verfahren wurde gerichtlich eingestellt, weil es sich um eine zul\u00e4ssige Meinungs\u00e4u\u00dferung eines X-Nutzers ging. Blickt man hinter die Kulissen, so zeigt jedenfalls dieser Fall, dass Strack-Zimmermann die Ressourcen der Staatsanwaltschaft mit absoluten Nichtigkeiten in Beschlag nimmt:<\/p>\n<p>Ein Nutzer des Portals X hatte Strack-Zimmermann in einem Tweet \u00f6ffentlich f\u00fcr ihre politischen Forderungen einer milit\u00e4rischen Unterst\u00fctzung der Ukraine wie folgt kritisiert:<\/p>\n<p><em>\u201eEine Aufz\u00e4hlung von R\u00fcstungslobbyisten und Arschkriechern, die dem USA Imperium am liebsten ganz und in voller G\u00fcte den Arsch lecken und hinein kriechen wollen\u201c.<\/em><\/p>\n<p>Mit Unterst\u00fctzung einer Anwaltskanzlei erstattete Strack-Zimmermann Strafanzeige, weil ihr politisches Engagement mit den drastischen Worten, sie w\u00fcrde \u201ein \u00c4rsche kriechen und \u00c4rsche lecken\u201c, dahingehend kritisiert wurde, dass sie sich gewissen politischen Interessen anbiedern w\u00fcrde. <\/p>\n<p>Dieser Tweet ist sicherlich sprachlich geschmacklos. Dennoch ist eine solche kritische Bewertung einer politischen Haltung ganz offensichtlich eine zul\u00e4ssige Meinungs\u00e4u\u00dferung.<\/p>\n<p>Wir haben den X-Nutzer gegen die Strafanzeige verteidigt und das Amtsgericht D\u00fcsseldorf hat das Verfahren eingestellt. Das Gericht best\u00e4tigt in seinem Einstellungsbeschluss, dass es sich bei dem Tweet um eine zul\u00e4ssige Meinungs\u00e4u\u00dferung handelt:<\/p>\n<p><em>\u201eUnter Ber\u00fccksichtigung dieser Grunds\u00e4tze handelt es sich bei den zur Last gelegten \u00c4u\u00dferungen nicht um eine Schm\u00e4hung, weil sie Sachbezug haben. Die \u00c4u\u00dferung erfolgte im Zusammenhang mit einem Tweet, der den russischen Angriffskrieg gegen die Ukraine verurteilt und Personen und Institutionen in einem weiteren Tweet in Bezug nimmt, die \u201eInteresse an Sicherheitspolitik\u201c haben. Hierzu wurde mit @MAStrackZi auch die Gesch\u00e4digte aufgenommen. Der Angeschuldigte kritisiert mit seinem Tweet \u201eArschkriecher, die dem USA Imperium am liebsten den Arsch lecken\u201c offenkundig auch die politische Haltung und das Wirken der vom Tweet des Stefan Quandt in Bezug genommen Personen und Institutionen im Zusammenhang mit dem Ukrainekrieg.\u201c<\/em><\/p>\n<p>Zur Nutzung der Begrifflichkeit \u201eArschkriecher\u201c und \u201eArsch lecken und hineinkriechen\u201c stellt das Gericht fest:<\/p>\n<p>\u201e<em>Es liegt auch keine Formalbeleidigung vor. \u2026 Im Rahmen der Auslegung ist jedoch auch der Sachbezug zu ber\u00fccksichtigen, der der \u00c4u\u00dferung vorliegend deren Intensit\u00e4t nimmt. Offenkundig will der Angeschuldigte eine Haltung der angesprochenen Personen kritisieren, so dass bei grundrechtsfreundlicher Auslegung nicht von einer Formalbeleidigung auszugehen ist.<\/em><\/p>\n<p><em>Zu ber\u00fccksichtigen ist zun\u00e4chst der konkrete ehrschm\u00e4lernde Gehalt der \u00c4u\u00dferung. Dieser Gehalt ist vorliegend geschm\u00e4lert, weil die \u00c4u\u00dferung die Gesch\u00e4digte nicht in ihrer Person als ganze betrifft, sondern ihre Haltung und T\u00e4tigkeit als Politikerin im Rahmen der Sicherheitspolitik. Dar\u00fcber hinaus zielt der Beitrag aufgrund des Sachbezuges zum Ukrainekrieg nicht darauf ab, gegen die im Tweet von Stefan Quandt genannten Personen (darunter die Gesch\u00e4digte) Stimmung zu machen. Vielmehr wird durch die Verkn\u00fcpfung von \u201eR\u00fcstungslobbyisten und Arschkriechern\u201c eine politische Meinung transportiert, die die Unterst\u00fctzung der Ukraine durch westliche Staaten ablehnt. Von Bedeutung ist auch, dass der Tweet eine Machtkritik beinhaltet und der Schutz der Meinungsfreiheit gerade aus diesem Schutzbed\u00fcrfnis erwachsen ist. Hinzu kommt, dass die Gesch\u00e4digte als Politikerin bewusst in die \u00d6ffentlichkeit tritt und damit vermehrt mit einer kritischen Auseinandersetzung ihrer politischen Handlungen und Haltungen rechnen muss. \u2026 Die Gesch\u00e4digte ist eine allseits bekannte Politikerin des Bundes, die insbesondere f\u00fcr Fragen der Sicherheitspolitik zust\u00e4ndig ist. Ihre Haltungen und \u00c4u\u00dferungen haben daher gerade in Zeiten des Krieges besondere Bedeutung. Die vom Angeschuldigten get\u00e4tigte kr\u00e4nkende \u00c4u\u00dferung kann beim Leser wegen des Sachbezuges demnach nur so verstanden werden, dass nicht die Person der Gesch\u00e4digten diffamiert werden soll, sondern deren politisches Handeln. \u2026 Unter Abw\u00e4gung der vorgenannten Umst\u00e4nde \u00fcberwiegt vorliegend die Meinungsfreiheit des Angeschuldigten.\u201c<\/em><\/p>\n<p>Die Entscheidung ist rechtskr\u00e4ftig, Strack-Zimmermann hat dagegen keine Rechtsmittel eingelegt.<\/p>\n<p>In diesem Fall stellen sich kritische Fragen:<\/p>\n<p>Strack-Zimmermann hat sich bei der Erstattung der offensichtlich unbegr\u00fcndeten Strafanzeige gegen eine offensichtlich zul\u00e4ssige Meinungs\u00e4u\u00dferung durch eine Anwaltskanzlei vertreten lassen, die sicherlich nicht kostenlos gearbeitet hat. Dabei stellt sich die Frage, ob die Kosten f\u00fcr die Anwaltskanzlei von Frau Strack-Zimmermann aus der privaten Tasche gezahlt wurden oder aber ob die Anwaltskanzlei mit einer sinnlosen Strafanzeige gegen zul\u00e4ssige Meinungs\u00e4u\u00dferungen auf Kosten des Steuerzahlers t\u00e4tig wurde? Das Budget des Steuerzahlers wurde jedenfalls dadurch belastet, dass sich eine durch die Steuerzahler finanzierte Staatsanwaltschaft und ein durch den Steuerzahler finanziertes Strafgericht jeweils in ihrer wertvollen Arbeitszeit, in der man sich um wirklich relevante F\u00e4lle k\u00fcmmern k\u00f6nnte, f\u00fcr die Bearbeitung einer unbegr\u00fcndeten Strafanzeige gegen zul\u00e4ssige Meinungs\u00e4u\u00dferungen belastet wurden. <\/p>\n<p>Dr. Carsten Brennecke: \u201e<em>Nat\u00fcrlich ist es richtig und wichtig, dass sich Politiker gegen Straftaten wie Beleidigungen und Bedrohungen im Netz rigoros zur Wehr setzen und dass Staatsanwaltschaften auch durch ausreichende personelle Ausstattung in die Lage versetzt werden, solche Straftaten wirksam zu bek\u00e4mpfen. Wer aber wie Strack-Zimmermann derartige Nichtigkeiten, die als Meinungs\u00e4u\u00dferungen offensichtlich zul\u00e4ssig sind, durch Strafanzeigen verfolgt, der erweist dem Kampf gegen Beleidigungen und Bedrohungen einen B\u00e4rendienst. Es ist nicht sinnvoll, die ohnehin schon stark \u00fcberlasteten und viel zu schwach ausgestatteten Ressourcen von Staatsanwaltschaften und Strafgerichten dadurch \u00fcberzustrapazieren, dass man wie Strack-Zimmermann derart offensichtlich unbegr\u00fcndete Strafanzeigen gegen unliebsame Meinungs\u00e4u\u00dferungen erstattet. Die durch den Steuerzahler finanzierten Staatsanwaltschaften und Gerichte sind nicht daf\u00fcr da, im Kampf gegen die verletzte Eitelkeit von Politikern sinnlos besch\u00e4ftigt zu werden. Ich hoffe, dass Frau Strack-Zimmermann k\u00fcnftig besser selektiert, welche Aussagen sie strafrechtlich verfolgen l\u00e4sst, damit die Staatsanwaltschaften mit ihren wertvollen Ressourcen dazu kommen, die wirklich relevanten F\u00e4llen verfolgen zu k\u00f6nnen.\u201c<\/em><\/p>\n","protected":false},"excerpt":{"rendered":"<p>In einem j\u00fcngst ver\u00f6ffentlichten Interview beschwert sich Strack-Zimmermann \u00fcber \u201edrastische Angriffe\u201c in sozialen Netzwerken, gegen die sie mit der bemerkenswert hohen Anzahl an Strafanzeigen von bis zu 200 monatlich vorgehe, da \u201edie Leute auf die harte Tour lernen m\u00fcssten, dass man mit drastischen Beleidigungen nicht ungeschoren davon kommt\u201c. Strack-Zimmermanns B\u00fcroleiter berichtet sogar stolz, man habe [&hellip;]<\/p>\n","protected":false},"author":1,"featured_media":0,"comment_status":"closed","ping_status":"closed","sticky":false,"template":"","format":"standard","meta":{"_has_post_settings":[],"footnotes":""},"categories":[15],"tags":[],"hashtags":[],"ppma_author":[84],"class_list":["post-8130","post","type-post","status-publish","format-standard","hentry","category-news","author-hoecker_adm"],"yoast_head":"<!-- This site is optimized with the Yoast SEO Premium plugin v25.9 (Yoast SEO v27.0) - https:\/\/yoast.com\/product\/yoast-seo-premium-wordpress\/ -->\n<title>FDP-Politikerin Strack-Zimmermann r\u00fchmt sich mit 200 Strafanzeigen monatlich gegen Anfeindungen im Netz \u2013 ein Blick hinter die Kulissen: Wie Strack-Zimmermann deutsche Staatsanwaltschaften im Kampf gegen zul\u00e4ssige Meinungs\u00e4u\u00dferungen l\u00e4hmt - H\u00d6CKER - der Blog<\/title>\n<meta name=\"robots\" content=\"index, follow, max-snippet:-1, max-image-preview:large, max-video-preview:-1\" \/>\n<link rel=\"canonical\" href=\"https:\/\/www.hoecker.eu\/blog\/fdp-politikerin-strack-zimmermann-ruehmt-sich-mit-200-strafanzeigen-monatlich-gegen-anfeindungen-im-netz-ein-blick-hinter-die-kulissen-wie-strack-zimmermann-deutsche-staatsanwaltschaften-im\/\" \/>\n<meta property=\"og:locale\" content=\"de_DE\" \/>\n<meta property=\"og:type\" content=\"article\" \/>\n<meta property=\"og:title\" content=\"FDP-Politikerin Strack-Zimmermann r\u00fchmt sich mit 200 Strafanzeigen monatlich gegen Anfeindungen im Netz \u2013 ein Blick hinter die Kulissen: Wie Strack-Zimmermann deutsche Staatsanwaltschaften im Kampf gegen zul\u00e4ssige Meinungs\u00e4u\u00dferungen l\u00e4hmt\" \/>\n<meta property=\"og:description\" content=\"In einem j\u00fcngst ver\u00f6ffentlichten Interview beschwert sich Strack-Zimmermann \u00fcber \u201edrastische Angriffe\u201c in sozialen Netzwerken, gegen die sie mit der bemerkenswert hohen Anzahl an Strafanzeigen von bis zu 200 monatlich vorgehe, da \u201edie Leute auf die harte Tour lernen m\u00fcssten, dass man mit drastischen Beleidigungen nicht ungeschoren davon kommt\u201c. Strack-Zimmermanns B\u00fcroleiter berichtet sogar stolz, man habe [&hellip;]\" \/>\n<meta property=\"og:url\" content=\"https:\/\/www.hoecker.eu\/blog\/fdp-politikerin-strack-zimmermann-ruehmt-sich-mit-200-strafanzeigen-monatlich-gegen-anfeindungen-im-netz-ein-blick-hinter-die-kulissen-wie-strack-zimmermann-deutsche-staatsanwaltschaften-im\/\" \/>\n<meta property=\"og:site_name\" content=\"H\u00d6CKER - der Blog\" \/>\n<meta property=\"article:publisher\" content=\"https:\/\/www.facebook.com\/HoeckerRAe\/\" \/>\n<meta property=\"article:author\" content=\"https:\/\/www.facebook.com\/ralf.hoecker\" \/>\n<meta property=\"article:published_time\" content=\"2024-07-29T07:03:00+00:00\" \/>\n<meta property=\"article:modified_time\" content=\"2025-02-17T13:53:20+00:00\" \/>\n<meta name=\"author\" content=\"Prof. Dr. Ralf H\u00f6cker\" \/>\n<meta name=\"twitter:card\" content=\"summary_large_image\" \/>\n<meta name=\"twitter:creator\" content=\"@Ralf_Hoecker\" \/>\n<meta name=\"twitter:site\" content=\"@hoecker_rae\" \/>\n<meta name=\"twitter:label1\" content=\"Verfasst von\" \/>\n\t<meta name=\"twitter:data1\" content=\"Prof. Dr. Ralf H\u00f6cker\" \/>\n\t<meta name=\"twitter:label2\" content=\"Gesch\u00e4tzte Lesezeit\" \/>\n\t<meta name=\"twitter:data2\" content=\"5\u00a0Minuten\" \/>\n<script type=\"application\/ld+json\" class=\"yoast-schema-graph\">{\"@context\":\"https:\/\/schema.org\",\"@graph\":[{\"@type\":\"Article\",\"@id\":\"https:\/\/www.hoecker.eu\/blog\/fdp-politikerin-strack-zimmermann-ruehmt-sich-mit-200-strafanzeigen-monatlich-gegen-anfeindungen-im-netz-ein-blick-hinter-die-kulissen-wie-strack-zimmermann-deutsche-staatsanwaltschaften-im\/#article\",\"isPartOf\":{\"@id\":\"https:\/\/www.hoecker.eu\/blog\/fdp-politikerin-strack-zimmermann-ruehmt-sich-mit-200-strafanzeigen-monatlich-gegen-anfeindungen-im-netz-ein-blick-hinter-die-kulissen-wie-strack-zimmermann-deutsche-staatsanwaltschaften-im\/\"},\"author\":{\"name\":\"Prof. Dr. Ralf H\u00f6cker\",\"@id\":\"https:\/\/www.hoecker.eu\/blog\/#\/schema\/person\/08f95581eed0534eccd0b2438f7a1cab\"},\"headline\":\"FDP-Politikerin Strack-Zimmermann r\u00fchmt sich mit 200 Strafanzeigen monatlich gegen Anfeindungen im Netz \u2013 ein Blick hinter die Kulissen: Wie Strack-Zimmermann deutsche Staatsanwaltschaften im Kampf gegen zul\u00e4ssige Meinungs\u00e4u\u00dferungen l\u00e4hmt\",\"datePublished\":\"2024-07-29T07:03:00+00:00\",\"dateModified\":\"2025-02-17T13:53:20+00:00\",\"mainEntityOfPage\":{\"@id\":\"https:\/\/www.hoecker.eu\/blog\/fdp-politikerin-strack-zimmermann-ruehmt-sich-mit-200-strafanzeigen-monatlich-gegen-anfeindungen-im-netz-ein-blick-hinter-die-kulissen-wie-strack-zimmermann-deutsche-staatsanwaltschaften-im\/\"},\"wordCount\":1011,\"publisher\":{\"@id\":\"https:\/\/www.hoecker.eu\/blog\/#organization\"},\"articleSection\":[\"News\"],\"inLanguage\":\"de\"},{\"@type\":\"WebPage\",\"@id\":\"https:\/\/www.hoecker.eu\/blog\/fdp-politikerin-strack-zimmermann-ruehmt-sich-mit-200-strafanzeigen-monatlich-gegen-anfeindungen-im-netz-ein-blick-hinter-die-kulissen-wie-strack-zimmermann-deutsche-staatsanwaltschaften-im\/\",\"url\":\"https:\/\/www.hoecker.eu\/blog\/fdp-politikerin-strack-zimmermann-ruehmt-sich-mit-200-strafanzeigen-monatlich-gegen-anfeindungen-im-netz-ein-blick-hinter-die-kulissen-wie-strack-zimmermann-deutsche-staatsanwaltschaften-im\/\",\"name\":\"FDP-Politikerin Strack-Zimmermann r\u00fchmt sich mit 200 Strafanzeigen monatlich gegen Anfeindungen im Netz \u2013 ein Blick hinter die Kulissen: Wie Strack-Zimmermann deutsche Staatsanwaltschaften im Kampf gegen zul\u00e4ssige Meinungs\u00e4u\u00dferungen l\u00e4hmt - H\u00d6CKER - der Blog\",\"isPartOf\":{\"@id\":\"https:\/\/www.hoecker.eu\/blog\/#website\"},\"datePublished\":\"2024-07-29T07:03:00+00:00\",\"dateModified\":\"2025-02-17T13:53:20+00:00\",\"breadcrumb\":{\"@id\":\"https:\/\/www.hoecker.eu\/blog\/fdp-politikerin-strack-zimmermann-ruehmt-sich-mit-200-strafanzeigen-monatlich-gegen-anfeindungen-im-netz-ein-blick-hinter-die-kulissen-wie-strack-zimmermann-deutsche-staatsanwaltschaften-im\/#breadcrumb\"},\"inLanguage\":\"de\",\"potentialAction\":[{\"@type\":\"ReadAction\",\"target\":[\"https:\/\/www.hoecker.eu\/blog\/fdp-politikerin-strack-zimmermann-ruehmt-sich-mit-200-strafanzeigen-monatlich-gegen-anfeindungen-im-netz-ein-blick-hinter-die-kulissen-wie-strack-zimmermann-deutsche-staatsanwaltschaften-im\/\"]}]},{\"@type\":\"BreadcrumbList\",\"@id\":\"https:\/\/www.hoecker.eu\/blog\/fdp-politikerin-strack-zimmermann-ruehmt-sich-mit-200-strafanzeigen-monatlich-gegen-anfeindungen-im-netz-ein-blick-hinter-die-kulissen-wie-strack-zimmermann-deutsche-staatsanwaltschaften-im\/#breadcrumb\",\"itemListElement\":[{\"@type\":\"ListItem\",\"position\":1,\"name\":\"Startseite\",\"item\":\"https:\/\/dev.hoecker.eu\/blog\/\"},{\"@type\":\"ListItem\",\"position\":2,\"name\":\"FDP-Politikerin Strack-Zimmermann r\u00fchmt sich mit 200 Strafanzeigen monatlich gegen Anfeindungen im Netz \u2013 ein Blick hinter die Kulissen: Wie Strack-Zimmermann deutsche Staatsanwaltschaften im Kampf gegen zul\u00e4ssige Meinungs\u00e4u\u00dferungen l\u00e4hmt\"}]},{\"@type\":\"WebSite\",\"@id\":\"https:\/\/www.hoecker.eu\/blog\/#website\",\"url\":\"https:\/\/www.hoecker.eu\/blog\/\",\"name\":\"H\u00d6CKER - der Blog\",\"description\":\"Expertenblog f\u00fcr \u00c4u\u00dferungs-, Medien-, Marken-, Urheber- und Wettbewerbsrecht.\",\"publisher\":{\"@id\":\"https:\/\/www.hoecker.eu\/blog\/#organization\"},\"potentialAction\":[{\"@type\":\"SearchAction\",\"target\":{\"@type\":\"EntryPoint\",\"urlTemplate\":\"https:\/\/www.hoecker.eu\/blog\/?s={search_term_string}\"},\"query-input\":{\"@type\":\"PropertyValueSpecification\",\"valueRequired\":true,\"valueName\":\"search_term_string\"}}],\"inLanguage\":\"de\"},{\"@type\":\"Organization\",\"@id\":\"https:\/\/www.hoecker.eu\/blog\/#organization\",\"name\":\"H\u00d6CKER Rechtsanw\u00e4lte PartGmbB\",\"alternateName\":\"H\u00d6CKER\",\"url\":\"https:\/\/www.hoecker.eu\/blog\/\",\"logo\":{\"@type\":\"ImageObject\",\"inLanguage\":\"de\",\"@id\":\"https:\/\/www.hoecker.eu\/blog\/#\/schema\/logo\/image\/\",\"url\":\"https:\/\/www.hoecker.eu\/blog\/wp-content\/uploads\/2025\/03\/Blog-Logo.webp\",\"contentUrl\":\"https:\/\/www.hoecker.eu\/blog\/wp-content\/uploads\/2025\/03\/Blog-Logo.webp\",\"width\":500,\"height\":500,\"caption\":\"H\u00d6CKER Rechtsanw\u00e4lte PartGmbB\"},\"image\":{\"@id\":\"https:\/\/www.hoecker.eu\/blog\/#\/schema\/logo\/image\/\"},\"sameAs\":[\"https:\/\/www.facebook.com\/HoeckerRAe\/\",\"https:\/\/x.com\/hoecker_rae\",\"https:\/\/www.linkedin.com\/company\/hcker-rechtsanwlte\/\",\"https:\/\/www.instagram.com\/hoecker_rae\/\"],\"email\":\"contact@hoecker.eu\",\"telephone\":\"+ 49 (0)221-933 19-10\",\"legalName\":\"H\u00d6CKER Rechtsanw\u00e4lte PartGmbB\",\"numberOfEmployees\":{\"@type\":\"QuantitativeValue\",\"minValue\":\"11\",\"maxValue\":\"50\"}},{\"@type\":\"Person\",\"@id\":\"https:\/\/www.hoecker.eu\/blog\/#\/schema\/person\/08f95581eed0534eccd0b2438f7a1cab\",\"name\":\"Prof. Dr. Ralf H\u00f6cker\",\"description\":\"Medienanwalt. Besch\u00fctzer vor mieser Presse\",\"sameAs\":[\"https:\/\/www.hoecker.eu\/wer\/prof-dr-ralf-hoecker\",\"https:\/\/www.facebook.com\/ralf.hoecker\",\"https:\/\/www.linkedin.com\/in\/prof-dr-ralf-hcker-ll-m-london-17987826\/\",\"https:\/\/x.com\/Ralf_Hoecker\"],\"url\":\"https:\/\/www.hoecker.eu\/blog\/author\/hoecker_adm\/\"}]}<\/script>\n<!-- \/ Yoast SEO Premium plugin. -->","yoast_head_json":{"title":"FDP-Politikerin Strack-Zimmermann r\u00fchmt sich mit 200 Strafanzeigen monatlich gegen Anfeindungen im Netz \u2013 ein Blick hinter die Kulissen: Wie Strack-Zimmermann deutsche Staatsanwaltschaften im Kampf gegen zul\u00e4ssige Meinungs\u00e4u\u00dferungen l\u00e4hmt - H\u00d6CKER - der Blog","robots":{"index":"index","follow":"follow","max-snippet":"max-snippet:-1","max-image-preview":"max-image-preview:large","max-video-preview":"max-video-preview:-1"},"canonical":"https:\/\/www.hoecker.eu\/blog\/fdp-politikerin-strack-zimmermann-ruehmt-sich-mit-200-strafanzeigen-monatlich-gegen-anfeindungen-im-netz-ein-blick-hinter-die-kulissen-wie-strack-zimmermann-deutsche-staatsanwaltschaften-im\/","og_locale":"de_DE","og_type":"article","og_title":"FDP-Politikerin Strack-Zimmermann r\u00fchmt sich mit 200 Strafanzeigen monatlich gegen Anfeindungen im Netz \u2013 ein Blick hinter die Kulissen: Wie Strack-Zimmermann deutsche Staatsanwaltschaften im Kampf gegen zul\u00e4ssige Meinungs\u00e4u\u00dferungen l\u00e4hmt","og_description":"In einem j\u00fcngst ver\u00f6ffentlichten Interview beschwert sich Strack-Zimmermann \u00fcber \u201edrastische Angriffe\u201c in sozialen Netzwerken, gegen die sie mit der bemerkenswert hohen Anzahl an Strafanzeigen von bis zu 200 monatlich vorgehe, da \u201edie Leute auf die harte Tour lernen m\u00fcssten, dass man mit drastischen Beleidigungen nicht ungeschoren davon kommt\u201c. Strack-Zimmermanns B\u00fcroleiter berichtet sogar stolz, man habe [&hellip;]","og_url":"https:\/\/www.hoecker.eu\/blog\/fdp-politikerin-strack-zimmermann-ruehmt-sich-mit-200-strafanzeigen-monatlich-gegen-anfeindungen-im-netz-ein-blick-hinter-die-kulissen-wie-strack-zimmermann-deutsche-staatsanwaltschaften-im\/","og_site_name":"H\u00d6CKER - der Blog","article_publisher":"https:\/\/www.facebook.com\/HoeckerRAe\/","article_author":"https:\/\/www.facebook.com\/ralf.hoecker","article_published_time":"2024-07-29T07:03:00+00:00","article_modified_time":"2025-02-17T13:53:20+00:00","author":"Prof. Dr. Ralf H\u00f6cker","twitter_card":"summary_large_image","twitter_creator":"@Ralf_Hoecker","twitter_site":"@hoecker_rae","twitter_misc":{"Verfasst von":"Prof. Dr. Ralf H\u00f6cker","Gesch\u00e4tzte Lesezeit":"5\u00a0Minuten"},"schema":{"@context":"https:\/\/schema.org","@graph":[{"@type":"Article","@id":"https:\/\/www.hoecker.eu\/blog\/fdp-politikerin-strack-zimmermann-ruehmt-sich-mit-200-strafanzeigen-monatlich-gegen-anfeindungen-im-netz-ein-blick-hinter-die-kulissen-wie-strack-zimmermann-deutsche-staatsanwaltschaften-im\/#article","isPartOf":{"@id":"https:\/\/www.hoecker.eu\/blog\/fdp-politikerin-strack-zimmermann-ruehmt-sich-mit-200-strafanzeigen-monatlich-gegen-anfeindungen-im-netz-ein-blick-hinter-die-kulissen-wie-strack-zimmermann-deutsche-staatsanwaltschaften-im\/"},"author":{"name":"Prof. Dr. Ralf H\u00f6cker","@id":"https:\/\/www.hoecker.eu\/blog\/#\/schema\/person\/08f95581eed0534eccd0b2438f7a1cab"},"headline":"FDP-Politikerin Strack-Zimmermann r\u00fchmt sich mit 200 Strafanzeigen monatlich gegen Anfeindungen im Netz \u2013 ein Blick hinter die Kulissen: Wie Strack-Zimmermann deutsche Staatsanwaltschaften im Kampf gegen zul\u00e4ssige Meinungs\u00e4u\u00dferungen l\u00e4hmt","datePublished":"2024-07-29T07:03:00+00:00","dateModified":"2025-02-17T13:53:20+00:00","mainEntityOfPage":{"@id":"https:\/\/www.hoecker.eu\/blog\/fdp-politikerin-strack-zimmermann-ruehmt-sich-mit-200-strafanzeigen-monatlich-gegen-anfeindungen-im-netz-ein-blick-hinter-die-kulissen-wie-strack-zimmermann-deutsche-staatsanwaltschaften-im\/"},"wordCount":1011,"publisher":{"@id":"https:\/\/www.hoecker.eu\/blog\/#organization"},"articleSection":["News"],"inLanguage":"de"},{"@type":"WebPage","@id":"https:\/\/www.hoecker.eu\/blog\/fdp-politikerin-strack-zimmermann-ruehmt-sich-mit-200-strafanzeigen-monatlich-gegen-anfeindungen-im-netz-ein-blick-hinter-die-kulissen-wie-strack-zimmermann-deutsche-staatsanwaltschaften-im\/","url":"https:\/\/www.hoecker.eu\/blog\/fdp-politikerin-strack-zimmermann-ruehmt-sich-mit-200-strafanzeigen-monatlich-gegen-anfeindungen-im-netz-ein-blick-hinter-die-kulissen-wie-strack-zimmermann-deutsche-staatsanwaltschaften-im\/","name":"FDP-Politikerin Strack-Zimmermann r\u00fchmt sich mit 200 Strafanzeigen monatlich gegen Anfeindungen im Netz \u2013 ein Blick hinter die Kulissen: Wie Strack-Zimmermann deutsche Staatsanwaltschaften im Kampf gegen zul\u00e4ssige Meinungs\u00e4u\u00dferungen l\u00e4hmt - H\u00d6CKER - der Blog","isPartOf":{"@id":"https:\/\/www.hoecker.eu\/blog\/#website"},"datePublished":"2024-07-29T07:03:00+00:00","dateModified":"2025-02-17T13:53:20+00:00","breadcrumb":{"@id":"https:\/\/www.hoecker.eu\/blog\/fdp-politikerin-strack-zimmermann-ruehmt-sich-mit-200-strafanzeigen-monatlich-gegen-anfeindungen-im-netz-ein-blick-hinter-die-kulissen-wie-strack-zimmermann-deutsche-staatsanwaltschaften-im\/#breadcrumb"},"inLanguage":"de","potentialAction":[{"@type":"ReadAction","target":["https:\/\/www.hoecker.eu\/blog\/fdp-politikerin-strack-zimmermann-ruehmt-sich-mit-200-strafanzeigen-monatlich-gegen-anfeindungen-im-netz-ein-blick-hinter-die-kulissen-wie-strack-zimmermann-deutsche-staatsanwaltschaften-im\/"]}]},{"@type":"BreadcrumbList","@id":"https:\/\/www.hoecker.eu\/blog\/fdp-politikerin-strack-zimmermann-ruehmt-sich-mit-200-strafanzeigen-monatlich-gegen-anfeindungen-im-netz-ein-blick-hinter-die-kulissen-wie-strack-zimmermann-deutsche-staatsanwaltschaften-im\/#breadcrumb","itemListElement":[{"@type":"ListItem","position":1,"name":"Startseite","item":"https:\/\/dev.hoecker.eu\/blog\/"},{"@type":"ListItem","position":2,"name":"FDP-Politikerin Strack-Zimmermann r\u00fchmt sich mit 200 Strafanzeigen monatlich gegen Anfeindungen im Netz \u2013 ein Blick hinter die Kulissen: Wie Strack-Zimmermann deutsche Staatsanwaltschaften im Kampf gegen zul\u00e4ssige Meinungs\u00e4u\u00dferungen l\u00e4hmt"}]},{"@type":"WebSite","@id":"https:\/\/www.hoecker.eu\/blog\/#website","url":"https:\/\/www.hoecker.eu\/blog\/","name":"H\u00d6CKER - der Blog","description":"Expertenblog f\u00fcr \u00c4u\u00dferungs-, Medien-, Marken-, Urheber- und Wettbewerbsrecht.","publisher":{"@id":"https:\/\/www.hoecker.eu\/blog\/#organization"},"potentialAction":[{"@type":"SearchAction","target":{"@type":"EntryPoint","urlTemplate":"https:\/\/www.hoecker.eu\/blog\/?s={search_term_string}"},"query-input":{"@type":"PropertyValueSpecification","valueRequired":true,"valueName":"search_term_string"}}],"inLanguage":"de"},{"@type":"Organization","@id":"https:\/\/www.hoecker.eu\/blog\/#organization","name":"H\u00d6CKER Rechtsanw\u00e4lte PartGmbB","alternateName":"H\u00d6CKER","url":"https:\/\/www.hoecker.eu\/blog\/","logo":{"@type":"ImageObject","inLanguage":"de","@id":"https:\/\/www.hoecker.eu\/blog\/#\/schema\/logo\/image\/","url":"https:\/\/www.hoecker.eu\/blog\/wp-content\/uploads\/2025\/03\/Blog-Logo.webp","contentUrl":"https:\/\/www.hoecker.eu\/blog\/wp-content\/uploads\/2025\/03\/Blog-Logo.webp","width":500,"height":500,"caption":"H\u00d6CKER Rechtsanw\u00e4lte PartGmbB"},"image":{"@id":"https:\/\/www.hoecker.eu\/blog\/#\/schema\/logo\/image\/"},"sameAs":["https:\/\/www.facebook.com\/HoeckerRAe\/","https:\/\/x.com\/hoecker_rae","https:\/\/www.linkedin.com\/company\/hcker-rechtsanwlte\/","https:\/\/www.instagram.com\/hoecker_rae\/"],"email":"contact@hoecker.eu","telephone":"+ 49 (0)221-933 19-10","legalName":"H\u00d6CKER Rechtsanw\u00e4lte PartGmbB","numberOfEmployees":{"@type":"QuantitativeValue","minValue":"11","maxValue":"50"}},{"@type":"Person","@id":"https:\/\/www.hoecker.eu\/blog\/#\/schema\/person\/08f95581eed0534eccd0b2438f7a1cab","name":"Prof. Dr. Ralf H\u00f6cker","description":"Medienanwalt. Besch\u00fctzer vor mieser Presse","sameAs":["https:\/\/www.hoecker.eu\/wer\/prof-dr-ralf-hoecker","https:\/\/www.facebook.com\/ralf.hoecker","https:\/\/www.linkedin.com\/in\/prof-dr-ralf-hcker-ll-m-london-17987826\/","https:\/\/x.com\/Ralf_Hoecker"],"url":"https:\/\/www.hoecker.eu\/blog\/author\/hoecker_adm\/"}]}},"authors":[{"term_id":84,"user_id":1,"is_guest":0,"slug":"hoecker_adm","display_name":"Prof. Dr. Ralf H\u00f6cker","avatar_url":{"url":"https:\/\/www.hoecker.eu\/blog\/wp-content\/uploads\/2023\/12\/ProfDrRalfHoecker.jpg","url2x":"https:\/\/www.hoecker.eu\/blog\/wp-content\/uploads\/2023\/12\/ProfDrRalfHoecker.jpg"},"0":null,"1":"","2":"","3":"","4":"","5":"","6":"","7":"","8":"","9":"","10":"","11":""}],"_links":{"self":[{"href":"https:\/\/www.hoecker.eu\/blog\/wp-json\/wp\/v2\/posts\/8130","targetHints":{"allow":["GET"]}}],"collection":[{"href":"https:\/\/www.hoecker.eu\/blog\/wp-json\/wp\/v2\/posts"}],"about":[{"href":"https:\/\/www.hoecker.eu\/blog\/wp-json\/wp\/v2\/types\/post"}],"author":[{"embeddable":true,"href":"https:\/\/www.hoecker.eu\/blog\/wp-json\/wp\/v2\/users\/1"}],"replies":[{"embeddable":true,"href":"https:\/\/www.hoecker.eu\/blog\/wp-json\/wp\/v2\/comments?post=8130"}],"version-history":[{"count":1,"href":"https:\/\/www.hoecker.eu\/blog\/wp-json\/wp\/v2\/posts\/8130\/revisions"}],"predecessor-version":[{"id":9252,"href":"https:\/\/www.hoecker.eu\/blog\/wp-json\/wp\/v2\/posts\/8130\/revisions\/9252"}],"wp:attachment":[{"href":"https:\/\/www.hoecker.eu\/blog\/wp-json\/wp\/v2\/media?parent=8130"}],"wp:term":[{"taxonomy":"category","embeddable":true,"href":"https:\/\/www.hoecker.eu\/blog\/wp-json\/wp\/v2\/categories?post=8130"},{"taxonomy":"post_tag","embeddable":true,"href":"https:\/\/www.hoecker.eu\/blog\/wp-json\/wp\/v2\/tags?post=8130"},{"taxonomy":"hashtags","embeddable":true,"href":"https:\/\/www.hoecker.eu\/blog\/wp-json\/wp\/v2\/hashtags?post=8130"},{"taxonomy":"author","embeddable":true,"href":"https:\/\/www.hoecker.eu\/blog\/wp-json\/wp\/v2\/ppma_author?post=8130"}],"curies":[{"name":"wp","href":"https:\/\/api.w.org\/{rel}","templated":true}]}}