{"id":8127,"date":"2024-09-05T13:12:00","date_gmt":"2024-09-05T11:12:00","guid":{"rendered":"https:\/\/www.hoecker.eu\/blog\/erfolg-fuer-dr-ulrich-vosgerau-in-sachen-correctiv-falsche-agenturmeldung-ueber-ausweisungsplaene-zurueckgezogen\/"},"modified":"2025-02-17T14:53:18","modified_gmt":"2025-02-17T13:53:18","slug":"erfolg-fuer-dr-ulrich-vosgerau-in-sachen-correctiv-falsche-agenturmeldung-ueber-ausweisungsplaene-zurueckgezogen","status":"publish","type":"post","link":"https:\/\/www.hoecker.eu\/blog\/erfolg-fuer-dr-ulrich-vosgerau-in-sachen-correctiv-falsche-agenturmeldung-ueber-ausweisungsplaene-zurueckgezogen\/","title":{"rendered":"Erfolg f\u00fcr Dr. Ulrich Vosgerau in Sachen Correctiv: Falsche Agenturmeldung \u00fcber Ausweisungspl\u00e4ne zur\u00fcckgezogen"},"content":{"rendered":"<p>In einem bemerkenswerten Fall ist es gelungen, die Verbreitung einer irref\u00fchrenden Agenturmeldung zu stoppen. Die Nachrichtenagentur dts hatte f\u00e4lschlicherweise berichtet, \u201elaut Correctiv\u201c sei in Potsdam \u00fcber die Ausweisung von deutschen Staatsb\u00fcrgern diskutiert worden. Diese Information basierte auf dem Bericht des Rechercheportals Correctiv zum Potsdam-Treffen, der sich jedoch als irref\u00fchrend herausstellte.<\/p>\n<p>Das Oberlandesgericht Hamburg hat bereits dem NDR untersagt, diese falsche Behauptung in einem Bericht der Tagesschau zu verbreiten (<a href=\"https:\/\/www.hoecker.eu\/news\/falschbehauptung-der-tagesschau-zu-correctiv-bericht-verboten-keine-pl%C3%A4ne-zur-ausweisung-deutscher-staatsb%C3%BCrger-in-potsdam-diskutiert\" target=\"_blank\" rel=\"noreferrer noopener\">https:\/\/www.hoecker.eu\/news\/falschbehauptung-der-tagesschau-zu-correctiv-bericht-verboten-keine-pl%C3%A4ne-zur-ausweisung-deutscher-staatsb%C3%BCrger-in-potsdam-diskutiert<\/a>) <\/p>\n<p>Dr. Ulrich Vosgerau (CDU) setzte sich erfolgreich gegen die falsche Agenturmeldung zur Wehr. Die Nachrichtenagentur dts zog daraufhin die Meldung zur\u00fcck und forderte ihre Abnehmer auf, diese ebenfalls zu l\u00f6schen. Zahlreiche Nachrichtenportale, die die Falschbehauptung im guten Glauben an die Agenturmeldung weiter verbreiteten, haben diese Desinformation nun ebenfalls gel\u00f6scht. <\/p>\n<p>Dieser Fall zeigt, dass die irref\u00fchrende Correctiv-Berichterstattung selbst seri\u00f6se Nachrichtenagenturen in die Irre f\u00fchren konnte. Correctiv hatte durch \u00fcberzogene Wertungen bei vielen Lesern und Medien den Eindruck erweckt, es seien in Potsdam Ausweisungspl\u00e4ne f\u00fcr deutsche Staatsb\u00fcrger diskutiert worden \u2013 was nicht der Wahrheit entspricht.<\/p>\n<p>Zahlreiche Journalisten haben die Correctiv-Berichterstattung in den letzten Monaten kritisiert. Zuletzt monieren renommierte Journalisten in einem \u00dcbermedien-Artikel, dass der Correctiv-Artikel die Fehlvorstellung erweckte, in Potsdam sei die Ausweisung Deutscher geplant worden: <em>\u201cguter Journalismus ist es sicher nicht, Sachverhalten durch aufbauschende Wertungen eine v\u00f6llig neue Dimension zu geben\u201c (<\/em><a href=\"https:\/\/uebermedien.de\/97285\/der-correctiv-bericht-verdient-nicht-preise-sondern-kritik-und-endlich-eine-echte-debatte\/\" target=\"_blank\" rel=\"noreferrer noopener\">https:\/\/uebermedien.de\/97285\/der-correctiv-bericht-verdient-nicht-preise-sondern-kritik-und-endlich-eine-echte-debatte\/<\/a>). <\/p>\n<p>Dr. Carsten Brennecke: \u201e<em>Ein Vertrauen auf die Correctiv-Berichterstattung kann teuer werden: Medien haben die irref\u00fchrenden Wertungen Correctivs so \u00fcberspitzt, dass sie falsche Tatsachenbehauptungen verbreitet haben. Wer wie die dts Nachrichtenagentur solche Meldungen nicht als eigene Behauptung, sondern als angebliche Correctiv-Meldung verbreitet, hat das Gl\u00fcck, dass es dann mit der L\u00f6schung der Agenturmeldung getan ist. Wer aber wie andere Medien, zum Beispiel der NDR, die Falschbehauptungen als eigene Behauptung verbreitet, f\u00fcr den wird es teuer: Derjenige haftet auf Unterlassung und Kostenerstattung.\u201c<\/em><\/p>\n","protected":false},"excerpt":{"rendered":"<p>In einem bemerkenswerten Fall ist es gelungen, die Verbreitung einer irref\u00fchrenden Agenturmeldung zu stoppen. Die Nachrichtenagentur dts hatte f\u00e4lschlicherweise berichtet, \u201elaut Correctiv\u201c sei in Potsdam \u00fcber die Ausweisung von deutschen Staatsb\u00fcrgern diskutiert worden. Diese Information basierte auf dem Bericht des Rechercheportals Correctiv zum Potsdam-Treffen, der sich jedoch als irref\u00fchrend herausstellte. Das Oberlandesgericht Hamburg hat bereits [&hellip;]<\/p>\n","protected":false},"author":1,"featured_media":0,"comment_status":"closed","ping_status":"closed","sticky":false,"template":"","format":"standard","meta":{"_has_post_settings":[],"footnotes":""},"categories":[15],"tags":[],"hashtags":[],"ppma_author":[84],"class_list":["post-8127","post","type-post","status-publish","format-standard","hentry","category-news","author-hoecker_adm"],"yoast_head":"<!-- This site is optimized with the Yoast SEO Premium plugin v25.9 (Yoast SEO v27.0) - https:\/\/yoast.com\/product\/yoast-seo-premium-wordpress\/ -->\n<title>Erfolg f\u00fcr Dr. Ulrich Vosgerau in Sachen Correctiv: Falsche Agenturmeldung \u00fcber Ausweisungspl\u00e4ne zur\u00fcckgezogen - H\u00d6CKER - der Blog<\/title>\n<meta name=\"robots\" content=\"index, follow, max-snippet:-1, max-image-preview:large, max-video-preview:-1\" \/>\n<link rel=\"canonical\" href=\"https:\/\/www.hoecker.eu\/blog\/erfolg-fuer-dr-ulrich-vosgerau-in-sachen-correctiv-falsche-agenturmeldung-ueber-ausweisungsplaene-zurueckgezogen\/\" \/>\n<meta property=\"og:locale\" content=\"de_DE\" \/>\n<meta property=\"og:type\" content=\"article\" \/>\n<meta property=\"og:title\" content=\"Erfolg f\u00fcr Dr. Ulrich Vosgerau in Sachen Correctiv: Falsche Agenturmeldung \u00fcber Ausweisungspl\u00e4ne zur\u00fcckgezogen\" \/>\n<meta property=\"og:description\" content=\"In einem bemerkenswerten Fall ist es gelungen, die Verbreitung einer irref\u00fchrenden Agenturmeldung zu stoppen. Die Nachrichtenagentur dts hatte f\u00e4lschlicherweise berichtet, \u201elaut Correctiv\u201c sei in Potsdam \u00fcber die Ausweisung von deutschen Staatsb\u00fcrgern diskutiert worden. Diese Information basierte auf dem Bericht des Rechercheportals Correctiv zum Potsdam-Treffen, der sich jedoch als irref\u00fchrend herausstellte. Das Oberlandesgericht Hamburg hat bereits [&hellip;]\" \/>\n<meta property=\"og:url\" content=\"https:\/\/www.hoecker.eu\/blog\/erfolg-fuer-dr-ulrich-vosgerau-in-sachen-correctiv-falsche-agenturmeldung-ueber-ausweisungsplaene-zurueckgezogen\/\" \/>\n<meta property=\"og:site_name\" content=\"H\u00d6CKER - der Blog\" \/>\n<meta property=\"article:publisher\" content=\"https:\/\/www.facebook.com\/HoeckerRAe\/\" \/>\n<meta property=\"article:author\" content=\"https:\/\/www.facebook.com\/ralf.hoecker\" \/>\n<meta property=\"article:published_time\" content=\"2024-09-05T11:12:00+00:00\" \/>\n<meta property=\"article:modified_time\" content=\"2025-02-17T13:53:18+00:00\" \/>\n<meta name=\"author\" content=\"Prof. Dr. Ralf H\u00f6cker\" \/>\n<meta name=\"twitter:card\" content=\"summary_large_image\" \/>\n<meta name=\"twitter:creator\" content=\"@Ralf_Hoecker\" \/>\n<meta name=\"twitter:site\" content=\"@hoecker_rae\" \/>\n<meta name=\"twitter:label1\" content=\"Verfasst von\" \/>\n\t<meta name=\"twitter:data1\" content=\"Prof. Dr. Ralf H\u00f6cker\" \/>\n\t<meta name=\"twitter:label2\" content=\"Gesch\u00e4tzte Lesezeit\" \/>\n\t<meta name=\"twitter:data2\" content=\"2\u00a0Minuten\" \/>\n<script type=\"application\/ld+json\" class=\"yoast-schema-graph\">{\"@context\":\"https:\/\/schema.org\",\"@graph\":[{\"@type\":\"Article\",\"@id\":\"https:\/\/www.hoecker.eu\/blog\/erfolg-fuer-dr-ulrich-vosgerau-in-sachen-correctiv-falsche-agenturmeldung-ueber-ausweisungsplaene-zurueckgezogen\/#article\",\"isPartOf\":{\"@id\":\"https:\/\/www.hoecker.eu\/blog\/erfolg-fuer-dr-ulrich-vosgerau-in-sachen-correctiv-falsche-agenturmeldung-ueber-ausweisungsplaene-zurueckgezogen\/\"},\"author\":{\"name\":\"Prof. Dr. Ralf H\u00f6cker\",\"@id\":\"https:\/\/www.hoecker.eu\/blog\/#\/schema\/person\/08f95581eed0534eccd0b2438f7a1cab\"},\"headline\":\"Erfolg f\u00fcr Dr. Ulrich Vosgerau in Sachen Correctiv: Falsche Agenturmeldung \u00fcber Ausweisungspl\u00e4ne zur\u00fcckgezogen\",\"datePublished\":\"2024-09-05T11:12:00+00:00\",\"dateModified\":\"2025-02-17T13:53:18+00:00\",\"mainEntityOfPage\":{\"@id\":\"https:\/\/www.hoecker.eu\/blog\/erfolg-fuer-dr-ulrich-vosgerau-in-sachen-correctiv-falsche-agenturmeldung-ueber-ausweisungsplaene-zurueckgezogen\/\"},\"wordCount\":336,\"publisher\":{\"@id\":\"https:\/\/www.hoecker.eu\/blog\/#organization\"},\"articleSection\":[\"News\"],\"inLanguage\":\"de\"},{\"@type\":\"WebPage\",\"@id\":\"https:\/\/www.hoecker.eu\/blog\/erfolg-fuer-dr-ulrich-vosgerau-in-sachen-correctiv-falsche-agenturmeldung-ueber-ausweisungsplaene-zurueckgezogen\/\",\"url\":\"https:\/\/www.hoecker.eu\/blog\/erfolg-fuer-dr-ulrich-vosgerau-in-sachen-correctiv-falsche-agenturmeldung-ueber-ausweisungsplaene-zurueckgezogen\/\",\"name\":\"Erfolg f\u00fcr Dr. Ulrich Vosgerau in Sachen Correctiv: Falsche Agenturmeldung \u00fcber Ausweisungspl\u00e4ne zur\u00fcckgezogen - H\u00d6CKER - der Blog\",\"isPartOf\":{\"@id\":\"https:\/\/www.hoecker.eu\/blog\/#website\"},\"datePublished\":\"2024-09-05T11:12:00+00:00\",\"dateModified\":\"2025-02-17T13:53:18+00:00\",\"breadcrumb\":{\"@id\":\"https:\/\/www.hoecker.eu\/blog\/erfolg-fuer-dr-ulrich-vosgerau-in-sachen-correctiv-falsche-agenturmeldung-ueber-ausweisungsplaene-zurueckgezogen\/#breadcrumb\"},\"inLanguage\":\"de\",\"potentialAction\":[{\"@type\":\"ReadAction\",\"target\":[\"https:\/\/www.hoecker.eu\/blog\/erfolg-fuer-dr-ulrich-vosgerau-in-sachen-correctiv-falsche-agenturmeldung-ueber-ausweisungsplaene-zurueckgezogen\/\"]}]},{\"@type\":\"BreadcrumbList\",\"@id\":\"https:\/\/www.hoecker.eu\/blog\/erfolg-fuer-dr-ulrich-vosgerau-in-sachen-correctiv-falsche-agenturmeldung-ueber-ausweisungsplaene-zurueckgezogen\/#breadcrumb\",\"itemListElement\":[{\"@type\":\"ListItem\",\"position\":1,\"name\":\"Startseite\",\"item\":\"https:\/\/dev.hoecker.eu\/blog\/\"},{\"@type\":\"ListItem\",\"position\":2,\"name\":\"Erfolg f\u00fcr Dr. Ulrich Vosgerau in Sachen Correctiv: Falsche Agenturmeldung \u00fcber Ausweisungspl\u00e4ne zur\u00fcckgezogen\"}]},{\"@type\":\"WebSite\",\"@id\":\"https:\/\/www.hoecker.eu\/blog\/#website\",\"url\":\"https:\/\/www.hoecker.eu\/blog\/\",\"name\":\"H\u00d6CKER - der Blog\",\"description\":\"Expertenblog f\u00fcr \u00c4u\u00dferungs-, Medien-, Marken-, Urheber- und Wettbewerbsrecht.\",\"publisher\":{\"@id\":\"https:\/\/www.hoecker.eu\/blog\/#organization\"},\"potentialAction\":[{\"@type\":\"SearchAction\",\"target\":{\"@type\":\"EntryPoint\",\"urlTemplate\":\"https:\/\/www.hoecker.eu\/blog\/?s={search_term_string}\"},\"query-input\":{\"@type\":\"PropertyValueSpecification\",\"valueRequired\":true,\"valueName\":\"search_term_string\"}}],\"inLanguage\":\"de\"},{\"@type\":\"Organization\",\"@id\":\"https:\/\/www.hoecker.eu\/blog\/#organization\",\"name\":\"H\u00d6CKER Rechtsanw\u00e4lte PartGmbB\",\"alternateName\":\"H\u00d6CKER\",\"url\":\"https:\/\/www.hoecker.eu\/blog\/\",\"logo\":{\"@type\":\"ImageObject\",\"inLanguage\":\"de\",\"@id\":\"https:\/\/www.hoecker.eu\/blog\/#\/schema\/logo\/image\/\",\"url\":\"https:\/\/www.hoecker.eu\/blog\/wp-content\/uploads\/2025\/03\/Blog-Logo.webp\",\"contentUrl\":\"https:\/\/www.hoecker.eu\/blog\/wp-content\/uploads\/2025\/03\/Blog-Logo.webp\",\"width\":500,\"height\":500,\"caption\":\"H\u00d6CKER Rechtsanw\u00e4lte PartGmbB\"},\"image\":{\"@id\":\"https:\/\/www.hoecker.eu\/blog\/#\/schema\/logo\/image\/\"},\"sameAs\":[\"https:\/\/www.facebook.com\/HoeckerRAe\/\",\"https:\/\/x.com\/hoecker_rae\",\"https:\/\/www.linkedin.com\/company\/hcker-rechtsanwlte\/\",\"https:\/\/www.instagram.com\/hoecker_rae\/\"],\"email\":\"contact@hoecker.eu\",\"telephone\":\"+ 49 (0)221-933 19-10\",\"legalName\":\"H\u00d6CKER Rechtsanw\u00e4lte PartGmbB\",\"numberOfEmployees\":{\"@type\":\"QuantitativeValue\",\"minValue\":\"11\",\"maxValue\":\"50\"}},{\"@type\":\"Person\",\"@id\":\"https:\/\/www.hoecker.eu\/blog\/#\/schema\/person\/08f95581eed0534eccd0b2438f7a1cab\",\"name\":\"Prof. Dr. Ralf H\u00f6cker\",\"description\":\"Medienanwalt. Besch\u00fctzer vor mieser Presse\",\"sameAs\":[\"https:\/\/www.hoecker.eu\/wer\/prof-dr-ralf-hoecker\",\"https:\/\/www.facebook.com\/ralf.hoecker\",\"https:\/\/www.linkedin.com\/in\/prof-dr-ralf-hcker-ll-m-london-17987826\/\",\"https:\/\/x.com\/Ralf_Hoecker\"],\"url\":\"https:\/\/www.hoecker.eu\/blog\/author\/hoecker_adm\/\"}]}<\/script>\n<!-- \/ Yoast SEO Premium plugin. -->","yoast_head_json":{"title":"Erfolg f\u00fcr Dr. Ulrich Vosgerau in Sachen Correctiv: Falsche Agenturmeldung \u00fcber Ausweisungspl\u00e4ne zur\u00fcckgezogen - H\u00d6CKER - der Blog","robots":{"index":"index","follow":"follow","max-snippet":"max-snippet:-1","max-image-preview":"max-image-preview:large","max-video-preview":"max-video-preview:-1"},"canonical":"https:\/\/www.hoecker.eu\/blog\/erfolg-fuer-dr-ulrich-vosgerau-in-sachen-correctiv-falsche-agenturmeldung-ueber-ausweisungsplaene-zurueckgezogen\/","og_locale":"de_DE","og_type":"article","og_title":"Erfolg f\u00fcr Dr. Ulrich Vosgerau in Sachen Correctiv: Falsche Agenturmeldung \u00fcber Ausweisungspl\u00e4ne zur\u00fcckgezogen","og_description":"In einem bemerkenswerten Fall ist es gelungen, die Verbreitung einer irref\u00fchrenden Agenturmeldung zu stoppen. Die Nachrichtenagentur dts hatte f\u00e4lschlicherweise berichtet, \u201elaut Correctiv\u201c sei in Potsdam \u00fcber die Ausweisung von deutschen Staatsb\u00fcrgern diskutiert worden. Diese Information basierte auf dem Bericht des Rechercheportals Correctiv zum Potsdam-Treffen, der sich jedoch als irref\u00fchrend herausstellte. Das Oberlandesgericht Hamburg hat bereits [&hellip;]","og_url":"https:\/\/www.hoecker.eu\/blog\/erfolg-fuer-dr-ulrich-vosgerau-in-sachen-correctiv-falsche-agenturmeldung-ueber-ausweisungsplaene-zurueckgezogen\/","og_site_name":"H\u00d6CKER - der Blog","article_publisher":"https:\/\/www.facebook.com\/HoeckerRAe\/","article_author":"https:\/\/www.facebook.com\/ralf.hoecker","article_published_time":"2024-09-05T11:12:00+00:00","article_modified_time":"2025-02-17T13:53:18+00:00","author":"Prof. Dr. Ralf H\u00f6cker","twitter_card":"summary_large_image","twitter_creator":"@Ralf_Hoecker","twitter_site":"@hoecker_rae","twitter_misc":{"Verfasst von":"Prof. Dr. Ralf H\u00f6cker","Gesch\u00e4tzte Lesezeit":"2\u00a0Minuten"},"schema":{"@context":"https:\/\/schema.org","@graph":[{"@type":"Article","@id":"https:\/\/www.hoecker.eu\/blog\/erfolg-fuer-dr-ulrich-vosgerau-in-sachen-correctiv-falsche-agenturmeldung-ueber-ausweisungsplaene-zurueckgezogen\/#article","isPartOf":{"@id":"https:\/\/www.hoecker.eu\/blog\/erfolg-fuer-dr-ulrich-vosgerau-in-sachen-correctiv-falsche-agenturmeldung-ueber-ausweisungsplaene-zurueckgezogen\/"},"author":{"name":"Prof. Dr. Ralf H\u00f6cker","@id":"https:\/\/www.hoecker.eu\/blog\/#\/schema\/person\/08f95581eed0534eccd0b2438f7a1cab"},"headline":"Erfolg f\u00fcr Dr. Ulrich Vosgerau in Sachen Correctiv: Falsche Agenturmeldung \u00fcber Ausweisungspl\u00e4ne zur\u00fcckgezogen","datePublished":"2024-09-05T11:12:00+00:00","dateModified":"2025-02-17T13:53:18+00:00","mainEntityOfPage":{"@id":"https:\/\/www.hoecker.eu\/blog\/erfolg-fuer-dr-ulrich-vosgerau-in-sachen-correctiv-falsche-agenturmeldung-ueber-ausweisungsplaene-zurueckgezogen\/"},"wordCount":336,"publisher":{"@id":"https:\/\/www.hoecker.eu\/blog\/#organization"},"articleSection":["News"],"inLanguage":"de"},{"@type":"WebPage","@id":"https:\/\/www.hoecker.eu\/blog\/erfolg-fuer-dr-ulrich-vosgerau-in-sachen-correctiv-falsche-agenturmeldung-ueber-ausweisungsplaene-zurueckgezogen\/","url":"https:\/\/www.hoecker.eu\/blog\/erfolg-fuer-dr-ulrich-vosgerau-in-sachen-correctiv-falsche-agenturmeldung-ueber-ausweisungsplaene-zurueckgezogen\/","name":"Erfolg f\u00fcr Dr. Ulrich Vosgerau in Sachen Correctiv: Falsche Agenturmeldung \u00fcber Ausweisungspl\u00e4ne zur\u00fcckgezogen - H\u00d6CKER - der Blog","isPartOf":{"@id":"https:\/\/www.hoecker.eu\/blog\/#website"},"datePublished":"2024-09-05T11:12:00+00:00","dateModified":"2025-02-17T13:53:18+00:00","breadcrumb":{"@id":"https:\/\/www.hoecker.eu\/blog\/erfolg-fuer-dr-ulrich-vosgerau-in-sachen-correctiv-falsche-agenturmeldung-ueber-ausweisungsplaene-zurueckgezogen\/#breadcrumb"},"inLanguage":"de","potentialAction":[{"@type":"ReadAction","target":["https:\/\/www.hoecker.eu\/blog\/erfolg-fuer-dr-ulrich-vosgerau-in-sachen-correctiv-falsche-agenturmeldung-ueber-ausweisungsplaene-zurueckgezogen\/"]}]},{"@type":"BreadcrumbList","@id":"https:\/\/www.hoecker.eu\/blog\/erfolg-fuer-dr-ulrich-vosgerau-in-sachen-correctiv-falsche-agenturmeldung-ueber-ausweisungsplaene-zurueckgezogen\/#breadcrumb","itemListElement":[{"@type":"ListItem","position":1,"name":"Startseite","item":"https:\/\/dev.hoecker.eu\/blog\/"},{"@type":"ListItem","position":2,"name":"Erfolg f\u00fcr Dr. Ulrich Vosgerau in Sachen Correctiv: Falsche Agenturmeldung \u00fcber Ausweisungspl\u00e4ne zur\u00fcckgezogen"}]},{"@type":"WebSite","@id":"https:\/\/www.hoecker.eu\/blog\/#website","url":"https:\/\/www.hoecker.eu\/blog\/","name":"H\u00d6CKER - der Blog","description":"Expertenblog f\u00fcr \u00c4u\u00dferungs-, Medien-, Marken-, Urheber- und Wettbewerbsrecht.","publisher":{"@id":"https:\/\/www.hoecker.eu\/blog\/#organization"},"potentialAction":[{"@type":"SearchAction","target":{"@type":"EntryPoint","urlTemplate":"https:\/\/www.hoecker.eu\/blog\/?s={search_term_string}"},"query-input":{"@type":"PropertyValueSpecification","valueRequired":true,"valueName":"search_term_string"}}],"inLanguage":"de"},{"@type":"Organization","@id":"https:\/\/www.hoecker.eu\/blog\/#organization","name":"H\u00d6CKER Rechtsanw\u00e4lte PartGmbB","alternateName":"H\u00d6CKER","url":"https:\/\/www.hoecker.eu\/blog\/","logo":{"@type":"ImageObject","inLanguage":"de","@id":"https:\/\/www.hoecker.eu\/blog\/#\/schema\/logo\/image\/","url":"https:\/\/www.hoecker.eu\/blog\/wp-content\/uploads\/2025\/03\/Blog-Logo.webp","contentUrl":"https:\/\/www.hoecker.eu\/blog\/wp-content\/uploads\/2025\/03\/Blog-Logo.webp","width":500,"height":500,"caption":"H\u00d6CKER Rechtsanw\u00e4lte PartGmbB"},"image":{"@id":"https:\/\/www.hoecker.eu\/blog\/#\/schema\/logo\/image\/"},"sameAs":["https:\/\/www.facebook.com\/HoeckerRAe\/","https:\/\/x.com\/hoecker_rae","https:\/\/www.linkedin.com\/company\/hcker-rechtsanwlte\/","https:\/\/www.instagram.com\/hoecker_rae\/"],"email":"contact@hoecker.eu","telephone":"+ 49 (0)221-933 19-10","legalName":"H\u00d6CKER Rechtsanw\u00e4lte PartGmbB","numberOfEmployees":{"@type":"QuantitativeValue","minValue":"11","maxValue":"50"}},{"@type":"Person","@id":"https:\/\/www.hoecker.eu\/blog\/#\/schema\/person\/08f95581eed0534eccd0b2438f7a1cab","name":"Prof. Dr. Ralf H\u00f6cker","description":"Medienanwalt. Besch\u00fctzer vor mieser Presse","sameAs":["https:\/\/www.hoecker.eu\/wer\/prof-dr-ralf-hoecker","https:\/\/www.facebook.com\/ralf.hoecker","https:\/\/www.linkedin.com\/in\/prof-dr-ralf-hcker-ll-m-london-17987826\/","https:\/\/x.com\/Ralf_Hoecker"],"url":"https:\/\/www.hoecker.eu\/blog\/author\/hoecker_adm\/"}]}},"authors":[{"term_id":84,"user_id":1,"is_guest":0,"slug":"hoecker_adm","display_name":"Prof. Dr. Ralf H\u00f6cker","avatar_url":{"url":"https:\/\/www.hoecker.eu\/blog\/wp-content\/uploads\/2023\/12\/ProfDrRalfHoecker.jpg","url2x":"https:\/\/www.hoecker.eu\/blog\/wp-content\/uploads\/2023\/12\/ProfDrRalfHoecker.jpg"},"0":null,"1":"","2":"","3":"","4":"","5":"","6":"","7":"","8":"","9":"","10":"","11":""}],"_links":{"self":[{"href":"https:\/\/www.hoecker.eu\/blog\/wp-json\/wp\/v2\/posts\/8127","targetHints":{"allow":["GET"]}}],"collection":[{"href":"https:\/\/www.hoecker.eu\/blog\/wp-json\/wp\/v2\/posts"}],"about":[{"href":"https:\/\/www.hoecker.eu\/blog\/wp-json\/wp\/v2\/types\/post"}],"author":[{"embeddable":true,"href":"https:\/\/www.hoecker.eu\/blog\/wp-json\/wp\/v2\/users\/1"}],"replies":[{"embeddable":true,"href":"https:\/\/www.hoecker.eu\/blog\/wp-json\/wp\/v2\/comments?post=8127"}],"version-history":[{"count":1,"href":"https:\/\/www.hoecker.eu\/blog\/wp-json\/wp\/v2\/posts\/8127\/revisions"}],"predecessor-version":[{"id":9249,"href":"https:\/\/www.hoecker.eu\/blog\/wp-json\/wp\/v2\/posts\/8127\/revisions\/9249"}],"wp:attachment":[{"href":"https:\/\/www.hoecker.eu\/blog\/wp-json\/wp\/v2\/media?parent=8127"}],"wp:term":[{"taxonomy":"category","embeddable":true,"href":"https:\/\/www.hoecker.eu\/blog\/wp-json\/wp\/v2\/categories?post=8127"},{"taxonomy":"post_tag","embeddable":true,"href":"https:\/\/www.hoecker.eu\/blog\/wp-json\/wp\/v2\/tags?post=8127"},{"taxonomy":"hashtags","embeddable":true,"href":"https:\/\/www.hoecker.eu\/blog\/wp-json\/wp\/v2\/hashtags?post=8127"},{"taxonomy":"author","embeddable":true,"href":"https:\/\/www.hoecker.eu\/blog\/wp-json\/wp\/v2\/ppma_author?post=8127"}],"curies":[{"name":"wp","href":"https:\/\/api.w.org\/{rel}","templated":true}]}}