{"id":8126,"date":"2024-09-09T10:09:00","date_gmt":"2024-09-09T08:09:00","guid":{"rendered":"https:\/\/www.hoecker.eu\/blog\/correctiv-legendenbildung-fuer-dr-ulrich-vosgerau-gestoppt-aktivist-verpflichtet-sich-zur-unterlassung-von-falschbehauptungen\/"},"modified":"2025-02-17T14:53:18","modified_gmt":"2025-02-17T13:53:18","slug":"correctiv-legendenbildung-fuer-dr-ulrich-vosgerau-gestoppt-aktivist-verpflichtet-sich-zur-unterlassung-von-falschbehauptungen","status":"publish","type":"post","link":"https:\/\/www.hoecker.eu\/blog\/correctiv-legendenbildung-fuer-dr-ulrich-vosgerau-gestoppt-aktivist-verpflichtet-sich-zur-unterlassung-von-falschbehauptungen\/","title":{"rendered":"Correctiv-Legendenbildung f\u00fcr Dr. Ulrich Vosgerau gestoppt: Aktivist verpflichtet sich zur Unterlassung von Falschbehauptungen"},"content":{"rendered":"<p>Dr. Ulrich Vosgerau (CDU) hat erneut einen Erfolg erzielt: Der Aktivist Frank Riegler, Betreiber einer DGB-nahen Kampagnenplattform, wurde abgemahnt und hat sich anschlie\u00dfend dazu verpflichtet, falsche Behauptungen \u00fcber das Potsdam-Treffen nicht weiter zu verbreiten.<\/p>\n<p>Riegler hatte auf seiner Plattform die Falschmeldung verbreitet, beim Potsdam-Treffen sei \u00fcber Pl\u00e4ne f\u00fcr ein ethnisches Wahlrecht in Deutschland diskutiert worden. Er behauptete damit, die Teilnehmer h\u00e4tten ein Modell er\u00f6rtert, bei dem das Wahlrecht zuk\u00fcnftig an ethnische Kriterien gekn\u00fcpft werde. Diese Behauptung ist nachweislich falsch. In Wirklichkeit wurde in Potsdam nicht einmal \u00fcber eine \u00c4nderung des deutschen Wahlrechts gesprochen, geschweige denn \u00fcber ein ethnisches Wahlrecht.<\/p>\n<p>Zudem verbreitete Riegler die Falschinformation, es sei geplant worden, in Nordafrika einen Musterstaat f\u00fcr 20,2 Millionen Menschen zu errichten. Dies erweckte den Eindruck, dass ein Viertel der deutschen Bev\u00f6lkerung nach Nordafrika \u201everfrachtet\u201c werden solle. Auch diese Behauptung ist falsch: In Potsdam wurden keine Zahlen zur \u201eRemigration\u201c diskutiert, erst recht nicht diese Zahl.<\/p>\n<p>Die Verbreitung dieser Unwahrheiten beruhte offensichtlich auf einem Missverst\u00e4ndnis irref\u00fchrender Wertungen im Correctiv-Bericht \u00fcber das Potsdam-Treffen. Nach der Abmahnung setzte Riegler seine Kampagne jedoch fort und verbreitete \u00fcber die Presse weitere falsche Aussagen. So behauptete er, er sei nur wegen der Nennung einer Zahl \u201eim falschen Kontext\u201c abgemahnt worden. Auch diese Desinformation f\u00fchrte zu einer erneuten, kostenpflichtigen Abmahnung, woraufhin er erneut eine Unterlassungserkl\u00e4rung abgab.<\/p>\n<p>Dr. Carsten Brennecke: \u201e<em>Dieser Fall zeigt einmal mehr, wie schnell irref\u00fchrende Wertungen im Correctiv-Bericht f\u00fcr Medien und Aktivisten zu einer Haftungsfalle werden k\u00f6nnen. Leider ist dies nicht das erste Mal, dass Presse, Nachrichtenagenturen und Aktivisten durch solche Missverst\u00e4ndnisse hohe Kosten entstehen. W\u00e4ren die irref\u00fchrenden Wertungen der Correctiv-Berichterstattung hinreichend hinterfragt worden, w\u00e4re dies nicht passiert\u201c<\/em><\/p>\n","protected":false},"excerpt":{"rendered":"<p>Dr. Ulrich Vosgerau (CDU) hat erneut einen Erfolg erzielt: Der Aktivist Frank Riegler, Betreiber einer DGB-nahen Kampagnenplattform, wurde abgemahnt und hat sich anschlie\u00dfend dazu verpflichtet, falsche Behauptungen \u00fcber das Potsdam-Treffen nicht weiter zu verbreiten. Riegler hatte auf seiner Plattform die Falschmeldung verbreitet, beim Potsdam-Treffen sei \u00fcber Pl\u00e4ne f\u00fcr ein ethnisches Wahlrecht in Deutschland diskutiert worden. [&hellip;]<\/p>\n","protected":false},"author":1,"featured_media":0,"comment_status":"closed","ping_status":"closed","sticky":false,"template":"","format":"standard","meta":{"_has_post_settings":[],"footnotes":""},"categories":[15],"tags":[],"hashtags":[],"ppma_author":[84],"class_list":["post-8126","post","type-post","status-publish","format-standard","hentry","category-news","author-hoecker_adm"],"yoast_head":"<!-- This site is optimized with the Yoast SEO Premium plugin v25.9 (Yoast SEO v27.0) - https:\/\/yoast.com\/product\/yoast-seo-premium-wordpress\/ -->\n<title>Correctiv-Legendenbildung f\u00fcr Dr. Ulrich Vosgerau gestoppt: Aktivist verpflichtet sich zur Unterlassung von Falschbehauptungen - H\u00d6CKER - der Blog<\/title>\n<meta name=\"robots\" content=\"index, follow, max-snippet:-1, max-image-preview:large, max-video-preview:-1\" \/>\n<link rel=\"canonical\" href=\"https:\/\/www.hoecker.eu\/blog\/correctiv-legendenbildung-fuer-dr-ulrich-vosgerau-gestoppt-aktivist-verpflichtet-sich-zur-unterlassung-von-falschbehauptungen\/\" \/>\n<meta property=\"og:locale\" content=\"de_DE\" \/>\n<meta property=\"og:type\" content=\"article\" \/>\n<meta property=\"og:title\" content=\"Correctiv-Legendenbildung f\u00fcr Dr. Ulrich Vosgerau gestoppt: Aktivist verpflichtet sich zur Unterlassung von Falschbehauptungen\" \/>\n<meta property=\"og:description\" content=\"Dr. Ulrich Vosgerau (CDU) hat erneut einen Erfolg erzielt: Der Aktivist Frank Riegler, Betreiber einer DGB-nahen Kampagnenplattform, wurde abgemahnt und hat sich anschlie\u00dfend dazu verpflichtet, falsche Behauptungen \u00fcber das Potsdam-Treffen nicht weiter zu verbreiten. Riegler hatte auf seiner Plattform die Falschmeldung verbreitet, beim Potsdam-Treffen sei \u00fcber Pl\u00e4ne f\u00fcr ein ethnisches Wahlrecht in Deutschland diskutiert worden. [&hellip;]\" \/>\n<meta property=\"og:url\" content=\"https:\/\/www.hoecker.eu\/blog\/correctiv-legendenbildung-fuer-dr-ulrich-vosgerau-gestoppt-aktivist-verpflichtet-sich-zur-unterlassung-von-falschbehauptungen\/\" \/>\n<meta property=\"og:site_name\" content=\"H\u00d6CKER - der Blog\" \/>\n<meta property=\"article:publisher\" content=\"https:\/\/www.facebook.com\/HoeckerRAe\/\" \/>\n<meta property=\"article:author\" content=\"https:\/\/www.facebook.com\/ralf.hoecker\" \/>\n<meta property=\"article:published_time\" content=\"2024-09-09T08:09:00+00:00\" \/>\n<meta property=\"article:modified_time\" content=\"2025-02-17T13:53:18+00:00\" \/>\n<meta name=\"author\" content=\"Prof. Dr. Ralf H\u00f6cker\" \/>\n<meta name=\"twitter:card\" content=\"summary_large_image\" \/>\n<meta name=\"twitter:creator\" content=\"@Ralf_Hoecker\" \/>\n<meta name=\"twitter:site\" content=\"@hoecker_rae\" \/>\n<meta name=\"twitter:label1\" content=\"Verfasst von\" \/>\n\t<meta name=\"twitter:data1\" content=\"Prof. Dr. Ralf H\u00f6cker\" \/>\n\t<meta name=\"twitter:label2\" content=\"Gesch\u00e4tzte Lesezeit\" \/>\n\t<meta name=\"twitter:data2\" content=\"1\u00a0Minute\" \/>\n<script type=\"application\/ld+json\" class=\"yoast-schema-graph\">{\"@context\":\"https:\/\/schema.org\",\"@graph\":[{\"@type\":\"Article\",\"@id\":\"https:\/\/www.hoecker.eu\/blog\/correctiv-legendenbildung-fuer-dr-ulrich-vosgerau-gestoppt-aktivist-verpflichtet-sich-zur-unterlassung-von-falschbehauptungen\/#article\",\"isPartOf\":{\"@id\":\"https:\/\/www.hoecker.eu\/blog\/correctiv-legendenbildung-fuer-dr-ulrich-vosgerau-gestoppt-aktivist-verpflichtet-sich-zur-unterlassung-von-falschbehauptungen\/\"},\"author\":{\"name\":\"Prof. Dr. Ralf H\u00f6cker\",\"@id\":\"https:\/\/www.hoecker.eu\/blog\/#\/schema\/person\/08f95581eed0534eccd0b2438f7a1cab\"},\"headline\":\"Correctiv-Legendenbildung f\u00fcr Dr. Ulrich Vosgerau gestoppt: Aktivist verpflichtet sich zur Unterlassung von Falschbehauptungen\",\"datePublished\":\"2024-09-09T08:09:00+00:00\",\"dateModified\":\"2025-02-17T13:53:18+00:00\",\"mainEntityOfPage\":{\"@id\":\"https:\/\/www.hoecker.eu\/blog\/correctiv-legendenbildung-fuer-dr-ulrich-vosgerau-gestoppt-aktivist-verpflichtet-sich-zur-unterlassung-von-falschbehauptungen\/\"},\"wordCount\":302,\"publisher\":{\"@id\":\"https:\/\/www.hoecker.eu\/blog\/#organization\"},\"articleSection\":[\"News\"],\"inLanguage\":\"de\"},{\"@type\":\"WebPage\",\"@id\":\"https:\/\/www.hoecker.eu\/blog\/correctiv-legendenbildung-fuer-dr-ulrich-vosgerau-gestoppt-aktivist-verpflichtet-sich-zur-unterlassung-von-falschbehauptungen\/\",\"url\":\"https:\/\/www.hoecker.eu\/blog\/correctiv-legendenbildung-fuer-dr-ulrich-vosgerau-gestoppt-aktivist-verpflichtet-sich-zur-unterlassung-von-falschbehauptungen\/\",\"name\":\"Correctiv-Legendenbildung f\u00fcr Dr. Ulrich Vosgerau gestoppt: Aktivist verpflichtet sich zur Unterlassung von Falschbehauptungen - H\u00d6CKER - der Blog\",\"isPartOf\":{\"@id\":\"https:\/\/www.hoecker.eu\/blog\/#website\"},\"datePublished\":\"2024-09-09T08:09:00+00:00\",\"dateModified\":\"2025-02-17T13:53:18+00:00\",\"breadcrumb\":{\"@id\":\"https:\/\/www.hoecker.eu\/blog\/correctiv-legendenbildung-fuer-dr-ulrich-vosgerau-gestoppt-aktivist-verpflichtet-sich-zur-unterlassung-von-falschbehauptungen\/#breadcrumb\"},\"inLanguage\":\"de\",\"potentialAction\":[{\"@type\":\"ReadAction\",\"target\":[\"https:\/\/www.hoecker.eu\/blog\/correctiv-legendenbildung-fuer-dr-ulrich-vosgerau-gestoppt-aktivist-verpflichtet-sich-zur-unterlassung-von-falschbehauptungen\/\"]}]},{\"@type\":\"BreadcrumbList\",\"@id\":\"https:\/\/www.hoecker.eu\/blog\/correctiv-legendenbildung-fuer-dr-ulrich-vosgerau-gestoppt-aktivist-verpflichtet-sich-zur-unterlassung-von-falschbehauptungen\/#breadcrumb\",\"itemListElement\":[{\"@type\":\"ListItem\",\"position\":1,\"name\":\"Startseite\",\"item\":\"https:\/\/dev.hoecker.eu\/blog\/\"},{\"@type\":\"ListItem\",\"position\":2,\"name\":\"Correctiv-Legendenbildung f\u00fcr Dr. Ulrich Vosgerau gestoppt: Aktivist verpflichtet sich zur Unterlassung von Falschbehauptungen\"}]},{\"@type\":\"WebSite\",\"@id\":\"https:\/\/www.hoecker.eu\/blog\/#website\",\"url\":\"https:\/\/www.hoecker.eu\/blog\/\",\"name\":\"H\u00d6CKER - der Blog\",\"description\":\"Expertenblog f\u00fcr \u00c4u\u00dferungs-, Medien-, Marken-, Urheber- und Wettbewerbsrecht.\",\"publisher\":{\"@id\":\"https:\/\/www.hoecker.eu\/blog\/#organization\"},\"potentialAction\":[{\"@type\":\"SearchAction\",\"target\":{\"@type\":\"EntryPoint\",\"urlTemplate\":\"https:\/\/www.hoecker.eu\/blog\/?s={search_term_string}\"},\"query-input\":{\"@type\":\"PropertyValueSpecification\",\"valueRequired\":true,\"valueName\":\"search_term_string\"}}],\"inLanguage\":\"de\"},{\"@type\":\"Organization\",\"@id\":\"https:\/\/www.hoecker.eu\/blog\/#organization\",\"name\":\"H\u00d6CKER Rechtsanw\u00e4lte PartGmbB\",\"alternateName\":\"H\u00d6CKER\",\"url\":\"https:\/\/www.hoecker.eu\/blog\/\",\"logo\":{\"@type\":\"ImageObject\",\"inLanguage\":\"de\",\"@id\":\"https:\/\/www.hoecker.eu\/blog\/#\/schema\/logo\/image\/\",\"url\":\"https:\/\/www.hoecker.eu\/blog\/wp-content\/uploads\/2025\/03\/Blog-Logo.webp\",\"contentUrl\":\"https:\/\/www.hoecker.eu\/blog\/wp-content\/uploads\/2025\/03\/Blog-Logo.webp\",\"width\":500,\"height\":500,\"caption\":\"H\u00d6CKER Rechtsanw\u00e4lte PartGmbB\"},\"image\":{\"@id\":\"https:\/\/www.hoecker.eu\/blog\/#\/schema\/logo\/image\/\"},\"sameAs\":[\"https:\/\/www.facebook.com\/HoeckerRAe\/\",\"https:\/\/x.com\/hoecker_rae\",\"https:\/\/www.linkedin.com\/company\/hcker-rechtsanwlte\/\",\"https:\/\/www.instagram.com\/hoecker_rae\/\"],\"email\":\"contact@hoecker.eu\",\"telephone\":\"+ 49 (0)221-933 19-10\",\"legalName\":\"H\u00d6CKER Rechtsanw\u00e4lte PartGmbB\",\"numberOfEmployees\":{\"@type\":\"QuantitativeValue\",\"minValue\":\"11\",\"maxValue\":\"50\"}},{\"@type\":\"Person\",\"@id\":\"https:\/\/www.hoecker.eu\/blog\/#\/schema\/person\/08f95581eed0534eccd0b2438f7a1cab\",\"name\":\"Prof. Dr. Ralf H\u00f6cker\",\"description\":\"Medienanwalt. Besch\u00fctzer vor mieser Presse\",\"sameAs\":[\"https:\/\/www.hoecker.eu\/wer\/prof-dr-ralf-hoecker\",\"https:\/\/www.facebook.com\/ralf.hoecker\",\"https:\/\/www.linkedin.com\/in\/prof-dr-ralf-hcker-ll-m-london-17987826\/\",\"https:\/\/x.com\/Ralf_Hoecker\"],\"url\":\"https:\/\/www.hoecker.eu\/blog\/author\/hoecker_adm\/\"}]}<\/script>\n<!-- \/ Yoast SEO Premium plugin. -->","yoast_head_json":{"title":"Correctiv-Legendenbildung f\u00fcr Dr. Ulrich Vosgerau gestoppt: Aktivist verpflichtet sich zur Unterlassung von Falschbehauptungen - H\u00d6CKER - der Blog","robots":{"index":"index","follow":"follow","max-snippet":"max-snippet:-1","max-image-preview":"max-image-preview:large","max-video-preview":"max-video-preview:-1"},"canonical":"https:\/\/www.hoecker.eu\/blog\/correctiv-legendenbildung-fuer-dr-ulrich-vosgerau-gestoppt-aktivist-verpflichtet-sich-zur-unterlassung-von-falschbehauptungen\/","og_locale":"de_DE","og_type":"article","og_title":"Correctiv-Legendenbildung f\u00fcr Dr. Ulrich Vosgerau gestoppt: Aktivist verpflichtet sich zur Unterlassung von Falschbehauptungen","og_description":"Dr. Ulrich Vosgerau (CDU) hat erneut einen Erfolg erzielt: Der Aktivist Frank Riegler, Betreiber einer DGB-nahen Kampagnenplattform, wurde abgemahnt und hat sich anschlie\u00dfend dazu verpflichtet, falsche Behauptungen \u00fcber das Potsdam-Treffen nicht weiter zu verbreiten. Riegler hatte auf seiner Plattform die Falschmeldung verbreitet, beim Potsdam-Treffen sei \u00fcber Pl\u00e4ne f\u00fcr ein ethnisches Wahlrecht in Deutschland diskutiert worden. [&hellip;]","og_url":"https:\/\/www.hoecker.eu\/blog\/correctiv-legendenbildung-fuer-dr-ulrich-vosgerau-gestoppt-aktivist-verpflichtet-sich-zur-unterlassung-von-falschbehauptungen\/","og_site_name":"H\u00d6CKER - der Blog","article_publisher":"https:\/\/www.facebook.com\/HoeckerRAe\/","article_author":"https:\/\/www.facebook.com\/ralf.hoecker","article_published_time":"2024-09-09T08:09:00+00:00","article_modified_time":"2025-02-17T13:53:18+00:00","author":"Prof. Dr. Ralf H\u00f6cker","twitter_card":"summary_large_image","twitter_creator":"@Ralf_Hoecker","twitter_site":"@hoecker_rae","twitter_misc":{"Verfasst von":"Prof. Dr. Ralf H\u00f6cker","Gesch\u00e4tzte Lesezeit":"1\u00a0Minute"},"schema":{"@context":"https:\/\/schema.org","@graph":[{"@type":"Article","@id":"https:\/\/www.hoecker.eu\/blog\/correctiv-legendenbildung-fuer-dr-ulrich-vosgerau-gestoppt-aktivist-verpflichtet-sich-zur-unterlassung-von-falschbehauptungen\/#article","isPartOf":{"@id":"https:\/\/www.hoecker.eu\/blog\/correctiv-legendenbildung-fuer-dr-ulrich-vosgerau-gestoppt-aktivist-verpflichtet-sich-zur-unterlassung-von-falschbehauptungen\/"},"author":{"name":"Prof. Dr. Ralf H\u00f6cker","@id":"https:\/\/www.hoecker.eu\/blog\/#\/schema\/person\/08f95581eed0534eccd0b2438f7a1cab"},"headline":"Correctiv-Legendenbildung f\u00fcr Dr. Ulrich Vosgerau gestoppt: Aktivist verpflichtet sich zur Unterlassung von Falschbehauptungen","datePublished":"2024-09-09T08:09:00+00:00","dateModified":"2025-02-17T13:53:18+00:00","mainEntityOfPage":{"@id":"https:\/\/www.hoecker.eu\/blog\/correctiv-legendenbildung-fuer-dr-ulrich-vosgerau-gestoppt-aktivist-verpflichtet-sich-zur-unterlassung-von-falschbehauptungen\/"},"wordCount":302,"publisher":{"@id":"https:\/\/www.hoecker.eu\/blog\/#organization"},"articleSection":["News"],"inLanguage":"de"},{"@type":"WebPage","@id":"https:\/\/www.hoecker.eu\/blog\/correctiv-legendenbildung-fuer-dr-ulrich-vosgerau-gestoppt-aktivist-verpflichtet-sich-zur-unterlassung-von-falschbehauptungen\/","url":"https:\/\/www.hoecker.eu\/blog\/correctiv-legendenbildung-fuer-dr-ulrich-vosgerau-gestoppt-aktivist-verpflichtet-sich-zur-unterlassung-von-falschbehauptungen\/","name":"Correctiv-Legendenbildung f\u00fcr Dr. Ulrich Vosgerau gestoppt: Aktivist verpflichtet sich zur Unterlassung von Falschbehauptungen - H\u00d6CKER - der Blog","isPartOf":{"@id":"https:\/\/www.hoecker.eu\/blog\/#website"},"datePublished":"2024-09-09T08:09:00+00:00","dateModified":"2025-02-17T13:53:18+00:00","breadcrumb":{"@id":"https:\/\/www.hoecker.eu\/blog\/correctiv-legendenbildung-fuer-dr-ulrich-vosgerau-gestoppt-aktivist-verpflichtet-sich-zur-unterlassung-von-falschbehauptungen\/#breadcrumb"},"inLanguage":"de","potentialAction":[{"@type":"ReadAction","target":["https:\/\/www.hoecker.eu\/blog\/correctiv-legendenbildung-fuer-dr-ulrich-vosgerau-gestoppt-aktivist-verpflichtet-sich-zur-unterlassung-von-falschbehauptungen\/"]}]},{"@type":"BreadcrumbList","@id":"https:\/\/www.hoecker.eu\/blog\/correctiv-legendenbildung-fuer-dr-ulrich-vosgerau-gestoppt-aktivist-verpflichtet-sich-zur-unterlassung-von-falschbehauptungen\/#breadcrumb","itemListElement":[{"@type":"ListItem","position":1,"name":"Startseite","item":"https:\/\/dev.hoecker.eu\/blog\/"},{"@type":"ListItem","position":2,"name":"Correctiv-Legendenbildung f\u00fcr Dr. Ulrich Vosgerau gestoppt: Aktivist verpflichtet sich zur Unterlassung von Falschbehauptungen"}]},{"@type":"WebSite","@id":"https:\/\/www.hoecker.eu\/blog\/#website","url":"https:\/\/www.hoecker.eu\/blog\/","name":"H\u00d6CKER - der Blog","description":"Expertenblog f\u00fcr \u00c4u\u00dferungs-, Medien-, Marken-, Urheber- und Wettbewerbsrecht.","publisher":{"@id":"https:\/\/www.hoecker.eu\/blog\/#organization"},"potentialAction":[{"@type":"SearchAction","target":{"@type":"EntryPoint","urlTemplate":"https:\/\/www.hoecker.eu\/blog\/?s={search_term_string}"},"query-input":{"@type":"PropertyValueSpecification","valueRequired":true,"valueName":"search_term_string"}}],"inLanguage":"de"},{"@type":"Organization","@id":"https:\/\/www.hoecker.eu\/blog\/#organization","name":"H\u00d6CKER Rechtsanw\u00e4lte PartGmbB","alternateName":"H\u00d6CKER","url":"https:\/\/www.hoecker.eu\/blog\/","logo":{"@type":"ImageObject","inLanguage":"de","@id":"https:\/\/www.hoecker.eu\/blog\/#\/schema\/logo\/image\/","url":"https:\/\/www.hoecker.eu\/blog\/wp-content\/uploads\/2025\/03\/Blog-Logo.webp","contentUrl":"https:\/\/www.hoecker.eu\/blog\/wp-content\/uploads\/2025\/03\/Blog-Logo.webp","width":500,"height":500,"caption":"H\u00d6CKER Rechtsanw\u00e4lte PartGmbB"},"image":{"@id":"https:\/\/www.hoecker.eu\/blog\/#\/schema\/logo\/image\/"},"sameAs":["https:\/\/www.facebook.com\/HoeckerRAe\/","https:\/\/x.com\/hoecker_rae","https:\/\/www.linkedin.com\/company\/hcker-rechtsanwlte\/","https:\/\/www.instagram.com\/hoecker_rae\/"],"email":"contact@hoecker.eu","telephone":"+ 49 (0)221-933 19-10","legalName":"H\u00d6CKER Rechtsanw\u00e4lte PartGmbB","numberOfEmployees":{"@type":"QuantitativeValue","minValue":"11","maxValue":"50"}},{"@type":"Person","@id":"https:\/\/www.hoecker.eu\/blog\/#\/schema\/person\/08f95581eed0534eccd0b2438f7a1cab","name":"Prof. Dr. Ralf H\u00f6cker","description":"Medienanwalt. Besch\u00fctzer vor mieser Presse","sameAs":["https:\/\/www.hoecker.eu\/wer\/prof-dr-ralf-hoecker","https:\/\/www.facebook.com\/ralf.hoecker","https:\/\/www.linkedin.com\/in\/prof-dr-ralf-hcker-ll-m-london-17987826\/","https:\/\/x.com\/Ralf_Hoecker"],"url":"https:\/\/www.hoecker.eu\/blog\/author\/hoecker_adm\/"}]}},"authors":[{"term_id":84,"user_id":1,"is_guest":0,"slug":"hoecker_adm","display_name":"Prof. Dr. Ralf H\u00f6cker","avatar_url":{"url":"https:\/\/www.hoecker.eu\/blog\/wp-content\/uploads\/2023\/12\/ProfDrRalfHoecker.jpg","url2x":"https:\/\/www.hoecker.eu\/blog\/wp-content\/uploads\/2023\/12\/ProfDrRalfHoecker.jpg"},"0":null,"1":"","2":"","3":"","4":"","5":"","6":"","7":"","8":"","9":"","10":"","11":""}],"_links":{"self":[{"href":"https:\/\/www.hoecker.eu\/blog\/wp-json\/wp\/v2\/posts\/8126","targetHints":{"allow":["GET"]}}],"collection":[{"href":"https:\/\/www.hoecker.eu\/blog\/wp-json\/wp\/v2\/posts"}],"about":[{"href":"https:\/\/www.hoecker.eu\/blog\/wp-json\/wp\/v2\/types\/post"}],"author":[{"embeddable":true,"href":"https:\/\/www.hoecker.eu\/blog\/wp-json\/wp\/v2\/users\/1"}],"replies":[{"embeddable":true,"href":"https:\/\/www.hoecker.eu\/blog\/wp-json\/wp\/v2\/comments?post=8126"}],"version-history":[{"count":1,"href":"https:\/\/www.hoecker.eu\/blog\/wp-json\/wp\/v2\/posts\/8126\/revisions"}],"predecessor-version":[{"id":9248,"href":"https:\/\/www.hoecker.eu\/blog\/wp-json\/wp\/v2\/posts\/8126\/revisions\/9248"}],"wp:attachment":[{"href":"https:\/\/www.hoecker.eu\/blog\/wp-json\/wp\/v2\/media?parent=8126"}],"wp:term":[{"taxonomy":"category","embeddable":true,"href":"https:\/\/www.hoecker.eu\/blog\/wp-json\/wp\/v2\/categories?post=8126"},{"taxonomy":"post_tag","embeddable":true,"href":"https:\/\/www.hoecker.eu\/blog\/wp-json\/wp\/v2\/tags?post=8126"},{"taxonomy":"hashtags","embeddable":true,"href":"https:\/\/www.hoecker.eu\/blog\/wp-json\/wp\/v2\/hashtags?post=8126"},{"taxonomy":"author","embeddable":true,"href":"https:\/\/www.hoecker.eu\/blog\/wp-json\/wp\/v2\/ppma_author?post=8126"}],"curies":[{"name":"wp","href":"https:\/\/api.w.org\/{rel}","templated":true}]}}