{"id":8125,"date":"2024-09-11T10:47:00","date_gmt":"2024-09-11T08:47:00","guid":{"rendered":"https:\/\/www.hoecker.eu\/blog\/naomi-campbell-mit-hoecker-erfolgreich-gegen-paparazzi-fotos-verletzungen-ihrer-privatsphaere-und-falschdarstellungen-durch-bild\/"},"modified":"2025-02-17T14:53:17","modified_gmt":"2025-02-17T13:53:17","slug":"naomi-campbell-mit-hoecker-erfolgreich-gegen-paparazzi-fotos-verletzungen-ihrer-privatsphaere-und-falschdarstellungen-durch-bild","status":"publish","type":"post","link":"https:\/\/www.hoecker.eu\/blog\/naomi-campbell-mit-hoecker-erfolgreich-gegen-paparazzi-fotos-verletzungen-ihrer-privatsphaere-und-falschdarstellungen-durch-bild\/","title":{"rendered":"Naomi Campbell mit H\u00d6CKER erfolgreich gegen Paparazzi-Fotos, Verletzungen ihrer Privatsph\u00e4re und Falschdarstellungen durch BILD"},"content":{"rendered":"<p>English version below<\/p>\n<p>BILD berichtete ohne Einwilligung der H\u00d6CKER-Mandantin \u00fcber ihren privaten Sommerurlaub, bebilderte dies mit heimlich aufgenommenen Paparazzi-Fotos von ihr an einem privaten Strandabschnitt und garnierte das Ganze mit zwei Falschdarstellungen.<\/p>\n<p>Auf die Abmahnung von H\u00d6CKER gab die Axel Springer Deutschland GmbH keine Unterlassungserkl\u00e4rung ab, so dass ein Verf\u00fcgungsantrag notwendig wurde. Das angerufene Landgericht K\u00f6ln gab dem Verlag ein weiteres Mal die Gelegenheit zur Stellungnahme. Mit Beschluss vom 10.09.2024 untersagt das Landgericht dem Verlag nun eine Falschbehauptung, einen falschen Eindruck, insgesamt 13 Textpassagen als Verletzungen der Privatsph\u00e4re sowie die Ver\u00f6ffentlichung der Paparazzi-Fotos. In letztere hat das Model weder eingewilligt, noch liegt ein zeitgeschichtliches Ereignis vor. Das Gericht ber\u00fccksichtigt in der Abw\u00e4gung, dass die Lichtbilder heimlich und aus gr\u00f6\u00dferer Entfernung angefertigt wurden. Die Entscheidung ist nicht rechtskr\u00e4ftig und wird dem Verlag nun zugestellt werden.<\/p>\n<p>Rechtsanwalt Dr. Marcel Leeser: &#8220;Versetze ich mich in den Kopf eines Paparazzos, der prominenten Menschen in weiter Entfernung heimlich auflauert, sie in Situationen, in denen sie sich v\u00f6llig unbeobachtet f\u00fchlen und entspannen, abschie\u00dft wie ein wildes Tier, und diese Fotos dann als Beute f\u00fcr viel Geld verkauft, dann will ich aus diesem Kopf schnell wieder raus. Zeitungen und Online-Newsportale m\u00fcssen wissen, dass die Verbreitung solcher Fotos rechtswidrig ist und sehr teuer werden kann. BILD scheint das nicht zu beeindrucken. Dort werden Rechtsverletzungen bewusst einkalkuliert, weil sie sich trotz der Folgen immer noch wirtschaftlich lohnen. Wir pl\u00e4dieren daher f\u00fcr sp\u00fcrbar hohe Geldentsch\u00e4digungen in solchen F\u00e4llen.\u201c<\/p>\n<p>Rechtsanwalt No\u00ebl L\u00fccker, LL.M.: &#8220;Auch weltbekannte Prominente haben eine gesch\u00fctzte Privatsph\u00e4re. Heimliche Aufnahmen durch Paparazzi an gesch\u00fctzten, privaten Orten haben sie daher grunds\u00e4tzlich nicht hinzunehmen. Missachten Medien diese wenigen R\u00fcckzugsorte Betroffener, sollten sie sich hiergegen zur Wehr setzen.\u201c<\/p>\n<p>&#8212;&#8212;&#8212;&#8212;&#8212;&#8212;&#8212;&#8212;&#8212;&#8212;&#8212;&#8212;&#8212;&#8212;&#8212;&#8212;&#8212;&#8212;&#8212;&#8212;&#8212;&#8212;&#8212;&#8212;&#8212;&#8212;&#8212;&#8212;&#8212;&#8212;&#8212;&#8212;&#8212;&#8212;&#8212;&#8212;<\/p>\n<p><strong>Naomi Campbell successful with H\u00d6CKER against paparazzi photos, violations of her privacy and misrepresentations by BILD<\/strong><\/p>\n<p>BILD reported on her private summer holiday without the consent of the H\u00d6CKER client, illustrated this with secretly taken paparazzi photos of her on a private beach section and garnished the whole thing with two misrepresentations.<\/p>\n<p>Axel Springer Deutschland GmbH did not issue a cease-and-desist declaration in response to H\u00d6CKER&#8217;s warning, so that an application for an injunction became necessary. The Cologne Regional Court gave the publisher another opportunity to respond. In a ruling dated 10 September 2024, the regional court now prohibited the publisher from making a false allegation, creating a false impression, publishing a total of 13 text passages as violations of privacy and publishing the paparazzi photos. The model did not consent to the latter, nor is it a historical event. The court took into account the fact that the photos were taken secretly and from a great distance. The decision is not final and will now be served on the publisher.<\/p>\n<p>Lawyer Dr Marcel Leeser: \u2018If I put myself in the head of a paparazzo who secretly ambushes prominent people at a great distance, shoots them like a wild animal in situations where they feel completely unobserved and relaxed, and then sells these photos as prey for a lot of money, then I want to get out of that head quickly. Newspapers and online news portals must know that the distribution of such photos is illegal and can be very expensive. BILD doesn&#8217;t seem to be impressed by this. They deliberately take legal violations into account because they are still economically worthwhile despite the consequences. We therefore argue in favour of noticeably high monetary compensation in such cases.\u2019<\/p>\n<p>Lawyer No\u00ebl L\u00fccker, LL.M.: \u2018Even world-famous celebrities have a protected private sphere. They therefore do not have to accept secret shots by paparazzi in protected, private places. If the media disregard these few places of retreat for those affected, they should defend themselves against this.\u2019<\/p>\n","protected":false},"excerpt":{"rendered":"<p>English version below BILD berichtete ohne Einwilligung der H\u00d6CKER-Mandantin \u00fcber ihren privaten Sommerurlaub, bebilderte dies mit heimlich aufgenommenen Paparazzi-Fotos von ihr an einem privaten Strandabschnitt und garnierte das Ganze mit zwei Falschdarstellungen. Auf die Abmahnung von H\u00d6CKER gab die Axel Springer Deutschland GmbH keine Unterlassungserkl\u00e4rung ab, so dass ein Verf\u00fcgungsantrag notwendig wurde. Das angerufene Landgericht [&hellip;]<\/p>\n","protected":false},"author":1,"featured_media":0,"comment_status":"closed","ping_status":"closed","sticky":false,"template":"","format":"standard","meta":{"_has_post_settings":[],"footnotes":""},"categories":[15],"tags":[],"hashtags":[],"ppma_author":[84],"class_list":["post-8125","post","type-post","status-publish","format-standard","hentry","category-news","author-hoecker_adm"],"yoast_head":"<!-- This site is optimized with the Yoast SEO Premium plugin v25.9 (Yoast SEO v27.0) - https:\/\/yoast.com\/product\/yoast-seo-premium-wordpress\/ -->\n<title>Naomi Campbell mit H\u00d6CKER erfolgreich gegen Paparazzi-Fotos, Verletzungen ihrer Privatsph\u00e4re und Falschdarstellungen durch BILD - H\u00d6CKER - der Blog<\/title>\n<meta name=\"robots\" content=\"index, follow, max-snippet:-1, max-image-preview:large, max-video-preview:-1\" \/>\n<link rel=\"canonical\" href=\"https:\/\/www.hoecker.eu\/blog\/naomi-campbell-mit-hoecker-erfolgreich-gegen-paparazzi-fotos-verletzungen-ihrer-privatsphaere-und-falschdarstellungen-durch-bild\/\" \/>\n<meta property=\"og:locale\" content=\"de_DE\" \/>\n<meta property=\"og:type\" content=\"article\" \/>\n<meta property=\"og:title\" content=\"Naomi Campbell mit H\u00d6CKER erfolgreich gegen Paparazzi-Fotos, Verletzungen ihrer Privatsph\u00e4re und Falschdarstellungen durch BILD\" \/>\n<meta property=\"og:description\" content=\"English version below BILD berichtete ohne Einwilligung der H\u00d6CKER-Mandantin \u00fcber ihren privaten Sommerurlaub, bebilderte dies mit heimlich aufgenommenen Paparazzi-Fotos von ihr an einem privaten Strandabschnitt und garnierte das Ganze mit zwei Falschdarstellungen. Auf die Abmahnung von H\u00d6CKER gab die Axel Springer Deutschland GmbH keine Unterlassungserkl\u00e4rung ab, so dass ein Verf\u00fcgungsantrag notwendig wurde. Das angerufene Landgericht [&hellip;]\" \/>\n<meta property=\"og:url\" content=\"https:\/\/www.hoecker.eu\/blog\/naomi-campbell-mit-hoecker-erfolgreich-gegen-paparazzi-fotos-verletzungen-ihrer-privatsphaere-und-falschdarstellungen-durch-bild\/\" \/>\n<meta property=\"og:site_name\" content=\"H\u00d6CKER - der Blog\" \/>\n<meta property=\"article:publisher\" content=\"https:\/\/www.facebook.com\/HoeckerRAe\/\" \/>\n<meta property=\"article:author\" content=\"https:\/\/www.facebook.com\/ralf.hoecker\" \/>\n<meta property=\"article:published_time\" content=\"2024-09-11T08:47:00+00:00\" \/>\n<meta property=\"article:modified_time\" content=\"2025-02-17T13:53:17+00:00\" \/>\n<meta name=\"author\" content=\"Prof. Dr. Ralf H\u00f6cker\" \/>\n<meta name=\"twitter:card\" content=\"summary_large_image\" \/>\n<meta name=\"twitter:creator\" content=\"@Ralf_Hoecker\" \/>\n<meta name=\"twitter:site\" content=\"@hoecker_rae\" \/>\n<meta name=\"twitter:label1\" content=\"Verfasst von\" \/>\n\t<meta name=\"twitter:data1\" content=\"Prof. Dr. Ralf H\u00f6cker\" \/>\n\t<meta name=\"twitter:label2\" content=\"Gesch\u00e4tzte Lesezeit\" \/>\n\t<meta name=\"twitter:data2\" content=\"3\u00a0Minuten\" \/>\n<script type=\"application\/ld+json\" class=\"yoast-schema-graph\">{\"@context\":\"https:\/\/schema.org\",\"@graph\":[{\"@type\":\"Article\",\"@id\":\"https:\/\/www.hoecker.eu\/blog\/naomi-campbell-mit-hoecker-erfolgreich-gegen-paparazzi-fotos-verletzungen-ihrer-privatsphaere-und-falschdarstellungen-durch-bild\/#article\",\"isPartOf\":{\"@id\":\"https:\/\/www.hoecker.eu\/blog\/naomi-campbell-mit-hoecker-erfolgreich-gegen-paparazzi-fotos-verletzungen-ihrer-privatsphaere-und-falschdarstellungen-durch-bild\/\"},\"author\":{\"name\":\"Prof. Dr. Ralf H\u00f6cker\",\"@id\":\"https:\/\/www.hoecker.eu\/blog\/#\/schema\/person\/08f95581eed0534eccd0b2438f7a1cab\"},\"headline\":\"Naomi Campbell mit H\u00d6CKER erfolgreich gegen Paparazzi-Fotos, Verletzungen ihrer Privatsph\u00e4re und Falschdarstellungen durch BILD\",\"datePublished\":\"2024-09-11T08:47:00+00:00\",\"dateModified\":\"2025-02-17T13:53:17+00:00\",\"mainEntityOfPage\":{\"@id\":\"https:\/\/www.hoecker.eu\/blog\/naomi-campbell-mit-hoecker-erfolgreich-gegen-paparazzi-fotos-verletzungen-ihrer-privatsphaere-und-falschdarstellungen-durch-bild\/\"},\"wordCount\":658,\"publisher\":{\"@id\":\"https:\/\/www.hoecker.eu\/blog\/#organization\"},\"articleSection\":[\"News\"],\"inLanguage\":\"de\"},{\"@type\":\"WebPage\",\"@id\":\"https:\/\/www.hoecker.eu\/blog\/naomi-campbell-mit-hoecker-erfolgreich-gegen-paparazzi-fotos-verletzungen-ihrer-privatsphaere-und-falschdarstellungen-durch-bild\/\",\"url\":\"https:\/\/www.hoecker.eu\/blog\/naomi-campbell-mit-hoecker-erfolgreich-gegen-paparazzi-fotos-verletzungen-ihrer-privatsphaere-und-falschdarstellungen-durch-bild\/\",\"name\":\"Naomi Campbell mit H\u00d6CKER erfolgreich gegen Paparazzi-Fotos, Verletzungen ihrer Privatsph\u00e4re und Falschdarstellungen durch BILD - H\u00d6CKER - der Blog\",\"isPartOf\":{\"@id\":\"https:\/\/www.hoecker.eu\/blog\/#website\"},\"datePublished\":\"2024-09-11T08:47:00+00:00\",\"dateModified\":\"2025-02-17T13:53:17+00:00\",\"breadcrumb\":{\"@id\":\"https:\/\/www.hoecker.eu\/blog\/naomi-campbell-mit-hoecker-erfolgreich-gegen-paparazzi-fotos-verletzungen-ihrer-privatsphaere-und-falschdarstellungen-durch-bild\/#breadcrumb\"},\"inLanguage\":\"de\",\"potentialAction\":[{\"@type\":\"ReadAction\",\"target\":[\"https:\/\/www.hoecker.eu\/blog\/naomi-campbell-mit-hoecker-erfolgreich-gegen-paparazzi-fotos-verletzungen-ihrer-privatsphaere-und-falschdarstellungen-durch-bild\/\"]}]},{\"@type\":\"BreadcrumbList\",\"@id\":\"https:\/\/www.hoecker.eu\/blog\/naomi-campbell-mit-hoecker-erfolgreich-gegen-paparazzi-fotos-verletzungen-ihrer-privatsphaere-und-falschdarstellungen-durch-bild\/#breadcrumb\",\"itemListElement\":[{\"@type\":\"ListItem\",\"position\":1,\"name\":\"Startseite\",\"item\":\"https:\/\/dev.hoecker.eu\/blog\/\"},{\"@type\":\"ListItem\",\"position\":2,\"name\":\"Naomi Campbell mit H\u00d6CKER erfolgreich gegen Paparazzi-Fotos, Verletzungen ihrer Privatsph\u00e4re und Falschdarstellungen durch BILD\"}]},{\"@type\":\"WebSite\",\"@id\":\"https:\/\/www.hoecker.eu\/blog\/#website\",\"url\":\"https:\/\/www.hoecker.eu\/blog\/\",\"name\":\"H\u00d6CKER - der Blog\",\"description\":\"Expertenblog f\u00fcr \u00c4u\u00dferungs-, Medien-, Marken-, Urheber- und Wettbewerbsrecht.\",\"publisher\":{\"@id\":\"https:\/\/www.hoecker.eu\/blog\/#organization\"},\"potentialAction\":[{\"@type\":\"SearchAction\",\"target\":{\"@type\":\"EntryPoint\",\"urlTemplate\":\"https:\/\/www.hoecker.eu\/blog\/?s={search_term_string}\"},\"query-input\":{\"@type\":\"PropertyValueSpecification\",\"valueRequired\":true,\"valueName\":\"search_term_string\"}}],\"inLanguage\":\"de\"},{\"@type\":\"Organization\",\"@id\":\"https:\/\/www.hoecker.eu\/blog\/#organization\",\"name\":\"H\u00d6CKER Rechtsanw\u00e4lte PartGmbB\",\"alternateName\":\"H\u00d6CKER\",\"url\":\"https:\/\/www.hoecker.eu\/blog\/\",\"logo\":{\"@type\":\"ImageObject\",\"inLanguage\":\"de\",\"@id\":\"https:\/\/www.hoecker.eu\/blog\/#\/schema\/logo\/image\/\",\"url\":\"https:\/\/www.hoecker.eu\/blog\/wp-content\/uploads\/2025\/03\/Blog-Logo.webp\",\"contentUrl\":\"https:\/\/www.hoecker.eu\/blog\/wp-content\/uploads\/2025\/03\/Blog-Logo.webp\",\"width\":500,\"height\":500,\"caption\":\"H\u00d6CKER Rechtsanw\u00e4lte PartGmbB\"},\"image\":{\"@id\":\"https:\/\/www.hoecker.eu\/blog\/#\/schema\/logo\/image\/\"},\"sameAs\":[\"https:\/\/www.facebook.com\/HoeckerRAe\/\",\"https:\/\/x.com\/hoecker_rae\",\"https:\/\/www.linkedin.com\/company\/hcker-rechtsanwlte\/\",\"https:\/\/www.instagram.com\/hoecker_rae\/\"],\"email\":\"contact@hoecker.eu\",\"telephone\":\"+ 49 (0)221-933 19-10\",\"legalName\":\"H\u00d6CKER Rechtsanw\u00e4lte PartGmbB\",\"numberOfEmployees\":{\"@type\":\"QuantitativeValue\",\"minValue\":\"11\",\"maxValue\":\"50\"}},{\"@type\":\"Person\",\"@id\":\"https:\/\/www.hoecker.eu\/blog\/#\/schema\/person\/08f95581eed0534eccd0b2438f7a1cab\",\"name\":\"Prof. Dr. Ralf H\u00f6cker\",\"description\":\"Medienanwalt. Besch\u00fctzer vor mieser Presse\",\"sameAs\":[\"https:\/\/www.hoecker.eu\/wer\/prof-dr-ralf-hoecker\",\"https:\/\/www.facebook.com\/ralf.hoecker\",\"https:\/\/www.linkedin.com\/in\/prof-dr-ralf-hcker-ll-m-london-17987826\/\",\"https:\/\/x.com\/Ralf_Hoecker\"],\"url\":\"https:\/\/www.hoecker.eu\/blog\/author\/hoecker_adm\/\"}]}<\/script>\n<!-- \/ Yoast SEO Premium plugin. -->","yoast_head_json":{"title":"Naomi Campbell mit H\u00d6CKER erfolgreich gegen Paparazzi-Fotos, Verletzungen ihrer Privatsph\u00e4re und Falschdarstellungen durch BILD - H\u00d6CKER - der Blog","robots":{"index":"index","follow":"follow","max-snippet":"max-snippet:-1","max-image-preview":"max-image-preview:large","max-video-preview":"max-video-preview:-1"},"canonical":"https:\/\/www.hoecker.eu\/blog\/naomi-campbell-mit-hoecker-erfolgreich-gegen-paparazzi-fotos-verletzungen-ihrer-privatsphaere-und-falschdarstellungen-durch-bild\/","og_locale":"de_DE","og_type":"article","og_title":"Naomi Campbell mit H\u00d6CKER erfolgreich gegen Paparazzi-Fotos, Verletzungen ihrer Privatsph\u00e4re und Falschdarstellungen durch BILD","og_description":"English version below BILD berichtete ohne Einwilligung der H\u00d6CKER-Mandantin \u00fcber ihren privaten Sommerurlaub, bebilderte dies mit heimlich aufgenommenen Paparazzi-Fotos von ihr an einem privaten Strandabschnitt und garnierte das Ganze mit zwei Falschdarstellungen. Auf die Abmahnung von H\u00d6CKER gab die Axel Springer Deutschland GmbH keine Unterlassungserkl\u00e4rung ab, so dass ein Verf\u00fcgungsantrag notwendig wurde. Das angerufene Landgericht [&hellip;]","og_url":"https:\/\/www.hoecker.eu\/blog\/naomi-campbell-mit-hoecker-erfolgreich-gegen-paparazzi-fotos-verletzungen-ihrer-privatsphaere-und-falschdarstellungen-durch-bild\/","og_site_name":"H\u00d6CKER - der Blog","article_publisher":"https:\/\/www.facebook.com\/HoeckerRAe\/","article_author":"https:\/\/www.facebook.com\/ralf.hoecker","article_published_time":"2024-09-11T08:47:00+00:00","article_modified_time":"2025-02-17T13:53:17+00:00","author":"Prof. Dr. Ralf H\u00f6cker","twitter_card":"summary_large_image","twitter_creator":"@Ralf_Hoecker","twitter_site":"@hoecker_rae","twitter_misc":{"Verfasst von":"Prof. Dr. Ralf H\u00f6cker","Gesch\u00e4tzte Lesezeit":"3\u00a0Minuten"},"schema":{"@context":"https:\/\/schema.org","@graph":[{"@type":"Article","@id":"https:\/\/www.hoecker.eu\/blog\/naomi-campbell-mit-hoecker-erfolgreich-gegen-paparazzi-fotos-verletzungen-ihrer-privatsphaere-und-falschdarstellungen-durch-bild\/#article","isPartOf":{"@id":"https:\/\/www.hoecker.eu\/blog\/naomi-campbell-mit-hoecker-erfolgreich-gegen-paparazzi-fotos-verletzungen-ihrer-privatsphaere-und-falschdarstellungen-durch-bild\/"},"author":{"name":"Prof. Dr. Ralf H\u00f6cker","@id":"https:\/\/www.hoecker.eu\/blog\/#\/schema\/person\/08f95581eed0534eccd0b2438f7a1cab"},"headline":"Naomi Campbell mit H\u00d6CKER erfolgreich gegen Paparazzi-Fotos, Verletzungen ihrer Privatsph\u00e4re und Falschdarstellungen durch BILD","datePublished":"2024-09-11T08:47:00+00:00","dateModified":"2025-02-17T13:53:17+00:00","mainEntityOfPage":{"@id":"https:\/\/www.hoecker.eu\/blog\/naomi-campbell-mit-hoecker-erfolgreich-gegen-paparazzi-fotos-verletzungen-ihrer-privatsphaere-und-falschdarstellungen-durch-bild\/"},"wordCount":658,"publisher":{"@id":"https:\/\/www.hoecker.eu\/blog\/#organization"},"articleSection":["News"],"inLanguage":"de"},{"@type":"WebPage","@id":"https:\/\/www.hoecker.eu\/blog\/naomi-campbell-mit-hoecker-erfolgreich-gegen-paparazzi-fotos-verletzungen-ihrer-privatsphaere-und-falschdarstellungen-durch-bild\/","url":"https:\/\/www.hoecker.eu\/blog\/naomi-campbell-mit-hoecker-erfolgreich-gegen-paparazzi-fotos-verletzungen-ihrer-privatsphaere-und-falschdarstellungen-durch-bild\/","name":"Naomi Campbell mit H\u00d6CKER erfolgreich gegen Paparazzi-Fotos, Verletzungen ihrer Privatsph\u00e4re und Falschdarstellungen durch BILD - H\u00d6CKER - der Blog","isPartOf":{"@id":"https:\/\/www.hoecker.eu\/blog\/#website"},"datePublished":"2024-09-11T08:47:00+00:00","dateModified":"2025-02-17T13:53:17+00:00","breadcrumb":{"@id":"https:\/\/www.hoecker.eu\/blog\/naomi-campbell-mit-hoecker-erfolgreich-gegen-paparazzi-fotos-verletzungen-ihrer-privatsphaere-und-falschdarstellungen-durch-bild\/#breadcrumb"},"inLanguage":"de","potentialAction":[{"@type":"ReadAction","target":["https:\/\/www.hoecker.eu\/blog\/naomi-campbell-mit-hoecker-erfolgreich-gegen-paparazzi-fotos-verletzungen-ihrer-privatsphaere-und-falschdarstellungen-durch-bild\/"]}]},{"@type":"BreadcrumbList","@id":"https:\/\/www.hoecker.eu\/blog\/naomi-campbell-mit-hoecker-erfolgreich-gegen-paparazzi-fotos-verletzungen-ihrer-privatsphaere-und-falschdarstellungen-durch-bild\/#breadcrumb","itemListElement":[{"@type":"ListItem","position":1,"name":"Startseite","item":"https:\/\/dev.hoecker.eu\/blog\/"},{"@type":"ListItem","position":2,"name":"Naomi Campbell mit H\u00d6CKER erfolgreich gegen Paparazzi-Fotos, Verletzungen ihrer Privatsph\u00e4re und Falschdarstellungen durch BILD"}]},{"@type":"WebSite","@id":"https:\/\/www.hoecker.eu\/blog\/#website","url":"https:\/\/www.hoecker.eu\/blog\/","name":"H\u00d6CKER - der Blog","description":"Expertenblog f\u00fcr \u00c4u\u00dferungs-, Medien-, Marken-, Urheber- und Wettbewerbsrecht.","publisher":{"@id":"https:\/\/www.hoecker.eu\/blog\/#organization"},"potentialAction":[{"@type":"SearchAction","target":{"@type":"EntryPoint","urlTemplate":"https:\/\/www.hoecker.eu\/blog\/?s={search_term_string}"},"query-input":{"@type":"PropertyValueSpecification","valueRequired":true,"valueName":"search_term_string"}}],"inLanguage":"de"},{"@type":"Organization","@id":"https:\/\/www.hoecker.eu\/blog\/#organization","name":"H\u00d6CKER Rechtsanw\u00e4lte PartGmbB","alternateName":"H\u00d6CKER","url":"https:\/\/www.hoecker.eu\/blog\/","logo":{"@type":"ImageObject","inLanguage":"de","@id":"https:\/\/www.hoecker.eu\/blog\/#\/schema\/logo\/image\/","url":"https:\/\/www.hoecker.eu\/blog\/wp-content\/uploads\/2025\/03\/Blog-Logo.webp","contentUrl":"https:\/\/www.hoecker.eu\/blog\/wp-content\/uploads\/2025\/03\/Blog-Logo.webp","width":500,"height":500,"caption":"H\u00d6CKER Rechtsanw\u00e4lte PartGmbB"},"image":{"@id":"https:\/\/www.hoecker.eu\/blog\/#\/schema\/logo\/image\/"},"sameAs":["https:\/\/www.facebook.com\/HoeckerRAe\/","https:\/\/x.com\/hoecker_rae","https:\/\/www.linkedin.com\/company\/hcker-rechtsanwlte\/","https:\/\/www.instagram.com\/hoecker_rae\/"],"email":"contact@hoecker.eu","telephone":"+ 49 (0)221-933 19-10","legalName":"H\u00d6CKER Rechtsanw\u00e4lte PartGmbB","numberOfEmployees":{"@type":"QuantitativeValue","minValue":"11","maxValue":"50"}},{"@type":"Person","@id":"https:\/\/www.hoecker.eu\/blog\/#\/schema\/person\/08f95581eed0534eccd0b2438f7a1cab","name":"Prof. Dr. Ralf H\u00f6cker","description":"Medienanwalt. Besch\u00fctzer vor mieser Presse","sameAs":["https:\/\/www.hoecker.eu\/wer\/prof-dr-ralf-hoecker","https:\/\/www.facebook.com\/ralf.hoecker","https:\/\/www.linkedin.com\/in\/prof-dr-ralf-hcker-ll-m-london-17987826\/","https:\/\/x.com\/Ralf_Hoecker"],"url":"https:\/\/www.hoecker.eu\/blog\/author\/hoecker_adm\/"}]}},"authors":[{"term_id":84,"user_id":1,"is_guest":0,"slug":"hoecker_adm","display_name":"Prof. Dr. Ralf H\u00f6cker","avatar_url":{"url":"https:\/\/www.hoecker.eu\/blog\/wp-content\/uploads\/2023\/12\/ProfDrRalfHoecker.jpg","url2x":"https:\/\/www.hoecker.eu\/blog\/wp-content\/uploads\/2023\/12\/ProfDrRalfHoecker.jpg"},"0":null,"1":"","2":"","3":"","4":"","5":"","6":"","7":"","8":"","9":"","10":"","11":""}],"_links":{"self":[{"href":"https:\/\/www.hoecker.eu\/blog\/wp-json\/wp\/v2\/posts\/8125","targetHints":{"allow":["GET"]}}],"collection":[{"href":"https:\/\/www.hoecker.eu\/blog\/wp-json\/wp\/v2\/posts"}],"about":[{"href":"https:\/\/www.hoecker.eu\/blog\/wp-json\/wp\/v2\/types\/post"}],"author":[{"embeddable":true,"href":"https:\/\/www.hoecker.eu\/blog\/wp-json\/wp\/v2\/users\/1"}],"replies":[{"embeddable":true,"href":"https:\/\/www.hoecker.eu\/blog\/wp-json\/wp\/v2\/comments?post=8125"}],"version-history":[{"count":1,"href":"https:\/\/www.hoecker.eu\/blog\/wp-json\/wp\/v2\/posts\/8125\/revisions"}],"predecessor-version":[{"id":9247,"href":"https:\/\/www.hoecker.eu\/blog\/wp-json\/wp\/v2\/posts\/8125\/revisions\/9247"}],"wp:attachment":[{"href":"https:\/\/www.hoecker.eu\/blog\/wp-json\/wp\/v2\/media?parent=8125"}],"wp:term":[{"taxonomy":"category","embeddable":true,"href":"https:\/\/www.hoecker.eu\/blog\/wp-json\/wp\/v2\/categories?post=8125"},{"taxonomy":"post_tag","embeddable":true,"href":"https:\/\/www.hoecker.eu\/blog\/wp-json\/wp\/v2\/tags?post=8125"},{"taxonomy":"hashtags","embeddable":true,"href":"https:\/\/www.hoecker.eu\/blog\/wp-json\/wp\/v2\/hashtags?post=8125"},{"taxonomy":"author","embeddable":true,"href":"https:\/\/www.hoecker.eu\/blog\/wp-json\/wp\/v2\/ppma_author?post=8125"}],"curies":[{"name":"wp","href":"https:\/\/api.w.org\/{rel}","templated":true}]}}